{"id":55861,"date":"2023-01-26T08:27:00","date_gmt":"2023-01-26T07:27:00","guid":{"rendered":"https:\/\/swissbaker.ch\/?p=55861"},"modified":"2023-01-26T08:30:31","modified_gmt":"2023-01-26T07:30:31","slug":"des-defis-a-tous-les-niveaux","status":"publish","type":"post","link":"https:\/\/swissbaker.ch\/fr\/panissimo-news\/des-defis-a-tous-les-niveaux\/","title":{"rendered":"Des d\u00e9fis \u00e0 tous les niveaux"},"content":{"rendered":"\n<p><strong>Chaque ann\u00e9e, SBC Fiduciaire SA \u00e9value les comptes annuels de quelques centaines de clients du secteur de la boulangerie-confiserie. Cette comparaison sectorielle permet de comparer les entreprises avec les valeurs moyennes d\u2019entreprises similaires. Voici un r\u00e9sum\u00e9 et une analyse du directeur Markus K\u00fcnzli.<\/strong><\/p>\n\n\n\n<p>Depuis fin f\u00e9vrier\u202f2022, la Russie m\u00e8ne une guerre offensive contre l\u2019Ukraine. Le monde retient son souffle. Apr\u00e8s la pand\u00e9mie de Covid-19, une autre crise majeure se profile \u00e0 l\u2019horizon, et ce en plein c\u0153ur de l\u2019Europe. Les march\u00e9s mondiaux s\u2019affolent, les prix des mati\u00e8res premi\u00e8res augmentent et la p\u00e9nurie g\u00e9n\u00e9rale d\u2019approvisionnement s\u2019est encore aggrav\u00e9e, ce qui fait tourner la spirale de l\u2019inflation. Les banques centrales sont contraintes de r\u00e9duire leur masse mon\u00e9taire et rel\u00e8vent parfois consid\u00e9rablement le niveau des taux d\u2019int\u00e9r\u00eat. L\u2019\u00e9poque des taux d\u2019int\u00e9r\u00eat n\u00e9gatifs est r\u00e9volue. De plus, la crise ukrainienne aggrave la situation autour des livraisons de p\u00e9trole brut et de gaz en provenance de Russie, ce qui entra\u00eene une hausse massive des prix de l\u2019\u00e9nergie.<\/p>\n\n\n\n<p>Les r\u00e9percussions se font sentir dans de nombreuses entreprises et les d\u00e9fis sont multiples pour les boulangeries. Le personnel qualifi\u00e9 fait d\u00e9faut, les prix d\u2019achat augmentent et la crise \u00e9nerg\u00e9tique fait parfois litt\u00e9ralement exploser les futurs prix de l\u2019\u00e9lectricit\u00e9.<\/p>\n\n\n\n<p>Pour la grande majorit\u00e9 d\u2019entre elles, la situation se pr\u00e9sentait comme suit \u00e0 la fin de l\u2019ann\u00e9e 2021\u2009: Le b\u00e9n\u00e9fice brut 1 (chiffre d\u2019affaires moins le co\u00fbt des marchandises) a clairement diminu\u00e9 pour tous les types d\u2018entreprises. Les prix d\u2019achat ont augment\u00e9 d\u00e8s la fin de l\u2019ann\u00e9e 2021 et cette tendance s\u2019est poursuivie, voire accentu\u00e9e, en 2022. L\u2019Europe enregistre actuellement des taux d\u2019inflation records. En raison de la p\u00e9nurie de main-d\u2019\u0153uvre qualifi\u00e9e et des nombreuses fluctuations dues \u00e0 la pand\u00e9mie de Covid-19, les frais de personnel ont \u00e9galement augment\u00e9 dans pratiquement toutes les entreprises, ce qui a encore fait baisser les marges.<\/p>\n\n\n\n<blockquote class=\"wp-block-quote\"><p><strong>Le personnel qualifi\u00e9 fait d\u00e9faut, les prix d\u2019achat augmentent et la crise \u00e9nerg\u00e9tique fait parfois litt\u00e9ralement exploser les futurs prix de l\u2019\u00e9lectricit\u00e9.<\/strong><\/p><cite>Markus K\u00fcnzli<\/cite><\/blockquote>\n\n\n\n<p>Alors que les entreprises rurales ont en g\u00e9n\u00e9ral pu profiter de la pand\u00e9mie Covid-19, la nouvelle situation touche toutes les entreprises \u00e0 peu pr\u00e8s de la m\u00eame mani\u00e8re. Des adaptations de prix sont in\u00e9vitables, et pour certaines exploitations, les nouveaux prix de l\u2019\u00e9nergie pourraient les mettre \u00e0 l\u2019\u00e9troit au cours de l\u2019hiver 2022\/23. Les d\u00e9fis sont nombreux. Au final, c\u2019est le consommateur qui d\u00e9cide combien il est pr\u00eat \u00e0 payer pour consommer les produits des boulangeries locales.<\/p>\n\n\n\n<p>Tous les chiffres suivants de notre comparaison sectorielle sont indiqu\u00e9s avec le salaire calcul\u00e9 de l\u2019entrepreneur, ce qui permet de mieux comparer les entreprises individuelles et les personnes morales.<\/p>\n\n\n\n<h2 class=\"wp-block-heading\" id=\"h-ca-moyen-par-etablissement-en-kchf\">CA moyen par \u00e9tablissement en kCHF<\/h2>\n\n\n\n<figure class=\"wp-block-image size-large\"><img decoding=\"async\" width=\"1024\" height=\"398\" src=\"https:\/\/swissbaker.ch\/wp-content\/uploads\/2023\/01\/sbc_treuhand_grafik_f_umsatz-1024x398.jpg\" alt=\"\" class=\"wp-image-55870\" srcset=\"https:\/\/swissbaker.ch\/wp-content\/uploads\/2023\/01\/sbc_treuhand_grafik_f_umsatz-1024x398.jpg 1024w, https:\/\/swissbaker.ch\/wp-content\/uploads\/2023\/01\/sbc_treuhand_grafik_f_umsatz-768x299.jpg 768w, https:\/\/swissbaker.ch\/wp-content\/uploads\/2023\/01\/sbc_treuhand_grafik_f_umsatz.jpg 1064w\" sizes=\"(max-width: 1024px) 100vw, 1024px\" \/><\/figure>\n\n\n\n<p>Le chiffre d\u2019affaires moyen par \u00e9tablissement a pu \u00eatre maintenu ou am\u00e9lior\u00e9 au cours des derni\u00e8res ann\u00e9es. D\u2018une part, les chiffres d\u2018affaires des boulangeries avec caf\u00e9 sont en baisse, ce qui est clairement d\u00fb aux fermetures li\u00e9es \u00e0 la pand\u00e9mie d\u00e9but 2021. D\u2018autre part, les entreprises sans caf\u00e9 ont profit\u00e9 des nombreuses fermetures autour de la pand\u00e9mie Covid-19.<\/p>\n\n\n\n<h2 class=\"wp-block-heading\">Taille de l\u2019\u00e9tablissement selon le ca en\u202f%<\/h2>\n\n\n\n<figure class=\"wp-block-image size-large\"><img decoding=\"async\" width=\"1024\" height=\"398\" src=\"https:\/\/swissbaker.ch\/wp-content\/uploads\/2023\/01\/sbc_treuhand_grafik_f_tailles-1024x398.jpg\" alt=\"\" class=\"wp-image-55872\" srcset=\"https:\/\/swissbaker.ch\/wp-content\/uploads\/2023\/01\/sbc_treuhand_grafik_f_tailles-1024x398.jpg 1024w, https:\/\/swissbaker.ch\/wp-content\/uploads\/2023\/01\/sbc_treuhand_grafik_f_tailles-768x299.jpg 768w, https:\/\/swissbaker.ch\/wp-content\/uploads\/2023\/01\/sbc_treuhand_grafik_f_tailles.jpg 1064w\" sizes=\"(max-width: 1024px) 100vw, 1024px\" \/><\/figure>\n\n\n\n<p>Les \u00e9tablissements ont tendance \u00e0 devenir plus grands. De nombreux petits et tr\u00e8s petits \u00e9tablissements disparaissent, car ils ne permettent plus de couvrir les besoins. La transformation vers des \u00e9tablissements plus grands se poursuivra probablement ces prochaines ann\u00e9es.<\/p>\n\n\n\n<h2 class=\"wp-block-heading\">B\u00e9n\u00e9fice brut moyen 1 en\u202f% du ca<\/h2>\n\n\n\n<figure class=\"wp-block-image size-large\"><img decoding=\"async\" width=\"1024\" height=\"398\" src=\"https:\/\/swissbaker.ch\/wp-content\/uploads\/2023\/01\/sbc_treuhand_grafik_f_bruttomarge_1-1024x398.jpg\" alt=\"\" class=\"wp-image-55874\" srcset=\"https:\/\/swissbaker.ch\/wp-content\/uploads\/2023\/01\/sbc_treuhand_grafik_f_bruttomarge_1-1024x398.jpg 1024w, https:\/\/swissbaker.ch\/wp-content\/uploads\/2023\/01\/sbc_treuhand_grafik_f_bruttomarge_1-768x299.jpg 768w, https:\/\/swissbaker.ch\/wp-content\/uploads\/2023\/01\/sbc_treuhand_grafik_f_bruttomarge_1.jpg 1064w\" sizes=\"(max-width: 1024px) 100vw, 1024px\" \/><\/figure>\n\n\n\n<p>Le r\u00e9sultat brut 1 (chiffre d\u2018affaires moins les achats de marchandises resp. la marge) est en baisse pour tous les types d\u2018exploitation. D\u00e8s la fin 2021, l\u2019inflation autour des tensions du conflit ukrainien a commenc\u00e9 \u00e0 pousser les prix d\u2018achat vers le haut. Cette tendance se poursuit en 2022, le r\u00e9sultat brut 1 est mis sous forte pression, les prix doivent \u00eatre augment\u00e9s pour ne pas perdre encore plus de marge.<\/p>\n\n\n\n<h2 class=\"wp-block-heading\">B\u00e9n\u00e9fice brut moyen 2 en\u202f% du cA<\/h2>\n\n\n\n<figure class=\"wp-block-image size-large\"><img decoding=\"async\" width=\"1024\" height=\"398\" src=\"https:\/\/swissbaker.ch\/wp-content\/uploads\/2023\/01\/sbc_treuhand_grafik_f_bruttomarge_2-1024x398.jpg\" alt=\"\" class=\"wp-image-55876\" srcset=\"https:\/\/swissbaker.ch\/wp-content\/uploads\/2023\/01\/sbc_treuhand_grafik_f_bruttomarge_2-1024x398.jpg 1024w, https:\/\/swissbaker.ch\/wp-content\/uploads\/2023\/01\/sbc_treuhand_grafik_f_bruttomarge_2-768x299.jpg 768w, https:\/\/swissbaker.ch\/wp-content\/uploads\/2023\/01\/sbc_treuhand_grafik_f_bruttomarge_2.jpg 1064w\" sizes=\"(max-width: 1024px) 100vw, 1024px\" \/><\/figure>\n\n\n\n<p>Le b\u00e9n\u00e9fice brut 2 (chiffre d\u2019affaires moins co\u00fbts de la marchandise et du personnel) est la donn\u00e9e d\u00e9cisive pour un \u00e9tablissement de production. On constate ici que les \u00e9tablissements avec filiales sont nettement plus faibles que les autres types d\u2019\u00e9tablissements, car elles engagent plus de personnel. Toutefois le recul est moins marqu\u00e9 pour le b\u00e9n\u00e9fice brut 1. Les indemnit\u00e9s en cas de r\u00e9duction de l\u2019horaire de travail ont permis de couvrir une partie des co\u00fbts du personnel. De m\u00eame, beaucoup de propri\u00e9taires ont effectu\u00e9 eux-m\u00eames beaucoup de travaux en ces temps incertains et ont renonc\u00e9 \u00e0 du personnel, ce qui renforce l\u2019effet de ma\u00eetrise des co\u00fbts. Les frais de personnel continueront \u00e9galement \u00e0 augmenter en 2022 en raison du contexte inflationniste, ce qui augmentera la pression sur le r\u00e9sultat brut 2.<\/p>\n\n\n\n<h2 class=\"wp-block-heading\">Forme juridique en\u202f%<\/h2>\n\n\n\n<figure class=\"wp-block-image size-large\"><img decoding=\"async\" width=\"1024\" height=\"398\" src=\"https:\/\/swissbaker.ch\/wp-content\/uploads\/2023\/01\/sbc_treuhand_grafik_f_forme_juridique-1024x398.jpg\" alt=\"\" class=\"wp-image-55878\" srcset=\"https:\/\/swissbaker.ch\/wp-content\/uploads\/2023\/01\/sbc_treuhand_grafik_f_forme_juridique-1024x398.jpg 1024w, https:\/\/swissbaker.ch\/wp-content\/uploads\/2023\/01\/sbc_treuhand_grafik_f_forme_juridique-768x299.jpg 768w, https:\/\/swissbaker.ch\/wp-content\/uploads\/2023\/01\/sbc_treuhand_grafik_f_forme_juridique.jpg 1064w\" sizes=\"(max-width: 1024px) 100vw, 1024px\" \/><\/figure>\n\n\n\n<p>Le passage de l\u2019entreprise individuelle \u00e0 la S\u00e0rl\/SA persiste, les personnes morales repr\u00e9sentant d\u00e9j\u00e0 plus de la moiti\u00e9 de tous les \u00e9tablissements. La tendance \u00e0 des \u00e9tablissements plus grands se refl\u00e8te ici aussi. Les S\u00e0rl ont connu la plus grande croissance en comparaison avec l\u2018ann\u00e9e pr\u00e9c\u00e9dente.<\/p>\n\n\n\n<p class=\"has-text-align-right\"><em>Markus K\u00fcnzli, directeurs de SBC Fiduciaire SA<\/em><\/p>\n","protected":false},"excerpt":{"rendered":"<p>Chaque ann\u00e9e, SBC Fiduciaire SA \u00e9value les comptes annuels de quelques centaines de clients du secteur de la boulangerie-confiserie. Cette comparaison sectorielle permet de comparer les entreprises avec les valeurs moyennes d\u2019entreprises similaires. Voici un r\u00e9sum\u00e9 et une analyse du directeur Markus K\u00fcnzli.<\/p>\n","protected":false},"author":5,"featured_media":43786,"comment_status":"closed","ping_status":"closed","sticky":true,"template":"","format":"standard","meta":{"_acf_changed":false,"footnotes":""},"categories":[39],"tags":[],"class_list":["post-55861","post","type-post","status-publish","format-standard","has-post-thumbnail","hentry","category-de-la-branche"],"acf":[],"yoast_head":"<!-- This site is optimized with the Yoast SEO Premium plugin v26.8 (Yoast SEO v26.8) - https:\/\/yoast.com\/product\/yoast-seo-premium-wordpress\/ -->\n<title>Des d\u00e9fis \u00e0 tous les niveaux | SBC<\/title>\n<meta name=\"description\" content=\"Chaque ann\u00e9e, SBC Fiduciaire SA \u00e9value les comptes annuels de quelques centaines de clientsdu secteur de la boulangerie-confiserie.\" \/>\n<meta name=\"robots\" content=\"index, follow, max-snippet:-1, max-image-preview:large, max-video-preview:-1\" \/>\n<link rel=\"canonical\" href=\"https:\/\/swissbaker.ch\/fr\/panissimo-news\/des-defis-a-tous-les-niveaux\/\" \/>\n<meta property=\"og:locale\" content=\"fr_FR\" \/>\n<meta property=\"og:type\" content=\"article\" \/>\n<meta property=\"og:title\" content=\"Des d\u00e9fis \u00e0 tous les niveaux\" \/>\n<meta property=\"og:description\" content=\"Chaque ann\u00e9e, SBC Fiduciaire SA \u00e9value les comptes annuels de quelques centaines de clientsdu secteur de la boulangerie-confiserie.\" \/>\n<meta property=\"og:url\" content=\"https:\/\/swissbaker.ch\/fr\/panissimo-news\/des-defis-a-tous-les-niveaux\/\" \/>\n<meta property=\"og:site_name\" content=\"SBC\" \/>\n<meta property=\"article:publisher\" content=\"https:\/\/www.facebook.com\/swissbaker.ch\" \/>\n<meta property=\"article:published_time\" content=\"2023-01-26T07:27:00+00:00\" \/>\n<meta property=\"article:modified_time\" content=\"2023-01-26T07:30:31+00:00\" \/>\n<meta property=\"og:image\" content=\"https:\/\/swissbaker.ch\/wp-content\/uploads\/2022\/07\/markus_kuenzli_sbc-treuhand.jpg\" \/>\n\t<meta property=\"og:image:width\" content=\"1200\" \/>\n\t<meta property=\"og:image:height\" content=\"712\" \/>\n\t<meta property=\"og:image:type\" content=\"image\/jpeg\" \/>\n<meta name=\"author\" content=\"Simon Nussbaum\" \/>\n<meta name=\"twitter:card\" content=\"summary_large_image\" \/>\n<meta name=\"twitter:creator\" content=\"@ch_swissbaker\" \/>\n<meta name=\"twitter:site\" content=\"@ch_swissbaker\" \/>\n<meta name=\"twitter:label1\" content=\"Written by\" \/>\n\t<meta name=\"twitter:data1\" content=\"Simon Nussbaum\" \/>\n\t<meta name=\"twitter:label2\" content=\"Est. reading time\" \/>\n\t<meta name=\"twitter:data2\" content=\"6 minutes\" \/>\n<script type=\"application\/ld+json\" class=\"yoast-schema-graph\">{\"@context\":\"https:\/\/schema.org\",\"@graph\":[{\"@type\":\"Article\",\"@id\":\"https:\/\/swissbaker.ch\/fr\/panissimo-news\/des-defis-a-tous-les-niveaux\/#article\",\"isPartOf\":{\"@id\":\"https:\/\/swissbaker.ch\/fr\/panissimo-news\/des-defis-a-tous-les-niveaux\/\"},\"author\":{\"name\":\"Simon Nussbaum\",\"@id\":\"https:\/\/swissbaker.ch\/fr\/#\/schema\/person\/74bd327b08c18ca6042c02ff6f0ed5e2\"},\"headline\":\"Des d\u00e9fis \u00e0 tous les niveaux\",\"datePublished\":\"2023-01-26T07:27:00+00:00\",\"dateModified\":\"2023-01-26T07:30:31+00:00\",\"mainEntityOfPage\":{\"@id\":\"https:\/\/swissbaker.ch\/fr\/panissimo-news\/des-defis-a-tous-les-niveaux\/\"},\"wordCount\":938,\"publisher\":{\"@id\":\"https:\/\/swissbaker.ch\/fr\/#organization\"},\"image\":{\"@id\":\"https:\/\/swissbaker.ch\/fr\/panissimo-news\/des-defis-a-tous-les-niveaux\/#primaryimage\"},\"thumbnailUrl\":\"https:\/\/swissbaker.ch\/wp-content\/uploads\/2022\/07\/markus_kuenzli_sbc-treuhand.jpg\",\"articleSection\":[\"De la branche\"],\"inLanguage\":\"fr-FR\"},{\"@type\":\"WebPage\",\"@id\":\"https:\/\/swissbaker.ch\/fr\/panissimo-news\/des-defis-a-tous-les-niveaux\/\",\"url\":\"https:\/\/swissbaker.ch\/fr\/panissimo-news\/des-defis-a-tous-les-niveaux\/\",\"name\":\"Des d\u00e9fis \u00e0 tous les niveaux | SBC\",\"isPartOf\":{\"@id\":\"https:\/\/swissbaker.ch\/fr\/#website\"},\"primaryImageOfPage\":{\"@id\":\"https:\/\/swissbaker.ch\/fr\/panissimo-news\/des-defis-a-tous-les-niveaux\/#primaryimage\"},\"image\":{\"@id\":\"https:\/\/swissbaker.ch\/fr\/panissimo-news\/des-defis-a-tous-les-niveaux\/#primaryimage\"},\"thumbnailUrl\":\"https:\/\/swissbaker.ch\/wp-content\/uploads\/2022\/07\/markus_kuenzli_sbc-treuhand.jpg\",\"datePublished\":\"2023-01-26T07:27:00+00:00\",\"dateModified\":\"2023-01-26T07:30:31+00:00\",\"description\":\"Chaque ann\u00e9e, SBC Fiduciaire SA \u00e9value les comptes annuels de quelques centaines de clientsdu secteur de la boulangerie-confiserie.\",\"breadcrumb\":{\"@id\":\"https:\/\/swissbaker.ch\/fr\/panissimo-news\/des-defis-a-tous-les-niveaux\/#breadcrumb\"},\"inLanguage\":\"fr-FR\",\"potentialAction\":[{\"@type\":\"ReadAction\",\"target\":[\"https:\/\/swissbaker.ch\/fr\/panissimo-news\/des-defis-a-tous-les-niveaux\/\"]}]},{\"@type\":\"ImageObject\",\"inLanguage\":\"fr-FR\",\"@id\":\"https:\/\/swissbaker.ch\/fr\/panissimo-news\/des-defis-a-tous-les-niveaux\/#primaryimage\",\"url\":\"https:\/\/swissbaker.ch\/wp-content\/uploads\/2022\/07\/markus_kuenzli_sbc-treuhand.jpg\",\"contentUrl\":\"https:\/\/swissbaker.ch\/wp-content\/uploads\/2022\/07\/markus_kuenzli_sbc-treuhand.jpg\",\"width\":1200,\"height\":712},{\"@type\":\"BreadcrumbList\",\"@id\":\"https:\/\/swissbaker.ch\/fr\/panissimo-news\/des-defis-a-tous-les-niveaux\/#breadcrumb\",\"itemListElement\":[{\"@type\":\"ListItem\",\"position\":1,\"name\":\"\",\"item\":\"https:\/\/swissbaker.ch\/fr\/\"},{\"@type\":\"ListItem\",\"position\":2,\"name\":\"De la branche\",\"item\":\"https:\/\/swissbaker.ch\/fr\/panissimo-news\/category\/de-la-branche\/\"},{\"@type\":\"ListItem\",\"position\":3,\"name\":\"Des d\u00e9fis \u00e0 tous les niveaux\"}]},{\"@type\":\"WebSite\",\"@id\":\"https:\/\/swissbaker.ch\/fr\/#website\",\"url\":\"https:\/\/swissbaker.ch\/fr\/\",\"name\":\"SBC\",\"description\":\"\",\"publisher\":{\"@id\":\"https:\/\/swissbaker.ch\/fr\/#organization\"},\"potentialAction\":[{\"@type\":\"SearchAction\",\"target\":{\"@type\":\"EntryPoint\",\"urlTemplate\":\"https:\/\/swissbaker.ch\/fr\/?s={search_term_string}\"},\"query-input\":{\"@type\":\"PropertyValueSpecification\",\"valueRequired\":true,\"valueName\":\"search_term_string\"}}],\"inLanguage\":\"fr-FR\"},{\"@type\":\"Organization\",\"@id\":\"https:\/\/swissbaker.ch\/fr\/#organization\",\"name\":\"Schweizerischer B\u00e4cker-Confiseurmeister-Verband\",\"url\":\"https:\/\/swissbaker.ch\/fr\/\",\"logo\":{\"@type\":\"ImageObject\",\"inLanguage\":\"fr-FR\",\"@id\":\"https:\/\/swissbaker.ch\/fr\/#\/schema\/logo\/image\/\",\"url\":\"https:\/\/swissbaker.ch\/wp-content\/uploads\/2022\/04\/sbc-logo-yoast.jpg\",\"contentUrl\":\"https:\/\/swissbaker.ch\/wp-content\/uploads\/2022\/04\/sbc-logo-yoast.jpg\",\"width\":512,\"height\":512,\"caption\":\"Schweizerischer B\u00e4cker-Confiseurmeister-Verband\"},\"image\":{\"@id\":\"https:\/\/swissbaker.ch\/fr\/#\/schema\/logo\/image\/\"},\"sameAs\":[\"https:\/\/www.facebook.com\/swissbaker.ch\",\"https:\/\/x.com\/ch_swissbaker\"]},{\"@type\":\"Person\",\"@id\":\"https:\/\/swissbaker.ch\/fr\/#\/schema\/person\/74bd327b08c18ca6042c02ff6f0ed5e2\",\"name\":\"Simon Nussbaum\",\"image\":{\"@type\":\"ImageObject\",\"inLanguage\":\"fr-FR\",\"@id\":\"https:\/\/swissbaker.ch\/fr\/#\/schema\/person\/image\/\",\"url\":\"https:\/\/secure.gravatar.com\/avatar\/df0eced3bb556c806cb760cf503ade1ed1df25b4104d80d6fd28d93a9509aa12?s=96&d=mm&r=g\",\"contentUrl\":\"https:\/\/secure.gravatar.com\/avatar\/df0eced3bb556c806cb760cf503ade1ed1df25b4104d80d6fd28d93a9509aa12?s=96&d=mm&r=g\",\"caption\":\"Simon Nussbaum\"},\"url\":\"https:\/\/swissbaker.ch\/fr\/panissimo-news\/author\/simon-nussbaum\/\"}]}<\/script>\n<!-- \/ Yoast SEO Premium plugin. -->","yoast_head_json":{"title":"Des d\u00e9fis \u00e0 tous les niveaux | SBC","description":"Chaque ann\u00e9e, SBC Fiduciaire SA \u00e9value les comptes annuels de quelques centaines de clientsdu secteur de la boulangerie-confiserie.","robots":{"index":"index","follow":"follow","max-snippet":"max-snippet:-1","max-image-preview":"max-image-preview:large","max-video-preview":"max-video-preview:-1"},"canonical":"https:\/\/swissbaker.ch\/fr\/panissimo-news\/des-defis-a-tous-les-niveaux\/","og_locale":"fr_FR","og_type":"article","og_title":"Des d\u00e9fis \u00e0 tous les niveaux","og_description":"Chaque ann\u00e9e, SBC Fiduciaire SA \u00e9value les comptes annuels de quelques centaines de clientsdu secteur de la boulangerie-confiserie.","og_url":"https:\/\/swissbaker.ch\/fr\/panissimo-news\/des-defis-a-tous-les-niveaux\/","og_site_name":"SBC","article_publisher":"https:\/\/www.facebook.com\/swissbaker.ch","article_published_time":"2023-01-26T07:27:00+00:00","article_modified_time":"2023-01-26T07:30:31+00:00","og_image":[{"width":1200,"height":712,"url":"https:\/\/swissbaker.ch\/wp-content\/uploads\/2022\/07\/markus_kuenzli_sbc-treuhand.jpg","type":"image\/jpeg"}],"author":"Simon Nussbaum","twitter_card":"summary_large_image","twitter_creator":"@ch_swissbaker","twitter_site":"@ch_swissbaker","twitter_misc":{"Written by":"Simon Nussbaum","Est. reading time":"6 minutes"},"schema":{"@context":"https:\/\/schema.org","@graph":[{"@type":"Article","@id":"https:\/\/swissbaker.ch\/fr\/panissimo-news\/des-defis-a-tous-les-niveaux\/#article","isPartOf":{"@id":"https:\/\/swissbaker.ch\/fr\/panissimo-news\/des-defis-a-tous-les-niveaux\/"},"author":{"name":"Simon Nussbaum","@id":"https:\/\/swissbaker.ch\/fr\/#\/schema\/person\/74bd327b08c18ca6042c02ff6f0ed5e2"},"headline":"Des d\u00e9fis \u00e0 tous les niveaux","datePublished":"2023-01-26T07:27:00+00:00","dateModified":"2023-01-26T07:30:31+00:00","mainEntityOfPage":{"@id":"https:\/\/swissbaker.ch\/fr\/panissimo-news\/des-defis-a-tous-les-niveaux\/"},"wordCount":938,"publisher":{"@id":"https:\/\/swissbaker.ch\/fr\/#organization"},"image":{"@id":"https:\/\/swissbaker.ch\/fr\/panissimo-news\/des-defis-a-tous-les-niveaux\/#primaryimage"},"thumbnailUrl":"https:\/\/swissbaker.ch\/wp-content\/uploads\/2022\/07\/markus_kuenzli_sbc-treuhand.jpg","articleSection":["De la branche"],"inLanguage":"fr-FR"},{"@type":"WebPage","@id":"https:\/\/swissbaker.ch\/fr\/panissimo-news\/des-defis-a-tous-les-niveaux\/","url":"https:\/\/swissbaker.ch\/fr\/panissimo-news\/des-defis-a-tous-les-niveaux\/","name":"Des d\u00e9fis \u00e0 tous les niveaux | SBC","isPartOf":{"@id":"https:\/\/swissbaker.ch\/fr\/#website"},"primaryImageOfPage":{"@id":"https:\/\/swissbaker.ch\/fr\/panissimo-news\/des-defis-a-tous-les-niveaux\/#primaryimage"},"image":{"@id":"https:\/\/swissbaker.ch\/fr\/panissimo-news\/des-defis-a-tous-les-niveaux\/#primaryimage"},"thumbnailUrl":"https:\/\/swissbaker.ch\/wp-content\/uploads\/2022\/07\/markus_kuenzli_sbc-treuhand.jpg","datePublished":"2023-01-26T07:27:00+00:00","dateModified":"2023-01-26T07:30:31+00:00","description":"Chaque ann\u00e9e, SBC Fiduciaire SA \u00e9value les comptes annuels de quelques centaines de clientsdu secteur de la boulangerie-confiserie.","breadcrumb":{"@id":"https:\/\/swissbaker.ch\/fr\/panissimo-news\/des-defis-a-tous-les-niveaux\/#breadcrumb"},"inLanguage":"fr-FR","potentialAction":[{"@type":"ReadAction","target":["https:\/\/swissbaker.ch\/fr\/panissimo-news\/des-defis-a-tous-les-niveaux\/"]}]},{"@type":"ImageObject","inLanguage":"fr-FR","@id":"https:\/\/swissbaker.ch\/fr\/panissimo-news\/des-defis-a-tous-les-niveaux\/#primaryimage","url":"https:\/\/swissbaker.ch\/wp-content\/uploads\/2022\/07\/markus_kuenzli_sbc-treuhand.jpg","contentUrl":"https:\/\/swissbaker.ch\/wp-content\/uploads\/2022\/07\/markus_kuenzli_sbc-treuhand.jpg","width":1200,"height":712},{"@type":"BreadcrumbList","@id":"https:\/\/swissbaker.ch\/fr\/panissimo-news\/des-defis-a-tous-les-niveaux\/#breadcrumb","itemListElement":[{"@type":"ListItem","position":1,"name":"","item":"https:\/\/swissbaker.ch\/fr\/"},{"@type":"ListItem","position":2,"name":"De la branche","item":"https:\/\/swissbaker.ch\/fr\/panissimo-news\/category\/de-la-branche\/"},{"@type":"ListItem","position":3,"name":"Des d\u00e9fis \u00e0 tous les niveaux"}]},{"@type":"WebSite","@id":"https:\/\/swissbaker.ch\/fr\/#website","url":"https:\/\/swissbaker.ch\/fr\/","name":"SBC","description":"","publisher":{"@id":"https:\/\/swissbaker.ch\/fr\/#organization"},"potentialAction":[{"@type":"SearchAction","target":{"@type":"EntryPoint","urlTemplate":"https:\/\/swissbaker.ch\/fr\/?s={search_term_string}"},"query-input":{"@type":"PropertyValueSpecification","valueRequired":true,"valueName":"search_term_string"}}],"inLanguage":"fr-FR"},{"@type":"Organization","@id":"https:\/\/swissbaker.ch\/fr\/#organization","name":"Schweizerischer B\u00e4cker-Confiseurmeister-Verband","url":"https:\/\/swissbaker.ch\/fr\/","logo":{"@type":"ImageObject","inLanguage":"fr-FR","@id":"https:\/\/swissbaker.ch\/fr\/#\/schema\/logo\/image\/","url":"https:\/\/swissbaker.ch\/wp-content\/uploads\/2022\/04\/sbc-logo-yoast.jpg","contentUrl":"https:\/\/swissbaker.ch\/wp-content\/uploads\/2022\/04\/sbc-logo-yoast.jpg","width":512,"height":512,"caption":"Schweizerischer B\u00e4cker-Confiseurmeister-Verband"},"image":{"@id":"https:\/\/swissbaker.ch\/fr\/#\/schema\/logo\/image\/"},"sameAs":["https:\/\/www.facebook.com\/swissbaker.ch","https:\/\/x.com\/ch_swissbaker"]},{"@type":"Person","@id":"https:\/\/swissbaker.ch\/fr\/#\/schema\/person\/74bd327b08c18ca6042c02ff6f0ed5e2","name":"Simon Nussbaum","image":{"@type":"ImageObject","inLanguage":"fr-FR","@id":"https:\/\/swissbaker.ch\/fr\/#\/schema\/person\/image\/","url":"https:\/\/secure.gravatar.com\/avatar\/df0eced3bb556c806cb760cf503ade1ed1df25b4104d80d6fd28d93a9509aa12?s=96&d=mm&r=g","contentUrl":"https:\/\/secure.gravatar.com\/avatar\/df0eced3bb556c806cb760cf503ade1ed1df25b4104d80d6fd28d93a9509aa12?s=96&d=mm&r=g","caption":"Simon Nussbaum"},"url":"https:\/\/swissbaker.ch\/fr\/panissimo-news\/author\/simon-nussbaum\/"}]}},"_links":{"self":[{"href":"https:\/\/swissbaker.ch\/fr\/wp-json\/wp\/v2\/posts\/55861","targetHints":{"allow":["GET"]}}],"collection":[{"href":"https:\/\/swissbaker.ch\/fr\/wp-json\/wp\/v2\/posts"}],"about":[{"href":"https:\/\/swissbaker.ch\/fr\/wp-json\/wp\/v2\/types\/post"}],"author":[{"embeddable":true,"href":"https:\/\/swissbaker.ch\/fr\/wp-json\/wp\/v2\/users\/5"}],"replies":[{"embeddable":true,"href":"https:\/\/swissbaker.ch\/fr\/wp-json\/wp\/v2\/comments?post=55861"}],"version-history":[{"count":0,"href":"https:\/\/swissbaker.ch\/fr\/wp-json\/wp\/v2\/posts\/55861\/revisions"}],"wp:featuredmedia":[{"embeddable":true,"href":"https:\/\/swissbaker.ch\/fr\/wp-json\/wp\/v2\/media\/43786"}],"wp:attachment":[{"href":"https:\/\/swissbaker.ch\/fr\/wp-json\/wp\/v2\/media?parent=55861"}],"wp:term":[{"taxonomy":"category","embeddable":true,"href":"https:\/\/swissbaker.ch\/fr\/wp-json\/wp\/v2\/categories?post=55861"},{"taxonomy":"post_tag","embeddable":true,"href":"https:\/\/swissbaker.ch\/fr\/wp-json\/wp\/v2\/tags?post=55861"}],"curies":[{"name":"wp","href":"https:\/\/api.w.org\/{rel}","templated":true}]}}