{"id":55832,"date":"2023-01-25T13:02:02","date_gmt":"2023-01-25T12:02:02","guid":{"rendered":"https:\/\/swissbaker.ch\/?p=55832"},"modified":"2023-01-26T15:01:44","modified_gmt":"2023-01-26T14:01:44","slug":"faire-de-la-publicite-avec-les-affiches-pain-suisse","status":"publish","type":"post","link":"https:\/\/swissbaker.ch\/fr\/panissimo-news\/faire-de-la-publicite-avec-les-affiches-pain-suisse\/","title":{"rendered":"Faire de la publicit\u00e9 avec les affiches Pain suisse"},"content":{"rendered":"\n<p><strong>A la demande g\u00e9n\u00e9rale, les membres de la BCS disposent des derni\u00e8res affiches Pain suisse. Gr\u00e2ce \u00e0 ce moyen de communication attrayant, aux app\u00e9tissantes photos, ils peuvent promouvoir efficacement leurs produits artisanaux \u00e0 base de mati\u00e8res premi\u00e8res suisses.<\/strong><\/p>\n\n\n\n<p>Au d\u00e9but de l\u2019ann\u00e9e, l\u2019Association Pain suisse (APS) a lanc\u00e9 une nouvelle offensive de communication pour la marque Pain suisse. La campagne d\u2019affichage et num\u00e9rique sera visible dans tout le pays jusqu\u2019en juin. L\u2019APS poursuit ainsi de mani\u00e8re cons\u00e9quente son engagement en faveur de la cr\u00e9ation de valeur locale et durable.<\/p>\n\n\n\n<p>Les sujets de la campagne sont disponibles d\u00e8s \u00e0 pr\u00e9sent sur<a href=\"https:\/\/painsuisse.ch\/logodelamarque\" target=\"_blank\" rel=\"noreferrer noopener\"> la plateforme de la marque<\/a> pour les membres de la BCS inscrits. Ils peuvent les t\u00e9l\u00e9charger pour les imprimer ou les int\u00e9grer dans leur communication.<\/p>\n\n\n\n<figure class=\"wp-block-image size-large\"><img decoding=\"async\" width=\"1024\" height=\"489\" src=\"https:\/\/swissbaker.ch\/wp-content\/uploads\/2023\/01\/plakat_schweizerbrot_quer_f-1024x489.jpg\" alt=\"\" class=\"wp-image-55835\" srcset=\"https:\/\/swissbaker.ch\/wp-content\/uploads\/2023\/01\/plakat_schweizerbrot_quer_f-1024x489.jpg 1024w, https:\/\/swissbaker.ch\/wp-content\/uploads\/2023\/01\/plakat_schweizerbrot_quer_f-768x366.jpg 768w, https:\/\/swissbaker.ch\/wp-content\/uploads\/2023\/01\/plakat_schweizerbrot_quer_f.jpg 1050w\" sizes=\"(max-width: 1024px) 100vw, 1024px\" \/><figcaption><em>Les membres de la BCS peuvent d\u00e9sormais faire de la publicit\u00e9 avec des affiches Pain suisse et promouvoir ainsi efficacement l&#8217;artisanat suisse.<\/em><\/figcaption><\/figure>\n\n\n\n<h2 class=\"wp-block-heading\" id=\"h-pas-encore-enregistre\">Pas encore enregistr\u00e9\u2009?<\/h2>\n\n\n\n<p>Si ce n\u2019est pas encore le cas, les membres de la BCS peuvent s\u2019inscrire gratuitement et facilement sur <a href=\"https:\/\/painsuisse.ch\/logodelamarque\" target=\"_blank\" rel=\"noreferrer noopener\">painsuisse.ch\/logodelamarque<\/a>. La v\u00e9rification dure entre deux et cinq jours ouvrables. La marque Pain suisse, les sujets de la campagne ainsi que de nombreux autres mod\u00e8les pourront ensuite \u00eatre librement t\u00e9l\u00e9charg\u00e9s.<\/p>\n\n\n\n<p class=\"has-text-align-right\"><em>BCS<\/em><\/p>\n","protected":false},"excerpt":{"rendered":"<p>A la demande g\u00e9n\u00e9rale, les membres de la BCS disposent des derni\u00e8res affiches Pain suisse. Gr\u00e2ce \u00e0 ce moyen de communication attrayant, aux app\u00e9tissantes photos, ils peuvent promouvoir efficacement leurs produits artisanaux \u00e0 base de mati\u00e8res premi\u00e8res suisses.<\/p>\n","protected":false},"author":5,"featured_media":55188,"comment_status":"closed","ping_status":"closed","sticky":true,"template":"","format":"standard","meta":{"_acf_changed":false,"footnotes":""},"categories":[50],"tags":[],"class_list":["post-55832","post","type-post","status-publish","format-standard","has-post-thumbnail","hentry","category-vente-marketing"],"acf":[],"yoast_head":"<!-- This site is optimized with the Yoast SEO Premium plugin v26.8 (Yoast SEO v26.8) - https:\/\/yoast.com\/product\/yoast-seo-premium-wordpress\/ -->\n<title>Faire de la publicit\u00e9 avec les affiches Pain suisse | SBC<\/title>\n<meta name=\"description\" content=\"A la demande g\u00e9n\u00e9rale, les membres de la BCS disposent des derni\u00e8res affiches Pain suisse.\" \/>\n<meta name=\"robots\" content=\"index, follow, max-snippet:-1, max-image-preview:large, max-video-preview:-1\" \/>\n<link rel=\"canonical\" href=\"https:\/\/swissbaker.ch\/fr\/panissimo-news\/faire-de-la-publicite-avec-les-affiches-pain-suisse\/\" \/>\n<meta property=\"og:locale\" content=\"fr_FR\" \/>\n<meta property=\"og:type\" content=\"article\" \/>\n<meta property=\"og:title\" content=\"Faire de la publicit\u00e9 avec les affiches Pain suisse\" \/>\n<meta property=\"og:description\" content=\"A la demande g\u00e9n\u00e9rale, les membres de la BCS disposent des derni\u00e8res affiches Pain suisse.\" \/>\n<meta property=\"og:url\" content=\"https:\/\/swissbaker.ch\/fr\/panissimo-news\/faire-de-la-publicite-avec-les-affiches-pain-suisse\/\" \/>\n<meta property=\"og:site_name\" content=\"SBC\" \/>\n<meta property=\"article:publisher\" content=\"https:\/\/www.facebook.com\/swissbaker.ch\" \/>\n<meta property=\"article:published_time\" content=\"2023-01-25T12:02:02+00:00\" \/>\n<meta property=\"article:modified_time\" content=\"2023-01-26T14:01:44+00:00\" \/>\n<meta property=\"og:image\" content=\"https:\/\/swissbaker.ch\/wp-content\/uploads\/2023\/01\/1_1_schweizerbrot_f.jpg\" \/>\n\t<meta property=\"og:image:width\" content=\"1200\" \/>\n\t<meta property=\"og:image:height\" content=\"712\" \/>\n\t<meta property=\"og:image:type\" content=\"image\/jpeg\" \/>\n<meta name=\"author\" content=\"Simon Nussbaum\" \/>\n<meta name=\"twitter:card\" content=\"summary_large_image\" \/>\n<meta name=\"twitter:creator\" content=\"@ch_swissbaker\" \/>\n<meta name=\"twitter:site\" content=\"@ch_swissbaker\" \/>\n<meta name=\"twitter:label1\" content=\"Written by\" \/>\n\t<meta name=\"twitter:data1\" content=\"Simon Nussbaum\" \/>\n\t<meta name=\"twitter:label2\" content=\"Est. reading time\" \/>\n\t<meta name=\"twitter:data2\" content=\"2 minutes\" \/>\n<script type=\"application\/ld+json\" class=\"yoast-schema-graph\">{\"@context\":\"https:\/\/schema.org\",\"@graph\":[{\"@type\":\"Article\",\"@id\":\"https:\/\/swissbaker.ch\/fr\/panissimo-news\/faire-de-la-publicite-avec-les-affiches-pain-suisse\/#article\",\"isPartOf\":{\"@id\":\"https:\/\/swissbaker.ch\/fr\/panissimo-news\/faire-de-la-publicite-avec-les-affiches-pain-suisse\/\"},\"author\":{\"name\":\"Simon Nussbaum\",\"@id\":\"https:\/\/swissbaker.ch\/fr\/#\/schema\/person\/74bd327b08c18ca6042c02ff6f0ed5e2\"},\"headline\":\"Faire de la publicit\u00e9 avec les affiches Pain suisse\",\"datePublished\":\"2023-01-25T12:02:02+00:00\",\"dateModified\":\"2023-01-26T14:01:44+00:00\",\"mainEntityOfPage\":{\"@id\":\"https:\/\/swissbaker.ch\/fr\/panissimo-news\/faire-de-la-publicite-avec-les-affiches-pain-suisse\/\"},\"wordCount\":239,\"publisher\":{\"@id\":\"https:\/\/swissbaker.ch\/fr\/#organization\"},\"image\":{\"@id\":\"https:\/\/swissbaker.ch\/fr\/panissimo-news\/faire-de-la-publicite-avec-les-affiches-pain-suisse\/#primaryimage\"},\"thumbnailUrl\":\"https:\/\/swissbaker.ch\/wp-content\/uploads\/2023\/01\/1_1_schweizerbrot_f.jpg\",\"articleSection\":[\"Vente\/Marketing\"],\"inLanguage\":\"fr-FR\"},{\"@type\":\"WebPage\",\"@id\":\"https:\/\/swissbaker.ch\/fr\/panissimo-news\/faire-de-la-publicite-avec-les-affiches-pain-suisse\/\",\"url\":\"https:\/\/swissbaker.ch\/fr\/panissimo-news\/faire-de-la-publicite-avec-les-affiches-pain-suisse\/\",\"name\":\"Faire de la publicit\u00e9 avec les affiches Pain suisse | SBC\",\"isPartOf\":{\"@id\":\"https:\/\/swissbaker.ch\/fr\/#website\"},\"primaryImageOfPage\":{\"@id\":\"https:\/\/swissbaker.ch\/fr\/panissimo-news\/faire-de-la-publicite-avec-les-affiches-pain-suisse\/#primaryimage\"},\"image\":{\"@id\":\"https:\/\/swissbaker.ch\/fr\/panissimo-news\/faire-de-la-publicite-avec-les-affiches-pain-suisse\/#primaryimage\"},\"thumbnailUrl\":\"https:\/\/swissbaker.ch\/wp-content\/uploads\/2023\/01\/1_1_schweizerbrot_f.jpg\",\"datePublished\":\"2023-01-25T12:02:02+00:00\",\"dateModified\":\"2023-01-26T14:01:44+00:00\",\"description\":\"A la demande g\u00e9n\u00e9rale, les membres de la BCS disposent des derni\u00e8res affiches Pain suisse.\",\"breadcrumb\":{\"@id\":\"https:\/\/swissbaker.ch\/fr\/panissimo-news\/faire-de-la-publicite-avec-les-affiches-pain-suisse\/#breadcrumb\"},\"inLanguage\":\"fr-FR\",\"potentialAction\":[{\"@type\":\"ReadAction\",\"target\":[\"https:\/\/swissbaker.ch\/fr\/panissimo-news\/faire-de-la-publicite-avec-les-affiches-pain-suisse\/\"]}]},{\"@type\":\"ImageObject\",\"inLanguage\":\"fr-FR\",\"@id\":\"https:\/\/swissbaker.ch\/fr\/panissimo-news\/faire-de-la-publicite-avec-les-affiches-pain-suisse\/#primaryimage\",\"url\":\"https:\/\/swissbaker.ch\/wp-content\/uploads\/2023\/01\/1_1_schweizerbrot_f.jpg\",\"contentUrl\":\"https:\/\/swissbaker.ch\/wp-content\/uploads\/2023\/01\/1_1_schweizerbrot_f.jpg\",\"width\":1200,\"height\":712,\"caption\":\"Pain suisse\"},{\"@type\":\"BreadcrumbList\",\"@id\":\"https:\/\/swissbaker.ch\/fr\/panissimo-news\/faire-de-la-publicite-avec-les-affiches-pain-suisse\/#breadcrumb\",\"itemListElement\":[{\"@type\":\"ListItem\",\"position\":1,\"name\":\"\",\"item\":\"https:\/\/swissbaker.ch\/fr\/\"},{\"@type\":\"ListItem\",\"position\":2,\"name\":\"Vente\/Marketing\",\"item\":\"https:\/\/swissbaker.ch\/fr\/panissimo-news\/category\/vente-marketing\/\"},{\"@type\":\"ListItem\",\"position\":3,\"name\":\"Faire de la publicit\u00e9 avec les affiches Pain suisse\"}]},{\"@type\":\"WebSite\",\"@id\":\"https:\/\/swissbaker.ch\/fr\/#website\",\"url\":\"https:\/\/swissbaker.ch\/fr\/\",\"name\":\"SBC\",\"description\":\"\",\"publisher\":{\"@id\":\"https:\/\/swissbaker.ch\/fr\/#organization\"},\"potentialAction\":[{\"@type\":\"SearchAction\",\"target\":{\"@type\":\"EntryPoint\",\"urlTemplate\":\"https:\/\/swissbaker.ch\/fr\/?s={search_term_string}\"},\"query-input\":{\"@type\":\"PropertyValueSpecification\",\"valueRequired\":true,\"valueName\":\"search_term_string\"}}],\"inLanguage\":\"fr-FR\"},{\"@type\":\"Organization\",\"@id\":\"https:\/\/swissbaker.ch\/fr\/#organization\",\"name\":\"Schweizerischer B\u00e4cker-Confiseurmeister-Verband\",\"url\":\"https:\/\/swissbaker.ch\/fr\/\",\"logo\":{\"@type\":\"ImageObject\",\"inLanguage\":\"fr-FR\",\"@id\":\"https:\/\/swissbaker.ch\/fr\/#\/schema\/logo\/image\/\",\"url\":\"https:\/\/swissbaker.ch\/wp-content\/uploads\/2022\/04\/sbc-logo-yoast.jpg\",\"contentUrl\":\"https:\/\/swissbaker.ch\/wp-content\/uploads\/2022\/04\/sbc-logo-yoast.jpg\",\"width\":512,\"height\":512,\"caption\":\"Schweizerischer B\u00e4cker-Confiseurmeister-Verband\"},\"image\":{\"@id\":\"https:\/\/swissbaker.ch\/fr\/#\/schema\/logo\/image\/\"},\"sameAs\":[\"https:\/\/www.facebook.com\/swissbaker.ch\",\"https:\/\/x.com\/ch_swissbaker\"]},{\"@type\":\"Person\",\"@id\":\"https:\/\/swissbaker.ch\/fr\/#\/schema\/person\/74bd327b08c18ca6042c02ff6f0ed5e2\",\"name\":\"Simon Nussbaum\",\"image\":{\"@type\":\"ImageObject\",\"inLanguage\":\"fr-FR\",\"@id\":\"https:\/\/swissbaker.ch\/fr\/#\/schema\/person\/image\/\",\"url\":\"https:\/\/secure.gravatar.com\/avatar\/df0eced3bb556c806cb760cf503ade1ed1df25b4104d80d6fd28d93a9509aa12?s=96&d=mm&r=g\",\"contentUrl\":\"https:\/\/secure.gravatar.com\/avatar\/df0eced3bb556c806cb760cf503ade1ed1df25b4104d80d6fd28d93a9509aa12?s=96&d=mm&r=g\",\"caption\":\"Simon Nussbaum\"},\"url\":\"https:\/\/swissbaker.ch\/fr\/panissimo-news\/author\/simon-nussbaum\/\"}]}<\/script>\n<!-- \/ Yoast SEO Premium plugin. -->","yoast_head_json":{"title":"Faire de la publicit\u00e9 avec les affiches Pain suisse | SBC","description":"A la demande g\u00e9n\u00e9rale, les membres de la BCS disposent des derni\u00e8res affiches Pain suisse.","robots":{"index":"index","follow":"follow","max-snippet":"max-snippet:-1","max-image-preview":"max-image-preview:large","max-video-preview":"max-video-preview:-1"},"canonical":"https:\/\/swissbaker.ch\/fr\/panissimo-news\/faire-de-la-publicite-avec-les-affiches-pain-suisse\/","og_locale":"fr_FR","og_type":"article","og_title":"Faire de la publicit\u00e9 avec les affiches Pain suisse","og_description":"A la demande g\u00e9n\u00e9rale, les membres de la BCS disposent des derni\u00e8res affiches Pain suisse.","og_url":"https:\/\/swissbaker.ch\/fr\/panissimo-news\/faire-de-la-publicite-avec-les-affiches-pain-suisse\/","og_site_name":"SBC","article_publisher":"https:\/\/www.facebook.com\/swissbaker.ch","article_published_time":"2023-01-25T12:02:02+00:00","article_modified_time":"2023-01-26T14:01:44+00:00","og_image":[{"width":1200,"height":712,"url":"https:\/\/swissbaker.ch\/wp-content\/uploads\/2023\/01\/1_1_schweizerbrot_f.jpg","type":"image\/jpeg"}],"author":"Simon Nussbaum","twitter_card":"summary_large_image","twitter_creator":"@ch_swissbaker","twitter_site":"@ch_swissbaker","twitter_misc":{"Written by":"Simon Nussbaum","Est. reading time":"2 minutes"},"schema":{"@context":"https:\/\/schema.org","@graph":[{"@type":"Article","@id":"https:\/\/swissbaker.ch\/fr\/panissimo-news\/faire-de-la-publicite-avec-les-affiches-pain-suisse\/#article","isPartOf":{"@id":"https:\/\/swissbaker.ch\/fr\/panissimo-news\/faire-de-la-publicite-avec-les-affiches-pain-suisse\/"},"author":{"name":"Simon Nussbaum","@id":"https:\/\/swissbaker.ch\/fr\/#\/schema\/person\/74bd327b08c18ca6042c02ff6f0ed5e2"},"headline":"Faire de la publicit\u00e9 avec les affiches Pain suisse","datePublished":"2023-01-25T12:02:02+00:00","dateModified":"2023-01-26T14:01:44+00:00","mainEntityOfPage":{"@id":"https:\/\/swissbaker.ch\/fr\/panissimo-news\/faire-de-la-publicite-avec-les-affiches-pain-suisse\/"},"wordCount":239,"publisher":{"@id":"https:\/\/swissbaker.ch\/fr\/#organization"},"image":{"@id":"https:\/\/swissbaker.ch\/fr\/panissimo-news\/faire-de-la-publicite-avec-les-affiches-pain-suisse\/#primaryimage"},"thumbnailUrl":"https:\/\/swissbaker.ch\/wp-content\/uploads\/2023\/01\/1_1_schweizerbrot_f.jpg","articleSection":["Vente\/Marketing"],"inLanguage":"fr-FR"},{"@type":"WebPage","@id":"https:\/\/swissbaker.ch\/fr\/panissimo-news\/faire-de-la-publicite-avec-les-affiches-pain-suisse\/","url":"https:\/\/swissbaker.ch\/fr\/panissimo-news\/faire-de-la-publicite-avec-les-affiches-pain-suisse\/","name":"Faire de la publicit\u00e9 avec les affiches Pain suisse | SBC","isPartOf":{"@id":"https:\/\/swissbaker.ch\/fr\/#website"},"primaryImageOfPage":{"@id":"https:\/\/swissbaker.ch\/fr\/panissimo-news\/faire-de-la-publicite-avec-les-affiches-pain-suisse\/#primaryimage"},"image":{"@id":"https:\/\/swissbaker.ch\/fr\/panissimo-news\/faire-de-la-publicite-avec-les-affiches-pain-suisse\/#primaryimage"},"thumbnailUrl":"https:\/\/swissbaker.ch\/wp-content\/uploads\/2023\/01\/1_1_schweizerbrot_f.jpg","datePublished":"2023-01-25T12:02:02+00:00","dateModified":"2023-01-26T14:01:44+00:00","description":"A la demande g\u00e9n\u00e9rale, les membres de la BCS disposent des derni\u00e8res affiches Pain suisse.","breadcrumb":{"@id":"https:\/\/swissbaker.ch\/fr\/panissimo-news\/faire-de-la-publicite-avec-les-affiches-pain-suisse\/#breadcrumb"},"inLanguage":"fr-FR","potentialAction":[{"@type":"ReadAction","target":["https:\/\/swissbaker.ch\/fr\/panissimo-news\/faire-de-la-publicite-avec-les-affiches-pain-suisse\/"]}]},{"@type":"ImageObject","inLanguage":"fr-FR","@id":"https:\/\/swissbaker.ch\/fr\/panissimo-news\/faire-de-la-publicite-avec-les-affiches-pain-suisse\/#primaryimage","url":"https:\/\/swissbaker.ch\/wp-content\/uploads\/2023\/01\/1_1_schweizerbrot_f.jpg","contentUrl":"https:\/\/swissbaker.ch\/wp-content\/uploads\/2023\/01\/1_1_schweizerbrot_f.jpg","width":1200,"height":712,"caption":"Pain suisse"},{"@type":"BreadcrumbList","@id":"https:\/\/swissbaker.ch\/fr\/panissimo-news\/faire-de-la-publicite-avec-les-affiches-pain-suisse\/#breadcrumb","itemListElement":[{"@type":"ListItem","position":1,"name":"","item":"https:\/\/swissbaker.ch\/fr\/"},{"@type":"ListItem","position":2,"name":"Vente\/Marketing","item":"https:\/\/swissbaker.ch\/fr\/panissimo-news\/category\/vente-marketing\/"},{"@type":"ListItem","position":3,"name":"Faire de la publicit\u00e9 avec les affiches Pain suisse"}]},{"@type":"WebSite","@id":"https:\/\/swissbaker.ch\/fr\/#website","url":"https:\/\/swissbaker.ch\/fr\/","name":"SBC","description":"","publisher":{"@id":"https:\/\/swissbaker.ch\/fr\/#organization"},"potentialAction":[{"@type":"SearchAction","target":{"@type":"EntryPoint","urlTemplate":"https:\/\/swissbaker.ch\/fr\/?s={search_term_string}"},"query-input":{"@type":"PropertyValueSpecification","valueRequired":true,"valueName":"search_term_string"}}],"inLanguage":"fr-FR"},{"@type":"Organization","@id":"https:\/\/swissbaker.ch\/fr\/#organization","name":"Schweizerischer B\u00e4cker-Confiseurmeister-Verband","url":"https:\/\/swissbaker.ch\/fr\/","logo":{"@type":"ImageObject","inLanguage":"fr-FR","@id":"https:\/\/swissbaker.ch\/fr\/#\/schema\/logo\/image\/","url":"https:\/\/swissbaker.ch\/wp-content\/uploads\/2022\/04\/sbc-logo-yoast.jpg","contentUrl":"https:\/\/swissbaker.ch\/wp-content\/uploads\/2022\/04\/sbc-logo-yoast.jpg","width":512,"height":512,"caption":"Schweizerischer B\u00e4cker-Confiseurmeister-Verband"},"image":{"@id":"https:\/\/swissbaker.ch\/fr\/#\/schema\/logo\/image\/"},"sameAs":["https:\/\/www.facebook.com\/swissbaker.ch","https:\/\/x.com\/ch_swissbaker"]},{"@type":"Person","@id":"https:\/\/swissbaker.ch\/fr\/#\/schema\/person\/74bd327b08c18ca6042c02ff6f0ed5e2","name":"Simon Nussbaum","image":{"@type":"ImageObject","inLanguage":"fr-FR","@id":"https:\/\/swissbaker.ch\/fr\/#\/schema\/person\/image\/","url":"https:\/\/secure.gravatar.com\/avatar\/df0eced3bb556c806cb760cf503ade1ed1df25b4104d80d6fd28d93a9509aa12?s=96&d=mm&r=g","contentUrl":"https:\/\/secure.gravatar.com\/avatar\/df0eced3bb556c806cb760cf503ade1ed1df25b4104d80d6fd28d93a9509aa12?s=96&d=mm&r=g","caption":"Simon Nussbaum"},"url":"https:\/\/swissbaker.ch\/fr\/panissimo-news\/author\/simon-nussbaum\/"}]}},"_links":{"self":[{"href":"https:\/\/swissbaker.ch\/fr\/wp-json\/wp\/v2\/posts\/55832","targetHints":{"allow":["GET"]}}],"collection":[{"href":"https:\/\/swissbaker.ch\/fr\/wp-json\/wp\/v2\/posts"}],"about":[{"href":"https:\/\/swissbaker.ch\/fr\/wp-json\/wp\/v2\/types\/post"}],"author":[{"embeddable":true,"href":"https:\/\/swissbaker.ch\/fr\/wp-json\/wp\/v2\/users\/5"}],"replies":[{"embeddable":true,"href":"https:\/\/swissbaker.ch\/fr\/wp-json\/wp\/v2\/comments?post=55832"}],"version-history":[{"count":0,"href":"https:\/\/swissbaker.ch\/fr\/wp-json\/wp\/v2\/posts\/55832\/revisions"}],"wp:featuredmedia":[{"embeddable":true,"href":"https:\/\/swissbaker.ch\/fr\/wp-json\/wp\/v2\/media\/55188"}],"wp:attachment":[{"href":"https:\/\/swissbaker.ch\/fr\/wp-json\/wp\/v2\/media?parent=55832"}],"wp:term":[{"taxonomy":"category","embeddable":true,"href":"https:\/\/swissbaker.ch\/fr\/wp-json\/wp\/v2\/categories?post=55832"},{"taxonomy":"post_tag","embeddable":true,"href":"https:\/\/swissbaker.ch\/fr\/wp-json\/wp\/v2\/tags?post=55832"}],"curies":[{"name":"wp","href":"https:\/\/api.w.org\/{rel}","templated":true}]}}