{"id":55487,"date":"2023-01-18T11:37:00","date_gmt":"2023-01-18T10:37:00","guid":{"rendered":"https:\/\/swissbaker.ch\/?p=55487"},"modified":"2023-01-24T10:44:33","modified_gmt":"2023-01-24T09:44:33","slug":"tout-le-monde-a-le-droit-de-se-nourrir","status":"publish","type":"post","link":"https:\/\/swissbaker.ch\/fr\/panissimo-news\/tout-le-monde-a-le-droit-de-se-nourrir\/","title":{"rendered":"\u00ab\u2009Tout le monde a le droit de se nourrir\u2009\u00bb"},"content":{"rendered":"\n<p><strong>Jean-Marc Cl\u00e9ment est un boulanger passionn\u00e9 qui s\u2019engage pour le droit \u00e0 l\u2019alimentation. En plus d\u2019avoir dot\u00e9 le village d\u2019Ependes (FR) d\u2019une boulangerie, il participe \u00e0 l\u2019action Pain du partage des organisations de coop\u00e9ration au d\u00e9veloppement Action de Car\u00eame et EPER. Pour chaque miche de pain vendue, 50 centimes sont donn\u00e9s \u00e0 des projets qui aident des familles paysannes du Sud \u00e0 sortir de la faim et de la pauvret\u00e9.<\/strong><\/p>\n\n\n\n<p>Dans le canton de Fribourg, Jean-Marc Cl\u00e9ment fonde la boulangerie Aux pains d\u2019\u00c9pendes en 2012. Il transforme un vieil entrep\u00f4t et am\u00e9nage un espace d\u00e9di\u00e9 \u00e0 la production et un petit magasin pour la vente. Au b\u00e9n\u00e9fice d\u2019un brevet de boulanger p\u00e2tissier, Jean-Marc a toujours exerc\u00e9 ce m\u00e9tier. Il aime faire plaisir aux gens et les surprendre en innovant et en revisitant des recettes qu\u2019il d\u00e9couvre ici et l\u00e0. La client\u00e8le appr\u00e9cie d\u2019ailleurs le grand choix de pains et de p\u00e2tisseries propos\u00e9. Les parfums qui embaument le magasin donnent envie de jeter un \u0153il \u00e0 travers la vitre qui le s\u00e9pare du local de production. Choix, ar\u00f4mes, qualit\u00e9 et confiance\u2009: tous les ingr\u00e9dients sont l\u00e0\u2009!<\/p>\n\n\n\n<p><\/p>\n\n\n\n<h2 class=\"wp-block-heading\">Une boulangerie au c\u0153ur du village<\/h2>\n\n\n\n<p>Ce nouveau service offert au c\u0153ur du village d\u2019\u00c9pendes rencontre tellement de succ\u00e8s que Jean-Marc doit engager du personnel apr\u00e8s seulement deux mois. Aujourd\u2019hui, la boulangerie emploie un deuxi\u00e8me boulanger ainsi que deux apprenties et une ouvri\u00e8re. Une majorit\u00e9 de femmes mettent donc la main \u00e0 la p\u00e2te dans son entreprise alors que la profession \u00e9tait quasi exclusivement masculine dans le pass\u00e9. Jean-Marc nous en explique les raisons\u2009: \u00ab\u2009Quand j\u2019ai commenc\u00e9 mon apprentissage, les sacs de farine pesaient 50\u202fkg, alors que maintenant ils n\u2019en font plus que 25. De plus, l\u2019utilisation des machines rend le travail plus l\u00e9ger et donc plus accessible \u00e0 la gent f\u00e9minine.\u2009\u00bb<\/p>\n\n\n\n<figure class=\"wp-block-image size-large\"><img decoding=\"async\" width=\"1024\" height=\"683\" src=\"https:\/\/swissbaker.ch\/wp-content\/uploads\/2023\/01\/1_2_jean_marc_clement_baeckerei-1024x683.jpg\" alt=\"\" class=\"wp-image-55485\" srcset=\"https:\/\/swissbaker.ch\/wp-content\/uploads\/2023\/01\/1_2_jean_marc_clement_baeckerei-1024x683.jpg 1024w, https:\/\/swissbaker.ch\/wp-content\/uploads\/2023\/01\/1_2_jean_marc_clement_baeckerei-768x512.jpg 768w, https:\/\/swissbaker.ch\/wp-content\/uploads\/2023\/01\/1_2_jean_marc_clement_baeckerei.jpg 1068w\" sizes=\"(max-width: 1024px) 100vw, 1024px\" \/><figcaption>La boulangerie de Jean-Marc Cl\u00e9ment se trouve au c\u0153ur du village d\u2019Ependes.<\/figcaption><\/figure>\n\n\n\n<blockquote class=\"wp-block-quote\"><p>\u00ab\u2009Mon m\u00e9tier, c\u2019est de faire du pain, et tout le monde a le droit de se nourrir.\u2009\u00bb<\/p><cite>Jean-Marc Cl\u00e9ment<\/cite><\/blockquote>\n\n\n\n<h2 class=\"wp-block-heading\" id=\"h-pain-du-partage\">\u00ab\u2009Pain du partage\u2009\u00bb<\/h2>\n\n\n\n<p>Depuis l\u2019ouverture de sa boulangerie, Jean-Marc Cl\u00e9ment participe \u00e0 l\u2019action \u00ab\u2009Pain du partage\u2009\u00bb d\u2019Action de Car\u00eame et l\u2019EPER. Pendant la Campagne \u0153cum\u00e9nique, chaque boulangerie peut s\u00e9lectionner une vari\u00e9t\u00e9 de pain comme \u00e9tant le \u00ab\u2009pain du partage\u2009\u00bb ou d\u00e9cider elle-m\u00eame de la mani\u00e8re dont elle souhaite r\u00e9aliser l\u2019action. Pour chaque pain vendu, 50 centimes sont vers\u00e9s \u00e0 des projets qui aident des familles paysannes dans plusieurs pays du Sud \u00e0 sortir de la faim et de la pauvret\u00e9. \u00ab\u2009Nous avions re\u00e7u un courrier qui nous invitait \u00e0 participer \u00e0 cette action, et je me suis dit que c\u2019\u00e9tait une bonne id\u00e9e. Mon m\u00e9tier, c\u2019est de faire du pain, et tout le monde a le droit de se nourrir\u2009\u00bb, explique M. Cl\u00e9ment.<\/p>\n\n\n\n<p>D\u2019apr\u00e8s un rapport de l\u2019ONU publi\u00e9 en juillet\u202f2022, la faim dans le monde progresse et aurait touch\u00e9 jusqu\u2019\u00e0 828\u202fmillions de personnes en 2021, soit une hausse d\u2019environ 46\u202fmillions par rapport \u00e0 2020 et de 150\u202fmillions depuis l\u2019apparition de la pand\u00e9mie de Covid-19. L\u2019action Pain du partage propos\u00e9e par la Campagne \u0153cum\u00e9nique a d\u2019autant plus de sens. Dans la boulangerie Aux pains d\u2019\u00c9pendes, la client\u00e8le est libre de participer \u00e0 l\u2019action en achetant n\u2019importe quel type de pain, ce qui augmente le montant r\u00e9colt\u00e9. Jean-Marc Cl\u00e9ment s\u2019engage \u00e9galement au niveau local, en donnant ses invendus aux Cartons du c\u0153ur, une association qui apporte une aide sous forme de nourriture et de produits d\u2019hygi\u00e8ne aux personnes dans le besoin. M\u00eame en Suisse, tout le monde ne mange pas \u00e0 sa faim. <\/p>\n\n\n\n<p><a href=\"http:\/\/www.voir-et-agir.ch\/pain\" target=\"_blank\" rel=\"noreferrer noopener\">Plus d\u2019informations sur l\u2019action \u00ab\u2009Pain du partage\u2009\u00bb\u2009<\/a><\/p>\n\n\n\n<p class=\"has-text-align-right\"><em>Tiziana Conti<\/em><\/p>\n","protected":false},"excerpt":{"rendered":"<p>Jean-Marc Cl\u00e9ment est un boulanger passionn\u00e9 qui s\u2019engage pour le droit \u00e0 l\u2019alimentation. En plus d\u2019avoir dot\u00e9 le village d\u2019Ependes (FR) d\u2019une boulangerie, il participe \u00e0 l\u2019action Pain du partage des organisations de coop\u00e9ration au d\u00e9veloppement Action de Car\u00eame et EPER.<\/p>\n","protected":false},"author":5,"featured_media":55483,"comment_status":"closed","ping_status":"closed","sticky":true,"template":"","format":"standard","meta":{"_acf_changed":false,"footnotes":""},"categories":[42],"tags":[],"class_list":["post-55487","post","type-post","status-publish","format-standard","has-post-thumbnail","hentry","category-boulangeries-confiseries"],"acf":[],"yoast_head":"<!-- This site is optimized with the Yoast SEO Premium plugin v26.8 (Yoast SEO v26.8) - https:\/\/yoast.com\/product\/yoast-seo-premium-wordpress\/ -->\n<title>\u00ab\u2009Tout le monde a le droit de se nourrir\u2009\u00bb | SBC<\/title>\n<meta name=\"description\" content=\"Jean-Marc Cl\u00e9ment est un boulanger passionn\u00e9 qui s\u2019engage pour le droit \u00e0 l\u2019alimentation. En plus d\u2019avoir dot\u00e9 le village d\u2019Ependes (FR) d\u2019une boulangerie, il participe \u00e0 l\u2019action Pain du partage des organisations de coop\u00e9ration au d\u00e9veloppement Action de Car\u00eame et EPER.\" \/>\n<meta name=\"robots\" content=\"index, follow, max-snippet:-1, max-image-preview:large, max-video-preview:-1\" \/>\n<link rel=\"canonical\" href=\"https:\/\/swissbaker.ch\/fr\/panissimo-news\/tout-le-monde-a-le-droit-de-se-nourrir\/\" \/>\n<meta property=\"og:locale\" content=\"fr_FR\" \/>\n<meta property=\"og:type\" content=\"article\" \/>\n<meta property=\"og:title\" content=\"\u00ab\u2009Tout le monde a le droit de se nourrir\u2009\u00bb\" \/>\n<meta property=\"og:description\" content=\"Jean-Marc Cl\u00e9ment est un boulanger passionn\u00e9 qui s\u2019engage pour le droit \u00e0 l\u2019alimentation. En plus d\u2019avoir dot\u00e9 le village d\u2019Ependes (FR) d\u2019une boulangerie, il participe \u00e0 l\u2019action Pain du partage des organisations de coop\u00e9ration au d\u00e9veloppement Action de Car\u00eame et EPER.\" \/>\n<meta property=\"og:url\" content=\"https:\/\/swissbaker.ch\/fr\/panissimo-news\/tout-le-monde-a-le-droit-de-se-nourrir\/\" \/>\n<meta property=\"og:site_name\" content=\"SBC\" \/>\n<meta property=\"article:publisher\" content=\"https:\/\/www.facebook.com\/swissbaker.ch\" \/>\n<meta property=\"article:published_time\" content=\"2023-01-18T10:37:00+00:00\" \/>\n<meta property=\"article:modified_time\" content=\"2023-01-24T09:44:33+00:00\" \/>\n<meta property=\"og:image\" content=\"https:\/\/swissbaker.ch\/wp-content\/uploads\/2023\/01\/1_2_jean_marc_clement.jpg\" \/>\n\t<meta property=\"og:image:width\" content=\"1200\" \/>\n\t<meta property=\"og:image:height\" content=\"712\" \/>\n\t<meta property=\"og:image:type\" content=\"image\/jpeg\" \/>\n<meta name=\"author\" content=\"Simon Nussbaum\" \/>\n<meta name=\"twitter:card\" content=\"summary_large_image\" \/>\n<meta name=\"twitter:creator\" content=\"@ch_swissbaker\" \/>\n<meta name=\"twitter:site\" content=\"@ch_swissbaker\" \/>\n<meta name=\"twitter:label1\" content=\"Written by\" \/>\n\t<meta name=\"twitter:data1\" content=\"Simon Nussbaum\" \/>\n\t<meta name=\"twitter:label2\" content=\"Est. reading time\" \/>\n\t<meta name=\"twitter:data2\" content=\"4 minutes\" \/>\n<script type=\"application\/ld+json\" class=\"yoast-schema-graph\">{\"@context\":\"https:\/\/schema.org\",\"@graph\":[{\"@type\":\"Article\",\"@id\":\"https:\/\/swissbaker.ch\/fr\/panissimo-news\/tout-le-monde-a-le-droit-de-se-nourrir\/#article\",\"isPartOf\":{\"@id\":\"https:\/\/swissbaker.ch\/fr\/panissimo-news\/tout-le-monde-a-le-droit-de-se-nourrir\/\"},\"author\":{\"name\":\"Simon Nussbaum\",\"@id\":\"https:\/\/swissbaker.ch\/fr\/#\/schema\/person\/74bd327b08c18ca6042c02ff6f0ed5e2\"},\"headline\":\"\u00ab\u2009Tout le monde a le droit de se nourrir\u2009\u00bb\",\"datePublished\":\"2023-01-18T10:37:00+00:00\",\"dateModified\":\"2023-01-24T09:44:33+00:00\",\"mainEntityOfPage\":{\"@id\":\"https:\/\/swissbaker.ch\/fr\/panissimo-news\/tout-le-monde-a-le-droit-de-se-nourrir\/\"},\"wordCount\":670,\"publisher\":{\"@id\":\"https:\/\/swissbaker.ch\/fr\/#organization\"},\"image\":{\"@id\":\"https:\/\/swissbaker.ch\/fr\/panissimo-news\/tout-le-monde-a-le-droit-de-se-nourrir\/#primaryimage\"},\"thumbnailUrl\":\"https:\/\/swissbaker.ch\/wp-content\/uploads\/2023\/01\/1_2_jean_marc_clement.jpg\",\"articleSection\":[\"Boulangeries\/Confiseries\"],\"inLanguage\":\"fr-FR\"},{\"@type\":\"WebPage\",\"@id\":\"https:\/\/swissbaker.ch\/fr\/panissimo-news\/tout-le-monde-a-le-droit-de-se-nourrir\/\",\"url\":\"https:\/\/swissbaker.ch\/fr\/panissimo-news\/tout-le-monde-a-le-droit-de-se-nourrir\/\",\"name\":\"\u00ab\u2009Tout le monde a le droit de se nourrir\u2009\u00bb | SBC\",\"isPartOf\":{\"@id\":\"https:\/\/swissbaker.ch\/fr\/#website\"},\"primaryImageOfPage\":{\"@id\":\"https:\/\/swissbaker.ch\/fr\/panissimo-news\/tout-le-monde-a-le-droit-de-se-nourrir\/#primaryimage\"},\"image\":{\"@id\":\"https:\/\/swissbaker.ch\/fr\/panissimo-news\/tout-le-monde-a-le-droit-de-se-nourrir\/#primaryimage\"},\"thumbnailUrl\":\"https:\/\/swissbaker.ch\/wp-content\/uploads\/2023\/01\/1_2_jean_marc_clement.jpg\",\"datePublished\":\"2023-01-18T10:37:00+00:00\",\"dateModified\":\"2023-01-24T09:44:33+00:00\",\"description\":\"Jean-Marc Cl\u00e9ment est un boulanger passionn\u00e9 qui s\u2019engage pour le droit \u00e0 l\u2019alimentation. En plus d\u2019avoir dot\u00e9 le village d\u2019Ependes (FR) d\u2019une boulangerie, il participe \u00e0 l\u2019action Pain du partage des organisations de coop\u00e9ration au d\u00e9veloppement Action de Car\u00eame et EPER.\",\"breadcrumb\":{\"@id\":\"https:\/\/swissbaker.ch\/fr\/panissimo-news\/tout-le-monde-a-le-droit-de-se-nourrir\/#breadcrumb\"},\"inLanguage\":\"fr-FR\",\"potentialAction\":[{\"@type\":\"ReadAction\",\"target\":[\"https:\/\/swissbaker.ch\/fr\/panissimo-news\/tout-le-monde-a-le-droit-de-se-nourrir\/\"]}]},{\"@type\":\"ImageObject\",\"inLanguage\":\"fr-FR\",\"@id\":\"https:\/\/swissbaker.ch\/fr\/panissimo-news\/tout-le-monde-a-le-droit-de-se-nourrir\/#primaryimage\",\"url\":\"https:\/\/swissbaker.ch\/wp-content\/uploads\/2023\/01\/1_2_jean_marc_clement.jpg\",\"contentUrl\":\"https:\/\/swissbaker.ch\/wp-content\/uploads\/2023\/01\/1_2_jean_marc_clement.jpg\",\"width\":1200,\"height\":712},{\"@type\":\"BreadcrumbList\",\"@id\":\"https:\/\/swissbaker.ch\/fr\/panissimo-news\/tout-le-monde-a-le-droit-de-se-nourrir\/#breadcrumb\",\"itemListElement\":[{\"@type\":\"ListItem\",\"position\":1,\"name\":\"\",\"item\":\"https:\/\/swissbaker.ch\/fr\/\"},{\"@type\":\"ListItem\",\"position\":2,\"name\":\"Boulangeries\/Confiseries\",\"item\":\"https:\/\/swissbaker.ch\/fr\/panissimo-news\/category\/boulangeries-confiseries\/\"},{\"@type\":\"ListItem\",\"position\":3,\"name\":\"\u00ab\u2009Tout le monde a le droit de se nourrir\u2009\u00bb\"}]},{\"@type\":\"WebSite\",\"@id\":\"https:\/\/swissbaker.ch\/fr\/#website\",\"url\":\"https:\/\/swissbaker.ch\/fr\/\",\"name\":\"SBC\",\"description\":\"\",\"publisher\":{\"@id\":\"https:\/\/swissbaker.ch\/fr\/#organization\"},\"potentialAction\":[{\"@type\":\"SearchAction\",\"target\":{\"@type\":\"EntryPoint\",\"urlTemplate\":\"https:\/\/swissbaker.ch\/fr\/?s={search_term_string}\"},\"query-input\":{\"@type\":\"PropertyValueSpecification\",\"valueRequired\":true,\"valueName\":\"search_term_string\"}}],\"inLanguage\":\"fr-FR\"},{\"@type\":\"Organization\",\"@id\":\"https:\/\/swissbaker.ch\/fr\/#organization\",\"name\":\"Schweizerischer B\u00e4cker-Confiseurmeister-Verband\",\"url\":\"https:\/\/swissbaker.ch\/fr\/\",\"logo\":{\"@type\":\"ImageObject\",\"inLanguage\":\"fr-FR\",\"@id\":\"https:\/\/swissbaker.ch\/fr\/#\/schema\/logo\/image\/\",\"url\":\"https:\/\/swissbaker.ch\/wp-content\/uploads\/2022\/04\/sbc-logo-yoast.jpg\",\"contentUrl\":\"https:\/\/swissbaker.ch\/wp-content\/uploads\/2022\/04\/sbc-logo-yoast.jpg\",\"width\":512,\"height\":512,\"caption\":\"Schweizerischer B\u00e4cker-Confiseurmeister-Verband\"},\"image\":{\"@id\":\"https:\/\/swissbaker.ch\/fr\/#\/schema\/logo\/image\/\"},\"sameAs\":[\"https:\/\/www.facebook.com\/swissbaker.ch\",\"https:\/\/x.com\/ch_swissbaker\"]},{\"@type\":\"Person\",\"@id\":\"https:\/\/swissbaker.ch\/fr\/#\/schema\/person\/74bd327b08c18ca6042c02ff6f0ed5e2\",\"name\":\"Simon Nussbaum\",\"image\":{\"@type\":\"ImageObject\",\"inLanguage\":\"fr-FR\",\"@id\":\"https:\/\/swissbaker.ch\/fr\/#\/schema\/person\/image\/\",\"url\":\"https:\/\/secure.gravatar.com\/avatar\/df0eced3bb556c806cb760cf503ade1ed1df25b4104d80d6fd28d93a9509aa12?s=96&d=mm&r=g\",\"contentUrl\":\"https:\/\/secure.gravatar.com\/avatar\/df0eced3bb556c806cb760cf503ade1ed1df25b4104d80d6fd28d93a9509aa12?s=96&d=mm&r=g\",\"caption\":\"Simon Nussbaum\"},\"url\":\"https:\/\/swissbaker.ch\/fr\/panissimo-news\/author\/simon-nussbaum\/\"}]}<\/script>\n<!-- \/ Yoast SEO Premium plugin. -->","yoast_head_json":{"title":"\u00ab\u2009Tout le monde a le droit de se nourrir\u2009\u00bb | SBC","description":"Jean-Marc Cl\u00e9ment est un boulanger passionn\u00e9 qui s\u2019engage pour le droit \u00e0 l\u2019alimentation. En plus d\u2019avoir dot\u00e9 le village d\u2019Ependes (FR) d\u2019une boulangerie, il participe \u00e0 l\u2019action Pain du partage des organisations de coop\u00e9ration au d\u00e9veloppement Action de Car\u00eame et EPER.","robots":{"index":"index","follow":"follow","max-snippet":"max-snippet:-1","max-image-preview":"max-image-preview:large","max-video-preview":"max-video-preview:-1"},"canonical":"https:\/\/swissbaker.ch\/fr\/panissimo-news\/tout-le-monde-a-le-droit-de-se-nourrir\/","og_locale":"fr_FR","og_type":"article","og_title":"\u00ab\u2009Tout le monde a le droit de se nourrir\u2009\u00bb","og_description":"Jean-Marc Cl\u00e9ment est un boulanger passionn\u00e9 qui s\u2019engage pour le droit \u00e0 l\u2019alimentation. En plus d\u2019avoir dot\u00e9 le village d\u2019Ependes (FR) d\u2019une boulangerie, il participe \u00e0 l\u2019action Pain du partage des organisations de coop\u00e9ration au d\u00e9veloppement Action de Car\u00eame et EPER.","og_url":"https:\/\/swissbaker.ch\/fr\/panissimo-news\/tout-le-monde-a-le-droit-de-se-nourrir\/","og_site_name":"SBC","article_publisher":"https:\/\/www.facebook.com\/swissbaker.ch","article_published_time":"2023-01-18T10:37:00+00:00","article_modified_time":"2023-01-24T09:44:33+00:00","og_image":[{"width":1200,"height":712,"url":"https:\/\/swissbaker.ch\/wp-content\/uploads\/2023\/01\/1_2_jean_marc_clement.jpg","type":"image\/jpeg"}],"author":"Simon Nussbaum","twitter_card":"summary_large_image","twitter_creator":"@ch_swissbaker","twitter_site":"@ch_swissbaker","twitter_misc":{"Written by":"Simon Nussbaum","Est. reading time":"4 minutes"},"schema":{"@context":"https:\/\/schema.org","@graph":[{"@type":"Article","@id":"https:\/\/swissbaker.ch\/fr\/panissimo-news\/tout-le-monde-a-le-droit-de-se-nourrir\/#article","isPartOf":{"@id":"https:\/\/swissbaker.ch\/fr\/panissimo-news\/tout-le-monde-a-le-droit-de-se-nourrir\/"},"author":{"name":"Simon Nussbaum","@id":"https:\/\/swissbaker.ch\/fr\/#\/schema\/person\/74bd327b08c18ca6042c02ff6f0ed5e2"},"headline":"\u00ab\u2009Tout le monde a le droit de se nourrir\u2009\u00bb","datePublished":"2023-01-18T10:37:00+00:00","dateModified":"2023-01-24T09:44:33+00:00","mainEntityOfPage":{"@id":"https:\/\/swissbaker.ch\/fr\/panissimo-news\/tout-le-monde-a-le-droit-de-se-nourrir\/"},"wordCount":670,"publisher":{"@id":"https:\/\/swissbaker.ch\/fr\/#organization"},"image":{"@id":"https:\/\/swissbaker.ch\/fr\/panissimo-news\/tout-le-monde-a-le-droit-de-se-nourrir\/#primaryimage"},"thumbnailUrl":"https:\/\/swissbaker.ch\/wp-content\/uploads\/2023\/01\/1_2_jean_marc_clement.jpg","articleSection":["Boulangeries\/Confiseries"],"inLanguage":"fr-FR"},{"@type":"WebPage","@id":"https:\/\/swissbaker.ch\/fr\/panissimo-news\/tout-le-monde-a-le-droit-de-se-nourrir\/","url":"https:\/\/swissbaker.ch\/fr\/panissimo-news\/tout-le-monde-a-le-droit-de-se-nourrir\/","name":"\u00ab\u2009Tout le monde a le droit de se nourrir\u2009\u00bb | SBC","isPartOf":{"@id":"https:\/\/swissbaker.ch\/fr\/#website"},"primaryImageOfPage":{"@id":"https:\/\/swissbaker.ch\/fr\/panissimo-news\/tout-le-monde-a-le-droit-de-se-nourrir\/#primaryimage"},"image":{"@id":"https:\/\/swissbaker.ch\/fr\/panissimo-news\/tout-le-monde-a-le-droit-de-se-nourrir\/#primaryimage"},"thumbnailUrl":"https:\/\/swissbaker.ch\/wp-content\/uploads\/2023\/01\/1_2_jean_marc_clement.jpg","datePublished":"2023-01-18T10:37:00+00:00","dateModified":"2023-01-24T09:44:33+00:00","description":"Jean-Marc Cl\u00e9ment est un boulanger passionn\u00e9 qui s\u2019engage pour le droit \u00e0 l\u2019alimentation. En plus d\u2019avoir dot\u00e9 le village d\u2019Ependes (FR) d\u2019une boulangerie, il participe \u00e0 l\u2019action Pain du partage des organisations de coop\u00e9ration au d\u00e9veloppement Action de Car\u00eame et EPER.","breadcrumb":{"@id":"https:\/\/swissbaker.ch\/fr\/panissimo-news\/tout-le-monde-a-le-droit-de-se-nourrir\/#breadcrumb"},"inLanguage":"fr-FR","potentialAction":[{"@type":"ReadAction","target":["https:\/\/swissbaker.ch\/fr\/panissimo-news\/tout-le-monde-a-le-droit-de-se-nourrir\/"]}]},{"@type":"ImageObject","inLanguage":"fr-FR","@id":"https:\/\/swissbaker.ch\/fr\/panissimo-news\/tout-le-monde-a-le-droit-de-se-nourrir\/#primaryimage","url":"https:\/\/swissbaker.ch\/wp-content\/uploads\/2023\/01\/1_2_jean_marc_clement.jpg","contentUrl":"https:\/\/swissbaker.ch\/wp-content\/uploads\/2023\/01\/1_2_jean_marc_clement.jpg","width":1200,"height":712},{"@type":"BreadcrumbList","@id":"https:\/\/swissbaker.ch\/fr\/panissimo-news\/tout-le-monde-a-le-droit-de-se-nourrir\/#breadcrumb","itemListElement":[{"@type":"ListItem","position":1,"name":"","item":"https:\/\/swissbaker.ch\/fr\/"},{"@type":"ListItem","position":2,"name":"Boulangeries\/Confiseries","item":"https:\/\/swissbaker.ch\/fr\/panissimo-news\/category\/boulangeries-confiseries\/"},{"@type":"ListItem","position":3,"name":"\u00ab\u2009Tout le monde a le droit de se nourrir\u2009\u00bb"}]},{"@type":"WebSite","@id":"https:\/\/swissbaker.ch\/fr\/#website","url":"https:\/\/swissbaker.ch\/fr\/","name":"SBC","description":"","publisher":{"@id":"https:\/\/swissbaker.ch\/fr\/#organization"},"potentialAction":[{"@type":"SearchAction","target":{"@type":"EntryPoint","urlTemplate":"https:\/\/swissbaker.ch\/fr\/?s={search_term_string}"},"query-input":{"@type":"PropertyValueSpecification","valueRequired":true,"valueName":"search_term_string"}}],"inLanguage":"fr-FR"},{"@type":"Organization","@id":"https:\/\/swissbaker.ch\/fr\/#organization","name":"Schweizerischer B\u00e4cker-Confiseurmeister-Verband","url":"https:\/\/swissbaker.ch\/fr\/","logo":{"@type":"ImageObject","inLanguage":"fr-FR","@id":"https:\/\/swissbaker.ch\/fr\/#\/schema\/logo\/image\/","url":"https:\/\/swissbaker.ch\/wp-content\/uploads\/2022\/04\/sbc-logo-yoast.jpg","contentUrl":"https:\/\/swissbaker.ch\/wp-content\/uploads\/2022\/04\/sbc-logo-yoast.jpg","width":512,"height":512,"caption":"Schweizerischer B\u00e4cker-Confiseurmeister-Verband"},"image":{"@id":"https:\/\/swissbaker.ch\/fr\/#\/schema\/logo\/image\/"},"sameAs":["https:\/\/www.facebook.com\/swissbaker.ch","https:\/\/x.com\/ch_swissbaker"]},{"@type":"Person","@id":"https:\/\/swissbaker.ch\/fr\/#\/schema\/person\/74bd327b08c18ca6042c02ff6f0ed5e2","name":"Simon Nussbaum","image":{"@type":"ImageObject","inLanguage":"fr-FR","@id":"https:\/\/swissbaker.ch\/fr\/#\/schema\/person\/image\/","url":"https:\/\/secure.gravatar.com\/avatar\/df0eced3bb556c806cb760cf503ade1ed1df25b4104d80d6fd28d93a9509aa12?s=96&d=mm&r=g","contentUrl":"https:\/\/secure.gravatar.com\/avatar\/df0eced3bb556c806cb760cf503ade1ed1df25b4104d80d6fd28d93a9509aa12?s=96&d=mm&r=g","caption":"Simon Nussbaum"},"url":"https:\/\/swissbaker.ch\/fr\/panissimo-news\/author\/simon-nussbaum\/"}]}},"_links":{"self":[{"href":"https:\/\/swissbaker.ch\/fr\/wp-json\/wp\/v2\/posts\/55487","targetHints":{"allow":["GET"]}}],"collection":[{"href":"https:\/\/swissbaker.ch\/fr\/wp-json\/wp\/v2\/posts"}],"about":[{"href":"https:\/\/swissbaker.ch\/fr\/wp-json\/wp\/v2\/types\/post"}],"author":[{"embeddable":true,"href":"https:\/\/swissbaker.ch\/fr\/wp-json\/wp\/v2\/users\/5"}],"replies":[{"embeddable":true,"href":"https:\/\/swissbaker.ch\/fr\/wp-json\/wp\/v2\/comments?post=55487"}],"version-history":[{"count":0,"href":"https:\/\/swissbaker.ch\/fr\/wp-json\/wp\/v2\/posts\/55487\/revisions"}],"wp:featuredmedia":[{"embeddable":true,"href":"https:\/\/swissbaker.ch\/fr\/wp-json\/wp\/v2\/media\/55483"}],"wp:attachment":[{"href":"https:\/\/swissbaker.ch\/fr\/wp-json\/wp\/v2\/media?parent=55487"}],"wp:term":[{"taxonomy":"category","embeddable":true,"href":"https:\/\/swissbaker.ch\/fr\/wp-json\/wp\/v2\/categories?post=55487"},{"taxonomy":"post_tag","embeddable":true,"href":"https:\/\/swissbaker.ch\/fr\/wp-json\/wp\/v2\/tags?post=55487"}],"curies":[{"name":"wp","href":"https:\/\/api.w.org\/{rel}","templated":true}]}}