{"id":55471,"date":"2023-01-18T11:05:35","date_gmt":"2023-01-18T10:05:35","guid":{"rendered":"https:\/\/swissbaker.ch\/?p=55471"},"modified":"2023-01-24T10:44:34","modified_gmt":"2023-01-24T09:44:34","slug":"cest-comme-ca-triste-constat","status":"publish","type":"post","link":"https:\/\/swissbaker.ch\/fr\/panissimo-news\/cest-comme-ca-triste-constat\/","title":{"rendered":"C\u2019est comme \u00e7a, triste constat\u2009!"},"content":{"rendered":"\n<p>La d\u00e9tresse est visible sur certains visages, l\u2019abattement se marque et les \u00e9paules sont lourdes, parfois la peur est pr\u00e9visible et fait place \u00e0 l\u2019effroi. Chronique terne, sombre vision, perte de confiance. Il n\u2019y a pas pire sournois que celui qui ne donne pas la main \u00e0 l\u2019autre, n\u2019\u00e9coute pas et g\u00e9n\u00e8re le m\u00e9pris, en r\u00e9sumant sa diatribe \u00ab\u2009c\u2019est comme \u00e7a\u2009\u00bb.<\/p>\n\n\n\n<p>Et bien non cela ne sera pas comme \u00e7a, m\u00eame si cela ne vous pla\u00eet pas. Il y a des comportements inadmissibles de ceux qui sont dans leurs bureaux bien au chaud et qui ont \u00e9t\u00e9 \u00e0 la base de centres de profits durant des ann\u00e9es. Ces petits roitelets qui s\u2019en lavent les mains et regardent de haut les artisans qui se battent contre vents et mar\u00e9es pour survivre.<\/p>\n\n\n\n<p>Vous avez compris de qui je parle mes chers Amis\u2009? Oui de ceux qui font monter ma tension \u00e0 travers l\u2019\u00e9lectricit\u00e9 et qui ne portent aucune consid\u00e9ration et pas un gramme d\u2019\u00e9coute. Ces porteurs de parapluie pour quand il fait beau temps. Nous vous faisons profiter de tarifs excellents, vous \u00eates des privil\u00e9gi\u00e9s de b\u00e9n\u00e9ficier de ceux-ci\u2009! Ont-ils perdu de l\u2019argent, que nenni c\u2019est qu\u2019ils pouvaient les offrir ces tarifs et qu\u2019ils gagnaient encore bien assez et je pense qu\u2019ils ont m\u00eame mis de l\u2019argent de c\u00f4t\u00e9\u2026<\/p>\n\n\n\n<p>Alors, la constatation est l\u00e0, certains demandent des aides au Conseil f\u00e9d\u00e9ral, mais la Suisse, le ch\u00e2teau d\u2019eau de l\u2019Europe, a vu pire crime, des barrages vendus et autres qui sont en main de la sph\u00e8re \u00e9lectrique. Comment vendre les bijoux de famille, mais la famille c\u2019est nous toutes et tous. Je suis pour la libre entreprise, la concurrence mais face \u00e0 cette crise et ses cons\u00e9quences moi j\u2019ai envie de dire plus jamais \u00e7a, de demander la nationalisation de l\u2019\u00e9lectricit\u00e9 via la cantonalisation des ressources \u00e9nerg\u00e9tiques.<\/p>\n\n\n\n<p>En deux phrases et quelques mots Messieurs les Directeurs et Actionnaires des soci\u00e9t\u00e9s \u00e9lectriques il est venu le temps de la solidarit\u00e9 avec les artisans et la population et d\u2019arr\u00eater de dire c\u2019est comme \u00e7a, car la mort d\u2019une partie de l\u2019artisanat, de l\u2019industrie et de la population sera inscrite sur les pierres tombales de vos soci\u00e9t\u00e9s et de vous-m\u00eame. Et vous, mes chers amis artisans de proximit\u00e9, ne vous laissez pas faire et nos associations non plus, n\u2019acceptez pas \u00ab\u2009C\u2019est comme \u00e7a\u2009\u00bb et dites haut et fort non cela doit \u00eatre autrement.<\/p>\n\n\n\n<p class=\"has-text-align-right\"><em>Bernard Pignat, Chevalier d\u2019honneur de la confr\u00e9rie valaisanne<\/em><\/p>\n","protected":false},"excerpt":{"rendered":"<p>La d\u00e9tresse est visible sur certains visages, l\u2019abattement se marque et les \u00e9paules sont lourdes, parfois la peur est pr\u00e9visible et fait place \u00e0 l\u2019effroi. Chronique terne, sombre vision, perte de confiance. Il n\u2019y a pas pire sournois que celui qui ne donne pas la main \u00e0 l\u2019autre, n\u2019\u00e9coute pas et g\u00e9n\u00e8re le m\u00e9pris, en r\u00e9sumant sa diatribe \u00ab\u2009c\u2019est comme [&hellip;]<\/p>\n","protected":false},"author":5,"featured_media":7332,"comment_status":"closed","ping_status":"closed","sticky":false,"template":"","format":"standard","meta":{"_acf_changed":false,"footnotes":""},"categories":[39],"tags":[],"class_list":["post-55471","post","type-post","status-publish","format-standard","has-post-thumbnail","hentry","category-de-la-branche"],"acf":[],"yoast_head":"<!-- This site is optimized with the Yoast SEO Premium plugin v26.8 (Yoast SEO v26.8) - https:\/\/yoast.com\/product\/yoast-seo-premium-wordpress\/ -->\n<title>C\u2019est comme \u00e7a, triste constat\u2009! | SBC<\/title>\n<meta name=\"description\" content=\"La d\u00e9tresse est visible sur certains visages, l\u2019abattement se marque et les \u00e9paules sont lourdes, parfois la peur est pr\u00e9visible et fait place \u00e0 l\u2019effroi. Chronique terne, sombre vision, perte de confiance.\" \/>\n<meta name=\"robots\" content=\"index, follow, max-snippet:-1, max-image-preview:large, max-video-preview:-1\" \/>\n<link rel=\"canonical\" href=\"https:\/\/swissbaker.ch\/fr\/panissimo-news\/cest-comme-ca-triste-constat\/\" \/>\n<meta property=\"og:locale\" content=\"fr_FR\" \/>\n<meta property=\"og:type\" content=\"article\" \/>\n<meta property=\"og:title\" content=\"C\u2019est comme \u00e7a, triste constat\u2009!\" \/>\n<meta property=\"og:description\" content=\"La d\u00e9tresse est visible sur certains visages, l\u2019abattement se marque et les \u00e9paules sont lourdes, parfois la peur est pr\u00e9visible et fait place \u00e0 l\u2019effroi. Chronique terne, sombre vision, perte de confiance.\" \/>\n<meta property=\"og:url\" content=\"https:\/\/swissbaker.ch\/fr\/panissimo-news\/cest-comme-ca-triste-constat\/\" \/>\n<meta property=\"og:site_name\" content=\"SBC\" \/>\n<meta property=\"article:publisher\" content=\"https:\/\/www.facebook.com\/swissbaker.ch\" \/>\n<meta property=\"article:published_time\" content=\"2023-01-18T10:05:35+00:00\" \/>\n<meta property=\"article:modified_time\" content=\"2023-01-24T09:44:34+00:00\" \/>\n<meta property=\"og:image\" content=\"https:\/\/swissbaker.ch\/wp-content\/uploads\/2022\/04\/le_chevalier-1.jpeg\" \/>\n\t<meta property=\"og:image:width\" content=\"800\" \/>\n\t<meta property=\"og:image:height\" content=\"474\" \/>\n\t<meta property=\"og:image:type\" content=\"image\/jpeg\" \/>\n<meta name=\"author\" content=\"Simon Nussbaum\" \/>\n<meta name=\"twitter:card\" content=\"summary_large_image\" \/>\n<meta name=\"twitter:creator\" content=\"@ch_swissbaker\" \/>\n<meta name=\"twitter:site\" content=\"@ch_swissbaker\" \/>\n<meta name=\"twitter:label1\" content=\"Written by\" \/>\n\t<meta name=\"twitter:data1\" content=\"Simon Nussbaum\" \/>\n\t<meta name=\"twitter:label2\" content=\"Est. reading time\" \/>\n\t<meta name=\"twitter:data2\" content=\"3 minutes\" \/>\n<script type=\"application\/ld+json\" class=\"yoast-schema-graph\">{\"@context\":\"https:\/\/schema.org\",\"@graph\":[{\"@type\":\"Article\",\"@id\":\"https:\/\/swissbaker.ch\/fr\/panissimo-news\/cest-comme-ca-triste-constat\/#article\",\"isPartOf\":{\"@id\":\"https:\/\/swissbaker.ch\/fr\/panissimo-news\/cest-comme-ca-triste-constat\/\"},\"author\":{\"name\":\"Simon Nussbaum\",\"@id\":\"https:\/\/swissbaker.ch\/fr\/#\/schema\/person\/74bd327b08c18ca6042c02ff6f0ed5e2\"},\"headline\":\"C\u2019est comme \u00e7a, triste constat\u2009!\",\"datePublished\":\"2023-01-18T10:05:35+00:00\",\"dateModified\":\"2023-01-24T09:44:34+00:00\",\"mainEntityOfPage\":{\"@id\":\"https:\/\/swissbaker.ch\/fr\/panissimo-news\/cest-comme-ca-triste-constat\/\"},\"wordCount\":464,\"publisher\":{\"@id\":\"https:\/\/swissbaker.ch\/fr\/#organization\"},\"image\":{\"@id\":\"https:\/\/swissbaker.ch\/fr\/panissimo-news\/cest-comme-ca-triste-constat\/#primaryimage\"},\"thumbnailUrl\":\"https:\/\/swissbaker.ch\/wp-content\/uploads\/2022\/04\/le_chevalier-1.jpeg\",\"articleSection\":[\"De la branche\"],\"inLanguage\":\"fr-FR\"},{\"@type\":\"WebPage\",\"@id\":\"https:\/\/swissbaker.ch\/fr\/panissimo-news\/cest-comme-ca-triste-constat\/\",\"url\":\"https:\/\/swissbaker.ch\/fr\/panissimo-news\/cest-comme-ca-triste-constat\/\",\"name\":\"C\u2019est comme \u00e7a, triste constat\u2009! | SBC\",\"isPartOf\":{\"@id\":\"https:\/\/swissbaker.ch\/fr\/#website\"},\"primaryImageOfPage\":{\"@id\":\"https:\/\/swissbaker.ch\/fr\/panissimo-news\/cest-comme-ca-triste-constat\/#primaryimage\"},\"image\":{\"@id\":\"https:\/\/swissbaker.ch\/fr\/panissimo-news\/cest-comme-ca-triste-constat\/#primaryimage\"},\"thumbnailUrl\":\"https:\/\/swissbaker.ch\/wp-content\/uploads\/2022\/04\/le_chevalier-1.jpeg\",\"datePublished\":\"2023-01-18T10:05:35+00:00\",\"dateModified\":\"2023-01-24T09:44:34+00:00\",\"description\":\"La d\u00e9tresse est visible sur certains visages, l\u2019abattement se marque et les \u00e9paules sont lourdes, parfois la peur est pr\u00e9visible et fait place \u00e0 l\u2019effroi. Chronique terne, sombre vision, perte de confiance.\",\"breadcrumb\":{\"@id\":\"https:\/\/swissbaker.ch\/fr\/panissimo-news\/cest-comme-ca-triste-constat\/#breadcrumb\"},\"inLanguage\":\"fr-FR\",\"potentialAction\":[{\"@type\":\"ReadAction\",\"target\":[\"https:\/\/swissbaker.ch\/fr\/panissimo-news\/cest-comme-ca-triste-constat\/\"]}]},{\"@type\":\"ImageObject\",\"inLanguage\":\"fr-FR\",\"@id\":\"https:\/\/swissbaker.ch\/fr\/panissimo-news\/cest-comme-ca-triste-constat\/#primaryimage\",\"url\":\"https:\/\/swissbaker.ch\/wp-content\/uploads\/2022\/04\/le_chevalier-1.jpeg\",\"contentUrl\":\"https:\/\/swissbaker.ch\/wp-content\/uploads\/2022\/04\/le_chevalier-1.jpeg\",\"width\":800,\"height\":474,\"caption\":\"Manipulations ou influences?\"},{\"@type\":\"BreadcrumbList\",\"@id\":\"https:\/\/swissbaker.ch\/fr\/panissimo-news\/cest-comme-ca-triste-constat\/#breadcrumb\",\"itemListElement\":[{\"@type\":\"ListItem\",\"position\":1,\"name\":\"\",\"item\":\"https:\/\/swissbaker.ch\/fr\/\"},{\"@type\":\"ListItem\",\"position\":2,\"name\":\"De la branche\",\"item\":\"https:\/\/swissbaker.ch\/fr\/panissimo-news\/category\/de-la-branche\/\"},{\"@type\":\"ListItem\",\"position\":3,\"name\":\"C\u2019est comme \u00e7a, triste constat\u2009!\"}]},{\"@type\":\"WebSite\",\"@id\":\"https:\/\/swissbaker.ch\/fr\/#website\",\"url\":\"https:\/\/swissbaker.ch\/fr\/\",\"name\":\"SBC\",\"description\":\"\",\"publisher\":{\"@id\":\"https:\/\/swissbaker.ch\/fr\/#organization\"},\"potentialAction\":[{\"@type\":\"SearchAction\",\"target\":{\"@type\":\"EntryPoint\",\"urlTemplate\":\"https:\/\/swissbaker.ch\/fr\/?s={search_term_string}\"},\"query-input\":{\"@type\":\"PropertyValueSpecification\",\"valueRequired\":true,\"valueName\":\"search_term_string\"}}],\"inLanguage\":\"fr-FR\"},{\"@type\":\"Organization\",\"@id\":\"https:\/\/swissbaker.ch\/fr\/#organization\",\"name\":\"Schweizerischer B\u00e4cker-Confiseurmeister-Verband\",\"url\":\"https:\/\/swissbaker.ch\/fr\/\",\"logo\":{\"@type\":\"ImageObject\",\"inLanguage\":\"fr-FR\",\"@id\":\"https:\/\/swissbaker.ch\/fr\/#\/schema\/logo\/image\/\",\"url\":\"https:\/\/swissbaker.ch\/wp-content\/uploads\/2022\/04\/sbc-logo-yoast.jpg\",\"contentUrl\":\"https:\/\/swissbaker.ch\/wp-content\/uploads\/2022\/04\/sbc-logo-yoast.jpg\",\"width\":512,\"height\":512,\"caption\":\"Schweizerischer B\u00e4cker-Confiseurmeister-Verband\"},\"image\":{\"@id\":\"https:\/\/swissbaker.ch\/fr\/#\/schema\/logo\/image\/\"},\"sameAs\":[\"https:\/\/www.facebook.com\/swissbaker.ch\",\"https:\/\/x.com\/ch_swissbaker\"]},{\"@type\":\"Person\",\"@id\":\"https:\/\/swissbaker.ch\/fr\/#\/schema\/person\/74bd327b08c18ca6042c02ff6f0ed5e2\",\"name\":\"Simon Nussbaum\",\"image\":{\"@type\":\"ImageObject\",\"inLanguage\":\"fr-FR\",\"@id\":\"https:\/\/swissbaker.ch\/fr\/#\/schema\/person\/image\/\",\"url\":\"https:\/\/secure.gravatar.com\/avatar\/df0eced3bb556c806cb760cf503ade1ed1df25b4104d80d6fd28d93a9509aa12?s=96&d=mm&r=g\",\"contentUrl\":\"https:\/\/secure.gravatar.com\/avatar\/df0eced3bb556c806cb760cf503ade1ed1df25b4104d80d6fd28d93a9509aa12?s=96&d=mm&r=g\",\"caption\":\"Simon Nussbaum\"},\"url\":\"https:\/\/swissbaker.ch\/fr\/panissimo-news\/author\/simon-nussbaum\/\"}]}<\/script>\n<!-- \/ Yoast SEO Premium plugin. -->","yoast_head_json":{"title":"C\u2019est comme \u00e7a, triste constat\u2009! | SBC","description":"La d\u00e9tresse est visible sur certains visages, l\u2019abattement se marque et les \u00e9paules sont lourdes, parfois la peur est pr\u00e9visible et fait place \u00e0 l\u2019effroi. Chronique terne, sombre vision, perte de confiance.","robots":{"index":"index","follow":"follow","max-snippet":"max-snippet:-1","max-image-preview":"max-image-preview:large","max-video-preview":"max-video-preview:-1"},"canonical":"https:\/\/swissbaker.ch\/fr\/panissimo-news\/cest-comme-ca-triste-constat\/","og_locale":"fr_FR","og_type":"article","og_title":"C\u2019est comme \u00e7a, triste constat\u2009!","og_description":"La d\u00e9tresse est visible sur certains visages, l\u2019abattement se marque et les \u00e9paules sont lourdes, parfois la peur est pr\u00e9visible et fait place \u00e0 l\u2019effroi. Chronique terne, sombre vision, perte de confiance.","og_url":"https:\/\/swissbaker.ch\/fr\/panissimo-news\/cest-comme-ca-triste-constat\/","og_site_name":"SBC","article_publisher":"https:\/\/www.facebook.com\/swissbaker.ch","article_published_time":"2023-01-18T10:05:35+00:00","article_modified_time":"2023-01-24T09:44:34+00:00","og_image":[{"width":800,"height":474,"url":"https:\/\/swissbaker.ch\/wp-content\/uploads\/2022\/04\/le_chevalier-1.jpeg","type":"image\/jpeg"}],"author":"Simon Nussbaum","twitter_card":"summary_large_image","twitter_creator":"@ch_swissbaker","twitter_site":"@ch_swissbaker","twitter_misc":{"Written by":"Simon Nussbaum","Est. reading time":"3 minutes"},"schema":{"@context":"https:\/\/schema.org","@graph":[{"@type":"Article","@id":"https:\/\/swissbaker.ch\/fr\/panissimo-news\/cest-comme-ca-triste-constat\/#article","isPartOf":{"@id":"https:\/\/swissbaker.ch\/fr\/panissimo-news\/cest-comme-ca-triste-constat\/"},"author":{"name":"Simon Nussbaum","@id":"https:\/\/swissbaker.ch\/fr\/#\/schema\/person\/74bd327b08c18ca6042c02ff6f0ed5e2"},"headline":"C\u2019est comme \u00e7a, triste constat\u2009!","datePublished":"2023-01-18T10:05:35+00:00","dateModified":"2023-01-24T09:44:34+00:00","mainEntityOfPage":{"@id":"https:\/\/swissbaker.ch\/fr\/panissimo-news\/cest-comme-ca-triste-constat\/"},"wordCount":464,"publisher":{"@id":"https:\/\/swissbaker.ch\/fr\/#organization"},"image":{"@id":"https:\/\/swissbaker.ch\/fr\/panissimo-news\/cest-comme-ca-triste-constat\/#primaryimage"},"thumbnailUrl":"https:\/\/swissbaker.ch\/wp-content\/uploads\/2022\/04\/le_chevalier-1.jpeg","articleSection":["De la branche"],"inLanguage":"fr-FR"},{"@type":"WebPage","@id":"https:\/\/swissbaker.ch\/fr\/panissimo-news\/cest-comme-ca-triste-constat\/","url":"https:\/\/swissbaker.ch\/fr\/panissimo-news\/cest-comme-ca-triste-constat\/","name":"C\u2019est comme \u00e7a, triste constat\u2009! | SBC","isPartOf":{"@id":"https:\/\/swissbaker.ch\/fr\/#website"},"primaryImageOfPage":{"@id":"https:\/\/swissbaker.ch\/fr\/panissimo-news\/cest-comme-ca-triste-constat\/#primaryimage"},"image":{"@id":"https:\/\/swissbaker.ch\/fr\/panissimo-news\/cest-comme-ca-triste-constat\/#primaryimage"},"thumbnailUrl":"https:\/\/swissbaker.ch\/wp-content\/uploads\/2022\/04\/le_chevalier-1.jpeg","datePublished":"2023-01-18T10:05:35+00:00","dateModified":"2023-01-24T09:44:34+00:00","description":"La d\u00e9tresse est visible sur certains visages, l\u2019abattement se marque et les \u00e9paules sont lourdes, parfois la peur est pr\u00e9visible et fait place \u00e0 l\u2019effroi. Chronique terne, sombre vision, perte de confiance.","breadcrumb":{"@id":"https:\/\/swissbaker.ch\/fr\/panissimo-news\/cest-comme-ca-triste-constat\/#breadcrumb"},"inLanguage":"fr-FR","potentialAction":[{"@type":"ReadAction","target":["https:\/\/swissbaker.ch\/fr\/panissimo-news\/cest-comme-ca-triste-constat\/"]}]},{"@type":"ImageObject","inLanguage":"fr-FR","@id":"https:\/\/swissbaker.ch\/fr\/panissimo-news\/cest-comme-ca-triste-constat\/#primaryimage","url":"https:\/\/swissbaker.ch\/wp-content\/uploads\/2022\/04\/le_chevalier-1.jpeg","contentUrl":"https:\/\/swissbaker.ch\/wp-content\/uploads\/2022\/04\/le_chevalier-1.jpeg","width":800,"height":474,"caption":"Manipulations ou influences?"},{"@type":"BreadcrumbList","@id":"https:\/\/swissbaker.ch\/fr\/panissimo-news\/cest-comme-ca-triste-constat\/#breadcrumb","itemListElement":[{"@type":"ListItem","position":1,"name":"","item":"https:\/\/swissbaker.ch\/fr\/"},{"@type":"ListItem","position":2,"name":"De la branche","item":"https:\/\/swissbaker.ch\/fr\/panissimo-news\/category\/de-la-branche\/"},{"@type":"ListItem","position":3,"name":"C\u2019est comme \u00e7a, triste constat\u2009!"}]},{"@type":"WebSite","@id":"https:\/\/swissbaker.ch\/fr\/#website","url":"https:\/\/swissbaker.ch\/fr\/","name":"SBC","description":"","publisher":{"@id":"https:\/\/swissbaker.ch\/fr\/#organization"},"potentialAction":[{"@type":"SearchAction","target":{"@type":"EntryPoint","urlTemplate":"https:\/\/swissbaker.ch\/fr\/?s={search_term_string}"},"query-input":{"@type":"PropertyValueSpecification","valueRequired":true,"valueName":"search_term_string"}}],"inLanguage":"fr-FR"},{"@type":"Organization","@id":"https:\/\/swissbaker.ch\/fr\/#organization","name":"Schweizerischer B\u00e4cker-Confiseurmeister-Verband","url":"https:\/\/swissbaker.ch\/fr\/","logo":{"@type":"ImageObject","inLanguage":"fr-FR","@id":"https:\/\/swissbaker.ch\/fr\/#\/schema\/logo\/image\/","url":"https:\/\/swissbaker.ch\/wp-content\/uploads\/2022\/04\/sbc-logo-yoast.jpg","contentUrl":"https:\/\/swissbaker.ch\/wp-content\/uploads\/2022\/04\/sbc-logo-yoast.jpg","width":512,"height":512,"caption":"Schweizerischer B\u00e4cker-Confiseurmeister-Verband"},"image":{"@id":"https:\/\/swissbaker.ch\/fr\/#\/schema\/logo\/image\/"},"sameAs":["https:\/\/www.facebook.com\/swissbaker.ch","https:\/\/x.com\/ch_swissbaker"]},{"@type":"Person","@id":"https:\/\/swissbaker.ch\/fr\/#\/schema\/person\/74bd327b08c18ca6042c02ff6f0ed5e2","name":"Simon Nussbaum","image":{"@type":"ImageObject","inLanguage":"fr-FR","@id":"https:\/\/swissbaker.ch\/fr\/#\/schema\/person\/image\/","url":"https:\/\/secure.gravatar.com\/avatar\/df0eced3bb556c806cb760cf503ade1ed1df25b4104d80d6fd28d93a9509aa12?s=96&d=mm&r=g","contentUrl":"https:\/\/secure.gravatar.com\/avatar\/df0eced3bb556c806cb760cf503ade1ed1df25b4104d80d6fd28d93a9509aa12?s=96&d=mm&r=g","caption":"Simon Nussbaum"},"url":"https:\/\/swissbaker.ch\/fr\/panissimo-news\/author\/simon-nussbaum\/"}]}},"_links":{"self":[{"href":"https:\/\/swissbaker.ch\/fr\/wp-json\/wp\/v2\/posts\/55471","targetHints":{"allow":["GET"]}}],"collection":[{"href":"https:\/\/swissbaker.ch\/fr\/wp-json\/wp\/v2\/posts"}],"about":[{"href":"https:\/\/swissbaker.ch\/fr\/wp-json\/wp\/v2\/types\/post"}],"author":[{"embeddable":true,"href":"https:\/\/swissbaker.ch\/fr\/wp-json\/wp\/v2\/users\/5"}],"replies":[{"embeddable":true,"href":"https:\/\/swissbaker.ch\/fr\/wp-json\/wp\/v2\/comments?post=55471"}],"version-history":[{"count":0,"href":"https:\/\/swissbaker.ch\/fr\/wp-json\/wp\/v2\/posts\/55471\/revisions"}],"wp:featuredmedia":[{"embeddable":true,"href":"https:\/\/swissbaker.ch\/fr\/wp-json\/wp\/v2\/media\/7332"}],"wp:attachment":[{"href":"https:\/\/swissbaker.ch\/fr\/wp-json\/wp\/v2\/media?parent=55471"}],"wp:term":[{"taxonomy":"category","embeddable":true,"href":"https:\/\/swissbaker.ch\/fr\/wp-json\/wp\/v2\/categories?post=55471"},{"taxonomy":"post_tag","embeddable":true,"href":"https:\/\/swissbaker.ch\/fr\/wp-json\/wp\/v2\/tags?post=55471"}],"curies":[{"name":"wp","href":"https:\/\/api.w.org\/{rel}","templated":true}]}}