{"id":54616,"date":"2022-12-22T06:23:00","date_gmt":"2022-12-22T05:23:00","guid":{"rendered":"https:\/\/swissbaker.ch\/?p=54616"},"modified":"2023-01-24T10:44:44","modified_gmt":"2023-01-24T09:44:44","slug":"un-geste-pour-le-secteur","status":"publish","type":"post","link":"https:\/\/swissbaker.ch\/fr\/panissimo-news\/un-geste-pour-le-secteur\/","title":{"rendered":"Un geste pour le secteur"},"content":{"rendered":"\n<p>Ch\u00e8re lectrice, cher lecteur,<\/p>\n\n\n\n<p>L\u2019ann\u00e9e 2022 a \u00e9t\u00e9 marqu\u00e9e par des hauts et des bas. A peine sorti de la pand\u00e9mie, notre secteur a \u00e9t\u00e9 confront\u00e9 \u00e0 une inflation galopante et \u00e0 des hausses massives des prix de l\u2019\u00e9nergie, sans compter la p\u00e9nurie de personnel qualifi\u00e9 et la lutte permanente et acharn\u00e9e sur le march\u00e9 pour gagner la faveur des clientes et clients.<\/p>\n\n\n\n<p>Bien que la spirale des co\u00fbts ait \u00e9t\u00e9 et soit toujours ascensionnelle dans le domaine de la communication, nous avons d\u00e9cid\u00e9 de ne pas augmenter les prix des abonnements et des annonces\u2009; en guise de geste pour notre secteur durement touch\u00e9.<\/p>\n\n\n\n<p>Notre objectif est de recueillir les soucis et les probl\u00e8mesde nos membres dans \u00ab\u2009Panissimo\u2009\u00bb et en ligne, mais aussi de parler de la beaut\u00e9 de nos m\u00e9tiers, des histoires de r\u00e9ussite impressionnantes et des \u00e9v\u00e9nements anim\u00e9s, pour partager ces bonnes nouvelles avec le grand public, au-del\u00e0 des m\u00e9dias sociaux.<\/p>\n\n\n\n<p>En 2023, \u00ab\u2009Panissimo\u2009\u00bb continuera \u00e0 proposer un doux m\u00e9lange d\u2019info-divertissement, d\u2019informations de fond, de conseils et d\u2019opinions. Nous nous effor\u00e7ons de donner le meilleur de nous-m\u00eames au service de nos membres et de l\u2019ensemble du secteur artisanal\u2009; et ce, avec beaucoup de passion dans nos trois langues nationales, le fran\u00e7ais, l\u2019allemand et l\u2019italien.<\/p>\n\n\n\n<p>Nous vous remercions de votre int\u00e9r\u00eat et de votre fid\u00e9lit\u00e9, vous souhaitons une fin d\u2019ann\u00e9e couronn\u00e9e de succ\u00e8s, d\u2019agr\u00e9ables et paisibles f\u00eates de fin d\u2019ann\u00e9e et une ann\u00e9e\u202f2023 riche en belles \u00ab\u2009success stories\u2009\u00bb.<\/p>\n\n\n\n<p><em>L\u2019\u00e9quipe de r\u00e9daction de \u00ab\u2009Panissimo\u2009\u00bb<\/em><\/p>\n","protected":false},"excerpt":{"rendered":"<p>Bien que la spirale des co\u00fbts ait \u00e9t\u00e9 et soit toujours ascensionnelle dans le domaine de la communication, nous avons d\u00e9cid\u00e9 de ne pas augmenter les prix des abonnements et des annonces\u2009; en guise de geste pour notre secteur durement touch\u00e9.<\/p>\n","protected":false},"author":5,"featured_media":54614,"comment_status":"closed","ping_status":"closed","sticky":true,"template":"","format":"standard","meta":{"_acf_changed":false,"footnotes":""},"categories":[41],"tags":[],"class_list":["post-54616","post","type-post","status-publish","format-standard","has-post-thumbnail","hentry","category-association"],"acf":[],"yoast_head":"<!-- This site is optimized with the Yoast SEO Premium plugin v26.8 (Yoast SEO v26.8) - https:\/\/yoast.com\/product\/yoast-seo-premium-wordpress\/ -->\n<title>Un geste pour le secteur | SBC<\/title>\n<meta name=\"description\" content=\"Bien que la spirale des co\u00fbts ait \u00e9t\u00e9 et soit toujours ascensionnelle dans le domaine de la communication, nous avons d\u00e9cid\u00e9 de ne pas augmenter les prix des abonnements et des annonces\u2009; en guise de geste pour notre secteur durement touch\u00e9.\" \/>\n<meta name=\"robots\" content=\"index, follow, max-snippet:-1, max-image-preview:large, max-video-preview:-1\" \/>\n<link rel=\"canonical\" href=\"https:\/\/swissbaker.ch\/fr\/panissimo-news\/un-geste-pour-le-secteur\/\" \/>\n<meta property=\"og:locale\" content=\"fr_FR\" \/>\n<meta property=\"og:type\" content=\"article\" \/>\n<meta property=\"og:title\" content=\"Un geste pour le secteur\" \/>\n<meta property=\"og:description\" content=\"Bien que la spirale des co\u00fbts ait \u00e9t\u00e9 et soit toujours ascensionnelle dans le domaine de la communication, nous avons d\u00e9cid\u00e9 de ne pas augmenter les prix des abonnements et des annonces\u2009; en guise de geste pour notre secteur durement touch\u00e9.\" \/>\n<meta property=\"og:url\" content=\"https:\/\/swissbaker.ch\/fr\/panissimo-news\/un-geste-pour-le-secteur\/\" \/>\n<meta property=\"og:site_name\" content=\"SBC\" \/>\n<meta property=\"article:publisher\" content=\"https:\/\/www.facebook.com\/swissbaker.ch\" \/>\n<meta property=\"article:published_time\" content=\"2022-12-22T05:23:00+00:00\" \/>\n<meta property=\"article:modified_time\" content=\"2023-01-24T09:44:44+00:00\" \/>\n<meta property=\"og:image\" content=\"https:\/\/swissbaker.ch\/wp-content\/uploads\/2022\/12\/24_panissimo-1.jpg\" \/>\n\t<meta property=\"og:image:width\" content=\"1200\" \/>\n\t<meta property=\"og:image:height\" content=\"712\" \/>\n\t<meta property=\"og:image:type\" content=\"image\/jpeg\" \/>\n<meta name=\"author\" content=\"Simon Nussbaum\" \/>\n<meta name=\"twitter:card\" content=\"summary_large_image\" \/>\n<meta name=\"twitter:creator\" content=\"@ch_swissbaker\" \/>\n<meta name=\"twitter:site\" content=\"@ch_swissbaker\" \/>\n<meta name=\"twitter:label1\" content=\"Written by\" \/>\n\t<meta name=\"twitter:data1\" content=\"Simon Nussbaum\" \/>\n\t<meta name=\"twitter:label2\" content=\"Est. reading time\" \/>\n\t<meta name=\"twitter:data2\" content=\"2 minutes\" \/>\n<script type=\"application\/ld+json\" class=\"yoast-schema-graph\">{\"@context\":\"https:\/\/schema.org\",\"@graph\":[{\"@type\":\"Article\",\"@id\":\"https:\/\/swissbaker.ch\/fr\/panissimo-news\/un-geste-pour-le-secteur\/#article\",\"isPartOf\":{\"@id\":\"https:\/\/swissbaker.ch\/fr\/panissimo-news\/un-geste-pour-le-secteur\/\"},\"author\":{\"name\":\"Simon Nussbaum\",\"@id\":\"https:\/\/swissbaker.ch\/fr\/#\/schema\/person\/74bd327b08c18ca6042c02ff6f0ed5e2\"},\"headline\":\"Un geste pour le secteur\",\"datePublished\":\"2022-12-22T05:23:00+00:00\",\"dateModified\":\"2023-01-24T09:44:44+00:00\",\"mainEntityOfPage\":{\"@id\":\"https:\/\/swissbaker.ch\/fr\/panissimo-news\/un-geste-pour-le-secteur\/\"},\"wordCount\":285,\"publisher\":{\"@id\":\"https:\/\/swissbaker.ch\/fr\/#organization\"},\"image\":{\"@id\":\"https:\/\/swissbaker.ch\/fr\/panissimo-news\/un-geste-pour-le-secteur\/#primaryimage\"},\"thumbnailUrl\":\"https:\/\/swissbaker.ch\/wp-content\/uploads\/2022\/12\/24_panissimo-1.jpg\",\"articleSection\":[\"Association\"],\"inLanguage\":\"fr-FR\"},{\"@type\":\"WebPage\",\"@id\":\"https:\/\/swissbaker.ch\/fr\/panissimo-news\/un-geste-pour-le-secteur\/\",\"url\":\"https:\/\/swissbaker.ch\/fr\/panissimo-news\/un-geste-pour-le-secteur\/\",\"name\":\"Un geste pour le secteur | SBC\",\"isPartOf\":{\"@id\":\"https:\/\/swissbaker.ch\/fr\/#website\"},\"primaryImageOfPage\":{\"@id\":\"https:\/\/swissbaker.ch\/fr\/panissimo-news\/un-geste-pour-le-secteur\/#primaryimage\"},\"image\":{\"@id\":\"https:\/\/swissbaker.ch\/fr\/panissimo-news\/un-geste-pour-le-secteur\/#primaryimage\"},\"thumbnailUrl\":\"https:\/\/swissbaker.ch\/wp-content\/uploads\/2022\/12\/24_panissimo-1.jpg\",\"datePublished\":\"2022-12-22T05:23:00+00:00\",\"dateModified\":\"2023-01-24T09:44:44+00:00\",\"description\":\"Bien que la spirale des co\u00fbts ait \u00e9t\u00e9 et soit toujours ascensionnelle dans le domaine de la communication, nous avons d\u00e9cid\u00e9 de ne pas augmenter les prix des abonnements et des annonces\u2009; en guise de geste pour notre secteur durement touch\u00e9.\",\"breadcrumb\":{\"@id\":\"https:\/\/swissbaker.ch\/fr\/panissimo-news\/un-geste-pour-le-secteur\/#breadcrumb\"},\"inLanguage\":\"fr-FR\",\"potentialAction\":[{\"@type\":\"ReadAction\",\"target\":[\"https:\/\/swissbaker.ch\/fr\/panissimo-news\/un-geste-pour-le-secteur\/\"]}]},{\"@type\":\"ImageObject\",\"inLanguage\":\"fr-FR\",\"@id\":\"https:\/\/swissbaker.ch\/fr\/panissimo-news\/un-geste-pour-le-secteur\/#primaryimage\",\"url\":\"https:\/\/swissbaker.ch\/wp-content\/uploads\/2022\/12\/24_panissimo-1.jpg\",\"contentUrl\":\"https:\/\/swissbaker.ch\/wp-content\/uploads\/2022\/12\/24_panissimo-1.jpg\",\"width\":1200,\"height\":712},{\"@type\":\"BreadcrumbList\",\"@id\":\"https:\/\/swissbaker.ch\/fr\/panissimo-news\/un-geste-pour-le-secteur\/#breadcrumb\",\"itemListElement\":[{\"@type\":\"ListItem\",\"position\":1,\"name\":\"\",\"item\":\"https:\/\/swissbaker.ch\/fr\/\"},{\"@type\":\"ListItem\",\"position\":2,\"name\":\"Association\",\"item\":\"https:\/\/swissbaker.ch\/fr\/panissimo-news\/category\/association\/\"},{\"@type\":\"ListItem\",\"position\":3,\"name\":\"Un geste pour le secteur\"}]},{\"@type\":\"WebSite\",\"@id\":\"https:\/\/swissbaker.ch\/fr\/#website\",\"url\":\"https:\/\/swissbaker.ch\/fr\/\",\"name\":\"SBC\",\"description\":\"\",\"publisher\":{\"@id\":\"https:\/\/swissbaker.ch\/fr\/#organization\"},\"potentialAction\":[{\"@type\":\"SearchAction\",\"target\":{\"@type\":\"EntryPoint\",\"urlTemplate\":\"https:\/\/swissbaker.ch\/fr\/?s={search_term_string}\"},\"query-input\":{\"@type\":\"PropertyValueSpecification\",\"valueRequired\":true,\"valueName\":\"search_term_string\"}}],\"inLanguage\":\"fr-FR\"},{\"@type\":\"Organization\",\"@id\":\"https:\/\/swissbaker.ch\/fr\/#organization\",\"name\":\"Schweizerischer B\u00e4cker-Confiseurmeister-Verband\",\"url\":\"https:\/\/swissbaker.ch\/fr\/\",\"logo\":{\"@type\":\"ImageObject\",\"inLanguage\":\"fr-FR\",\"@id\":\"https:\/\/swissbaker.ch\/fr\/#\/schema\/logo\/image\/\",\"url\":\"https:\/\/swissbaker.ch\/wp-content\/uploads\/2022\/04\/sbc-logo-yoast.jpg\",\"contentUrl\":\"https:\/\/swissbaker.ch\/wp-content\/uploads\/2022\/04\/sbc-logo-yoast.jpg\",\"width\":512,\"height\":512,\"caption\":\"Schweizerischer B\u00e4cker-Confiseurmeister-Verband\"},\"image\":{\"@id\":\"https:\/\/swissbaker.ch\/fr\/#\/schema\/logo\/image\/\"},\"sameAs\":[\"https:\/\/www.facebook.com\/swissbaker.ch\",\"https:\/\/x.com\/ch_swissbaker\"]},{\"@type\":\"Person\",\"@id\":\"https:\/\/swissbaker.ch\/fr\/#\/schema\/person\/74bd327b08c18ca6042c02ff6f0ed5e2\",\"name\":\"Simon Nussbaum\",\"image\":{\"@type\":\"ImageObject\",\"inLanguage\":\"fr-FR\",\"@id\":\"https:\/\/swissbaker.ch\/fr\/#\/schema\/person\/image\/\",\"url\":\"https:\/\/secure.gravatar.com\/avatar\/df0eced3bb556c806cb760cf503ade1ed1df25b4104d80d6fd28d93a9509aa12?s=96&d=mm&r=g\",\"contentUrl\":\"https:\/\/secure.gravatar.com\/avatar\/df0eced3bb556c806cb760cf503ade1ed1df25b4104d80d6fd28d93a9509aa12?s=96&d=mm&r=g\",\"caption\":\"Simon Nussbaum\"},\"url\":\"https:\/\/swissbaker.ch\/fr\/panissimo-news\/author\/simon-nussbaum\/\"}]}<\/script>\n<!-- \/ Yoast SEO Premium plugin. -->","yoast_head_json":{"title":"Un geste pour le secteur | SBC","description":"Bien que la spirale des co\u00fbts ait \u00e9t\u00e9 et soit toujours ascensionnelle dans le domaine de la communication, nous avons d\u00e9cid\u00e9 de ne pas augmenter les prix des abonnements et des annonces\u2009; en guise de geste pour notre secteur durement touch\u00e9.","robots":{"index":"index","follow":"follow","max-snippet":"max-snippet:-1","max-image-preview":"max-image-preview:large","max-video-preview":"max-video-preview:-1"},"canonical":"https:\/\/swissbaker.ch\/fr\/panissimo-news\/un-geste-pour-le-secteur\/","og_locale":"fr_FR","og_type":"article","og_title":"Un geste pour le secteur","og_description":"Bien que la spirale des co\u00fbts ait \u00e9t\u00e9 et soit toujours ascensionnelle dans le domaine de la communication, nous avons d\u00e9cid\u00e9 de ne pas augmenter les prix des abonnements et des annonces\u2009; en guise de geste pour notre secteur durement touch\u00e9.","og_url":"https:\/\/swissbaker.ch\/fr\/panissimo-news\/un-geste-pour-le-secteur\/","og_site_name":"SBC","article_publisher":"https:\/\/www.facebook.com\/swissbaker.ch","article_published_time":"2022-12-22T05:23:00+00:00","article_modified_time":"2023-01-24T09:44:44+00:00","og_image":[{"width":1200,"height":712,"url":"https:\/\/swissbaker.ch\/wp-content\/uploads\/2022\/12\/24_panissimo-1.jpg","type":"image\/jpeg"}],"author":"Simon Nussbaum","twitter_card":"summary_large_image","twitter_creator":"@ch_swissbaker","twitter_site":"@ch_swissbaker","twitter_misc":{"Written by":"Simon Nussbaum","Est. reading time":"2 minutes"},"schema":{"@context":"https:\/\/schema.org","@graph":[{"@type":"Article","@id":"https:\/\/swissbaker.ch\/fr\/panissimo-news\/un-geste-pour-le-secteur\/#article","isPartOf":{"@id":"https:\/\/swissbaker.ch\/fr\/panissimo-news\/un-geste-pour-le-secteur\/"},"author":{"name":"Simon Nussbaum","@id":"https:\/\/swissbaker.ch\/fr\/#\/schema\/person\/74bd327b08c18ca6042c02ff6f0ed5e2"},"headline":"Un geste pour le secteur","datePublished":"2022-12-22T05:23:00+00:00","dateModified":"2023-01-24T09:44:44+00:00","mainEntityOfPage":{"@id":"https:\/\/swissbaker.ch\/fr\/panissimo-news\/un-geste-pour-le-secteur\/"},"wordCount":285,"publisher":{"@id":"https:\/\/swissbaker.ch\/fr\/#organization"},"image":{"@id":"https:\/\/swissbaker.ch\/fr\/panissimo-news\/un-geste-pour-le-secteur\/#primaryimage"},"thumbnailUrl":"https:\/\/swissbaker.ch\/wp-content\/uploads\/2022\/12\/24_panissimo-1.jpg","articleSection":["Association"],"inLanguage":"fr-FR"},{"@type":"WebPage","@id":"https:\/\/swissbaker.ch\/fr\/panissimo-news\/un-geste-pour-le-secteur\/","url":"https:\/\/swissbaker.ch\/fr\/panissimo-news\/un-geste-pour-le-secteur\/","name":"Un geste pour le secteur | SBC","isPartOf":{"@id":"https:\/\/swissbaker.ch\/fr\/#website"},"primaryImageOfPage":{"@id":"https:\/\/swissbaker.ch\/fr\/panissimo-news\/un-geste-pour-le-secteur\/#primaryimage"},"image":{"@id":"https:\/\/swissbaker.ch\/fr\/panissimo-news\/un-geste-pour-le-secteur\/#primaryimage"},"thumbnailUrl":"https:\/\/swissbaker.ch\/wp-content\/uploads\/2022\/12\/24_panissimo-1.jpg","datePublished":"2022-12-22T05:23:00+00:00","dateModified":"2023-01-24T09:44:44+00:00","description":"Bien que la spirale des co\u00fbts ait \u00e9t\u00e9 et soit toujours ascensionnelle dans le domaine de la communication, nous avons d\u00e9cid\u00e9 de ne pas augmenter les prix des abonnements et des annonces\u2009; en guise de geste pour notre secteur durement touch\u00e9.","breadcrumb":{"@id":"https:\/\/swissbaker.ch\/fr\/panissimo-news\/un-geste-pour-le-secteur\/#breadcrumb"},"inLanguage":"fr-FR","potentialAction":[{"@type":"ReadAction","target":["https:\/\/swissbaker.ch\/fr\/panissimo-news\/un-geste-pour-le-secteur\/"]}]},{"@type":"ImageObject","inLanguage":"fr-FR","@id":"https:\/\/swissbaker.ch\/fr\/panissimo-news\/un-geste-pour-le-secteur\/#primaryimage","url":"https:\/\/swissbaker.ch\/wp-content\/uploads\/2022\/12\/24_panissimo-1.jpg","contentUrl":"https:\/\/swissbaker.ch\/wp-content\/uploads\/2022\/12\/24_panissimo-1.jpg","width":1200,"height":712},{"@type":"BreadcrumbList","@id":"https:\/\/swissbaker.ch\/fr\/panissimo-news\/un-geste-pour-le-secteur\/#breadcrumb","itemListElement":[{"@type":"ListItem","position":1,"name":"","item":"https:\/\/swissbaker.ch\/fr\/"},{"@type":"ListItem","position":2,"name":"Association","item":"https:\/\/swissbaker.ch\/fr\/panissimo-news\/category\/association\/"},{"@type":"ListItem","position":3,"name":"Un geste pour le secteur"}]},{"@type":"WebSite","@id":"https:\/\/swissbaker.ch\/fr\/#website","url":"https:\/\/swissbaker.ch\/fr\/","name":"SBC","description":"","publisher":{"@id":"https:\/\/swissbaker.ch\/fr\/#organization"},"potentialAction":[{"@type":"SearchAction","target":{"@type":"EntryPoint","urlTemplate":"https:\/\/swissbaker.ch\/fr\/?s={search_term_string}"},"query-input":{"@type":"PropertyValueSpecification","valueRequired":true,"valueName":"search_term_string"}}],"inLanguage":"fr-FR"},{"@type":"Organization","@id":"https:\/\/swissbaker.ch\/fr\/#organization","name":"Schweizerischer B\u00e4cker-Confiseurmeister-Verband","url":"https:\/\/swissbaker.ch\/fr\/","logo":{"@type":"ImageObject","inLanguage":"fr-FR","@id":"https:\/\/swissbaker.ch\/fr\/#\/schema\/logo\/image\/","url":"https:\/\/swissbaker.ch\/wp-content\/uploads\/2022\/04\/sbc-logo-yoast.jpg","contentUrl":"https:\/\/swissbaker.ch\/wp-content\/uploads\/2022\/04\/sbc-logo-yoast.jpg","width":512,"height":512,"caption":"Schweizerischer B\u00e4cker-Confiseurmeister-Verband"},"image":{"@id":"https:\/\/swissbaker.ch\/fr\/#\/schema\/logo\/image\/"},"sameAs":["https:\/\/www.facebook.com\/swissbaker.ch","https:\/\/x.com\/ch_swissbaker"]},{"@type":"Person","@id":"https:\/\/swissbaker.ch\/fr\/#\/schema\/person\/74bd327b08c18ca6042c02ff6f0ed5e2","name":"Simon Nussbaum","image":{"@type":"ImageObject","inLanguage":"fr-FR","@id":"https:\/\/swissbaker.ch\/fr\/#\/schema\/person\/image\/","url":"https:\/\/secure.gravatar.com\/avatar\/df0eced3bb556c806cb760cf503ade1ed1df25b4104d80d6fd28d93a9509aa12?s=96&d=mm&r=g","contentUrl":"https:\/\/secure.gravatar.com\/avatar\/df0eced3bb556c806cb760cf503ade1ed1df25b4104d80d6fd28d93a9509aa12?s=96&d=mm&r=g","caption":"Simon Nussbaum"},"url":"https:\/\/swissbaker.ch\/fr\/panissimo-news\/author\/simon-nussbaum\/"}]}},"_links":{"self":[{"href":"https:\/\/swissbaker.ch\/fr\/wp-json\/wp\/v2\/posts\/54616","targetHints":{"allow":["GET"]}}],"collection":[{"href":"https:\/\/swissbaker.ch\/fr\/wp-json\/wp\/v2\/posts"}],"about":[{"href":"https:\/\/swissbaker.ch\/fr\/wp-json\/wp\/v2\/types\/post"}],"author":[{"embeddable":true,"href":"https:\/\/swissbaker.ch\/fr\/wp-json\/wp\/v2\/users\/5"}],"replies":[{"embeddable":true,"href":"https:\/\/swissbaker.ch\/fr\/wp-json\/wp\/v2\/comments?post=54616"}],"version-history":[{"count":0,"href":"https:\/\/swissbaker.ch\/fr\/wp-json\/wp\/v2\/posts\/54616\/revisions"}],"wp:featuredmedia":[{"embeddable":true,"href":"https:\/\/swissbaker.ch\/fr\/wp-json\/wp\/v2\/media\/54614"}],"wp:attachment":[{"href":"https:\/\/swissbaker.ch\/fr\/wp-json\/wp\/v2\/media?parent=54616"}],"wp:term":[{"taxonomy":"category","embeddable":true,"href":"https:\/\/swissbaker.ch\/fr\/wp-json\/wp\/v2\/categories?post=54616"},{"taxonomy":"post_tag","embeddable":true,"href":"https:\/\/swissbaker.ch\/fr\/wp-json\/wp\/v2\/tags?post=54616"}],"curies":[{"name":"wp","href":"https:\/\/api.w.org\/{rel}","templated":true}]}}