{"id":54484,"date":"2022-12-21T13:16:38","date_gmt":"2022-12-21T12:16:38","guid":{"rendered":"https:\/\/swissbaker.ch\/?p=54484"},"modified":"2023-01-24T10:45:13","modified_gmt":"2023-01-24T09:45:13","slug":"panvica-sur-la-bonne-voie","status":"publish","type":"post","link":"https:\/\/swissbaker.ch\/fr\/panissimo-news\/panvica-sur-la-bonne-voie\/","title":{"rendered":"Panvica sur la bonne voie"},"content":{"rendered":"\n<p><strong>Le projet de r\u00e9organisation&nbsp;\u00abOptima\u00bb a \u00e9t\u00e9 lanc\u00e9 au sein de la panvica au printemps&nbsp;2022. L&#8217;objectif est d&#8217;augmenter l&#8217;efficacit\u00e9 et la qualit\u00e9, et d&#8217;am\u00e9liorer l&#8217;image. Lors de la r\u00e9union du comit\u00e9 central, la directrice Patricia Hochstrasser a donn\u00e9 des informations sur l&#8217;\u00e9tat actuel dudit projet: \u00abNous avons fait un grand pas en avant. Le processus se poursuit.\u00bb<\/strong><\/p>\n\n\n\n<h2 class=\"wp-block-heading\" id=\"h-les-avantages-de-connect\"><strong>Les avantages de \u00ab&nbsp;connect&nbsp;\u00bb<\/strong><\/h2>\n\n\n\n<p>Le d\u00e9veloppement du portail clients \u00abconnect\u00bb fait partie du projet Optima. Patricia Hochstrasser a appel\u00e9 le CC \u00e0 motiver les membres \u00e0 passer \u00e0 \u00ab&nbsp;connect&nbsp;\u00bb en citant les avantages suivants pour les utilisateurs et utilisatrices:<\/p>\n\n\n\n<ul class=\"wp-block-list\"><li>le traitement des t\u00e2ches administratives est simple et efficace pour la client\u00e8le;<\/li><li>le portail clients est clair et orient\u00e9 vers les collaborateurs et collaboratrices;<\/li><li>les donn\u00e9es ne doivent \u00eatre saisies qu&#8217;une seule fois;<\/li><li>toutes les t\u00e2ches et communications sont visibles;<\/li><li>les documents peuvent \u00eatre t\u00e9l\u00e9charg\u00e9s directement dans \u00ab&nbsp;connect&nbsp;\u00bb;<\/li><li>les d\u00e9lais de traitement sont consid\u00e9rablement r\u00e9duits;<\/li><li>le login \u00e0 \u00ab&nbsp;connect&nbsp;\u00bb peut \u00eatre transmis \u00e0 la fiduciaire;<\/li><li>les d\u00e9clarations de salaires peuvent \u00eatre faites directement dans \u00ab&nbsp;connect&nbsp;\u00bb, ce qui r\u00e9duit la charge;<\/li><li>la remise des attestations de formation pour la caisse d&#8217;allocations familiales (CAF) peut \u00eatre d\u00e9l\u00e9gu\u00e9e aux collaborateurs et collaboratrices.<\/li><\/ul>\n\n\n\n<h2 class=\"wp-block-heading\"><strong>Retours positifs<\/strong><\/h2>\n\n\n\n<p>Au CC, les retours par rapport \u00e0 \u00ab&nbsp;connect&nbsp;\u00bb ont \u00e9t\u00e9 positifs: \u00abCela fonctionne tr\u00e8s bien. Je dois avouer qu&#8217;au d\u00e9but, j&#8217;\u00e9tais plut\u00f4t sceptique. Aujourd&#8217;hui, je ne pourrais plus m&#8217;en passer!\u00bb, a d\u00e9clar\u00e9 le pr\u00e9sident de la BCS Silvan Hotz. Le chef des finances de la BCS, Martin Schnyder, a abond\u00e9 dans le m\u00eame sens et lou\u00e9 la rapidit\u00e9 de traitement.<\/p>\n\n\n\n<h2 class=\"wp-block-heading\"><strong>Aper\u00e7u des services<\/strong><\/h2>\n\n\n\n<p>Lors de la r\u00e9union du CC, Patricia Hochstrasser a pr\u00e9sent\u00e9 un aper\u00e7u de la vaste palette de prestations de la panvica:<\/p>\n\n\n\n<ul class=\"wp-block-list\"><li>1er&nbsp;pilier: assurance vieillesse et survivants AVS, AI (indemnit\u00e9s journali\u00e8res AI, rentes AI), allocations pour perte de gain APG (allocation en cas de service, allocation de maternit\u00e9, allocation de paternit\u00e9, allocation pour cong\u00e9 parental, allocation d&#8217;adoption, allocation pour perte de gain en cas de coronavirus);<\/li><li>2e&nbsp;pilier: pr\u00e9voyance professionnelle LPP (caisse de pension panvica CPC, caisse de pension panvica P-Plus), assurance-accidents obligatoire LAA (La Mobili\u00e8re);<\/li><li>assurances compl\u00e9mentaires LCA: assurance-accidents compl\u00e9mentaire LAAC (La Mobili\u00e8re), assurance d&#8217;indemnit\u00e9s journali\u00e8res maladie IJM jusqu&#8217;\u00e0 fin 2022 aupr\u00e8s de l&#8217;assurance-maladie innova, puis de la Swica d\u00e8s 2023, cette derni\u00e8re \u00e9tant plus avantageuse et plus professionnelle selon Patricia Hochstrasser;<\/li><li>caisse d&#8217;allocations familiales CAF: CAF panvica Suisse, CAF AG, CAF BE\/SO, CAF BS\/BL, CAF LU, CAF Suisse orientale, CAF VD et CAF intercantonale cafetiers.<\/li><\/ul>\n\n\n\n<h2 class=\"wp-block-heading\"><strong><br>Regard vers l&#8217;avenir<\/strong><\/h2>\n\n\n\n<p>Le processus de num\u00e9risation et l&#8217;optimisation des processus de travail vont se poursuivre en&nbsp;2023. La formation professionnelle et continue des collaborateurs et collaboratrices de la panvica devrait en outre \u00eatre encourag\u00e9e. Les travaux de mise en \u0153uvre de la r\u00e9forme des retraites 2021, qui devrait entrer en vigueur d\u00e9but 2024, sont en cours. <\/p>\n\n\n\n<p>L\u2019ann\u00e9e prochaine verra \u00e9galement l\u2019introduction d\u2018une \u00abgestion de la sant\u00e9 en entreprise\u00bb avec case management \/ gestion des cas, un service gratuit pour les membres visant \u00e0 aider les employeurs et les employ\u00e9s, en cas d\u2019incapacit\u00e9 de travail, \u00e0 r\u00e9duire les incapacit\u00e9s de travail, et donc les co\u00fbts y relatifs (en coordination avec d&#8217;autres assureurs). En ce qui concerne l&#8217;assurance d&#8217;indemnit\u00e9s journali\u00e8res en cas de maladie, le passage \u00e0 la d\u00e9claration de sinistre \u00e9lectronique devrait permettre un traitement plus rapide d\u00e8s le 1er&nbsp;janvier 2023. <\/p>\n\n\n\n<p>Pour l&#8217;assurance accidents, panvica pr\u00e9voit d&#8217;introduire la d\u00e9claration de sinistre \u00e9lectronique au 1er&nbsp;trimestre 2023. \u00abL&#8217;am\u00e9lioration constante de nos services est importante pour nous, moyennant une vision co\u00fbts-b\u00e9n\u00e9fices appropri\u00e9e pour notre secteur et une prise en compte des pr\u00e9occupations\u00bb, a soulign\u00e9 Patricia Hochstrasser.<\/p>\n\n\n\n<p class=\"has-text-align-right\"><em>BCS<\/em><\/p>\n\n\n\n<hr class=\"wp-block-separator has-alpha-channel-opacity\"\/>\n\n\n\n<h2 class=\"wp-block-heading\"><strong><br>Questionnaire sur la caisse de pension<\/strong><\/h2>\n\n\n\n<p><strong>La panvica a mis en ligne un questionnaire sur son site panvica.ch en vue de conna\u00eetre les besoins des assur\u00e9s actuels et futurs. Les membres de ls BCS sont invit\u00e9s \u00e0 participer \u00e0 cette enqu\u00eate:<\/strong> <a href=\"https:\/\/www.panvica.ch\/index.php?id=downloadspkpanvica&amp;L=1\" target=\"_blank\" rel=\"noreferrer noopener\"><strong>Questionnaire<\/strong><\/a><\/p>\n\n\n\n<p><\/p>\n","protected":false},"excerpt":{"rendered":"<p>Le projet de r\u00e9organisation \u00abOptima\u00bb a \u00e9t\u00e9 lanc\u00e9 au sein de la panvica au printemps 2022. L&#8217;objectif est d&#8217;augmenter l&#8217;efficacit\u00e9 et la qualit\u00e9, et d&#8217;am\u00e9liorer l&#8217;image. Lors de la r\u00e9union du comit\u00e9 central, la directrice Patricia Hochstrasser a donn\u00e9 des informations sur l&#8217;\u00e9tat actuel dudit projet: \u00abNous avons fait un grand pas en avant. Le processus se poursuit.\u00bb<\/p>\n","protected":false},"author":5,"featured_media":54372,"comment_status":"closed","ping_status":"closed","sticky":true,"template":"","format":"standard","meta":{"_acf_changed":false,"footnotes":""},"categories":[41],"tags":[],"class_list":["post-54484","post","type-post","status-publish","format-standard","has-post-thumbnail","hentry","category-association"],"acf":[],"yoast_head":"<!-- This site is optimized with the Yoast SEO Premium plugin v26.8 (Yoast SEO v26.8) - https:\/\/yoast.com\/product\/yoast-seo-premium-wordpress\/ -->\n<title>Panvica sur la bonne voie | SBC<\/title>\n<meta name=\"robots\" content=\"index, follow, max-snippet:-1, max-image-preview:large, max-video-preview:-1\" \/>\n<link rel=\"canonical\" href=\"https:\/\/swissbaker.ch\/fr\/panissimo-news\/panvica-sur-la-bonne-voie\/\" \/>\n<meta property=\"og:locale\" content=\"fr_FR\" \/>\n<meta property=\"og:type\" content=\"article\" \/>\n<meta property=\"og:title\" content=\"Panvica sur la bonne voie\" \/>\n<meta property=\"og:description\" content=\"Le projet de r\u00e9organisation \u00abOptima\u00bb a \u00e9t\u00e9 lanc\u00e9 au sein de la panvica au printemps 2022. L&#039;objectif est d&#039;augmenter l&#039;efficacit\u00e9 et la qualit\u00e9, et d&#039;am\u00e9liorer l&#039;image. Lors de la r\u00e9union du comit\u00e9 central, la directrice Patricia Hochstrasser a donn\u00e9 des informations sur l&#039;\u00e9tat actuel dudit projet: \u00abNous avons fait un grand pas en avant. Le processus se poursuit.\u00bb\" \/>\n<meta property=\"og:url\" content=\"https:\/\/swissbaker.ch\/fr\/panissimo-news\/panvica-sur-la-bonne-voie\/\" \/>\n<meta property=\"og:site_name\" content=\"SBC\" \/>\n<meta property=\"article:publisher\" content=\"https:\/\/www.facebook.com\/swissbaker.ch\" \/>\n<meta property=\"article:published_time\" content=\"2022-12-21T12:16:38+00:00\" \/>\n<meta property=\"article:modified_time\" content=\"2023-01-24T09:45:13+00:00\" \/>\n<meta property=\"og:image\" content=\"https:\/\/swissbaker.ch\/wp-content\/uploads\/2022\/12\/logo_panvica-1.jpg\" \/>\n\t<meta property=\"og:image:width\" content=\"800\" \/>\n\t<meta property=\"og:image:height\" content=\"800\" \/>\n\t<meta property=\"og:image:type\" content=\"image\/jpeg\" \/>\n<meta name=\"author\" content=\"Simon Nussbaum\" \/>\n<meta name=\"twitter:card\" content=\"summary_large_image\" \/>\n<meta name=\"twitter:creator\" content=\"@ch_swissbaker\" \/>\n<meta name=\"twitter:site\" content=\"@ch_swissbaker\" \/>\n<meta name=\"twitter:label1\" content=\"Written by\" \/>\n\t<meta name=\"twitter:data1\" content=\"Simon Nussbaum\" \/>\n\t<meta name=\"twitter:label2\" content=\"Est. reading time\" \/>\n\t<meta name=\"twitter:data2\" content=\"4 minutes\" \/>\n<script type=\"application\/ld+json\" class=\"yoast-schema-graph\">{\"@context\":\"https:\/\/schema.org\",\"@graph\":[{\"@type\":\"Article\",\"@id\":\"https:\/\/swissbaker.ch\/fr\/panissimo-news\/panvica-sur-la-bonne-voie\/#article\",\"isPartOf\":{\"@id\":\"https:\/\/swissbaker.ch\/fr\/panissimo-news\/panvica-sur-la-bonne-voie\/\"},\"author\":{\"name\":\"Simon Nussbaum\",\"@id\":\"https:\/\/swissbaker.ch\/fr\/#\/schema\/person\/74bd327b08c18ca6042c02ff6f0ed5e2\"},\"headline\":\"Panvica sur la bonne voie\",\"datePublished\":\"2022-12-21T12:16:38+00:00\",\"dateModified\":\"2023-01-24T09:45:13+00:00\",\"mainEntityOfPage\":{\"@id\":\"https:\/\/swissbaker.ch\/fr\/panissimo-news\/panvica-sur-la-bonne-voie\/\"},\"wordCount\":737,\"publisher\":{\"@id\":\"https:\/\/swissbaker.ch\/fr\/#organization\"},\"image\":{\"@id\":\"https:\/\/swissbaker.ch\/fr\/panissimo-news\/panvica-sur-la-bonne-voie\/#primaryimage\"},\"thumbnailUrl\":\"https:\/\/swissbaker.ch\/wp-content\/uploads\/2022\/12\/logo_panvica-1.jpg\",\"articleSection\":[\"Association\"],\"inLanguage\":\"fr-FR\"},{\"@type\":\"WebPage\",\"@id\":\"https:\/\/swissbaker.ch\/fr\/panissimo-news\/panvica-sur-la-bonne-voie\/\",\"url\":\"https:\/\/swissbaker.ch\/fr\/panissimo-news\/panvica-sur-la-bonne-voie\/\",\"name\":\"Panvica sur la bonne voie | SBC\",\"isPartOf\":{\"@id\":\"https:\/\/swissbaker.ch\/fr\/#website\"},\"primaryImageOfPage\":{\"@id\":\"https:\/\/swissbaker.ch\/fr\/panissimo-news\/panvica-sur-la-bonne-voie\/#primaryimage\"},\"image\":{\"@id\":\"https:\/\/swissbaker.ch\/fr\/panissimo-news\/panvica-sur-la-bonne-voie\/#primaryimage\"},\"thumbnailUrl\":\"https:\/\/swissbaker.ch\/wp-content\/uploads\/2022\/12\/logo_panvica-1.jpg\",\"datePublished\":\"2022-12-21T12:16:38+00:00\",\"dateModified\":\"2023-01-24T09:45:13+00:00\",\"breadcrumb\":{\"@id\":\"https:\/\/swissbaker.ch\/fr\/panissimo-news\/panvica-sur-la-bonne-voie\/#breadcrumb\"},\"inLanguage\":\"fr-FR\",\"potentialAction\":[{\"@type\":\"ReadAction\",\"target\":[\"https:\/\/swissbaker.ch\/fr\/panissimo-news\/panvica-sur-la-bonne-voie\/\"]}]},{\"@type\":\"ImageObject\",\"inLanguage\":\"fr-FR\",\"@id\":\"https:\/\/swissbaker.ch\/fr\/panissimo-news\/panvica-sur-la-bonne-voie\/#primaryimage\",\"url\":\"https:\/\/swissbaker.ch\/wp-content\/uploads\/2022\/12\/logo_panvica-1.jpg\",\"contentUrl\":\"https:\/\/swissbaker.ch\/wp-content\/uploads\/2022\/12\/logo_panvica-1.jpg\",\"width\":800,\"height\":800,\"caption\":\"panvica ITA logo\"},{\"@type\":\"BreadcrumbList\",\"@id\":\"https:\/\/swissbaker.ch\/fr\/panissimo-news\/panvica-sur-la-bonne-voie\/#breadcrumb\",\"itemListElement\":[{\"@type\":\"ListItem\",\"position\":1,\"name\":\"\",\"item\":\"https:\/\/swissbaker.ch\/fr\/\"},{\"@type\":\"ListItem\",\"position\":2,\"name\":\"Association\",\"item\":\"https:\/\/swissbaker.ch\/fr\/panissimo-news\/category\/association\/\"},{\"@type\":\"ListItem\",\"position\":3,\"name\":\"Panvica sur la bonne voie\"}]},{\"@type\":\"WebSite\",\"@id\":\"https:\/\/swissbaker.ch\/fr\/#website\",\"url\":\"https:\/\/swissbaker.ch\/fr\/\",\"name\":\"SBC\",\"description\":\"\",\"publisher\":{\"@id\":\"https:\/\/swissbaker.ch\/fr\/#organization\"},\"potentialAction\":[{\"@type\":\"SearchAction\",\"target\":{\"@type\":\"EntryPoint\",\"urlTemplate\":\"https:\/\/swissbaker.ch\/fr\/?s={search_term_string}\"},\"query-input\":{\"@type\":\"PropertyValueSpecification\",\"valueRequired\":true,\"valueName\":\"search_term_string\"}}],\"inLanguage\":\"fr-FR\"},{\"@type\":\"Organization\",\"@id\":\"https:\/\/swissbaker.ch\/fr\/#organization\",\"name\":\"Schweizerischer B\u00e4cker-Confiseurmeister-Verband\",\"url\":\"https:\/\/swissbaker.ch\/fr\/\",\"logo\":{\"@type\":\"ImageObject\",\"inLanguage\":\"fr-FR\",\"@id\":\"https:\/\/swissbaker.ch\/fr\/#\/schema\/logo\/image\/\",\"url\":\"https:\/\/swissbaker.ch\/wp-content\/uploads\/2022\/04\/sbc-logo-yoast.jpg\",\"contentUrl\":\"https:\/\/swissbaker.ch\/wp-content\/uploads\/2022\/04\/sbc-logo-yoast.jpg\",\"width\":512,\"height\":512,\"caption\":\"Schweizerischer B\u00e4cker-Confiseurmeister-Verband\"},\"image\":{\"@id\":\"https:\/\/swissbaker.ch\/fr\/#\/schema\/logo\/image\/\"},\"sameAs\":[\"https:\/\/www.facebook.com\/swissbaker.ch\",\"https:\/\/x.com\/ch_swissbaker\"]},{\"@type\":\"Person\",\"@id\":\"https:\/\/swissbaker.ch\/fr\/#\/schema\/person\/74bd327b08c18ca6042c02ff6f0ed5e2\",\"name\":\"Simon Nussbaum\",\"image\":{\"@type\":\"ImageObject\",\"inLanguage\":\"fr-FR\",\"@id\":\"https:\/\/swissbaker.ch\/fr\/#\/schema\/person\/image\/\",\"url\":\"https:\/\/secure.gravatar.com\/avatar\/df0eced3bb556c806cb760cf503ade1ed1df25b4104d80d6fd28d93a9509aa12?s=96&d=mm&r=g\",\"contentUrl\":\"https:\/\/secure.gravatar.com\/avatar\/df0eced3bb556c806cb760cf503ade1ed1df25b4104d80d6fd28d93a9509aa12?s=96&d=mm&r=g\",\"caption\":\"Simon Nussbaum\"},\"url\":\"https:\/\/swissbaker.ch\/fr\/panissimo-news\/author\/simon-nussbaum\/\"}]}<\/script>\n<!-- \/ Yoast SEO Premium plugin. -->","yoast_head_json":{"title":"Panvica sur la bonne voie | SBC","robots":{"index":"index","follow":"follow","max-snippet":"max-snippet:-1","max-image-preview":"max-image-preview:large","max-video-preview":"max-video-preview:-1"},"canonical":"https:\/\/swissbaker.ch\/fr\/panissimo-news\/panvica-sur-la-bonne-voie\/","og_locale":"fr_FR","og_type":"article","og_title":"Panvica sur la bonne voie","og_description":"Le projet de r\u00e9organisation \u00abOptima\u00bb a \u00e9t\u00e9 lanc\u00e9 au sein de la panvica au printemps 2022. L'objectif est d'augmenter l'efficacit\u00e9 et la qualit\u00e9, et d'am\u00e9liorer l'image. Lors de la r\u00e9union du comit\u00e9 central, la directrice Patricia Hochstrasser a donn\u00e9 des informations sur l'\u00e9tat actuel dudit projet: \u00abNous avons fait un grand pas en avant. Le processus se poursuit.\u00bb","og_url":"https:\/\/swissbaker.ch\/fr\/panissimo-news\/panvica-sur-la-bonne-voie\/","og_site_name":"SBC","article_publisher":"https:\/\/www.facebook.com\/swissbaker.ch","article_published_time":"2022-12-21T12:16:38+00:00","article_modified_time":"2023-01-24T09:45:13+00:00","og_image":[{"width":800,"height":800,"url":"https:\/\/swissbaker.ch\/wp-content\/uploads\/2022\/12\/logo_panvica-1.jpg","type":"image\/jpeg"}],"author":"Simon Nussbaum","twitter_card":"summary_large_image","twitter_creator":"@ch_swissbaker","twitter_site":"@ch_swissbaker","twitter_misc":{"Written by":"Simon Nussbaum","Est. reading time":"4 minutes"},"schema":{"@context":"https:\/\/schema.org","@graph":[{"@type":"Article","@id":"https:\/\/swissbaker.ch\/fr\/panissimo-news\/panvica-sur-la-bonne-voie\/#article","isPartOf":{"@id":"https:\/\/swissbaker.ch\/fr\/panissimo-news\/panvica-sur-la-bonne-voie\/"},"author":{"name":"Simon Nussbaum","@id":"https:\/\/swissbaker.ch\/fr\/#\/schema\/person\/74bd327b08c18ca6042c02ff6f0ed5e2"},"headline":"Panvica sur la bonne voie","datePublished":"2022-12-21T12:16:38+00:00","dateModified":"2023-01-24T09:45:13+00:00","mainEntityOfPage":{"@id":"https:\/\/swissbaker.ch\/fr\/panissimo-news\/panvica-sur-la-bonne-voie\/"},"wordCount":737,"publisher":{"@id":"https:\/\/swissbaker.ch\/fr\/#organization"},"image":{"@id":"https:\/\/swissbaker.ch\/fr\/panissimo-news\/panvica-sur-la-bonne-voie\/#primaryimage"},"thumbnailUrl":"https:\/\/swissbaker.ch\/wp-content\/uploads\/2022\/12\/logo_panvica-1.jpg","articleSection":["Association"],"inLanguage":"fr-FR"},{"@type":"WebPage","@id":"https:\/\/swissbaker.ch\/fr\/panissimo-news\/panvica-sur-la-bonne-voie\/","url":"https:\/\/swissbaker.ch\/fr\/panissimo-news\/panvica-sur-la-bonne-voie\/","name":"Panvica sur la bonne voie | SBC","isPartOf":{"@id":"https:\/\/swissbaker.ch\/fr\/#website"},"primaryImageOfPage":{"@id":"https:\/\/swissbaker.ch\/fr\/panissimo-news\/panvica-sur-la-bonne-voie\/#primaryimage"},"image":{"@id":"https:\/\/swissbaker.ch\/fr\/panissimo-news\/panvica-sur-la-bonne-voie\/#primaryimage"},"thumbnailUrl":"https:\/\/swissbaker.ch\/wp-content\/uploads\/2022\/12\/logo_panvica-1.jpg","datePublished":"2022-12-21T12:16:38+00:00","dateModified":"2023-01-24T09:45:13+00:00","breadcrumb":{"@id":"https:\/\/swissbaker.ch\/fr\/panissimo-news\/panvica-sur-la-bonne-voie\/#breadcrumb"},"inLanguage":"fr-FR","potentialAction":[{"@type":"ReadAction","target":["https:\/\/swissbaker.ch\/fr\/panissimo-news\/panvica-sur-la-bonne-voie\/"]}]},{"@type":"ImageObject","inLanguage":"fr-FR","@id":"https:\/\/swissbaker.ch\/fr\/panissimo-news\/panvica-sur-la-bonne-voie\/#primaryimage","url":"https:\/\/swissbaker.ch\/wp-content\/uploads\/2022\/12\/logo_panvica-1.jpg","contentUrl":"https:\/\/swissbaker.ch\/wp-content\/uploads\/2022\/12\/logo_panvica-1.jpg","width":800,"height":800,"caption":"panvica ITA logo"},{"@type":"BreadcrumbList","@id":"https:\/\/swissbaker.ch\/fr\/panissimo-news\/panvica-sur-la-bonne-voie\/#breadcrumb","itemListElement":[{"@type":"ListItem","position":1,"name":"","item":"https:\/\/swissbaker.ch\/fr\/"},{"@type":"ListItem","position":2,"name":"Association","item":"https:\/\/swissbaker.ch\/fr\/panissimo-news\/category\/association\/"},{"@type":"ListItem","position":3,"name":"Panvica sur la bonne voie"}]},{"@type":"WebSite","@id":"https:\/\/swissbaker.ch\/fr\/#website","url":"https:\/\/swissbaker.ch\/fr\/","name":"SBC","description":"","publisher":{"@id":"https:\/\/swissbaker.ch\/fr\/#organization"},"potentialAction":[{"@type":"SearchAction","target":{"@type":"EntryPoint","urlTemplate":"https:\/\/swissbaker.ch\/fr\/?s={search_term_string}"},"query-input":{"@type":"PropertyValueSpecification","valueRequired":true,"valueName":"search_term_string"}}],"inLanguage":"fr-FR"},{"@type":"Organization","@id":"https:\/\/swissbaker.ch\/fr\/#organization","name":"Schweizerischer B\u00e4cker-Confiseurmeister-Verband","url":"https:\/\/swissbaker.ch\/fr\/","logo":{"@type":"ImageObject","inLanguage":"fr-FR","@id":"https:\/\/swissbaker.ch\/fr\/#\/schema\/logo\/image\/","url":"https:\/\/swissbaker.ch\/wp-content\/uploads\/2022\/04\/sbc-logo-yoast.jpg","contentUrl":"https:\/\/swissbaker.ch\/wp-content\/uploads\/2022\/04\/sbc-logo-yoast.jpg","width":512,"height":512,"caption":"Schweizerischer B\u00e4cker-Confiseurmeister-Verband"},"image":{"@id":"https:\/\/swissbaker.ch\/fr\/#\/schema\/logo\/image\/"},"sameAs":["https:\/\/www.facebook.com\/swissbaker.ch","https:\/\/x.com\/ch_swissbaker"]},{"@type":"Person","@id":"https:\/\/swissbaker.ch\/fr\/#\/schema\/person\/74bd327b08c18ca6042c02ff6f0ed5e2","name":"Simon Nussbaum","image":{"@type":"ImageObject","inLanguage":"fr-FR","@id":"https:\/\/swissbaker.ch\/fr\/#\/schema\/person\/image\/","url":"https:\/\/secure.gravatar.com\/avatar\/df0eced3bb556c806cb760cf503ade1ed1df25b4104d80d6fd28d93a9509aa12?s=96&d=mm&r=g","contentUrl":"https:\/\/secure.gravatar.com\/avatar\/df0eced3bb556c806cb760cf503ade1ed1df25b4104d80d6fd28d93a9509aa12?s=96&d=mm&r=g","caption":"Simon Nussbaum"},"url":"https:\/\/swissbaker.ch\/fr\/panissimo-news\/author\/simon-nussbaum\/"}]}},"_links":{"self":[{"href":"https:\/\/swissbaker.ch\/fr\/wp-json\/wp\/v2\/posts\/54484","targetHints":{"allow":["GET"]}}],"collection":[{"href":"https:\/\/swissbaker.ch\/fr\/wp-json\/wp\/v2\/posts"}],"about":[{"href":"https:\/\/swissbaker.ch\/fr\/wp-json\/wp\/v2\/types\/post"}],"author":[{"embeddable":true,"href":"https:\/\/swissbaker.ch\/fr\/wp-json\/wp\/v2\/users\/5"}],"replies":[{"embeddable":true,"href":"https:\/\/swissbaker.ch\/fr\/wp-json\/wp\/v2\/comments?post=54484"}],"version-history":[{"count":0,"href":"https:\/\/swissbaker.ch\/fr\/wp-json\/wp\/v2\/posts\/54484\/revisions"}],"wp:featuredmedia":[{"embeddable":true,"href":"https:\/\/swissbaker.ch\/fr\/wp-json\/wp\/v2\/media\/54372"}],"wp:attachment":[{"href":"https:\/\/swissbaker.ch\/fr\/wp-json\/wp\/v2\/media?parent=54484"}],"wp:term":[{"taxonomy":"category","embeddable":true,"href":"https:\/\/swissbaker.ch\/fr\/wp-json\/wp\/v2\/categories?post=54484"},{"taxonomy":"post_tag","embeddable":true,"href":"https:\/\/swissbaker.ch\/fr\/wp-json\/wp\/v2\/tags?post=54484"}],"curies":[{"name":"wp","href":"https:\/\/api.w.org\/{rel}","templated":true}]}}