{"id":54455,"date":"2022-12-21T11:09:55","date_gmt":"2022-12-21T10:09:55","guid":{"rendered":"https:\/\/swissbaker.ch\/?p=54455"},"modified":"2023-01-24T10:45:14","modified_gmt":"2023-01-24T09:45:14","slug":"session-dhiver-du-parlement-federal-2","status":"publish","type":"post","link":"https:\/\/swissbaker.ch\/fr\/panissimo-news\/session-dhiver-du-parlement-federal-2\/","title":{"rendered":"Session d\u2019hiver du Parlement f\u00e9d\u00e9ral"},"content":{"rendered":"\n<p><strong>La session d\u2019hiver s\u2019est termin\u00e9e au Palais f\u00e9d\u00e9ral. Pas moins de 18 objets ont \u00e9t\u00e9 d\u00e9finitivement adopt\u00e9s au cours de trois semaines. L\u2019\u00e9lection du Conseil f\u00e9d\u00e9ral a form\u00e9 l\u2019\u00e9v\u00e9nement central. Outre l\u2019\u00e9lection des nouveaux membres du gouvernement, le Parlement a \u00e9galement vot\u00e9 et d\u00e9lib\u00e9r\u00e9 sur d\u2019autres sujets. Peu de d\u00e9cisions finales ont \u00e9t\u00e9 prises, mais beaucoup de points ont \u00e9t\u00e9 discut\u00e9s.<\/strong><\/p>\n\n\n\n<p>Les Chambres f\u00e9d\u00e9rales ont cl\u00f4tur\u00e9 la session d\u2019hiver par les votes finaux. Le Parlement a approuv\u00e9 18 objets, parmi lesquels la modification de la Constitution sur l\u2019imposition minimale convenue par l\u2019Organisation de coop\u00e9ration et de d\u00e9veloppement \u00e9conomiques (OCDE), la r\u00e9gulation adapt\u00e9e de la population croissante des loups et la limitation de l\u2019activit\u00e9 de courtage t\u00e9l\u00e9phonique. Le feu vert a \u00e9t\u00e9 donn\u00e9 pour la mise en \u0153uvre de l\u2019initiative soins infirmiers. Ces d\u00e9cisions sont soumises au r\u00e9f\u00e9rendum facultatif, \u00e0 deux exceptions pr\u00e8s\u2009: la modification de la Constitution sur l\u2019imposition minimale convenue par l\u2019OCDE est soumise au r\u00e9f\u00e9rendum obligatoire, de sorte qu\u2019elle n\u00e9cessite encore l\u2019approbation du peuple et des cantons. La votation \u00e0 ce sujet aura lieu le 18\u202fjuin 2023. <\/p>\n\n\n\n<h2 class=\"wp-block-heading\" id=\"h-l-essentiel-de-la-session-d-hiver-pour-notre-branche\">L\u2019essentiel de la session d\u2019hiver pour notre branche :<\/h2>\n\n\n\n<p><strong>Le Conseil national renforce les CCT \u00e9tendues<br><\/strong>Le Conseil national (CN) a confirm\u00e9 la semaine derni\u00e8re la d\u00e9cision du Conseil des \u00c9tats (CE) et veut que les dispositions d\u2019une convention collective de travail d\u00e9clar\u00e9e de force obligatoire (CCT \u00e9tendue) concernant le salaire minimum, le 13e mois de salaire et le droit aux vacances l\u2019emportent sur les dispositions contraires des cantons. Il a adopt\u00e9 la motion Ettlin \u00ab\u2009Prot\u00e9ger le partenariat social contre les ing\u00e9rences discutables\u2009\u00bb. Une large alliance de 27 associations \u00e9conomiques et sectorielles, dont la BCS, salue cette d\u00e9cision. Pour toutes les autres dispositions du droit du travail, les cantons conservent le droit d\u2019intervenir eux-m\u00eames dans les CCT \u00e9tendues. De plus, les salaires minimaux cantonaux pourront toujours \u00eatre d\u00e9cid\u00e9s, seuls les salaires minimaux n\u00e9goci\u00e9s par les partenaires sociaux et d\u00e9clar\u00e9s de force obligatoire g\u00e9n\u00e9rale \u00e9tant exclus. Cette d\u00e9cision n\u2019affaiblit pas la volont\u00e9 populaire cantonale, mais pr\u00e9cise sa mise en \u0153uvre. Au contraire, elle concilie le droit cantonal et le droit f\u00e9d\u00e9ral ou la politique sociale et le partenariat social. Le Conseil f\u00e9d\u00e9ral (CF) a maintenant pour mission d\u2019adapter en cons\u00e9quence la loi f\u00e9d\u00e9rale sur l\u2019extension du champ d\u2019application des conventions collectives de travail. Le Parlement pourra alors \u00e0 nouveau se prononcer \u00e0 ce sujet.<\/p>\n\n\n\n<p><strong>Une r\u00e9forme de la LPP controvers\u00e9e<br><\/strong>La r\u00e9forme du premier pilier de la pr\u00e9voyance vieillesse, l\u2019AVS, est sous toit. Le CE avait repouss\u00e9 pendant longtemps la r\u00e9forme de la pr\u00e9voyance professionnelle. Il pose les premiers jalons des mesures de r\u00e9novation du deuxi\u00e8me pilier\u2009: la pr\u00e9voyance professionnelle. L\u2019\u00e9l\u00e9ment cl\u00e9 de la r\u00e9forme de la pr\u00e9voyance professionnelle est l\u2019abaissement de 6,8 \u00e0 6\u202f% du taux minimum auquel le capital \u00e9pargn\u00e9 est converti en rente. Des compensations sont pr\u00e9vues pour att\u00e9nuer la baisse des rentes. Il est pr\u00e9vu que ceux qui ont des revenus plus faibles, c\u2019est-\u00e0-dire en particulier les femmes qui travaillent \u00e0 temps partiel, soient \u00e9galement admis dans la caisse de pension. Les d\u00e9bats au CE ont surtout port\u00e9 sur le montant de la r\u00e9duction des futures rentes et sur la mani\u00e8re dont ces pertes seront compens\u00e9es.<\/p>\n\n\n\n<p><strong>Politique agricole \u00e0 partir de 2022<br><\/strong>La Chambre haute soutient le nouveau projet de politique agricole apr\u00e8s 2022. Il y a presque deux ans, le Parlement avait gel\u00e9 le projet et exig\u00e9 une perspective \u00e0 long terme qui comprenne \u00e9galement des th\u00e8mes tels que la s\u00e9curit\u00e9 alimentaire et le gaspillage alimentaire. Le CF a pr\u00e9sent\u00e9 ce rapport en \u00e9t\u00e9 et a recueilli l\u2019approbation du CE. Le CE veut en outre donner au CF des mandats de suivi\u2009: il doit tout d\u2019abord transformer sa proposition de concept sur l\u2019avenir de la politique agricole en un message pour la prochaine \u00e9tape de la politique agricole. Il devra pr\u00e9senter ce message d\u2019ici fin 2027. Enfin, le CE a transmis un postulat qui demande au CF d\u2019analyser la situation de la concurrence sur le march\u00e9 des denr\u00e9es alimentaires. La concentration du march\u00e9 agricole et alimentaire est \u00e0 l\u2019origine de cette intervention.<\/p>\n\n\n\n<p><strong>Gaspillage alimentaire<br><\/strong>Le CF est charg\u00e9 de montrer dans un rapport comment la destruction de denr\u00e9es alimentaires consommables, en particulier de produits \u00e0 base de viande et de poisson, pourrait \u00eatre r\u00e9duite dans le commerce de d\u00e9tail et quelles mesures concr\u00e8tes il compte prendre \u00e0 ce propos. On pourrait envisager des mesures de communication telles que des entretiens avec les d\u00e9taillants afin de mettre en \u00e9vidence des solutions possibles telles que la cong\u00e9lation et la remise \u00e0 des organisations b\u00e9n\u00e9voles ainsi que la marge de man\u0153uvre l\u00e9gale en ce qui concerne les dates de p\u00e9remption. Un postulat demandant d\u2019examiner dans quelle mesure un service de coordination pourrait contribuer \u00e0 r\u00e9duire le gaspillage alimentaire a \u00e9galement \u00e9t\u00e9 adopt\u00e9. Le CF avait recommand\u00e9 le rejet de ces deux postulats.<\/p>\n\n\n\n<p class=\"has-text-align-right\"><em>Urs Wellauer-Boschung, directeur de la BCS<\/em><\/p>\n","protected":false},"excerpt":{"rendered":"<p>La session d\u2019hiver s\u2019est termin\u00e9e au Palais f\u00e9d\u00e9ral. Pas moins de 18 objets ont \u00e9t\u00e9 d\u00e9finitivement adopt\u00e9s au cours de trois semaines. L\u2019\u00e9lection du Conseil f\u00e9d\u00e9ral a form\u00e9 l\u2019\u00e9v\u00e9nement central. Outre l\u2019\u00e9lection des nouveaux membres du gouvernement, le Parlement a \u00e9galement vot\u00e9 et d\u00e9lib\u00e9r\u00e9 sur d\u2019autres sujets. Peu de d\u00e9cisions finales ont \u00e9t\u00e9 prises, mais beaucoup de points ont \u00e9t\u00e9 [&hellip;]<\/p>\n","protected":false},"author":5,"featured_media":50656,"comment_status":"closed","ping_status":"closed","sticky":false,"template":"","format":"standard","meta":{"_acf_changed":false,"footnotes":""},"categories":[44],"tags":[],"class_list":["post-54455","post","type-post","status-publish","format-standard","has-post-thumbnail","hentry","category-droit-politique"],"acf":[],"yoast_head":"<!-- This site is optimized with the Yoast SEO Premium plugin v26.8 (Yoast SEO v26.8) - https:\/\/yoast.com\/product\/yoast-seo-premium-wordpress\/ -->\n<title>Session d\u2019hiver du Parlement f\u00e9d\u00e9ral | SBC<\/title>\n<meta name=\"robots\" content=\"index, follow, max-snippet:-1, max-image-preview:large, max-video-preview:-1\" \/>\n<link rel=\"canonical\" href=\"https:\/\/swissbaker.ch\/fr\/panissimo-news\/session-dhiver-du-parlement-federal-2\/\" \/>\n<meta property=\"og:locale\" content=\"fr_FR\" \/>\n<meta property=\"og:type\" content=\"article\" \/>\n<meta property=\"og:title\" content=\"Session d\u2019hiver du Parlement f\u00e9d\u00e9ral\" \/>\n<meta property=\"og:description\" content=\"La session d\u2019hiver s\u2019est termin\u00e9e au Palais f\u00e9d\u00e9ral. Pas moins de 18 objets ont \u00e9t\u00e9 d\u00e9finitivement adopt\u00e9s au cours de trois semaines. L\u2019\u00e9lection du Conseil f\u00e9d\u00e9ral a form\u00e9 l\u2019\u00e9v\u00e9nement central. Outre l\u2019\u00e9lection des nouveaux membres du gouvernement, le Parlement a \u00e9galement vot\u00e9 et d\u00e9lib\u00e9r\u00e9 sur d\u2019autres sujets. Peu de d\u00e9cisions finales ont \u00e9t\u00e9 prises, mais beaucoup de points ont \u00e9t\u00e9 [&hellip;]\" \/>\n<meta property=\"og:url\" content=\"https:\/\/swissbaker.ch\/fr\/panissimo-news\/session-dhiver-du-parlement-federal-2\/\" \/>\n<meta property=\"og:site_name\" content=\"SBC\" \/>\n<meta property=\"article:publisher\" content=\"https:\/\/www.facebook.com\/swissbaker.ch\" \/>\n<meta property=\"article:published_time\" content=\"2022-12-21T10:09:55+00:00\" \/>\n<meta property=\"article:modified_time\" content=\"2023-01-24T09:45:14+00:00\" \/>\n<meta property=\"og:image\" content=\"https:\/\/swissbaker.ch\/wp-content\/uploads\/2022\/10\/urs_wellauer.jpg\" \/>\n\t<meta property=\"og:image:width\" content=\"1200\" \/>\n\t<meta property=\"og:image:height\" content=\"712\" \/>\n\t<meta property=\"og:image:type\" content=\"image\/jpeg\" \/>\n<meta name=\"author\" content=\"Simon Nussbaum\" \/>\n<meta name=\"twitter:card\" content=\"summary_large_image\" \/>\n<meta name=\"twitter:creator\" content=\"@ch_swissbaker\" \/>\n<meta name=\"twitter:site\" content=\"@ch_swissbaker\" \/>\n<meta name=\"twitter:label1\" content=\"Written by\" \/>\n\t<meta name=\"twitter:data1\" content=\"Simon Nussbaum\" \/>\n\t<meta name=\"twitter:label2\" content=\"Est. reading time\" \/>\n\t<meta name=\"twitter:data2\" content=\"5 minutes\" \/>\n<script type=\"application\/ld+json\" class=\"yoast-schema-graph\">{\"@context\":\"https:\/\/schema.org\",\"@graph\":[{\"@type\":\"Article\",\"@id\":\"https:\/\/swissbaker.ch\/fr\/panissimo-news\/session-dhiver-du-parlement-federal-2\/#article\",\"isPartOf\":{\"@id\":\"https:\/\/swissbaker.ch\/fr\/panissimo-news\/session-dhiver-du-parlement-federal-2\/\"},\"author\":{\"name\":\"Simon Nussbaum\",\"@id\":\"https:\/\/swissbaker.ch\/fr\/#\/schema\/person\/74bd327b08c18ca6042c02ff6f0ed5e2\"},\"headline\":\"Session d\u2019hiver du Parlement f\u00e9d\u00e9ral\",\"datePublished\":\"2022-12-21T10:09:55+00:00\",\"dateModified\":\"2023-01-24T09:45:14+00:00\",\"mainEntityOfPage\":{\"@id\":\"https:\/\/swissbaker.ch\/fr\/panissimo-news\/session-dhiver-du-parlement-federal-2\/\"},\"wordCount\":919,\"publisher\":{\"@id\":\"https:\/\/swissbaker.ch\/fr\/#organization\"},\"image\":{\"@id\":\"https:\/\/swissbaker.ch\/fr\/panissimo-news\/session-dhiver-du-parlement-federal-2\/#primaryimage\"},\"thumbnailUrl\":\"https:\/\/swissbaker.ch\/wp-content\/uploads\/2022\/10\/urs_wellauer.jpg\",\"articleSection\":[\"Droit &amp; politique\"],\"inLanguage\":\"fr-FR\"},{\"@type\":\"WebPage\",\"@id\":\"https:\/\/swissbaker.ch\/fr\/panissimo-news\/session-dhiver-du-parlement-federal-2\/\",\"url\":\"https:\/\/swissbaker.ch\/fr\/panissimo-news\/session-dhiver-du-parlement-federal-2\/\",\"name\":\"Session d\u2019hiver du Parlement f\u00e9d\u00e9ral | SBC\",\"isPartOf\":{\"@id\":\"https:\/\/swissbaker.ch\/fr\/#website\"},\"primaryImageOfPage\":{\"@id\":\"https:\/\/swissbaker.ch\/fr\/panissimo-news\/session-dhiver-du-parlement-federal-2\/#primaryimage\"},\"image\":{\"@id\":\"https:\/\/swissbaker.ch\/fr\/panissimo-news\/session-dhiver-du-parlement-federal-2\/#primaryimage\"},\"thumbnailUrl\":\"https:\/\/swissbaker.ch\/wp-content\/uploads\/2022\/10\/urs_wellauer.jpg\",\"datePublished\":\"2022-12-21T10:09:55+00:00\",\"dateModified\":\"2023-01-24T09:45:14+00:00\",\"breadcrumb\":{\"@id\":\"https:\/\/swissbaker.ch\/fr\/panissimo-news\/session-dhiver-du-parlement-federal-2\/#breadcrumb\"},\"inLanguage\":\"fr-FR\",\"potentialAction\":[{\"@type\":\"ReadAction\",\"target\":[\"https:\/\/swissbaker.ch\/fr\/panissimo-news\/session-dhiver-du-parlement-federal-2\/\"]}]},{\"@type\":\"ImageObject\",\"inLanguage\":\"fr-FR\",\"@id\":\"https:\/\/swissbaker.ch\/fr\/panissimo-news\/session-dhiver-du-parlement-federal-2\/#primaryimage\",\"url\":\"https:\/\/swissbaker.ch\/wp-content\/uploads\/2022\/10\/urs_wellauer.jpg\",\"contentUrl\":\"https:\/\/swissbaker.ch\/wp-content\/uploads\/2022\/10\/urs_wellauer.jpg\",\"width\":1200,\"height\":712},{\"@type\":\"BreadcrumbList\",\"@id\":\"https:\/\/swissbaker.ch\/fr\/panissimo-news\/session-dhiver-du-parlement-federal-2\/#breadcrumb\",\"itemListElement\":[{\"@type\":\"ListItem\",\"position\":1,\"name\":\"\",\"item\":\"https:\/\/swissbaker.ch\/fr\/\"},{\"@type\":\"ListItem\",\"position\":2,\"name\":\"Droit &amp; politique\",\"item\":\"https:\/\/swissbaker.ch\/fr\/panissimo-news\/category\/droit-politique\/\"},{\"@type\":\"ListItem\",\"position\":3,\"name\":\"Session d\u2019hiver du Parlement f\u00e9d\u00e9ral\"}]},{\"@type\":\"WebSite\",\"@id\":\"https:\/\/swissbaker.ch\/fr\/#website\",\"url\":\"https:\/\/swissbaker.ch\/fr\/\",\"name\":\"SBC\",\"description\":\"\",\"publisher\":{\"@id\":\"https:\/\/swissbaker.ch\/fr\/#organization\"},\"potentialAction\":[{\"@type\":\"SearchAction\",\"target\":{\"@type\":\"EntryPoint\",\"urlTemplate\":\"https:\/\/swissbaker.ch\/fr\/?s={search_term_string}\"},\"query-input\":{\"@type\":\"PropertyValueSpecification\",\"valueRequired\":true,\"valueName\":\"search_term_string\"}}],\"inLanguage\":\"fr-FR\"},{\"@type\":\"Organization\",\"@id\":\"https:\/\/swissbaker.ch\/fr\/#organization\",\"name\":\"Schweizerischer B\u00e4cker-Confiseurmeister-Verband\",\"url\":\"https:\/\/swissbaker.ch\/fr\/\",\"logo\":{\"@type\":\"ImageObject\",\"inLanguage\":\"fr-FR\",\"@id\":\"https:\/\/swissbaker.ch\/fr\/#\/schema\/logo\/image\/\",\"url\":\"https:\/\/swissbaker.ch\/wp-content\/uploads\/2022\/04\/sbc-logo-yoast.jpg\",\"contentUrl\":\"https:\/\/swissbaker.ch\/wp-content\/uploads\/2022\/04\/sbc-logo-yoast.jpg\",\"width\":512,\"height\":512,\"caption\":\"Schweizerischer B\u00e4cker-Confiseurmeister-Verband\"},\"image\":{\"@id\":\"https:\/\/swissbaker.ch\/fr\/#\/schema\/logo\/image\/\"},\"sameAs\":[\"https:\/\/www.facebook.com\/swissbaker.ch\",\"https:\/\/x.com\/ch_swissbaker\"]},{\"@type\":\"Person\",\"@id\":\"https:\/\/swissbaker.ch\/fr\/#\/schema\/person\/74bd327b08c18ca6042c02ff6f0ed5e2\",\"name\":\"Simon Nussbaum\",\"image\":{\"@type\":\"ImageObject\",\"inLanguage\":\"fr-FR\",\"@id\":\"https:\/\/swissbaker.ch\/fr\/#\/schema\/person\/image\/\",\"url\":\"https:\/\/secure.gravatar.com\/avatar\/df0eced3bb556c806cb760cf503ade1ed1df25b4104d80d6fd28d93a9509aa12?s=96&d=mm&r=g\",\"contentUrl\":\"https:\/\/secure.gravatar.com\/avatar\/df0eced3bb556c806cb760cf503ade1ed1df25b4104d80d6fd28d93a9509aa12?s=96&d=mm&r=g\",\"caption\":\"Simon Nussbaum\"},\"url\":\"https:\/\/swissbaker.ch\/fr\/panissimo-news\/author\/simon-nussbaum\/\"}]}<\/script>\n<!-- \/ Yoast SEO Premium plugin. -->","yoast_head_json":{"title":"Session d\u2019hiver du Parlement f\u00e9d\u00e9ral | SBC","robots":{"index":"index","follow":"follow","max-snippet":"max-snippet:-1","max-image-preview":"max-image-preview:large","max-video-preview":"max-video-preview:-1"},"canonical":"https:\/\/swissbaker.ch\/fr\/panissimo-news\/session-dhiver-du-parlement-federal-2\/","og_locale":"fr_FR","og_type":"article","og_title":"Session d\u2019hiver du Parlement f\u00e9d\u00e9ral","og_description":"La session d\u2019hiver s\u2019est termin\u00e9e au Palais f\u00e9d\u00e9ral. Pas moins de 18 objets ont \u00e9t\u00e9 d\u00e9finitivement adopt\u00e9s au cours de trois semaines. L\u2019\u00e9lection du Conseil f\u00e9d\u00e9ral a form\u00e9 l\u2019\u00e9v\u00e9nement central. Outre l\u2019\u00e9lection des nouveaux membres du gouvernement, le Parlement a \u00e9galement vot\u00e9 et d\u00e9lib\u00e9r\u00e9 sur d\u2019autres sujets. Peu de d\u00e9cisions finales ont \u00e9t\u00e9 prises, mais beaucoup de points ont \u00e9t\u00e9 [&hellip;]","og_url":"https:\/\/swissbaker.ch\/fr\/panissimo-news\/session-dhiver-du-parlement-federal-2\/","og_site_name":"SBC","article_publisher":"https:\/\/www.facebook.com\/swissbaker.ch","article_published_time":"2022-12-21T10:09:55+00:00","article_modified_time":"2023-01-24T09:45:14+00:00","og_image":[{"width":1200,"height":712,"url":"https:\/\/swissbaker.ch\/wp-content\/uploads\/2022\/10\/urs_wellauer.jpg","type":"image\/jpeg"}],"author":"Simon Nussbaum","twitter_card":"summary_large_image","twitter_creator":"@ch_swissbaker","twitter_site":"@ch_swissbaker","twitter_misc":{"Written by":"Simon Nussbaum","Est. reading time":"5 minutes"},"schema":{"@context":"https:\/\/schema.org","@graph":[{"@type":"Article","@id":"https:\/\/swissbaker.ch\/fr\/panissimo-news\/session-dhiver-du-parlement-federal-2\/#article","isPartOf":{"@id":"https:\/\/swissbaker.ch\/fr\/panissimo-news\/session-dhiver-du-parlement-federal-2\/"},"author":{"name":"Simon Nussbaum","@id":"https:\/\/swissbaker.ch\/fr\/#\/schema\/person\/74bd327b08c18ca6042c02ff6f0ed5e2"},"headline":"Session d\u2019hiver du Parlement f\u00e9d\u00e9ral","datePublished":"2022-12-21T10:09:55+00:00","dateModified":"2023-01-24T09:45:14+00:00","mainEntityOfPage":{"@id":"https:\/\/swissbaker.ch\/fr\/panissimo-news\/session-dhiver-du-parlement-federal-2\/"},"wordCount":919,"publisher":{"@id":"https:\/\/swissbaker.ch\/fr\/#organization"},"image":{"@id":"https:\/\/swissbaker.ch\/fr\/panissimo-news\/session-dhiver-du-parlement-federal-2\/#primaryimage"},"thumbnailUrl":"https:\/\/swissbaker.ch\/wp-content\/uploads\/2022\/10\/urs_wellauer.jpg","articleSection":["Droit &amp; politique"],"inLanguage":"fr-FR"},{"@type":"WebPage","@id":"https:\/\/swissbaker.ch\/fr\/panissimo-news\/session-dhiver-du-parlement-federal-2\/","url":"https:\/\/swissbaker.ch\/fr\/panissimo-news\/session-dhiver-du-parlement-federal-2\/","name":"Session d\u2019hiver du Parlement f\u00e9d\u00e9ral | SBC","isPartOf":{"@id":"https:\/\/swissbaker.ch\/fr\/#website"},"primaryImageOfPage":{"@id":"https:\/\/swissbaker.ch\/fr\/panissimo-news\/session-dhiver-du-parlement-federal-2\/#primaryimage"},"image":{"@id":"https:\/\/swissbaker.ch\/fr\/panissimo-news\/session-dhiver-du-parlement-federal-2\/#primaryimage"},"thumbnailUrl":"https:\/\/swissbaker.ch\/wp-content\/uploads\/2022\/10\/urs_wellauer.jpg","datePublished":"2022-12-21T10:09:55+00:00","dateModified":"2023-01-24T09:45:14+00:00","breadcrumb":{"@id":"https:\/\/swissbaker.ch\/fr\/panissimo-news\/session-dhiver-du-parlement-federal-2\/#breadcrumb"},"inLanguage":"fr-FR","potentialAction":[{"@type":"ReadAction","target":["https:\/\/swissbaker.ch\/fr\/panissimo-news\/session-dhiver-du-parlement-federal-2\/"]}]},{"@type":"ImageObject","inLanguage":"fr-FR","@id":"https:\/\/swissbaker.ch\/fr\/panissimo-news\/session-dhiver-du-parlement-federal-2\/#primaryimage","url":"https:\/\/swissbaker.ch\/wp-content\/uploads\/2022\/10\/urs_wellauer.jpg","contentUrl":"https:\/\/swissbaker.ch\/wp-content\/uploads\/2022\/10\/urs_wellauer.jpg","width":1200,"height":712},{"@type":"BreadcrumbList","@id":"https:\/\/swissbaker.ch\/fr\/panissimo-news\/session-dhiver-du-parlement-federal-2\/#breadcrumb","itemListElement":[{"@type":"ListItem","position":1,"name":"","item":"https:\/\/swissbaker.ch\/fr\/"},{"@type":"ListItem","position":2,"name":"Droit &amp; politique","item":"https:\/\/swissbaker.ch\/fr\/panissimo-news\/category\/droit-politique\/"},{"@type":"ListItem","position":3,"name":"Session d\u2019hiver du Parlement f\u00e9d\u00e9ral"}]},{"@type":"WebSite","@id":"https:\/\/swissbaker.ch\/fr\/#website","url":"https:\/\/swissbaker.ch\/fr\/","name":"SBC","description":"","publisher":{"@id":"https:\/\/swissbaker.ch\/fr\/#organization"},"potentialAction":[{"@type":"SearchAction","target":{"@type":"EntryPoint","urlTemplate":"https:\/\/swissbaker.ch\/fr\/?s={search_term_string}"},"query-input":{"@type":"PropertyValueSpecification","valueRequired":true,"valueName":"search_term_string"}}],"inLanguage":"fr-FR"},{"@type":"Organization","@id":"https:\/\/swissbaker.ch\/fr\/#organization","name":"Schweizerischer B\u00e4cker-Confiseurmeister-Verband","url":"https:\/\/swissbaker.ch\/fr\/","logo":{"@type":"ImageObject","inLanguage":"fr-FR","@id":"https:\/\/swissbaker.ch\/fr\/#\/schema\/logo\/image\/","url":"https:\/\/swissbaker.ch\/wp-content\/uploads\/2022\/04\/sbc-logo-yoast.jpg","contentUrl":"https:\/\/swissbaker.ch\/wp-content\/uploads\/2022\/04\/sbc-logo-yoast.jpg","width":512,"height":512,"caption":"Schweizerischer B\u00e4cker-Confiseurmeister-Verband"},"image":{"@id":"https:\/\/swissbaker.ch\/fr\/#\/schema\/logo\/image\/"},"sameAs":["https:\/\/www.facebook.com\/swissbaker.ch","https:\/\/x.com\/ch_swissbaker"]},{"@type":"Person","@id":"https:\/\/swissbaker.ch\/fr\/#\/schema\/person\/74bd327b08c18ca6042c02ff6f0ed5e2","name":"Simon Nussbaum","image":{"@type":"ImageObject","inLanguage":"fr-FR","@id":"https:\/\/swissbaker.ch\/fr\/#\/schema\/person\/image\/","url":"https:\/\/secure.gravatar.com\/avatar\/df0eced3bb556c806cb760cf503ade1ed1df25b4104d80d6fd28d93a9509aa12?s=96&d=mm&r=g","contentUrl":"https:\/\/secure.gravatar.com\/avatar\/df0eced3bb556c806cb760cf503ade1ed1df25b4104d80d6fd28d93a9509aa12?s=96&d=mm&r=g","caption":"Simon Nussbaum"},"url":"https:\/\/swissbaker.ch\/fr\/panissimo-news\/author\/simon-nussbaum\/"}]}},"_links":{"self":[{"href":"https:\/\/swissbaker.ch\/fr\/wp-json\/wp\/v2\/posts\/54455","targetHints":{"allow":["GET"]}}],"collection":[{"href":"https:\/\/swissbaker.ch\/fr\/wp-json\/wp\/v2\/posts"}],"about":[{"href":"https:\/\/swissbaker.ch\/fr\/wp-json\/wp\/v2\/types\/post"}],"author":[{"embeddable":true,"href":"https:\/\/swissbaker.ch\/fr\/wp-json\/wp\/v2\/users\/5"}],"replies":[{"embeddable":true,"href":"https:\/\/swissbaker.ch\/fr\/wp-json\/wp\/v2\/comments?post=54455"}],"version-history":[{"count":0,"href":"https:\/\/swissbaker.ch\/fr\/wp-json\/wp\/v2\/posts\/54455\/revisions"}],"wp:featuredmedia":[{"embeddable":true,"href":"https:\/\/swissbaker.ch\/fr\/wp-json\/wp\/v2\/media\/50656"}],"wp:attachment":[{"href":"https:\/\/swissbaker.ch\/fr\/wp-json\/wp\/v2\/media?parent=54455"}],"wp:term":[{"taxonomy":"category","embeddable":true,"href":"https:\/\/swissbaker.ch\/fr\/wp-json\/wp\/v2\/categories?post=54455"},{"taxonomy":"post_tag","embeddable":true,"href":"https:\/\/swissbaker.ch\/fr\/wp-json\/wp\/v2\/tags?post=54455"}],"curies":[{"name":"wp","href":"https:\/\/api.w.org\/{rel}","templated":true}]}}