{"id":54395,"date":"2022-12-19T13:27:26","date_gmt":"2022-12-19T12:27:26","guid":{"rendered":"https:\/\/swissbaker.ch\/?p=54395"},"modified":"2023-01-24T10:45:14","modified_gmt":"2023-01-24T09:45:14","slug":"seance-de-decembre-du-comite-central","status":"publish","type":"post","link":"https:\/\/swissbaker.ch\/fr\/panissimo-news\/seance-de-decembre-du-comite-central\/","title":{"rendered":"S\u00e9ance de d\u00e9cembre du comit\u00e9 central"},"content":{"rendered":"\n<p><strong>Le comit\u00e9 central de l&#8217;Association suisse des patrons boulangers-confiseurs (BCS) s&#8217;est r\u00e9uni pour la derni\u00e8re fois en 2022. Comme le veut la tradition, Patricia Hochstrasser, directrice de panvica, et Markus K\u00fcnzli, directeur de SBC Fiduciaire SA, ont pass\u00e9 en revue l&#8217;ann\u00e9e \u00e9coul\u00e9e et les projets d&#8217;avenir lors de cette r\u00e9union de deux jours. D&#8217;autres th\u00e8mes ont \u00e9t\u00e9 abord\u00e9s, dont la formation professionnelle et continue, la politique et la communication.<\/strong><\/p>\n\n\n\n<p><\/p>\n\n\n\n<h2 class=\"wp-block-heading\" id=\"h-divers\"><strong>Divers<\/strong><\/h2>\n\n\n\n<p><strong>SBC Fiduciaire: r\u00e9trospective et perspectives<\/strong><br>Lors de la s\u00e9ance du CC, Markus K\u00fcnzli, directeur de SBC Fiduciaire SA, a \u00e9voqu\u00e9 l&#8217;environnement de march\u00e9 difficile, avec des marges et un nombre d&#8217;entreprises en baisse dans notre secteur, et le manque aigu de personnel qualifi\u00e9. Il a donn\u00e9 des explications sur<a href=\"https:\/\/swissbaker.ch\/fr\/panissimo-news\/le-defi-de-la-fixation-des-prix\/\"> l&#8217;article relatif au calcul des prix<\/a> paru dans l\u2019\u00e9dition du 11&nbsp;novembre de \u00abPanissimo\u00bb et dans la newsletter du 10&nbsp;novembre. <\/p>\n\n\n\n<p><strong>Panvica sur la bonne voie<\/strong><br>Le projet de num\u00e9risation&nbsp;\u00abOptima\u00bb a \u00e9t\u00e9 lanc\u00e9 au sein de la panvica au printemps&nbsp;2022. L&#8217;objectif est d&#8217;augmenter l&#8217;efficacit\u00e9 et la qualit\u00e9, et d&#8217;am\u00e9liorer l&#8217;image. Lors de la r\u00e9union du comit\u00e9 central, la directrice Patricia Hochstrasser a donn\u00e9 des informations sur l&#8217;\u00e9tat actuel dudit projet: \u00abNous avons fait un grand pas en avant. Le processus se poursuit.\u00bb<br><a href=\"https:\/\/swissbaker.ch\/fr\/panissimo-news\/panvica-va-de-lavant\/\" target=\"_blank\" rel=\"noreferrer noopener\">Interview de Patricia Hochstrasser et\u2009Beatrice Jordi\u2026\u00bb <\/a><\/p>\n\n\n\n<p><strong>Questionnaire sur la caisse de pension<\/strong><br>La panvica a mis en ligne un questionnaire sur son site panvica.ch en vue de conna\u00eetre les besoins des assur\u00e9s actuels et futurs. Les membres de ls BCS sont invit\u00e9s \u00e0 participer \u00e0 cette enqu\u00eate:<br><a href=\"https:\/\/www.panvica.ch\/index.php?id=downloadspkpanvica&amp;L=1\" target=\"_blank\" rel=\"noreferrer noopener\">Questionnaire <\/a><\/p>\n\n\n\n<p><strong>Service juridique<\/strong><br>L\u2019Association suisse des patrons boulangers-confiseurs (BCS) avait jusqu\u2019ici confi\u00e9 le conseil juridique \u00e0 un cabinet d&#8217;avocats sous mandat. Forte de son engagement et de son expertise, sa collaboratrice Harisa Reiz a apport\u00e9 son soutien \u00e0 la BCS pendant plus de 20&nbsp;ans, lors des n\u00e9gociations de la convention collective de travail notamment. D\u00e8s le 1er&nbsp;janvier&nbsp;2023, cette derni\u00e8re travaillera d\u00e9sormais au sein de la BCS, en tant que responsable du service juridique, directrice adjointe de l&#8217;association et membre du comit\u00e9 directeur de la BCS. \u00abElle conna\u00eet parfaitement les dossiers de la BCS et est par ailleurs \u00e0 m\u00eame de d\u00e9charger et de soutenir le directeur en mati\u00e8re de questions politiques et juridiques\u00bb, a relev\u00e9 le pr\u00e9sident Silvan Hotz. Le CC a accept\u00e9 \u00e0 l\u2019unanimit\u00e9 d\u2019\u00e9largir le comit\u00e9 directeur en y int\u00e9grant Harisa Reiz.<\/p>\n\n\n\n<h2 class=\"wp-block-heading\"><strong><br><\/strong><strong>Politique<\/strong><\/h2>\n\n\n\n<p><strong>Salaires minimaux<\/strong><br>Le directeur de la BCS, Urs Wellauer a bri\u00e8vement expliqu\u00e9 aux membres du CC le contexte en mati\u00e8re de salaires minimaux, sujet \u00e0 l\u2019ordre du jour du Conseil national le mercredi 14\u00a0d\u00e9cembre: ce dernier a entre-temps confirm\u00e9 la d\u00e9cision du Conseil des Etats et estime que les dispositions d\u2019une CCT \u00e9tendue concernant le salaire minimum, le 13<sup>e<\/sup>\u00a0mois et les vacances doivent primer sur celles du droit cantonal en cas de divergence. Il a donc adopt\u00e9 une motion en ce sens. Une large alliance regroupant 27 associations \u00e9conomiques et sectorielles, dont la BCS, salue cette d\u00e9cision.<br><a href=\"https:\/\/swissbaker.ch\/fr\/panissimo-news\/session-dhiver-du-parlement-federal-2\/\">Rapport de la session<\/a><\/p>\n\n\n\n<p><strong>Accord intersectoriel sur la r\u00e9duction des pertes alimentaires<\/strong><br>L\u2019accord intersectoriel sur la r\u00e9duction des pertes alimentaires a \u00e9t\u00e9 r\u00e9cemment sign\u00e9 par la BCS. L&#8217;organisation United Against Waste (UAW), l\u2019Ecole professionnelle Richemont et la BCS vont maintenant \u00e9laborer un concept commun avec des membres s\u00e9lectionn\u00e9s, \u00e0 l&#8217;instar de ce qui se fait dans la restauration. <\/p>\n\n\n\n<p><strong>P\u00e9nurie d&#8217;\u00e9nergie et plan d\u2019\u00e9conomie sectoriel<\/strong><br>Le directeur de la BCS, Urs Wellauer, a inform\u00e9 les membres du CC de ce qui a \u00e9t\u00e9 entrepris jusqu&#8217;\u00e0 pr\u00e9sent et s\u2019est risqu\u00e9 \u00e0&nbsp;porter un regard sur l&#8217;avenir. Plus d&#8217;informations sur ce sujet:<\/p>\n\n\n\n<ul class=\"wp-block-list\"><li><a href=\"https:\/\/swissbaker.ch\/fr\/panissimo-news\/category\/droit-politique\/\" target=\"_blank\" rel=\"noreferrer noopener\">Sous la rubrique \u00abDroit et politique\u00bb vous trouverez divers articles sur ce sujet<\/a><\/li><li><a href=\"https:\/\/swissbaker.ch\/fr\/intranet\/\" target=\"_blank\" rel=\"noreferrer noopener\">Conseils r\u00e9serv\u00e9s aux membres sur l\u2019intranet<\/a><\/li><\/ul>\n\n\n\n<p><strong>2023: produits chimiques sur le lieu de travail \u2013 contr\u00f4les<\/strong><br>En 2023, la protection de la sant\u00e9 et les produits chimiques sur le lieu de travail seront le th\u00e8me principal des contr\u00f4les effectu\u00e9s par les inspections cantonales du travail. L\u2019objectif est d\u2019\u00e9viter les cons\u00e9quences n\u00e9gatives sur la sant\u00e9 des produits chimiques sur le lieu de travail.<\/p>\n\n\n\n<p><a href=\"https:\/\/swissbaker.ch\/fr\/panissimo-news\/2023-sante-et-produits-chimiques-sur-le-lieu-de-travail\/\" target=\"_blank\" rel=\"noreferrer noopener\">Article \u00abpanissimo\u00bb<\/a><\/p>\n\n\n\n<p><\/p>\n\n\n\n<h2 class=\"wp-block-heading\"><strong>Formation professionnelle et continue<\/strong><\/h2>\n\n\n\n<p><strong>Visite dans le canton du Valais<\/strong><br>Le projet pilote de formation initiale en production a \u00e9t\u00e9 lanc\u00e9 en ao\u00fbt&nbsp;2022 dans le Valais francophone. Le 17 novembre, Silvan Hotz, pr\u00e9sident de la BCS, Nicolas Taillens, repr\u00e9sentant des formateurs valaisans, S\u00e9bastien Knecht, responsable de l\u2019Ecole professionnelle Richemont d\u2019Yverdon-les-Bains, et Peter Signer, responsable de la formation professionnelle et continue de la BCS en production, ont visit\u00e9 l&#8217;\u00e9cole professionnelle de Sion. Etaient \u00e9galement pr\u00e9sents pour le canton du Valais Albert Michellod, pr\u00e9sident cantonal, Tanja Fux, responsable du Service cantonal de la formation professionnelle (SFP), Catherine Mabillard, cheffe de la section Alimentation \u00e0 l&#8217;EPCA&nbsp;, Philippe Delaley, ma\u00eetre de cours, son \u00e9pouse Julia Delaley, et deux autres formateurs. \u00abNous avons tr\u00e8s clairement constat\u00e9 que les responsables s&#8217;engagent avec toute leur \u00e9nergie pour la r\u00e9ussite du projet\u00bb, a relev\u00e9 Peter Signer devant le CC. Il a appel\u00e9 les associations cantonales \u00e0 attendre les r\u00e9sultats et les analyses de ce projet pilote et \u00e0 ne pas s&#8217;engager dans de nouvelles voies dans le domaine de la formation, afin d&#8217;\u00e9viter une jungle dans la formation.<\/p>\n\n\n\n<p><strong><a href=\"https:\/\/swissbaker.ch\/fr\/panissimo-news\/formation-de-nouvelles-voies-pour-le-valais\/\">Article projet pilote valaisan<\/a><\/strong><\/p>\n\n\n\n<p><strong>Comit\u00e9 des ma\u00eetres et ma\u00eetresses de cours<br><\/strong>La derni\u00e8re s\u00e9ance en date du comit\u00e9 des ma\u00eetres et ma\u00eetresses de cours a eu lieu en ligne le 25&nbsp;novembre 2022. La prochaine assembl\u00e9e g\u00e9n\u00e9rale de FLV-GRMC aura lieu dans un nouveau format les 17 et 18 mars 2023 \u00e0 Yverdon-les-Bains. Une collecte de donn\u00e9es des enseignants sp\u00e9cialis\u00e9s aura lieu afin d&#8217;obtenir une visualisation de la structure d\u2019\u00e2ge et d\u2019emploi.<\/p>\n\n\n\n<p><strong><br>S\u00e9ance EPS<\/strong><br>Peter Signer, responsable de la formation en production, a pu rapporter des \u00e9l\u00e9ments positifs de la derni\u00e8re s\u00e9ance EPS (examen professionnel sup\u00e9rieur): le taux de r\u00e9ussite s\u2019\u00e9l\u00e8ve \u00e0 100&nbsp;% (!)&nbsp;pour les sp\u00e9cialistes de la branche. Le r\u00e9sultat est un peu diff\u00e9rent pour les personnes qui ont d\u00fb repasser l&#8217;examen.<\/p>\n\n\n\n<p>\u00abJe suis tr\u00e8s fi\u00e8re des excellents r\u00e9sultats dans le commerce de d\u00e9tail\u00bb, a d\u00e9clar\u00e9 Lisa Frunz, responsable du commerce de d\u00e9tail, lors de la s\u00e9ance du CC. Cela montre une fois de plus que \u00abnos candidates ont \u00e9t\u00e9 tr\u00e8s bien accompagn\u00e9es tout au long de leur formation \u2013 notamment par l\u2019Ecole professionnelle Richemont et par le vice-directeur Markus Zimmerli en particulier, qui n&#8217;a pas m\u00e9nag\u00e9 ses efforts pour s&#8217;adapter aux diff\u00e9rentes personnalit\u00e9s\u00bb.<\/p>\n\n\n\n<p><strong>Examen professionnel: table ronde<\/strong><br>La s\u00e9ance du comit\u00e9 central a \u00e9t\u00e9 suivie d&#8217;un \u00e9change commun avec les candidats et candidates \u00e0 l&#8217;examen professionnel de la fili\u00e8re 2020\/21. Les deux membres du CC, Peter Lyner et Roland R\u00e4ber, le chef des finances Martin Schnyder et le pr\u00e9sident Silvan Hotz \u00e9taient pr\u00e9sents de notre c\u00f4t\u00e9. L&#8217;objectif \u00e9tait d&#8217;obtenir des propositions d&#8217;am\u00e9lioration pour l\u2019EP dans le cadre d&#8217;une discussion constructive. Nous allons maintenant rassembler les faits et en discuter ensuite avec les responsables de la formation et au sein du comit\u00e9 central.<\/p>\n\n\n\n<p><strong>Enqu\u00eate dans le secteur<\/strong><br>\u00abVotre avis est important pour nous!\u00bb, a soulign\u00e9 Peter Signer en guise d&#8217;introduction \u00e0 la r\u00e9union du CC. La Commission pour le d\u00e9veloppement professionnel et la qualit\u00e9 (CDQ), compos\u00e9e des partenaires de la formation professionnelle, a pour mission de r\u00e9examiner au moins tous les cinq ans la formation professionnelle initiale de boulanger-p\u00e2tissier-confiseur\/boulang\u00e8re-p\u00e2tissi\u00e8re-confiseuse AFP et CFC et, le cas \u00e9ch\u00e9ant, de l\u2019adapter aux \u00e9volutions \u00e9conomiques, technologiques, \u00e9cologiques et didactiques.<\/p>\n\n\n\n<p>C\u2019est la raison pour laquelle la BCS fait une enqu\u00eate en ligne dans le secteur. La date limite de participation est le 28 f\u00e9vrier 2023. \u00abInvestissez 30 minutes de votre pr\u00e9cieux temps pour l&#8217;avenir de nos m\u00e9tiers!\u00bb, a lanc\u00e9 Peter Signer aux membres.<\/p>\n\n\n\n<ul class=\"wp-block-list\"><li><a href=\"https:\/\/e-study.ch\/225yrvebafr\" target=\"_blank\" rel=\"noreferrer noopener\">Sondage BPC pour l\u2019AFP<\/a><\/li><li><a href=\"https:\/\/e-study.ch\/225yrvefzfr\" target=\"_blank\" rel=\"noreferrer noopener\">Sondage BPC pour la CFC<\/a><\/li><\/ul>\n\n\n\n<p><strong>Journ\u00e9e ERFA pour le commerce de d\u00e9tail<\/strong><br>Une journ\u00e9e ERFA pour le commerce de d\u00e9tail aura lieu le 24 avril 2023. \u00abPar l&#8217;\u00e9change mutuel d&#8217;exp\u00e9riences et d\u2019informations, nous voulons prendre le pouls du front, rendre visibles les id\u00e9es et les enjeux, et partager les actualit\u00e9s de l&#8217;association et de l\u2019\u00e9cole professionnelle\u00bb, a d\u00e9clar\u00e9 Lisa Frunz, exprimant l&#8217;espoir de pouvoir \u00abaccueillir le plus grand nombre possible de femmes cadres et d&#8217;actuelles et anciennes propri\u00e9taires d\u2019entreprise \u00e0 l\u2019Ecole professionnelle Richemont de Lucerne\u00bb. Le v\u0153u qu\u2019elle adresse aux membres \u00e0 l\u2019approche de No\u00ebl est le suivant: \u00abenvoyez vos femmes cadres \u00e0 notre journ\u00e9e ERFA!\u00bb De plus amples informations suivront dans \u00abPanissimo\u00bb et dans la newsletter.<\/p>\n\n\n\n<p><strong>Nouveau cours pour les personnes en reconversion professionnelle<\/strong><br>\u00abNous voulons rendre la vente visible.\u00bb L\u2019Ecole professionnelle Richemont pr\u00e9voit donc de proposer des possibilit\u00e9s de formation continue en ligne aux personnes en reconversion professionnelle et de rendre ainsi le commerce de d\u00e9tail plus attrayant pour la g\u00e9n\u00e9ration Z.<\/p>\n\n\n\n<p><strong>Nouvelle formation pour les futures g\u00e9rantes de succursale<\/strong><br>Une formation pour les futures g\u00e9rantes de succursale est pr\u00e9vue pour l&#8217;\u00e9t\u00e9 2023 \u00e0 l\u2019Ecole professionnelle Richemont. De plus amples informations suivront dans \u00abPanissimo\u00bb et dans la newsletter.<\/p>\n\n\n\n<p><strong>Ecole professionnelle Richemont. Prix des cours<\/strong><br>Les deux motions de l\u2019Ecole professionnelle Richemont ont \u00e9t\u00e9 accept\u00e9es lors de la s\u00e9ance du CC du 30 novembre. Cela signifie que l&#8217;augmentation du prix des cours de 30&nbsp;francs par jour sera couverte par les subventions suppl\u00e9mentaires et que les cours de gestion du personnel seront d\u00e9sormais subventionn\u00e9s \u00e0 hauteur de 50&nbsp;%.<\/p>\n\n\n\n<p><strong>Restauration Richemont<\/strong><br>\u00abAu niveau de la restauration, le r\u00e9sultat est actuellement sup\u00e9rieur de 4&nbsp;% \u00e0 la valeur de&nbsp;2019 et peut donc toujours \u00eatre consid\u00e9r\u00e9 comme positif\u00bb, a relev\u00e9 le directeur de Richemont Reto Fries lors de la s\u00e9ance du CC. Pour janvier 2023, il est pr\u00e9vu de proc\u00e9der \u00e0 une augmentation des prix de certains produits dans la restauration.<\/p>\n\n\n\n<p><\/p>\n\n\n\n<h2 class=\"wp-block-heading\"><strong>Communication \/ Marketing \/ Ev\u00e8nements<\/strong><\/h2>\n\n\n\n<p><strong>Eco Talk: coupure de courant pour les PME suisses?<\/strong><br>\u00abLes prix \u00e9lev\u00e9s de l&#8217;\u00e9nergie vont-ils \u00e9teindre la lumi\u00e8re des PME suisses cet hiver?\u00bb C&#8217;est sous ce titre que trois entrepreneurs de PME, dont un repr\u00e9sentant du secteur de la boulangerie-confiserie en la personne de Roni Merz (Merz Chur), ont discut\u00e9 de la situation actuelle des petites et moyennes entreprises en Suisse le lundi 14 novembre dans l&#8217;\u00e9mission Eco Talk de la SRF. L&#8217;intervention souveraine de Roni Merz a \u00e9t\u00e9 salu\u00e9e lors de la s\u00e9ance du CC.<\/p>\n\n\n\n<p><strong>Couronne boulang\u00e8re 2023<\/strong><br>La couronne boulang\u00e8re sera d\u00e9cern\u00e9e pour la onzi\u00e8me fois en 2023 dans le cadre du congr\u00e8s de la BCS. L&#8217;appel \u00e0 candidatures sera lanc\u00e9 d\u00e8s le d\u00e9but de l&#8217;ann\u00e9e. Les informations seront disponibles en ligne et dans \u00abPanissimo\u00bb \u00e0 partir de janvier. Inventivit\u00e9, professionnalisme, talent et engagement exceptionnel sont les ma\u00eetres mots de la distinction que repr\u00e9sente la \u00abcouronne boulang\u00e8re\u00bb \u2013 dot\u00e9e d\u2019un prix de 15\u2019000&nbsp;francs \u2013, d\u00e9cern\u00e9e par la BCS et l\u2019Union suisse de la levure (SHV). L\u2019actuel laur\u00e9at est l\u2018excentrique Daniel Amrein, dont le portrait est dress\u00e9 dans l\u2019\u00e9dition actuelle de \u00abPanissimo\u00bb.<\/p>\n\n\n\n<p><strong>Couronne boulang\u00e8re: nouvelle membre du jury<\/strong><br>Le jury de la couronne boulang\u00e8re compte une nouvelle membre: Lisa Frunz, membre du CC et responsable du commerce de d\u00e9tail, y si\u00e8gera en remplacement d\u2019Irene Muralt, qui y a \u0153uvr\u00e9 pendant plusieurs ann\u00e9es. Le jury est compos\u00e9 de trois repr\u00e9sentants de l\u2019Union suisse de la levure et de trois repr\u00e9sentants de la BCS. L\u2019instance examine les nominations et les dossiers re\u00e7us, rend visite aux finalistes et, au final, \u00e9lit le nouveau roi ou la nouvelle reine de la boulangerie.<br><a href=\"https:\/\/www.baeckerkrone.ch\/fr\/\" target=\"_blank\" rel=\"noreferrer noopener\">Couronne boulang\u00e8re<\/a><\/p>\n\n\n\n<p><strong>Prix des abonnements et des annonces<\/strong><br>Bien que la spirale des co\u00fbts ait \u00e9t\u00e9 et soit toujours ascensionnelle dans le domaine de la communication, la BCS a d\u00e9cid\u00e9 de ne pas augmenter les prix des abonnements et des annonces \u2013 en guise de geste pour le secteur durement touch\u00e9 de la boulangerie-confiserie artisanale.<\/p>\n\n\n\n<p><strong>Pain suisse<\/strong><br>La campagne de l&#8217;association Pain suisse se poursuivra en 2023. Le lancement interviendra d\u00e9but janvier avec une campagne d&#8217;affichage. Les membres de la BCS et les secr\u00e9taires et pr\u00e9sidents cantonaux recevront un mailing de l\u2019APS visant \u00e0 les informer et \u00e0 les motiver \u00e0 utiliser activement le label. Des informations sur le sujet seront \u00e9galement publi\u00e9es dans \u00abPanissimo\u00bb et en ligne. Les membres du CC ont \u00e9t\u00e9 invit\u00e9s \u00e0 motiver leurs membres \u00e0 participer activement \u00e0 cette campagne.<br><a href=\"https:\/\/painsuisse.ch\/campagne\/\" target=\"_blank\" rel=\"noreferrer noopener\">Pain suisse<\/a><\/p>\n","protected":false},"excerpt":{"rendered":"<p>Le comit\u00e9 central de l&#8217;Association suisse des patrons boulangers-confiseurs (BCS) s&#8217;est r\u00e9uni pour la derni\u00e8re fois en 2022. Comme le veut la tradition, Patricia Hochstrasser, directrice de panvica, et Markus K\u00fcnzli, directeur de SBC Fiduciaire SA, ont pass\u00e9 en revue l&#8217;ann\u00e9e \u00e9coul\u00e9e et les projets d&#8217;avenir lors de cette r\u00e9union de deux jours. D&#8217;autres th\u00e8mes ont \u00e9t\u00e9 abord\u00e9s, dont la formation professionnelle et continue, la politique et la communication. <\/p>\n","protected":false},"author":5,"featured_media":11457,"comment_status":"closed","ping_status":"closed","sticky":false,"template":"","format":"standard","meta":{"_acf_changed":false,"footnotes":""},"categories":[41],"tags":[],"class_list":["post-54395","post","type-post","status-publish","format-standard","has-post-thumbnail","hentry","category-association"],"acf":[],"yoast_head":"<!-- This site is optimized with the Yoast SEO Premium plugin v26.8 (Yoast SEO v26.8) - https:\/\/yoast.com\/product\/yoast-seo-premium-wordpress\/ -->\n<title>S\u00e9ance de d\u00e9cembre du comit\u00e9 central | SBC<\/title>\n<meta name=\"robots\" content=\"index, follow, max-snippet:-1, max-image-preview:large, max-video-preview:-1\" \/>\n<link rel=\"canonical\" href=\"https:\/\/swissbaker.ch\/fr\/panissimo-news\/seance-de-decembre-du-comite-central\/\" \/>\n<meta property=\"og:locale\" content=\"fr_FR\" \/>\n<meta property=\"og:type\" content=\"article\" \/>\n<meta property=\"og:title\" content=\"S\u00e9ance de d\u00e9cembre du comit\u00e9 central\" \/>\n<meta property=\"og:description\" content=\"Le comit\u00e9 central de l&#039;Association suisse des patrons boulangers-confiseurs (BCS) s&#039;est r\u00e9uni pour la derni\u00e8re fois en 2022. Comme le veut la tradition, Patricia Hochstrasser, directrice de panvica, et Markus K\u00fcnzli, directeur de SBC Fiduciaire SA, ont pass\u00e9 en revue l&#039;ann\u00e9e \u00e9coul\u00e9e et les projets d&#039;avenir lors de cette r\u00e9union de deux jours. D&#039;autres th\u00e8mes ont \u00e9t\u00e9 abord\u00e9s, dont la formation professionnelle et continue, la politique et la communication.\" \/>\n<meta property=\"og:url\" content=\"https:\/\/swissbaker.ch\/fr\/panissimo-news\/seance-de-decembre-du-comite-central\/\" \/>\n<meta property=\"og:site_name\" content=\"SBC\" \/>\n<meta property=\"article:publisher\" content=\"https:\/\/www.facebook.com\/swissbaker.ch\" \/>\n<meta property=\"article:published_time\" content=\"2022-12-19T12:27:26+00:00\" \/>\n<meta property=\"article:modified_time\" content=\"2023-01-24T09:45:14+00:00\" \/>\n<meta property=\"og:image\" content=\"https:\/\/swissbaker.ch\/wp-content\/uploads\/2022\/05\/zentralvorstand_in_kuerze-2.jpeg\" \/>\n\t<meta property=\"og:image:width\" content=\"800\" \/>\n\t<meta property=\"og:image:height\" content=\"474\" \/>\n\t<meta property=\"og:image:type\" content=\"image\/jpeg\" \/>\n<meta name=\"author\" content=\"Simon Nussbaum\" \/>\n<meta name=\"twitter:card\" content=\"summary_large_image\" \/>\n<meta name=\"twitter:creator\" content=\"@ch_swissbaker\" \/>\n<meta name=\"twitter:site\" content=\"@ch_swissbaker\" \/>\n<meta name=\"twitter:label1\" content=\"Written by\" \/>\n\t<meta name=\"twitter:data1\" content=\"Simon Nussbaum\" \/>\n\t<meta name=\"twitter:label2\" content=\"Est. reading time\" \/>\n\t<meta name=\"twitter:data2\" content=\"12 minutes\" \/>\n<script type=\"application\/ld+json\" class=\"yoast-schema-graph\">{\"@context\":\"https:\/\/schema.org\",\"@graph\":[{\"@type\":\"Article\",\"@id\":\"https:\/\/swissbaker.ch\/fr\/panissimo-news\/seance-de-decembre-du-comite-central\/#article\",\"isPartOf\":{\"@id\":\"https:\/\/swissbaker.ch\/fr\/panissimo-news\/seance-de-decembre-du-comite-central\/\"},\"author\":{\"name\":\"Simon Nussbaum\",\"@id\":\"https:\/\/swissbaker.ch\/fr\/#\/schema\/person\/74bd327b08c18ca6042c02ff6f0ed5e2\"},\"headline\":\"S\u00e9ance de d\u00e9cembre du comit\u00e9 central\",\"datePublished\":\"2022-12-19T12:27:26+00:00\",\"dateModified\":\"2023-01-24T09:45:14+00:00\",\"mainEntityOfPage\":{\"@id\":\"https:\/\/swissbaker.ch\/fr\/panissimo-news\/seance-de-decembre-du-comite-central\/\"},\"wordCount\":2210,\"publisher\":{\"@id\":\"https:\/\/swissbaker.ch\/fr\/#organization\"},\"image\":{\"@id\":\"https:\/\/swissbaker.ch\/fr\/panissimo-news\/seance-de-decembre-du-comite-central\/#primaryimage\"},\"thumbnailUrl\":\"https:\/\/swissbaker.ch\/wp-content\/uploads\/2022\/05\/zentralvorstand_in_kuerze-2.jpeg\",\"articleSection\":[\"Association\"],\"inLanguage\":\"fr-FR\"},{\"@type\":\"WebPage\",\"@id\":\"https:\/\/swissbaker.ch\/fr\/panissimo-news\/seance-de-decembre-du-comite-central\/\",\"url\":\"https:\/\/swissbaker.ch\/fr\/panissimo-news\/seance-de-decembre-du-comite-central\/\",\"name\":\"S\u00e9ance de d\u00e9cembre du comit\u00e9 central | SBC\",\"isPartOf\":{\"@id\":\"https:\/\/swissbaker.ch\/fr\/#website\"},\"primaryImageOfPage\":{\"@id\":\"https:\/\/swissbaker.ch\/fr\/panissimo-news\/seance-de-decembre-du-comite-central\/#primaryimage\"},\"image\":{\"@id\":\"https:\/\/swissbaker.ch\/fr\/panissimo-news\/seance-de-decembre-du-comite-central\/#primaryimage\"},\"thumbnailUrl\":\"https:\/\/swissbaker.ch\/wp-content\/uploads\/2022\/05\/zentralvorstand_in_kuerze-2.jpeg\",\"datePublished\":\"2022-12-19T12:27:26+00:00\",\"dateModified\":\"2023-01-24T09:45:14+00:00\",\"breadcrumb\":{\"@id\":\"https:\/\/swissbaker.ch\/fr\/panissimo-news\/seance-de-decembre-du-comite-central\/#breadcrumb\"},\"inLanguage\":\"fr-FR\",\"potentialAction\":[{\"@type\":\"ReadAction\",\"target\":[\"https:\/\/swissbaker.ch\/fr\/panissimo-news\/seance-de-decembre-du-comite-central\/\"]}]},{\"@type\":\"ImageObject\",\"inLanguage\":\"fr-FR\",\"@id\":\"https:\/\/swissbaker.ch\/fr\/panissimo-news\/seance-de-decembre-du-comite-central\/#primaryimage\",\"url\":\"https:\/\/swissbaker.ch\/wp-content\/uploads\/2022\/05\/zentralvorstand_in_kuerze-2.jpeg\",\"contentUrl\":\"https:\/\/swissbaker.ch\/wp-content\/uploads\/2022\/05\/zentralvorstand_in_kuerze-2.jpeg\",\"width\":800,\"height\":474,\"caption\":\"Un ordre du jour charg\u00e9\"},{\"@type\":\"BreadcrumbList\",\"@id\":\"https:\/\/swissbaker.ch\/fr\/panissimo-news\/seance-de-decembre-du-comite-central\/#breadcrumb\",\"itemListElement\":[{\"@type\":\"ListItem\",\"position\":1,\"name\":\"\",\"item\":\"https:\/\/swissbaker.ch\/fr\/\"},{\"@type\":\"ListItem\",\"position\":2,\"name\":\"Association\",\"item\":\"https:\/\/swissbaker.ch\/fr\/panissimo-news\/category\/association\/\"},{\"@type\":\"ListItem\",\"position\":3,\"name\":\"S\u00e9ance de d\u00e9cembre du comit\u00e9 central\"}]},{\"@type\":\"WebSite\",\"@id\":\"https:\/\/swissbaker.ch\/fr\/#website\",\"url\":\"https:\/\/swissbaker.ch\/fr\/\",\"name\":\"SBC\",\"description\":\"\",\"publisher\":{\"@id\":\"https:\/\/swissbaker.ch\/fr\/#organization\"},\"potentialAction\":[{\"@type\":\"SearchAction\",\"target\":{\"@type\":\"EntryPoint\",\"urlTemplate\":\"https:\/\/swissbaker.ch\/fr\/?s={search_term_string}\"},\"query-input\":{\"@type\":\"PropertyValueSpecification\",\"valueRequired\":true,\"valueName\":\"search_term_string\"}}],\"inLanguage\":\"fr-FR\"},{\"@type\":\"Organization\",\"@id\":\"https:\/\/swissbaker.ch\/fr\/#organization\",\"name\":\"Schweizerischer B\u00e4cker-Confiseurmeister-Verband\",\"url\":\"https:\/\/swissbaker.ch\/fr\/\",\"logo\":{\"@type\":\"ImageObject\",\"inLanguage\":\"fr-FR\",\"@id\":\"https:\/\/swissbaker.ch\/fr\/#\/schema\/logo\/image\/\",\"url\":\"https:\/\/swissbaker.ch\/wp-content\/uploads\/2022\/04\/sbc-logo-yoast.jpg\",\"contentUrl\":\"https:\/\/swissbaker.ch\/wp-content\/uploads\/2022\/04\/sbc-logo-yoast.jpg\",\"width\":512,\"height\":512,\"caption\":\"Schweizerischer B\u00e4cker-Confiseurmeister-Verband\"},\"image\":{\"@id\":\"https:\/\/swissbaker.ch\/fr\/#\/schema\/logo\/image\/\"},\"sameAs\":[\"https:\/\/www.facebook.com\/swissbaker.ch\",\"https:\/\/x.com\/ch_swissbaker\"]},{\"@type\":\"Person\",\"@id\":\"https:\/\/swissbaker.ch\/fr\/#\/schema\/person\/74bd327b08c18ca6042c02ff6f0ed5e2\",\"name\":\"Simon Nussbaum\",\"image\":{\"@type\":\"ImageObject\",\"inLanguage\":\"fr-FR\",\"@id\":\"https:\/\/swissbaker.ch\/fr\/#\/schema\/person\/image\/\",\"url\":\"https:\/\/secure.gravatar.com\/avatar\/df0eced3bb556c806cb760cf503ade1ed1df25b4104d80d6fd28d93a9509aa12?s=96&d=mm&r=g\",\"contentUrl\":\"https:\/\/secure.gravatar.com\/avatar\/df0eced3bb556c806cb760cf503ade1ed1df25b4104d80d6fd28d93a9509aa12?s=96&d=mm&r=g\",\"caption\":\"Simon Nussbaum\"},\"url\":\"https:\/\/swissbaker.ch\/fr\/panissimo-news\/author\/simon-nussbaum\/\"}]}<\/script>\n<!-- \/ Yoast SEO Premium plugin. -->","yoast_head_json":{"title":"S\u00e9ance de d\u00e9cembre du comit\u00e9 central | SBC","robots":{"index":"index","follow":"follow","max-snippet":"max-snippet:-1","max-image-preview":"max-image-preview:large","max-video-preview":"max-video-preview:-1"},"canonical":"https:\/\/swissbaker.ch\/fr\/panissimo-news\/seance-de-decembre-du-comite-central\/","og_locale":"fr_FR","og_type":"article","og_title":"S\u00e9ance de d\u00e9cembre du comit\u00e9 central","og_description":"Le comit\u00e9 central de l'Association suisse des patrons boulangers-confiseurs (BCS) s'est r\u00e9uni pour la derni\u00e8re fois en 2022. Comme le veut la tradition, Patricia Hochstrasser, directrice de panvica, et Markus K\u00fcnzli, directeur de SBC Fiduciaire SA, ont pass\u00e9 en revue l'ann\u00e9e \u00e9coul\u00e9e et les projets d'avenir lors de cette r\u00e9union de deux jours. D'autres th\u00e8mes ont \u00e9t\u00e9 abord\u00e9s, dont la formation professionnelle et continue, la politique et la communication.","og_url":"https:\/\/swissbaker.ch\/fr\/panissimo-news\/seance-de-decembre-du-comite-central\/","og_site_name":"SBC","article_publisher":"https:\/\/www.facebook.com\/swissbaker.ch","article_published_time":"2022-12-19T12:27:26+00:00","article_modified_time":"2023-01-24T09:45:14+00:00","og_image":[{"width":800,"height":474,"url":"https:\/\/swissbaker.ch\/wp-content\/uploads\/2022\/05\/zentralvorstand_in_kuerze-2.jpeg","type":"image\/jpeg"}],"author":"Simon Nussbaum","twitter_card":"summary_large_image","twitter_creator":"@ch_swissbaker","twitter_site":"@ch_swissbaker","twitter_misc":{"Written by":"Simon Nussbaum","Est. reading time":"12 minutes"},"schema":{"@context":"https:\/\/schema.org","@graph":[{"@type":"Article","@id":"https:\/\/swissbaker.ch\/fr\/panissimo-news\/seance-de-decembre-du-comite-central\/#article","isPartOf":{"@id":"https:\/\/swissbaker.ch\/fr\/panissimo-news\/seance-de-decembre-du-comite-central\/"},"author":{"name":"Simon Nussbaum","@id":"https:\/\/swissbaker.ch\/fr\/#\/schema\/person\/74bd327b08c18ca6042c02ff6f0ed5e2"},"headline":"S\u00e9ance de d\u00e9cembre du comit\u00e9 central","datePublished":"2022-12-19T12:27:26+00:00","dateModified":"2023-01-24T09:45:14+00:00","mainEntityOfPage":{"@id":"https:\/\/swissbaker.ch\/fr\/panissimo-news\/seance-de-decembre-du-comite-central\/"},"wordCount":2210,"publisher":{"@id":"https:\/\/swissbaker.ch\/fr\/#organization"},"image":{"@id":"https:\/\/swissbaker.ch\/fr\/panissimo-news\/seance-de-decembre-du-comite-central\/#primaryimage"},"thumbnailUrl":"https:\/\/swissbaker.ch\/wp-content\/uploads\/2022\/05\/zentralvorstand_in_kuerze-2.jpeg","articleSection":["Association"],"inLanguage":"fr-FR"},{"@type":"WebPage","@id":"https:\/\/swissbaker.ch\/fr\/panissimo-news\/seance-de-decembre-du-comite-central\/","url":"https:\/\/swissbaker.ch\/fr\/panissimo-news\/seance-de-decembre-du-comite-central\/","name":"S\u00e9ance de d\u00e9cembre du comit\u00e9 central | SBC","isPartOf":{"@id":"https:\/\/swissbaker.ch\/fr\/#website"},"primaryImageOfPage":{"@id":"https:\/\/swissbaker.ch\/fr\/panissimo-news\/seance-de-decembre-du-comite-central\/#primaryimage"},"image":{"@id":"https:\/\/swissbaker.ch\/fr\/panissimo-news\/seance-de-decembre-du-comite-central\/#primaryimage"},"thumbnailUrl":"https:\/\/swissbaker.ch\/wp-content\/uploads\/2022\/05\/zentralvorstand_in_kuerze-2.jpeg","datePublished":"2022-12-19T12:27:26+00:00","dateModified":"2023-01-24T09:45:14+00:00","breadcrumb":{"@id":"https:\/\/swissbaker.ch\/fr\/panissimo-news\/seance-de-decembre-du-comite-central\/#breadcrumb"},"inLanguage":"fr-FR","potentialAction":[{"@type":"ReadAction","target":["https:\/\/swissbaker.ch\/fr\/panissimo-news\/seance-de-decembre-du-comite-central\/"]}]},{"@type":"ImageObject","inLanguage":"fr-FR","@id":"https:\/\/swissbaker.ch\/fr\/panissimo-news\/seance-de-decembre-du-comite-central\/#primaryimage","url":"https:\/\/swissbaker.ch\/wp-content\/uploads\/2022\/05\/zentralvorstand_in_kuerze-2.jpeg","contentUrl":"https:\/\/swissbaker.ch\/wp-content\/uploads\/2022\/05\/zentralvorstand_in_kuerze-2.jpeg","width":800,"height":474,"caption":"Un ordre du jour charg\u00e9"},{"@type":"BreadcrumbList","@id":"https:\/\/swissbaker.ch\/fr\/panissimo-news\/seance-de-decembre-du-comite-central\/#breadcrumb","itemListElement":[{"@type":"ListItem","position":1,"name":"","item":"https:\/\/swissbaker.ch\/fr\/"},{"@type":"ListItem","position":2,"name":"Association","item":"https:\/\/swissbaker.ch\/fr\/panissimo-news\/category\/association\/"},{"@type":"ListItem","position":3,"name":"S\u00e9ance de d\u00e9cembre du comit\u00e9 central"}]},{"@type":"WebSite","@id":"https:\/\/swissbaker.ch\/fr\/#website","url":"https:\/\/swissbaker.ch\/fr\/","name":"SBC","description":"","publisher":{"@id":"https:\/\/swissbaker.ch\/fr\/#organization"},"potentialAction":[{"@type":"SearchAction","target":{"@type":"EntryPoint","urlTemplate":"https:\/\/swissbaker.ch\/fr\/?s={search_term_string}"},"query-input":{"@type":"PropertyValueSpecification","valueRequired":true,"valueName":"search_term_string"}}],"inLanguage":"fr-FR"},{"@type":"Organization","@id":"https:\/\/swissbaker.ch\/fr\/#organization","name":"Schweizerischer B\u00e4cker-Confiseurmeister-Verband","url":"https:\/\/swissbaker.ch\/fr\/","logo":{"@type":"ImageObject","inLanguage":"fr-FR","@id":"https:\/\/swissbaker.ch\/fr\/#\/schema\/logo\/image\/","url":"https:\/\/swissbaker.ch\/wp-content\/uploads\/2022\/04\/sbc-logo-yoast.jpg","contentUrl":"https:\/\/swissbaker.ch\/wp-content\/uploads\/2022\/04\/sbc-logo-yoast.jpg","width":512,"height":512,"caption":"Schweizerischer B\u00e4cker-Confiseurmeister-Verband"},"image":{"@id":"https:\/\/swissbaker.ch\/fr\/#\/schema\/logo\/image\/"},"sameAs":["https:\/\/www.facebook.com\/swissbaker.ch","https:\/\/x.com\/ch_swissbaker"]},{"@type":"Person","@id":"https:\/\/swissbaker.ch\/fr\/#\/schema\/person\/74bd327b08c18ca6042c02ff6f0ed5e2","name":"Simon Nussbaum","image":{"@type":"ImageObject","inLanguage":"fr-FR","@id":"https:\/\/swissbaker.ch\/fr\/#\/schema\/person\/image\/","url":"https:\/\/secure.gravatar.com\/avatar\/df0eced3bb556c806cb760cf503ade1ed1df25b4104d80d6fd28d93a9509aa12?s=96&d=mm&r=g","contentUrl":"https:\/\/secure.gravatar.com\/avatar\/df0eced3bb556c806cb760cf503ade1ed1df25b4104d80d6fd28d93a9509aa12?s=96&d=mm&r=g","caption":"Simon Nussbaum"},"url":"https:\/\/swissbaker.ch\/fr\/panissimo-news\/author\/simon-nussbaum\/"}]}},"_links":{"self":[{"href":"https:\/\/swissbaker.ch\/fr\/wp-json\/wp\/v2\/posts\/54395","targetHints":{"allow":["GET"]}}],"collection":[{"href":"https:\/\/swissbaker.ch\/fr\/wp-json\/wp\/v2\/posts"}],"about":[{"href":"https:\/\/swissbaker.ch\/fr\/wp-json\/wp\/v2\/types\/post"}],"author":[{"embeddable":true,"href":"https:\/\/swissbaker.ch\/fr\/wp-json\/wp\/v2\/users\/5"}],"replies":[{"embeddable":true,"href":"https:\/\/swissbaker.ch\/fr\/wp-json\/wp\/v2\/comments?post=54395"}],"version-history":[{"count":0,"href":"https:\/\/swissbaker.ch\/fr\/wp-json\/wp\/v2\/posts\/54395\/revisions"}],"wp:featuredmedia":[{"embeddable":true,"href":"https:\/\/swissbaker.ch\/fr\/wp-json\/wp\/v2\/media\/11457"}],"wp:attachment":[{"href":"https:\/\/swissbaker.ch\/fr\/wp-json\/wp\/v2\/media?parent=54395"}],"wp:term":[{"taxonomy":"category","embeddable":true,"href":"https:\/\/swissbaker.ch\/fr\/wp-json\/wp\/v2\/categories?post=54395"},{"taxonomy":"post_tag","embeddable":true,"href":"https:\/\/swissbaker.ch\/fr\/wp-json\/wp\/v2\/tags?post=54395"}],"curies":[{"name":"wp","href":"https:\/\/api.w.org\/{rel}","templated":true}]}}