{"id":54272,"date":"2022-12-14T11:16:49","date_gmt":"2022-12-14T10:16:49","guid":{"rendered":"https:\/\/swissbaker.ch\/?p=54272"},"modified":"2023-01-24T10:45:17","modified_gmt":"2023-01-24T09:45:17","slug":"2023-sante-et-produits-chimiques-sur-le-lieu-de-travail","status":"publish","type":"post","link":"https:\/\/swissbaker.ch\/fr\/panissimo-news\/2023-sante-et-produits-chimiques-sur-le-lieu-de-travail\/","title":{"rendered":"2023: Sant\u00e9 et produits chimiques sur le lieu de travail"},"content":{"rendered":"\n<p><strong>En 2023, la protection de la sant\u00e9 et les produits chimiques sur le lieu de travail seront le th\u00e8me principal des contr\u00f4les effectu\u00e9s par les inspections cantonales du travail. L&#8217;objectif est d&#8217;\u00e9viter les cons\u00e9quences n\u00e9gatives sur la sant\u00e9 des produits chimiques sur le lieu de travail.<\/strong><\/p>\n\n\n\n<p>Cette action vise \u00e0 augmenter le niveau de protection lors de la manipulation de produits chimiques dans les entreprises. Avec le soutien des inspections cantonales du travail, une culture de la pr\u00e9vention va \u00eatre encourag\u00e9e dans l&#8217;entreprise. L&#8217;objectif est d&#8217;\u00e9viter les effets n\u00e9gatifs des produits chimiques sur la sant\u00e9 au travail.&nbsp;<\/p>\n\n\n\n<figure class=\"wp-block-image size-large\"><img decoding=\"async\" width=\"1024\" height=\"608\" src=\"https:\/\/swissbaker.ch\/wp-content\/uploads\/2022\/12\/23_2_chemikalien_fr-1024x608.jpg\" alt=\"\" class=\"wp-image-54243\" srcset=\"https:\/\/swissbaker.ch\/wp-content\/uploads\/2022\/12\/23_2_chemikalien_fr-1024x608.jpg 1024w, https:\/\/swissbaker.ch\/wp-content\/uploads\/2022\/12\/23_2_chemikalien_fr-768x456.jpg 768w, https:\/\/swissbaker.ch\/wp-content\/uploads\/2022\/12\/23_2_chemikalien_fr.jpg 1200w\" sizes=\"(max-width: 1024px) 100vw, 1024px\" \/><\/figure>\n\n\n\n<h2 class=\"wp-block-heading\" id=\"h-outil-en-ligne-gratuit\">Outil en ligne gratuit<\/h2>\n\n\n\n<p>L\u2019outil en ligne SICHEM, qui est gratuit, apporte une aide sur la question de la manipulation des produits chimiques en entreprise. \u00c9laborez une liste des produits chimiques propre \u00e0 votre entreprise de ma\u00adni\u00e8re \u00e0 pouvoir en d\u00e9duire les mesures ad\u00e9quates de protection de la sant\u00e9 de vos collaborateurs.SICHEM est connect\u00e9 au registre suisse des produits (<a href=\"http:\/\/www.rpc.admin.ch\">www.rpc.admin.ch<\/a>). Cela vous donne la possibilit\u00e9 d&#8217;\u00e9laborer efficace\u00adment la liste de vos produits chimiques, de disposer en permanence d&#8217;informations actuelles les concer\u00adnant et de consulter les obligations r\u00e9glementaires sp\u00e9ciales directement dans l\u2019outil.<\/p>\n\n\n\n<div class=\"wp-block-file\"><a id=\"wp-block-file--media-52bca016-7736-4b80-97a8-e8a81c31fa35\" href=\"https:\/\/swissbaker.ch\/wp-content\/uploads\/2022\/12\/flyer_sichem_fr.pdf\">Information sichem<\/a><a href=\"https:\/\/swissbaker.ch\/wp-content\/uploads\/2022\/12\/flyer_sichem_fr.pdf\" class=\"wp-block-file__button\" download aria-describedby=\"wp-block-file--media-52bca016-7736-4b80-97a8-e8a81c31fa35\">Herunterladen<\/a><\/div>\n\n\n\n<p class=\"has-text-align-right\"><em>Benjamin Horand, antenne MSST et MQ de la BCS<\/em><\/p>\n","protected":false},"excerpt":{"rendered":"<p>En 2023, la protection de la sant\u00e9 et les produits chimiques sur le lieu de travail seront le th\u00e8me principal des contr\u00f4les effectu\u00e9s par les inspections cantonales du travail. L&#8217;objectif est d&#8217;\u00e9viter les cons\u00e9quences n\u00e9gatives sur la sant\u00e9 des produits chimiques sur le lieu de travail.<\/p>\n","protected":false},"author":5,"featured_media":54262,"comment_status":"closed","ping_status":"closed","sticky":false,"template":"","format":"standard","meta":{"_acf_changed":false,"footnotes":""},"categories":[49],"tags":[],"class_list":["post-54272","post","type-post","status-publish","format-standard","has-post-thumbnail","hentry","category-sante-securite"],"acf":[],"yoast_head":"<!-- This site is optimized with the Yoast SEO Premium plugin v26.8 (Yoast SEO v26.8) - https:\/\/yoast.com\/product\/yoast-seo-premium-wordpress\/ -->\n<title>2023: Sant\u00e9 et produits chimiques sur le lieu de travail | SBC<\/title>\n<meta name=\"robots\" content=\"index, follow, max-snippet:-1, max-image-preview:large, max-video-preview:-1\" \/>\n<link rel=\"canonical\" href=\"https:\/\/swissbaker.ch\/fr\/panissimo-news\/2023-sante-et-produits-chimiques-sur-le-lieu-de-travail\/\" \/>\n<meta property=\"og:locale\" content=\"fr_FR\" \/>\n<meta property=\"og:type\" content=\"article\" \/>\n<meta property=\"og:title\" content=\"2023: Sant\u00e9 et produits chimiques sur le lieu de travail\" \/>\n<meta property=\"og:description\" content=\"En 2023, la protection de la sant\u00e9 et les produits chimiques sur le lieu de travail seront le th\u00e8me principal des contr\u00f4les effectu\u00e9s par les inspections cantonales du travail. L&#039;objectif est d&#039;\u00e9viter les cons\u00e9quences n\u00e9gatives sur la sant\u00e9 des produits chimiques sur le lieu de travail.\" \/>\n<meta property=\"og:url\" content=\"https:\/\/swissbaker.ch\/fr\/panissimo-news\/2023-sante-et-produits-chimiques-sur-le-lieu-de-travail\/\" \/>\n<meta property=\"og:site_name\" content=\"SBC\" \/>\n<meta property=\"article:publisher\" content=\"https:\/\/www.facebook.com\/swissbaker.ch\" \/>\n<meta property=\"article:published_time\" content=\"2022-12-14T10:16:49+00:00\" \/>\n<meta property=\"article:modified_time\" content=\"2023-01-24T09:45:17+00:00\" \/>\n<meta property=\"og:image\" content=\"https:\/\/swissbaker.ch\/wp-content\/uploads\/2022\/12\/23_2_gefahrenstoffe.jpg\" \/>\n\t<meta property=\"og:image:width\" content=\"1200\" \/>\n\t<meta property=\"og:image:height\" content=\"712\" \/>\n\t<meta property=\"og:image:type\" content=\"image\/jpeg\" \/>\n<meta name=\"author\" content=\"Simon Nussbaum\" \/>\n<meta name=\"twitter:card\" content=\"summary_large_image\" \/>\n<meta name=\"twitter:creator\" content=\"@ch_swissbaker\" \/>\n<meta name=\"twitter:site\" content=\"@ch_swissbaker\" \/>\n<meta name=\"twitter:label1\" content=\"Written by\" \/>\n\t<meta name=\"twitter:data1\" content=\"Simon Nussbaum\" \/>\n\t<meta name=\"twitter:label2\" content=\"Est. reading time\" \/>\n\t<meta name=\"twitter:data2\" content=\"2 minutes\" \/>\n<script type=\"application\/ld+json\" class=\"yoast-schema-graph\">{\"@context\":\"https:\/\/schema.org\",\"@graph\":[{\"@type\":\"Article\",\"@id\":\"https:\/\/swissbaker.ch\/fr\/panissimo-news\/2023-sante-et-produits-chimiques-sur-le-lieu-de-travail\/#article\",\"isPartOf\":{\"@id\":\"https:\/\/swissbaker.ch\/fr\/panissimo-news\/2023-sante-et-produits-chimiques-sur-le-lieu-de-travail\/\"},\"author\":{\"name\":\"Simon Nussbaum\",\"@id\":\"https:\/\/swissbaker.ch\/fr\/#\/schema\/person\/74bd327b08c18ca6042c02ff6f0ed5e2\"},\"headline\":\"2023: Sant\u00e9 et produits chimiques sur le lieu de travail\",\"datePublished\":\"2022-12-14T10:16:49+00:00\",\"dateModified\":\"2023-01-24T09:45:17+00:00\",\"mainEntityOfPage\":{\"@id\":\"https:\/\/swissbaker.ch\/fr\/panissimo-news\/2023-sante-et-produits-chimiques-sur-le-lieu-de-travail\/\"},\"wordCount\":235,\"publisher\":{\"@id\":\"https:\/\/swissbaker.ch\/fr\/#organization\"},\"image\":{\"@id\":\"https:\/\/swissbaker.ch\/fr\/panissimo-news\/2023-sante-et-produits-chimiques-sur-le-lieu-de-travail\/#primaryimage\"},\"thumbnailUrl\":\"https:\/\/swissbaker.ch\/wp-content\/uploads\/2022\/12\/23_2_gefahrenstoffe.jpg\",\"articleSection\":[\"Sant\u00e9\/S\u00e9curit\u00e9\"],\"inLanguage\":\"fr-FR\"},{\"@type\":\"WebPage\",\"@id\":\"https:\/\/swissbaker.ch\/fr\/panissimo-news\/2023-sante-et-produits-chimiques-sur-le-lieu-de-travail\/\",\"url\":\"https:\/\/swissbaker.ch\/fr\/panissimo-news\/2023-sante-et-produits-chimiques-sur-le-lieu-de-travail\/\",\"name\":\"2023: Sant\u00e9 et produits chimiques sur le lieu de travail | SBC\",\"isPartOf\":{\"@id\":\"https:\/\/swissbaker.ch\/fr\/#website\"},\"primaryImageOfPage\":{\"@id\":\"https:\/\/swissbaker.ch\/fr\/panissimo-news\/2023-sante-et-produits-chimiques-sur-le-lieu-de-travail\/#primaryimage\"},\"image\":{\"@id\":\"https:\/\/swissbaker.ch\/fr\/panissimo-news\/2023-sante-et-produits-chimiques-sur-le-lieu-de-travail\/#primaryimage\"},\"thumbnailUrl\":\"https:\/\/swissbaker.ch\/wp-content\/uploads\/2022\/12\/23_2_gefahrenstoffe.jpg\",\"datePublished\":\"2022-12-14T10:16:49+00:00\",\"dateModified\":\"2023-01-24T09:45:17+00:00\",\"breadcrumb\":{\"@id\":\"https:\/\/swissbaker.ch\/fr\/panissimo-news\/2023-sante-et-produits-chimiques-sur-le-lieu-de-travail\/#breadcrumb\"},\"inLanguage\":\"fr-FR\",\"potentialAction\":[{\"@type\":\"ReadAction\",\"target\":[\"https:\/\/swissbaker.ch\/fr\/panissimo-news\/2023-sante-et-produits-chimiques-sur-le-lieu-de-travail\/\"]}]},{\"@type\":\"ImageObject\",\"inLanguage\":\"fr-FR\",\"@id\":\"https:\/\/swissbaker.ch\/fr\/panissimo-news\/2023-sante-et-produits-chimiques-sur-le-lieu-de-travail\/#primaryimage\",\"url\":\"https:\/\/swissbaker.ch\/wp-content\/uploads\/2022\/12\/23_2_gefahrenstoffe.jpg\",\"contentUrl\":\"https:\/\/swissbaker.ch\/wp-content\/uploads\/2022\/12\/23_2_gefahrenstoffe.jpg\",\"width\":1200,\"height\":712},{\"@type\":\"BreadcrumbList\",\"@id\":\"https:\/\/swissbaker.ch\/fr\/panissimo-news\/2023-sante-et-produits-chimiques-sur-le-lieu-de-travail\/#breadcrumb\",\"itemListElement\":[{\"@type\":\"ListItem\",\"position\":1,\"name\":\"\",\"item\":\"https:\/\/swissbaker.ch\/fr\/\"},{\"@type\":\"ListItem\",\"position\":2,\"name\":\"Sant\u00e9\/S\u00e9curit\u00e9\",\"item\":\"https:\/\/swissbaker.ch\/fr\/panissimo-news\/category\/sante-securite\/\"},{\"@type\":\"ListItem\",\"position\":3,\"name\":\"2023: Sant\u00e9 et produits chimiques sur le lieu de travail\"}]},{\"@type\":\"WebSite\",\"@id\":\"https:\/\/swissbaker.ch\/fr\/#website\",\"url\":\"https:\/\/swissbaker.ch\/fr\/\",\"name\":\"SBC\",\"description\":\"\",\"publisher\":{\"@id\":\"https:\/\/swissbaker.ch\/fr\/#organization\"},\"potentialAction\":[{\"@type\":\"SearchAction\",\"target\":{\"@type\":\"EntryPoint\",\"urlTemplate\":\"https:\/\/swissbaker.ch\/fr\/?s={search_term_string}\"},\"query-input\":{\"@type\":\"PropertyValueSpecification\",\"valueRequired\":true,\"valueName\":\"search_term_string\"}}],\"inLanguage\":\"fr-FR\"},{\"@type\":\"Organization\",\"@id\":\"https:\/\/swissbaker.ch\/fr\/#organization\",\"name\":\"Schweizerischer B\u00e4cker-Confiseurmeister-Verband\",\"url\":\"https:\/\/swissbaker.ch\/fr\/\",\"logo\":{\"@type\":\"ImageObject\",\"inLanguage\":\"fr-FR\",\"@id\":\"https:\/\/swissbaker.ch\/fr\/#\/schema\/logo\/image\/\",\"url\":\"https:\/\/swissbaker.ch\/wp-content\/uploads\/2022\/04\/sbc-logo-yoast.jpg\",\"contentUrl\":\"https:\/\/swissbaker.ch\/wp-content\/uploads\/2022\/04\/sbc-logo-yoast.jpg\",\"width\":512,\"height\":512,\"caption\":\"Schweizerischer B\u00e4cker-Confiseurmeister-Verband\"},\"image\":{\"@id\":\"https:\/\/swissbaker.ch\/fr\/#\/schema\/logo\/image\/\"},\"sameAs\":[\"https:\/\/www.facebook.com\/swissbaker.ch\",\"https:\/\/x.com\/ch_swissbaker\"]},{\"@type\":\"Person\",\"@id\":\"https:\/\/swissbaker.ch\/fr\/#\/schema\/person\/74bd327b08c18ca6042c02ff6f0ed5e2\",\"name\":\"Simon Nussbaum\",\"image\":{\"@type\":\"ImageObject\",\"inLanguage\":\"fr-FR\",\"@id\":\"https:\/\/swissbaker.ch\/fr\/#\/schema\/person\/image\/\",\"url\":\"https:\/\/secure.gravatar.com\/avatar\/df0eced3bb556c806cb760cf503ade1ed1df25b4104d80d6fd28d93a9509aa12?s=96&d=mm&r=g\",\"contentUrl\":\"https:\/\/secure.gravatar.com\/avatar\/df0eced3bb556c806cb760cf503ade1ed1df25b4104d80d6fd28d93a9509aa12?s=96&d=mm&r=g\",\"caption\":\"Simon Nussbaum\"},\"url\":\"https:\/\/swissbaker.ch\/fr\/panissimo-news\/author\/simon-nussbaum\/\"}]}<\/script>\n<!-- \/ Yoast SEO Premium plugin. -->","yoast_head_json":{"title":"2023: Sant\u00e9 et produits chimiques sur le lieu de travail | SBC","robots":{"index":"index","follow":"follow","max-snippet":"max-snippet:-1","max-image-preview":"max-image-preview:large","max-video-preview":"max-video-preview:-1"},"canonical":"https:\/\/swissbaker.ch\/fr\/panissimo-news\/2023-sante-et-produits-chimiques-sur-le-lieu-de-travail\/","og_locale":"fr_FR","og_type":"article","og_title":"2023: Sant\u00e9 et produits chimiques sur le lieu de travail","og_description":"En 2023, la protection de la sant\u00e9 et les produits chimiques sur le lieu de travail seront le th\u00e8me principal des contr\u00f4les effectu\u00e9s par les inspections cantonales du travail. L'objectif est d'\u00e9viter les cons\u00e9quences n\u00e9gatives sur la sant\u00e9 des produits chimiques sur le lieu de travail.","og_url":"https:\/\/swissbaker.ch\/fr\/panissimo-news\/2023-sante-et-produits-chimiques-sur-le-lieu-de-travail\/","og_site_name":"SBC","article_publisher":"https:\/\/www.facebook.com\/swissbaker.ch","article_published_time":"2022-12-14T10:16:49+00:00","article_modified_time":"2023-01-24T09:45:17+00:00","og_image":[{"width":1200,"height":712,"url":"https:\/\/swissbaker.ch\/wp-content\/uploads\/2022\/12\/23_2_gefahrenstoffe.jpg","type":"image\/jpeg"}],"author":"Simon Nussbaum","twitter_card":"summary_large_image","twitter_creator":"@ch_swissbaker","twitter_site":"@ch_swissbaker","twitter_misc":{"Written by":"Simon Nussbaum","Est. reading time":"2 minutes"},"schema":{"@context":"https:\/\/schema.org","@graph":[{"@type":"Article","@id":"https:\/\/swissbaker.ch\/fr\/panissimo-news\/2023-sante-et-produits-chimiques-sur-le-lieu-de-travail\/#article","isPartOf":{"@id":"https:\/\/swissbaker.ch\/fr\/panissimo-news\/2023-sante-et-produits-chimiques-sur-le-lieu-de-travail\/"},"author":{"name":"Simon Nussbaum","@id":"https:\/\/swissbaker.ch\/fr\/#\/schema\/person\/74bd327b08c18ca6042c02ff6f0ed5e2"},"headline":"2023: Sant\u00e9 et produits chimiques sur le lieu de travail","datePublished":"2022-12-14T10:16:49+00:00","dateModified":"2023-01-24T09:45:17+00:00","mainEntityOfPage":{"@id":"https:\/\/swissbaker.ch\/fr\/panissimo-news\/2023-sante-et-produits-chimiques-sur-le-lieu-de-travail\/"},"wordCount":235,"publisher":{"@id":"https:\/\/swissbaker.ch\/fr\/#organization"},"image":{"@id":"https:\/\/swissbaker.ch\/fr\/panissimo-news\/2023-sante-et-produits-chimiques-sur-le-lieu-de-travail\/#primaryimage"},"thumbnailUrl":"https:\/\/swissbaker.ch\/wp-content\/uploads\/2022\/12\/23_2_gefahrenstoffe.jpg","articleSection":["Sant\u00e9\/S\u00e9curit\u00e9"],"inLanguage":"fr-FR"},{"@type":"WebPage","@id":"https:\/\/swissbaker.ch\/fr\/panissimo-news\/2023-sante-et-produits-chimiques-sur-le-lieu-de-travail\/","url":"https:\/\/swissbaker.ch\/fr\/panissimo-news\/2023-sante-et-produits-chimiques-sur-le-lieu-de-travail\/","name":"2023: Sant\u00e9 et produits chimiques sur le lieu de travail | SBC","isPartOf":{"@id":"https:\/\/swissbaker.ch\/fr\/#website"},"primaryImageOfPage":{"@id":"https:\/\/swissbaker.ch\/fr\/panissimo-news\/2023-sante-et-produits-chimiques-sur-le-lieu-de-travail\/#primaryimage"},"image":{"@id":"https:\/\/swissbaker.ch\/fr\/panissimo-news\/2023-sante-et-produits-chimiques-sur-le-lieu-de-travail\/#primaryimage"},"thumbnailUrl":"https:\/\/swissbaker.ch\/wp-content\/uploads\/2022\/12\/23_2_gefahrenstoffe.jpg","datePublished":"2022-12-14T10:16:49+00:00","dateModified":"2023-01-24T09:45:17+00:00","breadcrumb":{"@id":"https:\/\/swissbaker.ch\/fr\/panissimo-news\/2023-sante-et-produits-chimiques-sur-le-lieu-de-travail\/#breadcrumb"},"inLanguage":"fr-FR","potentialAction":[{"@type":"ReadAction","target":["https:\/\/swissbaker.ch\/fr\/panissimo-news\/2023-sante-et-produits-chimiques-sur-le-lieu-de-travail\/"]}]},{"@type":"ImageObject","inLanguage":"fr-FR","@id":"https:\/\/swissbaker.ch\/fr\/panissimo-news\/2023-sante-et-produits-chimiques-sur-le-lieu-de-travail\/#primaryimage","url":"https:\/\/swissbaker.ch\/wp-content\/uploads\/2022\/12\/23_2_gefahrenstoffe.jpg","contentUrl":"https:\/\/swissbaker.ch\/wp-content\/uploads\/2022\/12\/23_2_gefahrenstoffe.jpg","width":1200,"height":712},{"@type":"BreadcrumbList","@id":"https:\/\/swissbaker.ch\/fr\/panissimo-news\/2023-sante-et-produits-chimiques-sur-le-lieu-de-travail\/#breadcrumb","itemListElement":[{"@type":"ListItem","position":1,"name":"","item":"https:\/\/swissbaker.ch\/fr\/"},{"@type":"ListItem","position":2,"name":"Sant\u00e9\/S\u00e9curit\u00e9","item":"https:\/\/swissbaker.ch\/fr\/panissimo-news\/category\/sante-securite\/"},{"@type":"ListItem","position":3,"name":"2023: Sant\u00e9 et produits chimiques sur le lieu de travail"}]},{"@type":"WebSite","@id":"https:\/\/swissbaker.ch\/fr\/#website","url":"https:\/\/swissbaker.ch\/fr\/","name":"SBC","description":"","publisher":{"@id":"https:\/\/swissbaker.ch\/fr\/#organization"},"potentialAction":[{"@type":"SearchAction","target":{"@type":"EntryPoint","urlTemplate":"https:\/\/swissbaker.ch\/fr\/?s={search_term_string}"},"query-input":{"@type":"PropertyValueSpecification","valueRequired":true,"valueName":"search_term_string"}}],"inLanguage":"fr-FR"},{"@type":"Organization","@id":"https:\/\/swissbaker.ch\/fr\/#organization","name":"Schweizerischer B\u00e4cker-Confiseurmeister-Verband","url":"https:\/\/swissbaker.ch\/fr\/","logo":{"@type":"ImageObject","inLanguage":"fr-FR","@id":"https:\/\/swissbaker.ch\/fr\/#\/schema\/logo\/image\/","url":"https:\/\/swissbaker.ch\/wp-content\/uploads\/2022\/04\/sbc-logo-yoast.jpg","contentUrl":"https:\/\/swissbaker.ch\/wp-content\/uploads\/2022\/04\/sbc-logo-yoast.jpg","width":512,"height":512,"caption":"Schweizerischer B\u00e4cker-Confiseurmeister-Verband"},"image":{"@id":"https:\/\/swissbaker.ch\/fr\/#\/schema\/logo\/image\/"},"sameAs":["https:\/\/www.facebook.com\/swissbaker.ch","https:\/\/x.com\/ch_swissbaker"]},{"@type":"Person","@id":"https:\/\/swissbaker.ch\/fr\/#\/schema\/person\/74bd327b08c18ca6042c02ff6f0ed5e2","name":"Simon Nussbaum","image":{"@type":"ImageObject","inLanguage":"fr-FR","@id":"https:\/\/swissbaker.ch\/fr\/#\/schema\/person\/image\/","url":"https:\/\/secure.gravatar.com\/avatar\/df0eced3bb556c806cb760cf503ade1ed1df25b4104d80d6fd28d93a9509aa12?s=96&d=mm&r=g","contentUrl":"https:\/\/secure.gravatar.com\/avatar\/df0eced3bb556c806cb760cf503ade1ed1df25b4104d80d6fd28d93a9509aa12?s=96&d=mm&r=g","caption":"Simon Nussbaum"},"url":"https:\/\/swissbaker.ch\/fr\/panissimo-news\/author\/simon-nussbaum\/"}]}},"_links":{"self":[{"href":"https:\/\/swissbaker.ch\/fr\/wp-json\/wp\/v2\/posts\/54272","targetHints":{"allow":["GET"]}}],"collection":[{"href":"https:\/\/swissbaker.ch\/fr\/wp-json\/wp\/v2\/posts"}],"about":[{"href":"https:\/\/swissbaker.ch\/fr\/wp-json\/wp\/v2\/types\/post"}],"author":[{"embeddable":true,"href":"https:\/\/swissbaker.ch\/fr\/wp-json\/wp\/v2\/users\/5"}],"replies":[{"embeddable":true,"href":"https:\/\/swissbaker.ch\/fr\/wp-json\/wp\/v2\/comments?post=54272"}],"version-history":[{"count":0,"href":"https:\/\/swissbaker.ch\/fr\/wp-json\/wp\/v2\/posts\/54272\/revisions"}],"wp:featuredmedia":[{"embeddable":true,"href":"https:\/\/swissbaker.ch\/fr\/wp-json\/wp\/v2\/media\/54262"}],"wp:attachment":[{"href":"https:\/\/swissbaker.ch\/fr\/wp-json\/wp\/v2\/media?parent=54272"}],"wp:term":[{"taxonomy":"category","embeddable":true,"href":"https:\/\/swissbaker.ch\/fr\/wp-json\/wp\/v2\/categories?post=54272"},{"taxonomy":"post_tag","embeddable":true,"href":"https:\/\/swissbaker.ch\/fr\/wp-json\/wp\/v2\/tags?post=54272"}],"curies":[{"name":"wp","href":"https:\/\/api.w.org\/{rel}","templated":true}]}}