{"id":53951,"date":"2022-12-07T13:30:30","date_gmt":"2022-12-07T12:30:30","guid":{"rendered":"https:\/\/swissbaker.ch\/?p=53951"},"modified":"2023-01-24T10:45:30","modified_gmt":"2023-01-24T09:45:30","slug":"journee-de-la-qualite-du-ble-conseils-de-cuisson","status":"publish","type":"post","link":"https:\/\/swissbaker.ch\/fr\/panissimo-news\/journee-de-la-qualite-du-ble-conseils-de-cuisson\/","title":{"rendered":"<strong>Journ\u00e9e de la qualit\u00e9 du bl\u00e9: conseils de cuisson<\/strong>"},"content":{"rendered":"\n<p><strong>Apr\u00e8s les mauvais r\u00e9sultats de la r\u00e9colte de l&#8217;ann\u00e9e derni\u00e8re, la Journ\u00e9e de la qualit\u00e9 du bl\u00e9 de cette ann\u00e9e \u00e0 Berne a permis de revenir \u00e0 des nouvelles positives: la r\u00e9colte de bl\u00e9 2022 est bonne. Il en va de m\u00eame pour la qualit\u00e9 boulang\u00e8re, selon les analyses de l&#8217;Ecole professionnelle Richemont et d&#8217;Agroscope. Il faut toutefois tenir compte de quelques points.<\/strong><\/p>\n\n\n\n<p>\u00abMalgr\u00e9 une phase de s\u00e9cheresse prolong\u00e9e, une bonne r\u00e9colte de bl\u00e9 a pu \u00eatre r\u00e9alis\u00e9e\u00bb, a expliqu\u00e9 Stephanie Br\u00e4unlich, responsable du laboratoire de qualit\u00e9 et s\u00e9lectionneuse de bl\u00e9 chez Agroscope, lors de la Journ\u00e9e de la qualit\u00e9 du bl\u00e9 de cette ann\u00e9e \u00e0 Berne. Avec 85,2 kg\/hl, le poids moyen \u00e0 l&#8217;hectolitre \u00e9tait cette ann\u00e9e nettement plus \u00e9lev\u00e9 que l&#8217;ann\u00e9e derni\u00e8re et m\u00eame sup\u00e9rieur de 3,5 % \u00e0 la moyenne des ann\u00e9es 2016 \u00e0 2020. La germination sur pied, qui avait entra\u00een\u00e9 des d\u00e9classements et une forte activit\u00e9 enzymatique l&#8217;ann\u00e9e derni\u00e8re, n&#8217;a pas \u00e9t\u00e9 un probl\u00e8me cette ann\u00e9e.<\/p>\n\n\n\n<figure class=\"wp-block-image size-large\"><img decoding=\"async\" width=\"1024\" height=\"768\" src=\"https:\/\/swissbaker.ch\/wp-content\/uploads\/2022\/12\/qualitaetstagung-weizen3_korr-1024x768.jpg\" alt=\"\" class=\"wp-image-53874\" srcset=\"https:\/\/swissbaker.ch\/wp-content\/uploads\/2022\/12\/qualitaetstagung-weizen3_korr-1024x768.jpg 1024w, https:\/\/swissbaker.ch\/wp-content\/uploads\/2022\/12\/qualitaetstagung-weizen3_korr-768x576.jpg 768w, https:\/\/swissbaker.ch\/wp-content\/uploads\/2022\/12\/qualitaetstagung-weizen3_korr-1536x1152.jpg 1536w, https:\/\/swissbaker.ch\/wp-content\/uploads\/2022\/12\/qualitaetstagung-weizen3_korr-scaled.jpg 2048w, https:\/\/swissbaker.ch\/wp-content\/uploads\/2022\/12\/qualitaetstagung-weizen3_korr-1000x750.jpg 1000w\" sizes=\"(max-width: 1024px) 100vw, 1024px\" \/><figcaption>S\u00e9bastien Knecht, responsable Richemont Romandie, et St\u00e9phanie Br\u00e4unlich, responsable du laboratoire de qualit\u00e9 chez Agroscope.<\/figcaption><\/figure>\n\n\n\n<h2 class=\"wp-block-heading\" id=\"h-teneur-en-proteines-et-gluten-humide\">Teneur en prot\u00e9ines et gluten humide<\/h2>\n\n\n\n<p>Cette ann\u00e9e, la teneur moyenne en prot\u00e9ines \u00e9tait de 13,6&nbsp;%, ce qui est presque aussi \u00e9lev\u00e9 que pour les ann\u00e9es 2016 \u00e0 2020. La teneur en gluten humide \u00e9tait de 28,7&nbsp;%, soit 2,2&nbsp;% de moins que la moyenne 2016 \u00e0 2020. Comme l&#8217;ann\u00e9e derni\u00e8re, l&#8217;extensographe a permis de mesurer une \u00e9nergie moyenne de la p\u00e2te \u00e9lev\u00e9e (152&nbsp;cm<sup>2<\/sup>). Tout comme l&#8217;ann\u00e9e derni\u00e8re, un ratio l\u00e9g\u00e8rement plus \u00e9lev\u00e9 (t\u00e9nacit\u00e9\/extensibilit\u00e9) a \u00e9t\u00e9 mesur\u00e9, ce qui indique une structure de gluten raccourcie. L&#8217;absorption d&#8217;eau, avec 58.4&nbsp;%, \u00e9tait tr\u00e8s proche de la moyenne 2016-2020. L\u2019affaiblissement de la p\u00e2te est l\u00e9g\u00e8rement plus \u00e9lev\u00e9 que la moyenne des ann\u00e9es 2016-2020. Toutes les vari\u00e9t\u00e9s ont pr\u00e9sent\u00e9 un temps de chute moyen sup\u00e9rieur \u00e0 300&nbsp;s, soit un niveau similaire \u00e0 celui des ann\u00e9es 2016&nbsp;\u00e0&nbsp;2020. La g\u00e9latinisation maximale (1208 UA) et la temp\u00e9rature de g\u00e9latinisation (88.9\u00b0C) \u00e9taient \u00e9galement comparables aux ann\u00e9es pr\u00e9c\u00e9dentes. Ces r\u00e9sultats laissent supposer une faible activit\u00e9 enzymatique, surtout par rapport \u00e0 l&#8217;ann\u00e9e derni\u00e8re.&nbsp;<\/p>\n\n\n\n<p><a href=\"https:\/\/swissbaker.ch\/fr\/panissimo-news\/recolte-de-ble-2021-il-faut-beaucoup-de-savoir-faire\/\" target=\"_blank\" rel=\"noreferrer noopener\">R\u00e9colte de bl\u00e9 2021 &#8230;\u00bb<\/a><\/p>\n\n\n\n<p><a href=\"https:\/\/www.swissgranum.ch\/documents\/741931\/9432685\/2_Praesentation_Braeunlich_Knecht_f.pdf\/3dd7cc81-9e1e-93f4-1144-582a28a20cd0\" target=\"_blank\" rel=\"noreferrer noopener\">Pr\u00e9sentation de Stephanie Br\u00e4unlich et S\u00e9bastien Knecht &#8230;\u00bb<\/a><\/p>\n\n\n\n<h2 class=\"wp-block-heading\">Indications pour la transformation boulang\u00e8re<\/h2>\n\n\n\n<p>S\u00e9bastien Knecht, responsable de l&#8217;Ecole professionnelle Richemont en Suisse romande, a exhort\u00e9 les moulins \u00e0 suivre de fa\u00e7on importante l&#8217;\u00e9volution des m\u00e9langes jusqu&#8217;\u00e0 \u00e9puisement de la r\u00e9colte 2021. De fa\u00e7on g\u00e9n\u00e9rale, on peut \u00eatre serein sur la qualit\u00e9 boulang\u00e8re des bl\u00e9s suisses en 2022. Selon Knecht, les p\u00e2tes pr\u00e9sentent une bonne structure et un bon \u00e9quilibre avec une l\u00e9g\u00e8re tendance \u00e0 \u00eatre plus \u00e9lastiques. \u00abNous les \u00e9valuons n\u00e9anmoins comme \u00e9quilibr\u00e9es en fin de p\u00e9trissage et en cours de fermentation.\u00bb L\u2019ajout d\u2019additifs stimulant le gluten (ac\u00e9rola, acide ascorbique) ou l\u2019\u00e9lasticit\u00e9 des p\u00e2tes ne devrait \u00eatre n\u00e9cessaire qu\u2019avec des valeurs sp\u00e9cifiquement tr\u00e8s basses \u00e0 l\u2019extensogramme.<\/p>\n\n\n\n<p>Avec le stockage des c\u00e9r\u00e9ales et l&#8217;oxydation qui en d\u00e9coule, le gluten tend \u00e0 s\u2019affermir naturellement et l\u2019utilisation de composants stimulant le gluten devra \u00eatre r\u00e9\u00e9valu\u00e9e (env. d\u00e9cembre\/janvier). Avec l\u2019activit\u00e9 enzymatique plus basse que 2021 et \u00e0 un retour \u00e0 un niveau normal, il est possible d\u2019ajouter de fa\u00e7on cibl\u00e9e des malts d\u2019orge actifs (farine de malt ou malt liquide).<\/p>\n\n\n\n<p>Selon les panifications de Richemont\/Agroscope, les temps de pointage et d&#8217;appr\u00eat ne doivent pas \u00eatre adapt\u00e9s. \u00abN\u00e9anmoins les producteurs qui ont r\u00e9duit les temps de fermentation apr\u00e8s la r\u00e9colte 2021, devraient revenir aux valeurs de fermentation de&nbsp;2020 cette ann\u00e9e\u00bb, a relev\u00e9 S\u00e9bastien Knecht. Les temps de p\u00e9trissage devraient \u00eatre maintenus comme pour la pr\u00e9c\u00e9dente r\u00e9colte, donc l\u00e9g\u00e8rement augment\u00e9s. Objectif ultime, une p\u00e2te bien p\u00e9trie mais sans exc\u00e8s car la tol\u00e9rance n&#8217;est pas \u00e9lev\u00e9e et n\u2019a pas \u00e9t\u00e9 am\u00e9lior\u00e9e pour cette r\u00e9colte.<\/p>\n\n\n\n<h2 class=\"wp-block-heading\">Consultation des moulins<\/h2>\n\n\n\n<p>Selon le professionnel de Richemont, dans la situation actuelle et compte tenu des \u00e9l\u00e9ments de corrections d\u00e9j\u00e0 list\u00e9s ci-dessus, une adaptation suppl\u00e9mentaire des param\u00e8tres de fermentation et\/ou de cuisson n\u2019est pas recommand\u00e9e. Pour les m\u00e9langes de farine sans correction meuni\u00e8re, il est possible d\u2019envisager une l\u00e9g\u00e8re augmentation de la temp\u00e9rature de cuisson. Important: Il s\u2019agit de tendances g\u00e9n\u00e9rales des farines non trait\u00e9es de la r\u00e9colte 2022. Les r\u00e9sultats d&#8217;analyses actuels des farines doivent \u00eatre connus avant de proc\u00e9der \u00e0 des corrections. Les valeurs r\u00e9elles, qui sont amen\u00e9es \u00e0 changer selon le pourcentage de nouvelle r\u00e9colte dans les m\u00e9langes, servent de base aux corrections, le deuxi\u00e8me \u00e9chelon de transformation meuni\u00e8re adaptant les m\u00e9langes et les corrections en permanence pour satisfaire les producteurs et maintenir la qualit\u00e9 r\u00e9guli\u00e8re. \u00abNous vous invitons \u00e0 maintenir une bonne communication avec les meuniers et \u00e0 suivre leurs recommandations dans les prochains mois\u00bb a conclu S\u00e9bastien Knecht.<\/p>\n\n\n\n<p><a href=\"https:\/\/www.swissgranum.ch\/fr\/qualitaetstagung\" target=\"_blank\" rel=\"noreferrer noopener\">Tableaux et graphiques &#8230;\u00bb<\/a><\/p>\n\n\n\n<h2 class=\"wp-block-heading\"><strong>Le d\u00e9fi des trajectoires de r\u00e9duction<\/strong><\/h2>\n\n\n\n<p>Le th\u00e8me des \u00abtrajectoires de r\u00e9duction des produits phytosanitaires et des pertes d\u2019\u00e9l\u00e9ments fertilisants\u00bb a constitu\u00e9 un autre point fort de la Journ\u00e9e de la qualit\u00e9 du bl\u00e9. Christian Hofer, directeur de l&#8217;Office f\u00e9d\u00e9ral de l&#8217;agriculture (OFAG), a d\u00e9crit aux personnes pr\u00e9sentes l\u2019\u00e9tat actuel des discussions politiques et l&#8217;\u00e9tat d&#8217;esprit de la population, et a pr\u00e9sent\u00e9 le train de mesures que le Conseil f\u00e9d\u00e9ral propose suite \u00e0 une initiative parlementaire. Hofer s&#8217;est dit convaincu que la voie commune d&#8217;un accord de branche \u00e9tait la meilleure \u00e0 anticiper. Plusieurs intervenants ont mis en garde contre davantage de restrictions, soulign\u00e9 que de nombreuses mesures avaient d\u00e9j\u00e0 \u00e9t\u00e9 prises et que des progr\u00e8s avaient \u00e9t\u00e9 r\u00e9alis\u00e9s dans l&#8217;agriculture. L&#8217;initiative parlementaire renforcerait les importations plut\u00f4t que la production nationale. \u00abPour nous, il est important que l&#8217;OFAG et la Conf\u00e9d\u00e9ration ne d\u00e9l\u00e8guent pas leurs responsabilit\u00e9s\u00bb, a relev\u00e9 Michel Darbellay, responsable du d\u00e9partement Production, march\u00e9s et \u00e9cologie de l&#8217;Union suisse des paysans. \u00abNous ne sommes pas contre en soi, mais nous demandons un soutien financier \u00e0 la Conf\u00e9d\u00e9ration.\u00bb<\/p>\n\n\n\n<h2 class=\"wp-block-heading\">AD swiss granum: nouveaux membres du comit\u00e9<\/h2>\n\n\n\n<p>Lors de son assembl\u00e9e des d\u00e9l\u00e9gu\u00e9s \u00e0 Berne, l&#8217;interprofession swiss granum a \u00e9lu Matthias Staehlin (responsable des approvisionnements \/ autorit\u00e9s de Swissmill) au comit\u00e9 en remplacement de Romeo Sciaranetti, membre de longue date dudit comit\u00e9. Joseph von Rotz (responsable op\u00e9rationnel de l&#8217;unit\u00e9 commerciale fenaco&nbsp;GOF \/ responsable du secteur GOF Suisse aliments) a \u00e9galement \u00e9t\u00e9 \u00e9lu. <\/p>\n\n\n\n<p class=\"has-text-align-right\">com\/cv<\/p>\n\n\n\n<p><a id=\"_msocom_1\"><\/a><\/p>\n","protected":false},"excerpt":{"rendered":"<p>Apr\u00e8s les mauvais r\u00e9sultats de la r\u00e9colte de l&#8217;ann\u00e9e derni\u00e8re, la Journ\u00e9e de la qualit\u00e9 du bl\u00e9 de cette ann\u00e9e \u00e0 Berne a permis de revenir \u00e0 des nouvelles positives: la r\u00e9colte de bl\u00e9 2022 est bonne. Il en va de m\u00eame pour la qualit\u00e9 boulang\u00e8re, selon les analyses de l&#8217;Ecole professionnelle Richemont et d&#8217;Agroscope. Il faut toutefois tenir compte [&hellip;]<\/p>\n","protected":false},"author":4,"featured_media":53874,"comment_status":"closed","ping_status":"closed","sticky":true,"template":"","format":"standard","meta":{"_acf_changed":false,"footnotes":""},"categories":[39,48],"tags":[],"class_list":["post-53951","post","type-post","status-publish","format-standard","has-post-thumbnail","hentry","category-de-la-branche","category-production"],"acf":[],"yoast_head":"<!-- This site is optimized with the Yoast SEO Premium plugin v26.8 (Yoast SEO v26.8) - https:\/\/yoast.com\/product\/yoast-seo-premium-wordpress\/ -->\n<title>Journ\u00e9e de la qualit\u00e9 du bl\u00e9: conseils de cuisson | SBC<\/title>\n<meta name=\"description\" content=\"La Journ\u00e9e de la qualit\u00e9 du bl\u00e9 de cette ann\u00e9e \u00e0 Berne a permis de revenir \u00e0 des nouvelles positives: la r\u00e9colte de bl\u00e9 2022 est bonne.\" \/>\n<meta name=\"robots\" content=\"index, follow, max-snippet:-1, max-image-preview:large, max-video-preview:-1\" \/>\n<link rel=\"canonical\" href=\"https:\/\/swissbaker.ch\/fr\/panissimo-news\/journee-de-la-qualite-du-ble-conseils-de-cuisson\/\" \/>\n<meta property=\"og:locale\" content=\"fr_FR\" \/>\n<meta property=\"og:type\" content=\"article\" \/>\n<meta property=\"og:title\" content=\"Journ\u00e9e de la qualit\u00e9 du bl\u00e9: conseils de cuisson\" \/>\n<meta property=\"og:description\" content=\"La Journ\u00e9e de la qualit\u00e9 du bl\u00e9 de cette ann\u00e9e \u00e0 Berne a permis de revenir \u00e0 des nouvelles positives: la r\u00e9colte de bl\u00e9 2022 est bonne.\" \/>\n<meta property=\"og:url\" content=\"https:\/\/swissbaker.ch\/fr\/panissimo-news\/journee-de-la-qualite-du-ble-conseils-de-cuisson\/\" \/>\n<meta property=\"og:site_name\" content=\"SBC\" \/>\n<meta property=\"article:publisher\" content=\"https:\/\/www.facebook.com\/swissbaker.ch\" \/>\n<meta property=\"article:published_time\" content=\"2022-12-07T12:30:30+00:00\" \/>\n<meta property=\"article:modified_time\" content=\"2023-01-24T09:45:30+00:00\" \/>\n<meta property=\"og:image\" content=\"https:\/\/swissbaker.ch\/wp-content\/uploads\/2022\/12\/qualitaetstagung-weizen3_korr-scaled.jpg\" \/>\n\t<meta property=\"og:image:width\" content=\"2048\" \/>\n\t<meta property=\"og:image:height\" content=\"1536\" \/>\n\t<meta property=\"og:image:type\" content=\"image\/jpeg\" \/>\n<meta name=\"author\" content=\"Elina Laich\" \/>\n<meta name=\"twitter:card\" content=\"summary_large_image\" \/>\n<meta name=\"twitter:creator\" content=\"@ch_swissbaker\" \/>\n<meta name=\"twitter:site\" content=\"@ch_swissbaker\" \/>\n<meta name=\"twitter:label1\" content=\"Written by\" \/>\n\t<meta name=\"twitter:data1\" content=\"Elina Laich\" \/>\n\t<meta name=\"twitter:label2\" content=\"Est. reading time\" \/>\n\t<meta name=\"twitter:data2\" content=\"6 minutes\" \/>\n<script type=\"application\/ld+json\" class=\"yoast-schema-graph\">{\"@context\":\"https:\/\/schema.org\",\"@graph\":[{\"@type\":\"Article\",\"@id\":\"https:\/\/swissbaker.ch\/fr\/panissimo-news\/journee-de-la-qualite-du-ble-conseils-de-cuisson\/#article\",\"isPartOf\":{\"@id\":\"https:\/\/swissbaker.ch\/fr\/panissimo-news\/journee-de-la-qualite-du-ble-conseils-de-cuisson\/\"},\"author\":{\"name\":\"Elina Laich\",\"@id\":\"https:\/\/swissbaker.ch\/fr\/#\/schema\/person\/0c7464407782a0917d6e91a74206a176\"},\"headline\":\"Journ\u00e9e de la qualit\u00e9 du bl\u00e9: conseils de cuisson\",\"datePublished\":\"2022-12-07T12:30:30+00:00\",\"dateModified\":\"2023-01-24T09:45:30+00:00\",\"mainEntityOfPage\":{\"@id\":\"https:\/\/swissbaker.ch\/fr\/panissimo-news\/journee-de-la-qualite-du-ble-conseils-de-cuisson\/\"},\"wordCount\":1205,\"publisher\":{\"@id\":\"https:\/\/swissbaker.ch\/fr\/#organization\"},\"image\":{\"@id\":\"https:\/\/swissbaker.ch\/fr\/panissimo-news\/journee-de-la-qualite-du-ble-conseils-de-cuisson\/#primaryimage\"},\"thumbnailUrl\":\"https:\/\/swissbaker.ch\/wp-content\/uploads\/2022\/12\/qualitaetstagung-weizen3_korr-scaled.jpg\",\"articleSection\":[\"De la branche\",\"Production\"],\"inLanguage\":\"fr-FR\"},{\"@type\":\"WebPage\",\"@id\":\"https:\/\/swissbaker.ch\/fr\/panissimo-news\/journee-de-la-qualite-du-ble-conseils-de-cuisson\/\",\"url\":\"https:\/\/swissbaker.ch\/fr\/panissimo-news\/journee-de-la-qualite-du-ble-conseils-de-cuisson\/\",\"name\":\"Journ\u00e9e de la qualit\u00e9 du bl\u00e9: conseils de cuisson | SBC\",\"isPartOf\":{\"@id\":\"https:\/\/swissbaker.ch\/fr\/#website\"},\"primaryImageOfPage\":{\"@id\":\"https:\/\/swissbaker.ch\/fr\/panissimo-news\/journee-de-la-qualite-du-ble-conseils-de-cuisson\/#primaryimage\"},\"image\":{\"@id\":\"https:\/\/swissbaker.ch\/fr\/panissimo-news\/journee-de-la-qualite-du-ble-conseils-de-cuisson\/#primaryimage\"},\"thumbnailUrl\":\"https:\/\/swissbaker.ch\/wp-content\/uploads\/2022\/12\/qualitaetstagung-weizen3_korr-scaled.jpg\",\"datePublished\":\"2022-12-07T12:30:30+00:00\",\"dateModified\":\"2023-01-24T09:45:30+00:00\",\"description\":\"La Journ\u00e9e de la qualit\u00e9 du bl\u00e9 de cette ann\u00e9e \u00e0 Berne a permis de revenir \u00e0 des nouvelles positives: la r\u00e9colte de bl\u00e9 2022 est bonne.\",\"breadcrumb\":{\"@id\":\"https:\/\/swissbaker.ch\/fr\/panissimo-news\/journee-de-la-qualite-du-ble-conseils-de-cuisson\/#breadcrumb\"},\"inLanguage\":\"fr-FR\",\"potentialAction\":[{\"@type\":\"ReadAction\",\"target\":[\"https:\/\/swissbaker.ch\/fr\/panissimo-news\/journee-de-la-qualite-du-ble-conseils-de-cuisson\/\"]}]},{\"@type\":\"ImageObject\",\"inLanguage\":\"fr-FR\",\"@id\":\"https:\/\/swissbaker.ch\/fr\/panissimo-news\/journee-de-la-qualite-du-ble-conseils-de-cuisson\/#primaryimage\",\"url\":\"https:\/\/swissbaker.ch\/wp-content\/uploads\/2022\/12\/qualitaetstagung-weizen3_korr-scaled.jpg\",\"contentUrl\":\"https:\/\/swissbaker.ch\/wp-content\/uploads\/2022\/12\/qualitaetstagung-weizen3_korr-scaled.jpg\",\"width\":2048,\"height\":1536},{\"@type\":\"BreadcrumbList\",\"@id\":\"https:\/\/swissbaker.ch\/fr\/panissimo-news\/journee-de-la-qualite-du-ble-conseils-de-cuisson\/#breadcrumb\",\"itemListElement\":[{\"@type\":\"ListItem\",\"position\":1,\"name\":\"\",\"item\":\"https:\/\/swissbaker.ch\/fr\/\"},{\"@type\":\"ListItem\",\"position\":2,\"name\":\"De la branche\",\"item\":\"https:\/\/swissbaker.ch\/fr\/panissimo-news\/category\/de-la-branche\/\"},{\"@type\":\"ListItem\",\"position\":3,\"name\":\"Journ\u00e9e de la qualit\u00e9 du bl\u00e9: conseils de cuisson\"}]},{\"@type\":\"WebSite\",\"@id\":\"https:\/\/swissbaker.ch\/fr\/#website\",\"url\":\"https:\/\/swissbaker.ch\/fr\/\",\"name\":\"SBC\",\"description\":\"\",\"publisher\":{\"@id\":\"https:\/\/swissbaker.ch\/fr\/#organization\"},\"potentialAction\":[{\"@type\":\"SearchAction\",\"target\":{\"@type\":\"EntryPoint\",\"urlTemplate\":\"https:\/\/swissbaker.ch\/fr\/?s={search_term_string}\"},\"query-input\":{\"@type\":\"PropertyValueSpecification\",\"valueRequired\":true,\"valueName\":\"search_term_string\"}}],\"inLanguage\":\"fr-FR\"},{\"@type\":\"Organization\",\"@id\":\"https:\/\/swissbaker.ch\/fr\/#organization\",\"name\":\"Schweizerischer B\u00e4cker-Confiseurmeister-Verband\",\"url\":\"https:\/\/swissbaker.ch\/fr\/\",\"logo\":{\"@type\":\"ImageObject\",\"inLanguage\":\"fr-FR\",\"@id\":\"https:\/\/swissbaker.ch\/fr\/#\/schema\/logo\/image\/\",\"url\":\"https:\/\/swissbaker.ch\/wp-content\/uploads\/2022\/04\/sbc-logo-yoast.jpg\",\"contentUrl\":\"https:\/\/swissbaker.ch\/wp-content\/uploads\/2022\/04\/sbc-logo-yoast.jpg\",\"width\":512,\"height\":512,\"caption\":\"Schweizerischer B\u00e4cker-Confiseurmeister-Verband\"},\"image\":{\"@id\":\"https:\/\/swissbaker.ch\/fr\/#\/schema\/logo\/image\/\"},\"sameAs\":[\"https:\/\/www.facebook.com\/swissbaker.ch\",\"https:\/\/x.com\/ch_swissbaker\"]},{\"@type\":\"Person\",\"@id\":\"https:\/\/swissbaker.ch\/fr\/#\/schema\/person\/0c7464407782a0917d6e91a74206a176\",\"name\":\"Elina Laich\",\"image\":{\"@type\":\"ImageObject\",\"inLanguage\":\"fr-FR\",\"@id\":\"https:\/\/swissbaker.ch\/fr\/#\/schema\/person\/image\/\",\"url\":\"https:\/\/secure.gravatar.com\/avatar\/f942ca5f8668781d3ded9592a21de46001e053aff264ff1c6deb97b59d3604b2?s=96&d=mm&r=g\",\"contentUrl\":\"https:\/\/secure.gravatar.com\/avatar\/f942ca5f8668781d3ded9592a21de46001e053aff264ff1c6deb97b59d3604b2?s=96&d=mm&r=g\",\"caption\":\"Elina Laich\"},\"url\":\"https:\/\/swissbaker.ch\/fr\/panissimo-news\/author\/elina-laich\/\"}]}<\/script>\n<!-- \/ Yoast SEO Premium plugin. -->","yoast_head_json":{"title":"Journ\u00e9e de la qualit\u00e9 du bl\u00e9: conseils de cuisson | SBC","description":"La Journ\u00e9e de la qualit\u00e9 du bl\u00e9 de cette ann\u00e9e \u00e0 Berne a permis de revenir \u00e0 des nouvelles positives: la r\u00e9colte de bl\u00e9 2022 est bonne.","robots":{"index":"index","follow":"follow","max-snippet":"max-snippet:-1","max-image-preview":"max-image-preview:large","max-video-preview":"max-video-preview:-1"},"canonical":"https:\/\/swissbaker.ch\/fr\/panissimo-news\/journee-de-la-qualite-du-ble-conseils-de-cuisson\/","og_locale":"fr_FR","og_type":"article","og_title":"Journ\u00e9e de la qualit\u00e9 du bl\u00e9: conseils de cuisson","og_description":"La Journ\u00e9e de la qualit\u00e9 du bl\u00e9 de cette ann\u00e9e \u00e0 Berne a permis de revenir \u00e0 des nouvelles positives: la r\u00e9colte de bl\u00e9 2022 est bonne.","og_url":"https:\/\/swissbaker.ch\/fr\/panissimo-news\/journee-de-la-qualite-du-ble-conseils-de-cuisson\/","og_site_name":"SBC","article_publisher":"https:\/\/www.facebook.com\/swissbaker.ch","article_published_time":"2022-12-07T12:30:30+00:00","article_modified_time":"2023-01-24T09:45:30+00:00","og_image":[{"width":2048,"height":1536,"url":"https:\/\/swissbaker.ch\/wp-content\/uploads\/2022\/12\/qualitaetstagung-weizen3_korr-scaled.jpg","type":"image\/jpeg"}],"author":"Elina Laich","twitter_card":"summary_large_image","twitter_creator":"@ch_swissbaker","twitter_site":"@ch_swissbaker","twitter_misc":{"Written by":"Elina Laich","Est. reading time":"6 minutes"},"schema":{"@context":"https:\/\/schema.org","@graph":[{"@type":"Article","@id":"https:\/\/swissbaker.ch\/fr\/panissimo-news\/journee-de-la-qualite-du-ble-conseils-de-cuisson\/#article","isPartOf":{"@id":"https:\/\/swissbaker.ch\/fr\/panissimo-news\/journee-de-la-qualite-du-ble-conseils-de-cuisson\/"},"author":{"name":"Elina Laich","@id":"https:\/\/swissbaker.ch\/fr\/#\/schema\/person\/0c7464407782a0917d6e91a74206a176"},"headline":"Journ\u00e9e de la qualit\u00e9 du bl\u00e9: conseils de cuisson","datePublished":"2022-12-07T12:30:30+00:00","dateModified":"2023-01-24T09:45:30+00:00","mainEntityOfPage":{"@id":"https:\/\/swissbaker.ch\/fr\/panissimo-news\/journee-de-la-qualite-du-ble-conseils-de-cuisson\/"},"wordCount":1205,"publisher":{"@id":"https:\/\/swissbaker.ch\/fr\/#organization"},"image":{"@id":"https:\/\/swissbaker.ch\/fr\/panissimo-news\/journee-de-la-qualite-du-ble-conseils-de-cuisson\/#primaryimage"},"thumbnailUrl":"https:\/\/swissbaker.ch\/wp-content\/uploads\/2022\/12\/qualitaetstagung-weizen3_korr-scaled.jpg","articleSection":["De la branche","Production"],"inLanguage":"fr-FR"},{"@type":"WebPage","@id":"https:\/\/swissbaker.ch\/fr\/panissimo-news\/journee-de-la-qualite-du-ble-conseils-de-cuisson\/","url":"https:\/\/swissbaker.ch\/fr\/panissimo-news\/journee-de-la-qualite-du-ble-conseils-de-cuisson\/","name":"Journ\u00e9e de la qualit\u00e9 du bl\u00e9: conseils de cuisson | SBC","isPartOf":{"@id":"https:\/\/swissbaker.ch\/fr\/#website"},"primaryImageOfPage":{"@id":"https:\/\/swissbaker.ch\/fr\/panissimo-news\/journee-de-la-qualite-du-ble-conseils-de-cuisson\/#primaryimage"},"image":{"@id":"https:\/\/swissbaker.ch\/fr\/panissimo-news\/journee-de-la-qualite-du-ble-conseils-de-cuisson\/#primaryimage"},"thumbnailUrl":"https:\/\/swissbaker.ch\/wp-content\/uploads\/2022\/12\/qualitaetstagung-weizen3_korr-scaled.jpg","datePublished":"2022-12-07T12:30:30+00:00","dateModified":"2023-01-24T09:45:30+00:00","description":"La Journ\u00e9e de la qualit\u00e9 du bl\u00e9 de cette ann\u00e9e \u00e0 Berne a permis de revenir \u00e0 des nouvelles positives: la r\u00e9colte de bl\u00e9 2022 est bonne.","breadcrumb":{"@id":"https:\/\/swissbaker.ch\/fr\/panissimo-news\/journee-de-la-qualite-du-ble-conseils-de-cuisson\/#breadcrumb"},"inLanguage":"fr-FR","potentialAction":[{"@type":"ReadAction","target":["https:\/\/swissbaker.ch\/fr\/panissimo-news\/journee-de-la-qualite-du-ble-conseils-de-cuisson\/"]}]},{"@type":"ImageObject","inLanguage":"fr-FR","@id":"https:\/\/swissbaker.ch\/fr\/panissimo-news\/journee-de-la-qualite-du-ble-conseils-de-cuisson\/#primaryimage","url":"https:\/\/swissbaker.ch\/wp-content\/uploads\/2022\/12\/qualitaetstagung-weizen3_korr-scaled.jpg","contentUrl":"https:\/\/swissbaker.ch\/wp-content\/uploads\/2022\/12\/qualitaetstagung-weizen3_korr-scaled.jpg","width":2048,"height":1536},{"@type":"BreadcrumbList","@id":"https:\/\/swissbaker.ch\/fr\/panissimo-news\/journee-de-la-qualite-du-ble-conseils-de-cuisson\/#breadcrumb","itemListElement":[{"@type":"ListItem","position":1,"name":"","item":"https:\/\/swissbaker.ch\/fr\/"},{"@type":"ListItem","position":2,"name":"De la branche","item":"https:\/\/swissbaker.ch\/fr\/panissimo-news\/category\/de-la-branche\/"},{"@type":"ListItem","position":3,"name":"Journ\u00e9e de la qualit\u00e9 du bl\u00e9: conseils de cuisson"}]},{"@type":"WebSite","@id":"https:\/\/swissbaker.ch\/fr\/#website","url":"https:\/\/swissbaker.ch\/fr\/","name":"SBC","description":"","publisher":{"@id":"https:\/\/swissbaker.ch\/fr\/#organization"},"potentialAction":[{"@type":"SearchAction","target":{"@type":"EntryPoint","urlTemplate":"https:\/\/swissbaker.ch\/fr\/?s={search_term_string}"},"query-input":{"@type":"PropertyValueSpecification","valueRequired":true,"valueName":"search_term_string"}}],"inLanguage":"fr-FR"},{"@type":"Organization","@id":"https:\/\/swissbaker.ch\/fr\/#organization","name":"Schweizerischer B\u00e4cker-Confiseurmeister-Verband","url":"https:\/\/swissbaker.ch\/fr\/","logo":{"@type":"ImageObject","inLanguage":"fr-FR","@id":"https:\/\/swissbaker.ch\/fr\/#\/schema\/logo\/image\/","url":"https:\/\/swissbaker.ch\/wp-content\/uploads\/2022\/04\/sbc-logo-yoast.jpg","contentUrl":"https:\/\/swissbaker.ch\/wp-content\/uploads\/2022\/04\/sbc-logo-yoast.jpg","width":512,"height":512,"caption":"Schweizerischer B\u00e4cker-Confiseurmeister-Verband"},"image":{"@id":"https:\/\/swissbaker.ch\/fr\/#\/schema\/logo\/image\/"},"sameAs":["https:\/\/www.facebook.com\/swissbaker.ch","https:\/\/x.com\/ch_swissbaker"]},{"@type":"Person","@id":"https:\/\/swissbaker.ch\/fr\/#\/schema\/person\/0c7464407782a0917d6e91a74206a176","name":"Elina Laich","image":{"@type":"ImageObject","inLanguage":"fr-FR","@id":"https:\/\/swissbaker.ch\/fr\/#\/schema\/person\/image\/","url":"https:\/\/secure.gravatar.com\/avatar\/f942ca5f8668781d3ded9592a21de46001e053aff264ff1c6deb97b59d3604b2?s=96&d=mm&r=g","contentUrl":"https:\/\/secure.gravatar.com\/avatar\/f942ca5f8668781d3ded9592a21de46001e053aff264ff1c6deb97b59d3604b2?s=96&d=mm&r=g","caption":"Elina Laich"},"url":"https:\/\/swissbaker.ch\/fr\/panissimo-news\/author\/elina-laich\/"}]}},"_links":{"self":[{"href":"https:\/\/swissbaker.ch\/fr\/wp-json\/wp\/v2\/posts\/53951","targetHints":{"allow":["GET"]}}],"collection":[{"href":"https:\/\/swissbaker.ch\/fr\/wp-json\/wp\/v2\/posts"}],"about":[{"href":"https:\/\/swissbaker.ch\/fr\/wp-json\/wp\/v2\/types\/post"}],"author":[{"embeddable":true,"href":"https:\/\/swissbaker.ch\/fr\/wp-json\/wp\/v2\/users\/4"}],"replies":[{"embeddable":true,"href":"https:\/\/swissbaker.ch\/fr\/wp-json\/wp\/v2\/comments?post=53951"}],"version-history":[{"count":0,"href":"https:\/\/swissbaker.ch\/fr\/wp-json\/wp\/v2\/posts\/53951\/revisions"}],"wp:featuredmedia":[{"embeddable":true,"href":"https:\/\/swissbaker.ch\/fr\/wp-json\/wp\/v2\/media\/53874"}],"wp:attachment":[{"href":"https:\/\/swissbaker.ch\/fr\/wp-json\/wp\/v2\/media?parent=53951"}],"wp:term":[{"taxonomy":"category","embeddable":true,"href":"https:\/\/swissbaker.ch\/fr\/wp-json\/wp\/v2\/categories?post=53951"},{"taxonomy":"post_tag","embeddable":true,"href":"https:\/\/swissbaker.ch\/fr\/wp-json\/wp\/v2\/tags?post=53951"}],"curies":[{"name":"wp","href":"https:\/\/api.w.org\/{rel}","templated":true}]}}