{"id":53937,"date":"2022-12-07T14:00:00","date_gmt":"2022-12-07T13:00:00","guid":{"rendered":"https:\/\/swissbaker.ch\/?p=53937"},"modified":"2023-01-24T10:45:27","modified_gmt":"2023-01-24T09:45:27","slug":"la-pasticceria-marnin-fete-ses-170-ans","status":"publish","type":"post","link":"https:\/\/swissbaker.ch\/fr\/panissimo-news\/la-pasticceria-marnin-fete-ses-170-ans\/","title":{"rendered":"La Pasticceria Marnin f\u00eate ses 170 ans"},"content":{"rendered":"\n<p><strong>Marnin est synonyme de tradition et d\u2019innovation de haute qualit\u00e9. L\u2019entreprise familiale du Locarnese, dont la r\u00e9putation d\u00e9passe les fronti\u00e8res cantonales, f\u00eate cette ann\u00e9e ses 170 ans et se pr\u00e9pare \u00e0 passer le relais \u00e0 la cinqui\u00e8me g\u00e9n\u00e9ration.<\/strong><\/p>\n\n\n\n<p>Notre visite au si\u00e8ge de Marnin \u00e0 Locarno co\u00efncide pleinement avec les pr\u00e9paratifs d\u2019avant No\u00ebl \u2013 \u00ab i preparitivi di Natale \u00bb. Le couple Franca et Arno Antognini, accompagn\u00e9 de leur fille Naomi, prend n\u00e9anmoins le temps de revenir sur l\u2019histoire de l\u2019entreprise, de d\u00e9peindre le pr\u00e9sent et l\u2019avenir, et d\u2019expliquer la philosophie de l\u2019entreprise.<\/p>\n\n\n\n<figure class=\"wp-block-image size-large is-resized\"><img decoding=\"async\" src=\"https:\/\/swissbaker.ch\/wp-content\/uploads\/2022\/12\/pb180462_korr-3-768x1024.jpg\" alt=\"Marnin Locarno 2022\" class=\"wp-image-53938\" width=\"576\" height=\"768\" srcset=\"https:\/\/swissbaker.ch\/wp-content\/uploads\/2022\/12\/pb180462_korr-3-768x1024.jpg 768w, https:\/\/swissbaker.ch\/wp-content\/uploads\/2022\/12\/pb180462_korr-3-1152x1536.jpg 1152w, https:\/\/swissbaker.ch\/wp-content\/uploads\/2022\/12\/pb180462_korr-3-scaled.jpg 1536w\" sizes=\"(max-width: 576px) 100vw, 576px\" \/><figcaption><em>Arno et Franca Antognini avec leur fille Naomi (au millieu).<\/em><\/figcaption><\/figure>\n\n\n\n<h2 class=\"wp-block-heading\" id=\"h-jusqu-a-600-kg-de-panettones-par-jour\">JUSQU\u2019\u00c0 600 KG DE PANETTONES PAR JOUR<\/h2>\n\n\n\n<p>Notre visite de la Pasticceria Marnin intervient \u00e0 la veille de la p\u00e9riode la plus charg\u00e9e et la plus lucrative de l\u2019ann\u00e9e, celle de l\u2019Avent et de No\u00ebl. A la mi-novembre, les travaux de d\u00e9coration sont en cours et la demande en panettones bat son plein, plus t\u00f4t que d\u2019habitude. Alors que la fabrication moyenne \u2013 totalement artisanale \u2013 de panettones aux ar\u00f4mes les plus divers est de l\u2019ordre de 180 kilogrammes par semaine sur l\u2019ann\u00e9e, elle peut aller jusqu\u2019\u00e0 600 kilogrammes par jour en d\u00e9cembre.<\/p>\n\n\n\n<h2 class=\"wp-block-heading\">DU PANETTONE AU STOLLEN DE NO\u00cbL<\/h2>\n\n\n\n<p>La production de panettone est le secteur le plus important de Marnin, \u00e9conomiquement parlant. Les produits au levain dans leurs diff\u00e9rentes versions, dont les \u00ab pastafrolle \u00bb (biscuits ronds \u00e0 p\u00e2te bris\u00e9e), le pandananas (pandoro allong\u00e9 \u00e0 l\u2019ananas), le panmarron (panettone aux marrons), les cannoncini en p\u00e2te feuillet\u00e9e \u00e0 la cr\u00e8me et l\u2019ossa da mordere comptent parmi les autres sp\u00e9cialit\u00e9s maison tr\u00e8s appr\u00e9ci\u00e9es. Il s\u2019agit de recettes familiales tr\u00e8s anciennes, dont certaines ont \u00e9t\u00e9 remises au go\u00fbt du jour. \u00ab Nous nous<\/p>\n\n\n\n<p>effor\u00e7ons de transmettre la tradition artisanale de la p\u00e2tisserie tessinoise \u00bb, souligne Franca Antognini.<br>Les sp\u00e9cialit\u00e9s tessinoises ne sont pas les seules \u00e0 l\u2019honneur, l\u2019entre-prise proposant notamment \u00e9galement des Stollens de No\u00ebl, des pains d\u2019\u00e9pices et des biscuits secs, une sp\u00e9cialit\u00e9 que la fille du couple, Naomi, a ramen\u00e9e de son apprentissage de boulang\u00e8re en Suisse al\u00e9manique. Tous les samedis, on y trouve \u00e9galement du pain cuit dans le four \u00e0 bois historique. Marnin perp\u00e9tue ainsi la tradition tessinoise et familiale, tout en tenant compte des souhaits des nombreux clients et r\u00e9sidents allemands ou suisses allemands. \u00ab Nous nous trouvons dans une zone hybride o\u00f9 se c\u00f4toient diff\u00e9rentes cultures, en mati\u00e8re de confiserie, outre la lombarde, tr\u00e8s marqu\u00e9e \u00bb, explique Franca Antognini.<\/p>\n\n\n\n<p class=\"has-text-align-right\">Claudia Vernocchi<\/p>\n\n\n\n<p><em>Lisez l\u2019article complet dans Panissimo du 3 d\u00e9cembre 2022<\/em>.<\/p>\n\n\n\n<p><a href=\"https:\/\/swissbaker.ch\/panissimo-news\/fotogalerie\/170-jahre-marnin\/\" target=\"_blank\" rel=\"noreferrer noopener\">Vers la galerie de photos &#8230;\u00bb<\/a><\/p>\n","protected":false},"excerpt":{"rendered":"<p>Marnin est synonyme de tradition et d\u2019innovation de haute qualit\u00e9. L\u2019entreprise familiale du Locarnese, dont la r\u00e9putation d\u00e9passe les fronti\u00e8res cantonales, f\u00eate cette ann\u00e9e ses 170 ans et se pr\u00e9pare \u00e0 passer le relais \u00e0 la cinqui\u00e8me g\u00e9n\u00e9ration. Notre visite au si\u00e8ge de Marnin \u00e0 Locarno co\u00efncide pleinement avec les pr\u00e9paratifs d\u2019avant No\u00ebl \u2013 \u00ab i preparitivi di Natale \u00bb. [&hellip;]<\/p>\n","protected":false},"author":4,"featured_media":53935,"comment_status":"closed","ping_status":"closed","sticky":true,"template":"","format":"standard","meta":{"_acf_changed":false,"footnotes":""},"categories":[42],"tags":[],"class_list":["post-53937","post","type-post","status-publish","format-standard","has-post-thumbnail","hentry","category-boulangeries-confiseries"],"acf":[],"yoast_head":"<!-- This site is optimized with the Yoast SEO Premium plugin v26.8 (Yoast SEO v26.8) - https:\/\/yoast.com\/product\/yoast-seo-premium-wordpress\/ -->\n<title>La Pasticceria Marnin f\u00eate ses 170 ans | SBC<\/title>\n<meta name=\"description\" content=\"L\u2019entreprise familiale du Locarnese, dont la r\u00e9putation d\u00e9passe les fronti\u00e8res cantonales, f\u00eate cette ann\u00e9e ses 170 ans.\" \/>\n<meta name=\"robots\" content=\"index, follow, max-snippet:-1, max-image-preview:large, max-video-preview:-1\" \/>\n<link rel=\"canonical\" href=\"https:\/\/swissbaker.ch\/fr\/panissimo-news\/la-pasticceria-marnin-fete-ses-170-ans\/\" \/>\n<meta property=\"og:locale\" content=\"fr_FR\" \/>\n<meta property=\"og:type\" content=\"article\" \/>\n<meta property=\"og:title\" content=\"La Pasticceria Marnin f\u00eate ses 170 ans\" \/>\n<meta property=\"og:description\" content=\"L\u2019entreprise familiale du Locarnese, dont la r\u00e9putation d\u00e9passe les fronti\u00e8res cantonales, f\u00eate cette ann\u00e9e ses 170 ans.\" \/>\n<meta property=\"og:url\" content=\"https:\/\/swissbaker.ch\/fr\/panissimo-news\/la-pasticceria-marnin-fete-ses-170-ans\/\" \/>\n<meta property=\"og:site_name\" content=\"SBC\" \/>\n<meta property=\"article:publisher\" content=\"https:\/\/www.facebook.com\/swissbaker.ch\" \/>\n<meta property=\"article:published_time\" content=\"2022-12-07T13:00:00+00:00\" \/>\n<meta property=\"article:modified_time\" content=\"2023-01-24T09:45:27+00:00\" \/>\n<meta property=\"og:image\" content=\"https:\/\/swissbaker.ch\/wp-content\/uploads\/2022\/12\/23_1_panettone_marnin_cv.jpg\" \/>\n\t<meta property=\"og:image:width\" content=\"1200\" \/>\n\t<meta property=\"og:image:height\" content=\"712\" \/>\n\t<meta property=\"og:image:type\" content=\"image\/jpeg\" \/>\n<meta name=\"author\" content=\"Elina Laich\" \/>\n<meta name=\"twitter:card\" content=\"summary_large_image\" \/>\n<meta name=\"twitter:creator\" content=\"@ch_swissbaker\" \/>\n<meta name=\"twitter:site\" content=\"@ch_swissbaker\" \/>\n<meta name=\"twitter:label1\" content=\"Written by\" \/>\n\t<meta name=\"twitter:data1\" content=\"Elina Laich\" \/>\n\t<meta name=\"twitter:label2\" content=\"Est. reading time\" \/>\n\t<meta name=\"twitter:data2\" content=\"3 minutes\" \/>\n<script type=\"application\/ld+json\" class=\"yoast-schema-graph\">{\"@context\":\"https:\/\/schema.org\",\"@graph\":[{\"@type\":\"Article\",\"@id\":\"https:\/\/swissbaker.ch\/fr\/panissimo-news\/la-pasticceria-marnin-fete-ses-170-ans\/#article\",\"isPartOf\":{\"@id\":\"https:\/\/swissbaker.ch\/fr\/panissimo-news\/la-pasticceria-marnin-fete-ses-170-ans\/\"},\"author\":{\"name\":\"Elina Laich\",\"@id\":\"https:\/\/swissbaker.ch\/fr\/#\/schema\/person\/0c7464407782a0917d6e91a74206a176\"},\"headline\":\"La Pasticceria Marnin f\u00eate ses 170 ans\",\"datePublished\":\"2022-12-07T13:00:00+00:00\",\"dateModified\":\"2023-01-24T09:45:27+00:00\",\"mainEntityOfPage\":{\"@id\":\"https:\/\/swissbaker.ch\/fr\/panissimo-news\/la-pasticceria-marnin-fete-ses-170-ans\/\"},\"wordCount\":479,\"publisher\":{\"@id\":\"https:\/\/swissbaker.ch\/fr\/#organization\"},\"image\":{\"@id\":\"https:\/\/swissbaker.ch\/fr\/panissimo-news\/la-pasticceria-marnin-fete-ses-170-ans\/#primaryimage\"},\"thumbnailUrl\":\"https:\/\/swissbaker.ch\/wp-content\/uploads\/2022\/12\/23_1_panettone_marnin_cv.jpg\",\"articleSection\":[\"Boulangeries\/Confiseries\"],\"inLanguage\":\"fr-FR\"},{\"@type\":\"WebPage\",\"@id\":\"https:\/\/swissbaker.ch\/fr\/panissimo-news\/la-pasticceria-marnin-fete-ses-170-ans\/\",\"url\":\"https:\/\/swissbaker.ch\/fr\/panissimo-news\/la-pasticceria-marnin-fete-ses-170-ans\/\",\"name\":\"La Pasticceria Marnin f\u00eate ses 170 ans | SBC\",\"isPartOf\":{\"@id\":\"https:\/\/swissbaker.ch\/fr\/#website\"},\"primaryImageOfPage\":{\"@id\":\"https:\/\/swissbaker.ch\/fr\/panissimo-news\/la-pasticceria-marnin-fete-ses-170-ans\/#primaryimage\"},\"image\":{\"@id\":\"https:\/\/swissbaker.ch\/fr\/panissimo-news\/la-pasticceria-marnin-fete-ses-170-ans\/#primaryimage\"},\"thumbnailUrl\":\"https:\/\/swissbaker.ch\/wp-content\/uploads\/2022\/12\/23_1_panettone_marnin_cv.jpg\",\"datePublished\":\"2022-12-07T13:00:00+00:00\",\"dateModified\":\"2023-01-24T09:45:27+00:00\",\"description\":\"L\u2019entreprise familiale du Locarnese, dont la r\u00e9putation d\u00e9passe les fronti\u00e8res cantonales, f\u00eate cette ann\u00e9e ses 170 ans.\",\"breadcrumb\":{\"@id\":\"https:\/\/swissbaker.ch\/fr\/panissimo-news\/la-pasticceria-marnin-fete-ses-170-ans\/#breadcrumb\"},\"inLanguage\":\"fr-FR\",\"potentialAction\":[{\"@type\":\"ReadAction\",\"target\":[\"https:\/\/swissbaker.ch\/fr\/panissimo-news\/la-pasticceria-marnin-fete-ses-170-ans\/\"]}]},{\"@type\":\"ImageObject\",\"inLanguage\":\"fr-FR\",\"@id\":\"https:\/\/swissbaker.ch\/fr\/panissimo-news\/la-pasticceria-marnin-fete-ses-170-ans\/#primaryimage\",\"url\":\"https:\/\/swissbaker.ch\/wp-content\/uploads\/2022\/12\/23_1_panettone_marnin_cv.jpg\",\"contentUrl\":\"https:\/\/swissbaker.ch\/wp-content\/uploads\/2022\/12\/23_1_panettone_marnin_cv.jpg\",\"width\":1200,\"height\":712,\"caption\":\"Panettone Marnin Locarno 2022\"},{\"@type\":\"BreadcrumbList\",\"@id\":\"https:\/\/swissbaker.ch\/fr\/panissimo-news\/la-pasticceria-marnin-fete-ses-170-ans\/#breadcrumb\",\"itemListElement\":[{\"@type\":\"ListItem\",\"position\":1,\"name\":\"\",\"item\":\"https:\/\/swissbaker.ch\/fr\/\"},{\"@type\":\"ListItem\",\"position\":2,\"name\":\"Boulangeries\/Confiseries\",\"item\":\"https:\/\/swissbaker.ch\/fr\/panissimo-news\/category\/boulangeries-confiseries\/\"},{\"@type\":\"ListItem\",\"position\":3,\"name\":\"La Pasticceria Marnin f\u00eate ses 170 ans\"}]},{\"@type\":\"WebSite\",\"@id\":\"https:\/\/swissbaker.ch\/fr\/#website\",\"url\":\"https:\/\/swissbaker.ch\/fr\/\",\"name\":\"SBC\",\"description\":\"\",\"publisher\":{\"@id\":\"https:\/\/swissbaker.ch\/fr\/#organization\"},\"potentialAction\":[{\"@type\":\"SearchAction\",\"target\":{\"@type\":\"EntryPoint\",\"urlTemplate\":\"https:\/\/swissbaker.ch\/fr\/?s={search_term_string}\"},\"query-input\":{\"@type\":\"PropertyValueSpecification\",\"valueRequired\":true,\"valueName\":\"search_term_string\"}}],\"inLanguage\":\"fr-FR\"},{\"@type\":\"Organization\",\"@id\":\"https:\/\/swissbaker.ch\/fr\/#organization\",\"name\":\"Schweizerischer B\u00e4cker-Confiseurmeister-Verband\",\"url\":\"https:\/\/swissbaker.ch\/fr\/\",\"logo\":{\"@type\":\"ImageObject\",\"inLanguage\":\"fr-FR\",\"@id\":\"https:\/\/swissbaker.ch\/fr\/#\/schema\/logo\/image\/\",\"url\":\"https:\/\/swissbaker.ch\/wp-content\/uploads\/2022\/04\/sbc-logo-yoast.jpg\",\"contentUrl\":\"https:\/\/swissbaker.ch\/wp-content\/uploads\/2022\/04\/sbc-logo-yoast.jpg\",\"width\":512,\"height\":512,\"caption\":\"Schweizerischer B\u00e4cker-Confiseurmeister-Verband\"},\"image\":{\"@id\":\"https:\/\/swissbaker.ch\/fr\/#\/schema\/logo\/image\/\"},\"sameAs\":[\"https:\/\/www.facebook.com\/swissbaker.ch\",\"https:\/\/x.com\/ch_swissbaker\"]},{\"@type\":\"Person\",\"@id\":\"https:\/\/swissbaker.ch\/fr\/#\/schema\/person\/0c7464407782a0917d6e91a74206a176\",\"name\":\"Elina Laich\",\"image\":{\"@type\":\"ImageObject\",\"inLanguage\":\"fr-FR\",\"@id\":\"https:\/\/swissbaker.ch\/fr\/#\/schema\/person\/image\/\",\"url\":\"https:\/\/secure.gravatar.com\/avatar\/f942ca5f8668781d3ded9592a21de46001e053aff264ff1c6deb97b59d3604b2?s=96&d=mm&r=g\",\"contentUrl\":\"https:\/\/secure.gravatar.com\/avatar\/f942ca5f8668781d3ded9592a21de46001e053aff264ff1c6deb97b59d3604b2?s=96&d=mm&r=g\",\"caption\":\"Elina Laich\"},\"url\":\"https:\/\/swissbaker.ch\/fr\/panissimo-news\/author\/elina-laich\/\"}]}<\/script>\n<!-- \/ Yoast SEO Premium plugin. -->","yoast_head_json":{"title":"La Pasticceria Marnin f\u00eate ses 170 ans | SBC","description":"L\u2019entreprise familiale du Locarnese, dont la r\u00e9putation d\u00e9passe les fronti\u00e8res cantonales, f\u00eate cette ann\u00e9e ses 170 ans.","robots":{"index":"index","follow":"follow","max-snippet":"max-snippet:-1","max-image-preview":"max-image-preview:large","max-video-preview":"max-video-preview:-1"},"canonical":"https:\/\/swissbaker.ch\/fr\/panissimo-news\/la-pasticceria-marnin-fete-ses-170-ans\/","og_locale":"fr_FR","og_type":"article","og_title":"La Pasticceria Marnin f\u00eate ses 170 ans","og_description":"L\u2019entreprise familiale du Locarnese, dont la r\u00e9putation d\u00e9passe les fronti\u00e8res cantonales, f\u00eate cette ann\u00e9e ses 170 ans.","og_url":"https:\/\/swissbaker.ch\/fr\/panissimo-news\/la-pasticceria-marnin-fete-ses-170-ans\/","og_site_name":"SBC","article_publisher":"https:\/\/www.facebook.com\/swissbaker.ch","article_published_time":"2022-12-07T13:00:00+00:00","article_modified_time":"2023-01-24T09:45:27+00:00","og_image":[{"width":1200,"height":712,"url":"https:\/\/swissbaker.ch\/wp-content\/uploads\/2022\/12\/23_1_panettone_marnin_cv.jpg","type":"image\/jpeg"}],"author":"Elina Laich","twitter_card":"summary_large_image","twitter_creator":"@ch_swissbaker","twitter_site":"@ch_swissbaker","twitter_misc":{"Written by":"Elina Laich","Est. reading time":"3 minutes"},"schema":{"@context":"https:\/\/schema.org","@graph":[{"@type":"Article","@id":"https:\/\/swissbaker.ch\/fr\/panissimo-news\/la-pasticceria-marnin-fete-ses-170-ans\/#article","isPartOf":{"@id":"https:\/\/swissbaker.ch\/fr\/panissimo-news\/la-pasticceria-marnin-fete-ses-170-ans\/"},"author":{"name":"Elina Laich","@id":"https:\/\/swissbaker.ch\/fr\/#\/schema\/person\/0c7464407782a0917d6e91a74206a176"},"headline":"La Pasticceria Marnin f\u00eate ses 170 ans","datePublished":"2022-12-07T13:00:00+00:00","dateModified":"2023-01-24T09:45:27+00:00","mainEntityOfPage":{"@id":"https:\/\/swissbaker.ch\/fr\/panissimo-news\/la-pasticceria-marnin-fete-ses-170-ans\/"},"wordCount":479,"publisher":{"@id":"https:\/\/swissbaker.ch\/fr\/#organization"},"image":{"@id":"https:\/\/swissbaker.ch\/fr\/panissimo-news\/la-pasticceria-marnin-fete-ses-170-ans\/#primaryimage"},"thumbnailUrl":"https:\/\/swissbaker.ch\/wp-content\/uploads\/2022\/12\/23_1_panettone_marnin_cv.jpg","articleSection":["Boulangeries\/Confiseries"],"inLanguage":"fr-FR"},{"@type":"WebPage","@id":"https:\/\/swissbaker.ch\/fr\/panissimo-news\/la-pasticceria-marnin-fete-ses-170-ans\/","url":"https:\/\/swissbaker.ch\/fr\/panissimo-news\/la-pasticceria-marnin-fete-ses-170-ans\/","name":"La Pasticceria Marnin f\u00eate ses 170 ans | SBC","isPartOf":{"@id":"https:\/\/swissbaker.ch\/fr\/#website"},"primaryImageOfPage":{"@id":"https:\/\/swissbaker.ch\/fr\/panissimo-news\/la-pasticceria-marnin-fete-ses-170-ans\/#primaryimage"},"image":{"@id":"https:\/\/swissbaker.ch\/fr\/panissimo-news\/la-pasticceria-marnin-fete-ses-170-ans\/#primaryimage"},"thumbnailUrl":"https:\/\/swissbaker.ch\/wp-content\/uploads\/2022\/12\/23_1_panettone_marnin_cv.jpg","datePublished":"2022-12-07T13:00:00+00:00","dateModified":"2023-01-24T09:45:27+00:00","description":"L\u2019entreprise familiale du Locarnese, dont la r\u00e9putation d\u00e9passe les fronti\u00e8res cantonales, f\u00eate cette ann\u00e9e ses 170 ans.","breadcrumb":{"@id":"https:\/\/swissbaker.ch\/fr\/panissimo-news\/la-pasticceria-marnin-fete-ses-170-ans\/#breadcrumb"},"inLanguage":"fr-FR","potentialAction":[{"@type":"ReadAction","target":["https:\/\/swissbaker.ch\/fr\/panissimo-news\/la-pasticceria-marnin-fete-ses-170-ans\/"]}]},{"@type":"ImageObject","inLanguage":"fr-FR","@id":"https:\/\/swissbaker.ch\/fr\/panissimo-news\/la-pasticceria-marnin-fete-ses-170-ans\/#primaryimage","url":"https:\/\/swissbaker.ch\/wp-content\/uploads\/2022\/12\/23_1_panettone_marnin_cv.jpg","contentUrl":"https:\/\/swissbaker.ch\/wp-content\/uploads\/2022\/12\/23_1_panettone_marnin_cv.jpg","width":1200,"height":712,"caption":"Panettone Marnin Locarno 2022"},{"@type":"BreadcrumbList","@id":"https:\/\/swissbaker.ch\/fr\/panissimo-news\/la-pasticceria-marnin-fete-ses-170-ans\/#breadcrumb","itemListElement":[{"@type":"ListItem","position":1,"name":"","item":"https:\/\/swissbaker.ch\/fr\/"},{"@type":"ListItem","position":2,"name":"Boulangeries\/Confiseries","item":"https:\/\/swissbaker.ch\/fr\/panissimo-news\/category\/boulangeries-confiseries\/"},{"@type":"ListItem","position":3,"name":"La Pasticceria Marnin f\u00eate ses 170 ans"}]},{"@type":"WebSite","@id":"https:\/\/swissbaker.ch\/fr\/#website","url":"https:\/\/swissbaker.ch\/fr\/","name":"SBC","description":"","publisher":{"@id":"https:\/\/swissbaker.ch\/fr\/#organization"},"potentialAction":[{"@type":"SearchAction","target":{"@type":"EntryPoint","urlTemplate":"https:\/\/swissbaker.ch\/fr\/?s={search_term_string}"},"query-input":{"@type":"PropertyValueSpecification","valueRequired":true,"valueName":"search_term_string"}}],"inLanguage":"fr-FR"},{"@type":"Organization","@id":"https:\/\/swissbaker.ch\/fr\/#organization","name":"Schweizerischer B\u00e4cker-Confiseurmeister-Verband","url":"https:\/\/swissbaker.ch\/fr\/","logo":{"@type":"ImageObject","inLanguage":"fr-FR","@id":"https:\/\/swissbaker.ch\/fr\/#\/schema\/logo\/image\/","url":"https:\/\/swissbaker.ch\/wp-content\/uploads\/2022\/04\/sbc-logo-yoast.jpg","contentUrl":"https:\/\/swissbaker.ch\/wp-content\/uploads\/2022\/04\/sbc-logo-yoast.jpg","width":512,"height":512,"caption":"Schweizerischer B\u00e4cker-Confiseurmeister-Verband"},"image":{"@id":"https:\/\/swissbaker.ch\/fr\/#\/schema\/logo\/image\/"},"sameAs":["https:\/\/www.facebook.com\/swissbaker.ch","https:\/\/x.com\/ch_swissbaker"]},{"@type":"Person","@id":"https:\/\/swissbaker.ch\/fr\/#\/schema\/person\/0c7464407782a0917d6e91a74206a176","name":"Elina Laich","image":{"@type":"ImageObject","inLanguage":"fr-FR","@id":"https:\/\/swissbaker.ch\/fr\/#\/schema\/person\/image\/","url":"https:\/\/secure.gravatar.com\/avatar\/f942ca5f8668781d3ded9592a21de46001e053aff264ff1c6deb97b59d3604b2?s=96&d=mm&r=g","contentUrl":"https:\/\/secure.gravatar.com\/avatar\/f942ca5f8668781d3ded9592a21de46001e053aff264ff1c6deb97b59d3604b2?s=96&d=mm&r=g","caption":"Elina Laich"},"url":"https:\/\/swissbaker.ch\/fr\/panissimo-news\/author\/elina-laich\/"}]}},"_links":{"self":[{"href":"https:\/\/swissbaker.ch\/fr\/wp-json\/wp\/v2\/posts\/53937","targetHints":{"allow":["GET"]}}],"collection":[{"href":"https:\/\/swissbaker.ch\/fr\/wp-json\/wp\/v2\/posts"}],"about":[{"href":"https:\/\/swissbaker.ch\/fr\/wp-json\/wp\/v2\/types\/post"}],"author":[{"embeddable":true,"href":"https:\/\/swissbaker.ch\/fr\/wp-json\/wp\/v2\/users\/4"}],"replies":[{"embeddable":true,"href":"https:\/\/swissbaker.ch\/fr\/wp-json\/wp\/v2\/comments?post=53937"}],"version-history":[{"count":0,"href":"https:\/\/swissbaker.ch\/fr\/wp-json\/wp\/v2\/posts\/53937\/revisions"}],"wp:featuredmedia":[{"embeddable":true,"href":"https:\/\/swissbaker.ch\/fr\/wp-json\/wp\/v2\/media\/53935"}],"wp:attachment":[{"href":"https:\/\/swissbaker.ch\/fr\/wp-json\/wp\/v2\/media?parent=53937"}],"wp:term":[{"taxonomy":"category","embeddable":true,"href":"https:\/\/swissbaker.ch\/fr\/wp-json\/wp\/v2\/categories?post=53937"},{"taxonomy":"post_tag","embeddable":true,"href":"https:\/\/swissbaker.ch\/fr\/wp-json\/wp\/v2\/tags?post=53937"}],"curies":[{"name":"wp","href":"https:\/\/api.w.org\/{rel}","templated":true}]}}