{"id":53552,"date":"2022-12-01T10:12:55","date_gmt":"2022-12-01T09:12:55","guid":{"rendered":"https:\/\/swissbaker.ch\/?p=53552"},"modified":"2023-01-24T10:45:32","modified_gmt":"2023-01-24T09:45:32","slug":"les-clients-apprecient-pain-suisse","status":"publish","type":"post","link":"https:\/\/swissbaker.ch\/fr\/panissimo-news\/les-clients-apprecient-pain-suisse\/","title":{"rendered":"Les clients appr\u00e9cient Pain suisse"},"content":{"rendered":"\n<p><strong>La marque Pain suisse est particuli\u00e8rement appr\u00e9ci\u00e9e du secteur de la boulangerie. A travers toute la Suisse, 295 enseignes l\u2019utilisent. La p\u00e2tisserie Buchmann \u00e0 M\u00fcnchenstein (BL) mise elle aussi sur le logo de la marque. Le g\u00e9rant et propri\u00e9taire de la p\u00e2tisserie Emanuel Buchmann, accompagn\u00e9 de ses enfants Isabelle et Dominique, parle de ses motivations, de l\u2019importance de la durabilit\u00e9 mais aussi des d\u00e9fis structurels et des enjeux de la marque.<\/strong><\/p>\n\n\n\n<p><strong>Votre pain porte la marque Pain suisse. Qu\u2019est-ce que cela signifie\u2009?<\/strong><br><em>Emanuel Buchmann\u2009:<\/em> Nous voulons signaler \u00e0 notre client\u00e8le que notre pain est fabriqu\u00e9 \u00e0 partir de c\u00e9r\u00e9ales r\u00e9gionales suisses. Pour nous, il est important d\u2019utiliser des mati\u00e8res premi\u00e8res suisses de qualit\u00e9. Ce sont elles qui nous permettent d\u2019\u00e9laborer des produits naturels de premier choix.<\/p>\n\n\n\n<p><strong>O\u00f9 utilisez-vous ce label\u2009?<\/strong><br><em>Isabelle Buchmann\u2009: <\/em>Nous communiquons sur la marque avant tout sur place, dans nos boutiques. La proximit\u00e9 avec nos clients nous permet de les informer directement et personnellement. De plus, la marque Pain suisse est visible sur nos sachets \u00e0 pain, nos flyers et nos affiches ainsi que sur les supports de communication mis \u00e0 disposition par l\u2019association Pain suisse (ASP) sur la plateforme de la marque. Nous communiquons \u00e9galement au sujet de notre engagement via nos canaux num\u00e9riques tels que Facebook et Instagram. Ce gage de qualit\u00e9 a \u00e9t\u00e9 tr\u00e8s bien accueilli par notre client\u00e8le.<\/p>\n\n\n\n<p><strong>D\u2019apr\u00e8s vous, quel est le potentiel de la marque\u2009?<\/strong><br><em>I.B.\u2009: <\/em>Si la marque Pain suisse devient aussi connue que le label Viande suisse, par exemple, cela peut avoir de nombreuses r\u00e9percussions positives pour notre branche et nous procurer un net avantage en termes d\u2019image.<\/p>\n\n\n\n<p><strong>Quelles sont vos possibilit\u00e9s d\u2019\u00e9tablir votre identit\u00e9 propre\u2009?<\/strong><br><em>I.B.\u2009: <\/em>L\u2019origine des mati\u00e8res premi\u00e8res est tr\u00e8s importante. Il est clair que nous ne pouvons pas nous d\u00e9marquer uniquement gr\u00e2ce \u00e0 ce crit\u00e8re. La fabrication et la pr\u00e9paration sont tout aussi essentielles. Le succ\u00e8s de nos pains complets est d\u00fb au fait que nous laissons la p\u00e2te reposer longtemps et que nous utilisons des levains. Du reste, la marque apporte la preuve que notre pain est produit de mani\u00e8re durable, un crit\u00e8re de plus en plus important pour de nombreux consommateurs.<\/p>\n\n\n\n<hr class=\"wp-block-separator has-alpha-channel-opacity\"\/>\n\n\n\n<div class=\"wp-block-media-text alignwide is-stacked-on-mobile\" style=\"grid-template-columns:32% auto\"><figure class=\"wp-block-media-text__media\"><img decoding=\"async\" width=\"667\" height=\"1000\" src=\"https:\/\/swissbaker.ch\/wp-content\/uploads\/2022\/12\/22_2_buchmann_schweizerbrot_laden.jpg\" alt=\"\" class=\"wp-image-53534 size-full\"\/><\/figure><div class=\"wp-block-media-text__content\">\n<h2 class=\"wp-block-heading\">Les crit\u00e8res d\u2019utilisation du logo<\/h2>\n\n\n\n<ul class=\"wp-block-list\"><li>80\u202f% des mati\u00e8res premi\u00e8res doivent provenir de Suisse, et le niveau de qualit\u00e9 doit \u00eatre au moins celui de Suisse Garantie.<\/li><li>la marque Suisse Garantieest utilis\u00e9e jusqu\u2019\u00e0 la sortie du point de collecte.<\/li><li>Le traitement se fait \u00e0 100\u202f% en Suisse.<\/li><li>Gamme de produits\u2009: pain (\u00e0 base de farine normale ou sp\u00e9ciale), petit pain (petit pain au lait, croissant, ballon, petit pain aux noix, p.\u202fex. ) et pains sandwiches.<\/li><\/ul>\n\n\n\n<p><strong>Infos et demande d\u2019utilisation\u2009: <a href=\"http:\/\/painsuisse.ch\/logodelamarque\" target=\"_blank\" rel=\"noreferrer noopener\">painsuisse.ch\/logodelamarque<\/a><\/strong><\/p>\n<\/div><\/div>\n\n\n\n<hr class=\"wp-block-separator has-alpha-channel-opacity\"\/>\n\n\n\n<p><strong>Est-il difficile pour une boulangerie et une p\u00e2tisserie de produire et commercialiser ses produits de fa\u00e7on durable\u2009?<\/strong><br><em>Dominique Buchmann\u2009:<\/em> Le comportement d\u2019achat des clients a \u00e9volu\u00e9, et il n\u2019est pas toujours facile de s\u2019adapter au niveau de la production ou du volume des ventes. La planification se d\u00e9roule autrement et il faudra l\u2019adapter r\u00e9guli\u00e8rement. Le pain est l\u2019un des aliments les plus touch\u00e9s par le gaspillage alimentaire. Nous nous effor\u00e7ons de produire le moins de surplus possible. Mais comme nous vendons beaucoup de panure, chez nous, le pain ne finit pas \u00e0 la poubelle. De plus, nous achetons nos farines aupr\u00e8s d\u2019un moulin local soucieux de l\u2019\u00e9cologie.<\/p>\n\n\n\n<p><strong>Comment la marque peut-elle contribuer au succ\u00e8s du d\u00e9veloppement de la branche\u2009?<\/strong><br><em>E.B.\u2009: <\/em>Elle peut soutenir activement la branche dans la formation initiale et continue de la nouvelle g\u00e9n\u00e9ration de boulangers-p\u00e2tissiers. En gagnant en notori\u00e9t\u00e9, la marque peut inciter les jeunes \u00e0 s\u2019orienter vers le secteur de la boulangerie-p\u00e2tisserie. C\u2019est pourquoi le label devrait \u0153uvrer fortement \u00e0 se cr\u00e9er une grande notori\u00e9t\u00e9 et se faire davantage conna\u00eetre du public, par exemple en communiquant des informations pertinentes sur l\u2019origine, la durabilit\u00e9 et les autres avantages de Pain suisse. <\/p>\n\n\n\n<p class=\"has-text-align-right\"><em>Pain Suisse<\/em><\/p>\n\n\n\n<hr class=\"wp-block-separator has-alpha-channel-opacity\"\/>\n\n\n\n<h2 class=\"wp-block-heading\" id=\"h-konditorei-buchmann\">Konditorei Buchmann\u2009<\/h2>\n\n\n\n<p>La Konditorei Buchmann \u00e0 M\u00fcnchenstein (BL) a \u00e9t\u00e9 fond\u00e9e en 1953 par Emanuel Buchmann p\u00e8re. En 1990, le fils d\u2019Emanuel, Dominique, p\u00e2tissier-confiseur de formation, a d\u00e9cid\u00e9 de reprendre l\u2019entreprise familiale avec cinq collaborateurs et de la faire prosp\u00e9rer. Et c\u2019est un succ\u00e8s. La boulangerie-p\u00e2tisserie exploite des points de vente et des caf\u00e9s sur les trois sites de M\u00fcnchenstein, Arlesheim et Reinach. Emanuel Buchmann et son \u00e9quipe ont d\u00e9j\u00e0 \u00e9t\u00e9 r\u00e9compens\u00e9s \u00e0 plusieurs reprises pour leurs cr\u00e9ations. La p\u00e2tisserie a par exemple \u00e9t\u00e9 la premi\u00e8re entreprise familiale de Suisse \u00e0 obtenir 100 points sur 100 dans la cat\u00e9gorie p\u00e2tisserie lors du Swiss Bakery Trophy. Les deux enfants a\u00een\u00e9s d\u2019Emanuel Buchmann sont d\u00e9j\u00e0 dans les starting-blocks et pr\u00e9voient de reprendre l\u2019entreprise familiale.<\/p>\n\n\n\n<p><a href=\"https:\/\/www.konditorei-buchmann.ch\/\" target=\"_blank\" rel=\"noreferrer noopener\"><strong>konditorei-buchmann.ch<\/strong><\/a><\/p>\n","protected":false},"excerpt":{"rendered":"<p>La marque Pain suisse est particuli\u00e8rement appr\u00e9ci\u00e9e du secteur de la boulangerie. A travers toute la Suisse, 295 enseignes l\u2019utilisent. La p\u00e2tisserie Buchmann \u00e0 M\u00fcnchenstein (BL) mise elle aussi sur le logo de la marque. Le g\u00e9rant et propri\u00e9taire de la p\u00e2tisserie Emanuel Buchmann, accompagn\u00e9 de ses enfants Isabelle et Dominique, parle de ses motivations, de l\u2019importance de la durabilit\u00e9 mais aussi des d\u00e9fis structurels et des enjeux de la marque.<\/p>\n","protected":false},"author":5,"featured_media":53532,"comment_status":"closed","ping_status":"closed","sticky":true,"template":"","format":"standard","meta":{"_acf_changed":false,"footnotes":""},"categories":[42,50],"tags":[],"class_list":["post-53552","post","type-post","status-publish","format-standard","has-post-thumbnail","hentry","category-boulangeries-confiseries","category-vente-marketing"],"acf":[],"yoast_head":"<!-- This site is optimized with the Yoast SEO Premium plugin v26.8 (Yoast SEO v26.8) - https:\/\/yoast.com\/product\/yoast-seo-premium-wordpress\/ -->\n<title>Les clients appr\u00e9cient Pain suisse | SBC<\/title>\n<meta name=\"description\" content=\"La p\u00e2tisserie Buchmann \u00e0 M\u00fcnchenstein (BL) mise sur le logo de la marque.\" \/>\n<meta name=\"robots\" content=\"index, follow, max-snippet:-1, max-image-preview:large, max-video-preview:-1\" \/>\n<link rel=\"canonical\" href=\"https:\/\/swissbaker.ch\/fr\/panissimo-news\/les-clients-apprecient-pain-suisse\/\" \/>\n<meta property=\"og:locale\" content=\"fr_FR\" \/>\n<meta property=\"og:type\" content=\"article\" \/>\n<meta property=\"og:title\" content=\"Les clients appr\u00e9cient Pain suisse\" \/>\n<meta property=\"og:description\" content=\"La p\u00e2tisserie Buchmann \u00e0 M\u00fcnchenstein (BL) mise sur le logo de la marque.\" \/>\n<meta property=\"og:url\" content=\"https:\/\/swissbaker.ch\/fr\/panissimo-news\/les-clients-apprecient-pain-suisse\/\" \/>\n<meta property=\"og:site_name\" content=\"SBC\" \/>\n<meta property=\"article:publisher\" content=\"https:\/\/www.facebook.com\/swissbaker.ch\" \/>\n<meta property=\"article:published_time\" content=\"2022-12-01T09:12:55+00:00\" \/>\n<meta property=\"article:modified_time\" content=\"2023-01-24T09:45:32+00:00\" \/>\n<meta property=\"og:image\" content=\"https:\/\/swissbaker.ch\/wp-content\/uploads\/2022\/12\/22_2_buchmann_schweizerbrot.jpg\" \/>\n\t<meta property=\"og:image:width\" content=\"1200\" \/>\n\t<meta property=\"og:image:height\" content=\"712\" \/>\n\t<meta property=\"og:image:type\" content=\"image\/jpeg\" \/>\n<meta name=\"author\" content=\"Simon Nussbaum\" \/>\n<meta name=\"twitter:card\" content=\"summary_large_image\" \/>\n<meta name=\"twitter:creator\" content=\"@ch_swissbaker\" \/>\n<meta name=\"twitter:site\" content=\"@ch_swissbaker\" \/>\n<meta name=\"twitter:label1\" content=\"Written by\" \/>\n\t<meta name=\"twitter:data1\" content=\"Simon Nussbaum\" \/>\n\t<meta name=\"twitter:label2\" content=\"Est. reading time\" \/>\n\t<meta name=\"twitter:data2\" content=\"5 minutes\" \/>\n<script type=\"application\/ld+json\" class=\"yoast-schema-graph\">{\"@context\":\"https:\/\/schema.org\",\"@graph\":[{\"@type\":\"Article\",\"@id\":\"https:\/\/swissbaker.ch\/fr\/panissimo-news\/les-clients-apprecient-pain-suisse\/#article\",\"isPartOf\":{\"@id\":\"https:\/\/swissbaker.ch\/fr\/panissimo-news\/les-clients-apprecient-pain-suisse\/\"},\"author\":{\"name\":\"Simon Nussbaum\",\"@id\":\"https:\/\/swissbaker.ch\/fr\/#\/schema\/person\/74bd327b08c18ca6042c02ff6f0ed5e2\"},\"headline\":\"Les clients appr\u00e9cient Pain suisse\",\"datePublished\":\"2022-12-01T09:12:55+00:00\",\"dateModified\":\"2023-01-24T09:45:32+00:00\",\"mainEntityOfPage\":{\"@id\":\"https:\/\/swissbaker.ch\/fr\/panissimo-news\/les-clients-apprecient-pain-suisse\/\"},\"wordCount\":851,\"publisher\":{\"@id\":\"https:\/\/swissbaker.ch\/fr\/#organization\"},\"image\":{\"@id\":\"https:\/\/swissbaker.ch\/fr\/panissimo-news\/les-clients-apprecient-pain-suisse\/#primaryimage\"},\"thumbnailUrl\":\"https:\/\/swissbaker.ch\/wp-content\/uploads\/2022\/12\/22_2_buchmann_schweizerbrot.jpg\",\"articleSection\":[\"Boulangeries\/Confiseries\",\"Vente\/Marketing\"],\"inLanguage\":\"fr-FR\"},{\"@type\":\"WebPage\",\"@id\":\"https:\/\/swissbaker.ch\/fr\/panissimo-news\/les-clients-apprecient-pain-suisse\/\",\"url\":\"https:\/\/swissbaker.ch\/fr\/panissimo-news\/les-clients-apprecient-pain-suisse\/\",\"name\":\"Les clients appr\u00e9cient Pain suisse | SBC\",\"isPartOf\":{\"@id\":\"https:\/\/swissbaker.ch\/fr\/#website\"},\"primaryImageOfPage\":{\"@id\":\"https:\/\/swissbaker.ch\/fr\/panissimo-news\/les-clients-apprecient-pain-suisse\/#primaryimage\"},\"image\":{\"@id\":\"https:\/\/swissbaker.ch\/fr\/panissimo-news\/les-clients-apprecient-pain-suisse\/#primaryimage\"},\"thumbnailUrl\":\"https:\/\/swissbaker.ch\/wp-content\/uploads\/2022\/12\/22_2_buchmann_schweizerbrot.jpg\",\"datePublished\":\"2022-12-01T09:12:55+00:00\",\"dateModified\":\"2023-01-24T09:45:32+00:00\",\"description\":\"La p\u00e2tisserie Buchmann \u00e0 M\u00fcnchenstein (BL) mise sur le logo de la marque.\",\"breadcrumb\":{\"@id\":\"https:\/\/swissbaker.ch\/fr\/panissimo-news\/les-clients-apprecient-pain-suisse\/#breadcrumb\"},\"inLanguage\":\"fr-FR\",\"potentialAction\":[{\"@type\":\"ReadAction\",\"target\":[\"https:\/\/swissbaker.ch\/fr\/panissimo-news\/les-clients-apprecient-pain-suisse\/\"]}]},{\"@type\":\"ImageObject\",\"inLanguage\":\"fr-FR\",\"@id\":\"https:\/\/swissbaker.ch\/fr\/panissimo-news\/les-clients-apprecient-pain-suisse\/#primaryimage\",\"url\":\"https:\/\/swissbaker.ch\/wp-content\/uploads\/2022\/12\/22_2_buchmann_schweizerbrot.jpg\",\"contentUrl\":\"https:\/\/swissbaker.ch\/wp-content\/uploads\/2022\/12\/22_2_buchmann_schweizerbrot.jpg\",\"width\":1200,\"height\":712},{\"@type\":\"BreadcrumbList\",\"@id\":\"https:\/\/swissbaker.ch\/fr\/panissimo-news\/les-clients-apprecient-pain-suisse\/#breadcrumb\",\"itemListElement\":[{\"@type\":\"ListItem\",\"position\":1,\"name\":\"\",\"item\":\"https:\/\/swissbaker.ch\/fr\/\"},{\"@type\":\"ListItem\",\"position\":2,\"name\":\"Boulangeries\/Confiseries\",\"item\":\"https:\/\/swissbaker.ch\/fr\/panissimo-news\/category\/boulangeries-confiseries\/\"},{\"@type\":\"ListItem\",\"position\":3,\"name\":\"Les clients appr\u00e9cient Pain suisse\"}]},{\"@type\":\"WebSite\",\"@id\":\"https:\/\/swissbaker.ch\/fr\/#website\",\"url\":\"https:\/\/swissbaker.ch\/fr\/\",\"name\":\"SBC\",\"description\":\"\",\"publisher\":{\"@id\":\"https:\/\/swissbaker.ch\/fr\/#organization\"},\"potentialAction\":[{\"@type\":\"SearchAction\",\"target\":{\"@type\":\"EntryPoint\",\"urlTemplate\":\"https:\/\/swissbaker.ch\/fr\/?s={search_term_string}\"},\"query-input\":{\"@type\":\"PropertyValueSpecification\",\"valueRequired\":true,\"valueName\":\"search_term_string\"}}],\"inLanguage\":\"fr-FR\"},{\"@type\":\"Organization\",\"@id\":\"https:\/\/swissbaker.ch\/fr\/#organization\",\"name\":\"Schweizerischer B\u00e4cker-Confiseurmeister-Verband\",\"url\":\"https:\/\/swissbaker.ch\/fr\/\",\"logo\":{\"@type\":\"ImageObject\",\"inLanguage\":\"fr-FR\",\"@id\":\"https:\/\/swissbaker.ch\/fr\/#\/schema\/logo\/image\/\",\"url\":\"https:\/\/swissbaker.ch\/wp-content\/uploads\/2022\/04\/sbc-logo-yoast.jpg\",\"contentUrl\":\"https:\/\/swissbaker.ch\/wp-content\/uploads\/2022\/04\/sbc-logo-yoast.jpg\",\"width\":512,\"height\":512,\"caption\":\"Schweizerischer B\u00e4cker-Confiseurmeister-Verband\"},\"image\":{\"@id\":\"https:\/\/swissbaker.ch\/fr\/#\/schema\/logo\/image\/\"},\"sameAs\":[\"https:\/\/www.facebook.com\/swissbaker.ch\",\"https:\/\/x.com\/ch_swissbaker\"]},{\"@type\":\"Person\",\"@id\":\"https:\/\/swissbaker.ch\/fr\/#\/schema\/person\/74bd327b08c18ca6042c02ff6f0ed5e2\",\"name\":\"Simon Nussbaum\",\"image\":{\"@type\":\"ImageObject\",\"inLanguage\":\"fr-FR\",\"@id\":\"https:\/\/swissbaker.ch\/fr\/#\/schema\/person\/image\/\",\"url\":\"https:\/\/secure.gravatar.com\/avatar\/df0eced3bb556c806cb760cf503ade1ed1df25b4104d80d6fd28d93a9509aa12?s=96&d=mm&r=g\",\"contentUrl\":\"https:\/\/secure.gravatar.com\/avatar\/df0eced3bb556c806cb760cf503ade1ed1df25b4104d80d6fd28d93a9509aa12?s=96&d=mm&r=g\",\"caption\":\"Simon Nussbaum\"},\"url\":\"https:\/\/swissbaker.ch\/fr\/panissimo-news\/author\/simon-nussbaum\/\"}]}<\/script>\n<!-- \/ Yoast SEO Premium plugin. -->","yoast_head_json":{"title":"Les clients appr\u00e9cient Pain suisse | SBC","description":"La p\u00e2tisserie Buchmann \u00e0 M\u00fcnchenstein (BL) mise sur le logo de la marque.","robots":{"index":"index","follow":"follow","max-snippet":"max-snippet:-1","max-image-preview":"max-image-preview:large","max-video-preview":"max-video-preview:-1"},"canonical":"https:\/\/swissbaker.ch\/fr\/panissimo-news\/les-clients-apprecient-pain-suisse\/","og_locale":"fr_FR","og_type":"article","og_title":"Les clients appr\u00e9cient Pain suisse","og_description":"La p\u00e2tisserie Buchmann \u00e0 M\u00fcnchenstein (BL) mise sur le logo de la marque.","og_url":"https:\/\/swissbaker.ch\/fr\/panissimo-news\/les-clients-apprecient-pain-suisse\/","og_site_name":"SBC","article_publisher":"https:\/\/www.facebook.com\/swissbaker.ch","article_published_time":"2022-12-01T09:12:55+00:00","article_modified_time":"2023-01-24T09:45:32+00:00","og_image":[{"width":1200,"height":712,"url":"https:\/\/swissbaker.ch\/wp-content\/uploads\/2022\/12\/22_2_buchmann_schweizerbrot.jpg","type":"image\/jpeg"}],"author":"Simon Nussbaum","twitter_card":"summary_large_image","twitter_creator":"@ch_swissbaker","twitter_site":"@ch_swissbaker","twitter_misc":{"Written by":"Simon Nussbaum","Est. reading time":"5 minutes"},"schema":{"@context":"https:\/\/schema.org","@graph":[{"@type":"Article","@id":"https:\/\/swissbaker.ch\/fr\/panissimo-news\/les-clients-apprecient-pain-suisse\/#article","isPartOf":{"@id":"https:\/\/swissbaker.ch\/fr\/panissimo-news\/les-clients-apprecient-pain-suisse\/"},"author":{"name":"Simon Nussbaum","@id":"https:\/\/swissbaker.ch\/fr\/#\/schema\/person\/74bd327b08c18ca6042c02ff6f0ed5e2"},"headline":"Les clients appr\u00e9cient Pain suisse","datePublished":"2022-12-01T09:12:55+00:00","dateModified":"2023-01-24T09:45:32+00:00","mainEntityOfPage":{"@id":"https:\/\/swissbaker.ch\/fr\/panissimo-news\/les-clients-apprecient-pain-suisse\/"},"wordCount":851,"publisher":{"@id":"https:\/\/swissbaker.ch\/fr\/#organization"},"image":{"@id":"https:\/\/swissbaker.ch\/fr\/panissimo-news\/les-clients-apprecient-pain-suisse\/#primaryimage"},"thumbnailUrl":"https:\/\/swissbaker.ch\/wp-content\/uploads\/2022\/12\/22_2_buchmann_schweizerbrot.jpg","articleSection":["Boulangeries\/Confiseries","Vente\/Marketing"],"inLanguage":"fr-FR"},{"@type":"WebPage","@id":"https:\/\/swissbaker.ch\/fr\/panissimo-news\/les-clients-apprecient-pain-suisse\/","url":"https:\/\/swissbaker.ch\/fr\/panissimo-news\/les-clients-apprecient-pain-suisse\/","name":"Les clients appr\u00e9cient Pain suisse | SBC","isPartOf":{"@id":"https:\/\/swissbaker.ch\/fr\/#website"},"primaryImageOfPage":{"@id":"https:\/\/swissbaker.ch\/fr\/panissimo-news\/les-clients-apprecient-pain-suisse\/#primaryimage"},"image":{"@id":"https:\/\/swissbaker.ch\/fr\/panissimo-news\/les-clients-apprecient-pain-suisse\/#primaryimage"},"thumbnailUrl":"https:\/\/swissbaker.ch\/wp-content\/uploads\/2022\/12\/22_2_buchmann_schweizerbrot.jpg","datePublished":"2022-12-01T09:12:55+00:00","dateModified":"2023-01-24T09:45:32+00:00","description":"La p\u00e2tisserie Buchmann \u00e0 M\u00fcnchenstein (BL) mise sur le logo de la marque.","breadcrumb":{"@id":"https:\/\/swissbaker.ch\/fr\/panissimo-news\/les-clients-apprecient-pain-suisse\/#breadcrumb"},"inLanguage":"fr-FR","potentialAction":[{"@type":"ReadAction","target":["https:\/\/swissbaker.ch\/fr\/panissimo-news\/les-clients-apprecient-pain-suisse\/"]}]},{"@type":"ImageObject","inLanguage":"fr-FR","@id":"https:\/\/swissbaker.ch\/fr\/panissimo-news\/les-clients-apprecient-pain-suisse\/#primaryimage","url":"https:\/\/swissbaker.ch\/wp-content\/uploads\/2022\/12\/22_2_buchmann_schweizerbrot.jpg","contentUrl":"https:\/\/swissbaker.ch\/wp-content\/uploads\/2022\/12\/22_2_buchmann_schweizerbrot.jpg","width":1200,"height":712},{"@type":"BreadcrumbList","@id":"https:\/\/swissbaker.ch\/fr\/panissimo-news\/les-clients-apprecient-pain-suisse\/#breadcrumb","itemListElement":[{"@type":"ListItem","position":1,"name":"","item":"https:\/\/swissbaker.ch\/fr\/"},{"@type":"ListItem","position":2,"name":"Boulangeries\/Confiseries","item":"https:\/\/swissbaker.ch\/fr\/panissimo-news\/category\/boulangeries-confiseries\/"},{"@type":"ListItem","position":3,"name":"Les clients appr\u00e9cient Pain suisse"}]},{"@type":"WebSite","@id":"https:\/\/swissbaker.ch\/fr\/#website","url":"https:\/\/swissbaker.ch\/fr\/","name":"SBC","description":"","publisher":{"@id":"https:\/\/swissbaker.ch\/fr\/#organization"},"potentialAction":[{"@type":"SearchAction","target":{"@type":"EntryPoint","urlTemplate":"https:\/\/swissbaker.ch\/fr\/?s={search_term_string}"},"query-input":{"@type":"PropertyValueSpecification","valueRequired":true,"valueName":"search_term_string"}}],"inLanguage":"fr-FR"},{"@type":"Organization","@id":"https:\/\/swissbaker.ch\/fr\/#organization","name":"Schweizerischer B\u00e4cker-Confiseurmeister-Verband","url":"https:\/\/swissbaker.ch\/fr\/","logo":{"@type":"ImageObject","inLanguage":"fr-FR","@id":"https:\/\/swissbaker.ch\/fr\/#\/schema\/logo\/image\/","url":"https:\/\/swissbaker.ch\/wp-content\/uploads\/2022\/04\/sbc-logo-yoast.jpg","contentUrl":"https:\/\/swissbaker.ch\/wp-content\/uploads\/2022\/04\/sbc-logo-yoast.jpg","width":512,"height":512,"caption":"Schweizerischer B\u00e4cker-Confiseurmeister-Verband"},"image":{"@id":"https:\/\/swissbaker.ch\/fr\/#\/schema\/logo\/image\/"},"sameAs":["https:\/\/www.facebook.com\/swissbaker.ch","https:\/\/x.com\/ch_swissbaker"]},{"@type":"Person","@id":"https:\/\/swissbaker.ch\/fr\/#\/schema\/person\/74bd327b08c18ca6042c02ff6f0ed5e2","name":"Simon Nussbaum","image":{"@type":"ImageObject","inLanguage":"fr-FR","@id":"https:\/\/swissbaker.ch\/fr\/#\/schema\/person\/image\/","url":"https:\/\/secure.gravatar.com\/avatar\/df0eced3bb556c806cb760cf503ade1ed1df25b4104d80d6fd28d93a9509aa12?s=96&d=mm&r=g","contentUrl":"https:\/\/secure.gravatar.com\/avatar\/df0eced3bb556c806cb760cf503ade1ed1df25b4104d80d6fd28d93a9509aa12?s=96&d=mm&r=g","caption":"Simon Nussbaum"},"url":"https:\/\/swissbaker.ch\/fr\/panissimo-news\/author\/simon-nussbaum\/"}]}},"_links":{"self":[{"href":"https:\/\/swissbaker.ch\/fr\/wp-json\/wp\/v2\/posts\/53552","targetHints":{"allow":["GET"]}}],"collection":[{"href":"https:\/\/swissbaker.ch\/fr\/wp-json\/wp\/v2\/posts"}],"about":[{"href":"https:\/\/swissbaker.ch\/fr\/wp-json\/wp\/v2\/types\/post"}],"author":[{"embeddable":true,"href":"https:\/\/swissbaker.ch\/fr\/wp-json\/wp\/v2\/users\/5"}],"replies":[{"embeddable":true,"href":"https:\/\/swissbaker.ch\/fr\/wp-json\/wp\/v2\/comments?post=53552"}],"version-history":[{"count":0,"href":"https:\/\/swissbaker.ch\/fr\/wp-json\/wp\/v2\/posts\/53552\/revisions"}],"wp:featuredmedia":[{"embeddable":true,"href":"https:\/\/swissbaker.ch\/fr\/wp-json\/wp\/v2\/media\/53532"}],"wp:attachment":[{"href":"https:\/\/swissbaker.ch\/fr\/wp-json\/wp\/v2\/media?parent=53552"}],"wp:term":[{"taxonomy":"category","embeddable":true,"href":"https:\/\/swissbaker.ch\/fr\/wp-json\/wp\/v2\/categories?post=53552"},{"taxonomy":"post_tag","embeddable":true,"href":"https:\/\/swissbaker.ch\/fr\/wp-json\/wp\/v2\/tags?post=53552"}],"curies":[{"name":"wp","href":"https:\/\/api.w.org\/{rel}","templated":true}]}}