{"id":53308,"date":"2022-11-24T07:28:40","date_gmt":"2022-11-24T06:28:40","guid":{"rendered":"https:\/\/swissbaker.ch\/?p=53308"},"modified":"2023-01-24T10:46:00","modified_gmt":"2023-01-24T09:46:00","slug":"penurie-denergie-efficacite-et-economie","status":"publish","type":"post","link":"https:\/\/swissbaker.ch\/fr\/panissimo-news\/penurie-denergie-efficacite-et-economie\/","title":{"rendered":"P\u00e9nurie d\u2019\u00e9nergie\u2009: efficacit\u00e9 et \u00e9conomie"},"content":{"rendered":"\n<p><strong>En ce qui concerne l\u2019\u00e9lectricit\u00e9, l\u2019hiver devrait encore une fois probablement bien se passer, d\u2019apr\u00e8s une \u00e9tude r\u00e9alis\u00e9e pour le Conseil f\u00e9d\u00e9ral. La situation au niveau des possibilit\u00e9s d\u2019importation s\u2019est d\u00e9tendue et des r\u00e9serves ont pu \u00eatre constitu\u00e9es. De bonnes nouvelles \u00e0 court terme.<\/strong><\/p>\n\n\n\n<p>\u2019\u00e9tude ayant pour objet la s\u00e9curit\u00e9 de l\u2019approvisionnement en \u00e9lectricit\u00e9 pour l\u2019hiver 2022\/23 en Suisse a \u00e9t\u00e9 r\u00e9alis\u00e9e \u00e0 la demande de l\u2019Office f\u00e9d\u00e9ral de l\u2019\u00e9nergie et en collaboration avec la Commission f\u00e9d\u00e9rale de l\u2019\u00e9lectricit\u00e9 et l\u2019Office f\u00e9d\u00e9ral pour l\u2019approvisionnement \u00e9conomique du pays. Dans cette \u00e9tude soumise au Conseil f\u00e9d\u00e9ral, diff\u00e9rents sc\u00e9narios de disponibilit\u00e9 du gaz et des centrales nucl\u00e9aires ont \u00e9t\u00e9 examin\u00e9s et simul\u00e9s. Des combinaisons de conditions m\u00e9t\u00e9orologiques et de pannes de centrales ont \u00e9galement \u00e9t\u00e9 envisag\u00e9es pour calculer la probabilit\u00e9 de p\u00e9nuries. Sur les quatre sc\u00e9narios examin\u00e9s, seul le \u00ab\u2009sc\u00e9nario extr\u00eame\u2009\u00bb &#8211; jug\u00e9 tr\u00e8s improbable &#8211; aurait des cons\u00e9quences importantes pour notre pays\u2009: dans ce cas, il manquerait en moyenne en hiver une quantit\u00e9 d\u2019\u00e9lectricit\u00e9 \u00e9quivalente \u00e0 pr\u00e8s de six consommations journali\u00e8res typiques en hiver.<\/p>\n\n\n\n<h2 class=\"wp-block-heading\" id=\"h-des-efforts-economiques-pour-la-securite-d-approvisionnement-hivernal\">Des efforts \u00e9conomiques pour la s\u00e9curit\u00e9 d\u2019approvisionnement hivernal<\/h2>\n\n\n\n<p>Dans l\u2019ensemble, l\u2019\u00e9tude conclut que la s\u00e9curit\u00e9 d\u2019approvisionnement en \u00e9lectricit\u00e9 de la Suisse ne sera pas gravement menac\u00e9e durant l\u2019hiver 2022\/23, mais que des p\u00e9nuries d\u2019approvisionnement ne peuvent pas \u00eatre totalement exclues. Il ressort \u00e9galement de l\u2019\u00e9tude que les mesures d\u00e9cid\u00e9es par le Conseil f\u00e9d\u00e9ral contribuent de mani\u00e8re significative \u00e0 l\u2019approvisionnement \u00e9nerg\u00e9tique en hiver. Parmi elles figurent la campagne d\u2019\u00e9conomies d\u2019hiver et l\u2019Alliance pour les \u00e9conomies d\u2019\u00e9nergie. Les boulangers-confiseurs suisses apportent \u00e9galement leur contribution et sont membres fondateurs de la campagne et membres de l\u2019alliance.<\/p>\n\n\n\n<p>Parall\u00e8lement, le Conseil f\u00e9d\u00e9ral a examin\u00e9 au total 13 mesures de soutien diff\u00e9rentes pour les entreprises et les m\u00e9nages priv\u00e9s en rapport avec les prix \u00e9lev\u00e9s de l\u2019\u00e9nergie et l\u2019inflation. Des variantes pour un retour du march\u00e9 libre de l\u2019\u00e9lectricit\u00e9 \u00e0 l\u2019approvisionnement de base ont notamment \u00e9t\u00e9 discut\u00e9es. Le Conseil f\u00e9d\u00e9ral est arriv\u00e9 \u00e0 la conclusion que ni la situation \u00e9conomique ni l\u2019inflation ne justifiaient une intervention de la Conf\u00e9d\u00e9ration et qu\u2019il n\u2019y aurait pas besoin de telles mesures pour l\u2019hiver 2022\/23.<\/p>\n\n\n\n<h2 class=\"wp-block-heading\">Prix de l\u2019\u00e9nergie<\/h2>\n\n\n\n<p>L\u2019explosion des prix de l\u2019\u00e9lectricit\u00e9 peut menacer l\u2019existence des entreprises particuli\u00e8rement touch\u00e9es. Mais il est actuellement difficile de trouver des solutions ad\u00e9quates et durables qui n\u2019envoient pas de mauvais signaux. Outre notre recommandation d\u2019engager le dialogue directement avec les fournisseurs d\u2019\u00e9nergie, Pistor propose \u00e9galement une solution via un pool d\u2019\u00e9lectricit\u00e9.<\/p>\n\n\n\n<p>Sur la base de notre enqu\u00eate r\u00e9alis\u00e9e aupr\u00e8s des membres, nous savons qu\u2019environ 52\u202f% des entreprises ach\u00e8tent plus de 100 kilowattheures d\u2019\u00e9lectricit\u00e9, dont 35\u202f% sur le march\u00e9 libre. Les prix augmentent \u00e9galement dans l\u2019approvisionnement de base, et si les politiques souhaitaient un retour \u00e0 l\u2019approvisionnement de base, cela ne serait possible qu\u2019\u00e0 certaines conditions, comme un d\u00e9lai de pr\u00e9avis d\u2019un an et l\u2019exclusion de la possibilit\u00e9 de retour pendant des ann\u00e9es.<\/p>\n\n\n\n<h2 class=\"wp-block-heading\">La BCS dans le \u00ab\u2009Sounding Board\u2009\u00bb<\/h2>\n\n\n\n<p>En tant que repr\u00e9sentant de la BCS, j\u2019ai pu participer, en mati\u00e8re d\u2019approvisionnement \u00e9nerg\u00e9tique, \u00e0 plusieurs rencontres de la Conf\u00e9d\u00e9ration \u2013 dites \u00ab\u2009Sounding Boards\u2009\u00bb &#8211; avec d\u2019autres repr\u00e9sentants des associations \u00e9conomiques fa\u00eeti\u00e8res et des cantons. Des demandes importantes concernant les ordonnances pr\u00e9vues pour une situation de p\u00e9nurie d\u2019\u00e9lectricit\u00e9 ont \u00e9t\u00e9 pr\u00e9sent\u00e9es. Le Conseil f\u00e9d\u00e9ral devrait prendre connaissance de ces ordonnances avant la fin de l\u2019ann\u00e9e.<\/p>\n\n\n\n<h2 class=\"wp-block-heading\">Plans d\u2019\u00e9conomie<\/h2>\n\n\n\n<p>Les r\u00e9sultats de l\u2019enqu\u00eate men\u00e9e aupr\u00e8s des membres sur l\u2019approvisionnement en \u00e9nergie nous ont permis d\u2019\u00e9laborer une offre de soutien suppl\u00e9mentaire pour notre branche\u2009: en plus des documents d\u00e9j\u00e0 disponibles pour les membres sur l\u2019intranet, nous sommes en train d\u2019\u00e9laborer un concept type pour un plan d\u2019\u00e9conomie d\u2019\u00e9nergie de la branche. Ce concept se compose d\u2019une check-list de gestion et d\u2019une check-list technique qui devraient contribuer \u00e0 la prise de mesures efficaces. Les documents seront mis \u00e0 la disposition des membres de la BCS \u00e0 la mi-d\u00e9cembre.<br><\/p>\n\n\n\n<p>Le Conseil national veut savoir ce qui peut \u00eatre entrepris contre les certificats m\u00e9dicaux de complaisance et demande au Conseil f\u00e9d\u00e9ral un rapport devant contenir des chiffres sur les cas av\u00e9r\u00e9s de fraude de ce type, bas\u00e9s sur un sondage des employeurs.<\/p>\n\n\n\n<p><em>Urs Wellauer-Boschung, directeur de la BCS<\/em><\/p>\n","protected":false},"excerpt":{"rendered":"<p>En ce qui concerne l\u2019\u00e9lectricit\u00e9, l\u2019hiver devrait encore une fois probablement bien se passer, d\u2019apr\u00e8s une \u00e9tude r\u00e9alis\u00e9e pour le Conseil f\u00e9d\u00e9ral. La situation au niveau des possibilit\u00e9s d\u2019importation s\u2019est d\u00e9tendue et des r\u00e9serves ont pu \u00eatre constitu\u00e9es. De bonnes nouvelles \u00e0 court terme.<\/p>\n","protected":false},"author":5,"featured_media":50656,"comment_status":"closed","ping_status":"closed","sticky":true,"template":"","format":"standard","meta":{"_acf_changed":false,"footnotes":""},"categories":[44],"tags":[],"class_list":["post-53308","post","type-post","status-publish","format-standard","has-post-thumbnail","hentry","category-droit-politique"],"acf":[],"yoast_head":"<!-- This site is optimized with the Yoast SEO Premium plugin v26.8 (Yoast SEO v26.8) - https:\/\/yoast.com\/product\/yoast-seo-premium-wordpress\/ -->\n<title>P\u00e9nurie d\u2019\u00e9nergie\u2009: efficacit\u00e9 et \u00e9conomie | SBC<\/title>\n<meta name=\"description\" content=\"En ce qui concerne l\u2019\u00e9lectricit\u00e9, l\u2019hiver devrait encore une fois probablement bien se passer, d\u2019apr\u00e8s une \u00e9tude r\u00e9alis\u00e9e pour le Conseil f\u00e9d\u00e9ral.\" \/>\n<meta name=\"robots\" content=\"index, follow, max-snippet:-1, max-image-preview:large, max-video-preview:-1\" \/>\n<link rel=\"canonical\" href=\"https:\/\/swissbaker.ch\/fr\/panissimo-news\/penurie-denergie-efficacite-et-economie\/\" \/>\n<meta property=\"og:locale\" content=\"fr_FR\" \/>\n<meta property=\"og:type\" content=\"article\" \/>\n<meta property=\"og:title\" content=\"P\u00e9nurie d\u2019\u00e9nergie\u2009: efficacit\u00e9 et \u00e9conomie\" \/>\n<meta property=\"og:description\" content=\"En ce qui concerne l\u2019\u00e9lectricit\u00e9, l\u2019hiver devrait encore une fois probablement bien se passer, d\u2019apr\u00e8s une \u00e9tude r\u00e9alis\u00e9e pour le Conseil f\u00e9d\u00e9ral.\" \/>\n<meta property=\"og:url\" content=\"https:\/\/swissbaker.ch\/fr\/panissimo-news\/penurie-denergie-efficacite-et-economie\/\" \/>\n<meta property=\"og:site_name\" content=\"SBC\" \/>\n<meta property=\"article:publisher\" content=\"https:\/\/www.facebook.com\/swissbaker.ch\" \/>\n<meta property=\"article:published_time\" content=\"2022-11-24T06:28:40+00:00\" \/>\n<meta property=\"article:modified_time\" content=\"2023-01-24T09:46:00+00:00\" \/>\n<meta property=\"og:image\" content=\"https:\/\/swissbaker.ch\/wp-content\/uploads\/2022\/10\/urs_wellauer.jpg\" \/>\n\t<meta property=\"og:image:width\" content=\"1200\" \/>\n\t<meta property=\"og:image:height\" content=\"712\" \/>\n\t<meta property=\"og:image:type\" content=\"image\/jpeg\" \/>\n<meta name=\"author\" content=\"Simon Nussbaum\" \/>\n<meta name=\"twitter:card\" content=\"summary_large_image\" \/>\n<meta name=\"twitter:creator\" content=\"@ch_swissbaker\" \/>\n<meta name=\"twitter:site\" content=\"@ch_swissbaker\" \/>\n<meta name=\"twitter:label1\" content=\"Written by\" \/>\n\t<meta name=\"twitter:data1\" content=\"Simon Nussbaum\" \/>\n\t<meta name=\"twitter:label2\" content=\"Est. reading time\" \/>\n\t<meta name=\"twitter:data2\" content=\"4 minutes\" \/>\n<script type=\"application\/ld+json\" class=\"yoast-schema-graph\">{\"@context\":\"https:\/\/schema.org\",\"@graph\":[{\"@type\":\"Article\",\"@id\":\"https:\/\/swissbaker.ch\/fr\/panissimo-news\/penurie-denergie-efficacite-et-economie\/#article\",\"isPartOf\":{\"@id\":\"https:\/\/swissbaker.ch\/fr\/panissimo-news\/penurie-denergie-efficacite-et-economie\/\"},\"author\":{\"name\":\"Simon Nussbaum\",\"@id\":\"https:\/\/swissbaker.ch\/fr\/#\/schema\/person\/74bd327b08c18ca6042c02ff6f0ed5e2\"},\"headline\":\"P\u00e9nurie d\u2019\u00e9nergie\u2009: efficacit\u00e9 et \u00e9conomie\",\"datePublished\":\"2022-11-24T06:28:40+00:00\",\"dateModified\":\"2023-01-24T09:46:00+00:00\",\"mainEntityOfPage\":{\"@id\":\"https:\/\/swissbaker.ch\/fr\/panissimo-news\/penurie-denergie-efficacite-et-economie\/\"},\"wordCount\":828,\"publisher\":{\"@id\":\"https:\/\/swissbaker.ch\/fr\/#organization\"},\"image\":{\"@id\":\"https:\/\/swissbaker.ch\/fr\/panissimo-news\/penurie-denergie-efficacite-et-economie\/#primaryimage\"},\"thumbnailUrl\":\"https:\/\/swissbaker.ch\/wp-content\/uploads\/2022\/10\/urs_wellauer.jpg\",\"articleSection\":[\"Droit &amp; politique\"],\"inLanguage\":\"fr-FR\"},{\"@type\":\"WebPage\",\"@id\":\"https:\/\/swissbaker.ch\/fr\/panissimo-news\/penurie-denergie-efficacite-et-economie\/\",\"url\":\"https:\/\/swissbaker.ch\/fr\/panissimo-news\/penurie-denergie-efficacite-et-economie\/\",\"name\":\"P\u00e9nurie d\u2019\u00e9nergie\u2009: efficacit\u00e9 et \u00e9conomie | SBC\",\"isPartOf\":{\"@id\":\"https:\/\/swissbaker.ch\/fr\/#website\"},\"primaryImageOfPage\":{\"@id\":\"https:\/\/swissbaker.ch\/fr\/panissimo-news\/penurie-denergie-efficacite-et-economie\/#primaryimage\"},\"image\":{\"@id\":\"https:\/\/swissbaker.ch\/fr\/panissimo-news\/penurie-denergie-efficacite-et-economie\/#primaryimage\"},\"thumbnailUrl\":\"https:\/\/swissbaker.ch\/wp-content\/uploads\/2022\/10\/urs_wellauer.jpg\",\"datePublished\":\"2022-11-24T06:28:40+00:00\",\"dateModified\":\"2023-01-24T09:46:00+00:00\",\"description\":\"En ce qui concerne l\u2019\u00e9lectricit\u00e9, l\u2019hiver devrait encore une fois probablement bien se passer, d\u2019apr\u00e8s une \u00e9tude r\u00e9alis\u00e9e pour le Conseil f\u00e9d\u00e9ral.\",\"breadcrumb\":{\"@id\":\"https:\/\/swissbaker.ch\/fr\/panissimo-news\/penurie-denergie-efficacite-et-economie\/#breadcrumb\"},\"inLanguage\":\"fr-FR\",\"potentialAction\":[{\"@type\":\"ReadAction\",\"target\":[\"https:\/\/swissbaker.ch\/fr\/panissimo-news\/penurie-denergie-efficacite-et-economie\/\"]}]},{\"@type\":\"ImageObject\",\"inLanguage\":\"fr-FR\",\"@id\":\"https:\/\/swissbaker.ch\/fr\/panissimo-news\/penurie-denergie-efficacite-et-economie\/#primaryimage\",\"url\":\"https:\/\/swissbaker.ch\/wp-content\/uploads\/2022\/10\/urs_wellauer.jpg\",\"contentUrl\":\"https:\/\/swissbaker.ch\/wp-content\/uploads\/2022\/10\/urs_wellauer.jpg\",\"width\":1200,\"height\":712},{\"@type\":\"BreadcrumbList\",\"@id\":\"https:\/\/swissbaker.ch\/fr\/panissimo-news\/penurie-denergie-efficacite-et-economie\/#breadcrumb\",\"itemListElement\":[{\"@type\":\"ListItem\",\"position\":1,\"name\":\"\",\"item\":\"https:\/\/swissbaker.ch\/fr\/\"},{\"@type\":\"ListItem\",\"position\":2,\"name\":\"Droit &amp; politique\",\"item\":\"https:\/\/swissbaker.ch\/fr\/panissimo-news\/category\/droit-politique\/\"},{\"@type\":\"ListItem\",\"position\":3,\"name\":\"P\u00e9nurie d\u2019\u00e9nergie\u2009: efficacit\u00e9 et \u00e9conomie\"}]},{\"@type\":\"WebSite\",\"@id\":\"https:\/\/swissbaker.ch\/fr\/#website\",\"url\":\"https:\/\/swissbaker.ch\/fr\/\",\"name\":\"SBC\",\"description\":\"\",\"publisher\":{\"@id\":\"https:\/\/swissbaker.ch\/fr\/#organization\"},\"potentialAction\":[{\"@type\":\"SearchAction\",\"target\":{\"@type\":\"EntryPoint\",\"urlTemplate\":\"https:\/\/swissbaker.ch\/fr\/?s={search_term_string}\"},\"query-input\":{\"@type\":\"PropertyValueSpecification\",\"valueRequired\":true,\"valueName\":\"search_term_string\"}}],\"inLanguage\":\"fr-FR\"},{\"@type\":\"Organization\",\"@id\":\"https:\/\/swissbaker.ch\/fr\/#organization\",\"name\":\"Schweizerischer B\u00e4cker-Confiseurmeister-Verband\",\"url\":\"https:\/\/swissbaker.ch\/fr\/\",\"logo\":{\"@type\":\"ImageObject\",\"inLanguage\":\"fr-FR\",\"@id\":\"https:\/\/swissbaker.ch\/fr\/#\/schema\/logo\/image\/\",\"url\":\"https:\/\/swissbaker.ch\/wp-content\/uploads\/2022\/04\/sbc-logo-yoast.jpg\",\"contentUrl\":\"https:\/\/swissbaker.ch\/wp-content\/uploads\/2022\/04\/sbc-logo-yoast.jpg\",\"width\":512,\"height\":512,\"caption\":\"Schweizerischer B\u00e4cker-Confiseurmeister-Verband\"},\"image\":{\"@id\":\"https:\/\/swissbaker.ch\/fr\/#\/schema\/logo\/image\/\"},\"sameAs\":[\"https:\/\/www.facebook.com\/swissbaker.ch\",\"https:\/\/x.com\/ch_swissbaker\"]},{\"@type\":\"Person\",\"@id\":\"https:\/\/swissbaker.ch\/fr\/#\/schema\/person\/74bd327b08c18ca6042c02ff6f0ed5e2\",\"name\":\"Simon Nussbaum\",\"image\":{\"@type\":\"ImageObject\",\"inLanguage\":\"fr-FR\",\"@id\":\"https:\/\/swissbaker.ch\/fr\/#\/schema\/person\/image\/\",\"url\":\"https:\/\/secure.gravatar.com\/avatar\/df0eced3bb556c806cb760cf503ade1ed1df25b4104d80d6fd28d93a9509aa12?s=96&d=mm&r=g\",\"contentUrl\":\"https:\/\/secure.gravatar.com\/avatar\/df0eced3bb556c806cb760cf503ade1ed1df25b4104d80d6fd28d93a9509aa12?s=96&d=mm&r=g\",\"caption\":\"Simon Nussbaum\"},\"url\":\"https:\/\/swissbaker.ch\/fr\/panissimo-news\/author\/simon-nussbaum\/\"}]}<\/script>\n<!-- \/ Yoast SEO Premium plugin. -->","yoast_head_json":{"title":"P\u00e9nurie d\u2019\u00e9nergie\u2009: efficacit\u00e9 et \u00e9conomie | SBC","description":"En ce qui concerne l\u2019\u00e9lectricit\u00e9, l\u2019hiver devrait encore une fois probablement bien se passer, d\u2019apr\u00e8s une \u00e9tude r\u00e9alis\u00e9e pour le Conseil f\u00e9d\u00e9ral.","robots":{"index":"index","follow":"follow","max-snippet":"max-snippet:-1","max-image-preview":"max-image-preview:large","max-video-preview":"max-video-preview:-1"},"canonical":"https:\/\/swissbaker.ch\/fr\/panissimo-news\/penurie-denergie-efficacite-et-economie\/","og_locale":"fr_FR","og_type":"article","og_title":"P\u00e9nurie d\u2019\u00e9nergie\u2009: efficacit\u00e9 et \u00e9conomie","og_description":"En ce qui concerne l\u2019\u00e9lectricit\u00e9, l\u2019hiver devrait encore une fois probablement bien se passer, d\u2019apr\u00e8s une \u00e9tude r\u00e9alis\u00e9e pour le Conseil f\u00e9d\u00e9ral.","og_url":"https:\/\/swissbaker.ch\/fr\/panissimo-news\/penurie-denergie-efficacite-et-economie\/","og_site_name":"SBC","article_publisher":"https:\/\/www.facebook.com\/swissbaker.ch","article_published_time":"2022-11-24T06:28:40+00:00","article_modified_time":"2023-01-24T09:46:00+00:00","og_image":[{"width":1200,"height":712,"url":"https:\/\/swissbaker.ch\/wp-content\/uploads\/2022\/10\/urs_wellauer.jpg","type":"image\/jpeg"}],"author":"Simon Nussbaum","twitter_card":"summary_large_image","twitter_creator":"@ch_swissbaker","twitter_site":"@ch_swissbaker","twitter_misc":{"Written by":"Simon Nussbaum","Est. reading time":"4 minutes"},"schema":{"@context":"https:\/\/schema.org","@graph":[{"@type":"Article","@id":"https:\/\/swissbaker.ch\/fr\/panissimo-news\/penurie-denergie-efficacite-et-economie\/#article","isPartOf":{"@id":"https:\/\/swissbaker.ch\/fr\/panissimo-news\/penurie-denergie-efficacite-et-economie\/"},"author":{"name":"Simon Nussbaum","@id":"https:\/\/swissbaker.ch\/fr\/#\/schema\/person\/74bd327b08c18ca6042c02ff6f0ed5e2"},"headline":"P\u00e9nurie d\u2019\u00e9nergie\u2009: efficacit\u00e9 et \u00e9conomie","datePublished":"2022-11-24T06:28:40+00:00","dateModified":"2023-01-24T09:46:00+00:00","mainEntityOfPage":{"@id":"https:\/\/swissbaker.ch\/fr\/panissimo-news\/penurie-denergie-efficacite-et-economie\/"},"wordCount":828,"publisher":{"@id":"https:\/\/swissbaker.ch\/fr\/#organization"},"image":{"@id":"https:\/\/swissbaker.ch\/fr\/panissimo-news\/penurie-denergie-efficacite-et-economie\/#primaryimage"},"thumbnailUrl":"https:\/\/swissbaker.ch\/wp-content\/uploads\/2022\/10\/urs_wellauer.jpg","articleSection":["Droit &amp; politique"],"inLanguage":"fr-FR"},{"@type":"WebPage","@id":"https:\/\/swissbaker.ch\/fr\/panissimo-news\/penurie-denergie-efficacite-et-economie\/","url":"https:\/\/swissbaker.ch\/fr\/panissimo-news\/penurie-denergie-efficacite-et-economie\/","name":"P\u00e9nurie d\u2019\u00e9nergie\u2009: efficacit\u00e9 et \u00e9conomie | SBC","isPartOf":{"@id":"https:\/\/swissbaker.ch\/fr\/#website"},"primaryImageOfPage":{"@id":"https:\/\/swissbaker.ch\/fr\/panissimo-news\/penurie-denergie-efficacite-et-economie\/#primaryimage"},"image":{"@id":"https:\/\/swissbaker.ch\/fr\/panissimo-news\/penurie-denergie-efficacite-et-economie\/#primaryimage"},"thumbnailUrl":"https:\/\/swissbaker.ch\/wp-content\/uploads\/2022\/10\/urs_wellauer.jpg","datePublished":"2022-11-24T06:28:40+00:00","dateModified":"2023-01-24T09:46:00+00:00","description":"En ce qui concerne l\u2019\u00e9lectricit\u00e9, l\u2019hiver devrait encore une fois probablement bien se passer, d\u2019apr\u00e8s une \u00e9tude r\u00e9alis\u00e9e pour le Conseil f\u00e9d\u00e9ral.","breadcrumb":{"@id":"https:\/\/swissbaker.ch\/fr\/panissimo-news\/penurie-denergie-efficacite-et-economie\/#breadcrumb"},"inLanguage":"fr-FR","potentialAction":[{"@type":"ReadAction","target":["https:\/\/swissbaker.ch\/fr\/panissimo-news\/penurie-denergie-efficacite-et-economie\/"]}]},{"@type":"ImageObject","inLanguage":"fr-FR","@id":"https:\/\/swissbaker.ch\/fr\/panissimo-news\/penurie-denergie-efficacite-et-economie\/#primaryimage","url":"https:\/\/swissbaker.ch\/wp-content\/uploads\/2022\/10\/urs_wellauer.jpg","contentUrl":"https:\/\/swissbaker.ch\/wp-content\/uploads\/2022\/10\/urs_wellauer.jpg","width":1200,"height":712},{"@type":"BreadcrumbList","@id":"https:\/\/swissbaker.ch\/fr\/panissimo-news\/penurie-denergie-efficacite-et-economie\/#breadcrumb","itemListElement":[{"@type":"ListItem","position":1,"name":"","item":"https:\/\/swissbaker.ch\/fr\/"},{"@type":"ListItem","position":2,"name":"Droit &amp; politique","item":"https:\/\/swissbaker.ch\/fr\/panissimo-news\/category\/droit-politique\/"},{"@type":"ListItem","position":3,"name":"P\u00e9nurie d\u2019\u00e9nergie\u2009: efficacit\u00e9 et \u00e9conomie"}]},{"@type":"WebSite","@id":"https:\/\/swissbaker.ch\/fr\/#website","url":"https:\/\/swissbaker.ch\/fr\/","name":"SBC","description":"","publisher":{"@id":"https:\/\/swissbaker.ch\/fr\/#organization"},"potentialAction":[{"@type":"SearchAction","target":{"@type":"EntryPoint","urlTemplate":"https:\/\/swissbaker.ch\/fr\/?s={search_term_string}"},"query-input":{"@type":"PropertyValueSpecification","valueRequired":true,"valueName":"search_term_string"}}],"inLanguage":"fr-FR"},{"@type":"Organization","@id":"https:\/\/swissbaker.ch\/fr\/#organization","name":"Schweizerischer B\u00e4cker-Confiseurmeister-Verband","url":"https:\/\/swissbaker.ch\/fr\/","logo":{"@type":"ImageObject","inLanguage":"fr-FR","@id":"https:\/\/swissbaker.ch\/fr\/#\/schema\/logo\/image\/","url":"https:\/\/swissbaker.ch\/wp-content\/uploads\/2022\/04\/sbc-logo-yoast.jpg","contentUrl":"https:\/\/swissbaker.ch\/wp-content\/uploads\/2022\/04\/sbc-logo-yoast.jpg","width":512,"height":512,"caption":"Schweizerischer B\u00e4cker-Confiseurmeister-Verband"},"image":{"@id":"https:\/\/swissbaker.ch\/fr\/#\/schema\/logo\/image\/"},"sameAs":["https:\/\/www.facebook.com\/swissbaker.ch","https:\/\/x.com\/ch_swissbaker"]},{"@type":"Person","@id":"https:\/\/swissbaker.ch\/fr\/#\/schema\/person\/74bd327b08c18ca6042c02ff6f0ed5e2","name":"Simon Nussbaum","image":{"@type":"ImageObject","inLanguage":"fr-FR","@id":"https:\/\/swissbaker.ch\/fr\/#\/schema\/person\/image\/","url":"https:\/\/secure.gravatar.com\/avatar\/df0eced3bb556c806cb760cf503ade1ed1df25b4104d80d6fd28d93a9509aa12?s=96&d=mm&r=g","contentUrl":"https:\/\/secure.gravatar.com\/avatar\/df0eced3bb556c806cb760cf503ade1ed1df25b4104d80d6fd28d93a9509aa12?s=96&d=mm&r=g","caption":"Simon Nussbaum"},"url":"https:\/\/swissbaker.ch\/fr\/panissimo-news\/author\/simon-nussbaum\/"}]}},"_links":{"self":[{"href":"https:\/\/swissbaker.ch\/fr\/wp-json\/wp\/v2\/posts\/53308","targetHints":{"allow":["GET"]}}],"collection":[{"href":"https:\/\/swissbaker.ch\/fr\/wp-json\/wp\/v2\/posts"}],"about":[{"href":"https:\/\/swissbaker.ch\/fr\/wp-json\/wp\/v2\/types\/post"}],"author":[{"embeddable":true,"href":"https:\/\/swissbaker.ch\/fr\/wp-json\/wp\/v2\/users\/5"}],"replies":[{"embeddable":true,"href":"https:\/\/swissbaker.ch\/fr\/wp-json\/wp\/v2\/comments?post=53308"}],"version-history":[{"count":0,"href":"https:\/\/swissbaker.ch\/fr\/wp-json\/wp\/v2\/posts\/53308\/revisions"}],"wp:featuredmedia":[{"embeddable":true,"href":"https:\/\/swissbaker.ch\/fr\/wp-json\/wp\/v2\/media\/50656"}],"wp:attachment":[{"href":"https:\/\/swissbaker.ch\/fr\/wp-json\/wp\/v2\/media?parent=53308"}],"wp:term":[{"taxonomy":"category","embeddable":true,"href":"https:\/\/swissbaker.ch\/fr\/wp-json\/wp\/v2\/categories?post=53308"},{"taxonomy":"post_tag","embeddable":true,"href":"https:\/\/swissbaker.ch\/fr\/wp-json\/wp\/v2\/tags?post=53308"}],"curies":[{"name":"wp","href":"https:\/\/api.w.org\/{rel}","templated":true}]}}