{"id":53220,"date":"2022-11-23T12:00:25","date_gmt":"2022-11-23T11:00:25","guid":{"rendered":"https:\/\/swissbaker.ch\/?p=53220"},"modified":"2023-01-24T10:46:04","modified_gmt":"2023-01-24T09:46:04","slug":"lieu-de-rencontre-et-dagrement","status":"publish","type":"post","link":"https:\/\/swissbaker.ch\/fr\/panissimo-news\/lieu-de-rencontre-et-dagrement\/","title":{"rendered":"Lieu de rencontre et d&#8217;agr\u00e9ment"},"content":{"rendered":"\n<p><strong>La c\u00e9l\u00e8bre confiserie-caf\u00e9 Klaus, situ\u00e9e au centre de B\u00fclach (ZH), a fait ses adieux \u00e0 sa client\u00e8le le 12 septembre \u00ab en la remerciant chaleureusement \u00bb, avant de rouvrir ses portes un mois plus tard en tant que manufacture du go\u00fbt, avec un nouveau concept innovant. Le d\u00e9but d\u2019une nouvelle \u00e8re, plac\u00e9e sous le signe de la convivialit\u00e9, du respect et de l\u2019unique, mettant l\u2019accent sur la durabilit\u00e9.<\/strong><\/p>\n\n\n\n<p>Deux semaines apr\u00e8s l\u2019ouverture et un \u00e9v\u00e9nement VIP festif, nous sommes assis dehors avec le chocolatier Mischa Klaus autour d\u2019une tasse de caf\u00e9, sur des chaises douillettes recouvertes de fourrure. Quelques clients entrent r\u00e9solument dans le local de vente. D\u2019autres se tiennent devant le magasin, \u00e0 la recherche du caf\u00e9. Mischa Klaus accueille chacun d\u2019entre eux avec professionnalisme et charme, explique le nouveau concept, les avantages du r\u00e9am\u00e9nagement et les r\u00e9flexions qui le sous-tendent, il a un mot aimable, \u00ab Soyez les bienvenus ! \u00bb, pour tous ceux qui entrent dans la manufacture Klaus en foulant le tapis rouge symbolique.<\/p>\n\n\n\n<figure class=\"wp-block-image size-large\"><img decoding=\"async\" width=\"1024\" height=\"768\" src=\"https:\/\/swissbaker.ch\/wp-content\/uploads\/2022\/11\/kl15-1024x768.jpg\" alt=\"Klaus Genussmanufaktur B\u00fclach\" class=\"wp-image-53218\" srcset=\"https:\/\/swissbaker.ch\/wp-content\/uploads\/2022\/11\/kl15-1024x768.jpg 1024w, https:\/\/swissbaker.ch\/wp-content\/uploads\/2022\/11\/kl15-768x576.jpg 768w, https:\/\/swissbaker.ch\/wp-content\/uploads\/2022\/11\/kl15-1536x1152.jpg 1536w, https:\/\/swissbaker.ch\/wp-content\/uploads\/2022\/11\/kl15-scaled.jpg 2048w, https:\/\/swissbaker.ch\/wp-content\/uploads\/2022\/11\/kl15-1000x750.jpg 1000w\" sizes=\"(max-width: 1024px) 100vw, 1024px\" \/><figcaption><em>Mischa et Jeanine Klaus<\/em><\/figcaption><\/figure>\n\n\n\n<h2 class=\"wp-block-heading\" id=\"h-retour-aux-sources\">RETOUR AUX SOURCES<\/h2>\n\n\n\n<p>Depuis pr\u00e8s de 25 ans, le couple Klaus, troisi\u00e8me g\u00e9n\u00e9ration, dirige avec succ\u00e8s l\u2019entreprise familiale situ\u00e9e au c\u0153ur de la vieille ville historique de B\u00fclach (ZH) et connue au-del\u00e0 de la r\u00e9gion. Le caf\u00e9 de 25 places int\u00e9rieures \u00e9tait par le pass\u00e9 un lieu de rencontre appr\u00e9ci\u00e9, des plus de 50 ans notamment, mais ne contribuait que marginalement au r\u00e9sultat d\u2019exploitation. \u00ab Il \u00e9tait clair pour nous que nous voulions nous en s\u00e9parer. \u00bb Le chocolatier zurichois voulait revenir aux sources : \u00ab Je suis confiseur jusqu\u2019au bout des ongles. Nous sommes vraiment bons dans ce domaine. \u00bb<\/p>\n\n\n\n<p class=\"has-text-align-right\">Claudia Vernocchi<\/p>\n\n\n\n<p><em>Lisez l\u2019article complet dans Panissimo du 25 novembre 2022<\/em>.<\/p>\n\n\n\n<p><a href=\"https:\/\/swissbaker.ch\/panissimo-news\/fotogalerie\/genussmanufaktur-klaus\/\" target=\"_blank\" rel=\"noreferrer noopener\"> Vers la galerie de photos &#8230;\u00bb<\/a><\/p>\n","protected":false},"excerpt":{"rendered":"<p>La c\u00e9l\u00e8bre confiserie-caf\u00e9 Klaus, situ\u00e9e au centre de B\u00fclach (ZH), a fait ses adieux \u00e0 sa client\u00e8le le 12 septembre \u00ab en la remerciant chaleureusement \u00bb, avant de rouvrir ses portes un mois plus tard en tant que manufacture du go\u00fbt, avec un nouveau concept innovant. Le d\u00e9but d\u2019une nouvelle \u00e8re, plac\u00e9e sous le signe de la convivialit\u00e9, du respect [&hellip;]<\/p>\n","protected":false},"author":4,"featured_media":53208,"comment_status":"closed","ping_status":"closed","sticky":true,"template":"","format":"standard","meta":{"_acf_changed":false,"footnotes":""},"categories":[42],"tags":[],"class_list":["post-53220","post","type-post","status-publish","format-standard","has-post-thumbnail","hentry","category-boulangeries-confiseries"],"acf":[],"yoast_head":"<!-- This site is optimized with the Yoast SEO Premium plugin v26.8 (Yoast SEO v26.8) - https:\/\/yoast.com\/product\/yoast-seo-premium-wordpress\/ -->\n<title>Lieu de rencontre et d&#039;agr\u00e9ment | SBC<\/title>\n<meta name=\"description\" content=\"Depuis le mois d&#039;octobre, le Caf\u00e9 Knaus \u00e0 B\u00fclach accueille ses clients dans sa nouvelle manufacture du go\u00fbt.\" \/>\n<meta name=\"robots\" content=\"index, follow, max-snippet:-1, max-image-preview:large, max-video-preview:-1\" \/>\n<link rel=\"canonical\" href=\"https:\/\/swissbaker.ch\/fr\/panissimo-news\/lieu-de-rencontre-et-dagrement\/\" \/>\n<meta property=\"og:locale\" content=\"fr_FR\" \/>\n<meta property=\"og:type\" content=\"article\" \/>\n<meta property=\"og:title\" content=\"Lieu de rencontre et d&#039;agr\u00e9ment\" \/>\n<meta property=\"og:description\" content=\"Depuis le mois d&#039;octobre, le Caf\u00e9 Knaus \u00e0 B\u00fclach accueille ses clients dans sa nouvelle manufacture du go\u00fbt.\" \/>\n<meta property=\"og:url\" content=\"https:\/\/swissbaker.ch\/fr\/panissimo-news\/lieu-de-rencontre-et-dagrement\/\" \/>\n<meta property=\"og:site_name\" content=\"SBC\" \/>\n<meta property=\"article:publisher\" content=\"https:\/\/www.facebook.com\/swissbaker.ch\" \/>\n<meta property=\"article:published_time\" content=\"2022-11-23T11:00:25+00:00\" \/>\n<meta property=\"article:modified_time\" content=\"2023-01-24T09:46:04+00:00\" \/>\n<meta property=\"og:image\" content=\"https:\/\/swissbaker.ch\/wp-content\/uploads\/2022\/11\/22_1_klaus.jpg\" \/>\n\t<meta property=\"og:image:width\" content=\"1200\" \/>\n\t<meta property=\"og:image:height\" content=\"712\" \/>\n\t<meta property=\"og:image:type\" content=\"image\/jpeg\" \/>\n<meta name=\"author\" content=\"Elina Laich\" \/>\n<meta name=\"twitter:card\" content=\"summary_large_image\" \/>\n<meta name=\"twitter:creator\" content=\"@ch_swissbaker\" \/>\n<meta name=\"twitter:site\" content=\"@ch_swissbaker\" \/>\n<meta name=\"twitter:label1\" content=\"Written by\" \/>\n\t<meta name=\"twitter:data1\" content=\"Elina Laich\" \/>\n\t<meta name=\"twitter:label2\" content=\"Est. reading time\" \/>\n\t<meta name=\"twitter:data2\" content=\"2 minutes\" \/>\n<script type=\"application\/ld+json\" class=\"yoast-schema-graph\">{\"@context\":\"https:\/\/schema.org\",\"@graph\":[{\"@type\":\"Article\",\"@id\":\"https:\/\/swissbaker.ch\/fr\/panissimo-news\/lieu-de-rencontre-et-dagrement\/#article\",\"isPartOf\":{\"@id\":\"https:\/\/swissbaker.ch\/fr\/panissimo-news\/lieu-de-rencontre-et-dagrement\/\"},\"author\":{\"name\":\"Elina Laich\",\"@id\":\"https:\/\/swissbaker.ch\/fr\/#\/schema\/person\/0c7464407782a0917d6e91a74206a176\"},\"headline\":\"Lieu de rencontre et d&#8217;agr\u00e9ment\",\"datePublished\":\"2022-11-23T11:00:25+00:00\",\"dateModified\":\"2023-01-24T09:46:04+00:00\",\"mainEntityOfPage\":{\"@id\":\"https:\/\/swissbaker.ch\/fr\/panissimo-news\/lieu-de-rencontre-et-dagrement\/\"},\"wordCount\":316,\"publisher\":{\"@id\":\"https:\/\/swissbaker.ch\/fr\/#organization\"},\"image\":{\"@id\":\"https:\/\/swissbaker.ch\/fr\/panissimo-news\/lieu-de-rencontre-et-dagrement\/#primaryimage\"},\"thumbnailUrl\":\"https:\/\/swissbaker.ch\/wp-content\/uploads\/2022\/11\/22_1_klaus.jpg\",\"articleSection\":[\"Boulangeries\/Confiseries\"],\"inLanguage\":\"fr-FR\"},{\"@type\":\"WebPage\",\"@id\":\"https:\/\/swissbaker.ch\/fr\/panissimo-news\/lieu-de-rencontre-et-dagrement\/\",\"url\":\"https:\/\/swissbaker.ch\/fr\/panissimo-news\/lieu-de-rencontre-et-dagrement\/\",\"name\":\"Lieu de rencontre et d'agr\u00e9ment | SBC\",\"isPartOf\":{\"@id\":\"https:\/\/swissbaker.ch\/fr\/#website\"},\"primaryImageOfPage\":{\"@id\":\"https:\/\/swissbaker.ch\/fr\/panissimo-news\/lieu-de-rencontre-et-dagrement\/#primaryimage\"},\"image\":{\"@id\":\"https:\/\/swissbaker.ch\/fr\/panissimo-news\/lieu-de-rencontre-et-dagrement\/#primaryimage\"},\"thumbnailUrl\":\"https:\/\/swissbaker.ch\/wp-content\/uploads\/2022\/11\/22_1_klaus.jpg\",\"datePublished\":\"2022-11-23T11:00:25+00:00\",\"dateModified\":\"2023-01-24T09:46:04+00:00\",\"description\":\"Depuis le mois d'octobre, le Caf\u00e9 Knaus \u00e0 B\u00fclach accueille ses clients dans sa nouvelle manufacture du go\u00fbt.\",\"breadcrumb\":{\"@id\":\"https:\/\/swissbaker.ch\/fr\/panissimo-news\/lieu-de-rencontre-et-dagrement\/#breadcrumb\"},\"inLanguage\":\"fr-FR\",\"potentialAction\":[{\"@type\":\"ReadAction\",\"target\":[\"https:\/\/swissbaker.ch\/fr\/panissimo-news\/lieu-de-rencontre-et-dagrement\/\"]}]},{\"@type\":\"ImageObject\",\"inLanguage\":\"fr-FR\",\"@id\":\"https:\/\/swissbaker.ch\/fr\/panissimo-news\/lieu-de-rencontre-et-dagrement\/#primaryimage\",\"url\":\"https:\/\/swissbaker.ch\/wp-content\/uploads\/2022\/11\/22_1_klaus.jpg\",\"contentUrl\":\"https:\/\/swissbaker.ch\/wp-content\/uploads\/2022\/11\/22_1_klaus.jpg\",\"width\":1200,\"height\":712,\"caption\":\"Klaus Genussmanufaktur B\u00fclach\"},{\"@type\":\"BreadcrumbList\",\"@id\":\"https:\/\/swissbaker.ch\/fr\/panissimo-news\/lieu-de-rencontre-et-dagrement\/#breadcrumb\",\"itemListElement\":[{\"@type\":\"ListItem\",\"position\":1,\"name\":\"\",\"item\":\"https:\/\/swissbaker.ch\/fr\/\"},{\"@type\":\"ListItem\",\"position\":2,\"name\":\"Boulangeries\/Confiseries\",\"item\":\"https:\/\/swissbaker.ch\/fr\/panissimo-news\/category\/boulangeries-confiseries\/\"},{\"@type\":\"ListItem\",\"position\":3,\"name\":\"Lieu de rencontre et d&#8217;agr\u00e9ment\"}]},{\"@type\":\"WebSite\",\"@id\":\"https:\/\/swissbaker.ch\/fr\/#website\",\"url\":\"https:\/\/swissbaker.ch\/fr\/\",\"name\":\"SBC\",\"description\":\"\",\"publisher\":{\"@id\":\"https:\/\/swissbaker.ch\/fr\/#organization\"},\"potentialAction\":[{\"@type\":\"SearchAction\",\"target\":{\"@type\":\"EntryPoint\",\"urlTemplate\":\"https:\/\/swissbaker.ch\/fr\/?s={search_term_string}\"},\"query-input\":{\"@type\":\"PropertyValueSpecification\",\"valueRequired\":true,\"valueName\":\"search_term_string\"}}],\"inLanguage\":\"fr-FR\"},{\"@type\":\"Organization\",\"@id\":\"https:\/\/swissbaker.ch\/fr\/#organization\",\"name\":\"Schweizerischer B\u00e4cker-Confiseurmeister-Verband\",\"url\":\"https:\/\/swissbaker.ch\/fr\/\",\"logo\":{\"@type\":\"ImageObject\",\"inLanguage\":\"fr-FR\",\"@id\":\"https:\/\/swissbaker.ch\/fr\/#\/schema\/logo\/image\/\",\"url\":\"https:\/\/swissbaker.ch\/wp-content\/uploads\/2022\/04\/sbc-logo-yoast.jpg\",\"contentUrl\":\"https:\/\/swissbaker.ch\/wp-content\/uploads\/2022\/04\/sbc-logo-yoast.jpg\",\"width\":512,\"height\":512,\"caption\":\"Schweizerischer B\u00e4cker-Confiseurmeister-Verband\"},\"image\":{\"@id\":\"https:\/\/swissbaker.ch\/fr\/#\/schema\/logo\/image\/\"},\"sameAs\":[\"https:\/\/www.facebook.com\/swissbaker.ch\",\"https:\/\/x.com\/ch_swissbaker\"]},{\"@type\":\"Person\",\"@id\":\"https:\/\/swissbaker.ch\/fr\/#\/schema\/person\/0c7464407782a0917d6e91a74206a176\",\"name\":\"Elina Laich\",\"image\":{\"@type\":\"ImageObject\",\"inLanguage\":\"fr-FR\",\"@id\":\"https:\/\/swissbaker.ch\/fr\/#\/schema\/person\/image\/\",\"url\":\"https:\/\/secure.gravatar.com\/avatar\/f942ca5f8668781d3ded9592a21de46001e053aff264ff1c6deb97b59d3604b2?s=96&d=mm&r=g\",\"contentUrl\":\"https:\/\/secure.gravatar.com\/avatar\/f942ca5f8668781d3ded9592a21de46001e053aff264ff1c6deb97b59d3604b2?s=96&d=mm&r=g\",\"caption\":\"Elina Laich\"},\"url\":\"https:\/\/swissbaker.ch\/fr\/panissimo-news\/author\/elina-laich\/\"}]}<\/script>\n<!-- \/ Yoast SEO Premium plugin. -->","yoast_head_json":{"title":"Lieu de rencontre et d'agr\u00e9ment | SBC","description":"Depuis le mois d'octobre, le Caf\u00e9 Knaus \u00e0 B\u00fclach accueille ses clients dans sa nouvelle manufacture du go\u00fbt.","robots":{"index":"index","follow":"follow","max-snippet":"max-snippet:-1","max-image-preview":"max-image-preview:large","max-video-preview":"max-video-preview:-1"},"canonical":"https:\/\/swissbaker.ch\/fr\/panissimo-news\/lieu-de-rencontre-et-dagrement\/","og_locale":"fr_FR","og_type":"article","og_title":"Lieu de rencontre et d'agr\u00e9ment","og_description":"Depuis le mois d'octobre, le Caf\u00e9 Knaus \u00e0 B\u00fclach accueille ses clients dans sa nouvelle manufacture du go\u00fbt.","og_url":"https:\/\/swissbaker.ch\/fr\/panissimo-news\/lieu-de-rencontre-et-dagrement\/","og_site_name":"SBC","article_publisher":"https:\/\/www.facebook.com\/swissbaker.ch","article_published_time":"2022-11-23T11:00:25+00:00","article_modified_time":"2023-01-24T09:46:04+00:00","og_image":[{"width":1200,"height":712,"url":"https:\/\/swissbaker.ch\/wp-content\/uploads\/2022\/11\/22_1_klaus.jpg","type":"image\/jpeg"}],"author":"Elina Laich","twitter_card":"summary_large_image","twitter_creator":"@ch_swissbaker","twitter_site":"@ch_swissbaker","twitter_misc":{"Written by":"Elina Laich","Est. reading time":"2 minutes"},"schema":{"@context":"https:\/\/schema.org","@graph":[{"@type":"Article","@id":"https:\/\/swissbaker.ch\/fr\/panissimo-news\/lieu-de-rencontre-et-dagrement\/#article","isPartOf":{"@id":"https:\/\/swissbaker.ch\/fr\/panissimo-news\/lieu-de-rencontre-et-dagrement\/"},"author":{"name":"Elina Laich","@id":"https:\/\/swissbaker.ch\/fr\/#\/schema\/person\/0c7464407782a0917d6e91a74206a176"},"headline":"Lieu de rencontre et d&#8217;agr\u00e9ment","datePublished":"2022-11-23T11:00:25+00:00","dateModified":"2023-01-24T09:46:04+00:00","mainEntityOfPage":{"@id":"https:\/\/swissbaker.ch\/fr\/panissimo-news\/lieu-de-rencontre-et-dagrement\/"},"wordCount":316,"publisher":{"@id":"https:\/\/swissbaker.ch\/fr\/#organization"},"image":{"@id":"https:\/\/swissbaker.ch\/fr\/panissimo-news\/lieu-de-rencontre-et-dagrement\/#primaryimage"},"thumbnailUrl":"https:\/\/swissbaker.ch\/wp-content\/uploads\/2022\/11\/22_1_klaus.jpg","articleSection":["Boulangeries\/Confiseries"],"inLanguage":"fr-FR"},{"@type":"WebPage","@id":"https:\/\/swissbaker.ch\/fr\/panissimo-news\/lieu-de-rencontre-et-dagrement\/","url":"https:\/\/swissbaker.ch\/fr\/panissimo-news\/lieu-de-rencontre-et-dagrement\/","name":"Lieu de rencontre et d'agr\u00e9ment | SBC","isPartOf":{"@id":"https:\/\/swissbaker.ch\/fr\/#website"},"primaryImageOfPage":{"@id":"https:\/\/swissbaker.ch\/fr\/panissimo-news\/lieu-de-rencontre-et-dagrement\/#primaryimage"},"image":{"@id":"https:\/\/swissbaker.ch\/fr\/panissimo-news\/lieu-de-rencontre-et-dagrement\/#primaryimage"},"thumbnailUrl":"https:\/\/swissbaker.ch\/wp-content\/uploads\/2022\/11\/22_1_klaus.jpg","datePublished":"2022-11-23T11:00:25+00:00","dateModified":"2023-01-24T09:46:04+00:00","description":"Depuis le mois d'octobre, le Caf\u00e9 Knaus \u00e0 B\u00fclach accueille ses clients dans sa nouvelle manufacture du go\u00fbt.","breadcrumb":{"@id":"https:\/\/swissbaker.ch\/fr\/panissimo-news\/lieu-de-rencontre-et-dagrement\/#breadcrumb"},"inLanguage":"fr-FR","potentialAction":[{"@type":"ReadAction","target":["https:\/\/swissbaker.ch\/fr\/panissimo-news\/lieu-de-rencontre-et-dagrement\/"]}]},{"@type":"ImageObject","inLanguage":"fr-FR","@id":"https:\/\/swissbaker.ch\/fr\/panissimo-news\/lieu-de-rencontre-et-dagrement\/#primaryimage","url":"https:\/\/swissbaker.ch\/wp-content\/uploads\/2022\/11\/22_1_klaus.jpg","contentUrl":"https:\/\/swissbaker.ch\/wp-content\/uploads\/2022\/11\/22_1_klaus.jpg","width":1200,"height":712,"caption":"Klaus Genussmanufaktur B\u00fclach"},{"@type":"BreadcrumbList","@id":"https:\/\/swissbaker.ch\/fr\/panissimo-news\/lieu-de-rencontre-et-dagrement\/#breadcrumb","itemListElement":[{"@type":"ListItem","position":1,"name":"","item":"https:\/\/swissbaker.ch\/fr\/"},{"@type":"ListItem","position":2,"name":"Boulangeries\/Confiseries","item":"https:\/\/swissbaker.ch\/fr\/panissimo-news\/category\/boulangeries-confiseries\/"},{"@type":"ListItem","position":3,"name":"Lieu de rencontre et d&#8217;agr\u00e9ment"}]},{"@type":"WebSite","@id":"https:\/\/swissbaker.ch\/fr\/#website","url":"https:\/\/swissbaker.ch\/fr\/","name":"SBC","description":"","publisher":{"@id":"https:\/\/swissbaker.ch\/fr\/#organization"},"potentialAction":[{"@type":"SearchAction","target":{"@type":"EntryPoint","urlTemplate":"https:\/\/swissbaker.ch\/fr\/?s={search_term_string}"},"query-input":{"@type":"PropertyValueSpecification","valueRequired":true,"valueName":"search_term_string"}}],"inLanguage":"fr-FR"},{"@type":"Organization","@id":"https:\/\/swissbaker.ch\/fr\/#organization","name":"Schweizerischer B\u00e4cker-Confiseurmeister-Verband","url":"https:\/\/swissbaker.ch\/fr\/","logo":{"@type":"ImageObject","inLanguage":"fr-FR","@id":"https:\/\/swissbaker.ch\/fr\/#\/schema\/logo\/image\/","url":"https:\/\/swissbaker.ch\/wp-content\/uploads\/2022\/04\/sbc-logo-yoast.jpg","contentUrl":"https:\/\/swissbaker.ch\/wp-content\/uploads\/2022\/04\/sbc-logo-yoast.jpg","width":512,"height":512,"caption":"Schweizerischer B\u00e4cker-Confiseurmeister-Verband"},"image":{"@id":"https:\/\/swissbaker.ch\/fr\/#\/schema\/logo\/image\/"},"sameAs":["https:\/\/www.facebook.com\/swissbaker.ch","https:\/\/x.com\/ch_swissbaker"]},{"@type":"Person","@id":"https:\/\/swissbaker.ch\/fr\/#\/schema\/person\/0c7464407782a0917d6e91a74206a176","name":"Elina Laich","image":{"@type":"ImageObject","inLanguage":"fr-FR","@id":"https:\/\/swissbaker.ch\/fr\/#\/schema\/person\/image\/","url":"https:\/\/secure.gravatar.com\/avatar\/f942ca5f8668781d3ded9592a21de46001e053aff264ff1c6deb97b59d3604b2?s=96&d=mm&r=g","contentUrl":"https:\/\/secure.gravatar.com\/avatar\/f942ca5f8668781d3ded9592a21de46001e053aff264ff1c6deb97b59d3604b2?s=96&d=mm&r=g","caption":"Elina Laich"},"url":"https:\/\/swissbaker.ch\/fr\/panissimo-news\/author\/elina-laich\/"}]}},"_links":{"self":[{"href":"https:\/\/swissbaker.ch\/fr\/wp-json\/wp\/v2\/posts\/53220","targetHints":{"allow":["GET"]}}],"collection":[{"href":"https:\/\/swissbaker.ch\/fr\/wp-json\/wp\/v2\/posts"}],"about":[{"href":"https:\/\/swissbaker.ch\/fr\/wp-json\/wp\/v2\/types\/post"}],"author":[{"embeddable":true,"href":"https:\/\/swissbaker.ch\/fr\/wp-json\/wp\/v2\/users\/4"}],"replies":[{"embeddable":true,"href":"https:\/\/swissbaker.ch\/fr\/wp-json\/wp\/v2\/comments?post=53220"}],"version-history":[{"count":0,"href":"https:\/\/swissbaker.ch\/fr\/wp-json\/wp\/v2\/posts\/53220\/revisions"}],"wp:featuredmedia":[{"embeddable":true,"href":"https:\/\/swissbaker.ch\/fr\/wp-json\/wp\/v2\/media\/53208"}],"wp:attachment":[{"href":"https:\/\/swissbaker.ch\/fr\/wp-json\/wp\/v2\/media?parent=53220"}],"wp:term":[{"taxonomy":"category","embeddable":true,"href":"https:\/\/swissbaker.ch\/fr\/wp-json\/wp\/v2\/categories?post=53220"},{"taxonomy":"post_tag","embeddable":true,"href":"https:\/\/swissbaker.ch\/fr\/wp-json\/wp\/v2\/tags?post=53220"}],"curies":[{"name":"wp","href":"https:\/\/api.w.org\/{rel}","templated":true}]}}