{"id":52985,"date":"2022-11-16T11:19:30","date_gmt":"2022-11-16T10:19:30","guid":{"rendered":"https:\/\/swissbaker.ch\/?p=52985"},"modified":"2023-01-24T10:46:12","modified_gmt":"2023-01-24T09:46:12","slug":"vision-du-reel-ou-le-chemin-de-lindispensable","status":"publish","type":"post","link":"https:\/\/swissbaker.ch\/fr\/panissimo-news\/vision-du-reel-ou-le-chemin-de-lindispensable\/","title":{"rendered":"Vision du r\u00e9el ou le chemin de l\u2019indispensable\u2009?"},"content":{"rendered":"\n<p><strong>Augmentation est un mot \u00e0 la mode qui n\u2019a pas de limite dans son articulation. Mais il y a un mais, ayons le courage de voir celui-ci. Farine et autre mati\u00e8res premi\u00e8res augmentent, \u00e9lectricit\u00e9, gaz, diesel, emballage de m\u00eame et n\u2019oublions pas les charges salariales. Si l\u2019\u00e9nergie est une part cons\u00e9quente qui p\u00e8se sur la sph\u00e8re des augmentations de charges, soyons coh\u00e9rents et voyons aussi l\u2019impact direct sur la mati\u00e8re premi\u00e8re qu\u2019est la farine.<\/strong><\/p>\n\n\n\n<p>En effet, ce n\u2019est pas sorcier de comprendre le m\u00e9canisme qui m\u00e8ne \u00e0 cela. Le poids sur le d\u00e9part de la cha\u00eene qu\u2019est l\u2019agriculture est clair (diesel, \u00e9lectricit\u00e9, semences et engrais, co\u00fbt des machines et leur entretien). Le deuxi\u00e8me pan est celui de la meunerie expos\u00e9 aussi \u00e0 des frais exponentiels impond\u00e9rables que sont (mazout, diesel, \u00e9lectricit\u00e9 et gaz, mais aussi c\u00e9r\u00e9ales, graines, les parts de la logistique diverse et les emballages). Ceci nous m\u00e8ne donc aux charges des boulangeries et aux n\u00e9cessit\u00e9s d\u2019augmentations des produits en fonction des frais de production que sont (mazout, \u00e9lectricit\u00e9, gaz, mati\u00e8res premi\u00e8res diverses, farine, levure et une tr\u00e8s grosse part que sont le personnel et les emballages).<\/p>\n\n\n\n<p>Remettre au centre en fonction des imp\u00e9ratifs actuels la gestion qui prend tout son sens et ceci sans tirer les uns contre les autres. Une des premi\u00e8res d\u00e9marches est d\u2019analyser les potentiels d\u2019\u00e9conomies et ceci avec r\u00e9alisme et clairvoyance et non en restant aveugle ou enferm\u00e9 dans le sch\u00e9ma des habitudes. Optimiser la production et mettre en place des assortiments riches et vari\u00e9s sans donner dans la d\u00e9mesure g\u00e9n\u00e9ratrice de pertes sur la production par le fait des invendus et parfois de la trop grande pl\u00e9thore de l\u2019offre. Un des chemins n\u00e9cessaires voire indispensable est celui de la rentabilit\u00e9 de la production car il faut \u00eatre r\u00e9aliste que c\u2019est un point tr\u00e8s important pour les entreprises et quand la part salariale est de 50\u202f% il y a un tr\u00e8s grave danger et un p\u00e9ril \u00e0 la porte.<\/p>\n\n\n\n<p>Alors, comment faut-il faire pour mettre au fronton des demains une meilleure situation et une p\u00e9rennit\u00e9 pour les entreprises\u2009? Hormis les pistes ci-dessus, savoir dire non parfois pour des livraisons et des march\u00e9s, ne pas se disperser, analyser tous les postes de l\u2019entreprise et red\u00e9finir les priorit\u00e9s, avoir une vision coh\u00e9rente et une projection de ce qui est voulu pour le futur, ne pas avoir peur de couper ce qui p\u00e8se dans la balance. Simple ou utopiste allez-vous me dire, je ne le pense pas mais souvent les p\u00e9riodes difficiles permettent des remises \u00e0 niveaux salutaires.<\/p>\n\n\n\n<p>Alors, n\u2019oubliez pas que l\u2019agriculture, la meunerie et la boulangerie font partie d\u2019un m\u00eame creuset et que c\u2019est que par la solidarit\u00e9 que tous vont r\u00e9sister. N\u2019ayez pas peur de faire un graphique \u00e0 mettre dans vos commerces pour expliquer les augmentations que vous allez devoir faire. Et surtout, il faut continuer de d\u00e9montrer que le prix est une chose mais celui de votre qualit\u00e9 lui vaut bien le prix demand\u00e9 car vous \u00eates des artisans du bon, du beau, du go\u00fbt.<\/p>\n\n\n\n<p><em>Bernard Pignat, Chevalier d\u2019honneur de la confr\u00e9rie valaisanne<\/em><\/p>\n","protected":false},"excerpt":{"rendered":"<p>Augmentation est un mot \u00e0 la mode qui n\u2019a pas de limite dans son articulation. Mais il y a un mais, ayons le courage de voir celui-ci. Farine et autre mati\u00e8res premi\u00e8res augmentent, \u00e9lectricit\u00e9, gaz, diesel, emballage de m\u00eame et n\u2019oublions pas les charges salariales.<\/p>\n","protected":false},"author":5,"featured_media":7213,"comment_status":"closed","ping_status":"closed","sticky":false,"template":"","format":"standard","meta":{"_acf_changed":false,"footnotes":""},"categories":[39,44],"tags":[],"class_list":["post-52985","post","type-post","status-publish","format-standard","has-post-thumbnail","hentry","category-de-la-branche","category-droit-politique"],"acf":[],"yoast_head":"<!-- This site is optimized with the Yoast SEO Premium plugin v26.8 (Yoast SEO v26.8) - https:\/\/yoast.com\/product\/yoast-seo-premium-wordpress\/ -->\n<title>Vision du r\u00e9el ou le chemin de l\u2019indispensable\u2009? | SBC<\/title>\n<meta name=\"description\" content=\"Augmentation est un mot \u00e0 la mode qui n\u2019a pas de limite dans son articulation.\" \/>\n<meta name=\"robots\" content=\"index, follow, max-snippet:-1, max-image-preview:large, max-video-preview:-1\" \/>\n<link rel=\"canonical\" href=\"https:\/\/swissbaker.ch\/fr\/panissimo-news\/vision-du-reel-ou-le-chemin-de-lindispensable\/\" \/>\n<meta property=\"og:locale\" content=\"fr_FR\" \/>\n<meta property=\"og:type\" content=\"article\" \/>\n<meta property=\"og:title\" content=\"Vision du r\u00e9el ou le chemin de l\u2019indispensable\u2009?\" \/>\n<meta property=\"og:description\" content=\"Augmentation est un mot \u00e0 la mode qui n\u2019a pas de limite dans son articulation.\" \/>\n<meta property=\"og:url\" content=\"https:\/\/swissbaker.ch\/fr\/panissimo-news\/vision-du-reel-ou-le-chemin-de-lindispensable\/\" \/>\n<meta property=\"og:site_name\" content=\"SBC\" \/>\n<meta property=\"article:publisher\" content=\"https:\/\/www.facebook.com\/swissbaker.ch\" \/>\n<meta property=\"article:published_time\" content=\"2022-11-16T10:19:30+00:00\" \/>\n<meta property=\"article:modified_time\" content=\"2023-01-24T09:46:12+00:00\" \/>\n<meta property=\"og:image\" content=\"https:\/\/swissbaker.ch\/wp-content\/uploads\/2022\/04\/le_chevalier.jpeg\" \/>\n\t<meta property=\"og:image:width\" content=\"800\" \/>\n\t<meta property=\"og:image:height\" content=\"474\" \/>\n\t<meta property=\"og:image:type\" content=\"image\/jpeg\" \/>\n<meta name=\"author\" content=\"Simon Nussbaum\" \/>\n<meta name=\"twitter:card\" content=\"summary_large_image\" \/>\n<meta name=\"twitter:creator\" content=\"@ch_swissbaker\" \/>\n<meta name=\"twitter:site\" content=\"@ch_swissbaker\" \/>\n<meta name=\"twitter:label1\" content=\"Written by\" \/>\n\t<meta name=\"twitter:data1\" content=\"Simon Nussbaum\" \/>\n\t<meta name=\"twitter:label2\" content=\"Est. reading time\" \/>\n\t<meta name=\"twitter:data2\" content=\"3 minutes\" \/>\n<script type=\"application\/ld+json\" class=\"yoast-schema-graph\">{\"@context\":\"https:\/\/schema.org\",\"@graph\":[{\"@type\":\"Article\",\"@id\":\"https:\/\/swissbaker.ch\/fr\/panissimo-news\/vision-du-reel-ou-le-chemin-de-lindispensable\/#article\",\"isPartOf\":{\"@id\":\"https:\/\/swissbaker.ch\/fr\/panissimo-news\/vision-du-reel-ou-le-chemin-de-lindispensable\/\"},\"author\":{\"name\":\"Simon Nussbaum\",\"@id\":\"https:\/\/swissbaker.ch\/fr\/#\/schema\/person\/74bd327b08c18ca6042c02ff6f0ed5e2\"},\"headline\":\"Vision du r\u00e9el ou le chemin de l\u2019indispensable\u2009?\",\"datePublished\":\"2022-11-16T10:19:30+00:00\",\"dateModified\":\"2023-01-24T09:46:12+00:00\",\"mainEntityOfPage\":{\"@id\":\"https:\/\/swissbaker.ch\/fr\/panissimo-news\/vision-du-reel-ou-le-chemin-de-lindispensable\/\"},\"wordCount\":585,\"publisher\":{\"@id\":\"https:\/\/swissbaker.ch\/fr\/#organization\"},\"image\":{\"@id\":\"https:\/\/swissbaker.ch\/fr\/panissimo-news\/vision-du-reel-ou-le-chemin-de-lindispensable\/#primaryimage\"},\"thumbnailUrl\":\"https:\/\/swissbaker.ch\/wp-content\/uploads\/2022\/04\/le_chevalier.jpeg\",\"articleSection\":[\"De la branche\",\"Droit &amp; politique\"],\"inLanguage\":\"fr-FR\"},{\"@type\":\"WebPage\",\"@id\":\"https:\/\/swissbaker.ch\/fr\/panissimo-news\/vision-du-reel-ou-le-chemin-de-lindispensable\/\",\"url\":\"https:\/\/swissbaker.ch\/fr\/panissimo-news\/vision-du-reel-ou-le-chemin-de-lindispensable\/\",\"name\":\"Vision du r\u00e9el ou le chemin de l\u2019indispensable\u2009? | SBC\",\"isPartOf\":{\"@id\":\"https:\/\/swissbaker.ch\/fr\/#website\"},\"primaryImageOfPage\":{\"@id\":\"https:\/\/swissbaker.ch\/fr\/panissimo-news\/vision-du-reel-ou-le-chemin-de-lindispensable\/#primaryimage\"},\"image\":{\"@id\":\"https:\/\/swissbaker.ch\/fr\/panissimo-news\/vision-du-reel-ou-le-chemin-de-lindispensable\/#primaryimage\"},\"thumbnailUrl\":\"https:\/\/swissbaker.ch\/wp-content\/uploads\/2022\/04\/le_chevalier.jpeg\",\"datePublished\":\"2022-11-16T10:19:30+00:00\",\"dateModified\":\"2023-01-24T09:46:12+00:00\",\"description\":\"Augmentation est un mot \u00e0 la mode qui n\u2019a pas de limite dans son articulation.\",\"breadcrumb\":{\"@id\":\"https:\/\/swissbaker.ch\/fr\/panissimo-news\/vision-du-reel-ou-le-chemin-de-lindispensable\/#breadcrumb\"},\"inLanguage\":\"fr-FR\",\"potentialAction\":[{\"@type\":\"ReadAction\",\"target\":[\"https:\/\/swissbaker.ch\/fr\/panissimo-news\/vision-du-reel-ou-le-chemin-de-lindispensable\/\"]}]},{\"@type\":\"ImageObject\",\"inLanguage\":\"fr-FR\",\"@id\":\"https:\/\/swissbaker.ch\/fr\/panissimo-news\/vision-du-reel-ou-le-chemin-de-lindispensable\/#primaryimage\",\"url\":\"https:\/\/swissbaker.ch\/wp-content\/uploads\/2022\/04\/le_chevalier.jpeg\",\"contentUrl\":\"https:\/\/swissbaker.ch\/wp-content\/uploads\/2022\/04\/le_chevalier.jpeg\",\"width\":800,\"height\":474,\"caption\":\"Traction avant\u2026Ou quatre fois quatre !\"},{\"@type\":\"BreadcrumbList\",\"@id\":\"https:\/\/swissbaker.ch\/fr\/panissimo-news\/vision-du-reel-ou-le-chemin-de-lindispensable\/#breadcrumb\",\"itemListElement\":[{\"@type\":\"ListItem\",\"position\":1,\"name\":\"\",\"item\":\"https:\/\/swissbaker.ch\/fr\/\"},{\"@type\":\"ListItem\",\"position\":2,\"name\":\"De la branche\",\"item\":\"https:\/\/swissbaker.ch\/fr\/panissimo-news\/category\/de-la-branche\/\"},{\"@type\":\"ListItem\",\"position\":3,\"name\":\"Vision du r\u00e9el ou le chemin de l\u2019indispensable\u2009?\"}]},{\"@type\":\"WebSite\",\"@id\":\"https:\/\/swissbaker.ch\/fr\/#website\",\"url\":\"https:\/\/swissbaker.ch\/fr\/\",\"name\":\"SBC\",\"description\":\"\",\"publisher\":{\"@id\":\"https:\/\/swissbaker.ch\/fr\/#organization\"},\"potentialAction\":[{\"@type\":\"SearchAction\",\"target\":{\"@type\":\"EntryPoint\",\"urlTemplate\":\"https:\/\/swissbaker.ch\/fr\/?s={search_term_string}\"},\"query-input\":{\"@type\":\"PropertyValueSpecification\",\"valueRequired\":true,\"valueName\":\"search_term_string\"}}],\"inLanguage\":\"fr-FR\"},{\"@type\":\"Organization\",\"@id\":\"https:\/\/swissbaker.ch\/fr\/#organization\",\"name\":\"Schweizerischer B\u00e4cker-Confiseurmeister-Verband\",\"url\":\"https:\/\/swissbaker.ch\/fr\/\",\"logo\":{\"@type\":\"ImageObject\",\"inLanguage\":\"fr-FR\",\"@id\":\"https:\/\/swissbaker.ch\/fr\/#\/schema\/logo\/image\/\",\"url\":\"https:\/\/swissbaker.ch\/wp-content\/uploads\/2022\/04\/sbc-logo-yoast.jpg\",\"contentUrl\":\"https:\/\/swissbaker.ch\/wp-content\/uploads\/2022\/04\/sbc-logo-yoast.jpg\",\"width\":512,\"height\":512,\"caption\":\"Schweizerischer B\u00e4cker-Confiseurmeister-Verband\"},\"image\":{\"@id\":\"https:\/\/swissbaker.ch\/fr\/#\/schema\/logo\/image\/\"},\"sameAs\":[\"https:\/\/www.facebook.com\/swissbaker.ch\",\"https:\/\/x.com\/ch_swissbaker\"]},{\"@type\":\"Person\",\"@id\":\"https:\/\/swissbaker.ch\/fr\/#\/schema\/person\/74bd327b08c18ca6042c02ff6f0ed5e2\",\"name\":\"Simon Nussbaum\",\"image\":{\"@type\":\"ImageObject\",\"inLanguage\":\"fr-FR\",\"@id\":\"https:\/\/swissbaker.ch\/fr\/#\/schema\/person\/image\/\",\"url\":\"https:\/\/secure.gravatar.com\/avatar\/df0eced3bb556c806cb760cf503ade1ed1df25b4104d80d6fd28d93a9509aa12?s=96&d=mm&r=g\",\"contentUrl\":\"https:\/\/secure.gravatar.com\/avatar\/df0eced3bb556c806cb760cf503ade1ed1df25b4104d80d6fd28d93a9509aa12?s=96&d=mm&r=g\",\"caption\":\"Simon Nussbaum\"},\"url\":\"https:\/\/swissbaker.ch\/fr\/panissimo-news\/author\/simon-nussbaum\/\"}]}<\/script>\n<!-- \/ Yoast SEO Premium plugin. -->","yoast_head_json":{"title":"Vision du r\u00e9el ou le chemin de l\u2019indispensable\u2009? | SBC","description":"Augmentation est un mot \u00e0 la mode qui n\u2019a pas de limite dans son articulation.","robots":{"index":"index","follow":"follow","max-snippet":"max-snippet:-1","max-image-preview":"max-image-preview:large","max-video-preview":"max-video-preview:-1"},"canonical":"https:\/\/swissbaker.ch\/fr\/panissimo-news\/vision-du-reel-ou-le-chemin-de-lindispensable\/","og_locale":"fr_FR","og_type":"article","og_title":"Vision du r\u00e9el ou le chemin de l\u2019indispensable\u2009?","og_description":"Augmentation est un mot \u00e0 la mode qui n\u2019a pas de limite dans son articulation.","og_url":"https:\/\/swissbaker.ch\/fr\/panissimo-news\/vision-du-reel-ou-le-chemin-de-lindispensable\/","og_site_name":"SBC","article_publisher":"https:\/\/www.facebook.com\/swissbaker.ch","article_published_time":"2022-11-16T10:19:30+00:00","article_modified_time":"2023-01-24T09:46:12+00:00","og_image":[{"width":800,"height":474,"url":"https:\/\/swissbaker.ch\/wp-content\/uploads\/2022\/04\/le_chevalier.jpeg","type":"image\/jpeg"}],"author":"Simon Nussbaum","twitter_card":"summary_large_image","twitter_creator":"@ch_swissbaker","twitter_site":"@ch_swissbaker","twitter_misc":{"Written by":"Simon Nussbaum","Est. reading time":"3 minutes"},"schema":{"@context":"https:\/\/schema.org","@graph":[{"@type":"Article","@id":"https:\/\/swissbaker.ch\/fr\/panissimo-news\/vision-du-reel-ou-le-chemin-de-lindispensable\/#article","isPartOf":{"@id":"https:\/\/swissbaker.ch\/fr\/panissimo-news\/vision-du-reel-ou-le-chemin-de-lindispensable\/"},"author":{"name":"Simon Nussbaum","@id":"https:\/\/swissbaker.ch\/fr\/#\/schema\/person\/74bd327b08c18ca6042c02ff6f0ed5e2"},"headline":"Vision du r\u00e9el ou le chemin de l\u2019indispensable\u2009?","datePublished":"2022-11-16T10:19:30+00:00","dateModified":"2023-01-24T09:46:12+00:00","mainEntityOfPage":{"@id":"https:\/\/swissbaker.ch\/fr\/panissimo-news\/vision-du-reel-ou-le-chemin-de-lindispensable\/"},"wordCount":585,"publisher":{"@id":"https:\/\/swissbaker.ch\/fr\/#organization"},"image":{"@id":"https:\/\/swissbaker.ch\/fr\/panissimo-news\/vision-du-reel-ou-le-chemin-de-lindispensable\/#primaryimage"},"thumbnailUrl":"https:\/\/swissbaker.ch\/wp-content\/uploads\/2022\/04\/le_chevalier.jpeg","articleSection":["De la branche","Droit &amp; politique"],"inLanguage":"fr-FR"},{"@type":"WebPage","@id":"https:\/\/swissbaker.ch\/fr\/panissimo-news\/vision-du-reel-ou-le-chemin-de-lindispensable\/","url":"https:\/\/swissbaker.ch\/fr\/panissimo-news\/vision-du-reel-ou-le-chemin-de-lindispensable\/","name":"Vision du r\u00e9el ou le chemin de l\u2019indispensable\u2009? | SBC","isPartOf":{"@id":"https:\/\/swissbaker.ch\/fr\/#website"},"primaryImageOfPage":{"@id":"https:\/\/swissbaker.ch\/fr\/panissimo-news\/vision-du-reel-ou-le-chemin-de-lindispensable\/#primaryimage"},"image":{"@id":"https:\/\/swissbaker.ch\/fr\/panissimo-news\/vision-du-reel-ou-le-chemin-de-lindispensable\/#primaryimage"},"thumbnailUrl":"https:\/\/swissbaker.ch\/wp-content\/uploads\/2022\/04\/le_chevalier.jpeg","datePublished":"2022-11-16T10:19:30+00:00","dateModified":"2023-01-24T09:46:12+00:00","description":"Augmentation est un mot \u00e0 la mode qui n\u2019a pas de limite dans son articulation.","breadcrumb":{"@id":"https:\/\/swissbaker.ch\/fr\/panissimo-news\/vision-du-reel-ou-le-chemin-de-lindispensable\/#breadcrumb"},"inLanguage":"fr-FR","potentialAction":[{"@type":"ReadAction","target":["https:\/\/swissbaker.ch\/fr\/panissimo-news\/vision-du-reel-ou-le-chemin-de-lindispensable\/"]}]},{"@type":"ImageObject","inLanguage":"fr-FR","@id":"https:\/\/swissbaker.ch\/fr\/panissimo-news\/vision-du-reel-ou-le-chemin-de-lindispensable\/#primaryimage","url":"https:\/\/swissbaker.ch\/wp-content\/uploads\/2022\/04\/le_chevalier.jpeg","contentUrl":"https:\/\/swissbaker.ch\/wp-content\/uploads\/2022\/04\/le_chevalier.jpeg","width":800,"height":474,"caption":"Traction avant\u2026Ou quatre fois quatre !"},{"@type":"BreadcrumbList","@id":"https:\/\/swissbaker.ch\/fr\/panissimo-news\/vision-du-reel-ou-le-chemin-de-lindispensable\/#breadcrumb","itemListElement":[{"@type":"ListItem","position":1,"name":"","item":"https:\/\/swissbaker.ch\/fr\/"},{"@type":"ListItem","position":2,"name":"De la branche","item":"https:\/\/swissbaker.ch\/fr\/panissimo-news\/category\/de-la-branche\/"},{"@type":"ListItem","position":3,"name":"Vision du r\u00e9el ou le chemin de l\u2019indispensable\u2009?"}]},{"@type":"WebSite","@id":"https:\/\/swissbaker.ch\/fr\/#website","url":"https:\/\/swissbaker.ch\/fr\/","name":"SBC","description":"","publisher":{"@id":"https:\/\/swissbaker.ch\/fr\/#organization"},"potentialAction":[{"@type":"SearchAction","target":{"@type":"EntryPoint","urlTemplate":"https:\/\/swissbaker.ch\/fr\/?s={search_term_string}"},"query-input":{"@type":"PropertyValueSpecification","valueRequired":true,"valueName":"search_term_string"}}],"inLanguage":"fr-FR"},{"@type":"Organization","@id":"https:\/\/swissbaker.ch\/fr\/#organization","name":"Schweizerischer B\u00e4cker-Confiseurmeister-Verband","url":"https:\/\/swissbaker.ch\/fr\/","logo":{"@type":"ImageObject","inLanguage":"fr-FR","@id":"https:\/\/swissbaker.ch\/fr\/#\/schema\/logo\/image\/","url":"https:\/\/swissbaker.ch\/wp-content\/uploads\/2022\/04\/sbc-logo-yoast.jpg","contentUrl":"https:\/\/swissbaker.ch\/wp-content\/uploads\/2022\/04\/sbc-logo-yoast.jpg","width":512,"height":512,"caption":"Schweizerischer B\u00e4cker-Confiseurmeister-Verband"},"image":{"@id":"https:\/\/swissbaker.ch\/fr\/#\/schema\/logo\/image\/"},"sameAs":["https:\/\/www.facebook.com\/swissbaker.ch","https:\/\/x.com\/ch_swissbaker"]},{"@type":"Person","@id":"https:\/\/swissbaker.ch\/fr\/#\/schema\/person\/74bd327b08c18ca6042c02ff6f0ed5e2","name":"Simon Nussbaum","image":{"@type":"ImageObject","inLanguage":"fr-FR","@id":"https:\/\/swissbaker.ch\/fr\/#\/schema\/person\/image\/","url":"https:\/\/secure.gravatar.com\/avatar\/df0eced3bb556c806cb760cf503ade1ed1df25b4104d80d6fd28d93a9509aa12?s=96&d=mm&r=g","contentUrl":"https:\/\/secure.gravatar.com\/avatar\/df0eced3bb556c806cb760cf503ade1ed1df25b4104d80d6fd28d93a9509aa12?s=96&d=mm&r=g","caption":"Simon Nussbaum"},"url":"https:\/\/swissbaker.ch\/fr\/panissimo-news\/author\/simon-nussbaum\/"}]}},"_links":{"self":[{"href":"https:\/\/swissbaker.ch\/fr\/wp-json\/wp\/v2\/posts\/52985","targetHints":{"allow":["GET"]}}],"collection":[{"href":"https:\/\/swissbaker.ch\/fr\/wp-json\/wp\/v2\/posts"}],"about":[{"href":"https:\/\/swissbaker.ch\/fr\/wp-json\/wp\/v2\/types\/post"}],"author":[{"embeddable":true,"href":"https:\/\/swissbaker.ch\/fr\/wp-json\/wp\/v2\/users\/5"}],"replies":[{"embeddable":true,"href":"https:\/\/swissbaker.ch\/fr\/wp-json\/wp\/v2\/comments?post=52985"}],"version-history":[{"count":0,"href":"https:\/\/swissbaker.ch\/fr\/wp-json\/wp\/v2\/posts\/52985\/revisions"}],"wp:featuredmedia":[{"embeddable":true,"href":"https:\/\/swissbaker.ch\/fr\/wp-json\/wp\/v2\/media\/7213"}],"wp:attachment":[{"href":"https:\/\/swissbaker.ch\/fr\/wp-json\/wp\/v2\/media?parent=52985"}],"wp:term":[{"taxonomy":"category","embeddable":true,"href":"https:\/\/swissbaker.ch\/fr\/wp-json\/wp\/v2\/categories?post=52985"},{"taxonomy":"post_tag","embeddable":true,"href":"https:\/\/swissbaker.ch\/fr\/wp-json\/wp\/v2\/tags?post=52985"}],"curies":[{"name":"wp","href":"https:\/\/api.w.org\/{rel}","templated":true}]}}