{"id":52622,"date":"2022-11-10T10:17:29","date_gmt":"2022-11-10T09:17:29","guid":{"rendered":"https:\/\/swissbaker.ch\/?p=52622"},"modified":"2023-01-24T10:46:18","modified_gmt":"2023-01-24T09:46:18","slug":"retrospective-des-worldskills-2022","status":"publish","type":"post","link":"https:\/\/swissbaker.ch\/fr\/panissimo-news\/retrospective-des-worldskills-2022\/","title":{"rendered":"R\u00e9trospective des WorldSkills 2022"},"content":{"rendered":"\n<p><strong>Les deux candidates suisses aux WorldSkills ont eu beaucoup de succ\u00e8s. Juliana Th\u00f6ny a d\u00e9croch\u00e9 l\u2019or et Vera Stocker le bronze. Une raison suffisante pour \u00ab Panissimo \u00bb de r\u00e9interviewer ces deux professionnelles. En outre, \u00ab Panissimo \u00bb a \u00e9galement voulu savoir comment l\u2019\u00e9v\u00e9nement avait \u00e9t\u00e9 v\u00e9cu et jug\u00e9 par les repr\u00e9sentants des trois sponsors principaux.<\/strong><\/p>\n\n\n<div class=\"wp-block-image\">\n<figure class=\"alignleft size-large is-resized\"><img decoding=\"async\" src=\"https:\/\/swissbaker.ch\/wp-content\/uploads\/2022\/11\/20221106_184135_korr-623x1024.jpg\" alt=\"\" class=\"wp-image-52598\" width=\"312\" height=\"512\" srcset=\"https:\/\/swissbaker.ch\/wp-content\/uploads\/2022\/11\/20221106_184135_korr-623x1024.jpg 623w, https:\/\/swissbaker.ch\/wp-content\/uploads\/2022\/11\/20221106_184135_korr-768x1262.jpg 768w, https:\/\/swissbaker.ch\/wp-content\/uploads\/2022\/11\/20221106_184135_korr-935x1536.jpg 935w, https:\/\/swissbaker.ch\/wp-content\/uploads\/2022\/11\/20221106_184135_korr.jpg 1153w\" sizes=\"(max-width: 312px) 100vw, 312px\" \/><figcaption><em>Juliana Th\u00f6ny<\/em><\/figcaption><\/figure>\n<\/div>\n\n\n<p><strong>Juliana Th\u00f6ny, que ressentez-vous en tant que nouvelle championne du monde dans l&#8217;orientation p\u00e2tisserie-confiserie ?<\/strong><br>Un sentiment tr\u00e8s agr\u00e9able, je suis incroyablement heureuse et fi\u00e8re de cet immense succ\u00e8s.<\/p>\n\n\n\n<p><strong>\u00c0 part votre famille, vos coll\u00e8gues et vos proches, qui vous a f\u00e9licit\u00e9e pour votre victoire ? Des c\u00e9l\u00e9brit\u00e9s l&#8217;ont-elles \u00e9galement fait ?<\/strong><br>J\u2019ai re\u00e7u beaucoup de belles cartes, de fleurs et de f\u00e9licitations de partout, notamment \u00e9galement de conseillers communaux, de ma banque et d\u2019une ancienne d\u00e9put\u00e9e.<\/p>\n\n\n\n<p><strong>La m\u00e9daille d&#8217;or a-t-elle une place d&#8217;honeur chez vous ? O\u00f9 est-elle accroch\u00e9e ou pos\u00e9e ?<\/strong><br>Elle a trouv\u00e9 une place d\u2019honneur dans mon entr\u00e9e, avec un petit drapeau suisse et une photo souvenir.<\/p>\n\n\n\n<p><\/p>\n\n\n\n<p class=\"has-text-align-center\">**********<\/p>\n\n\n<div class=\"wp-block-image\">\n<figure class=\"alignright size-large is-resized\"><img decoding=\"async\" src=\"https:\/\/swissbaker.ch\/wp-content\/uploads\/2022\/11\/vera-stocker_korr-1-768x1024.jpg\" alt=\"\" class=\"wp-image-52602\" width=\"384\" height=\"512\" srcset=\"https:\/\/swissbaker.ch\/wp-content\/uploads\/2022\/11\/vera-stocker_korr-1-768x1024.jpg 768w, https:\/\/swissbaker.ch\/wp-content\/uploads\/2022\/11\/vera-stocker_korr-1-1152x1536.jpg 1152w, https:\/\/swissbaker.ch\/wp-content\/uploads\/2022\/11\/vera-stocker_korr-1-scaled.jpg 1536w\" sizes=\"(max-width: 384px) 100vw, 384px\" \/><figcaption><em>Vera Stocker<\/em><\/figcaption><\/figure>\n<\/div>\n\n\n<p class=\"has-text-align-right\"><strong>Vera Stocker, comment vous sentez-vous quatre semaines apr\u00e8s avoir ramport\u00e9 la m\u00e9daille de bronze aux WorldSkills 2022 ?<\/strong><br>Je me sens tr\u00e8s bien, c\u2019est agr\u00e9able de retrouver une vie professionnelle normale et d\u2019\u00eatre moins stress\u00e9e. Je suis \u00e9galement tr\u00e8s heureuse d\u2019avoir \u00e0 nouveau du temps pour mon grand hobby, l\u2019athl\u00e9tisme, et pour mes proches.<\/p>\n\n\n\n<p class=\"has-text-align-right\"><strong>Que signifie pour vous la m\u00e9daille de bronze aux WorldSkills ?<\/strong><br>Cette m\u00e9daille de bronze signifie beaucoup pour moi, car je sais que je me suis beaucoup entra\u00een\u00e9e pour l\u2019obtenir. Elle m\u2019a \u00e9galement montr\u00e9 qu\u2019il ne faut jamais abandonner, ni \u00e0 l\u2019entra\u00eenement lorsque les choses ne se passent pas comme on le veut, ni en comp\u00e9tition lorsque les choses ne se d\u00e9roulent pas comme on le souhaite, cela en vaut la peine. Je suis \u00e9videmment \u00e9galement fi\u00e8re d\u2019avoir pu montrer mes produits lors des WorldSkills, et flirter avec les meilleurs dans ma passion.<\/p>\n\n\n\n<p class=\"has-text-align-right\">Interviews: Christian B\u00e4rtschi<\/p>\n\n\n\n<p>Lisez l&#8217;int\u00e9gralit\u00e9 des interviews des deux candidates suisses dans le \u00ab Panissimo \u00bb du 11 novembre 2022.<\/p>\n\n\n\n<hr class=\"wp-block-separator has-alpha-channel-opacity\"\/>\n\n\n<div class=\"wp-block-image\">\n<figure class=\"alignleft size-large is-resized\"><img decoding=\"async\" src=\"https:\/\/swissbaker.ch\/wp-content\/uploads\/2022\/11\/stefan-kuenzli_korr-scaled-e1668067483104.jpg\" alt=\"\" class=\"wp-image-52604\" width=\"256\" height=\"238\"\/><figcaption><em>Stefan K\u00fcnzli, resp. marketing et vente, Max Felchlin<\/em><\/figcaption><\/figure>\n<\/div>\n\n\n<p><strong>Stefan K\u00fcnzli, pourquoi \u00eates-vous membre du club des sponsors ?<\/strong><br>En tant que sponsor de longue date de la BCS, Max Felchlin AG concentre son engagement sur la rel\u00e8ve des boulan-gers-confiseurs. Les jeunes professionnels sont notre avenir, ils peuvent apporter de la visibilit\u00e9 \u00e0 l\u2019attractivit\u00e9 du secteur et repr\u00e9senter fi\u00e8rement leur m\u00e9tier \u2013 et m\u00e9ritent donc notre soutien total. Nous nous consid\u00e9rons comme un partenaire fiable, qui promeut l\u2019attractivit\u00e9 du m\u00e9tier, soutient les jeunes professionnels, que ce soit par le biais du sponsoring ou des cours sp\u00e9cialis\u00e9s organis\u00e9s chez nous \u00e0 Ibach (SZ), et apporte ainsi une contribution importante pour les ann\u00e9es \u00e0 venir.<\/p>\n\n\n\n<p><strong>Quel bilan tirez-vous des SwissSkills et des WorldSkills 2022 ?<\/strong><br>Les SwissSkills sont une plateforme de choix pour faire conna\u00eetre au public et aux futurs apprentis les m\u00e9tiers de notre secteur. L\u2019affluence \u00e0 Berne a montr\u00e9 qu\u2019il existe un grand besoin en la mati\u00e8re. Notre contribution a permis de concourir \u00e0 la r\u00e9ussite de l\u2019\u00e9v\u00e8nement.<br>Avec une m\u00e9daille d\u2019or et une m\u00e9daille de bronze, Juliana Th\u00f6ny et Vera Stocker ont obtenu un succ\u00e8s sensationnel pour la Suisse ! Max Felchlin AG est fi\u00e8re d\u2019y avoir contribu\u00e9. Toutes nos f\u00e9licitations !<\/p>\n\n\n\n<p class=\"has-text-align-center\">**********<\/p>\n\n\n<div class=\"wp-block-image\">\n<figure class=\"alignright size-large is-resized\"><img decoding=\"async\" src=\"https:\/\/swissbaker.ch\/wp-content\/uploads\/2022\/11\/patiswiss_2021_stefan_geller-1024x683.jpg\" alt=\"\" class=\"wp-image-52609\" width=\"256\" height=\"215\"\/><figcaption><em>Stefan Geller, CEO, Patiswiss<\/em><\/figcaption><\/figure>\n<\/div>\n\n\n<p><strong>Stefan Geller, pourquoi \u00eates-vous membre du club des sponsors ?<\/strong><br>Gr\u00e2ce \u00e0 notre contribution, nous permettons \u00e0 de jeunes professionnels du secteur de la boulangerie-confiserie suisse de participer \u00e0 des concours professionnels, et ainsi d\u2019obtenir des comp\u00e9tences techniques et de premiers succ\u00e8s professionnels importants pour un d\u00e9but de carri\u00e8re r\u00e9ussi.<\/p>\n\n\n\n<p><strong>Quel bilan tirez-vous des SwissSkills et des WorldSkills 2022 ?<\/strong><br>Malgr\u00e9 une organisation d\u00e9centralis\u00e9e, les championnats des m\u00e9tiers qui se sont d\u00e9roul\u00e9s \u00e0 domicile ont \u00e9t\u00e9 un v\u00e9ritable succ\u00e8s. Nous f\u00e9licitons chaleureusement Juliana Th\u00f6ny (m\u00e9daill\u00e9e d\u2019or) et Vera Stocker (m\u00e9daill\u00e9e de bronze) pour leurs performances magistrales.<\/p>\n\n\n\n<p class=\"has-text-align-center\">**********<\/p>\n\n\n<div class=\"wp-block-image\">\n<figure class=\"alignleft size-large is-resized\"><img decoding=\"async\" src=\"https:\/\/swissbaker.ch\/wp-content\/uploads\/2022\/11\/patrick-lobsiger_pistor-ceo-1024x683.jpg\" alt=\"\" class=\"wp-image-52614\" width=\"256\" height=\"250\"\/><figcaption><em>Patrick Lobsiger, CEO, Pistor AG<\/em><\/figcaption><\/figure>\n<\/div>\n\n\n<p><strong>Patrick Lobsiger, pourquoi \u00eates-vous membre du club des sponsors ?<\/strong><br>Les SwissSkills sont un \u00e9v\u00e9nement important pour pr\u00e9senter le haut niveau de performance des professionnels form\u00e9s en Suisse. Nous sommes fiers de faire partie du club des sponsors parce que le syst\u00e8me de formation dual de la Suisse nous tient \u00e0 c\u0153ur, et parce que nous tenons \u00e0 soutenir le secteur de la BCS en mati\u00e8re de ressources humaines. Les SwissSkills per-mettent par ailleurs au secteur de se positionner comme un employeur attractif, pour les jeunes notamment.<\/p>\n\n\n\n<p><strong>Quel bilan tirez-vous des SwissSkills et des WorldSkills 2022 ?<\/strong><br>Ces manifestations tr\u00e8s r\u00e9ussies et tr\u00e8s bien organis\u00e9es ont offert aux jeunes une plate-forme de sensibilisation du public et de publicit\u00e9 pour nos nombreux m\u00e9tiers d\u2019apprentissage. Les employeurs ont \u00e9galement montr\u00e9 un grand int\u00e9r\u00eat. La BCS et l\u2019Ecole professionnelle Richemont ont pris l\u2019excellente d\u00e9cision d\u2019organiser les WorldSkills en Suisse suite \u00e0 l\u2019annulation \u00e0 Shanghai. Chapeau bas pour tant d\u2019engagement et de passion ! C\u2019est avec plaisir que nous continuerons \u00e0 soutenir ces \u00e9v\u00e9nements \u00e0 l\u2019avenir.<\/p>\n\n\n\n<p class=\"has-text-align-right\">Interviews: Claudia Vernocchi<\/p>\n\n\n\n<p>Plus d&#8217;informations sur le <a href=\"https:\/\/swissbaker.ch\/fr\/releve\/club-des-sponsors\/\" target=\"_blank\" rel=\"noreferrer noopener\">club des sponsors<\/a><\/p>\n","protected":false},"excerpt":{"rendered":"<p>Les deux candidates suisses aux WorldSkills ont eu beaucoup de succ\u00e8s. Juliana Th\u00f6ny a d\u00e9croch\u00e9 l\u2019or et Vera Stocker le bronze. Une raison suffisante pour \u00ab Panissimo \u00bb de r\u00e9interviewer ces deux professionnelles. En outre, \u00ab Panissimo \u00bb a \u00e9galement voulu savoir comment l\u2019\u00e9v\u00e9nement avait \u00e9t\u00e9 v\u00e9cu et jug\u00e9 par les repr\u00e9sentants des trois sponsors principaux. Juliana Th\u00f6ny, que ressentez-vous [&hellip;]<\/p>\n","protected":false},"author":4,"featured_media":51279,"comment_status":"closed","ping_status":"closed","sticky":true,"template":"","format":"standard","meta":{"_acf_changed":false,"footnotes":""},"categories":[43],"tags":[],"class_list":["post-52622","post","type-post","status-publish","format-standard","has-post-thumbnail","hentry","category-concours"],"acf":[],"yoast_head":"<!-- This site is optimized with the Yoast SEO Premium plugin v26.8 (Yoast SEO v26.8) - https:\/\/yoast.com\/product\/yoast-seo-premium-wordpress\/ -->\n<title>R\u00e9trospective des WorldSkills 2022 | SBC<\/title>\n<meta name=\"description\" content=\"Panissimo a interrog\u00e9 les deux m\u00e9daill\u00e9es ainsi que les repr\u00e9sentants des trois sponsors principaux sur les WorldSkills 2022.\" \/>\n<meta name=\"robots\" content=\"index, follow, max-snippet:-1, max-image-preview:large, max-video-preview:-1\" \/>\n<link rel=\"canonical\" href=\"https:\/\/swissbaker.ch\/fr\/panissimo-news\/retrospective-des-worldskills-2022\/\" \/>\n<meta property=\"og:locale\" content=\"fr_FR\" \/>\n<meta property=\"og:type\" content=\"article\" \/>\n<meta property=\"og:title\" content=\"R\u00e9trospective des WorldSkills 2022\" \/>\n<meta property=\"og:description\" content=\"Panissimo a interrog\u00e9 les deux m\u00e9daill\u00e9es ainsi que les repr\u00e9sentants des trois sponsors principaux sur les WorldSkills 2022.\" \/>\n<meta property=\"og:url\" content=\"https:\/\/swissbaker.ch\/fr\/panissimo-news\/retrospective-des-worldskills-2022\/\" \/>\n<meta property=\"og:site_name\" content=\"SBC\" \/>\n<meta property=\"article:publisher\" content=\"https:\/\/www.facebook.com\/swissbaker.ch\" \/>\n<meta property=\"article:published_time\" content=\"2022-11-10T09:17:29+00:00\" \/>\n<meta property=\"article:modified_time\" content=\"2023-01-24T09:46:18+00:00\" \/>\n<meta property=\"og:image\" content=\"https:\/\/swissbaker.ch\/wp-content\/uploads\/2022\/10\/19_2_worldskills_2022_stocker_weber.jpg\" \/>\n\t<meta property=\"og:image:width\" content=\"1200\" \/>\n\t<meta property=\"og:image:height\" content=\"712\" \/>\n\t<meta property=\"og:image:type\" content=\"image\/jpeg\" \/>\n<meta name=\"author\" content=\"Elina Laich\" \/>\n<meta name=\"twitter:card\" content=\"summary_large_image\" \/>\n<meta name=\"twitter:creator\" content=\"@ch_swissbaker\" \/>\n<meta name=\"twitter:site\" content=\"@ch_swissbaker\" \/>\n<meta name=\"twitter:label1\" content=\"Written by\" \/>\n\t<meta name=\"twitter:data1\" content=\"Elina Laich\" \/>\n\t<meta name=\"twitter:label2\" content=\"Est. reading time\" \/>\n\t<meta name=\"twitter:data2\" content=\"6 minutes\" \/>\n<script type=\"application\/ld+json\" class=\"yoast-schema-graph\">{\"@context\":\"https:\/\/schema.org\",\"@graph\":[{\"@type\":\"Article\",\"@id\":\"https:\/\/swissbaker.ch\/fr\/panissimo-news\/retrospective-des-worldskills-2022\/#article\",\"isPartOf\":{\"@id\":\"https:\/\/swissbaker.ch\/fr\/panissimo-news\/retrospective-des-worldskills-2022\/\"},\"author\":{\"name\":\"Elina Laich\",\"@id\":\"https:\/\/swissbaker.ch\/fr\/#\/schema\/person\/0c7464407782a0917d6e91a74206a176\"},\"headline\":\"R\u00e9trospective des WorldSkills 2022\",\"datePublished\":\"2022-11-10T09:17:29+00:00\",\"dateModified\":\"2023-01-24T09:46:18+00:00\",\"mainEntityOfPage\":{\"@id\":\"https:\/\/swissbaker.ch\/fr\/panissimo-news\/retrospective-des-worldskills-2022\/\"},\"wordCount\":924,\"publisher\":{\"@id\":\"https:\/\/swissbaker.ch\/fr\/#organization\"},\"image\":{\"@id\":\"https:\/\/swissbaker.ch\/fr\/panissimo-news\/retrospective-des-worldskills-2022\/#primaryimage\"},\"thumbnailUrl\":\"https:\/\/swissbaker.ch\/wp-content\/uploads\/2022\/10\/19_2_worldskills_2022_stocker_weber.jpg\",\"articleSection\":[\"Concours\"],\"inLanguage\":\"fr-FR\"},{\"@type\":\"WebPage\",\"@id\":\"https:\/\/swissbaker.ch\/fr\/panissimo-news\/retrospective-des-worldskills-2022\/\",\"url\":\"https:\/\/swissbaker.ch\/fr\/panissimo-news\/retrospective-des-worldskills-2022\/\",\"name\":\"R\u00e9trospective des WorldSkills 2022 | SBC\",\"isPartOf\":{\"@id\":\"https:\/\/swissbaker.ch\/fr\/#website\"},\"primaryImageOfPage\":{\"@id\":\"https:\/\/swissbaker.ch\/fr\/panissimo-news\/retrospective-des-worldskills-2022\/#primaryimage\"},\"image\":{\"@id\":\"https:\/\/swissbaker.ch\/fr\/panissimo-news\/retrospective-des-worldskills-2022\/#primaryimage\"},\"thumbnailUrl\":\"https:\/\/swissbaker.ch\/wp-content\/uploads\/2022\/10\/19_2_worldskills_2022_stocker_weber.jpg\",\"datePublished\":\"2022-11-10T09:17:29+00:00\",\"dateModified\":\"2023-01-24T09:46:18+00:00\",\"description\":\"Panissimo a interrog\u00e9 les deux m\u00e9daill\u00e9es ainsi que les repr\u00e9sentants des trois sponsors principaux sur les WorldSkills 2022.\",\"breadcrumb\":{\"@id\":\"https:\/\/swissbaker.ch\/fr\/panissimo-news\/retrospective-des-worldskills-2022\/#breadcrumb\"},\"inLanguage\":\"fr-FR\",\"potentialAction\":[{\"@type\":\"ReadAction\",\"target\":[\"https:\/\/swissbaker.ch\/fr\/panissimo-news\/retrospective-des-worldskills-2022\/\"]}]},{\"@type\":\"ImageObject\",\"inLanguage\":\"fr-FR\",\"@id\":\"https:\/\/swissbaker.ch\/fr\/panissimo-news\/retrospective-des-worldskills-2022\/#primaryimage\",\"url\":\"https:\/\/swissbaker.ch\/wp-content\/uploads\/2022\/10\/19_2_worldskills_2022_stocker_weber.jpg\",\"contentUrl\":\"https:\/\/swissbaker.ch\/wp-content\/uploads\/2022\/10\/19_2_worldskills_2022_stocker_weber.jpg\",\"width\":1200,\"height\":712},{\"@type\":\"BreadcrumbList\",\"@id\":\"https:\/\/swissbaker.ch\/fr\/panissimo-news\/retrospective-des-worldskills-2022\/#breadcrumb\",\"itemListElement\":[{\"@type\":\"ListItem\",\"position\":1,\"name\":\"\",\"item\":\"https:\/\/swissbaker.ch\/fr\/\"},{\"@type\":\"ListItem\",\"position\":2,\"name\":\"Concours\",\"item\":\"https:\/\/swissbaker.ch\/fr\/panissimo-news\/category\/concours\/\"},{\"@type\":\"ListItem\",\"position\":3,\"name\":\"R\u00e9trospective des WorldSkills 2022\"}]},{\"@type\":\"WebSite\",\"@id\":\"https:\/\/swissbaker.ch\/fr\/#website\",\"url\":\"https:\/\/swissbaker.ch\/fr\/\",\"name\":\"SBC\",\"description\":\"\",\"publisher\":{\"@id\":\"https:\/\/swissbaker.ch\/fr\/#organization\"},\"potentialAction\":[{\"@type\":\"SearchAction\",\"target\":{\"@type\":\"EntryPoint\",\"urlTemplate\":\"https:\/\/swissbaker.ch\/fr\/?s={search_term_string}\"},\"query-input\":{\"@type\":\"PropertyValueSpecification\",\"valueRequired\":true,\"valueName\":\"search_term_string\"}}],\"inLanguage\":\"fr-FR\"},{\"@type\":\"Organization\",\"@id\":\"https:\/\/swissbaker.ch\/fr\/#organization\",\"name\":\"Schweizerischer B\u00e4cker-Confiseurmeister-Verband\",\"url\":\"https:\/\/swissbaker.ch\/fr\/\",\"logo\":{\"@type\":\"ImageObject\",\"inLanguage\":\"fr-FR\",\"@id\":\"https:\/\/swissbaker.ch\/fr\/#\/schema\/logo\/image\/\",\"url\":\"https:\/\/swissbaker.ch\/wp-content\/uploads\/2022\/04\/sbc-logo-yoast.jpg\",\"contentUrl\":\"https:\/\/swissbaker.ch\/wp-content\/uploads\/2022\/04\/sbc-logo-yoast.jpg\",\"width\":512,\"height\":512,\"caption\":\"Schweizerischer B\u00e4cker-Confiseurmeister-Verband\"},\"image\":{\"@id\":\"https:\/\/swissbaker.ch\/fr\/#\/schema\/logo\/image\/\"},\"sameAs\":[\"https:\/\/www.facebook.com\/swissbaker.ch\",\"https:\/\/x.com\/ch_swissbaker\"]},{\"@type\":\"Person\",\"@id\":\"https:\/\/swissbaker.ch\/fr\/#\/schema\/person\/0c7464407782a0917d6e91a74206a176\",\"name\":\"Elina Laich\",\"image\":{\"@type\":\"ImageObject\",\"inLanguage\":\"fr-FR\",\"@id\":\"https:\/\/swissbaker.ch\/fr\/#\/schema\/person\/image\/\",\"url\":\"https:\/\/secure.gravatar.com\/avatar\/f942ca5f8668781d3ded9592a21de46001e053aff264ff1c6deb97b59d3604b2?s=96&d=mm&r=g\",\"contentUrl\":\"https:\/\/secure.gravatar.com\/avatar\/f942ca5f8668781d3ded9592a21de46001e053aff264ff1c6deb97b59d3604b2?s=96&d=mm&r=g\",\"caption\":\"Elina Laich\"},\"url\":\"https:\/\/swissbaker.ch\/fr\/panissimo-news\/author\/elina-laich\/\"}]}<\/script>\n<!-- \/ Yoast SEO Premium plugin. -->","yoast_head_json":{"title":"R\u00e9trospective des WorldSkills 2022 | SBC","description":"Panissimo a interrog\u00e9 les deux m\u00e9daill\u00e9es ainsi que les repr\u00e9sentants des trois sponsors principaux sur les WorldSkills 2022.","robots":{"index":"index","follow":"follow","max-snippet":"max-snippet:-1","max-image-preview":"max-image-preview:large","max-video-preview":"max-video-preview:-1"},"canonical":"https:\/\/swissbaker.ch\/fr\/panissimo-news\/retrospective-des-worldskills-2022\/","og_locale":"fr_FR","og_type":"article","og_title":"R\u00e9trospective des WorldSkills 2022","og_description":"Panissimo a interrog\u00e9 les deux m\u00e9daill\u00e9es ainsi que les repr\u00e9sentants des trois sponsors principaux sur les WorldSkills 2022.","og_url":"https:\/\/swissbaker.ch\/fr\/panissimo-news\/retrospective-des-worldskills-2022\/","og_site_name":"SBC","article_publisher":"https:\/\/www.facebook.com\/swissbaker.ch","article_published_time":"2022-11-10T09:17:29+00:00","article_modified_time":"2023-01-24T09:46:18+00:00","og_image":[{"width":1200,"height":712,"url":"https:\/\/swissbaker.ch\/wp-content\/uploads\/2022\/10\/19_2_worldskills_2022_stocker_weber.jpg","type":"image\/jpeg"}],"author":"Elina Laich","twitter_card":"summary_large_image","twitter_creator":"@ch_swissbaker","twitter_site":"@ch_swissbaker","twitter_misc":{"Written by":"Elina Laich","Est. reading time":"6 minutes"},"schema":{"@context":"https:\/\/schema.org","@graph":[{"@type":"Article","@id":"https:\/\/swissbaker.ch\/fr\/panissimo-news\/retrospective-des-worldskills-2022\/#article","isPartOf":{"@id":"https:\/\/swissbaker.ch\/fr\/panissimo-news\/retrospective-des-worldskills-2022\/"},"author":{"name":"Elina Laich","@id":"https:\/\/swissbaker.ch\/fr\/#\/schema\/person\/0c7464407782a0917d6e91a74206a176"},"headline":"R\u00e9trospective des WorldSkills 2022","datePublished":"2022-11-10T09:17:29+00:00","dateModified":"2023-01-24T09:46:18+00:00","mainEntityOfPage":{"@id":"https:\/\/swissbaker.ch\/fr\/panissimo-news\/retrospective-des-worldskills-2022\/"},"wordCount":924,"publisher":{"@id":"https:\/\/swissbaker.ch\/fr\/#organization"},"image":{"@id":"https:\/\/swissbaker.ch\/fr\/panissimo-news\/retrospective-des-worldskills-2022\/#primaryimage"},"thumbnailUrl":"https:\/\/swissbaker.ch\/wp-content\/uploads\/2022\/10\/19_2_worldskills_2022_stocker_weber.jpg","articleSection":["Concours"],"inLanguage":"fr-FR"},{"@type":"WebPage","@id":"https:\/\/swissbaker.ch\/fr\/panissimo-news\/retrospective-des-worldskills-2022\/","url":"https:\/\/swissbaker.ch\/fr\/panissimo-news\/retrospective-des-worldskills-2022\/","name":"R\u00e9trospective des WorldSkills 2022 | SBC","isPartOf":{"@id":"https:\/\/swissbaker.ch\/fr\/#website"},"primaryImageOfPage":{"@id":"https:\/\/swissbaker.ch\/fr\/panissimo-news\/retrospective-des-worldskills-2022\/#primaryimage"},"image":{"@id":"https:\/\/swissbaker.ch\/fr\/panissimo-news\/retrospective-des-worldskills-2022\/#primaryimage"},"thumbnailUrl":"https:\/\/swissbaker.ch\/wp-content\/uploads\/2022\/10\/19_2_worldskills_2022_stocker_weber.jpg","datePublished":"2022-11-10T09:17:29+00:00","dateModified":"2023-01-24T09:46:18+00:00","description":"Panissimo a interrog\u00e9 les deux m\u00e9daill\u00e9es ainsi que les repr\u00e9sentants des trois sponsors principaux sur les WorldSkills 2022.","breadcrumb":{"@id":"https:\/\/swissbaker.ch\/fr\/panissimo-news\/retrospective-des-worldskills-2022\/#breadcrumb"},"inLanguage":"fr-FR","potentialAction":[{"@type":"ReadAction","target":["https:\/\/swissbaker.ch\/fr\/panissimo-news\/retrospective-des-worldskills-2022\/"]}]},{"@type":"ImageObject","inLanguage":"fr-FR","@id":"https:\/\/swissbaker.ch\/fr\/panissimo-news\/retrospective-des-worldskills-2022\/#primaryimage","url":"https:\/\/swissbaker.ch\/wp-content\/uploads\/2022\/10\/19_2_worldskills_2022_stocker_weber.jpg","contentUrl":"https:\/\/swissbaker.ch\/wp-content\/uploads\/2022\/10\/19_2_worldskills_2022_stocker_weber.jpg","width":1200,"height":712},{"@type":"BreadcrumbList","@id":"https:\/\/swissbaker.ch\/fr\/panissimo-news\/retrospective-des-worldskills-2022\/#breadcrumb","itemListElement":[{"@type":"ListItem","position":1,"name":"","item":"https:\/\/swissbaker.ch\/fr\/"},{"@type":"ListItem","position":2,"name":"Concours","item":"https:\/\/swissbaker.ch\/fr\/panissimo-news\/category\/concours\/"},{"@type":"ListItem","position":3,"name":"R\u00e9trospective des WorldSkills 2022"}]},{"@type":"WebSite","@id":"https:\/\/swissbaker.ch\/fr\/#website","url":"https:\/\/swissbaker.ch\/fr\/","name":"SBC","description":"","publisher":{"@id":"https:\/\/swissbaker.ch\/fr\/#organization"},"potentialAction":[{"@type":"SearchAction","target":{"@type":"EntryPoint","urlTemplate":"https:\/\/swissbaker.ch\/fr\/?s={search_term_string}"},"query-input":{"@type":"PropertyValueSpecification","valueRequired":true,"valueName":"search_term_string"}}],"inLanguage":"fr-FR"},{"@type":"Organization","@id":"https:\/\/swissbaker.ch\/fr\/#organization","name":"Schweizerischer B\u00e4cker-Confiseurmeister-Verband","url":"https:\/\/swissbaker.ch\/fr\/","logo":{"@type":"ImageObject","inLanguage":"fr-FR","@id":"https:\/\/swissbaker.ch\/fr\/#\/schema\/logo\/image\/","url":"https:\/\/swissbaker.ch\/wp-content\/uploads\/2022\/04\/sbc-logo-yoast.jpg","contentUrl":"https:\/\/swissbaker.ch\/wp-content\/uploads\/2022\/04\/sbc-logo-yoast.jpg","width":512,"height":512,"caption":"Schweizerischer B\u00e4cker-Confiseurmeister-Verband"},"image":{"@id":"https:\/\/swissbaker.ch\/fr\/#\/schema\/logo\/image\/"},"sameAs":["https:\/\/www.facebook.com\/swissbaker.ch","https:\/\/x.com\/ch_swissbaker"]},{"@type":"Person","@id":"https:\/\/swissbaker.ch\/fr\/#\/schema\/person\/0c7464407782a0917d6e91a74206a176","name":"Elina Laich","image":{"@type":"ImageObject","inLanguage":"fr-FR","@id":"https:\/\/swissbaker.ch\/fr\/#\/schema\/person\/image\/","url":"https:\/\/secure.gravatar.com\/avatar\/f942ca5f8668781d3ded9592a21de46001e053aff264ff1c6deb97b59d3604b2?s=96&d=mm&r=g","contentUrl":"https:\/\/secure.gravatar.com\/avatar\/f942ca5f8668781d3ded9592a21de46001e053aff264ff1c6deb97b59d3604b2?s=96&d=mm&r=g","caption":"Elina Laich"},"url":"https:\/\/swissbaker.ch\/fr\/panissimo-news\/author\/elina-laich\/"}]}},"_links":{"self":[{"href":"https:\/\/swissbaker.ch\/fr\/wp-json\/wp\/v2\/posts\/52622","targetHints":{"allow":["GET"]}}],"collection":[{"href":"https:\/\/swissbaker.ch\/fr\/wp-json\/wp\/v2\/posts"}],"about":[{"href":"https:\/\/swissbaker.ch\/fr\/wp-json\/wp\/v2\/types\/post"}],"author":[{"embeddable":true,"href":"https:\/\/swissbaker.ch\/fr\/wp-json\/wp\/v2\/users\/4"}],"replies":[{"embeddable":true,"href":"https:\/\/swissbaker.ch\/fr\/wp-json\/wp\/v2\/comments?post=52622"}],"version-history":[{"count":0,"href":"https:\/\/swissbaker.ch\/fr\/wp-json\/wp\/v2\/posts\/52622\/revisions"}],"wp:featuredmedia":[{"embeddable":true,"href":"https:\/\/swissbaker.ch\/fr\/wp-json\/wp\/v2\/media\/51279"}],"wp:attachment":[{"href":"https:\/\/swissbaker.ch\/fr\/wp-json\/wp\/v2\/media?parent=52622"}],"wp:term":[{"taxonomy":"category","embeddable":true,"href":"https:\/\/swissbaker.ch\/fr\/wp-json\/wp\/v2\/categories?post=52622"},{"taxonomy":"post_tag","embeddable":true,"href":"https:\/\/swissbaker.ch\/fr\/wp-json\/wp\/v2\/tags?post=52622"}],"curies":[{"name":"wp","href":"https:\/\/api.w.org\/{rel}","templated":true}]}}