{"id":52569,"date":"2022-11-09T15:26:58","date_gmt":"2022-11-09T14:26:58","guid":{"rendered":"https:\/\/swissbaker.ch\/?p=52569"},"modified":"2023-01-24T10:46:26","modified_gmt":"2023-01-24T09:46:26","slug":"initiative-sur-les-dedommagements-semaine-de-recolte","status":"publish","type":"post","link":"https:\/\/swissbaker.ch\/fr\/panissimo-news\/initiative-sur-les-dedommagements-semaine-de-recolte\/","title":{"rendered":"<strong>Initiative sur les d\u00e9dommagements : semaine de r\u00e9colte<\/strong>"},"content":{"rendered":"\n<p><strong>Les initiateurs de l&#8217;initiative sur les d\u00e9dommagements, dont l&#8217;Association suisse des patrons boulangers-confiseurs (BCS), organisent une semaine de r\u00e9colte de signatures du 21 au 27 novembre. Les membres de la BCS sont appel\u00e9s \u00e0 soutenir activement cette action et \u00e0 r\u00e9colter le plus grand nombre de signatures dans leur entourage familial, aupr\u00e8s de leurs amis, de leurs collaborateurs et de leur client\u00e8le.<\/strong><\/p>\n\n\n\n<p>\u00ab\u00a0Nous sommes conscients que cette semaine de r\u00e9colte a lieu \u00e0 une p\u00e9riode tr\u00e8s charg\u00e9e pour notre secteur\u00a0\u00bb, explique Urs Wellauer-Boschung, directeur de la BCS. Mais apr\u00e8s un d\u00e9marrage quelque peu difficile, les choses s\u2019acc\u00e9l\u00e8rent\u00a0; et les responsables veulent en profiter. \u00ab\u00a0Peut-\u00eatre trouverez-vous un cr\u00e9neau pour vous consacrer \u00e0 cette cause importante en faveur des PME en r\u00e9coltant des signatures dans votre environnement priv\u00e9 et professionnel.\u00a0\u00bb<\/p>\n\n\n\n<h2 class=\"wp-block-heading\" id=\"h-assurer-l-existence-des-pme\"><strong>Assurer l&#8217;existence des PME<\/strong><\/h2>\n\n\n\n<p>L\u2019initiative sur les d\u00e9dommagements veut prot\u00e9ger les PMEL\u2019initiative populaire \u00abPour des d\u00e9dommagements r\u00e9glement\u00e9s en cas d\u2019\u00e9pid\u00e9mie\u00bb a \u00e9t\u00e9 lanc\u00e9e hier. L\u2019objectif de l\u2019initiative est d\u2019assurer autant que possible l\u2019existence des PME affect\u00e9es en cas de future pand\u00e9mie.Cet objectif b\u00e9n\u00e9ficie d\u2019un large soutien. Le comit\u00e9 d\u2019initiative compte des parlementaires de gauche comme de droite, ainsi que 13 repr\u00e9sentants de secteurs \u00e9conomiques divers, dont les boulangers-confiseurs suisses avec le pr\u00e9sident de la BCS Silvan Hotz. Ce dernier appelle les membres du secteur \u00e0 soutenir activement cette initiative et \u00e0 r\u00e9colter des signatures. Une r\u00e9glementation en amont des d\u00e9dommagements vise \u00e0 \u00e9viter des retards inutiles en cas de future \u00e9pid\u00e9mie. Il est \u00e0 craindre que les entreprises ne puissent pas ou pas suffisamment s\u2019assurer contre les risques \u00e0 l\u2019avenir.<\/p>\n\n\n\n<h2 class=\"wp-block-heading\" id=\"h-eviter-les-inegalites-de-traitement-et-les-retards\">Eviter les in\u00e9galit\u00e9s de traitement et les retards<\/h2>\n\n\n\n<p>Lors d\u2019une prochaine pand\u00e9mie, les entreprises, les ind\u00e9pendants et les employ\u00e9s concern\u00e9s doivent \u00eatre d\u00e9dommag\u00e9s financi\u00e8rement lorsqu\u2019ils sont affect\u00e9s de mani\u00e8re significative sur le plan \u00e9conomique par une mesure \u00e9dict\u00e9e par les autorit\u00e9s. Si, pendant la pand\u00e9mie de COVID-19, la Conf\u00e9d\u00e9ration et les cantons ont proc\u00e9d\u00e9 \u00e0 des indemnisations, celles-ci ont toutefois \u00e9t\u00e9 vers\u00e9es avec du retard, gr\u00e2ce \u00e0 la loi COVID-19, une loi improvis\u00e9e qui visait \u00e0 combler provisoirement les lacunes de la loi sur les \u00e9pid\u00e9mies. L\u2019initiative sur les d\u00e9dommagements assure une r\u00e9glementation avant la prochaine \u00e9pid\u00e9mie et \u00e9vite ainsi des retards en cas de crise.<\/p>\n\n\n\n<h2 class=\"wp-block-heading\" id=\"h-une-aide-ciblee\">Une aide cibl\u00e9e<\/h2>\n\n\n\n<p>La formulation de l\u2019initiative sur les d\u00e9dommagements assure l\u2019exclusion des surindemnisations. Elle se concentre sur la conservation de la capacit\u00e9 de survie, aussi longtemps que l\u2019Etat emp\u00eache une exploitation qui couvre les co\u00fbts pendant une \u00e9pid\u00e9mie. Seuls les co\u00fbts non couverts et la perte de gain seront d\u00e9dommag\u00e9s. \u00abPersonne ne sait quand le prochain virus dangereux circulera. Mais la Suisse doit se pr\u00e9parer du mieux possible \u00e0 une telle \u00e9ventualit\u00e9. L\u2019initiative sur les d\u00e9dommagements assure que les le\u00e7ons de la COVID-19 sont bien tir\u00e9es\u00bb, a r\u00e9sum\u00e9 Christoph Kamber, pr\u00e9sident d\u2019EXPO EVENT, lors de la conf\u00e9rence de presse du comit\u00e9 d\u2019initiative.<\/p>\n\n\n\n<h2 class=\"wp-block-heading\" id=\"h-motion-deposee\">Motion d\u00e9pos\u00e9e<\/h2>\n\n\n\n<p>Malgr\u00e9 l\u2019existence d\u2019une large alliance interpartis, rien ne garantit que le Parlement aura tir\u00e9 les conclusions qui s\u2019imposent lors de la r\u00e9vision de la loi sur les \u00e9pid\u00e9mies. L\u2019initiative sur les d\u00e9dommagements fournit l\u2019impulsion n\u00e9cessaire pour cela.<\/p>\n\n\n\n<p>La Commissions des institutions politiques du Conseil national a d\u00e9pos\u00e9 le 27 janvier une motion demandant de compl\u00e9ter la loi sur les \u00e9pid\u00e9mies, visant \u00e0 ce que les personnes et les entreprises qui doivent cesser ou restreindre leur activit\u00e9 sur ordre des autorit\u00e9s puissent \u00eatre indemnis\u00e9es. La BCS et les membres de l\u2019association de l\u2019initiative saluent cette intervention, qui doit encore \u00eatre examin\u00e9e par le Conseil des Etats. \u00abIl faut toutefois augmenter la pression sur le Parlement avec l\u2019initiative. Il est important de r\u00e9colter les signatures n\u00e9cessaires. Le comit\u00e9 d\u2019initiative pourra se prononcer le moment venu sur un \u00e9ventuel contre-projet du Conseil f\u00e9d\u00e9ral\u00bb, a souligne Urs Wellauer, directeur de la BCS.<\/p>\n\n\n\n<h2 class=\"wp-block-heading\">L\u2019association de l\u2019initiative<\/h2>\n\n\n\n<p>L\u2019Association suisse des patrons boulangers-confiseurs (BCS) fait \u00e9galement partie de l\u2019association de l\u2019initiative <strong>\u00abPour des d\u00e9dommagements r\u00e9glement\u00e9s en cas d\u2019\u00e9pid\u00e9mie<\/strong>\u00bb, avec son directeur Urs Wellauer, \u00e0 l\u2019instar de l\u2019Union suisse des arts et m\u00e9tiers usam, EXPO EVENT, Suisseculture, Allpura, CafetierSuisse, coiffureSUISSE, GastroSuisse, la Guilde suisse des Restaurateurs-Cuisiniers, HANDELSVERBAND.swiss, la Commission suisse bar et club (CSBC), la F\u00e9d\u00e9ration Suisse des Centres Fitness et de Sant\u00e9 (FSCFS), SwissDrink.<\/p>\n\n\n\n<p>BCS<\/p>\n\n\n\n<p><a href=\"https:\/\/dedommagements-oui.ch\/materiel\/\" target=\"_blank\" rel=\"noreferrer noopener\">dedommagements-oui.ch\/materiel\/<\/a><\/p>\n","protected":false},"excerpt":{"rendered":"<p>Les initiateurs de l&#8217;initiative sur les d\u00e9dommagements, dont l&#8217;Association suisse des patrons boulangers-confiseurs (BCS), organisent une semaine de r\u00e9colte de signatures du 21 au 27 novembre. Les membres de la BCS sont appel\u00e9s \u00e0 soutenir activement cette action et \u00e0 r\u00e9colter le plus grand nombre de signatures dans leur entourage familial, aupr\u00e8s de leurs amis, de leurs collaborateurs et de [&hellip;]<\/p>\n","protected":false},"author":4,"featured_media":52562,"comment_status":"closed","ping_status":"closed","sticky":true,"template":"","format":"standard","meta":{"_acf_changed":false,"footnotes":""},"categories":[41,39],"tags":[],"class_list":["post-52569","post","type-post","status-publish","format-standard","has-post-thumbnail","hentry","category-association","category-de-la-branche"],"acf":[],"yoast_head":"<!-- This site is optimized with the Yoast SEO Premium plugin v26.8 (Yoast SEO v26.8) - https:\/\/yoast.com\/product\/yoast-seo-premium-wordpress\/ -->\n<title>Initiative sur les d\u00e9dommagements : semaine de r\u00e9colte | SBC<\/title>\n<meta name=\"description\" content=\"Les initiateurs de l&#039;initiative sur les d\u00e9dommagements organisent une semaine de r\u00e9colte de signatures du 21 au 27 novembre.\" \/>\n<meta name=\"robots\" content=\"index, follow, max-snippet:-1, max-image-preview:large, max-video-preview:-1\" \/>\n<link rel=\"canonical\" href=\"https:\/\/swissbaker.ch\/fr\/panissimo-news\/initiative-sur-les-dedommagements-semaine-de-recolte\/\" \/>\n<meta property=\"og:locale\" content=\"fr_FR\" \/>\n<meta property=\"og:type\" content=\"article\" \/>\n<meta property=\"og:title\" content=\"Initiative sur les d\u00e9dommagements : semaine de r\u00e9colte\" \/>\n<meta property=\"og:description\" content=\"Les initiateurs de l&#039;initiative sur les d\u00e9dommagements organisent une semaine de r\u00e9colte de signatures du 21 au 27 novembre.\" \/>\n<meta property=\"og:url\" content=\"https:\/\/swissbaker.ch\/fr\/panissimo-news\/initiative-sur-les-dedommagements-semaine-de-recolte\/\" \/>\n<meta property=\"og:site_name\" content=\"SBC\" \/>\n<meta property=\"article:publisher\" content=\"https:\/\/www.facebook.com\/swissbaker.ch\" \/>\n<meta property=\"article:published_time\" content=\"2022-11-09T14:26:58+00:00\" \/>\n<meta property=\"article:modified_time\" content=\"2023-01-24T09:46:26+00:00\" \/>\n<meta property=\"og:image\" content=\"https:\/\/swissbaker.ch\/wp-content\/uploads\/2022\/11\/21_1_entschaedigungsinitiative_f.jpg\" \/>\n\t<meta property=\"og:image:width\" content=\"1200\" \/>\n\t<meta property=\"og:image:height\" content=\"712\" \/>\n\t<meta property=\"og:image:type\" content=\"image\/jpeg\" \/>\n<meta name=\"author\" content=\"Elina Laich\" \/>\n<meta name=\"twitter:card\" content=\"summary_large_image\" \/>\n<meta name=\"twitter:creator\" content=\"@ch_swissbaker\" \/>\n<meta name=\"twitter:site\" content=\"@ch_swissbaker\" \/>\n<meta name=\"twitter:label1\" content=\"Written by\" \/>\n\t<meta name=\"twitter:data1\" content=\"Elina Laich\" \/>\n\t<meta name=\"twitter:label2\" content=\"Est. reading time\" \/>\n\t<meta name=\"twitter:data2\" content=\"4 minutes\" \/>\n<script type=\"application\/ld+json\" class=\"yoast-schema-graph\">{\"@context\":\"https:\/\/schema.org\",\"@graph\":[{\"@type\":\"Article\",\"@id\":\"https:\/\/swissbaker.ch\/fr\/panissimo-news\/initiative-sur-les-dedommagements-semaine-de-recolte\/#article\",\"isPartOf\":{\"@id\":\"https:\/\/swissbaker.ch\/fr\/panissimo-news\/initiative-sur-les-dedommagements-semaine-de-recolte\/\"},\"author\":{\"name\":\"Elina Laich\",\"@id\":\"https:\/\/swissbaker.ch\/fr\/#\/schema\/person\/0c7464407782a0917d6e91a74206a176\"},\"headline\":\"Initiative sur les d\u00e9dommagements : semaine de r\u00e9colte\",\"datePublished\":\"2022-11-09T14:26:58+00:00\",\"dateModified\":\"2023-01-24T09:46:26+00:00\",\"mainEntityOfPage\":{\"@id\":\"https:\/\/swissbaker.ch\/fr\/panissimo-news\/initiative-sur-les-dedommagements-semaine-de-recolte\/\"},\"wordCount\":819,\"publisher\":{\"@id\":\"https:\/\/swissbaker.ch\/fr\/#organization\"},\"image\":{\"@id\":\"https:\/\/swissbaker.ch\/fr\/panissimo-news\/initiative-sur-les-dedommagements-semaine-de-recolte\/#primaryimage\"},\"thumbnailUrl\":\"https:\/\/swissbaker.ch\/wp-content\/uploads\/2022\/11\/21_1_entschaedigungsinitiative_f.jpg\",\"articleSection\":[\"Association\",\"De la branche\"],\"inLanguage\":\"fr-FR\"},{\"@type\":\"WebPage\",\"@id\":\"https:\/\/swissbaker.ch\/fr\/panissimo-news\/initiative-sur-les-dedommagements-semaine-de-recolte\/\",\"url\":\"https:\/\/swissbaker.ch\/fr\/panissimo-news\/initiative-sur-les-dedommagements-semaine-de-recolte\/\",\"name\":\"Initiative sur les d\u00e9dommagements : semaine de r\u00e9colte | SBC\",\"isPartOf\":{\"@id\":\"https:\/\/swissbaker.ch\/fr\/#website\"},\"primaryImageOfPage\":{\"@id\":\"https:\/\/swissbaker.ch\/fr\/panissimo-news\/initiative-sur-les-dedommagements-semaine-de-recolte\/#primaryimage\"},\"image\":{\"@id\":\"https:\/\/swissbaker.ch\/fr\/panissimo-news\/initiative-sur-les-dedommagements-semaine-de-recolte\/#primaryimage\"},\"thumbnailUrl\":\"https:\/\/swissbaker.ch\/wp-content\/uploads\/2022\/11\/21_1_entschaedigungsinitiative_f.jpg\",\"datePublished\":\"2022-11-09T14:26:58+00:00\",\"dateModified\":\"2023-01-24T09:46:26+00:00\",\"description\":\"Les initiateurs de l'initiative sur les d\u00e9dommagements organisent une semaine de r\u00e9colte de signatures du 21 au 27 novembre.\",\"breadcrumb\":{\"@id\":\"https:\/\/swissbaker.ch\/fr\/panissimo-news\/initiative-sur-les-dedommagements-semaine-de-recolte\/#breadcrumb\"},\"inLanguage\":\"fr-FR\",\"potentialAction\":[{\"@type\":\"ReadAction\",\"target\":[\"https:\/\/swissbaker.ch\/fr\/panissimo-news\/initiative-sur-les-dedommagements-semaine-de-recolte\/\"]}]},{\"@type\":\"ImageObject\",\"inLanguage\":\"fr-FR\",\"@id\":\"https:\/\/swissbaker.ch\/fr\/panissimo-news\/initiative-sur-les-dedommagements-semaine-de-recolte\/#primaryimage\",\"url\":\"https:\/\/swissbaker.ch\/wp-content\/uploads\/2022\/11\/21_1_entschaedigungsinitiative_f.jpg\",\"contentUrl\":\"https:\/\/swissbaker.ch\/wp-content\/uploads\/2022\/11\/21_1_entschaedigungsinitiative_f.jpg\",\"width\":1200,\"height\":712,\"caption\":\"Entsch\u00e4digung Initiative\"},{\"@type\":\"BreadcrumbList\",\"@id\":\"https:\/\/swissbaker.ch\/fr\/panissimo-news\/initiative-sur-les-dedommagements-semaine-de-recolte\/#breadcrumb\",\"itemListElement\":[{\"@type\":\"ListItem\",\"position\":1,\"name\":\"\",\"item\":\"https:\/\/swissbaker.ch\/fr\/\"},{\"@type\":\"ListItem\",\"position\":2,\"name\":\"Association\",\"item\":\"https:\/\/swissbaker.ch\/fr\/panissimo-news\/category\/association\/\"},{\"@type\":\"ListItem\",\"position\":3,\"name\":\"Initiative sur les d\u00e9dommagements : semaine de r\u00e9colte\"}]},{\"@type\":\"WebSite\",\"@id\":\"https:\/\/swissbaker.ch\/fr\/#website\",\"url\":\"https:\/\/swissbaker.ch\/fr\/\",\"name\":\"SBC\",\"description\":\"\",\"publisher\":{\"@id\":\"https:\/\/swissbaker.ch\/fr\/#organization\"},\"potentialAction\":[{\"@type\":\"SearchAction\",\"target\":{\"@type\":\"EntryPoint\",\"urlTemplate\":\"https:\/\/swissbaker.ch\/fr\/?s={search_term_string}\"},\"query-input\":{\"@type\":\"PropertyValueSpecification\",\"valueRequired\":true,\"valueName\":\"search_term_string\"}}],\"inLanguage\":\"fr-FR\"},{\"@type\":\"Organization\",\"@id\":\"https:\/\/swissbaker.ch\/fr\/#organization\",\"name\":\"Schweizerischer B\u00e4cker-Confiseurmeister-Verband\",\"url\":\"https:\/\/swissbaker.ch\/fr\/\",\"logo\":{\"@type\":\"ImageObject\",\"inLanguage\":\"fr-FR\",\"@id\":\"https:\/\/swissbaker.ch\/fr\/#\/schema\/logo\/image\/\",\"url\":\"https:\/\/swissbaker.ch\/wp-content\/uploads\/2022\/04\/sbc-logo-yoast.jpg\",\"contentUrl\":\"https:\/\/swissbaker.ch\/wp-content\/uploads\/2022\/04\/sbc-logo-yoast.jpg\",\"width\":512,\"height\":512,\"caption\":\"Schweizerischer B\u00e4cker-Confiseurmeister-Verband\"},\"image\":{\"@id\":\"https:\/\/swissbaker.ch\/fr\/#\/schema\/logo\/image\/\"},\"sameAs\":[\"https:\/\/www.facebook.com\/swissbaker.ch\",\"https:\/\/x.com\/ch_swissbaker\"]},{\"@type\":\"Person\",\"@id\":\"https:\/\/swissbaker.ch\/fr\/#\/schema\/person\/0c7464407782a0917d6e91a74206a176\",\"name\":\"Elina Laich\",\"image\":{\"@type\":\"ImageObject\",\"inLanguage\":\"fr-FR\",\"@id\":\"https:\/\/swissbaker.ch\/fr\/#\/schema\/person\/image\/\",\"url\":\"https:\/\/secure.gravatar.com\/avatar\/f942ca5f8668781d3ded9592a21de46001e053aff264ff1c6deb97b59d3604b2?s=96&d=mm&r=g\",\"contentUrl\":\"https:\/\/secure.gravatar.com\/avatar\/f942ca5f8668781d3ded9592a21de46001e053aff264ff1c6deb97b59d3604b2?s=96&d=mm&r=g\",\"caption\":\"Elina Laich\"},\"url\":\"https:\/\/swissbaker.ch\/fr\/panissimo-news\/author\/elina-laich\/\"}]}<\/script>\n<!-- \/ Yoast SEO Premium plugin. -->","yoast_head_json":{"title":"Initiative sur les d\u00e9dommagements : semaine de r\u00e9colte | SBC","description":"Les initiateurs de l'initiative sur les d\u00e9dommagements organisent une semaine de r\u00e9colte de signatures du 21 au 27 novembre.","robots":{"index":"index","follow":"follow","max-snippet":"max-snippet:-1","max-image-preview":"max-image-preview:large","max-video-preview":"max-video-preview:-1"},"canonical":"https:\/\/swissbaker.ch\/fr\/panissimo-news\/initiative-sur-les-dedommagements-semaine-de-recolte\/","og_locale":"fr_FR","og_type":"article","og_title":"Initiative sur les d\u00e9dommagements : semaine de r\u00e9colte","og_description":"Les initiateurs de l'initiative sur les d\u00e9dommagements organisent une semaine de r\u00e9colte de signatures du 21 au 27 novembre.","og_url":"https:\/\/swissbaker.ch\/fr\/panissimo-news\/initiative-sur-les-dedommagements-semaine-de-recolte\/","og_site_name":"SBC","article_publisher":"https:\/\/www.facebook.com\/swissbaker.ch","article_published_time":"2022-11-09T14:26:58+00:00","article_modified_time":"2023-01-24T09:46:26+00:00","og_image":[{"width":1200,"height":712,"url":"https:\/\/swissbaker.ch\/wp-content\/uploads\/2022\/11\/21_1_entschaedigungsinitiative_f.jpg","type":"image\/jpeg"}],"author":"Elina Laich","twitter_card":"summary_large_image","twitter_creator":"@ch_swissbaker","twitter_site":"@ch_swissbaker","twitter_misc":{"Written by":"Elina Laich","Est. reading time":"4 minutes"},"schema":{"@context":"https:\/\/schema.org","@graph":[{"@type":"Article","@id":"https:\/\/swissbaker.ch\/fr\/panissimo-news\/initiative-sur-les-dedommagements-semaine-de-recolte\/#article","isPartOf":{"@id":"https:\/\/swissbaker.ch\/fr\/panissimo-news\/initiative-sur-les-dedommagements-semaine-de-recolte\/"},"author":{"name":"Elina Laich","@id":"https:\/\/swissbaker.ch\/fr\/#\/schema\/person\/0c7464407782a0917d6e91a74206a176"},"headline":"Initiative sur les d\u00e9dommagements : semaine de r\u00e9colte","datePublished":"2022-11-09T14:26:58+00:00","dateModified":"2023-01-24T09:46:26+00:00","mainEntityOfPage":{"@id":"https:\/\/swissbaker.ch\/fr\/panissimo-news\/initiative-sur-les-dedommagements-semaine-de-recolte\/"},"wordCount":819,"publisher":{"@id":"https:\/\/swissbaker.ch\/fr\/#organization"},"image":{"@id":"https:\/\/swissbaker.ch\/fr\/panissimo-news\/initiative-sur-les-dedommagements-semaine-de-recolte\/#primaryimage"},"thumbnailUrl":"https:\/\/swissbaker.ch\/wp-content\/uploads\/2022\/11\/21_1_entschaedigungsinitiative_f.jpg","articleSection":["Association","De la branche"],"inLanguage":"fr-FR"},{"@type":"WebPage","@id":"https:\/\/swissbaker.ch\/fr\/panissimo-news\/initiative-sur-les-dedommagements-semaine-de-recolte\/","url":"https:\/\/swissbaker.ch\/fr\/panissimo-news\/initiative-sur-les-dedommagements-semaine-de-recolte\/","name":"Initiative sur les d\u00e9dommagements : semaine de r\u00e9colte | SBC","isPartOf":{"@id":"https:\/\/swissbaker.ch\/fr\/#website"},"primaryImageOfPage":{"@id":"https:\/\/swissbaker.ch\/fr\/panissimo-news\/initiative-sur-les-dedommagements-semaine-de-recolte\/#primaryimage"},"image":{"@id":"https:\/\/swissbaker.ch\/fr\/panissimo-news\/initiative-sur-les-dedommagements-semaine-de-recolte\/#primaryimage"},"thumbnailUrl":"https:\/\/swissbaker.ch\/wp-content\/uploads\/2022\/11\/21_1_entschaedigungsinitiative_f.jpg","datePublished":"2022-11-09T14:26:58+00:00","dateModified":"2023-01-24T09:46:26+00:00","description":"Les initiateurs de l'initiative sur les d\u00e9dommagements organisent une semaine de r\u00e9colte de signatures du 21 au 27 novembre.","breadcrumb":{"@id":"https:\/\/swissbaker.ch\/fr\/panissimo-news\/initiative-sur-les-dedommagements-semaine-de-recolte\/#breadcrumb"},"inLanguage":"fr-FR","potentialAction":[{"@type":"ReadAction","target":["https:\/\/swissbaker.ch\/fr\/panissimo-news\/initiative-sur-les-dedommagements-semaine-de-recolte\/"]}]},{"@type":"ImageObject","inLanguage":"fr-FR","@id":"https:\/\/swissbaker.ch\/fr\/panissimo-news\/initiative-sur-les-dedommagements-semaine-de-recolte\/#primaryimage","url":"https:\/\/swissbaker.ch\/wp-content\/uploads\/2022\/11\/21_1_entschaedigungsinitiative_f.jpg","contentUrl":"https:\/\/swissbaker.ch\/wp-content\/uploads\/2022\/11\/21_1_entschaedigungsinitiative_f.jpg","width":1200,"height":712,"caption":"Entsch\u00e4digung Initiative"},{"@type":"BreadcrumbList","@id":"https:\/\/swissbaker.ch\/fr\/panissimo-news\/initiative-sur-les-dedommagements-semaine-de-recolte\/#breadcrumb","itemListElement":[{"@type":"ListItem","position":1,"name":"","item":"https:\/\/swissbaker.ch\/fr\/"},{"@type":"ListItem","position":2,"name":"Association","item":"https:\/\/swissbaker.ch\/fr\/panissimo-news\/category\/association\/"},{"@type":"ListItem","position":3,"name":"Initiative sur les d\u00e9dommagements : semaine de r\u00e9colte"}]},{"@type":"WebSite","@id":"https:\/\/swissbaker.ch\/fr\/#website","url":"https:\/\/swissbaker.ch\/fr\/","name":"SBC","description":"","publisher":{"@id":"https:\/\/swissbaker.ch\/fr\/#organization"},"potentialAction":[{"@type":"SearchAction","target":{"@type":"EntryPoint","urlTemplate":"https:\/\/swissbaker.ch\/fr\/?s={search_term_string}"},"query-input":{"@type":"PropertyValueSpecification","valueRequired":true,"valueName":"search_term_string"}}],"inLanguage":"fr-FR"},{"@type":"Organization","@id":"https:\/\/swissbaker.ch\/fr\/#organization","name":"Schweizerischer B\u00e4cker-Confiseurmeister-Verband","url":"https:\/\/swissbaker.ch\/fr\/","logo":{"@type":"ImageObject","inLanguage":"fr-FR","@id":"https:\/\/swissbaker.ch\/fr\/#\/schema\/logo\/image\/","url":"https:\/\/swissbaker.ch\/wp-content\/uploads\/2022\/04\/sbc-logo-yoast.jpg","contentUrl":"https:\/\/swissbaker.ch\/wp-content\/uploads\/2022\/04\/sbc-logo-yoast.jpg","width":512,"height":512,"caption":"Schweizerischer B\u00e4cker-Confiseurmeister-Verband"},"image":{"@id":"https:\/\/swissbaker.ch\/fr\/#\/schema\/logo\/image\/"},"sameAs":["https:\/\/www.facebook.com\/swissbaker.ch","https:\/\/x.com\/ch_swissbaker"]},{"@type":"Person","@id":"https:\/\/swissbaker.ch\/fr\/#\/schema\/person\/0c7464407782a0917d6e91a74206a176","name":"Elina Laich","image":{"@type":"ImageObject","inLanguage":"fr-FR","@id":"https:\/\/swissbaker.ch\/fr\/#\/schema\/person\/image\/","url":"https:\/\/secure.gravatar.com\/avatar\/f942ca5f8668781d3ded9592a21de46001e053aff264ff1c6deb97b59d3604b2?s=96&d=mm&r=g","contentUrl":"https:\/\/secure.gravatar.com\/avatar\/f942ca5f8668781d3ded9592a21de46001e053aff264ff1c6deb97b59d3604b2?s=96&d=mm&r=g","caption":"Elina Laich"},"url":"https:\/\/swissbaker.ch\/fr\/panissimo-news\/author\/elina-laich\/"}]}},"_links":{"self":[{"href":"https:\/\/swissbaker.ch\/fr\/wp-json\/wp\/v2\/posts\/52569","targetHints":{"allow":["GET"]}}],"collection":[{"href":"https:\/\/swissbaker.ch\/fr\/wp-json\/wp\/v2\/posts"}],"about":[{"href":"https:\/\/swissbaker.ch\/fr\/wp-json\/wp\/v2\/types\/post"}],"author":[{"embeddable":true,"href":"https:\/\/swissbaker.ch\/fr\/wp-json\/wp\/v2\/users\/4"}],"replies":[{"embeddable":true,"href":"https:\/\/swissbaker.ch\/fr\/wp-json\/wp\/v2\/comments?post=52569"}],"version-history":[{"count":0,"href":"https:\/\/swissbaker.ch\/fr\/wp-json\/wp\/v2\/posts\/52569\/revisions"}],"wp:featuredmedia":[{"embeddable":true,"href":"https:\/\/swissbaker.ch\/fr\/wp-json\/wp\/v2\/media\/52562"}],"wp:attachment":[{"href":"https:\/\/swissbaker.ch\/fr\/wp-json\/wp\/v2\/media?parent=52569"}],"wp:term":[{"taxonomy":"category","embeddable":true,"href":"https:\/\/swissbaker.ch\/fr\/wp-json\/wp\/v2\/categories?post=52569"},{"taxonomy":"post_tag","embeddable":true,"href":"https:\/\/swissbaker.ch\/fr\/wp-json\/wp\/v2\/tags?post=52569"}],"curies":[{"name":"wp","href":"https:\/\/api.w.org\/{rel}","templated":true}]}}