{"id":52558,"date":"2022-11-03T09:20:09","date_gmt":"2022-11-03T08:20:09","guid":{"rendered":"https:\/\/swissbaker.ch\/?p=52558"},"modified":"2023-01-24T10:46:53","modified_gmt":"2023-01-24T09:46:53","slug":"comite-central-le-bien-etre-des-membres-en-point-de-mire","status":"publish","type":"post","link":"https:\/\/swissbaker.ch\/fr\/panissimo-news\/comite-central-le-bien-etre-des-membres-en-point-de-mire\/","title":{"rendered":"Comit\u00e9 central : le bien-\u00eatre des membres en point de mire"},"content":{"rendered":"\n<p><strong>Les th\u00e8mes \u00e0 l\u2019ordre du jour de la s\u00e9ance du comit\u00e9 central de l\u2019Association suisse des patrons boulangers-confiseurs du 27\u00a0octobre \u00e0 Berne se sont av\u00e9r\u00e9s complexes. Des discussions engag\u00e9es ont permis de trouver des solutions possibles, de prendre des d\u00e9cisions phares et de pr\u00e9parer l&#8217;avenir, tout cela dans l&#8217;optique du bien-\u00eatre des membres et du maintien du secteur artisanal.<\/strong><\/p>\n\n\n\n<h2 class=\"wp-block-heading\" id=\"h-finances\"><strong>Finances<\/strong><\/h2>\n\n\n\n<p><strong>Fondation de la caisse de secours<\/strong><br>Le budget de la fondation de la caisse de secours de l&#8217;Association suisse des patrons boulangers-confiseurs (BCS) a \u00e9t\u00e9 approuv\u00e9 sans discussion et \u00e0 l&#8217;unanimit\u00e9 par le comit\u00e9 central; il pr\u00e9sente un exc\u00e9dent de 12&#8217;300&nbsp;francs.<\/p>\n\n\n\n<p><strong>Budget b\u00e9n\u00e9ficiaire pour la BCS<\/strong><br>Le budget&nbsp;2023 de l&#8217;Association suisse des patrons boulangers-confiseurs (BCS) pr\u00e9voit un r\u00e9sultat d\u2019exploitation d&#8217;un montant de&nbsp;23&#8217;300&nbsp;francs apr\u00e8s imp\u00f4ts et correction des titres. Il comprend entre autres les SwissSkills 2023 internes au secteur \u00e0 l&#8217;Ecole professionnelle Richemont de Lucerne, la troisi\u00e8me vague de la campagne de rel\u00e8ve, l&#8217;augmentation des prix d&#8217;impression de la publication \u00abPanissimo\u00bb et la hausse des co\u00fbts li\u00e9s \u00e0 la politique et au conseil juridique en raison du coronavirus et de l\u2019\u00e9nergie.<\/p>\n\n\n\n<p><strong>Budget 2023 \u00e9quilibr\u00e9 pour Richemont<\/strong><br>Le budget cumul\u00e9 de la fondation Richemont et de la SA pr\u00e9voit un chiffre d&#8217;affaires de 7,247&nbsp;millions de francs et un b\u00e9n\u00e9fice de 837&nbsp;francs pour&nbsp;2023 (2022:&nbsp;4&nbsp;215&nbsp;francs). Gr\u00e2ce \u00e0 la mise en place d&#8217;une installation photovolta\u00efque et \u00e0 un passage \u00e0 l&#8217;approvisionnement de base au 1<sup>er<\/sup>&nbsp;janvier&nbsp;2023, les co\u00fbts \u00e9nerg\u00e9tiques resteront dans des limites qui ne p\u00e8seront pas davantage sur les finances, a expliqu\u00e9 le chef des finances, Martin Schnyder. Le CC a approuv\u00e9 le budget \u00e0 l&#8217;unanimit\u00e9.<\/p>\n\n\n\n<h2 class=\"wp-block-heading\"><strong>Formation professionnelle et continue<\/strong><\/h2>\n\n\n\n<p><strong>S\u00e9ance CSDPQ<\/strong><br>La s\u00e9ance CSDPQ s&#8217;est tenue le 26 septembre \u00e0 l&#8217;Ecole professionnelle Richemont de Lucerne. Le th\u00e8me principal \u00e9tait l&#8217;examen quinquennal. Le Secr\u00e9tariat d&#8217;Etat \u00e0 la formation, \u00e0 la recherche et \u00e0 l&#8217;innovation (SEFRI) a \u00e9tabli un catalogue de questions standard qui doit maintenant \u00eatre adapt\u00e9 aux besoins de notre secteur. Ce catalogue de questions sera ensuite envoy\u00e9 \u00e0 toutes les personnes concern\u00e9es (formateurs et formatrices, responsables de CI, enseignants et enseignantes sp\u00e9cialis\u00e9es, et repr\u00e9sentants et repr\u00e9sentantes de la Conf\u00e9d\u00e9ration et des cantons), qui devront r\u00e9pondre aux questions. \u00abUne fois le catalogue de questions \u00e9tabli, nous l&#8217;enverrons \u00e0 tous par voie \u00e9lectronique\u00bb, a indiqu\u00e9 Peter Signer, responsable de la formation de la BCS en production. Les r\u00e9ponses seront examin\u00e9es en juin&nbsp;2023, lors de la s\u00e9ance CSDPQ.<\/p>\n\n\n\n<p><strong>Vente 2022+<\/strong><br>Lisa Frunz, responsable du commerce de d\u00e9tail de la BCS, s&#8217;est d\u00e9clar\u00e9e satisfaite du lancement de Vente 2022+ lors de la s\u00e9ance du CC. C\u2019est surtout la nouveaut\u00e9 selon laquelle les apprentis des CI peuvent \u00eatre renvoy\u00e9s chez eux si les devoirs re\u00e7us n&#8217;ont pas \u00e9t\u00e9 effectu\u00e9s et sign\u00e9s par la formatrice qui a donn\u00e9 lieu \u00e0 des discussions. \u00abCe syst\u00e8me a fait ses preuves\u00bb, a expliqu\u00e9 Lisa Frunz. Les formateurs et formatrices et les apprentis et apprenties sont d\u00e9sormais sensibilis\u00e9s \u00e0 cette proc\u00e9dure, et ces derniers viennent aux CI de plus en plus souvent bien pr\u00e9par\u00e9s.<\/p>\n\n\n\n<p><strong>Konvink<\/strong><br>En revanche, l&#8217;introduction de Konvink pr\u00e9occupe Lisa Frunz, certaines \u00e9coles professionnelles ne se sentant pas comp\u00e9tentes. Il y a des cantons qui ne proposent toujours pas Konvink trois mois apr\u00e8s son introduction, \u00abce parce que les enseignants et enseignantes ne ma\u00eetrisent pas correctement l&#8217;outil\u00bb. Une solution est en vue: le cas \u00e9ch\u00e9ant, l\u2019Ecole professionnelle Richemont prendra le relais et proposera des cours d&#8217;introduction sur site. L\u2019utilisation de l\u2019outil sera \u00e9galement quelque peu simplifi\u00e9e. Le pr\u00e9sident de la BCS, Silvan Hotz, a fait l\u2019\u00e9loge de Konvink.<\/p>\n\n\n\n<p><strong>Moins d\u2019apprentis en 2022<\/strong><br>Moins d&#8217;apprentis ont commenc\u00e9 \u00e0 travailler dans le secteur de la boulangerie-confiserie en&nbsp;2022 que l&#8217;ann\u00e9e pr\u00e9c\u00e9dente. Si une l\u00e9g\u00e8re augmentation a pu \u00eatre enregistr\u00e9e en 2021 dans la production, la courbe est d\u00e9sormais orient\u00e9e \u00e0 la baisse dans les trois professions:<\/p>\n\n\n\n<ul class=\"wp-block-list\"><li>gestionnaires du commerce de d\u00e9tail:&nbsp;&nbsp;143 (2021: 168 \/ 2020: 178)<\/li><li>assistants\/assistantes du commerce de d\u00e9tail: &nbsp;&nbsp;&nbsp;&nbsp;&nbsp;&nbsp;&nbsp;&nbsp;&nbsp; 72 (84 \/ 94)<\/li><li>boulangers-p\u00e2tissiers\/boulang\u00e8res-p\u00e2tissi\u00e8res: &nbsp;&nbsp;&nbsp;&nbsp;&nbsp;&nbsp;&nbsp;&nbsp;262 (300 \/ 275)<\/li><li>p\u00e2tissiers-confiseurs\/p\u00e2tissi\u00e8res-confiseuses:&nbsp;&nbsp;&nbsp;&nbsp;&nbsp;&nbsp;&nbsp;&nbsp;&nbsp;&nbsp;&nbsp; 170 (182 \/ 144)<\/li><\/ul>\n\n\n\n<p><\/p>\n\n\n\n<p><strong>Restauration chez Richemont<\/strong><br>Les informations sur la restauration chez Richemont se sont \u00e9galement av\u00e9r\u00e9es extr\u00eamement positives. \u00abEn termes cumul\u00e9s, nous sommes en meilleure voie qu\u2019en&nbsp;2019, ann\u00e9e qui \u00e9tait jusqu&#8217;\u00e0 pr\u00e9sent la meilleure\u00bb, a indiqu\u00e9 le directeur Reto Fries.<\/p>\n\n\n\n<p><strong>Projet de cours \u00e0 distance<\/strong><br>Le projet de cours \u00e0 distance que l\u2019Ecole professionnelle Richemont a lanc\u00e9 en collaboration avec Global Swiss Learning pour le secteur de la boulangerie-confiserie avance de mani\u00e8re r\u00e9jouissante selon Reto Fries, directeur de Richemont. Trois sp\u00e9cialistes br\u00e9siliens et une sp\u00e9cialiste chinoise seront form\u00e9s pendant trois semaines en janvier, en vue d\u2019organiser ensuite des formations dans les pays concern\u00e9s.<\/p>\n\n\n\n<p><a href=\"https:\/\/www.globalswisslearning.com\/courses\/confiserie-swiss-confectionary-professional\" target=\"_blank\" rel=\"noreferrer noopener\">Vid\u00e9o explicative avec le nouvel avatar de Ramona Bolliger (ancienne championne du monde en boulangerie-p\u00e2tisserie)<\/a><\/p>\n\n\n\n<p><strong>Installation photovolta\u00efque et ampoules LED<\/strong><br>La mise en service d&#8217;une installation photovolta\u00efque permettant d\u2019autoproduire pr\u00e8s de 15 % de la consommation, et le passage \u00e0 des ampoules LED d&#8217;\u00e9conomiser environ 10 % d&#8217;\u00e9lectricit\u00e9, l\u2019Ecole professionnelle Richemont s&#8217;attend \u00e0 une \u00e9conomie de l\u2019ordre de 25&nbsp;% en 2023.<\/p>\n\n\n\n<p><\/p>\n\n\n\n<h2 class=\"wp-block-heading\"><strong>Divers<\/strong><\/h2>\n\n\n\n<p><strong>panvica \u2013 \u00abconnect\u00bb<\/strong><br>\u00abconnect\u00bb est le nouveau portail client num\u00e9rique de panvica. C&#8217;est une bonne nouvelle pour les entreprises: le nouvel outil garantit un traitement simple, transparent et rapide de toutes les op\u00e9rations du premier et du deuxi\u00e8me pilier. Les fonctionnalit\u00e9s de \u00abconnect\u00bb seront en outre d\u00e9velopp\u00e9es en permanence d\u2019ici \u00e0 la fin de l&#8217;ann\u00e9e, ce qui permettra d&#8217;all\u00e9ger la charge administrative des utilisateurs. Le pr\u00e9sident de la BCS, Silvan Hotz, a relev\u00e9 que la charge de travail des entreprises s\u2019en trouverait r\u00e9duite. Il a invit\u00e9 les membres \u00e0 utiliser activement \u00abconnect\u00bb.&nbsp;<\/p>\n\n\n\n<h2 class=\"wp-block-heading\"><strong>Marketing + communication<\/strong><\/h2>\n\n\n\n<p><strong>Campagne de rel\u00e8ve<\/strong><br>En approuvant le budget 2023, le comit\u00e9 central a \u00e9galement donn\u00e9 le feu vert au lancement de la troisi\u00e8me vague de la campagne de rel\u00e8ve de la BCS. La date de lancement n&#8217;a pas encore \u00e9t\u00e9 fix\u00e9e.<\/p>\n\n\n\n<p><strong>Calendrier des saveurs<\/strong><br>Le comit\u00e9 central a approuv\u00e9 la publication de l\u2019\u00e9dition&nbsp;2024 du calendrier des saveurs. En fonction des commandes re\u00e7ues, il statuera dans un an sur la reconduite du calendrier en&nbsp;2025. La condition pr\u00e9alable est de pouvoir continuer \u00e0 \u00e9crire des chiffres noirs.&nbsp;<br><a href=\"http:\/\/www.calenrier-des-saveurs.ch\" target=\"_blank\" rel=\"noreferrer noopener\">Calendrier des saveurs<\/a><\/p>\n\n\n\n<p><strong><br>Bons d\u2019achat de la BCS<\/strong><br>Les bons d\u2019achat de la BCS vont conna\u00eetre un petit changement. Le champ d&#8217;adresse pour les utilisateurs et utilisatrices du bon va en effet \u00eatre supprim\u00e9 en raison de la nouvelle loi sur la protection des donn\u00e9es et des r\u00e9actions de la client\u00e8le et des entreprises. Il sera remplac\u00e9 par un QR code permettant d&#8217;acc\u00e9der \u00e0 la liste des membres. &nbsp;<\/p>\n\n\n\n<p><strong>Campagne Pro Infirmis<\/strong><br>Pro Infirmis collabore d\u00e9j\u00e0 avec plusieurs associations cantonales. Des bonshommes en p\u00e2te priv\u00e9s d\u2019un membre attirent l&#8217;attention sur l&#8217;action de Pro Infirmis pendant la p\u00e9riode de l&#8217;Avent. Outre le logo boulanger, celui de Pro Infirmis figurera d\u00e9sormais \u00e9galement sur l&#8217;emballage de ces bonshommes en p\u00e2te sp\u00e9ciaux.<\/p>\n\n\n\n<p><strong>Prix des abonnements et des annonces \u00abPanissimo\u00bb<\/strong><br>La BCS renonce \u00e0 augmenter les prix des abonnements et annonces \u00abPanissimo\u00bb malgr\u00e9 l&#8217;augmentation des frais de port et d&#8217;impression. C&#8217;est un signe adress\u00e9 au secteur, qui a connu des mois difficiles, et se trouve face \u00e0 un avenir tout aussi difficile.<\/p>\n\n\n\n<p><strong>Newsletter BCS \/ Richemont<\/strong><br>Le taux d&#8217;ouverture de la newsletter BCS \/ Richemont oscille entre 20 et 35&nbsp;%, selon le sujet et la p\u00e9riode d&#8217;envoi. Ce sont des chiffres extr\u00eamement r\u00e9jouissants, qui se situent au-dessus de la moyenne.<\/p>\n\n\n\n<p><strong>Pain pour le prochain<\/strong><br>La campagne \u0153cum\u00e9nique \u00abPain du partage\u00bb d&#8217;Action de Car\u00eame et de Pain pour le prochain sera reconduite en&nbsp;2023. Cette action permet de verser 50&nbsp;centimes par \u00abpain solidaire\u00bb vendu \u00e0 des paysans dans les pays du Sud. \u00abPanissimo\u00bb et la newsletter reviendront sur le sujet au d\u00e9but de l\u2019ann\u00e9e prochaine.<\/p>\n\n\n\n<p><strong>Promotion des boulangers qui choisissent le beurre<\/strong><br>Apr\u00e8s une pause, la promotion des boulangers qui choisissent le beurre de Swissmilk sera \u00e0 nouveau organis\u00e9e en coop\u00e9ration avec la BCS. Les clients et clientes pourront \u00e0 nouveau gagner des prix attrayants. De plus amples informations suivront dans \u00abPanissimo\u00bb et dans la newsletter d\u00e9but 2023. <\/p>\n\n\n\n<p><strong>Fixation des prix <\/strong><br>Un article sur le th\u00e8me de la \u00abfixation des prix\u00bb sera publi\u00e9 dans l\u2019\u00e9dition du 11&nbsp;novembre de \u00abPanissimo\u00bb. Markus K\u00fcnzli, directeur de la SBC Fiduciaire SA, a r\u00e9dig\u00e9 cet article, sa proximit\u00e9 avec le secteur lui permettant de s&#8217;appuyer sur des informations de fond importantes.&nbsp; <\/p>\n\n\n\n<h2 class=\"wp-block-heading\"><strong>Politique<\/strong><\/h2>\n\n\n\n<p><strong>Energie<\/strong><br>Le d\u00e9bat sur l&#8217;\u00e9nergie est actuellement le sujet num\u00e9ro un dans le secteur. Lors de la s\u00e9ance du CC, le directeur de la BCS, Urs Wellauer, a dress\u00e9 un bilan, d\u00e9crit la situation actuelle et os\u00e9 un regard sur l&#8217;avenir. Les lecteurs et lectrices de \u00abPanissimo\u00bb pourront en lire un r\u00e9sum\u00e9 dans l&#8217;\u00e9dition du 25 novembre. Plusieurs articles ont d\u00e9j\u00e0 \u00e9t\u00e9 publi\u00e9s en rapport avec le th\u00e8me de l&#8217;\u00e9nergie et divers documents utiles<a href=\"https:\/\/swissbaker.ch\/fr\/intranet\/\"> sont disponibles sur l&#8217;intranet.<\/a><\/p>\n\n\n\n<p><strong>Loi sur la protection des donn\u00e9es<\/strong><br>La nouvelle loi sur la protection des donn\u00e9es entrera en vigueur le 1<sup>er<\/sup>&nbsp;septembre&nbsp;2023. L&#8217;Union suisse des arts et m\u00e9tiers (usam) va \u00e9laborer un guide non sp\u00e9cifique au secteur, que la BCS adaptera en temps utile pour ses membres.<\/p>\n\n\n\n<p><strong>R\u00e9vision de l&#8217;ordonnance de la loi sur les denr\u00e9es alimentaires<\/strong><br>La consultation sur la r\u00e9vision de l&#8217;ordonnance relative \u00e0 la loi sur les denr\u00e9es alimentaires est en cours. La BCS a d\u00e9j\u00e0 pu s\u2019impliquer en amont de ce projet (dans le cadre de la prise en compte de Swissness notamment) et va \u00e9galement se prononcer sur le sujet. La BCS notifiera la prise de position de l&#8217;association fin janvier dans \u00abPanissimo\u00bb.<\/p>\n\n\n\n<p><strong>Semaine de r\u00e9colte de signatures pour l&#8217;initiative sur les d\u00e9dommagements<\/strong><br>Une semaine de r\u00e9colte de signatures pour l&#8217;initiative sur les d\u00e9dommagements aura lieu du 21 au 27 novembre. Selon son directeur, Urs Wellauer, la BCS est consciente que ce n&#8217;est pas un moment favorable pour notre secteur. Il a n\u00e9anmoins exprim\u00e9 l&#8217;espoir que le plus grand nombre possible de membres puissent \u00eatre motiv\u00e9s pour la r\u00e9colte de signatures en vue de se mobiliser dans leur environnement familial et aupr\u00e8s de leur client\u00e8le.<\/p>\n\n\n\n<p><strong>Augmentation de la taxe sur la valeur ajout\u00e9e<\/strong><br>Suite \u00e0 la votation du 25 septembre sur la r\u00e9vision de l&#8217;AVS, le taux normal de la TVA sera relev\u00e9 \u00e0 8,1 %, le taux sp\u00e9cial pour l&#8217;h\u00e9bergement passera \u00e0 3,8 % et le taux r\u00e9duit sera d\u00e9sormais de 2,6 %. L&#8217;entr\u00e9e en vigueur est pr\u00e9vue pour le 1<sup>er<\/sup>&nbsp;janvier&nbsp;2024.<\/p>\n\n\n\n<h2 class=\"wp-block-heading\"><strong>Events<\/strong><\/h2>\n\n\n\n<p><strong>Congr\u00e8s 2023 + programme de la veille<\/strong><br>Le congr\u00e8s&nbsp;2023 de l\u2019Association suisse des patrons boulangers-confiseurs (BCS) aura lieu le mardi 13&nbsp;juin. La veille du congr\u00e8s de la BCS (le 12&nbsp;juin), un \u00e9v\u00e9nement interne \u00e0 l&#8217;association sera organis\u00e9 pour la premi\u00e8re fois sur la colline locale de Berne, le Gurten. Il s&#8217;agira d&#8217;un \u00e9v\u00e9nement r\u00e9serv\u00e9 aux d\u00e9l\u00e9gu\u00e9s, aux comit\u00e9s cantonaux et r\u00e9gionaux, au CC et aux membres. Pour le comit\u00e9 central (CC), le but de cette r\u00e9union est avant tout de s&#8217;adresser directement \u00e0 la base.<br>\u00abR\u00e9servez d\u2019ores et d\u00e9j\u00e0 cette date\u00bb, a lanc\u00e9 Silvan Hotz, pr\u00e9sident de la BCS, lors de la derni\u00e8re s\u00e9ance du CC. Il s\u2019agit surtout de motiver les jeunes membres \u00e0 prendre part \u00e0 cet \u00e9v\u00e8nement. Le vice-pr\u00e9sident de la BCS, Jean-Fran\u00e7ois Leuenberger, a lanc\u00e9 un appel aux responsables des associations cantonales pour qu&#8217;ils invitent leurs membres et d\u00e9l\u00e9gu\u00e9s \u00e0 participer en nombre \u00e0 cette premi\u00e8re.<\/p>\n\n\n\n<p>De plus amples informations et un \u00absave the date\u00bb suivront prochainement.<\/p>\n\n\n\n<p><strong>F\u00eate des f\u00eates<\/strong><br>Le mus\u00e9e de l\u2019habitat rural Ballenberg de Brienz (BE) a, pour la premi\u00e8re fois, c\u00e9l\u00e9br\u00e9 la \u00abF\u00eate des f\u00eates\u00bb avec 15&nbsp;partenaires de toutes les r\u00e9gions du pays, pendant deux week-ends cons\u00e9cutifs (24\/25.9. + 1\/2.10.). La \u00abF\u00eate des moissons\u00bb organis\u00e9e par les boulangers-confiseurs vaudois a constitu\u00e9 l\u2019un des temps forts de l\u2019\u00e9v\u00e8nement. Le pr\u00e9sident de la BCS s&#8217;est enthousiasm\u00e9 pour cet \u00e9v\u00e9nement, qui a selon lui constitu\u00e9 une excellente publicit\u00e9 pour notre secteur, et pour l\u2019artisanat et la tradition en g\u00e9n\u00e9ral. Le pr\u00e9sident de la BCS a remerci\u00e9 les Vaudois pour leur grand engagement.<\/p>\n\n\n\n<p><strong>WorldSkills 2022<\/strong> <strong>\u2013 une semaine g\u00e9niale<\/strong><br>\u00abLes WorldSkills 2022 ont \u00e9t\u00e9 un \u00e9v\u00e9nement prestigieux\u00bb, s\u2018est enthousiasm\u00e9 Martin Schnyder, chef des finances de la BCS. \u00abDe rien est n\u00e9 quelque chose de grandiose!\u00bb Le pr\u00e9sident Silvan Hotz a f\u00e9licit\u00e9 l&#8217;\u00e9quipe de Richemont, avec \u00e0 sa t\u00eate le directeur Reto Fries, pour ce succ\u00e8s et a remerci\u00e9 tous les participants et participantes. Reto Fries a confirm\u00e9 que la charge avait \u00e9t\u00e9 immense. L&#8217;\u00e9v\u00e9nement s&#8217;est d\u00e9roul\u00e9 sans accroc, ce qui n\u2019allait pas de soi compte tenu des d\u00e9lais tr\u00e8s courts. Les premiers fruits ont d\u00e9j\u00e0 pu \u00eatre r\u00e9colt\u00e9s: la demande et l&#8217;effet positif au niveau international sont extr\u00eamement importants, s&#8217;est r\u00e9joui Reto Fries. \u00abNous avons v\u00e9cu une semaine g\u00e9niale, riche en \u00e9changes interculturels avec de grands talents. Nous sommes pleinement satisfaits des brillants r\u00e9sultats de nos deux candidates, Juliana Th\u00f6ny (or) et Vera Stocker (bronze).\u00bb<\/p>\n\n\n\n<ul class=\"wp-block-list\"><li><a href=\"https:\/\/worldskills.richemont.swiss\" target=\"_blank\" rel=\"noreferrer noopener\">Impressions<\/a><\/li><li><a href=\"https:\/\/www.youtube.com\/watch?v=cQeaudldheQ\" target=\"_blank\" rel=\"noreferrer noopener\">Vid\u00e9o WorldSkills Lucerne 2022<\/a><\/li><\/ul>\n\n\n\n<p><strong>WorldSkills 2024<\/strong><br>Les prochains WorldSkills auront lieu du 10 au 15 septembre 2024 \u00e0 Lyon.<\/p>\n\n\n\n<p><strong>SwissSkills 2023<\/strong><br>Le comit\u00e9 central a donn\u00e9 \u00e0 l&#8217;unanimit\u00e9 son feu vert pour l&#8217;organisation des SwissSkills internes au secteur en 2023. Ils se tiendront du 20 au 26 novembre 2023 \u00e0 l&#8217;Ecole professionnelle Richemont de Lucerne. Les prochains championnats suisses des m\u00e9tiers intersectoriels auront lieu \u00e0 Berne en 2025, \u00e0 nouveau \u00e0 l\u2019\u00e9chelle nationale.<\/p>\n\n\n\n<p><\/p>\n","protected":false},"excerpt":{"rendered":"<p>Les th\u00e8mes \u00e0 l\u2019ordre du jour de la s\u00e9ance du comit\u00e9 central de l\u2019Association suisse des patrons boulangers-confiseurs du 27\u00a0octobre \u00e0 Berne se sont av\u00e9r\u00e9s complexes. Des discussions engag\u00e9es ont permis de trouver des solutions possibles, de prendre des d\u00e9cisions phares et de pr\u00e9parer l&#8217;avenir, tout cela dans l&#8217;optique du bien-\u00eatre des membres et du maintien du secteur artisanal. Finances [&hellip;]<\/p>\n","protected":false},"author":5,"featured_media":11457,"comment_status":"closed","ping_status":"closed","sticky":false,"template":"","format":"standard","meta":{"_acf_changed":false,"footnotes":""},"categories":[41],"tags":[],"class_list":["post-52558","post","type-post","status-publish","format-standard","has-post-thumbnail","hentry","category-association"],"acf":[],"yoast_head":"<!-- This site is optimized with the Yoast SEO Premium plugin v26.8 (Yoast SEO v26.8) - https:\/\/yoast.com\/product\/yoast-seo-premium-wordpress\/ -->\n<title>Comit\u00e9 central : le bien-\u00eatre des membres en point de mire | SBC<\/title>\n<meta name=\"robots\" content=\"index, follow, max-snippet:-1, max-image-preview:large, max-video-preview:-1\" \/>\n<link rel=\"canonical\" href=\"https:\/\/swissbaker.ch\/fr\/panissimo-news\/comite-central-le-bien-etre-des-membres-en-point-de-mire\/\" \/>\n<meta property=\"og:locale\" content=\"fr_FR\" \/>\n<meta property=\"og:type\" content=\"article\" \/>\n<meta property=\"og:title\" content=\"Comit\u00e9 central : le bien-\u00eatre des membres en point de mire\" \/>\n<meta property=\"og:description\" content=\"Les th\u00e8mes \u00e0 l\u2019ordre du jour de la s\u00e9ance du comit\u00e9 central de l\u2019Association suisse des patrons boulangers-confiseurs du 27\u00a0octobre \u00e0 Berne se sont av\u00e9r\u00e9s complexes. Des discussions engag\u00e9es ont permis de trouver des solutions possibles, de prendre des d\u00e9cisions phares et de pr\u00e9parer l&#8217;avenir, tout cela dans l&#8217;optique du bien-\u00eatre des membres et du maintien du secteur artisanal. Finances [&hellip;]\" \/>\n<meta property=\"og:url\" content=\"https:\/\/swissbaker.ch\/fr\/panissimo-news\/comite-central-le-bien-etre-des-membres-en-point-de-mire\/\" \/>\n<meta property=\"og:site_name\" content=\"SBC\" \/>\n<meta property=\"article:publisher\" content=\"https:\/\/www.facebook.com\/swissbaker.ch\" \/>\n<meta property=\"article:published_time\" content=\"2022-11-03T08:20:09+00:00\" \/>\n<meta property=\"article:modified_time\" content=\"2023-01-24T09:46:53+00:00\" \/>\n<meta property=\"og:image\" content=\"https:\/\/swissbaker.ch\/wp-content\/uploads\/2022\/05\/zentralvorstand_in_kuerze-2.jpeg\" \/>\n\t<meta property=\"og:image:width\" content=\"800\" \/>\n\t<meta property=\"og:image:height\" content=\"474\" \/>\n\t<meta property=\"og:image:type\" content=\"image\/jpeg\" \/>\n<meta name=\"author\" content=\"Simon Nussbaum\" \/>\n<meta name=\"twitter:card\" content=\"summary_large_image\" \/>\n<meta name=\"twitter:creator\" content=\"@ch_swissbaker\" \/>\n<meta name=\"twitter:site\" content=\"@ch_swissbaker\" \/>\n<meta name=\"twitter:label1\" content=\"Written by\" \/>\n\t<meta name=\"twitter:data1\" content=\"Simon Nussbaum\" \/>\n\t<meta name=\"twitter:label2\" content=\"Est. reading time\" \/>\n\t<meta name=\"twitter:data2\" content=\"13 minutes\" \/>\n<script type=\"application\/ld+json\" class=\"yoast-schema-graph\">{\"@context\":\"https:\/\/schema.org\",\"@graph\":[{\"@type\":\"Article\",\"@id\":\"https:\/\/swissbaker.ch\/fr\/panissimo-news\/comite-central-le-bien-etre-des-membres-en-point-de-mire\/#article\",\"isPartOf\":{\"@id\":\"https:\/\/swissbaker.ch\/fr\/panissimo-news\/comite-central-le-bien-etre-des-membres-en-point-de-mire\/\"},\"author\":{\"name\":\"Simon Nussbaum\",\"@id\":\"https:\/\/swissbaker.ch\/fr\/#\/schema\/person\/74bd327b08c18ca6042c02ff6f0ed5e2\"},\"headline\":\"Comit\u00e9 central : le bien-\u00eatre des membres en point de mire\",\"datePublished\":\"2022-11-03T08:20:09+00:00\",\"dateModified\":\"2023-01-24T09:46:53+00:00\",\"mainEntityOfPage\":{\"@id\":\"https:\/\/swissbaker.ch\/fr\/panissimo-news\/comite-central-le-bien-etre-des-membres-en-point-de-mire\/\"},\"wordCount\":2475,\"publisher\":{\"@id\":\"https:\/\/swissbaker.ch\/fr\/#organization\"},\"image\":{\"@id\":\"https:\/\/swissbaker.ch\/fr\/panissimo-news\/comite-central-le-bien-etre-des-membres-en-point-de-mire\/#primaryimage\"},\"thumbnailUrl\":\"https:\/\/swissbaker.ch\/wp-content\/uploads\/2022\/05\/zentralvorstand_in_kuerze-2.jpeg\",\"articleSection\":[\"Association\"],\"inLanguage\":\"fr-FR\"},{\"@type\":\"WebPage\",\"@id\":\"https:\/\/swissbaker.ch\/fr\/panissimo-news\/comite-central-le-bien-etre-des-membres-en-point-de-mire\/\",\"url\":\"https:\/\/swissbaker.ch\/fr\/panissimo-news\/comite-central-le-bien-etre-des-membres-en-point-de-mire\/\",\"name\":\"Comit\u00e9 central : le bien-\u00eatre des membres en point de mire | SBC\",\"isPartOf\":{\"@id\":\"https:\/\/swissbaker.ch\/fr\/#website\"},\"primaryImageOfPage\":{\"@id\":\"https:\/\/swissbaker.ch\/fr\/panissimo-news\/comite-central-le-bien-etre-des-membres-en-point-de-mire\/#primaryimage\"},\"image\":{\"@id\":\"https:\/\/swissbaker.ch\/fr\/panissimo-news\/comite-central-le-bien-etre-des-membres-en-point-de-mire\/#primaryimage\"},\"thumbnailUrl\":\"https:\/\/swissbaker.ch\/wp-content\/uploads\/2022\/05\/zentralvorstand_in_kuerze-2.jpeg\",\"datePublished\":\"2022-11-03T08:20:09+00:00\",\"dateModified\":\"2023-01-24T09:46:53+00:00\",\"breadcrumb\":{\"@id\":\"https:\/\/swissbaker.ch\/fr\/panissimo-news\/comite-central-le-bien-etre-des-membres-en-point-de-mire\/#breadcrumb\"},\"inLanguage\":\"fr-FR\",\"potentialAction\":[{\"@type\":\"ReadAction\",\"target\":[\"https:\/\/swissbaker.ch\/fr\/panissimo-news\/comite-central-le-bien-etre-des-membres-en-point-de-mire\/\"]}]},{\"@type\":\"ImageObject\",\"inLanguage\":\"fr-FR\",\"@id\":\"https:\/\/swissbaker.ch\/fr\/panissimo-news\/comite-central-le-bien-etre-des-membres-en-point-de-mire\/#primaryimage\",\"url\":\"https:\/\/swissbaker.ch\/wp-content\/uploads\/2022\/05\/zentralvorstand_in_kuerze-2.jpeg\",\"contentUrl\":\"https:\/\/swissbaker.ch\/wp-content\/uploads\/2022\/05\/zentralvorstand_in_kuerze-2.jpeg\",\"width\":800,\"height\":474,\"caption\":\"Un ordre du jour charg\u00e9\"},{\"@type\":\"BreadcrumbList\",\"@id\":\"https:\/\/swissbaker.ch\/fr\/panissimo-news\/comite-central-le-bien-etre-des-membres-en-point-de-mire\/#breadcrumb\",\"itemListElement\":[{\"@type\":\"ListItem\",\"position\":1,\"name\":\"\",\"item\":\"https:\/\/swissbaker.ch\/fr\/\"},{\"@type\":\"ListItem\",\"position\":2,\"name\":\"Association\",\"item\":\"https:\/\/swissbaker.ch\/fr\/panissimo-news\/category\/association\/\"},{\"@type\":\"ListItem\",\"position\":3,\"name\":\"Comit\u00e9 central : le bien-\u00eatre des membres en point de mire\"}]},{\"@type\":\"WebSite\",\"@id\":\"https:\/\/swissbaker.ch\/fr\/#website\",\"url\":\"https:\/\/swissbaker.ch\/fr\/\",\"name\":\"SBC\",\"description\":\"\",\"publisher\":{\"@id\":\"https:\/\/swissbaker.ch\/fr\/#organization\"},\"potentialAction\":[{\"@type\":\"SearchAction\",\"target\":{\"@type\":\"EntryPoint\",\"urlTemplate\":\"https:\/\/swissbaker.ch\/fr\/?s={search_term_string}\"},\"query-input\":{\"@type\":\"PropertyValueSpecification\",\"valueRequired\":true,\"valueName\":\"search_term_string\"}}],\"inLanguage\":\"fr-FR\"},{\"@type\":\"Organization\",\"@id\":\"https:\/\/swissbaker.ch\/fr\/#organization\",\"name\":\"Schweizerischer B\u00e4cker-Confiseurmeister-Verband\",\"url\":\"https:\/\/swissbaker.ch\/fr\/\",\"logo\":{\"@type\":\"ImageObject\",\"inLanguage\":\"fr-FR\",\"@id\":\"https:\/\/swissbaker.ch\/fr\/#\/schema\/logo\/image\/\",\"url\":\"https:\/\/swissbaker.ch\/wp-content\/uploads\/2022\/04\/sbc-logo-yoast.jpg\",\"contentUrl\":\"https:\/\/swissbaker.ch\/wp-content\/uploads\/2022\/04\/sbc-logo-yoast.jpg\",\"width\":512,\"height\":512,\"caption\":\"Schweizerischer B\u00e4cker-Confiseurmeister-Verband\"},\"image\":{\"@id\":\"https:\/\/swissbaker.ch\/fr\/#\/schema\/logo\/image\/\"},\"sameAs\":[\"https:\/\/www.facebook.com\/swissbaker.ch\",\"https:\/\/x.com\/ch_swissbaker\"]},{\"@type\":\"Person\",\"@id\":\"https:\/\/swissbaker.ch\/fr\/#\/schema\/person\/74bd327b08c18ca6042c02ff6f0ed5e2\",\"name\":\"Simon Nussbaum\",\"image\":{\"@type\":\"ImageObject\",\"inLanguage\":\"fr-FR\",\"@id\":\"https:\/\/swissbaker.ch\/fr\/#\/schema\/person\/image\/\",\"url\":\"https:\/\/secure.gravatar.com\/avatar\/df0eced3bb556c806cb760cf503ade1ed1df25b4104d80d6fd28d93a9509aa12?s=96&d=mm&r=g\",\"contentUrl\":\"https:\/\/secure.gravatar.com\/avatar\/df0eced3bb556c806cb760cf503ade1ed1df25b4104d80d6fd28d93a9509aa12?s=96&d=mm&r=g\",\"caption\":\"Simon Nussbaum\"},\"url\":\"https:\/\/swissbaker.ch\/fr\/panissimo-news\/author\/simon-nussbaum\/\"}]}<\/script>\n<!-- \/ Yoast SEO Premium plugin. -->","yoast_head_json":{"title":"Comit\u00e9 central : le bien-\u00eatre des membres en point de mire | SBC","robots":{"index":"index","follow":"follow","max-snippet":"max-snippet:-1","max-image-preview":"max-image-preview:large","max-video-preview":"max-video-preview:-1"},"canonical":"https:\/\/swissbaker.ch\/fr\/panissimo-news\/comite-central-le-bien-etre-des-membres-en-point-de-mire\/","og_locale":"fr_FR","og_type":"article","og_title":"Comit\u00e9 central : le bien-\u00eatre des membres en point de mire","og_description":"Les th\u00e8mes \u00e0 l\u2019ordre du jour de la s\u00e9ance du comit\u00e9 central de l\u2019Association suisse des patrons boulangers-confiseurs du 27\u00a0octobre \u00e0 Berne se sont av\u00e9r\u00e9s complexes. Des discussions engag\u00e9es ont permis de trouver des solutions possibles, de prendre des d\u00e9cisions phares et de pr\u00e9parer l&#8217;avenir, tout cela dans l&#8217;optique du bien-\u00eatre des membres et du maintien du secteur artisanal. Finances [&hellip;]","og_url":"https:\/\/swissbaker.ch\/fr\/panissimo-news\/comite-central-le-bien-etre-des-membres-en-point-de-mire\/","og_site_name":"SBC","article_publisher":"https:\/\/www.facebook.com\/swissbaker.ch","article_published_time":"2022-11-03T08:20:09+00:00","article_modified_time":"2023-01-24T09:46:53+00:00","og_image":[{"width":800,"height":474,"url":"https:\/\/swissbaker.ch\/wp-content\/uploads\/2022\/05\/zentralvorstand_in_kuerze-2.jpeg","type":"image\/jpeg"}],"author":"Simon Nussbaum","twitter_card":"summary_large_image","twitter_creator":"@ch_swissbaker","twitter_site":"@ch_swissbaker","twitter_misc":{"Written by":"Simon Nussbaum","Est. reading time":"13 minutes"},"schema":{"@context":"https:\/\/schema.org","@graph":[{"@type":"Article","@id":"https:\/\/swissbaker.ch\/fr\/panissimo-news\/comite-central-le-bien-etre-des-membres-en-point-de-mire\/#article","isPartOf":{"@id":"https:\/\/swissbaker.ch\/fr\/panissimo-news\/comite-central-le-bien-etre-des-membres-en-point-de-mire\/"},"author":{"name":"Simon Nussbaum","@id":"https:\/\/swissbaker.ch\/fr\/#\/schema\/person\/74bd327b08c18ca6042c02ff6f0ed5e2"},"headline":"Comit\u00e9 central : le bien-\u00eatre des membres en point de mire","datePublished":"2022-11-03T08:20:09+00:00","dateModified":"2023-01-24T09:46:53+00:00","mainEntityOfPage":{"@id":"https:\/\/swissbaker.ch\/fr\/panissimo-news\/comite-central-le-bien-etre-des-membres-en-point-de-mire\/"},"wordCount":2475,"publisher":{"@id":"https:\/\/swissbaker.ch\/fr\/#organization"},"image":{"@id":"https:\/\/swissbaker.ch\/fr\/panissimo-news\/comite-central-le-bien-etre-des-membres-en-point-de-mire\/#primaryimage"},"thumbnailUrl":"https:\/\/swissbaker.ch\/wp-content\/uploads\/2022\/05\/zentralvorstand_in_kuerze-2.jpeg","articleSection":["Association"],"inLanguage":"fr-FR"},{"@type":"WebPage","@id":"https:\/\/swissbaker.ch\/fr\/panissimo-news\/comite-central-le-bien-etre-des-membres-en-point-de-mire\/","url":"https:\/\/swissbaker.ch\/fr\/panissimo-news\/comite-central-le-bien-etre-des-membres-en-point-de-mire\/","name":"Comit\u00e9 central : le bien-\u00eatre des membres en point de mire | SBC","isPartOf":{"@id":"https:\/\/swissbaker.ch\/fr\/#website"},"primaryImageOfPage":{"@id":"https:\/\/swissbaker.ch\/fr\/panissimo-news\/comite-central-le-bien-etre-des-membres-en-point-de-mire\/#primaryimage"},"image":{"@id":"https:\/\/swissbaker.ch\/fr\/panissimo-news\/comite-central-le-bien-etre-des-membres-en-point-de-mire\/#primaryimage"},"thumbnailUrl":"https:\/\/swissbaker.ch\/wp-content\/uploads\/2022\/05\/zentralvorstand_in_kuerze-2.jpeg","datePublished":"2022-11-03T08:20:09+00:00","dateModified":"2023-01-24T09:46:53+00:00","breadcrumb":{"@id":"https:\/\/swissbaker.ch\/fr\/panissimo-news\/comite-central-le-bien-etre-des-membres-en-point-de-mire\/#breadcrumb"},"inLanguage":"fr-FR","potentialAction":[{"@type":"ReadAction","target":["https:\/\/swissbaker.ch\/fr\/panissimo-news\/comite-central-le-bien-etre-des-membres-en-point-de-mire\/"]}]},{"@type":"ImageObject","inLanguage":"fr-FR","@id":"https:\/\/swissbaker.ch\/fr\/panissimo-news\/comite-central-le-bien-etre-des-membres-en-point-de-mire\/#primaryimage","url":"https:\/\/swissbaker.ch\/wp-content\/uploads\/2022\/05\/zentralvorstand_in_kuerze-2.jpeg","contentUrl":"https:\/\/swissbaker.ch\/wp-content\/uploads\/2022\/05\/zentralvorstand_in_kuerze-2.jpeg","width":800,"height":474,"caption":"Un ordre du jour charg\u00e9"},{"@type":"BreadcrumbList","@id":"https:\/\/swissbaker.ch\/fr\/panissimo-news\/comite-central-le-bien-etre-des-membres-en-point-de-mire\/#breadcrumb","itemListElement":[{"@type":"ListItem","position":1,"name":"","item":"https:\/\/swissbaker.ch\/fr\/"},{"@type":"ListItem","position":2,"name":"Association","item":"https:\/\/swissbaker.ch\/fr\/panissimo-news\/category\/association\/"},{"@type":"ListItem","position":3,"name":"Comit\u00e9 central : le bien-\u00eatre des membres en point de mire"}]},{"@type":"WebSite","@id":"https:\/\/swissbaker.ch\/fr\/#website","url":"https:\/\/swissbaker.ch\/fr\/","name":"SBC","description":"","publisher":{"@id":"https:\/\/swissbaker.ch\/fr\/#organization"},"potentialAction":[{"@type":"SearchAction","target":{"@type":"EntryPoint","urlTemplate":"https:\/\/swissbaker.ch\/fr\/?s={search_term_string}"},"query-input":{"@type":"PropertyValueSpecification","valueRequired":true,"valueName":"search_term_string"}}],"inLanguage":"fr-FR"},{"@type":"Organization","@id":"https:\/\/swissbaker.ch\/fr\/#organization","name":"Schweizerischer B\u00e4cker-Confiseurmeister-Verband","url":"https:\/\/swissbaker.ch\/fr\/","logo":{"@type":"ImageObject","inLanguage":"fr-FR","@id":"https:\/\/swissbaker.ch\/fr\/#\/schema\/logo\/image\/","url":"https:\/\/swissbaker.ch\/wp-content\/uploads\/2022\/04\/sbc-logo-yoast.jpg","contentUrl":"https:\/\/swissbaker.ch\/wp-content\/uploads\/2022\/04\/sbc-logo-yoast.jpg","width":512,"height":512,"caption":"Schweizerischer B\u00e4cker-Confiseurmeister-Verband"},"image":{"@id":"https:\/\/swissbaker.ch\/fr\/#\/schema\/logo\/image\/"},"sameAs":["https:\/\/www.facebook.com\/swissbaker.ch","https:\/\/x.com\/ch_swissbaker"]},{"@type":"Person","@id":"https:\/\/swissbaker.ch\/fr\/#\/schema\/person\/74bd327b08c18ca6042c02ff6f0ed5e2","name":"Simon Nussbaum","image":{"@type":"ImageObject","inLanguage":"fr-FR","@id":"https:\/\/swissbaker.ch\/fr\/#\/schema\/person\/image\/","url":"https:\/\/secure.gravatar.com\/avatar\/df0eced3bb556c806cb760cf503ade1ed1df25b4104d80d6fd28d93a9509aa12?s=96&d=mm&r=g","contentUrl":"https:\/\/secure.gravatar.com\/avatar\/df0eced3bb556c806cb760cf503ade1ed1df25b4104d80d6fd28d93a9509aa12?s=96&d=mm&r=g","caption":"Simon Nussbaum"},"url":"https:\/\/swissbaker.ch\/fr\/panissimo-news\/author\/simon-nussbaum\/"}]}},"_links":{"self":[{"href":"https:\/\/swissbaker.ch\/fr\/wp-json\/wp\/v2\/posts\/52558","targetHints":{"allow":["GET"]}}],"collection":[{"href":"https:\/\/swissbaker.ch\/fr\/wp-json\/wp\/v2\/posts"}],"about":[{"href":"https:\/\/swissbaker.ch\/fr\/wp-json\/wp\/v2\/types\/post"}],"author":[{"embeddable":true,"href":"https:\/\/swissbaker.ch\/fr\/wp-json\/wp\/v2\/users\/5"}],"replies":[{"embeddable":true,"href":"https:\/\/swissbaker.ch\/fr\/wp-json\/wp\/v2\/comments?post=52558"}],"version-history":[{"count":0,"href":"https:\/\/swissbaker.ch\/fr\/wp-json\/wp\/v2\/posts\/52558\/revisions"}],"wp:featuredmedia":[{"embeddable":true,"href":"https:\/\/swissbaker.ch\/fr\/wp-json\/wp\/v2\/media\/11457"}],"wp:attachment":[{"href":"https:\/\/swissbaker.ch\/fr\/wp-json\/wp\/v2\/media?parent=52558"}],"wp:term":[{"taxonomy":"category","embeddable":true,"href":"https:\/\/swissbaker.ch\/fr\/wp-json\/wp\/v2\/categories?post=52558"},{"taxonomy":"post_tag","embeddable":true,"href":"https:\/\/swissbaker.ch\/fr\/wp-json\/wp\/v2\/tags?post=52558"}],"curies":[{"name":"wp","href":"https:\/\/api.w.org\/{rel}","templated":true}]}}