{"id":52540,"date":"2022-11-09T15:04:12","date_gmt":"2022-11-09T14:04:12","guid":{"rendered":"https:\/\/swissbaker.ch\/?p=52540"},"modified":"2023-02-01T09:08:30","modified_gmt":"2023-02-01T08:08:30","slug":"le-defi-de-la-fixation-des-prix","status":"publish","type":"post","link":"https:\/\/swissbaker.ch\/fr\/panissimo-news\/le-defi-de-la-fixation-des-prix\/","title":{"rendered":"Le d\u00e9fi de la fixation des prix"},"content":{"rendered":"\n<p><strong>Depuis un certain temps, on entend et on lit partout que les prix augmentent. Une situation difficile, y compris pour notre secteur. Une augmentation des prix est in\u00e9vitable. Markus K\u00fcnzli, directeur de SBC Fiduciaire, conna\u00eet bien le secteur et indique les points auxquels il faut faire attention lors du calcul des prix.<\/strong><\/p>\n\n\n\n<p>Dans notre dernier article paru dans Panissimo, nous avons attir\u00e9 l\u2019atten-tion sur le d\u00e9fi repr\u00e9sent\u00e9 par l\u2019\u00e9volution des prix au cours des derniers mois. Les d\u00e9bats sur l\u2019\u00e9lectricit\u00e9 et le contexte inflationniste mettent la branche et le pays tout entier sous pression. L\u2019hiver approche, il est question de p\u00e9nurie d\u2019\u00e9lectricit\u00e9, voire de panne de courant &#8211; bref, la situation est d\u00e9licate et ne sera certainement pas facile. Les prix doivent \u00eatre augment\u00e9s, nous n\u2019avons gu\u00e8re d\u2019autre solution. Mais comment se pr\u00e9sente un calcul correct ? Nous vous montrons comment faire.<br>Un calcul typique pour un pain pourrait par exemple ressembler \u00e0 ceci :<\/p>\n\n\n\n<figure class=\"wp-block-image size-large\"><img decoding=\"async\" width=\"1024\" height=\"598\" src=\"https:\/\/swissbaker.ch\/wp-content\/uploads\/2022\/11\/calcul-1024x598.jpg\" alt=\"\" class=\"wp-image-52541\" srcset=\"https:\/\/swissbaker.ch\/wp-content\/uploads\/2022\/11\/calcul-1024x598.jpg 1024w, https:\/\/swissbaker.ch\/wp-content\/uploads\/2022\/11\/calcul-768x448.jpg 768w, https:\/\/swissbaker.ch\/wp-content\/uploads\/2022\/11\/calcul-1536x897.jpg 1536w, https:\/\/swissbaker.ch\/wp-content\/uploads\/2022\/11\/calcul.jpg 1982w\" sizes=\"(max-width: 1024px) 100vw, 1024px\" \/><\/figure>\n\n\n\n<p>La pr\u00e9sentation est quelque peu simplifi\u00e9e, mais r\u00e9sume les principaux \u00e9l\u00e9ments :<\/p>\n\n\n\n<h2 class=\"wp-block-heading\" id=\"h-couts-des-marchandises-couts-directs-de-materiel\">CO\u00dbTS DES MARCHANDISES &#8211; CO\u00dbTS DIRECTS DE MAT\u00c9RIEL<\/h2>\n\n\n\n<p>Les co\u00fbts des marchandises comprennent la farine, les mati\u00e8res premi\u00e8res, les mat\u00e9riaux d\u2019emballage, etc. \u2013 tout ce qui entre en compte pour le produit. Pour simplifier, on peut prendre ici la marge brute I (comme dans notre exemple avec 20 %), ou se servir de la recette du produit et calculer chaque composant au moyen de la quantit\u00e9 et du prix par pi\u00e8ce.<\/p>\n\n\n\n<h2 class=\"wp-block-heading\">CO\u00dbTS DE PRODUCTION<\/h2>\n\n\n\n<p>Les co\u00fbts de production comprennent les charges de personnel et peuvent \u00eatre calcul\u00e9s \u00e0 l\u2019aide du salaire par minute. Le temps pass\u00e9 par produit devrait \u00eatre estim\u00e9 sur la base de l\u2019exp\u00e9rience de production.<\/p>\n\n\n\n<h2 class=\"wp-block-heading\">TAUX DE MAJORATION DES FRAIS G\u00c9N\u00c9RAUX<\/h2>\n\n\n\n<p>Le taux de majoration refl\u00e8te le rapport entre les co\u00fbts de production et les frais g\u00e9n\u00e9raux (loyer, co\u00fbts d\u2019\u00e9nergie, frais administratifs, etc.). Pour les prendre en compte dans le calcul, nous nous servons du taux de majoration.<\/p>\n\n\n\n<h2 class=\"wp-block-heading\">B\u00c9N\u00c9FICE<\/h2>\n\n\n\n<p>Ici, nous ajoutons encore la marge b\u00e9n\u00e9ficiaire (consid\u00e9ration globale).<\/p>\n\n\n\n<h2 class=\"wp-block-heading\">EXEMPLE DE CALCUL<\/h2>\n\n\n\n<p>Pour mieux illustrer cela, voici un exemple de calcul pour un petit pain :<\/p>\n\n\n\n<p><strong>Hypoth\u00e8ses<\/strong><\/p>\n\n\n\n<ul class=\"wp-block-list\"><li>Salaire \u00e0 la minute (co\u00fbts de production) de CHF 85 centimes &#8211; temps de production de 26 secondes maximum<\/li><li>Taux de majoration de 100 %<\/li><\/ul>\n\n\n\n<p><em>Remarque : ces deux valeurs de r\u00e9f\u00e9rence peuvent \u00eatre tir\u00e9es de notre comparaison sectorielle, que nous \u00e9tablissons pour chaque entreprise. La comparaison sectorielle fait partie du paquet de prestations de la SBC Fiduciaire SA.<\/em><\/p>\n\n\n\n<p><strong>Petits pains pour<\/strong><\/p>\n\n\n\n<figure class=\"wp-block-table is-style-stripes\"><table><tbody><tr><td>Co\u00fbts de mat\u00e9riel \/ co\u00fbts des marchandises (BG I)<\/td><td class=\"has-text-align-right\" data-align=\"right\">20 %<\/td><td class=\"has-text-align-right\" data-align=\"right\">CHF 0.30<\/td><td class=\"has-text-align-right\" data-align=\"right\">20 %<\/td><\/tr><tr><td>Co\u00fbts de production avec salaire par minute<\/td><td class=\"has-text-align-right\" data-align=\"right\">CHF 0.85<\/td><td class=\"has-text-align-right\" data-align=\"right\">CHF 0.45<\/td><td class=\"has-text-align-right\" data-align=\"right\">25 %<\/td><\/tr><tr><td>Taux de majoration des frais g\u00e9n\u00e9raux<\/td><td class=\"has-text-align-right\" data-align=\"right\">100 %<\/td><td class=\"has-text-align-right\" data-align=\"right\">CHF 0.68<\/td><td class=\"has-text-align-right\" data-align=\"right\">45 %<\/td><\/tr><tr><td>B\u00e9n\u00e9fice<\/td><td class=\"has-text-align-right\" data-align=\"right\">10 %<\/td><td class=\"has-text-align-right\" data-align=\"right\">CHF 0.08<\/td><td class=\"has-text-align-right\" data-align=\"right\">10 %<\/td><\/tr><tr><td><strong>Prix hors TVA<\/strong><\/td><td class=\"has-text-align-right\" data-align=\"right\"><\/td><td class=\"has-text-align-right\" data-align=\"right\"><strong>CHF 1.50<\/strong><\/td><td class=\"has-text-align-right\" data-align=\"right\"><\/td><\/tr><\/tbody><\/table><\/figure>\n\n\n\n<p>C\u2019est ainsi que se calcule le prix d\u2019un petit pain. Attention : la TVA s\u2019ajoute-rait ici pour d\u00e9signer le prix de vente correct.<\/p>\n\n\n\n<p>Il est \u00e9galement possible de valider les prix existants en recalculant le sch\u00e9ma ci-dessus. Prenons le prix de notre petit pain de CHF 1.50. Selon la r\u00e9partition ci-dessus, les co\u00fbts de production devraient s\u2019\u00e9lever au maximum \u00e0 25 % de ce prix, soit environ 38 centimes. Avec un salaire \u00e0 la minute dans la production de par exemple 85 centimes, on devrait donc consacrer au maximum 26 secondes \u00e0 un petit pain &#8211; et ici, nous ne parlons bien s\u00fbr que de la fabrication, pas de tout le processus de cuisson dans le four, car ces co\u00fbts font partie des frais g\u00e9n\u00e9raux et se retrouvent dans le taux de majoration. La validation serait donc la suivante : 26 secondes sont-elles r\u00e9alistes dans ma production pour un petit pain ? Si oui, le prix est correct. Si ce n\u2019est pas le cas, il faudrait augmenter le prix en cons\u00e9-quence ou rendre la production plus efficace.<\/p>\n\n\n\n<h2 class=\"wp-block-heading\">QUE VA-T-IL SE PASSER MAINTENANT ?<\/h2>\n\n\n\n<p>Les plus grandes augmentations de prix sont attendues dans les frais g\u00e9n\u00e9raux, et \u00e0 ce propos, le prix de l\u2019\u00e9lectricit\u00e9, entre autres, sera probable-ment le crit\u00e8re d\u00e9terminant. Sans oublier l\u2019\u00e9volution des salaires, qui doivent \u00eatre adapt\u00e9s au niveau g\u00e9n\u00e9ral de l\u2019inflation par la CCNT (+2-3 %), ce qui entra\u00eenera une l\u00e9g\u00e8re augmentation du salaire \u00e0 la minute. Et bien s\u00fbr, au final, c\u2019est vous, en tant qu\u2019entrepreneur, qui d\u00e9cidez si le prix calcul\u00e9 peut \u00eatre appliqu\u00e9 sur le march\u00e9. C\u2019est l\u00e0 que l\u2019on verra si les produits de niche des boulangeries locales r\u00e9ussissent \u00e0 s\u2019imposer ou non. <\/p>\n\n\n\n<p>Markus K\u00fcnzli, <br>directeur SBC Fiduciaire<\/p>\n\n\n\n<hr class=\"wp-block-separator has-alpha-channel-opacity\"\/>\n\n\n\n<h2 class=\"wp-block-heading\">Comparaison de la branche de la SBC Fiduciaire<\/h2>\n\n\n\n<p>Chaque ann\u00e9e, la <a href=\"https:\/\/www.sbc-treuhand.ch\/fr\/home\/\" target=\"_blank\" rel=\"noreferrer noopener\">SBC Fiduciaire<\/a> analyse les comptes annuels d\u2019environ 600 clients issus de la branche de la boulangerie et confiserie. Ils obtiennent ainsi une image r\u00e9aliste de la branche et de ses indicateurs principaux. Les avantages : La comparaison de la branche permet aux clients de comparer leur entreprise aux chiffres moyens d\u2019entreprises similaires. Ensemble, ils analysent l\u2019entre-prise, puis ils proposent des possibilit\u00e9s d\u2019optimisation. Le r\u00e9sultat : des comptes annuels qui tiennent la route, mais aussi de pr\u00e9cieux conseils, astuces et comparaisons.<\/p>\n\n\n\n<p><\/p>\n","protected":false},"excerpt":{"rendered":"<p>Depuis un certain temps, on entend et on lit partout que les prix augmentent. Une situation difficile, y compris pour notre secteur. Une augmentation des prix est in\u00e9vitable. Markus K\u00fcnzli, directeur de SBC Fiduciaire, conna\u00eet bien le secteur et indique les points auxquels il faut faire attention lors du calcul des prix. Dans notre dernier article paru dans Panissimo, nous [&hellip;]<\/p>\n","protected":false},"author":4,"featured_media":52538,"comment_status":"closed","ping_status":"closed","sticky":true,"template":"","format":"standard","meta":{"_acf_changed":false,"footnotes":""},"categories":[54,39],"tags":[],"class_list":["post-52540","post","type-post","status-publish","format-standard","has-post-thumbnail","hentry","category-conseils","category-de-la-branche"],"acf":[],"yoast_head":"<!-- This site is optimized with the Yoast SEO Premium plugin v26.8 (Yoast SEO v26.8) - https:\/\/yoast.com\/product\/yoast-seo-premium-wordpress\/ -->\n<title>Le d\u00e9fi de la fixation des prix | SBC<\/title>\n<meta name=\"description\" content=\"Markus K\u00fcnzli, directeur de SBC Fiduciaire, conna\u00eet bien le secteur et indique les points auxquels il faut faire attention lors du calcul des\" \/>\n<meta name=\"robots\" content=\"index, follow, max-snippet:-1, max-image-preview:large, max-video-preview:-1\" \/>\n<link rel=\"canonical\" href=\"https:\/\/swissbaker.ch\/fr\/panissimo-news\/le-defi-de-la-fixation-des-prix\/\" \/>\n<meta property=\"og:locale\" content=\"fr_FR\" \/>\n<meta property=\"og:type\" content=\"article\" \/>\n<meta property=\"og:title\" content=\"Le d\u00e9fi de la fixation des prix\" \/>\n<meta property=\"og:description\" content=\"Markus K\u00fcnzli, directeur de SBC Fiduciaire, conna\u00eet bien le secteur et indique les points auxquels il faut faire attention lors du calcul des\" \/>\n<meta property=\"og:url\" content=\"https:\/\/swissbaker.ch\/fr\/panissimo-news\/le-defi-de-la-fixation-des-prix\/\" \/>\n<meta property=\"og:site_name\" content=\"SBC\" \/>\n<meta property=\"article:publisher\" content=\"https:\/\/www.facebook.com\/swissbaker.ch\" \/>\n<meta property=\"article:published_time\" content=\"2022-11-09T14:04:12+00:00\" \/>\n<meta property=\"article:modified_time\" content=\"2023-02-01T08:08:30+00:00\" \/>\n<meta property=\"og:image\" content=\"https:\/\/swissbaker.ch\/wp-content\/uploads\/2022\/11\/abrechnungadobestock_367987510_wutzkoh-scaled.jpeg\" \/>\n\t<meta property=\"og:image:width\" content=\"2048\" \/>\n\t<meta property=\"og:image:height\" content=\"922\" \/>\n\t<meta property=\"og:image:type\" content=\"image\/jpeg\" \/>\n<meta name=\"author\" content=\"Elina Laich\" \/>\n<meta name=\"twitter:card\" content=\"summary_large_image\" \/>\n<meta name=\"twitter:creator\" content=\"@ch_swissbaker\" \/>\n<meta name=\"twitter:site\" content=\"@ch_swissbaker\" \/>\n<meta name=\"twitter:label1\" content=\"Written by\" \/>\n\t<meta name=\"twitter:data1\" content=\"Elina Laich\" \/>\n\t<meta name=\"twitter:label2\" content=\"Est. reading time\" \/>\n\t<meta name=\"twitter:data2\" content=\"5 minutes\" \/>\n<script type=\"application\/ld+json\" class=\"yoast-schema-graph\">{\"@context\":\"https:\/\/schema.org\",\"@graph\":[{\"@type\":\"Article\",\"@id\":\"https:\/\/swissbaker.ch\/fr\/panissimo-news\/le-defi-de-la-fixation-des-prix\/#article\",\"isPartOf\":{\"@id\":\"https:\/\/swissbaker.ch\/fr\/panissimo-news\/le-defi-de-la-fixation-des-prix\/\"},\"author\":{\"name\":\"Elina Laich\",\"@id\":\"https:\/\/swissbaker.ch\/fr\/#\/schema\/person\/0c7464407782a0917d6e91a74206a176\"},\"headline\":\"Le d\u00e9fi de la fixation des prix\",\"datePublished\":\"2022-11-09T14:04:12+00:00\",\"dateModified\":\"2023-02-01T08:08:30+00:00\",\"mainEntityOfPage\":{\"@id\":\"https:\/\/swissbaker.ch\/fr\/panissimo-news\/le-defi-de-la-fixation-des-prix\/\"},\"wordCount\":896,\"publisher\":{\"@id\":\"https:\/\/swissbaker.ch\/fr\/#organization\"},\"image\":{\"@id\":\"https:\/\/swissbaker.ch\/fr\/panissimo-news\/le-defi-de-la-fixation-des-prix\/#primaryimage\"},\"thumbnailUrl\":\"https:\/\/swissbaker.ch\/wp-content\/uploads\/2022\/11\/abrechnungadobestock_367987510_wutzkoh-scaled.jpeg\",\"articleSection\":[\"Conseils\",\"De la branche\"],\"inLanguage\":\"fr-FR\"},{\"@type\":\"WebPage\",\"@id\":\"https:\/\/swissbaker.ch\/fr\/panissimo-news\/le-defi-de-la-fixation-des-prix\/\",\"url\":\"https:\/\/swissbaker.ch\/fr\/panissimo-news\/le-defi-de-la-fixation-des-prix\/\",\"name\":\"Le d\u00e9fi de la fixation des prix | SBC\",\"isPartOf\":{\"@id\":\"https:\/\/swissbaker.ch\/fr\/#website\"},\"primaryImageOfPage\":{\"@id\":\"https:\/\/swissbaker.ch\/fr\/panissimo-news\/le-defi-de-la-fixation-des-prix\/#primaryimage\"},\"image\":{\"@id\":\"https:\/\/swissbaker.ch\/fr\/panissimo-news\/le-defi-de-la-fixation-des-prix\/#primaryimage\"},\"thumbnailUrl\":\"https:\/\/swissbaker.ch\/wp-content\/uploads\/2022\/11\/abrechnungadobestock_367987510_wutzkoh-scaled.jpeg\",\"datePublished\":\"2022-11-09T14:04:12+00:00\",\"dateModified\":\"2023-02-01T08:08:30+00:00\",\"description\":\"Markus K\u00fcnzli, directeur de SBC Fiduciaire, conna\u00eet bien le secteur et indique les points auxquels il faut faire attention lors du calcul des\",\"breadcrumb\":{\"@id\":\"https:\/\/swissbaker.ch\/fr\/panissimo-news\/le-defi-de-la-fixation-des-prix\/#breadcrumb\"},\"inLanguage\":\"fr-FR\",\"potentialAction\":[{\"@type\":\"ReadAction\",\"target\":[\"https:\/\/swissbaker.ch\/fr\/panissimo-news\/le-defi-de-la-fixation-des-prix\/\"]}]},{\"@type\":\"ImageObject\",\"inLanguage\":\"fr-FR\",\"@id\":\"https:\/\/swissbaker.ch\/fr\/panissimo-news\/le-defi-de-la-fixation-des-prix\/#primaryimage\",\"url\":\"https:\/\/swissbaker.ch\/wp-content\/uploads\/2022\/11\/abrechnungadobestock_367987510_wutzkoh-scaled.jpeg\",\"contentUrl\":\"https:\/\/swissbaker.ch\/wp-content\/uploads\/2022\/11\/abrechnungadobestock_367987510_wutzkoh-scaled.jpeg\",\"width\":2048,\"height\":922,\"caption\":\"Woman using calculator with doing finance at home office.\"},{\"@type\":\"BreadcrumbList\",\"@id\":\"https:\/\/swissbaker.ch\/fr\/panissimo-news\/le-defi-de-la-fixation-des-prix\/#breadcrumb\",\"itemListElement\":[{\"@type\":\"ListItem\",\"position\":1,\"name\":\"\",\"item\":\"https:\/\/swissbaker.ch\/fr\/\"},{\"@type\":\"ListItem\",\"position\":2,\"name\":\"De la branche\",\"item\":\"https:\/\/swissbaker.ch\/fr\/panissimo-news\/category\/de-la-branche\/\"},{\"@type\":\"ListItem\",\"position\":3,\"name\":\"Le d\u00e9fi de la fixation des prix\"}]},{\"@type\":\"WebSite\",\"@id\":\"https:\/\/swissbaker.ch\/fr\/#website\",\"url\":\"https:\/\/swissbaker.ch\/fr\/\",\"name\":\"SBC\",\"description\":\"\",\"publisher\":{\"@id\":\"https:\/\/swissbaker.ch\/fr\/#organization\"},\"potentialAction\":[{\"@type\":\"SearchAction\",\"target\":{\"@type\":\"EntryPoint\",\"urlTemplate\":\"https:\/\/swissbaker.ch\/fr\/?s={search_term_string}\"},\"query-input\":{\"@type\":\"PropertyValueSpecification\",\"valueRequired\":true,\"valueName\":\"search_term_string\"}}],\"inLanguage\":\"fr-FR\"},{\"@type\":\"Organization\",\"@id\":\"https:\/\/swissbaker.ch\/fr\/#organization\",\"name\":\"Schweizerischer B\u00e4cker-Confiseurmeister-Verband\",\"url\":\"https:\/\/swissbaker.ch\/fr\/\",\"logo\":{\"@type\":\"ImageObject\",\"inLanguage\":\"fr-FR\",\"@id\":\"https:\/\/swissbaker.ch\/fr\/#\/schema\/logo\/image\/\",\"url\":\"https:\/\/swissbaker.ch\/wp-content\/uploads\/2022\/04\/sbc-logo-yoast.jpg\",\"contentUrl\":\"https:\/\/swissbaker.ch\/wp-content\/uploads\/2022\/04\/sbc-logo-yoast.jpg\",\"width\":512,\"height\":512,\"caption\":\"Schweizerischer B\u00e4cker-Confiseurmeister-Verband\"},\"image\":{\"@id\":\"https:\/\/swissbaker.ch\/fr\/#\/schema\/logo\/image\/\"},\"sameAs\":[\"https:\/\/www.facebook.com\/swissbaker.ch\",\"https:\/\/x.com\/ch_swissbaker\"]},{\"@type\":\"Person\",\"@id\":\"https:\/\/swissbaker.ch\/fr\/#\/schema\/person\/0c7464407782a0917d6e91a74206a176\",\"name\":\"Elina Laich\",\"image\":{\"@type\":\"ImageObject\",\"inLanguage\":\"fr-FR\",\"@id\":\"https:\/\/swissbaker.ch\/fr\/#\/schema\/person\/image\/\",\"url\":\"https:\/\/secure.gravatar.com\/avatar\/f942ca5f8668781d3ded9592a21de46001e053aff264ff1c6deb97b59d3604b2?s=96&d=mm&r=g\",\"contentUrl\":\"https:\/\/secure.gravatar.com\/avatar\/f942ca5f8668781d3ded9592a21de46001e053aff264ff1c6deb97b59d3604b2?s=96&d=mm&r=g\",\"caption\":\"Elina Laich\"},\"url\":\"https:\/\/swissbaker.ch\/fr\/panissimo-news\/author\/elina-laich\/\"}]}<\/script>\n<!-- \/ Yoast SEO Premium plugin. -->","yoast_head_json":{"title":"Le d\u00e9fi de la fixation des prix | SBC","description":"Markus K\u00fcnzli, directeur de SBC Fiduciaire, conna\u00eet bien le secteur et indique les points auxquels il faut faire attention lors du calcul des","robots":{"index":"index","follow":"follow","max-snippet":"max-snippet:-1","max-image-preview":"max-image-preview:large","max-video-preview":"max-video-preview:-1"},"canonical":"https:\/\/swissbaker.ch\/fr\/panissimo-news\/le-defi-de-la-fixation-des-prix\/","og_locale":"fr_FR","og_type":"article","og_title":"Le d\u00e9fi de la fixation des prix","og_description":"Markus K\u00fcnzli, directeur de SBC Fiduciaire, conna\u00eet bien le secteur et indique les points auxquels il faut faire attention lors du calcul des","og_url":"https:\/\/swissbaker.ch\/fr\/panissimo-news\/le-defi-de-la-fixation-des-prix\/","og_site_name":"SBC","article_publisher":"https:\/\/www.facebook.com\/swissbaker.ch","article_published_time":"2022-11-09T14:04:12+00:00","article_modified_time":"2023-02-01T08:08:30+00:00","og_image":[{"width":2048,"height":922,"url":"https:\/\/swissbaker.ch\/wp-content\/uploads\/2022\/11\/abrechnungadobestock_367987510_wutzkoh-scaled.jpeg","type":"image\/jpeg"}],"author":"Elina Laich","twitter_card":"summary_large_image","twitter_creator":"@ch_swissbaker","twitter_site":"@ch_swissbaker","twitter_misc":{"Written by":"Elina Laich","Est. reading time":"5 minutes"},"schema":{"@context":"https:\/\/schema.org","@graph":[{"@type":"Article","@id":"https:\/\/swissbaker.ch\/fr\/panissimo-news\/le-defi-de-la-fixation-des-prix\/#article","isPartOf":{"@id":"https:\/\/swissbaker.ch\/fr\/panissimo-news\/le-defi-de-la-fixation-des-prix\/"},"author":{"name":"Elina Laich","@id":"https:\/\/swissbaker.ch\/fr\/#\/schema\/person\/0c7464407782a0917d6e91a74206a176"},"headline":"Le d\u00e9fi de la fixation des prix","datePublished":"2022-11-09T14:04:12+00:00","dateModified":"2023-02-01T08:08:30+00:00","mainEntityOfPage":{"@id":"https:\/\/swissbaker.ch\/fr\/panissimo-news\/le-defi-de-la-fixation-des-prix\/"},"wordCount":896,"publisher":{"@id":"https:\/\/swissbaker.ch\/fr\/#organization"},"image":{"@id":"https:\/\/swissbaker.ch\/fr\/panissimo-news\/le-defi-de-la-fixation-des-prix\/#primaryimage"},"thumbnailUrl":"https:\/\/swissbaker.ch\/wp-content\/uploads\/2022\/11\/abrechnungadobestock_367987510_wutzkoh-scaled.jpeg","articleSection":["Conseils","De la branche"],"inLanguage":"fr-FR"},{"@type":"WebPage","@id":"https:\/\/swissbaker.ch\/fr\/panissimo-news\/le-defi-de-la-fixation-des-prix\/","url":"https:\/\/swissbaker.ch\/fr\/panissimo-news\/le-defi-de-la-fixation-des-prix\/","name":"Le d\u00e9fi de la fixation des prix | SBC","isPartOf":{"@id":"https:\/\/swissbaker.ch\/fr\/#website"},"primaryImageOfPage":{"@id":"https:\/\/swissbaker.ch\/fr\/panissimo-news\/le-defi-de-la-fixation-des-prix\/#primaryimage"},"image":{"@id":"https:\/\/swissbaker.ch\/fr\/panissimo-news\/le-defi-de-la-fixation-des-prix\/#primaryimage"},"thumbnailUrl":"https:\/\/swissbaker.ch\/wp-content\/uploads\/2022\/11\/abrechnungadobestock_367987510_wutzkoh-scaled.jpeg","datePublished":"2022-11-09T14:04:12+00:00","dateModified":"2023-02-01T08:08:30+00:00","description":"Markus K\u00fcnzli, directeur de SBC Fiduciaire, conna\u00eet bien le secteur et indique les points auxquels il faut faire attention lors du calcul des","breadcrumb":{"@id":"https:\/\/swissbaker.ch\/fr\/panissimo-news\/le-defi-de-la-fixation-des-prix\/#breadcrumb"},"inLanguage":"fr-FR","potentialAction":[{"@type":"ReadAction","target":["https:\/\/swissbaker.ch\/fr\/panissimo-news\/le-defi-de-la-fixation-des-prix\/"]}]},{"@type":"ImageObject","inLanguage":"fr-FR","@id":"https:\/\/swissbaker.ch\/fr\/panissimo-news\/le-defi-de-la-fixation-des-prix\/#primaryimage","url":"https:\/\/swissbaker.ch\/wp-content\/uploads\/2022\/11\/abrechnungadobestock_367987510_wutzkoh-scaled.jpeg","contentUrl":"https:\/\/swissbaker.ch\/wp-content\/uploads\/2022\/11\/abrechnungadobestock_367987510_wutzkoh-scaled.jpeg","width":2048,"height":922,"caption":"Woman using calculator with doing finance at home office."},{"@type":"BreadcrumbList","@id":"https:\/\/swissbaker.ch\/fr\/panissimo-news\/le-defi-de-la-fixation-des-prix\/#breadcrumb","itemListElement":[{"@type":"ListItem","position":1,"name":"","item":"https:\/\/swissbaker.ch\/fr\/"},{"@type":"ListItem","position":2,"name":"De la branche","item":"https:\/\/swissbaker.ch\/fr\/panissimo-news\/category\/de-la-branche\/"},{"@type":"ListItem","position":3,"name":"Le d\u00e9fi de la fixation des prix"}]},{"@type":"WebSite","@id":"https:\/\/swissbaker.ch\/fr\/#website","url":"https:\/\/swissbaker.ch\/fr\/","name":"SBC","description":"","publisher":{"@id":"https:\/\/swissbaker.ch\/fr\/#organization"},"potentialAction":[{"@type":"SearchAction","target":{"@type":"EntryPoint","urlTemplate":"https:\/\/swissbaker.ch\/fr\/?s={search_term_string}"},"query-input":{"@type":"PropertyValueSpecification","valueRequired":true,"valueName":"search_term_string"}}],"inLanguage":"fr-FR"},{"@type":"Organization","@id":"https:\/\/swissbaker.ch\/fr\/#organization","name":"Schweizerischer B\u00e4cker-Confiseurmeister-Verband","url":"https:\/\/swissbaker.ch\/fr\/","logo":{"@type":"ImageObject","inLanguage":"fr-FR","@id":"https:\/\/swissbaker.ch\/fr\/#\/schema\/logo\/image\/","url":"https:\/\/swissbaker.ch\/wp-content\/uploads\/2022\/04\/sbc-logo-yoast.jpg","contentUrl":"https:\/\/swissbaker.ch\/wp-content\/uploads\/2022\/04\/sbc-logo-yoast.jpg","width":512,"height":512,"caption":"Schweizerischer B\u00e4cker-Confiseurmeister-Verband"},"image":{"@id":"https:\/\/swissbaker.ch\/fr\/#\/schema\/logo\/image\/"},"sameAs":["https:\/\/www.facebook.com\/swissbaker.ch","https:\/\/x.com\/ch_swissbaker"]},{"@type":"Person","@id":"https:\/\/swissbaker.ch\/fr\/#\/schema\/person\/0c7464407782a0917d6e91a74206a176","name":"Elina Laich","image":{"@type":"ImageObject","inLanguage":"fr-FR","@id":"https:\/\/swissbaker.ch\/fr\/#\/schema\/person\/image\/","url":"https:\/\/secure.gravatar.com\/avatar\/f942ca5f8668781d3ded9592a21de46001e053aff264ff1c6deb97b59d3604b2?s=96&d=mm&r=g","contentUrl":"https:\/\/secure.gravatar.com\/avatar\/f942ca5f8668781d3ded9592a21de46001e053aff264ff1c6deb97b59d3604b2?s=96&d=mm&r=g","caption":"Elina Laich"},"url":"https:\/\/swissbaker.ch\/fr\/panissimo-news\/author\/elina-laich\/"}]}},"_links":{"self":[{"href":"https:\/\/swissbaker.ch\/fr\/wp-json\/wp\/v2\/posts\/52540","targetHints":{"allow":["GET"]}}],"collection":[{"href":"https:\/\/swissbaker.ch\/fr\/wp-json\/wp\/v2\/posts"}],"about":[{"href":"https:\/\/swissbaker.ch\/fr\/wp-json\/wp\/v2\/types\/post"}],"author":[{"embeddable":true,"href":"https:\/\/swissbaker.ch\/fr\/wp-json\/wp\/v2\/users\/4"}],"replies":[{"embeddable":true,"href":"https:\/\/swissbaker.ch\/fr\/wp-json\/wp\/v2\/comments?post=52540"}],"version-history":[{"count":0,"href":"https:\/\/swissbaker.ch\/fr\/wp-json\/wp\/v2\/posts\/52540\/revisions"}],"wp:featuredmedia":[{"embeddable":true,"href":"https:\/\/swissbaker.ch\/fr\/wp-json\/wp\/v2\/media\/52538"}],"wp:attachment":[{"href":"https:\/\/swissbaker.ch\/fr\/wp-json\/wp\/v2\/media?parent=52540"}],"wp:term":[{"taxonomy":"category","embeddable":true,"href":"https:\/\/swissbaker.ch\/fr\/wp-json\/wp\/v2\/categories?post=52540"},{"taxonomy":"post_tag","embeddable":true,"href":"https:\/\/swissbaker.ch\/fr\/wp-json\/wp\/v2\/tags?post=52540"}],"curies":[{"name":"wp","href":"https:\/\/api.w.org\/{rel}","templated":true}]}}