{"id":52519,"date":"2022-11-09T14:09:44","date_gmt":"2022-11-09T13:09:44","guid":{"rendered":"https:\/\/swissbaker.ch\/?p=52519"},"modified":"2023-01-24T10:46:37","modified_gmt":"2023-01-24T09:46:37","slug":"un-tessinois-sur-le-podium-de-la-cmp-2022","status":"publish","type":"post","link":"https:\/\/swissbaker.ch\/fr\/panissimo-news\/un-tessinois-sur-le-podium-de-la-cmp-2022\/","title":{"rendered":"Un Tessinois sur le podium de la CMP 2022"},"content":{"rendered":"\n<p>La troisi\u00e8me \u00e9dition de la Coppa del Mondo del Panettone (CMP) s\u2019est d\u00e9roul\u00e9e du 4 au 6 novembre \u00e0 Milan (I). Le jury international a \u00e9valu\u00e9 des panettones traditionnels et au chocolat provenant du monde entier. Luca Poncini, la Panetteria-Pasticceria Poncini Luca e Co \u00e0 Maggia (TI), a obtenu la troisi\u00e8me place dans la cat\u00e9gorie panettone traditionnel. Le titre est revenu \u00e0 l\u2019Italien Giuseppe Mascolo. Son compatriote Annibale Memmolo a remport\u00e9 la cat\u00e9gorie panettone au chocolat.<\/p>\n\n\n\n<figure class=\"wp-block-image size-large\"><img decoding=\"async\" width=\"1024\" height=\"682\" src=\"https:\/\/swissbaker.ch\/wp-content\/uploads\/2022\/11\/vincitori-panettone-tradizionale-1-1024x682.jpg\" alt=\"\" class=\"wp-image-52508\" srcset=\"https:\/\/swissbaker.ch\/wp-content\/uploads\/2022\/11\/vincitori-panettone-tradizionale-1-1024x682.jpg 1024w, https:\/\/swissbaker.ch\/wp-content\/uploads\/2022\/11\/vincitori-panettone-tradizionale-1-768x512.jpg 768w, https:\/\/swissbaker.ch\/wp-content\/uploads\/2022\/11\/vincitori-panettone-tradizionale-1-1536x1023.jpg 1536w, https:\/\/swissbaker.ch\/wp-content\/uploads\/2022\/11\/vincitori-panettone-tradizionale-1.jpg 1600w\" sizes=\"(max-width: 1024px) 100vw, 1024px\" \/><figcaption><em>Podium du panettone traditionnel : Luca Poncini (3e), Giuseppe Piffaretti (fondateur de la CMP), Giuseppe Mascolo (1er), Claudio Colombo (2e).<\/em><\/figcaption><\/figure>\n","protected":false},"excerpt":{"rendered":"<p>La troisi\u00e8me \u00e9dition de la Coppa del Mondo del Panettone (CMP) s\u2019est d\u00e9roul\u00e9e du 4 au 6 novembre \u00e0 Milan (I). Le jury international a \u00e9valu\u00e9 des panettones traditionnels et au chocolat provenant du monde entier. Luca Poncini, la Panetteria-Pasticceria Poncini Luca e Co \u00e0 Maggia (TI), a obtenu la troisi\u00e8me place dans la cat\u00e9gorie panettone traditionnel. Le titre est [&hellip;]<\/p>\n","protected":false},"author":4,"featured_media":52513,"comment_status":"closed","ping_status":"closed","sticky":false,"template":"","format":"standard","meta":{"_acf_changed":false,"footnotes":""},"categories":[43,40],"tags":[],"class_list":["post-52519","post","type-post","status-publish","format-standard","has-post-thumbnail","hentry","category-concours","category-des-cantons"],"acf":[],"yoast_head":"<!-- This site is optimized with the Yoast SEO Premium plugin v26.8 (Yoast SEO v26.8) - https:\/\/yoast.com\/product\/yoast-seo-premium-wordpress\/ -->\n<title>Un Tessinois sur le podium de la CMP 2022 | SBC<\/title>\n<meta name=\"description\" content=\"Luca Poncini, la Panetteria-Pasticceria Poncini Luca e Co \u00e0 Maggia (TI), a obtenu la troisi\u00e8me place dans la cat\u00e9gorie panettone traditionnel.\" \/>\n<meta name=\"robots\" content=\"index, follow, max-snippet:-1, max-image-preview:large, max-video-preview:-1\" \/>\n<link rel=\"canonical\" href=\"https:\/\/swissbaker.ch\/fr\/panissimo-news\/un-tessinois-sur-le-podium-de-la-cmp-2022\/\" \/>\n<meta property=\"og:locale\" content=\"fr_FR\" \/>\n<meta property=\"og:type\" content=\"article\" \/>\n<meta property=\"og:title\" content=\"Un Tessinois sur le podium de la CMP 2022\" \/>\n<meta property=\"og:description\" content=\"Luca Poncini, la Panetteria-Pasticceria Poncini Luca e Co \u00e0 Maggia (TI), a obtenu la troisi\u00e8me place dans la cat\u00e9gorie panettone traditionnel.\" \/>\n<meta property=\"og:url\" content=\"https:\/\/swissbaker.ch\/fr\/panissimo-news\/un-tessinois-sur-le-podium-de-la-cmp-2022\/\" \/>\n<meta property=\"og:site_name\" content=\"SBC\" \/>\n<meta property=\"article:publisher\" content=\"https:\/\/www.facebook.com\/swissbaker.ch\" \/>\n<meta property=\"article:published_time\" content=\"2022-11-09T13:09:44+00:00\" \/>\n<meta property=\"article:modified_time\" content=\"2023-01-24T09:46:37+00:00\" \/>\n<meta property=\"og:image\" content=\"https:\/\/swissbaker.ch\/wp-content\/uploads\/2022\/11\/21_1_cmp.jpg\" \/>\n\t<meta property=\"og:image:width\" content=\"1200\" \/>\n\t<meta property=\"og:image:height\" content=\"712\" \/>\n\t<meta property=\"og:image:type\" content=\"image\/jpeg\" \/>\n<meta name=\"author\" content=\"Elina Laich\" \/>\n<meta name=\"twitter:card\" content=\"summary_large_image\" \/>\n<meta name=\"twitter:creator\" content=\"@ch_swissbaker\" \/>\n<meta name=\"twitter:site\" content=\"@ch_swissbaker\" \/>\n<meta name=\"twitter:label1\" content=\"Written by\" \/>\n\t<meta name=\"twitter:data1\" content=\"Elina Laich\" \/>\n\t<meta name=\"twitter:label2\" content=\"Est. reading time\" \/>\n\t<meta name=\"twitter:data2\" content=\"1 minute\" \/>\n<script type=\"application\/ld+json\" class=\"yoast-schema-graph\">{\"@context\":\"https:\/\/schema.org\",\"@graph\":[{\"@type\":\"Article\",\"@id\":\"https:\/\/swissbaker.ch\/fr\/panissimo-news\/un-tessinois-sur-le-podium-de-la-cmp-2022\/#article\",\"isPartOf\":{\"@id\":\"https:\/\/swissbaker.ch\/fr\/panissimo-news\/un-tessinois-sur-le-podium-de-la-cmp-2022\/\"},\"author\":{\"name\":\"Elina Laich\",\"@id\":\"https:\/\/swissbaker.ch\/fr\/#\/schema\/person\/0c7464407782a0917d6e91a74206a176\"},\"headline\":\"Un Tessinois sur le podium de la CMP 2022\",\"datePublished\":\"2022-11-09T13:09:44+00:00\",\"dateModified\":\"2023-01-24T09:46:37+00:00\",\"mainEntityOfPage\":{\"@id\":\"https:\/\/swissbaker.ch\/fr\/panissimo-news\/un-tessinois-sur-le-podium-de-la-cmp-2022\/\"},\"wordCount\":106,\"publisher\":{\"@id\":\"https:\/\/swissbaker.ch\/fr\/#organization\"},\"image\":{\"@id\":\"https:\/\/swissbaker.ch\/fr\/panissimo-news\/un-tessinois-sur-le-podium-de-la-cmp-2022\/#primaryimage\"},\"thumbnailUrl\":\"https:\/\/swissbaker.ch\/wp-content\/uploads\/2022\/11\/21_1_cmp.jpg\",\"articleSection\":[\"Concours\",\"Des cantons\"],\"inLanguage\":\"fr-FR\"},{\"@type\":\"WebPage\",\"@id\":\"https:\/\/swissbaker.ch\/fr\/panissimo-news\/un-tessinois-sur-le-podium-de-la-cmp-2022\/\",\"url\":\"https:\/\/swissbaker.ch\/fr\/panissimo-news\/un-tessinois-sur-le-podium-de-la-cmp-2022\/\",\"name\":\"Un Tessinois sur le podium de la CMP 2022 | SBC\",\"isPartOf\":{\"@id\":\"https:\/\/swissbaker.ch\/fr\/#website\"},\"primaryImageOfPage\":{\"@id\":\"https:\/\/swissbaker.ch\/fr\/panissimo-news\/un-tessinois-sur-le-podium-de-la-cmp-2022\/#primaryimage\"},\"image\":{\"@id\":\"https:\/\/swissbaker.ch\/fr\/panissimo-news\/un-tessinois-sur-le-podium-de-la-cmp-2022\/#primaryimage\"},\"thumbnailUrl\":\"https:\/\/swissbaker.ch\/wp-content\/uploads\/2022\/11\/21_1_cmp.jpg\",\"datePublished\":\"2022-11-09T13:09:44+00:00\",\"dateModified\":\"2023-01-24T09:46:37+00:00\",\"description\":\"Luca Poncini, la Panetteria-Pasticceria Poncini Luca e Co \u00e0 Maggia (TI), a obtenu la troisi\u00e8me place dans la cat\u00e9gorie panettone traditionnel.\",\"breadcrumb\":{\"@id\":\"https:\/\/swissbaker.ch\/fr\/panissimo-news\/un-tessinois-sur-le-podium-de-la-cmp-2022\/#breadcrumb\"},\"inLanguage\":\"fr-FR\",\"potentialAction\":[{\"@type\":\"ReadAction\",\"target\":[\"https:\/\/swissbaker.ch\/fr\/panissimo-news\/un-tessinois-sur-le-podium-de-la-cmp-2022\/\"]}]},{\"@type\":\"ImageObject\",\"inLanguage\":\"fr-FR\",\"@id\":\"https:\/\/swissbaker.ch\/fr\/panissimo-news\/un-tessinois-sur-le-podium-de-la-cmp-2022\/#primaryimage\",\"url\":\"https:\/\/swissbaker.ch\/wp-content\/uploads\/2022\/11\/21_1_cmp.jpg\",\"contentUrl\":\"https:\/\/swissbaker.ch\/wp-content\/uploads\/2022\/11\/21_1_cmp.jpg\",\"width\":1200,\"height\":712},{\"@type\":\"BreadcrumbList\",\"@id\":\"https:\/\/swissbaker.ch\/fr\/panissimo-news\/un-tessinois-sur-le-podium-de-la-cmp-2022\/#breadcrumb\",\"itemListElement\":[{\"@type\":\"ListItem\",\"position\":1,\"name\":\"\",\"item\":\"https:\/\/swissbaker.ch\/fr\/\"},{\"@type\":\"ListItem\",\"position\":2,\"name\":\"Des cantons\",\"item\":\"https:\/\/swissbaker.ch\/fr\/panissimo-news\/category\/des-cantons\/\"},{\"@type\":\"ListItem\",\"position\":3,\"name\":\"Un Tessinois sur le podium de la CMP 2022\"}]},{\"@type\":\"WebSite\",\"@id\":\"https:\/\/swissbaker.ch\/fr\/#website\",\"url\":\"https:\/\/swissbaker.ch\/fr\/\",\"name\":\"SBC\",\"description\":\"\",\"publisher\":{\"@id\":\"https:\/\/swissbaker.ch\/fr\/#organization\"},\"potentialAction\":[{\"@type\":\"SearchAction\",\"target\":{\"@type\":\"EntryPoint\",\"urlTemplate\":\"https:\/\/swissbaker.ch\/fr\/?s={search_term_string}\"},\"query-input\":{\"@type\":\"PropertyValueSpecification\",\"valueRequired\":true,\"valueName\":\"search_term_string\"}}],\"inLanguage\":\"fr-FR\"},{\"@type\":\"Organization\",\"@id\":\"https:\/\/swissbaker.ch\/fr\/#organization\",\"name\":\"Schweizerischer B\u00e4cker-Confiseurmeister-Verband\",\"url\":\"https:\/\/swissbaker.ch\/fr\/\",\"logo\":{\"@type\":\"ImageObject\",\"inLanguage\":\"fr-FR\",\"@id\":\"https:\/\/swissbaker.ch\/fr\/#\/schema\/logo\/image\/\",\"url\":\"https:\/\/swissbaker.ch\/wp-content\/uploads\/2022\/04\/sbc-logo-yoast.jpg\",\"contentUrl\":\"https:\/\/swissbaker.ch\/wp-content\/uploads\/2022\/04\/sbc-logo-yoast.jpg\",\"width\":512,\"height\":512,\"caption\":\"Schweizerischer B\u00e4cker-Confiseurmeister-Verband\"},\"image\":{\"@id\":\"https:\/\/swissbaker.ch\/fr\/#\/schema\/logo\/image\/\"},\"sameAs\":[\"https:\/\/www.facebook.com\/swissbaker.ch\",\"https:\/\/x.com\/ch_swissbaker\"]},{\"@type\":\"Person\",\"@id\":\"https:\/\/swissbaker.ch\/fr\/#\/schema\/person\/0c7464407782a0917d6e91a74206a176\",\"name\":\"Elina Laich\",\"image\":{\"@type\":\"ImageObject\",\"inLanguage\":\"fr-FR\",\"@id\":\"https:\/\/swissbaker.ch\/fr\/#\/schema\/person\/image\/\",\"url\":\"https:\/\/secure.gravatar.com\/avatar\/f942ca5f8668781d3ded9592a21de46001e053aff264ff1c6deb97b59d3604b2?s=96&d=mm&r=g\",\"contentUrl\":\"https:\/\/secure.gravatar.com\/avatar\/f942ca5f8668781d3ded9592a21de46001e053aff264ff1c6deb97b59d3604b2?s=96&d=mm&r=g\",\"caption\":\"Elina Laich\"},\"url\":\"https:\/\/swissbaker.ch\/fr\/panissimo-news\/author\/elina-laich\/\"}]}<\/script>\n<!-- \/ Yoast SEO Premium plugin. -->","yoast_head_json":{"title":"Un Tessinois sur le podium de la CMP 2022 | SBC","description":"Luca Poncini, la Panetteria-Pasticceria Poncini Luca e Co \u00e0 Maggia (TI), a obtenu la troisi\u00e8me place dans la cat\u00e9gorie panettone traditionnel.","robots":{"index":"index","follow":"follow","max-snippet":"max-snippet:-1","max-image-preview":"max-image-preview:large","max-video-preview":"max-video-preview:-1"},"canonical":"https:\/\/swissbaker.ch\/fr\/panissimo-news\/un-tessinois-sur-le-podium-de-la-cmp-2022\/","og_locale":"fr_FR","og_type":"article","og_title":"Un Tessinois sur le podium de la CMP 2022","og_description":"Luca Poncini, la Panetteria-Pasticceria Poncini Luca e Co \u00e0 Maggia (TI), a obtenu la troisi\u00e8me place dans la cat\u00e9gorie panettone traditionnel.","og_url":"https:\/\/swissbaker.ch\/fr\/panissimo-news\/un-tessinois-sur-le-podium-de-la-cmp-2022\/","og_site_name":"SBC","article_publisher":"https:\/\/www.facebook.com\/swissbaker.ch","article_published_time":"2022-11-09T13:09:44+00:00","article_modified_time":"2023-01-24T09:46:37+00:00","og_image":[{"width":1200,"height":712,"url":"https:\/\/swissbaker.ch\/wp-content\/uploads\/2022\/11\/21_1_cmp.jpg","type":"image\/jpeg"}],"author":"Elina Laich","twitter_card":"summary_large_image","twitter_creator":"@ch_swissbaker","twitter_site":"@ch_swissbaker","twitter_misc":{"Written by":"Elina Laich","Est. reading time":"1 minute"},"schema":{"@context":"https:\/\/schema.org","@graph":[{"@type":"Article","@id":"https:\/\/swissbaker.ch\/fr\/panissimo-news\/un-tessinois-sur-le-podium-de-la-cmp-2022\/#article","isPartOf":{"@id":"https:\/\/swissbaker.ch\/fr\/panissimo-news\/un-tessinois-sur-le-podium-de-la-cmp-2022\/"},"author":{"name":"Elina Laich","@id":"https:\/\/swissbaker.ch\/fr\/#\/schema\/person\/0c7464407782a0917d6e91a74206a176"},"headline":"Un Tessinois sur le podium de la CMP 2022","datePublished":"2022-11-09T13:09:44+00:00","dateModified":"2023-01-24T09:46:37+00:00","mainEntityOfPage":{"@id":"https:\/\/swissbaker.ch\/fr\/panissimo-news\/un-tessinois-sur-le-podium-de-la-cmp-2022\/"},"wordCount":106,"publisher":{"@id":"https:\/\/swissbaker.ch\/fr\/#organization"},"image":{"@id":"https:\/\/swissbaker.ch\/fr\/panissimo-news\/un-tessinois-sur-le-podium-de-la-cmp-2022\/#primaryimage"},"thumbnailUrl":"https:\/\/swissbaker.ch\/wp-content\/uploads\/2022\/11\/21_1_cmp.jpg","articleSection":["Concours","Des cantons"],"inLanguage":"fr-FR"},{"@type":"WebPage","@id":"https:\/\/swissbaker.ch\/fr\/panissimo-news\/un-tessinois-sur-le-podium-de-la-cmp-2022\/","url":"https:\/\/swissbaker.ch\/fr\/panissimo-news\/un-tessinois-sur-le-podium-de-la-cmp-2022\/","name":"Un Tessinois sur le podium de la CMP 2022 | SBC","isPartOf":{"@id":"https:\/\/swissbaker.ch\/fr\/#website"},"primaryImageOfPage":{"@id":"https:\/\/swissbaker.ch\/fr\/panissimo-news\/un-tessinois-sur-le-podium-de-la-cmp-2022\/#primaryimage"},"image":{"@id":"https:\/\/swissbaker.ch\/fr\/panissimo-news\/un-tessinois-sur-le-podium-de-la-cmp-2022\/#primaryimage"},"thumbnailUrl":"https:\/\/swissbaker.ch\/wp-content\/uploads\/2022\/11\/21_1_cmp.jpg","datePublished":"2022-11-09T13:09:44+00:00","dateModified":"2023-01-24T09:46:37+00:00","description":"Luca Poncini, la Panetteria-Pasticceria Poncini Luca e Co \u00e0 Maggia (TI), a obtenu la troisi\u00e8me place dans la cat\u00e9gorie panettone traditionnel.","breadcrumb":{"@id":"https:\/\/swissbaker.ch\/fr\/panissimo-news\/un-tessinois-sur-le-podium-de-la-cmp-2022\/#breadcrumb"},"inLanguage":"fr-FR","potentialAction":[{"@type":"ReadAction","target":["https:\/\/swissbaker.ch\/fr\/panissimo-news\/un-tessinois-sur-le-podium-de-la-cmp-2022\/"]}]},{"@type":"ImageObject","inLanguage":"fr-FR","@id":"https:\/\/swissbaker.ch\/fr\/panissimo-news\/un-tessinois-sur-le-podium-de-la-cmp-2022\/#primaryimage","url":"https:\/\/swissbaker.ch\/wp-content\/uploads\/2022\/11\/21_1_cmp.jpg","contentUrl":"https:\/\/swissbaker.ch\/wp-content\/uploads\/2022\/11\/21_1_cmp.jpg","width":1200,"height":712},{"@type":"BreadcrumbList","@id":"https:\/\/swissbaker.ch\/fr\/panissimo-news\/un-tessinois-sur-le-podium-de-la-cmp-2022\/#breadcrumb","itemListElement":[{"@type":"ListItem","position":1,"name":"","item":"https:\/\/swissbaker.ch\/fr\/"},{"@type":"ListItem","position":2,"name":"Des cantons","item":"https:\/\/swissbaker.ch\/fr\/panissimo-news\/category\/des-cantons\/"},{"@type":"ListItem","position":3,"name":"Un Tessinois sur le podium de la CMP 2022"}]},{"@type":"WebSite","@id":"https:\/\/swissbaker.ch\/fr\/#website","url":"https:\/\/swissbaker.ch\/fr\/","name":"SBC","description":"","publisher":{"@id":"https:\/\/swissbaker.ch\/fr\/#organization"},"potentialAction":[{"@type":"SearchAction","target":{"@type":"EntryPoint","urlTemplate":"https:\/\/swissbaker.ch\/fr\/?s={search_term_string}"},"query-input":{"@type":"PropertyValueSpecification","valueRequired":true,"valueName":"search_term_string"}}],"inLanguage":"fr-FR"},{"@type":"Organization","@id":"https:\/\/swissbaker.ch\/fr\/#organization","name":"Schweizerischer B\u00e4cker-Confiseurmeister-Verband","url":"https:\/\/swissbaker.ch\/fr\/","logo":{"@type":"ImageObject","inLanguage":"fr-FR","@id":"https:\/\/swissbaker.ch\/fr\/#\/schema\/logo\/image\/","url":"https:\/\/swissbaker.ch\/wp-content\/uploads\/2022\/04\/sbc-logo-yoast.jpg","contentUrl":"https:\/\/swissbaker.ch\/wp-content\/uploads\/2022\/04\/sbc-logo-yoast.jpg","width":512,"height":512,"caption":"Schweizerischer B\u00e4cker-Confiseurmeister-Verband"},"image":{"@id":"https:\/\/swissbaker.ch\/fr\/#\/schema\/logo\/image\/"},"sameAs":["https:\/\/www.facebook.com\/swissbaker.ch","https:\/\/x.com\/ch_swissbaker"]},{"@type":"Person","@id":"https:\/\/swissbaker.ch\/fr\/#\/schema\/person\/0c7464407782a0917d6e91a74206a176","name":"Elina Laich","image":{"@type":"ImageObject","inLanguage":"fr-FR","@id":"https:\/\/swissbaker.ch\/fr\/#\/schema\/person\/image\/","url":"https:\/\/secure.gravatar.com\/avatar\/f942ca5f8668781d3ded9592a21de46001e053aff264ff1c6deb97b59d3604b2?s=96&d=mm&r=g","contentUrl":"https:\/\/secure.gravatar.com\/avatar\/f942ca5f8668781d3ded9592a21de46001e053aff264ff1c6deb97b59d3604b2?s=96&d=mm&r=g","caption":"Elina Laich"},"url":"https:\/\/swissbaker.ch\/fr\/panissimo-news\/author\/elina-laich\/"}]}},"_links":{"self":[{"href":"https:\/\/swissbaker.ch\/fr\/wp-json\/wp\/v2\/posts\/52519","targetHints":{"allow":["GET"]}}],"collection":[{"href":"https:\/\/swissbaker.ch\/fr\/wp-json\/wp\/v2\/posts"}],"about":[{"href":"https:\/\/swissbaker.ch\/fr\/wp-json\/wp\/v2\/types\/post"}],"author":[{"embeddable":true,"href":"https:\/\/swissbaker.ch\/fr\/wp-json\/wp\/v2\/users\/4"}],"replies":[{"embeddable":true,"href":"https:\/\/swissbaker.ch\/fr\/wp-json\/wp\/v2\/comments?post=52519"}],"version-history":[{"count":0,"href":"https:\/\/swissbaker.ch\/fr\/wp-json\/wp\/v2\/posts\/52519\/revisions"}],"wp:featuredmedia":[{"embeddable":true,"href":"https:\/\/swissbaker.ch\/fr\/wp-json\/wp\/v2\/media\/52513"}],"wp:attachment":[{"href":"https:\/\/swissbaker.ch\/fr\/wp-json\/wp\/v2\/media?parent=52519"}],"wp:term":[{"taxonomy":"category","embeddable":true,"href":"https:\/\/swissbaker.ch\/fr\/wp-json\/wp\/v2\/categories?post=52519"},{"taxonomy":"post_tag","embeddable":true,"href":"https:\/\/swissbaker.ch\/fr\/wp-json\/wp\/v2\/tags?post=52519"}],"curies":[{"name":"wp","href":"https:\/\/api.w.org\/{rel}","templated":true}]}}