{"id":52459,"date":"2022-11-09T12:07:44","date_gmt":"2022-11-09T11:07:44","guid":{"rendered":"https:\/\/swissbaker.ch\/?p=52459"},"modified":"2023-01-24T10:46:47","modified_gmt":"2023-01-24T09:46:47","slug":"ayez-le-courage-de-dire-oui","status":"publish","type":"post","link":"https:\/\/swissbaker.ch\/fr\/panissimo-news\/ayez-le-courage-de-dire-oui\/","title":{"rendered":"Ayez le courage de dire oui !"},"content":{"rendered":"\n<p>Lorsque je repense \u00e0 mes 40 ans d\u2019activit\u00e9 professionnelle dans notre branche du commerce de d\u00e9tail, je constate que les femmes se font tr\u00e8s rares au sein de l\u2019association. Pourtant, 80 % des professionnels de notre secteur sont des femmes.<\/p>\n\n\n\n<p>Il suffit de penser \u00e0 l\u2019ancien comit\u00e9 central (CC) de la BCS (avant la r\u00e9organisation en 2019) : combien de temps le CC a-t-il cherch\u00e9 d\u00e9sesp\u00e9r\u00e9ment une repr\u00e9sentante pour le commerce de d\u00e9tail ? Aujourd\u2019hui, la situation n\u2019est gu\u00e8re meilleure. Plusieurs membres devront \u00eatre remplac\u00e9s l\u2019ann\u00e9e prochaine. Je suis curieuse de voir \u00e7a. Ce n\u2019est pas que nous n\u2019ayons pas de femmes dirigeantes comp\u00e9tentes dans notre BCS, oh non, ce n\u2019est pas ce qui manque. Je connais de nombreux membres qui ont le dyna-misme et la volont\u00e9 de faire bouger les choses, mais qui re-noncent parce qu\u2019elles sont d\u00e9j\u00e0 tr\u00e8s sollicit\u00e9es dans leur propre entreprise. La production n\u2019est pas la seule \u00e0 se battre pour trouver du personnel qualifi\u00e9, nous aussi, dans la vente, connais-sons ce d\u00e9fi. Le travail ne risque pas de nous manquer !<\/p>\n\n\n\n<p>Mais il y a aussi des femmes que je ne rencontre jamais. Quelle en est la raison ?<\/p>\n\n\n\n<ul class=\"wp-block-list\"><li>Parce que leurs partenaires participent activement \u00e0 la vie de l&#8217;association, au sein d&#8217;un comit\u00e9 ou d&#8217;une commission ?<\/li><li>Parce qu&#8217;elles pr\u00e9f\u00e8rent tirer les ficelles dans les coulisses ?<\/li><li>Parce qu&#8217;elles ont des enfants, des t\u00e2ches m\u00e9nag\u00e8res et d&#8217;autres obligations familiales ?<\/li><li>Parce qu&#8217;elles travaillent dans un autre environnement professionnel ?<\/li><li>Parce qu&#8217;elles ne sont pas rassur\u00e9es par leur entourage quant \u00e0 leurs valeurs et leurs capacit\u00e9s ?<\/li><li>Parce que le vieux sch\u00e9ma de pens\u00e9e persiste, selon lequel une femme membre d&#8217;un conseil d&#8217;administration doit en faire deux fois plus qu&#8217;un homme ? <\/li><\/ul>\n\n\n\n<p>Elles n&#8217;ont tout simplement pas le courage de se faire \u00e9lire.<\/p>\n\n\n\n<p>En tant que seule femme au CC, je peux vous dire que ce n\u2019est pas le cas. Je me sens tr\u00e8s bien entour\u00e9e. Je fais le m\u00eame travail que mes coll\u00e8gues masculins, mais je l\u2019aborde peut-\u00eatre un peu diff\u00e9remment. Nous formons une belle \u00e9quipe, o\u00f9 chacun s\u2019engage pour son d\u00e9partement, son domaine, mais aussi pour d\u2019autres causes, ce qui nous permet d\u2019avancer ensemble.<\/p>\n\n\n\n<p>Nous avons tous le m\u00eame objectif au CC : nous engager ensemble pour notre secteur de la confiserie et de la boulangerie et offrir un avenir \u00e0 notre rel\u00e8ve.<\/p>\n\n\n\n<p>Je suis r\u00e9solument contre les quotas de femmes. La personne \u00e9ligible doit \u00eatre qualifi\u00e9e pour le poste en question.<br>Mais je voudrais encourager nos femmes \u00e0 participer activement au d\u00e9veloppement de notre branche et \u00e0 la vie associative. Ayez le courage et la confiance de dire oui lorsqu\u2019on vous sollicite. Dites oui pour nous faire profiter de votre exp\u00e9rience, de vos connaissances et de vos comp\u00e9tences. Dites oui parce que les \u00e9quipes mixtes sont plus performantes. Dites oui parce que notre fa\u00e7on de penser est diff\u00e9rente et \u00e9largit les horizons dans notre milieu. Dites oui et engagez-vous dans la politique, car c\u2019est la seule fa\u00e7on de nous faire entendre.<\/p>\n\n\n\n<p>Dites oui, pour nous !<\/p>\n\n\n\n<p><strong>Lisa Frunz<\/strong><br>Membre du CC, d\u00e9partement du commerce de d\u00e9tail<br><\/p>\n","protected":false},"excerpt":{"rendered":"<p>Lorsque je repense \u00e0 mes 40 ans d\u2019activit\u00e9 professionnelle dans notre branche du commerce de d\u00e9tail, je constate que les femmes se font tr\u00e8s rares au sein de l\u2019association. Pourtant, 80 % des professionnels de notre secteur sont des femmes. Il suffit de penser \u00e0 l\u2019ancien comit\u00e9 central (CC) de la BCS (avant la r\u00e9organisation en 2019) : combien de [&hellip;]<\/p>\n","protected":false},"author":4,"featured_media":52457,"comment_status":"closed","ping_status":"closed","sticky":true,"template":"","format":"standard","meta":{"_acf_changed":false,"footnotes":""},"categories":[41],"tags":[],"class_list":["post-52459","post","type-post","status-publish","format-standard","has-post-thumbnail","hentry","category-association"],"acf":[],"yoast_head":"<!-- This site is optimized with the Yoast SEO Premium plugin v26.8 (Yoast SEO v26.8) - https:\/\/yoast.com\/product\/yoast-seo-premium-wordpress\/ -->\n<title>Ayez le courage de dire oui ! | SBC<\/title>\n<meta name=\"description\" content=\"Lorsque je repense \u00e0 mes 40 ans d\u2019activit\u00e9 professionnelle dans notre branche je constate que les femmes se font tr\u00e8s rares au sein de l\u2019association.\" \/>\n<meta name=\"robots\" content=\"index, follow, max-snippet:-1, max-image-preview:large, max-video-preview:-1\" \/>\n<link rel=\"canonical\" href=\"https:\/\/swissbaker.ch\/fr\/panissimo-news\/ayez-le-courage-de-dire-oui\/\" \/>\n<meta property=\"og:locale\" content=\"fr_FR\" \/>\n<meta property=\"og:type\" content=\"article\" \/>\n<meta property=\"og:title\" content=\"Ayez le courage de dire oui !\" \/>\n<meta property=\"og:description\" content=\"Lorsque je repense \u00e0 mes 40 ans d\u2019activit\u00e9 professionnelle dans notre branche je constate que les femmes se font tr\u00e8s rares au sein de l\u2019association.\" \/>\n<meta property=\"og:url\" content=\"https:\/\/swissbaker.ch\/fr\/panissimo-news\/ayez-le-courage-de-dire-oui\/\" \/>\n<meta property=\"og:site_name\" content=\"SBC\" \/>\n<meta property=\"article:publisher\" content=\"https:\/\/www.facebook.com\/swissbaker.ch\" \/>\n<meta property=\"article:published_time\" content=\"2022-11-09T11:07:44+00:00\" \/>\n<meta property=\"article:modified_time\" content=\"2023-01-24T09:46:47+00:00\" \/>\n<meta property=\"og:image\" content=\"https:\/\/swissbaker.ch\/wp-content\/uploads\/2022\/11\/20_1_lisa-frunz.jpg\" \/>\n\t<meta property=\"og:image:width\" content=\"1200\" \/>\n\t<meta property=\"og:image:height\" content=\"712\" \/>\n\t<meta property=\"og:image:type\" content=\"image\/jpeg\" \/>\n<meta name=\"author\" content=\"Elina Laich\" \/>\n<meta name=\"twitter:card\" content=\"summary_large_image\" \/>\n<meta name=\"twitter:creator\" content=\"@ch_swissbaker\" \/>\n<meta name=\"twitter:site\" content=\"@ch_swissbaker\" \/>\n<meta name=\"twitter:label1\" content=\"Written by\" \/>\n\t<meta name=\"twitter:data1\" content=\"Elina Laich\" \/>\n\t<meta name=\"twitter:label2\" content=\"Est. reading time\" \/>\n\t<meta name=\"twitter:data2\" content=\"3 minutes\" \/>\n<script type=\"application\/ld+json\" class=\"yoast-schema-graph\">{\"@context\":\"https:\/\/schema.org\",\"@graph\":[{\"@type\":\"Article\",\"@id\":\"https:\/\/swissbaker.ch\/fr\/panissimo-news\/ayez-le-courage-de-dire-oui\/#article\",\"isPartOf\":{\"@id\":\"https:\/\/swissbaker.ch\/fr\/panissimo-news\/ayez-le-courage-de-dire-oui\/\"},\"author\":{\"name\":\"Elina Laich\",\"@id\":\"https:\/\/swissbaker.ch\/fr\/#\/schema\/person\/0c7464407782a0917d6e91a74206a176\"},\"headline\":\"Ayez le courage de dire oui !\",\"datePublished\":\"2022-11-09T11:07:44+00:00\",\"dateModified\":\"2023-01-24T09:46:47+00:00\",\"mainEntityOfPage\":{\"@id\":\"https:\/\/swissbaker.ch\/fr\/panissimo-news\/ayez-le-courage-de-dire-oui\/\"},\"wordCount\":570,\"publisher\":{\"@id\":\"https:\/\/swissbaker.ch\/fr\/#organization\"},\"image\":{\"@id\":\"https:\/\/swissbaker.ch\/fr\/panissimo-news\/ayez-le-courage-de-dire-oui\/#primaryimage\"},\"thumbnailUrl\":\"https:\/\/swissbaker.ch\/wp-content\/uploads\/2022\/11\/20_1_lisa-frunz.jpg\",\"articleSection\":[\"Association\"],\"inLanguage\":\"fr-FR\"},{\"@type\":\"WebPage\",\"@id\":\"https:\/\/swissbaker.ch\/fr\/panissimo-news\/ayez-le-courage-de-dire-oui\/\",\"url\":\"https:\/\/swissbaker.ch\/fr\/panissimo-news\/ayez-le-courage-de-dire-oui\/\",\"name\":\"Ayez le courage de dire oui ! | SBC\",\"isPartOf\":{\"@id\":\"https:\/\/swissbaker.ch\/fr\/#website\"},\"primaryImageOfPage\":{\"@id\":\"https:\/\/swissbaker.ch\/fr\/panissimo-news\/ayez-le-courage-de-dire-oui\/#primaryimage\"},\"image\":{\"@id\":\"https:\/\/swissbaker.ch\/fr\/panissimo-news\/ayez-le-courage-de-dire-oui\/#primaryimage\"},\"thumbnailUrl\":\"https:\/\/swissbaker.ch\/wp-content\/uploads\/2022\/11\/20_1_lisa-frunz.jpg\",\"datePublished\":\"2022-11-09T11:07:44+00:00\",\"dateModified\":\"2023-01-24T09:46:47+00:00\",\"description\":\"Lorsque je repense \u00e0 mes 40 ans d\u2019activit\u00e9 professionnelle dans notre branche je constate que les femmes se font tr\u00e8s rares au sein de l\u2019association.\",\"breadcrumb\":{\"@id\":\"https:\/\/swissbaker.ch\/fr\/panissimo-news\/ayez-le-courage-de-dire-oui\/#breadcrumb\"},\"inLanguage\":\"fr-FR\",\"potentialAction\":[{\"@type\":\"ReadAction\",\"target\":[\"https:\/\/swissbaker.ch\/fr\/panissimo-news\/ayez-le-courage-de-dire-oui\/\"]}]},{\"@type\":\"ImageObject\",\"inLanguage\":\"fr-FR\",\"@id\":\"https:\/\/swissbaker.ch\/fr\/panissimo-news\/ayez-le-courage-de-dire-oui\/#primaryimage\",\"url\":\"https:\/\/swissbaker.ch\/wp-content\/uploads\/2022\/11\/20_1_lisa-frunz.jpg\",\"contentUrl\":\"https:\/\/swissbaker.ch\/wp-content\/uploads\/2022\/11\/20_1_lisa-frunz.jpg\",\"width\":1200,\"height\":712,\"caption\":\"Lisa Frunz ZV\"},{\"@type\":\"BreadcrumbList\",\"@id\":\"https:\/\/swissbaker.ch\/fr\/panissimo-news\/ayez-le-courage-de-dire-oui\/#breadcrumb\",\"itemListElement\":[{\"@type\":\"ListItem\",\"position\":1,\"name\":\"\",\"item\":\"https:\/\/swissbaker.ch\/fr\/\"},{\"@type\":\"ListItem\",\"position\":2,\"name\":\"Association\",\"item\":\"https:\/\/swissbaker.ch\/fr\/panissimo-news\/category\/association\/\"},{\"@type\":\"ListItem\",\"position\":3,\"name\":\"Ayez le courage de dire oui !\"}]},{\"@type\":\"WebSite\",\"@id\":\"https:\/\/swissbaker.ch\/fr\/#website\",\"url\":\"https:\/\/swissbaker.ch\/fr\/\",\"name\":\"SBC\",\"description\":\"\",\"publisher\":{\"@id\":\"https:\/\/swissbaker.ch\/fr\/#organization\"},\"potentialAction\":[{\"@type\":\"SearchAction\",\"target\":{\"@type\":\"EntryPoint\",\"urlTemplate\":\"https:\/\/swissbaker.ch\/fr\/?s={search_term_string}\"},\"query-input\":{\"@type\":\"PropertyValueSpecification\",\"valueRequired\":true,\"valueName\":\"search_term_string\"}}],\"inLanguage\":\"fr-FR\"},{\"@type\":\"Organization\",\"@id\":\"https:\/\/swissbaker.ch\/fr\/#organization\",\"name\":\"Schweizerischer B\u00e4cker-Confiseurmeister-Verband\",\"url\":\"https:\/\/swissbaker.ch\/fr\/\",\"logo\":{\"@type\":\"ImageObject\",\"inLanguage\":\"fr-FR\",\"@id\":\"https:\/\/swissbaker.ch\/fr\/#\/schema\/logo\/image\/\",\"url\":\"https:\/\/swissbaker.ch\/wp-content\/uploads\/2022\/04\/sbc-logo-yoast.jpg\",\"contentUrl\":\"https:\/\/swissbaker.ch\/wp-content\/uploads\/2022\/04\/sbc-logo-yoast.jpg\",\"width\":512,\"height\":512,\"caption\":\"Schweizerischer B\u00e4cker-Confiseurmeister-Verband\"},\"image\":{\"@id\":\"https:\/\/swissbaker.ch\/fr\/#\/schema\/logo\/image\/\"},\"sameAs\":[\"https:\/\/www.facebook.com\/swissbaker.ch\",\"https:\/\/x.com\/ch_swissbaker\"]},{\"@type\":\"Person\",\"@id\":\"https:\/\/swissbaker.ch\/fr\/#\/schema\/person\/0c7464407782a0917d6e91a74206a176\",\"name\":\"Elina Laich\",\"image\":{\"@type\":\"ImageObject\",\"inLanguage\":\"fr-FR\",\"@id\":\"https:\/\/swissbaker.ch\/fr\/#\/schema\/person\/image\/\",\"url\":\"https:\/\/secure.gravatar.com\/avatar\/f942ca5f8668781d3ded9592a21de46001e053aff264ff1c6deb97b59d3604b2?s=96&d=mm&r=g\",\"contentUrl\":\"https:\/\/secure.gravatar.com\/avatar\/f942ca5f8668781d3ded9592a21de46001e053aff264ff1c6deb97b59d3604b2?s=96&d=mm&r=g\",\"caption\":\"Elina Laich\"},\"url\":\"https:\/\/swissbaker.ch\/fr\/panissimo-news\/author\/elina-laich\/\"}]}<\/script>\n<!-- \/ Yoast SEO Premium plugin. -->","yoast_head_json":{"title":"Ayez le courage de dire oui ! | SBC","description":"Lorsque je repense \u00e0 mes 40 ans d\u2019activit\u00e9 professionnelle dans notre branche je constate que les femmes se font tr\u00e8s rares au sein de l\u2019association.","robots":{"index":"index","follow":"follow","max-snippet":"max-snippet:-1","max-image-preview":"max-image-preview:large","max-video-preview":"max-video-preview:-1"},"canonical":"https:\/\/swissbaker.ch\/fr\/panissimo-news\/ayez-le-courage-de-dire-oui\/","og_locale":"fr_FR","og_type":"article","og_title":"Ayez le courage de dire oui !","og_description":"Lorsque je repense \u00e0 mes 40 ans d\u2019activit\u00e9 professionnelle dans notre branche je constate que les femmes se font tr\u00e8s rares au sein de l\u2019association.","og_url":"https:\/\/swissbaker.ch\/fr\/panissimo-news\/ayez-le-courage-de-dire-oui\/","og_site_name":"SBC","article_publisher":"https:\/\/www.facebook.com\/swissbaker.ch","article_published_time":"2022-11-09T11:07:44+00:00","article_modified_time":"2023-01-24T09:46:47+00:00","og_image":[{"width":1200,"height":712,"url":"https:\/\/swissbaker.ch\/wp-content\/uploads\/2022\/11\/20_1_lisa-frunz.jpg","type":"image\/jpeg"}],"author":"Elina Laich","twitter_card":"summary_large_image","twitter_creator":"@ch_swissbaker","twitter_site":"@ch_swissbaker","twitter_misc":{"Written by":"Elina Laich","Est. reading time":"3 minutes"},"schema":{"@context":"https:\/\/schema.org","@graph":[{"@type":"Article","@id":"https:\/\/swissbaker.ch\/fr\/panissimo-news\/ayez-le-courage-de-dire-oui\/#article","isPartOf":{"@id":"https:\/\/swissbaker.ch\/fr\/panissimo-news\/ayez-le-courage-de-dire-oui\/"},"author":{"name":"Elina Laich","@id":"https:\/\/swissbaker.ch\/fr\/#\/schema\/person\/0c7464407782a0917d6e91a74206a176"},"headline":"Ayez le courage de dire oui !","datePublished":"2022-11-09T11:07:44+00:00","dateModified":"2023-01-24T09:46:47+00:00","mainEntityOfPage":{"@id":"https:\/\/swissbaker.ch\/fr\/panissimo-news\/ayez-le-courage-de-dire-oui\/"},"wordCount":570,"publisher":{"@id":"https:\/\/swissbaker.ch\/fr\/#organization"},"image":{"@id":"https:\/\/swissbaker.ch\/fr\/panissimo-news\/ayez-le-courage-de-dire-oui\/#primaryimage"},"thumbnailUrl":"https:\/\/swissbaker.ch\/wp-content\/uploads\/2022\/11\/20_1_lisa-frunz.jpg","articleSection":["Association"],"inLanguage":"fr-FR"},{"@type":"WebPage","@id":"https:\/\/swissbaker.ch\/fr\/panissimo-news\/ayez-le-courage-de-dire-oui\/","url":"https:\/\/swissbaker.ch\/fr\/panissimo-news\/ayez-le-courage-de-dire-oui\/","name":"Ayez le courage de dire oui ! | SBC","isPartOf":{"@id":"https:\/\/swissbaker.ch\/fr\/#website"},"primaryImageOfPage":{"@id":"https:\/\/swissbaker.ch\/fr\/panissimo-news\/ayez-le-courage-de-dire-oui\/#primaryimage"},"image":{"@id":"https:\/\/swissbaker.ch\/fr\/panissimo-news\/ayez-le-courage-de-dire-oui\/#primaryimage"},"thumbnailUrl":"https:\/\/swissbaker.ch\/wp-content\/uploads\/2022\/11\/20_1_lisa-frunz.jpg","datePublished":"2022-11-09T11:07:44+00:00","dateModified":"2023-01-24T09:46:47+00:00","description":"Lorsque je repense \u00e0 mes 40 ans d\u2019activit\u00e9 professionnelle dans notre branche je constate que les femmes se font tr\u00e8s rares au sein de l\u2019association.","breadcrumb":{"@id":"https:\/\/swissbaker.ch\/fr\/panissimo-news\/ayez-le-courage-de-dire-oui\/#breadcrumb"},"inLanguage":"fr-FR","potentialAction":[{"@type":"ReadAction","target":["https:\/\/swissbaker.ch\/fr\/panissimo-news\/ayez-le-courage-de-dire-oui\/"]}]},{"@type":"ImageObject","inLanguage":"fr-FR","@id":"https:\/\/swissbaker.ch\/fr\/panissimo-news\/ayez-le-courage-de-dire-oui\/#primaryimage","url":"https:\/\/swissbaker.ch\/wp-content\/uploads\/2022\/11\/20_1_lisa-frunz.jpg","contentUrl":"https:\/\/swissbaker.ch\/wp-content\/uploads\/2022\/11\/20_1_lisa-frunz.jpg","width":1200,"height":712,"caption":"Lisa Frunz ZV"},{"@type":"BreadcrumbList","@id":"https:\/\/swissbaker.ch\/fr\/panissimo-news\/ayez-le-courage-de-dire-oui\/#breadcrumb","itemListElement":[{"@type":"ListItem","position":1,"name":"","item":"https:\/\/swissbaker.ch\/fr\/"},{"@type":"ListItem","position":2,"name":"Association","item":"https:\/\/swissbaker.ch\/fr\/panissimo-news\/category\/association\/"},{"@type":"ListItem","position":3,"name":"Ayez le courage de dire oui !"}]},{"@type":"WebSite","@id":"https:\/\/swissbaker.ch\/fr\/#website","url":"https:\/\/swissbaker.ch\/fr\/","name":"SBC","description":"","publisher":{"@id":"https:\/\/swissbaker.ch\/fr\/#organization"},"potentialAction":[{"@type":"SearchAction","target":{"@type":"EntryPoint","urlTemplate":"https:\/\/swissbaker.ch\/fr\/?s={search_term_string}"},"query-input":{"@type":"PropertyValueSpecification","valueRequired":true,"valueName":"search_term_string"}}],"inLanguage":"fr-FR"},{"@type":"Organization","@id":"https:\/\/swissbaker.ch\/fr\/#organization","name":"Schweizerischer B\u00e4cker-Confiseurmeister-Verband","url":"https:\/\/swissbaker.ch\/fr\/","logo":{"@type":"ImageObject","inLanguage":"fr-FR","@id":"https:\/\/swissbaker.ch\/fr\/#\/schema\/logo\/image\/","url":"https:\/\/swissbaker.ch\/wp-content\/uploads\/2022\/04\/sbc-logo-yoast.jpg","contentUrl":"https:\/\/swissbaker.ch\/wp-content\/uploads\/2022\/04\/sbc-logo-yoast.jpg","width":512,"height":512,"caption":"Schweizerischer B\u00e4cker-Confiseurmeister-Verband"},"image":{"@id":"https:\/\/swissbaker.ch\/fr\/#\/schema\/logo\/image\/"},"sameAs":["https:\/\/www.facebook.com\/swissbaker.ch","https:\/\/x.com\/ch_swissbaker"]},{"@type":"Person","@id":"https:\/\/swissbaker.ch\/fr\/#\/schema\/person\/0c7464407782a0917d6e91a74206a176","name":"Elina Laich","image":{"@type":"ImageObject","inLanguage":"fr-FR","@id":"https:\/\/swissbaker.ch\/fr\/#\/schema\/person\/image\/","url":"https:\/\/secure.gravatar.com\/avatar\/f942ca5f8668781d3ded9592a21de46001e053aff264ff1c6deb97b59d3604b2?s=96&d=mm&r=g","contentUrl":"https:\/\/secure.gravatar.com\/avatar\/f942ca5f8668781d3ded9592a21de46001e053aff264ff1c6deb97b59d3604b2?s=96&d=mm&r=g","caption":"Elina Laich"},"url":"https:\/\/swissbaker.ch\/fr\/panissimo-news\/author\/elina-laich\/"}]}},"_links":{"self":[{"href":"https:\/\/swissbaker.ch\/fr\/wp-json\/wp\/v2\/posts\/52459","targetHints":{"allow":["GET"]}}],"collection":[{"href":"https:\/\/swissbaker.ch\/fr\/wp-json\/wp\/v2\/posts"}],"about":[{"href":"https:\/\/swissbaker.ch\/fr\/wp-json\/wp\/v2\/types\/post"}],"author":[{"embeddable":true,"href":"https:\/\/swissbaker.ch\/fr\/wp-json\/wp\/v2\/users\/4"}],"replies":[{"embeddable":true,"href":"https:\/\/swissbaker.ch\/fr\/wp-json\/wp\/v2\/comments?post=52459"}],"version-history":[{"count":0,"href":"https:\/\/swissbaker.ch\/fr\/wp-json\/wp\/v2\/posts\/52459\/revisions"}],"wp:featuredmedia":[{"embeddable":true,"href":"https:\/\/swissbaker.ch\/fr\/wp-json\/wp\/v2\/media\/52457"}],"wp:attachment":[{"href":"https:\/\/swissbaker.ch\/fr\/wp-json\/wp\/v2\/media?parent=52459"}],"wp:term":[{"taxonomy":"category","embeddable":true,"href":"https:\/\/swissbaker.ch\/fr\/wp-json\/wp\/v2\/categories?post=52459"},{"taxonomy":"post_tag","embeddable":true,"href":"https:\/\/swissbaker.ch\/fr\/wp-json\/wp\/v2\/tags?post=52459"}],"curies":[{"name":"wp","href":"https:\/\/api.w.org\/{rel}","templated":true}]}}