{"id":52198,"date":"2022-11-02T09:20:11","date_gmt":"2022-11-02T08:20:11","guid":{"rendered":"https:\/\/swissbaker.ch\/?p=52198"},"modified":"2023-01-24T10:46:55","modified_gmt":"2023-01-24T09:46:55","slug":"lespagne-succede-a-la-suisse","status":"publish","type":"post","link":"https:\/\/swissbaker.ch\/fr\/panissimo-news\/lespagne-succede-a-la-suisse\/","title":{"rendered":"L&#8217;Espagne succ\u00e8de \u00e0 la Suisse"},"content":{"rendered":"\n<p><strong>Le nouveau World Chocolate Master est catalan et s&#8217;appelle Lluc Crusellas. Son pr\u00e9d\u00e9cesseur, le Glaronais Elias L\u00e4derach, lui a remis le troph\u00e9e lundi soir lors de la c\u00e9r\u00e9monie de remise des prix WCM \u00e0 Paris. Le candidat suisse, Abraham Balaguer, n&#8217;a pas atteint la finale.<\/strong><\/p>\n\n\n\n<p>Le th\u00e8me \u00e9tait: \u00ab#TMRW_Tastes_Looks_Feels_Like\u00bb (Visualisation architecturale qui change le monde, esth\u00e9tique, \u00e9motions, aimer).18 chocolatiers se sont affront\u00e9s pour l\u2019honneur et la gloire lors des World Chocolate Masters du 29 au 31 octobre, dont malheureusement une seule femme, l&#8217;Italienne Anna Gerasi. Elle a obtenu une excellente quatri\u00e8me place au classement g\u00e9n\u00e9ral et remport\u00e9 le prix de la durabilit\u00e9.<\/p>\n\n\n\n<h3 class=\"wp-block-heading\" id=\"h-clarte-et-coherence\"><strong>Clart\u00e9 et coh\u00e9rence<\/strong><\/h3>\n\n\n\n<p>Lluc Crusellas a litt\u00e9ralement triomph\u00e9: il a non seulement \u00e9t\u00e9 \u00e9lu World Chocolate Master 2022, mais a \u00e9galement re\u00e7u le prix du public et le prix du jury pour sa vitrine &#8211; au centre de laquelle on trouve un \u00e9l\u00e9phant imposant, cens\u00e9 repr\u00e9senter la nature d&#8217;un c\u00f4t\u00e9 et la technique de l&#8217;autre \u2013 sans oublier une distinction pour le meilleur \u00abdesign chocolat\u00bb. Le jury a \u00e9t\u00e9 s\u00e9duit, entre autres, par sa technique, sa rectitude, sa clart\u00e9 et sa coh\u00e9rence (straight). Le Tasting a totalement convaincu le jury, a d\u00e9clar\u00e9 un membre lors de la remise des prix. Il a r\u00e9ussi \u00e0 mettre de son c\u00f4t\u00e9 et le public et le jury.<\/p>\n\n\n\n<h3 class=\"wp-block-heading\"><strong>Voiture et bo\u00eetes au nom de la marque<\/strong><\/h3>\n\n\n\n<p>Ce Catalan de 27 ans a cr\u00e9\u00e9 un d\u00e9partement p\u00e2tisserie dans la boulangerie pavic situ\u00e9e dans la petite ville de Vic, sous le nom de \u00abcarme pastisseria\u00bb. Une \u00e9quipe de 18 personnes l&#8217;accompagne depuis f\u00e9vrier dernier et depuis janvier, il a \u00e9t\u00e9 encadr\u00e9 par un coach mental. Sa voiture, ses bo\u00eetes, tout portait sa marque. La pr\u00e9paration a \u00e9t\u00e9 document\u00e9e sur son compte Instagram. Une grande communaut\u00e9 de fans s&#8217;est rendue \u00e0 Paris avec Lluc Crusellas, dont le maire de Vic.<\/p>\n\n\n\n<h3 class=\"wp-block-heading\"><strong>\u00abProfiter de ce moment!\u00bb<\/strong><\/h3>\n\n\n\n<p>Il n\u2019accorde pas une grande importance \u00e0 la gloire personnelle, a-t-il expliqu\u00e9 lors d&#8217;un entretien tenu \u00e0 l\u2019occasion d\u2019une pause de la comp\u00e9tition. Pour lui, l&#8217;artisanat, le caract\u00e8re r\u00e9gional et l\u2019information (education) des consommateurs et consommatrices sont plus importants. \u00c0 la question de savoir ce qui allait changer pour lui apr\u00e8s avoir remport\u00e9 le titre, il a r\u00e9pondu bri\u00e8vement: \u00abRien!\u00bb Il souhaite continuer \u00e0 suivre son chemin. C&#8217;est \u00e9galement le conseil que lui a donn\u00e9 le World Chocolate Master sortant, Elias L\u00e4derach, lors de la remise des prix: \u00abReste comme tu es et profite de ce moment!\u00bb Ce titre, la plateforme la plus importante \u00e0 ses yeux, a chang\u00e9 beaucoup de choses dans sa vie, lui a ouvert des portes vers d&#8217;autres pays et d&#8217;autres march\u00e9s.<\/p>\n\n\n\n<h3 class=\"wp-block-heading\"><strong>La Suisse n\u2019a pas eu la chance de remporter une victoire<\/strong><\/h3>\n\n\n\n<p>Le candidat pour la Suisse, l&#8217;Espagnol Abraham Balaguer, n&#8217;a pas r\u00e9ussi \u00e0 se qualifier pour la finale. Il n&#8217;a pu terminer sa vitrine qu&#8217;\u00e0 60%. Son pralin\u00e9, une noisette reconstitu\u00e9e, a certes enthousiasm\u00e9 certains des journalistes qui l&#8217;ont d\u00e9gust\u00e9 et la rumeur a couru qu&#8217;il allait recevoir le prix du meilleur bonbon. Mais \u00e0 la surprise de certaines personnes pr\u00e9sentes, il n&#8217;a pas non plus r\u00e9ussi \u00e0 monter sur le podium dans cette cat\u00e9gorie. L&#8217;entourage d&#8217;Abraham Balaguer \u00e9tait un peu plus modeste que celui du vainqueur espagnol. Environ cinq personnes, dont sa femme Ir\u00e8ne Santos, l&#8217;ont soutenu dans son travail. Son patron, Christian Boillat (Confiserie Boillat, St. Prex), lui a consacr\u00e9 du temps et mis \u00e0 disposition son local de production, et ses coll\u00e8gues de travail l&#8217;ont aid\u00e9 dans la pr\u00e9paration. Boillat, qui s&#8217;est \u00e9galement rendu \u00e0 Paris, a soulign\u00e9 que ce concours avait notamment permis de renforcer l&#8217;esprit d&#8217;\u00e9quipe.<\/p>\n\n\n\n<h3 class=\"wp-block-heading\">Salon du Chocolat<\/h3>\n\n\n\n<p>La grande finale des World Chocolate Masters 2022 s\u2019est d\u00e9roul\u00e9e dans le cadre du Salon du Chocolat (du 28 octobre au 1er novembre) \u00e0 Paris. L&#8217;accent a \u00e9t\u00e9 mis sur la durabilit\u00e9 et sur la prochaine g\u00e9n\u00e9ration &#8211; TMRW (Visualisation architecturale qui change le monde, esth\u00e9tique, \u00e9motions, aimer). Les participants ont d\u00fb pr\u00e9senter des visions claires, des cr\u00e9ations convaincantes et, entre autres, cr\u00e9er une vitrine et une pi\u00e8ce artistique \u00e0 ce sujet. \u00abUn th\u00e8me n\u00e9 de l&#8217;\u00e9quilibre social entre des visions apocalyptiques et un optimisme radieux\u00bb, \u00e9crit l&#8217;organisateur Cacao Barry sur son site web. Qui sait, peut-\u00eatre que le f\u00e9minin sera au centre de la prochaine \u00e9dition, puisque certains ont regrett\u00e9 que ce soit encore un men&#8217;s world.<\/p>\n\n\n\n<h3 class=\"wp-block-heading\">Le classement: <\/h3>\n\n\n\n<ol class=\"wp-block-list\"><li>place Lluc Crusellas, Espagne<\/li><li>place Antoine Carreric, France<\/li><li>place Nicolas Nikolakopoulos, Gr\u00e8ce<\/li><\/ol>\n\n\n\n<p><em>Claudia Vernocchi<\/em><\/p>\n\n\n\n<p><a href=\"https:\/\/swissbaker.ch\/fr\/panissimo-news\/galerie\/\"><strong>Galerie photos: World Chocolate Masters + Salon du Chocolat<\/strong><\/a><\/p>\n\n\n\n<p><a href=\"https:\/\/www.worldchocolatemasters.com\/\" target=\"_blank\" rel=\"noreferrer noopener\"><strong>World Chocolate Masters<\/strong><\/a><\/p>\n","protected":false},"excerpt":{"rendered":"<p>Le nouveau World Chocolate Master est catalan et s&#8217;appelle Lluc Crusellas. Son pr\u00e9d\u00e9cesseur, le Glaronais Elias L\u00e4derach, lui a remis le troph\u00e9e lundi soir lors de la c\u00e9r\u00e9monie de remise des prix WCM \u00e0 Paris. Le candidat suisse, Abraham Balaguer, n&#8217;a pas atteint la finale.<\/p>\n","protected":false},"author":5,"featured_media":51998,"comment_status":"closed","ping_status":"closed","sticky":true,"template":"","format":"standard","meta":{"_acf_changed":false,"footnotes":""},"categories":[43,39],"tags":[],"class_list":["post-52198","post","type-post","status-publish","format-standard","has-post-thumbnail","hentry","category-concours","category-de-la-branche"],"acf":[],"yoast_head":"<!-- This site is optimized with the Yoast SEO Premium plugin v26.8 (Yoast SEO v26.8) - https:\/\/yoast.com\/product\/yoast-seo-premium-wordpress\/ -->\n<title>L&#039;Espagne succ\u00e8de \u00e0 la Suisse | SBC<\/title>\n<meta name=\"description\" content=\"Le nouveau World Chocolate Master est catalan et s&#039;appelle Lluc Crusellas.\" \/>\n<meta name=\"robots\" content=\"index, follow, max-snippet:-1, max-image-preview:large, max-video-preview:-1\" \/>\n<link rel=\"canonical\" href=\"https:\/\/swissbaker.ch\/fr\/panissimo-news\/lespagne-succede-a-la-suisse\/\" \/>\n<meta property=\"og:locale\" content=\"fr_FR\" \/>\n<meta property=\"og:type\" content=\"article\" \/>\n<meta property=\"og:title\" content=\"L&#039;Espagne succ\u00e8de \u00e0 la Suisse\" \/>\n<meta property=\"og:description\" content=\"Le nouveau World Chocolate Master est catalan et s&#039;appelle Lluc Crusellas.\" \/>\n<meta property=\"og:url\" content=\"https:\/\/swissbaker.ch\/fr\/panissimo-news\/lespagne-succede-a-la-suisse\/\" \/>\n<meta property=\"og:site_name\" content=\"SBC\" \/>\n<meta property=\"article:publisher\" content=\"https:\/\/www.facebook.com\/swissbaker.ch\" \/>\n<meta property=\"article:published_time\" content=\"2022-11-02T08:20:11+00:00\" \/>\n<meta property=\"article:modified_time\" content=\"2023-01-24T09:46:55+00:00\" \/>\n<meta property=\"og:image\" content=\"https:\/\/swissbaker.ch\/wp-content\/uploads\/2022\/10\/world_chocolate_masters_2022_schlussfeier-4-scaled.jpg\" \/>\n\t<meta property=\"og:image:width\" content=\"2048\" \/>\n\t<meta property=\"og:image:height\" content=\"1536\" \/>\n\t<meta property=\"og:image:type\" content=\"image\/jpeg\" \/>\n<meta name=\"author\" content=\"Simon Nussbaum\" \/>\n<meta name=\"twitter:card\" content=\"summary_large_image\" \/>\n<meta name=\"twitter:creator\" content=\"@ch_swissbaker\" \/>\n<meta name=\"twitter:site\" content=\"@ch_swissbaker\" \/>\n<meta name=\"twitter:label1\" content=\"Written by\" \/>\n\t<meta name=\"twitter:data1\" content=\"Simon Nussbaum\" \/>\n\t<meta name=\"twitter:label2\" content=\"Est. reading time\" \/>\n\t<meta name=\"twitter:data2\" content=\"5 minutes\" \/>\n<script type=\"application\/ld+json\" class=\"yoast-schema-graph\">{\"@context\":\"https:\/\/schema.org\",\"@graph\":[{\"@type\":\"Article\",\"@id\":\"https:\/\/swissbaker.ch\/fr\/panissimo-news\/lespagne-succede-a-la-suisse\/#article\",\"isPartOf\":{\"@id\":\"https:\/\/swissbaker.ch\/fr\/panissimo-news\/lespagne-succede-a-la-suisse\/\"},\"author\":{\"name\":\"Simon Nussbaum\",\"@id\":\"https:\/\/swissbaker.ch\/fr\/#\/schema\/person\/74bd327b08c18ca6042c02ff6f0ed5e2\"},\"headline\":\"L&#8217;Espagne succ\u00e8de \u00e0 la Suisse\",\"datePublished\":\"2022-11-02T08:20:11+00:00\",\"dateModified\":\"2023-01-24T09:46:55+00:00\",\"mainEntityOfPage\":{\"@id\":\"https:\/\/swissbaker.ch\/fr\/panissimo-news\/lespagne-succede-a-la-suisse\/\"},\"wordCount\":827,\"publisher\":{\"@id\":\"https:\/\/swissbaker.ch\/fr\/#organization\"},\"image\":{\"@id\":\"https:\/\/swissbaker.ch\/fr\/panissimo-news\/lespagne-succede-a-la-suisse\/#primaryimage\"},\"thumbnailUrl\":\"https:\/\/swissbaker.ch\/wp-content\/uploads\/2022\/10\/world_chocolate_masters_2022_schlussfeier-4-scaled.jpg\",\"articleSection\":[\"Concours\",\"De la branche\"],\"inLanguage\":\"fr-FR\"},{\"@type\":\"WebPage\",\"@id\":\"https:\/\/swissbaker.ch\/fr\/panissimo-news\/lespagne-succede-a-la-suisse\/\",\"url\":\"https:\/\/swissbaker.ch\/fr\/panissimo-news\/lespagne-succede-a-la-suisse\/\",\"name\":\"L'Espagne succ\u00e8de \u00e0 la Suisse | SBC\",\"isPartOf\":{\"@id\":\"https:\/\/swissbaker.ch\/fr\/#website\"},\"primaryImageOfPage\":{\"@id\":\"https:\/\/swissbaker.ch\/fr\/panissimo-news\/lespagne-succede-a-la-suisse\/#primaryimage\"},\"image\":{\"@id\":\"https:\/\/swissbaker.ch\/fr\/panissimo-news\/lespagne-succede-a-la-suisse\/#primaryimage\"},\"thumbnailUrl\":\"https:\/\/swissbaker.ch\/wp-content\/uploads\/2022\/10\/world_chocolate_masters_2022_schlussfeier-4-scaled.jpg\",\"datePublished\":\"2022-11-02T08:20:11+00:00\",\"dateModified\":\"2023-01-24T09:46:55+00:00\",\"description\":\"Le nouveau World Chocolate Master est catalan et s'appelle Lluc Crusellas.\",\"breadcrumb\":{\"@id\":\"https:\/\/swissbaker.ch\/fr\/panissimo-news\/lespagne-succede-a-la-suisse\/#breadcrumb\"},\"inLanguage\":\"fr-FR\",\"potentialAction\":[{\"@type\":\"ReadAction\",\"target\":[\"https:\/\/swissbaker.ch\/fr\/panissimo-news\/lespagne-succede-a-la-suisse\/\"]}]},{\"@type\":\"ImageObject\",\"inLanguage\":\"fr-FR\",\"@id\":\"https:\/\/swissbaker.ch\/fr\/panissimo-news\/lespagne-succede-a-la-suisse\/#primaryimage\",\"url\":\"https:\/\/swissbaker.ch\/wp-content\/uploads\/2022\/10\/world_chocolate_masters_2022_schlussfeier-4-scaled.jpg\",\"contentUrl\":\"https:\/\/swissbaker.ch\/wp-content\/uploads\/2022\/10\/world_chocolate_masters_2022_schlussfeier-4-scaled.jpg\",\"width\":2048,\"height\":1536},{\"@type\":\"BreadcrumbList\",\"@id\":\"https:\/\/swissbaker.ch\/fr\/panissimo-news\/lespagne-succede-a-la-suisse\/#breadcrumb\",\"itemListElement\":[{\"@type\":\"ListItem\",\"position\":1,\"name\":\"\",\"item\":\"https:\/\/swissbaker.ch\/fr\/\"},{\"@type\":\"ListItem\",\"position\":2,\"name\":\"Concours\",\"item\":\"https:\/\/swissbaker.ch\/fr\/panissimo-news\/category\/concours\/\"},{\"@type\":\"ListItem\",\"position\":3,\"name\":\"L&#8217;Espagne succ\u00e8de \u00e0 la Suisse\"}]},{\"@type\":\"WebSite\",\"@id\":\"https:\/\/swissbaker.ch\/fr\/#website\",\"url\":\"https:\/\/swissbaker.ch\/fr\/\",\"name\":\"SBC\",\"description\":\"\",\"publisher\":{\"@id\":\"https:\/\/swissbaker.ch\/fr\/#organization\"},\"potentialAction\":[{\"@type\":\"SearchAction\",\"target\":{\"@type\":\"EntryPoint\",\"urlTemplate\":\"https:\/\/swissbaker.ch\/fr\/?s={search_term_string}\"},\"query-input\":{\"@type\":\"PropertyValueSpecification\",\"valueRequired\":true,\"valueName\":\"search_term_string\"}}],\"inLanguage\":\"fr-FR\"},{\"@type\":\"Organization\",\"@id\":\"https:\/\/swissbaker.ch\/fr\/#organization\",\"name\":\"Schweizerischer B\u00e4cker-Confiseurmeister-Verband\",\"url\":\"https:\/\/swissbaker.ch\/fr\/\",\"logo\":{\"@type\":\"ImageObject\",\"inLanguage\":\"fr-FR\",\"@id\":\"https:\/\/swissbaker.ch\/fr\/#\/schema\/logo\/image\/\",\"url\":\"https:\/\/swissbaker.ch\/wp-content\/uploads\/2022\/04\/sbc-logo-yoast.jpg\",\"contentUrl\":\"https:\/\/swissbaker.ch\/wp-content\/uploads\/2022\/04\/sbc-logo-yoast.jpg\",\"width\":512,\"height\":512,\"caption\":\"Schweizerischer B\u00e4cker-Confiseurmeister-Verband\"},\"image\":{\"@id\":\"https:\/\/swissbaker.ch\/fr\/#\/schema\/logo\/image\/\"},\"sameAs\":[\"https:\/\/www.facebook.com\/swissbaker.ch\",\"https:\/\/x.com\/ch_swissbaker\"]},{\"@type\":\"Person\",\"@id\":\"https:\/\/swissbaker.ch\/fr\/#\/schema\/person\/74bd327b08c18ca6042c02ff6f0ed5e2\",\"name\":\"Simon Nussbaum\",\"image\":{\"@type\":\"ImageObject\",\"inLanguage\":\"fr-FR\",\"@id\":\"https:\/\/swissbaker.ch\/fr\/#\/schema\/person\/image\/\",\"url\":\"https:\/\/secure.gravatar.com\/avatar\/df0eced3bb556c806cb760cf503ade1ed1df25b4104d80d6fd28d93a9509aa12?s=96&d=mm&r=g\",\"contentUrl\":\"https:\/\/secure.gravatar.com\/avatar\/df0eced3bb556c806cb760cf503ade1ed1df25b4104d80d6fd28d93a9509aa12?s=96&d=mm&r=g\",\"caption\":\"Simon Nussbaum\"},\"url\":\"https:\/\/swissbaker.ch\/fr\/panissimo-news\/author\/simon-nussbaum\/\"}]}<\/script>\n<!-- \/ Yoast SEO Premium plugin. -->","yoast_head_json":{"title":"L'Espagne succ\u00e8de \u00e0 la Suisse | SBC","description":"Le nouveau World Chocolate Master est catalan et s'appelle Lluc Crusellas.","robots":{"index":"index","follow":"follow","max-snippet":"max-snippet:-1","max-image-preview":"max-image-preview:large","max-video-preview":"max-video-preview:-1"},"canonical":"https:\/\/swissbaker.ch\/fr\/panissimo-news\/lespagne-succede-a-la-suisse\/","og_locale":"fr_FR","og_type":"article","og_title":"L'Espagne succ\u00e8de \u00e0 la Suisse","og_description":"Le nouveau World Chocolate Master est catalan et s'appelle Lluc Crusellas.","og_url":"https:\/\/swissbaker.ch\/fr\/panissimo-news\/lespagne-succede-a-la-suisse\/","og_site_name":"SBC","article_publisher":"https:\/\/www.facebook.com\/swissbaker.ch","article_published_time":"2022-11-02T08:20:11+00:00","article_modified_time":"2023-01-24T09:46:55+00:00","og_image":[{"width":2048,"height":1536,"url":"https:\/\/swissbaker.ch\/wp-content\/uploads\/2022\/10\/world_chocolate_masters_2022_schlussfeier-4-scaled.jpg","type":"image\/jpeg"}],"author":"Simon Nussbaum","twitter_card":"summary_large_image","twitter_creator":"@ch_swissbaker","twitter_site":"@ch_swissbaker","twitter_misc":{"Written by":"Simon Nussbaum","Est. reading time":"5 minutes"},"schema":{"@context":"https:\/\/schema.org","@graph":[{"@type":"Article","@id":"https:\/\/swissbaker.ch\/fr\/panissimo-news\/lespagne-succede-a-la-suisse\/#article","isPartOf":{"@id":"https:\/\/swissbaker.ch\/fr\/panissimo-news\/lespagne-succede-a-la-suisse\/"},"author":{"name":"Simon Nussbaum","@id":"https:\/\/swissbaker.ch\/fr\/#\/schema\/person\/74bd327b08c18ca6042c02ff6f0ed5e2"},"headline":"L&#8217;Espagne succ\u00e8de \u00e0 la Suisse","datePublished":"2022-11-02T08:20:11+00:00","dateModified":"2023-01-24T09:46:55+00:00","mainEntityOfPage":{"@id":"https:\/\/swissbaker.ch\/fr\/panissimo-news\/lespagne-succede-a-la-suisse\/"},"wordCount":827,"publisher":{"@id":"https:\/\/swissbaker.ch\/fr\/#organization"},"image":{"@id":"https:\/\/swissbaker.ch\/fr\/panissimo-news\/lespagne-succede-a-la-suisse\/#primaryimage"},"thumbnailUrl":"https:\/\/swissbaker.ch\/wp-content\/uploads\/2022\/10\/world_chocolate_masters_2022_schlussfeier-4-scaled.jpg","articleSection":["Concours","De la branche"],"inLanguage":"fr-FR"},{"@type":"WebPage","@id":"https:\/\/swissbaker.ch\/fr\/panissimo-news\/lespagne-succede-a-la-suisse\/","url":"https:\/\/swissbaker.ch\/fr\/panissimo-news\/lespagne-succede-a-la-suisse\/","name":"L'Espagne succ\u00e8de \u00e0 la Suisse | SBC","isPartOf":{"@id":"https:\/\/swissbaker.ch\/fr\/#website"},"primaryImageOfPage":{"@id":"https:\/\/swissbaker.ch\/fr\/panissimo-news\/lespagne-succede-a-la-suisse\/#primaryimage"},"image":{"@id":"https:\/\/swissbaker.ch\/fr\/panissimo-news\/lespagne-succede-a-la-suisse\/#primaryimage"},"thumbnailUrl":"https:\/\/swissbaker.ch\/wp-content\/uploads\/2022\/10\/world_chocolate_masters_2022_schlussfeier-4-scaled.jpg","datePublished":"2022-11-02T08:20:11+00:00","dateModified":"2023-01-24T09:46:55+00:00","description":"Le nouveau World Chocolate Master est catalan et s'appelle Lluc Crusellas.","breadcrumb":{"@id":"https:\/\/swissbaker.ch\/fr\/panissimo-news\/lespagne-succede-a-la-suisse\/#breadcrumb"},"inLanguage":"fr-FR","potentialAction":[{"@type":"ReadAction","target":["https:\/\/swissbaker.ch\/fr\/panissimo-news\/lespagne-succede-a-la-suisse\/"]}]},{"@type":"ImageObject","inLanguage":"fr-FR","@id":"https:\/\/swissbaker.ch\/fr\/panissimo-news\/lespagne-succede-a-la-suisse\/#primaryimage","url":"https:\/\/swissbaker.ch\/wp-content\/uploads\/2022\/10\/world_chocolate_masters_2022_schlussfeier-4-scaled.jpg","contentUrl":"https:\/\/swissbaker.ch\/wp-content\/uploads\/2022\/10\/world_chocolate_masters_2022_schlussfeier-4-scaled.jpg","width":2048,"height":1536},{"@type":"BreadcrumbList","@id":"https:\/\/swissbaker.ch\/fr\/panissimo-news\/lespagne-succede-a-la-suisse\/#breadcrumb","itemListElement":[{"@type":"ListItem","position":1,"name":"","item":"https:\/\/swissbaker.ch\/fr\/"},{"@type":"ListItem","position":2,"name":"Concours","item":"https:\/\/swissbaker.ch\/fr\/panissimo-news\/category\/concours\/"},{"@type":"ListItem","position":3,"name":"L&#8217;Espagne succ\u00e8de \u00e0 la Suisse"}]},{"@type":"WebSite","@id":"https:\/\/swissbaker.ch\/fr\/#website","url":"https:\/\/swissbaker.ch\/fr\/","name":"SBC","description":"","publisher":{"@id":"https:\/\/swissbaker.ch\/fr\/#organization"},"potentialAction":[{"@type":"SearchAction","target":{"@type":"EntryPoint","urlTemplate":"https:\/\/swissbaker.ch\/fr\/?s={search_term_string}"},"query-input":{"@type":"PropertyValueSpecification","valueRequired":true,"valueName":"search_term_string"}}],"inLanguage":"fr-FR"},{"@type":"Organization","@id":"https:\/\/swissbaker.ch\/fr\/#organization","name":"Schweizerischer B\u00e4cker-Confiseurmeister-Verband","url":"https:\/\/swissbaker.ch\/fr\/","logo":{"@type":"ImageObject","inLanguage":"fr-FR","@id":"https:\/\/swissbaker.ch\/fr\/#\/schema\/logo\/image\/","url":"https:\/\/swissbaker.ch\/wp-content\/uploads\/2022\/04\/sbc-logo-yoast.jpg","contentUrl":"https:\/\/swissbaker.ch\/wp-content\/uploads\/2022\/04\/sbc-logo-yoast.jpg","width":512,"height":512,"caption":"Schweizerischer B\u00e4cker-Confiseurmeister-Verband"},"image":{"@id":"https:\/\/swissbaker.ch\/fr\/#\/schema\/logo\/image\/"},"sameAs":["https:\/\/www.facebook.com\/swissbaker.ch","https:\/\/x.com\/ch_swissbaker"]},{"@type":"Person","@id":"https:\/\/swissbaker.ch\/fr\/#\/schema\/person\/74bd327b08c18ca6042c02ff6f0ed5e2","name":"Simon Nussbaum","image":{"@type":"ImageObject","inLanguage":"fr-FR","@id":"https:\/\/swissbaker.ch\/fr\/#\/schema\/person\/image\/","url":"https:\/\/secure.gravatar.com\/avatar\/df0eced3bb556c806cb760cf503ade1ed1df25b4104d80d6fd28d93a9509aa12?s=96&d=mm&r=g","contentUrl":"https:\/\/secure.gravatar.com\/avatar\/df0eced3bb556c806cb760cf503ade1ed1df25b4104d80d6fd28d93a9509aa12?s=96&d=mm&r=g","caption":"Simon Nussbaum"},"url":"https:\/\/swissbaker.ch\/fr\/panissimo-news\/author\/simon-nussbaum\/"}]}},"_links":{"self":[{"href":"https:\/\/swissbaker.ch\/fr\/wp-json\/wp\/v2\/posts\/52198","targetHints":{"allow":["GET"]}}],"collection":[{"href":"https:\/\/swissbaker.ch\/fr\/wp-json\/wp\/v2\/posts"}],"about":[{"href":"https:\/\/swissbaker.ch\/fr\/wp-json\/wp\/v2\/types\/post"}],"author":[{"embeddable":true,"href":"https:\/\/swissbaker.ch\/fr\/wp-json\/wp\/v2\/users\/5"}],"replies":[{"embeddable":true,"href":"https:\/\/swissbaker.ch\/fr\/wp-json\/wp\/v2\/comments?post=52198"}],"version-history":[{"count":0,"href":"https:\/\/swissbaker.ch\/fr\/wp-json\/wp\/v2\/posts\/52198\/revisions"}],"wp:featuredmedia":[{"embeddable":true,"href":"https:\/\/swissbaker.ch\/fr\/wp-json\/wp\/v2\/media\/51998"}],"wp:attachment":[{"href":"https:\/\/swissbaker.ch\/fr\/wp-json\/wp\/v2\/media?parent=52198"}],"wp:term":[{"taxonomy":"category","embeddable":true,"href":"https:\/\/swissbaker.ch\/fr\/wp-json\/wp\/v2\/categories?post=52198"},{"taxonomy":"post_tag","embeddable":true,"href":"https:\/\/swissbaker.ch\/fr\/wp-json\/wp\/v2\/tags?post=52198"}],"curies":[{"name":"wp","href":"https:\/\/api.w.org\/{rel}","templated":true}]}}