{"id":52034,"date":"2022-11-02T08:21:58","date_gmt":"2022-11-02T07:21:58","guid":{"rendered":"https:\/\/swissbaker.ch\/?p=52034"},"modified":"2023-01-24T10:46:56","modified_gmt":"2023-01-24T09:46:56","slug":"neuchatel-vers-une-presidence-feminine","status":"publish","type":"post","link":"https:\/\/swissbaker.ch\/fr\/panissimo-news\/neuchatel-vers-une-presidence-feminine\/","title":{"rendered":"Neuch\u00e2tel vers une pr\u00e9sidence f\u00e9minine"},"content":{"rendered":"\n<p><strong>Lors de la r\u00e9union automnale des boulangers-confiseurs neuch\u00e2telois, le pr\u00e9sident Nicolas Perriard leur a fait part de sa d\u00e9mission pour le printemps. Nathalie Suter a annonc\u00e9 son d\u00e9sir de lui succ\u00e9der. La boulang\u00e8re-confiseuse pourra s\u2019appuyer sur Val\u00e9rie Henchoz \u00e9lue \u00e0 la vice-pr\u00e9sidence durant l\u2019assembl\u00e9e.<\/strong><\/p>\n\n\n\n<p>En avril, Nicolas Perriard avait \u00e9mis le d\u00e9sir de quitter la t\u00eate de l\u2019Association des artisans boulangers-confiseurs du canton de Neuch\u00e2tel. Le boulanger de la Tarterie du Littoral \u00e0 Neuch\u00e2tel l\u2019a officialis\u00e9 le 27 octobre, lors de l\u2019assembl\u00e9e d\u2019automne. Apr\u00e8s onze ann\u00e9es de pr\u00e9sidence, il m\u00e8nera ses derni\u00e8res assises le 2 mai \u00e0 La Chaux-de-Fonds. Nathalie Suter est candidate \u00e0 sa succession. La propri\u00e9taire de La Gourmandise \u00e0 Boudevilliers (NE) pourrait alors devenir la premi\u00e8re pr\u00e9sidente d\u2019une association de boulangerie-confiserie.<\/p>\n\n\n\n<p>Vacant depuis le d\u00e9part \u00e0 la retraite de Fran\u00e7ois Kolly ce printemps, le si\u00e8ge de vice-pr\u00e9sident a trouv\u00e9 preneuse en la personne de Val\u00e9rie Henchoz de Cr\u00e8me Renversante aux Ponts-de-Martel (NE). L\u2019assembl\u00e9e l\u2019a \u00e9lue \u00e0 l\u2019unanimit\u00e9, tout comme Sylviane Jeanneret sans commerce). Cette derni\u00e8re remplace Christian Maeder (Maeder, SA, Neuch\u00e2tel), d\u00e9missionnaire, au comit\u00e9 en tant que responsable de la formation professionnelle production.<\/p>\n\n\n\n<h3 class=\"wp-block-heading\" id=\"h-energie-ajuster-et-communiquer\"><strong>Energie&nbsp;: ajuster et communiquer<\/strong><\/h3>\n\n\n\n<p>Dans son rapport, Nicolas Perriard a fait le point sur la situation \u00e9nerg\u00e9tique. Son \u00e9volution d\u00e9pendrait de l\u2019hiver \u00e0 venir, selon ses contacts aupr\u00e8s de l\u2019un des fournisseurs du canton&nbsp;: \u00ab&nbsp;Avec un hiver pas trop rigoureux, tout devrait bien se passer. Si, en revanche, il s\u2019av\u00e9rerait long et froid, il faudrait vraisemblablement s\u2019attendre \u00e0 des restrictions, d\u2019ici fin f\u00e9vrier, mars.&nbsp;\u00bb En ce qui concerne la hausse des prix de l\u2019\u00e9nergie, le comit\u00e9 recommande de \u00ab&nbsp;bien les recalculer&nbsp;\u00bb et \u00ab&nbsp;de r\u00e9percuter les hausses sur ceux des ventes&nbsp;\u00bb. \u00ab&nbsp;Ce sera toutefois important de bien communiquer sur le pourquoi des augmentations&nbsp;\u00bb, a-t-il insist\u00e9.<\/p>\n\n\n\n<p>C\u00f4t\u00e9 divers, le niveau des pi\u00e8ces des apprentis pr\u00e9sent\u00e9es \u00e0 Chocolatissimo a suscit\u00e9 des discussions. Plusieurs membres ont signal\u00e9 une exposition quelque peu plus faible que d\u2019ordinaire. Autre fait remarqu\u00e9 et regrett\u00e9&nbsp;: l\u2019absence de repr\u00e9sentants neuch\u00e2telois aux comp\u00e9titions romandes et nationales.<\/p>\n\n\n\n<p>A pr\u00e9ciser qu\u2019afin de soutenir ses concurrents, le comit\u00e9 octroie par candidat et par branche&nbsp;: 500 francs pour un concours romand et 1000 francs pour un concours suisse. Les formateurs ne sont pas oubli\u00e9s, comme l\u2019a rappel\u00e9 le directeur du P\u00f4le artisanat et services du Centre de formation professionnelle neuch\u00e2telois Yves Pelletier&nbsp;: \u00ab&nbsp;La Fondation Lucie Burger que je pr\u00e9side dispose d\u2019un budget de 1000 francs par an destin\u00e9 au formateur qui souhaite accompagner un jeune au concours de boulangerie ou de confiserie.&nbsp;\u00bb<\/p>\n\n\n\n<p><em>Johann Ruppen<\/em><\/p>\n","protected":false},"excerpt":{"rendered":"<p>Lors de la r\u00e9union automnale des boulangers-confiseurs neuch\u00e2telois, le pr\u00e9sident Nicolas Perriard leur a fait part de sa d\u00e9mission pour le printemps. Nathalie Suter a annonc\u00e9 son d\u00e9sir de lui succ\u00e9der. La boulang\u00e8re-confiseuse pourra s\u2019appuyer sur Val\u00e9rie Henchoz \u00e9lue \u00e0 la vice-pr\u00e9sidence durant l\u2019assembl\u00e9e.<\/p>\n","protected":false},"author":5,"featured_media":52267,"comment_status":"closed","ping_status":"closed","sticky":false,"template":"","format":"standard","meta":{"_acf_changed":false,"footnotes":""},"categories":[40],"tags":[],"class_list":["post-52034","post","type-post","status-publish","format-standard","has-post-thumbnail","hentry","category-des-cantons"],"acf":[],"yoast_head":"<!-- This site is optimized with the Yoast SEO Premium plugin v26.8 (Yoast SEO v26.8) - https:\/\/yoast.com\/product\/yoast-seo-premium-wordpress\/ -->\n<title>Neuch\u00e2tel vers une pr\u00e9sidence f\u00e9minine | SBC<\/title>\n<meta name=\"robots\" content=\"index, follow, max-snippet:-1, max-image-preview:large, max-video-preview:-1\" \/>\n<link rel=\"canonical\" href=\"https:\/\/swissbaker.ch\/fr\/panissimo-news\/neuchatel-vers-une-presidence-feminine\/\" \/>\n<meta property=\"og:locale\" content=\"fr_FR\" \/>\n<meta property=\"og:type\" content=\"article\" \/>\n<meta property=\"og:title\" content=\"Neuch\u00e2tel vers une pr\u00e9sidence f\u00e9minine\" \/>\n<meta property=\"og:description\" content=\"Lors de la r\u00e9union automnale des boulangers-confiseurs neuch\u00e2telois, le pr\u00e9sident Nicolas Perriard leur a fait part de sa d\u00e9mission pour le printemps. Nathalie Suter a annonc\u00e9 son d\u00e9sir de lui succ\u00e9der. La boulang\u00e8re-confiseuse pourra s\u2019appuyer sur Val\u00e9rie Henchoz \u00e9lue \u00e0 la vice-pr\u00e9sidence durant l\u2019assembl\u00e9e.\" \/>\n<meta property=\"og:url\" content=\"https:\/\/swissbaker.ch\/fr\/panissimo-news\/neuchatel-vers-une-presidence-feminine\/\" \/>\n<meta property=\"og:site_name\" content=\"SBC\" \/>\n<meta property=\"article:publisher\" content=\"https:\/\/www.facebook.com\/swissbaker.ch\" \/>\n<meta property=\"article:published_time\" content=\"2022-11-02T07:21:58+00:00\" \/>\n<meta property=\"article:modified_time\" content=\"2023-01-24T09:46:56+00:00\" \/>\n<meta property=\"og:image\" content=\"https:\/\/swissbaker.ch\/wp-content\/uploads\/2022\/11\/20_2_neuchatel_2.jpg\" \/>\n\t<meta property=\"og:image:width\" content=\"800\" \/>\n\t<meta property=\"og:image:height\" content=\"474\" \/>\n\t<meta property=\"og:image:type\" content=\"image\/jpeg\" \/>\n<meta name=\"author\" content=\"Simon Nussbaum\" \/>\n<meta name=\"twitter:card\" content=\"summary_large_image\" \/>\n<meta name=\"twitter:creator\" content=\"@ch_swissbaker\" \/>\n<meta name=\"twitter:site\" content=\"@ch_swissbaker\" \/>\n<meta name=\"twitter:label1\" content=\"Written by\" \/>\n\t<meta name=\"twitter:data1\" content=\"Simon Nussbaum\" \/>\n\t<meta name=\"twitter:label2\" content=\"Est. reading time\" \/>\n\t<meta name=\"twitter:data2\" content=\"3 minutes\" \/>\n<script type=\"application\/ld+json\" class=\"yoast-schema-graph\">{\"@context\":\"https:\/\/schema.org\",\"@graph\":[{\"@type\":\"Article\",\"@id\":\"https:\/\/swissbaker.ch\/fr\/panissimo-news\/neuchatel-vers-une-presidence-feminine\/#article\",\"isPartOf\":{\"@id\":\"https:\/\/swissbaker.ch\/fr\/panissimo-news\/neuchatel-vers-une-presidence-feminine\/\"},\"author\":{\"name\":\"Simon Nussbaum\",\"@id\":\"https:\/\/swissbaker.ch\/fr\/#\/schema\/person\/74bd327b08c18ca6042c02ff6f0ed5e2\"},\"headline\":\"Neuch\u00e2tel vers une pr\u00e9sidence f\u00e9minine\",\"datePublished\":\"2022-11-02T07:21:58+00:00\",\"dateModified\":\"2023-01-24T09:46:56+00:00\",\"mainEntityOfPage\":{\"@id\":\"https:\/\/swissbaker.ch\/fr\/panissimo-news\/neuchatel-vers-une-presidence-feminine\/\"},\"wordCount\":495,\"publisher\":{\"@id\":\"https:\/\/swissbaker.ch\/fr\/#organization\"},\"image\":{\"@id\":\"https:\/\/swissbaker.ch\/fr\/panissimo-news\/neuchatel-vers-une-presidence-feminine\/#primaryimage\"},\"thumbnailUrl\":\"https:\/\/swissbaker.ch\/wp-content\/uploads\/2022\/11\/20_2_neuchatel_2.jpg\",\"articleSection\":[\"Des cantons\"],\"inLanguage\":\"fr-FR\"},{\"@type\":\"WebPage\",\"@id\":\"https:\/\/swissbaker.ch\/fr\/panissimo-news\/neuchatel-vers-une-presidence-feminine\/\",\"url\":\"https:\/\/swissbaker.ch\/fr\/panissimo-news\/neuchatel-vers-une-presidence-feminine\/\",\"name\":\"Neuch\u00e2tel vers une pr\u00e9sidence f\u00e9minine | SBC\",\"isPartOf\":{\"@id\":\"https:\/\/swissbaker.ch\/fr\/#website\"},\"primaryImageOfPage\":{\"@id\":\"https:\/\/swissbaker.ch\/fr\/panissimo-news\/neuchatel-vers-une-presidence-feminine\/#primaryimage\"},\"image\":{\"@id\":\"https:\/\/swissbaker.ch\/fr\/panissimo-news\/neuchatel-vers-une-presidence-feminine\/#primaryimage\"},\"thumbnailUrl\":\"https:\/\/swissbaker.ch\/wp-content\/uploads\/2022\/11\/20_2_neuchatel_2.jpg\",\"datePublished\":\"2022-11-02T07:21:58+00:00\",\"dateModified\":\"2023-01-24T09:46:56+00:00\",\"breadcrumb\":{\"@id\":\"https:\/\/swissbaker.ch\/fr\/panissimo-news\/neuchatel-vers-une-presidence-feminine\/#breadcrumb\"},\"inLanguage\":\"fr-FR\",\"potentialAction\":[{\"@type\":\"ReadAction\",\"target\":[\"https:\/\/swissbaker.ch\/fr\/panissimo-news\/neuchatel-vers-une-presidence-feminine\/\"]}]},{\"@type\":\"ImageObject\",\"inLanguage\":\"fr-FR\",\"@id\":\"https:\/\/swissbaker.ch\/fr\/panissimo-news\/neuchatel-vers-une-presidence-feminine\/#primaryimage\",\"url\":\"https:\/\/swissbaker.ch\/wp-content\/uploads\/2022\/11\/20_2_neuchatel_2.jpg\",\"contentUrl\":\"https:\/\/swissbaker.ch\/wp-content\/uploads\/2022\/11\/20_2_neuchatel_2.jpg\",\"width\":800,\"height\":474},{\"@type\":\"BreadcrumbList\",\"@id\":\"https:\/\/swissbaker.ch\/fr\/panissimo-news\/neuchatel-vers-une-presidence-feminine\/#breadcrumb\",\"itemListElement\":[{\"@type\":\"ListItem\",\"position\":1,\"name\":\"\",\"item\":\"https:\/\/swissbaker.ch\/fr\/\"},{\"@type\":\"ListItem\",\"position\":2,\"name\":\"Des cantons\",\"item\":\"https:\/\/swissbaker.ch\/fr\/panissimo-news\/category\/des-cantons\/\"},{\"@type\":\"ListItem\",\"position\":3,\"name\":\"Neuch\u00e2tel vers une pr\u00e9sidence f\u00e9minine\"}]},{\"@type\":\"WebSite\",\"@id\":\"https:\/\/swissbaker.ch\/fr\/#website\",\"url\":\"https:\/\/swissbaker.ch\/fr\/\",\"name\":\"SBC\",\"description\":\"\",\"publisher\":{\"@id\":\"https:\/\/swissbaker.ch\/fr\/#organization\"},\"potentialAction\":[{\"@type\":\"SearchAction\",\"target\":{\"@type\":\"EntryPoint\",\"urlTemplate\":\"https:\/\/swissbaker.ch\/fr\/?s={search_term_string}\"},\"query-input\":{\"@type\":\"PropertyValueSpecification\",\"valueRequired\":true,\"valueName\":\"search_term_string\"}}],\"inLanguage\":\"fr-FR\"},{\"@type\":\"Organization\",\"@id\":\"https:\/\/swissbaker.ch\/fr\/#organization\",\"name\":\"Schweizerischer B\u00e4cker-Confiseurmeister-Verband\",\"url\":\"https:\/\/swissbaker.ch\/fr\/\",\"logo\":{\"@type\":\"ImageObject\",\"inLanguage\":\"fr-FR\",\"@id\":\"https:\/\/swissbaker.ch\/fr\/#\/schema\/logo\/image\/\",\"url\":\"https:\/\/swissbaker.ch\/wp-content\/uploads\/2022\/04\/sbc-logo-yoast.jpg\",\"contentUrl\":\"https:\/\/swissbaker.ch\/wp-content\/uploads\/2022\/04\/sbc-logo-yoast.jpg\",\"width\":512,\"height\":512,\"caption\":\"Schweizerischer B\u00e4cker-Confiseurmeister-Verband\"},\"image\":{\"@id\":\"https:\/\/swissbaker.ch\/fr\/#\/schema\/logo\/image\/\"},\"sameAs\":[\"https:\/\/www.facebook.com\/swissbaker.ch\",\"https:\/\/x.com\/ch_swissbaker\"]},{\"@type\":\"Person\",\"@id\":\"https:\/\/swissbaker.ch\/fr\/#\/schema\/person\/74bd327b08c18ca6042c02ff6f0ed5e2\",\"name\":\"Simon Nussbaum\",\"image\":{\"@type\":\"ImageObject\",\"inLanguage\":\"fr-FR\",\"@id\":\"https:\/\/swissbaker.ch\/fr\/#\/schema\/person\/image\/\",\"url\":\"https:\/\/secure.gravatar.com\/avatar\/df0eced3bb556c806cb760cf503ade1ed1df25b4104d80d6fd28d93a9509aa12?s=96&d=mm&r=g\",\"contentUrl\":\"https:\/\/secure.gravatar.com\/avatar\/df0eced3bb556c806cb760cf503ade1ed1df25b4104d80d6fd28d93a9509aa12?s=96&d=mm&r=g\",\"caption\":\"Simon Nussbaum\"},\"url\":\"https:\/\/swissbaker.ch\/fr\/panissimo-news\/author\/simon-nussbaum\/\"}]}<\/script>\n<!-- \/ Yoast SEO Premium plugin. -->","yoast_head_json":{"title":"Neuch\u00e2tel vers une pr\u00e9sidence f\u00e9minine | SBC","robots":{"index":"index","follow":"follow","max-snippet":"max-snippet:-1","max-image-preview":"max-image-preview:large","max-video-preview":"max-video-preview:-1"},"canonical":"https:\/\/swissbaker.ch\/fr\/panissimo-news\/neuchatel-vers-une-presidence-feminine\/","og_locale":"fr_FR","og_type":"article","og_title":"Neuch\u00e2tel vers une pr\u00e9sidence f\u00e9minine","og_description":"Lors de la r\u00e9union automnale des boulangers-confiseurs neuch\u00e2telois, le pr\u00e9sident Nicolas Perriard leur a fait part de sa d\u00e9mission pour le printemps. Nathalie Suter a annonc\u00e9 son d\u00e9sir de lui succ\u00e9der. La boulang\u00e8re-confiseuse pourra s\u2019appuyer sur Val\u00e9rie Henchoz \u00e9lue \u00e0 la vice-pr\u00e9sidence durant l\u2019assembl\u00e9e.","og_url":"https:\/\/swissbaker.ch\/fr\/panissimo-news\/neuchatel-vers-une-presidence-feminine\/","og_site_name":"SBC","article_publisher":"https:\/\/www.facebook.com\/swissbaker.ch","article_published_time":"2022-11-02T07:21:58+00:00","article_modified_time":"2023-01-24T09:46:56+00:00","og_image":[{"width":800,"height":474,"url":"https:\/\/swissbaker.ch\/wp-content\/uploads\/2022\/11\/20_2_neuchatel_2.jpg","type":"image\/jpeg"}],"author":"Simon Nussbaum","twitter_card":"summary_large_image","twitter_creator":"@ch_swissbaker","twitter_site":"@ch_swissbaker","twitter_misc":{"Written by":"Simon Nussbaum","Est. reading time":"3 minutes"},"schema":{"@context":"https:\/\/schema.org","@graph":[{"@type":"Article","@id":"https:\/\/swissbaker.ch\/fr\/panissimo-news\/neuchatel-vers-une-presidence-feminine\/#article","isPartOf":{"@id":"https:\/\/swissbaker.ch\/fr\/panissimo-news\/neuchatel-vers-une-presidence-feminine\/"},"author":{"name":"Simon Nussbaum","@id":"https:\/\/swissbaker.ch\/fr\/#\/schema\/person\/74bd327b08c18ca6042c02ff6f0ed5e2"},"headline":"Neuch\u00e2tel vers une pr\u00e9sidence f\u00e9minine","datePublished":"2022-11-02T07:21:58+00:00","dateModified":"2023-01-24T09:46:56+00:00","mainEntityOfPage":{"@id":"https:\/\/swissbaker.ch\/fr\/panissimo-news\/neuchatel-vers-une-presidence-feminine\/"},"wordCount":495,"publisher":{"@id":"https:\/\/swissbaker.ch\/fr\/#organization"},"image":{"@id":"https:\/\/swissbaker.ch\/fr\/panissimo-news\/neuchatel-vers-une-presidence-feminine\/#primaryimage"},"thumbnailUrl":"https:\/\/swissbaker.ch\/wp-content\/uploads\/2022\/11\/20_2_neuchatel_2.jpg","articleSection":["Des cantons"],"inLanguage":"fr-FR"},{"@type":"WebPage","@id":"https:\/\/swissbaker.ch\/fr\/panissimo-news\/neuchatel-vers-une-presidence-feminine\/","url":"https:\/\/swissbaker.ch\/fr\/panissimo-news\/neuchatel-vers-une-presidence-feminine\/","name":"Neuch\u00e2tel vers une pr\u00e9sidence f\u00e9minine | SBC","isPartOf":{"@id":"https:\/\/swissbaker.ch\/fr\/#website"},"primaryImageOfPage":{"@id":"https:\/\/swissbaker.ch\/fr\/panissimo-news\/neuchatel-vers-une-presidence-feminine\/#primaryimage"},"image":{"@id":"https:\/\/swissbaker.ch\/fr\/panissimo-news\/neuchatel-vers-une-presidence-feminine\/#primaryimage"},"thumbnailUrl":"https:\/\/swissbaker.ch\/wp-content\/uploads\/2022\/11\/20_2_neuchatel_2.jpg","datePublished":"2022-11-02T07:21:58+00:00","dateModified":"2023-01-24T09:46:56+00:00","breadcrumb":{"@id":"https:\/\/swissbaker.ch\/fr\/panissimo-news\/neuchatel-vers-une-presidence-feminine\/#breadcrumb"},"inLanguage":"fr-FR","potentialAction":[{"@type":"ReadAction","target":["https:\/\/swissbaker.ch\/fr\/panissimo-news\/neuchatel-vers-une-presidence-feminine\/"]}]},{"@type":"ImageObject","inLanguage":"fr-FR","@id":"https:\/\/swissbaker.ch\/fr\/panissimo-news\/neuchatel-vers-une-presidence-feminine\/#primaryimage","url":"https:\/\/swissbaker.ch\/wp-content\/uploads\/2022\/11\/20_2_neuchatel_2.jpg","contentUrl":"https:\/\/swissbaker.ch\/wp-content\/uploads\/2022\/11\/20_2_neuchatel_2.jpg","width":800,"height":474},{"@type":"BreadcrumbList","@id":"https:\/\/swissbaker.ch\/fr\/panissimo-news\/neuchatel-vers-une-presidence-feminine\/#breadcrumb","itemListElement":[{"@type":"ListItem","position":1,"name":"","item":"https:\/\/swissbaker.ch\/fr\/"},{"@type":"ListItem","position":2,"name":"Des cantons","item":"https:\/\/swissbaker.ch\/fr\/panissimo-news\/category\/des-cantons\/"},{"@type":"ListItem","position":3,"name":"Neuch\u00e2tel vers une pr\u00e9sidence f\u00e9minine"}]},{"@type":"WebSite","@id":"https:\/\/swissbaker.ch\/fr\/#website","url":"https:\/\/swissbaker.ch\/fr\/","name":"SBC","description":"","publisher":{"@id":"https:\/\/swissbaker.ch\/fr\/#organization"},"potentialAction":[{"@type":"SearchAction","target":{"@type":"EntryPoint","urlTemplate":"https:\/\/swissbaker.ch\/fr\/?s={search_term_string}"},"query-input":{"@type":"PropertyValueSpecification","valueRequired":true,"valueName":"search_term_string"}}],"inLanguage":"fr-FR"},{"@type":"Organization","@id":"https:\/\/swissbaker.ch\/fr\/#organization","name":"Schweizerischer B\u00e4cker-Confiseurmeister-Verband","url":"https:\/\/swissbaker.ch\/fr\/","logo":{"@type":"ImageObject","inLanguage":"fr-FR","@id":"https:\/\/swissbaker.ch\/fr\/#\/schema\/logo\/image\/","url":"https:\/\/swissbaker.ch\/wp-content\/uploads\/2022\/04\/sbc-logo-yoast.jpg","contentUrl":"https:\/\/swissbaker.ch\/wp-content\/uploads\/2022\/04\/sbc-logo-yoast.jpg","width":512,"height":512,"caption":"Schweizerischer B\u00e4cker-Confiseurmeister-Verband"},"image":{"@id":"https:\/\/swissbaker.ch\/fr\/#\/schema\/logo\/image\/"},"sameAs":["https:\/\/www.facebook.com\/swissbaker.ch","https:\/\/x.com\/ch_swissbaker"]},{"@type":"Person","@id":"https:\/\/swissbaker.ch\/fr\/#\/schema\/person\/74bd327b08c18ca6042c02ff6f0ed5e2","name":"Simon Nussbaum","image":{"@type":"ImageObject","inLanguage":"fr-FR","@id":"https:\/\/swissbaker.ch\/fr\/#\/schema\/person\/image\/","url":"https:\/\/secure.gravatar.com\/avatar\/df0eced3bb556c806cb760cf503ade1ed1df25b4104d80d6fd28d93a9509aa12?s=96&d=mm&r=g","contentUrl":"https:\/\/secure.gravatar.com\/avatar\/df0eced3bb556c806cb760cf503ade1ed1df25b4104d80d6fd28d93a9509aa12?s=96&d=mm&r=g","caption":"Simon Nussbaum"},"url":"https:\/\/swissbaker.ch\/fr\/panissimo-news\/author\/simon-nussbaum\/"}]}},"_links":{"self":[{"href":"https:\/\/swissbaker.ch\/fr\/wp-json\/wp\/v2\/posts\/52034","targetHints":{"allow":["GET"]}}],"collection":[{"href":"https:\/\/swissbaker.ch\/fr\/wp-json\/wp\/v2\/posts"}],"about":[{"href":"https:\/\/swissbaker.ch\/fr\/wp-json\/wp\/v2\/types\/post"}],"author":[{"embeddable":true,"href":"https:\/\/swissbaker.ch\/fr\/wp-json\/wp\/v2\/users\/5"}],"replies":[{"embeddable":true,"href":"https:\/\/swissbaker.ch\/fr\/wp-json\/wp\/v2\/comments?post=52034"}],"version-history":[{"count":0,"href":"https:\/\/swissbaker.ch\/fr\/wp-json\/wp\/v2\/posts\/52034\/revisions"}],"wp:featuredmedia":[{"embeddable":true,"href":"https:\/\/swissbaker.ch\/fr\/wp-json\/wp\/v2\/media\/52267"}],"wp:attachment":[{"href":"https:\/\/swissbaker.ch\/fr\/wp-json\/wp\/v2\/media?parent=52034"}],"wp:term":[{"taxonomy":"category","embeddable":true,"href":"https:\/\/swissbaker.ch\/fr\/wp-json\/wp\/v2\/categories?post=52034"},{"taxonomy":"post_tag","embeddable":true,"href":"https:\/\/swissbaker.ch\/fr\/wp-json\/wp\/v2\/tags?post=52034"}],"curies":[{"name":"wp","href":"https:\/\/api.w.org\/{rel}","templated":true}]}}