{"id":52026,"date":"2022-11-02T07:56:11","date_gmt":"2022-11-02T06:56:11","guid":{"rendered":"https:\/\/swissbaker.ch\/?p=52026"},"modified":"2022-11-02T08:16:33","modified_gmt":"2022-11-02T07:16:33","slug":"necrologie-de-roger-neuenschwander","status":"publish","type":"post","link":"https:\/\/swissbaker.ch\/fr\/panissimo-news\/necrologie-de-roger-neuenschwander\/","title":{"rendered":"N\u00e9crologie de Roger Neuenschwander"},"content":{"rendered":"\n<h3 class=\"wp-block-heading\" id=\"h-roger-neuenschwander-1957-2022\"><strong> \u2020 Roger Neuenschwander 1957 &#8211; 2022<\/strong><\/h3>\n\n\n\n<p><strong>\u00ab&nbsp;Force et honneur&nbsp;\u00bb<\/strong>, telle \u00e9tait la devise de Roger Neuenschwander. Adage qu\u2019il a mis en application toute sa vie durant. Sa force, il la tirait de sa famille, aupr\u00e8s de son \u00e9pouse Marlise de ses enfants Beno\u00eet, Yann et Fiona, mais \u00e9galement aupr\u00e8s de sa fratrie et de sa belle-famille.<\/p>\n\n\n\n<p>Il lui en a fallu de la force pour affronter, tr\u00e8s t\u00f4t d\u00e9j\u00e0, ses probl\u00e8mes de sant\u00e9. Roger n\u2019aimait pas la mort, il aimait la vie, la vraie, celle de la famille, de l\u2019entreprise, des amis, des coll\u00e8gues. Il disait \u00e0 qui voulait l\u2019entendre qu\u2019il n\u2019y avait pas de belle mort&nbsp;! Il s\u2019est fermement accroch\u00e9 \u00e0 cette vie qui, pourtant, perdait en intensit\u00e9, de jour en jour, jusqu\u2019\u00e0 ce dimanche 23 octobre o\u00f9 la mort a finalement remport\u00e9 ce combat in\u00e9gal.<\/p>\n\n\n\n<p>Sa vision de l\u2019honneur en a fait un homme droit et responsable. Il a men\u00e9 sa vie professionnelle avec dignit\u00e9, au point de gravir les \u00e9chelons associatifs jusqu\u2019\u00e0 la pr\u00e9sidence de la section de Cossonay-Jura vaudois et \u00e0 participer avec vive conviction aux s\u00e9ances du comit\u00e9 cantonal. En 1994, il a re\u00e7u le titre de Chevalier du bon pain. Par la suite, quatre \u00e9toiles viendront confirmer son adoubement. En 2008, il prendra avec m\u00e9rite, pour dix ans, les r\u00eanes de sa tr\u00e8s ch\u00e8re confr\u00e9rie. Par son profond respect du protocole, il l\u2019a fait rayonner bien au-del\u00e0 des fronti\u00e8res cantonales et associatives.<\/p>\n\n\n\n<p>Il nous a quitt\u00e9s, mais toutes celles et ceux qui l\u2019ont c\u00f4toy\u00e9, un verre de chasselas \u00e0 la main, ont une anecdote \u00e0 raconter, un souvenir de paroles affirmatives entendues avec cette voix forte de l\u2019accent vaudois. Il ne laissait pas indiff\u00e9rent et nous manque d\u00e9j\u00e0. \u00c0 sa famille nous exprimons notre profonde gratitude de l\u2019avoir laiss\u00e9 tracer sa route et ainsi marquer une belle page de l\u2019histoire de la boulangerie artisanale. Force et honneur \u00e0 toi cher Ami Roger.<\/p>\n\n\n\n<p><em>Yves Girard, Secr\u00e9taire g\u00e9n\u00e9ral des ABPCV<\/em><\/p>\n","protected":false},"excerpt":{"rendered":"<p>\u00ab Force et honneur \u00bb, telle \u00e9tait la devise de Roger Neuenschwander. Adage qu\u2019il a mis en application toute sa vie durant. Sa force, il la tirait de sa famille, aupr\u00e8s de son \u00e9pouse Marlise de ses enfants Beno\u00eet, Yann et Fiona, mais \u00e9galement aupr\u00e8s de sa fratrie et de sa belle-famille.<\/p>\n","protected":false},"author":5,"featured_media":52027,"comment_status":"open","ping_status":"closed","sticky":false,"template":"","format":"standard","meta":{"_acf_changed":false,"footnotes":""},"categories":[40],"tags":[],"class_list":["post-52026","post","type-post","status-publish","format-standard","has-post-thumbnail","hentry","category-des-cantons"],"acf":[],"yoast_head":"<!-- This site is optimized with the Yoast SEO Premium plugin v26.8 (Yoast SEO v26.8) - https:\/\/yoast.com\/product\/yoast-seo-premium-wordpress\/ -->\n<title>N\u00e9crologie de Roger Neuenschwander | SBC<\/title>\n<meta name=\"robots\" content=\"index, follow, max-snippet:-1, max-image-preview:large, max-video-preview:-1\" \/>\n<link rel=\"canonical\" href=\"https:\/\/swissbaker.ch\/fr\/panissimo-news\/necrologie-de-roger-neuenschwander\/\" \/>\n<meta property=\"og:locale\" content=\"fr_FR\" \/>\n<meta property=\"og:type\" content=\"article\" \/>\n<meta property=\"og:title\" content=\"N\u00e9crologie de Roger Neuenschwander\" \/>\n<meta property=\"og:description\" content=\"\u00ab Force et honneur \u00bb, telle \u00e9tait la devise de Roger Neuenschwander. Adage qu\u2019il a mis en application toute sa vie durant. Sa force, il la tirait de sa famille, aupr\u00e8s de son \u00e9pouse Marlise de ses enfants Beno\u00eet, Yann et Fiona, mais \u00e9galement aupr\u00e8s de sa fratrie et de sa belle-famille.\" \/>\n<meta property=\"og:url\" content=\"https:\/\/swissbaker.ch\/fr\/panissimo-news\/necrologie-de-roger-neuenschwander\/\" \/>\n<meta property=\"og:site_name\" content=\"SBC\" \/>\n<meta property=\"article:publisher\" content=\"https:\/\/www.facebook.com\/swissbaker.ch\" \/>\n<meta property=\"article:published_time\" content=\"2022-11-02T06:56:11+00:00\" \/>\n<meta property=\"article:modified_time\" content=\"2022-11-02T07:16:33+00:00\" \/>\n<meta property=\"og:image\" content=\"https:\/\/swissbaker.ch\/wp-content\/uploads\/2022\/11\/20_2_roger_neuenschwander.jpg\" \/>\n\t<meta property=\"og:image:width\" content=\"800\" \/>\n\t<meta property=\"og:image:height\" content=\"474\" \/>\n\t<meta property=\"og:image:type\" content=\"image\/jpeg\" \/>\n<meta name=\"author\" content=\"Simon Nussbaum\" \/>\n<meta name=\"twitter:card\" content=\"summary_large_image\" \/>\n<meta name=\"twitter:creator\" content=\"@ch_swissbaker\" \/>\n<meta name=\"twitter:site\" content=\"@ch_swissbaker\" \/>\n<meta name=\"twitter:label1\" content=\"Written by\" \/>\n\t<meta name=\"twitter:data1\" content=\"Simon Nussbaum\" \/>\n\t<meta name=\"twitter:label2\" content=\"Est. reading time\" \/>\n\t<meta name=\"twitter:data2\" content=\"2 minutes\" \/>\n<script type=\"application\/ld+json\" class=\"yoast-schema-graph\">{\"@context\":\"https:\/\/schema.org\",\"@graph\":[{\"@type\":\"Article\",\"@id\":\"https:\/\/swissbaker.ch\/fr\/panissimo-news\/necrologie-de-roger-neuenschwander\/#article\",\"isPartOf\":{\"@id\":\"https:\/\/swissbaker.ch\/fr\/panissimo-news\/necrologie-de-roger-neuenschwander\/\"},\"author\":{\"name\":\"Simon Nussbaum\",\"@id\":\"https:\/\/swissbaker.ch\/fr\/#\/schema\/person\/74bd327b08c18ca6042c02ff6f0ed5e2\"},\"headline\":\"N\u00e9crologie de Roger Neuenschwander\",\"datePublished\":\"2022-11-02T06:56:11+00:00\",\"dateModified\":\"2022-11-02T07:16:33+00:00\",\"mainEntityOfPage\":{\"@id\":\"https:\/\/swissbaker.ch\/fr\/panissimo-news\/necrologie-de-roger-neuenschwander\/\"},\"wordCount\":357,\"commentCount\":0,\"publisher\":{\"@id\":\"https:\/\/swissbaker.ch\/fr\/#organization\"},\"image\":{\"@id\":\"https:\/\/swissbaker.ch\/fr\/panissimo-news\/necrologie-de-roger-neuenschwander\/#primaryimage\"},\"thumbnailUrl\":\"https:\/\/swissbaker.ch\/wp-content\/uploads\/2022\/11\/20_2_roger_neuenschwander.jpg\",\"articleSection\":[\"Des cantons\"],\"inLanguage\":\"fr-FR\",\"potentialAction\":[{\"@type\":\"CommentAction\",\"name\":\"Comment\",\"target\":[\"https:\/\/swissbaker.ch\/fr\/panissimo-news\/necrologie-de-roger-neuenschwander\/#respond\"]}]},{\"@type\":\"WebPage\",\"@id\":\"https:\/\/swissbaker.ch\/fr\/panissimo-news\/necrologie-de-roger-neuenschwander\/\",\"url\":\"https:\/\/swissbaker.ch\/fr\/panissimo-news\/necrologie-de-roger-neuenschwander\/\",\"name\":\"N\u00e9crologie de Roger Neuenschwander | SBC\",\"isPartOf\":{\"@id\":\"https:\/\/swissbaker.ch\/fr\/#website\"},\"primaryImageOfPage\":{\"@id\":\"https:\/\/swissbaker.ch\/fr\/panissimo-news\/necrologie-de-roger-neuenschwander\/#primaryimage\"},\"image\":{\"@id\":\"https:\/\/swissbaker.ch\/fr\/panissimo-news\/necrologie-de-roger-neuenschwander\/#primaryimage\"},\"thumbnailUrl\":\"https:\/\/swissbaker.ch\/wp-content\/uploads\/2022\/11\/20_2_roger_neuenschwander.jpg\",\"datePublished\":\"2022-11-02T06:56:11+00:00\",\"dateModified\":\"2022-11-02T07:16:33+00:00\",\"breadcrumb\":{\"@id\":\"https:\/\/swissbaker.ch\/fr\/panissimo-news\/necrologie-de-roger-neuenschwander\/#breadcrumb\"},\"inLanguage\":\"fr-FR\",\"potentialAction\":[{\"@type\":\"ReadAction\",\"target\":[\"https:\/\/swissbaker.ch\/fr\/panissimo-news\/necrologie-de-roger-neuenschwander\/\"]}]},{\"@type\":\"ImageObject\",\"inLanguage\":\"fr-FR\",\"@id\":\"https:\/\/swissbaker.ch\/fr\/panissimo-news\/necrologie-de-roger-neuenschwander\/#primaryimage\",\"url\":\"https:\/\/swissbaker.ch\/wp-content\/uploads\/2022\/11\/20_2_roger_neuenschwander.jpg\",\"contentUrl\":\"https:\/\/swissbaker.ch\/wp-content\/uploads\/2022\/11\/20_2_roger_neuenschwander.jpg\",\"width\":800,\"height\":474},{\"@type\":\"BreadcrumbList\",\"@id\":\"https:\/\/swissbaker.ch\/fr\/panissimo-news\/necrologie-de-roger-neuenschwander\/#breadcrumb\",\"itemListElement\":[{\"@type\":\"ListItem\",\"position\":1,\"name\":\"\",\"item\":\"https:\/\/swissbaker.ch\/fr\/\"},{\"@type\":\"ListItem\",\"position\":2,\"name\":\"Des cantons\",\"item\":\"https:\/\/swissbaker.ch\/fr\/panissimo-news\/category\/des-cantons\/\"},{\"@type\":\"ListItem\",\"position\":3,\"name\":\"N\u00e9crologie de Roger Neuenschwander\"}]},{\"@type\":\"WebSite\",\"@id\":\"https:\/\/swissbaker.ch\/fr\/#website\",\"url\":\"https:\/\/swissbaker.ch\/fr\/\",\"name\":\"SBC\",\"description\":\"\",\"publisher\":{\"@id\":\"https:\/\/swissbaker.ch\/fr\/#organization\"},\"potentialAction\":[{\"@type\":\"SearchAction\",\"target\":{\"@type\":\"EntryPoint\",\"urlTemplate\":\"https:\/\/swissbaker.ch\/fr\/?s={search_term_string}\"},\"query-input\":{\"@type\":\"PropertyValueSpecification\",\"valueRequired\":true,\"valueName\":\"search_term_string\"}}],\"inLanguage\":\"fr-FR\"},{\"@type\":\"Organization\",\"@id\":\"https:\/\/swissbaker.ch\/fr\/#organization\",\"name\":\"Schweizerischer B\u00e4cker-Confiseurmeister-Verband\",\"url\":\"https:\/\/swissbaker.ch\/fr\/\",\"logo\":{\"@type\":\"ImageObject\",\"inLanguage\":\"fr-FR\",\"@id\":\"https:\/\/swissbaker.ch\/fr\/#\/schema\/logo\/image\/\",\"url\":\"https:\/\/swissbaker.ch\/wp-content\/uploads\/2022\/04\/sbc-logo-yoast.jpg\",\"contentUrl\":\"https:\/\/swissbaker.ch\/wp-content\/uploads\/2022\/04\/sbc-logo-yoast.jpg\",\"width\":512,\"height\":512,\"caption\":\"Schweizerischer B\u00e4cker-Confiseurmeister-Verband\"},\"image\":{\"@id\":\"https:\/\/swissbaker.ch\/fr\/#\/schema\/logo\/image\/\"},\"sameAs\":[\"https:\/\/www.facebook.com\/swissbaker.ch\",\"https:\/\/x.com\/ch_swissbaker\"]},{\"@type\":\"Person\",\"@id\":\"https:\/\/swissbaker.ch\/fr\/#\/schema\/person\/74bd327b08c18ca6042c02ff6f0ed5e2\",\"name\":\"Simon Nussbaum\",\"image\":{\"@type\":\"ImageObject\",\"inLanguage\":\"fr-FR\",\"@id\":\"https:\/\/swissbaker.ch\/fr\/#\/schema\/person\/image\/\",\"url\":\"https:\/\/secure.gravatar.com\/avatar\/df0eced3bb556c806cb760cf503ade1ed1df25b4104d80d6fd28d93a9509aa12?s=96&d=mm&r=g\",\"contentUrl\":\"https:\/\/secure.gravatar.com\/avatar\/df0eced3bb556c806cb760cf503ade1ed1df25b4104d80d6fd28d93a9509aa12?s=96&d=mm&r=g\",\"caption\":\"Simon Nussbaum\"},\"url\":\"https:\/\/swissbaker.ch\/fr\/panissimo-news\/author\/simon-nussbaum\/\"}]}<\/script>\n<!-- \/ Yoast SEO Premium plugin. -->","yoast_head_json":{"title":"N\u00e9crologie de Roger Neuenschwander | SBC","robots":{"index":"index","follow":"follow","max-snippet":"max-snippet:-1","max-image-preview":"max-image-preview:large","max-video-preview":"max-video-preview:-1"},"canonical":"https:\/\/swissbaker.ch\/fr\/panissimo-news\/necrologie-de-roger-neuenschwander\/","og_locale":"fr_FR","og_type":"article","og_title":"N\u00e9crologie de Roger Neuenschwander","og_description":"\u00ab Force et honneur \u00bb, telle \u00e9tait la devise de Roger Neuenschwander. Adage qu\u2019il a mis en application toute sa vie durant. Sa force, il la tirait de sa famille, aupr\u00e8s de son \u00e9pouse Marlise de ses enfants Beno\u00eet, Yann et Fiona, mais \u00e9galement aupr\u00e8s de sa fratrie et de sa belle-famille.","og_url":"https:\/\/swissbaker.ch\/fr\/panissimo-news\/necrologie-de-roger-neuenschwander\/","og_site_name":"SBC","article_publisher":"https:\/\/www.facebook.com\/swissbaker.ch","article_published_time":"2022-11-02T06:56:11+00:00","article_modified_time":"2022-11-02T07:16:33+00:00","og_image":[{"width":800,"height":474,"url":"https:\/\/swissbaker.ch\/wp-content\/uploads\/2022\/11\/20_2_roger_neuenschwander.jpg","type":"image\/jpeg"}],"author":"Simon Nussbaum","twitter_card":"summary_large_image","twitter_creator":"@ch_swissbaker","twitter_site":"@ch_swissbaker","twitter_misc":{"Written by":"Simon Nussbaum","Est. reading time":"2 minutes"},"schema":{"@context":"https:\/\/schema.org","@graph":[{"@type":"Article","@id":"https:\/\/swissbaker.ch\/fr\/panissimo-news\/necrologie-de-roger-neuenschwander\/#article","isPartOf":{"@id":"https:\/\/swissbaker.ch\/fr\/panissimo-news\/necrologie-de-roger-neuenschwander\/"},"author":{"name":"Simon Nussbaum","@id":"https:\/\/swissbaker.ch\/fr\/#\/schema\/person\/74bd327b08c18ca6042c02ff6f0ed5e2"},"headline":"N\u00e9crologie de Roger Neuenschwander","datePublished":"2022-11-02T06:56:11+00:00","dateModified":"2022-11-02T07:16:33+00:00","mainEntityOfPage":{"@id":"https:\/\/swissbaker.ch\/fr\/panissimo-news\/necrologie-de-roger-neuenschwander\/"},"wordCount":357,"commentCount":0,"publisher":{"@id":"https:\/\/swissbaker.ch\/fr\/#organization"},"image":{"@id":"https:\/\/swissbaker.ch\/fr\/panissimo-news\/necrologie-de-roger-neuenschwander\/#primaryimage"},"thumbnailUrl":"https:\/\/swissbaker.ch\/wp-content\/uploads\/2022\/11\/20_2_roger_neuenschwander.jpg","articleSection":["Des cantons"],"inLanguage":"fr-FR","potentialAction":[{"@type":"CommentAction","name":"Comment","target":["https:\/\/swissbaker.ch\/fr\/panissimo-news\/necrologie-de-roger-neuenschwander\/#respond"]}]},{"@type":"WebPage","@id":"https:\/\/swissbaker.ch\/fr\/panissimo-news\/necrologie-de-roger-neuenschwander\/","url":"https:\/\/swissbaker.ch\/fr\/panissimo-news\/necrologie-de-roger-neuenschwander\/","name":"N\u00e9crologie de Roger Neuenschwander | SBC","isPartOf":{"@id":"https:\/\/swissbaker.ch\/fr\/#website"},"primaryImageOfPage":{"@id":"https:\/\/swissbaker.ch\/fr\/panissimo-news\/necrologie-de-roger-neuenschwander\/#primaryimage"},"image":{"@id":"https:\/\/swissbaker.ch\/fr\/panissimo-news\/necrologie-de-roger-neuenschwander\/#primaryimage"},"thumbnailUrl":"https:\/\/swissbaker.ch\/wp-content\/uploads\/2022\/11\/20_2_roger_neuenschwander.jpg","datePublished":"2022-11-02T06:56:11+00:00","dateModified":"2022-11-02T07:16:33+00:00","breadcrumb":{"@id":"https:\/\/swissbaker.ch\/fr\/panissimo-news\/necrologie-de-roger-neuenschwander\/#breadcrumb"},"inLanguage":"fr-FR","potentialAction":[{"@type":"ReadAction","target":["https:\/\/swissbaker.ch\/fr\/panissimo-news\/necrologie-de-roger-neuenschwander\/"]}]},{"@type":"ImageObject","inLanguage":"fr-FR","@id":"https:\/\/swissbaker.ch\/fr\/panissimo-news\/necrologie-de-roger-neuenschwander\/#primaryimage","url":"https:\/\/swissbaker.ch\/wp-content\/uploads\/2022\/11\/20_2_roger_neuenschwander.jpg","contentUrl":"https:\/\/swissbaker.ch\/wp-content\/uploads\/2022\/11\/20_2_roger_neuenschwander.jpg","width":800,"height":474},{"@type":"BreadcrumbList","@id":"https:\/\/swissbaker.ch\/fr\/panissimo-news\/necrologie-de-roger-neuenschwander\/#breadcrumb","itemListElement":[{"@type":"ListItem","position":1,"name":"","item":"https:\/\/swissbaker.ch\/fr\/"},{"@type":"ListItem","position":2,"name":"Des cantons","item":"https:\/\/swissbaker.ch\/fr\/panissimo-news\/category\/des-cantons\/"},{"@type":"ListItem","position":3,"name":"N\u00e9crologie de Roger Neuenschwander"}]},{"@type":"WebSite","@id":"https:\/\/swissbaker.ch\/fr\/#website","url":"https:\/\/swissbaker.ch\/fr\/","name":"SBC","description":"","publisher":{"@id":"https:\/\/swissbaker.ch\/fr\/#organization"},"potentialAction":[{"@type":"SearchAction","target":{"@type":"EntryPoint","urlTemplate":"https:\/\/swissbaker.ch\/fr\/?s={search_term_string}"},"query-input":{"@type":"PropertyValueSpecification","valueRequired":true,"valueName":"search_term_string"}}],"inLanguage":"fr-FR"},{"@type":"Organization","@id":"https:\/\/swissbaker.ch\/fr\/#organization","name":"Schweizerischer B\u00e4cker-Confiseurmeister-Verband","url":"https:\/\/swissbaker.ch\/fr\/","logo":{"@type":"ImageObject","inLanguage":"fr-FR","@id":"https:\/\/swissbaker.ch\/fr\/#\/schema\/logo\/image\/","url":"https:\/\/swissbaker.ch\/wp-content\/uploads\/2022\/04\/sbc-logo-yoast.jpg","contentUrl":"https:\/\/swissbaker.ch\/wp-content\/uploads\/2022\/04\/sbc-logo-yoast.jpg","width":512,"height":512,"caption":"Schweizerischer B\u00e4cker-Confiseurmeister-Verband"},"image":{"@id":"https:\/\/swissbaker.ch\/fr\/#\/schema\/logo\/image\/"},"sameAs":["https:\/\/www.facebook.com\/swissbaker.ch","https:\/\/x.com\/ch_swissbaker"]},{"@type":"Person","@id":"https:\/\/swissbaker.ch\/fr\/#\/schema\/person\/74bd327b08c18ca6042c02ff6f0ed5e2","name":"Simon Nussbaum","image":{"@type":"ImageObject","inLanguage":"fr-FR","@id":"https:\/\/swissbaker.ch\/fr\/#\/schema\/person\/image\/","url":"https:\/\/secure.gravatar.com\/avatar\/df0eced3bb556c806cb760cf503ade1ed1df25b4104d80d6fd28d93a9509aa12?s=96&d=mm&r=g","contentUrl":"https:\/\/secure.gravatar.com\/avatar\/df0eced3bb556c806cb760cf503ade1ed1df25b4104d80d6fd28d93a9509aa12?s=96&d=mm&r=g","caption":"Simon Nussbaum"},"url":"https:\/\/swissbaker.ch\/fr\/panissimo-news\/author\/simon-nussbaum\/"}]}},"_links":{"self":[{"href":"https:\/\/swissbaker.ch\/fr\/wp-json\/wp\/v2\/posts\/52026","targetHints":{"allow":["GET"]}}],"collection":[{"href":"https:\/\/swissbaker.ch\/fr\/wp-json\/wp\/v2\/posts"}],"about":[{"href":"https:\/\/swissbaker.ch\/fr\/wp-json\/wp\/v2\/types\/post"}],"author":[{"embeddable":true,"href":"https:\/\/swissbaker.ch\/fr\/wp-json\/wp\/v2\/users\/5"}],"replies":[{"embeddable":true,"href":"https:\/\/swissbaker.ch\/fr\/wp-json\/wp\/v2\/comments?post=52026"}],"version-history":[{"count":0,"href":"https:\/\/swissbaker.ch\/fr\/wp-json\/wp\/v2\/posts\/52026\/revisions"}],"wp:featuredmedia":[{"embeddable":true,"href":"https:\/\/swissbaker.ch\/fr\/wp-json\/wp\/v2\/media\/52027"}],"wp:attachment":[{"href":"https:\/\/swissbaker.ch\/fr\/wp-json\/wp\/v2\/media?parent=52026"}],"wp:term":[{"taxonomy":"category","embeddable":true,"href":"https:\/\/swissbaker.ch\/fr\/wp-json\/wp\/v2\/categories?post=52026"},{"taxonomy":"post_tag","embeddable":true,"href":"https:\/\/swissbaker.ch\/fr\/wp-json\/wp\/v2\/tags?post=52026"}],"curies":[{"name":"wp","href":"https:\/\/api.w.org\/{rel}","templated":true}]}}