{"id":51800,"date":"2022-10-26T11:31:49","date_gmt":"2022-10-26T09:31:49","guid":{"rendered":"https:\/\/swissbaker.ch\/?p=51800"},"modified":"2022-10-28T09:16:28","modified_gmt":"2022-10-28T07:16:28","slug":"lambition-de-jeunes-entrepreneurs","status":"publish","type":"post","link":"https:\/\/swissbaker.ch\/fr\/panissimo-news\/lambition-de-jeunes-entrepreneurs\/","title":{"rendered":"L&#8217;ambition de jeunes entrepreneurs"},"content":{"rendered":"\n<p><strong>Le couple de jeunes entrepreneurs form\u00e9 par Linda et Ga\u00ebtan Amez-Droz a saut\u00e9 le pas de l\u2019ind\u00e9pendance en ouvrant \u00e0 la mi-ao\u00fbt La Boulangerie \u00e0 Ostermundigen (BE) ; un r\u00eave qui devient r\u00e9alit\u00e9. Les anciens propri\u00e9taires, les \u00e9poux Muralt, ont remis la boulangerie familiale, apr\u00e8s 91 ans d\u2019activit\u00e9.<\/strong><\/p>\n\n\n\n<p>\u00ab Une amie m\u2019a racont\u00e9 qu\u2019en maternelle d\u00e9j\u00e0, je souhaitais devenir boulanger alors que les autres \u00eavaient de carri\u00e8res de chanteur ou d\u2019acteur de cin\u00e9ma \u00bb, se souvient Ga\u00ebtan Amez-Droz. Il n\u2019a jamais flirt\u00e9 avec d\u2019autres m\u00e9tiers non plus, s\u00fbr de r\u00e9aliser son r\u00eave. Peut-\u00eatre aussi parce que ses grands-parents tenaient autrefois une boulangerie \u00e0 Neuch\u00e2tel, \u00ab mais je ne me souviens gu\u00e8re de cette \u00e9poque \u00bb. Il semble avoir incon-sciemment le g\u00e8ne de la boulangerie en lui.<\/p>\n\n\n\n<h2 class=\"wp-block-heading\" id=\"h-changement-de-plan-dans-l-oberland-bernois\">CHANGEMENT DE PLAN DANS L\u2019OBERLAND BERNOIS<\/h2>\n\n\n\n<p>Son apprentissage de boulanger-p\u00e2tissier termin\u00e9, le Jurassien a voulu travailler un an en Suisse al\u00e9manique pour am\u00e9liorer ses connais-sances linguistiques. Gr\u00e2ce \u00e0 l\u2019annonce d\u2019emploi publi\u00e9e dans \u00ab Panissimo \u00bb, il a trouv\u00e9 ce qu\u2019il cherchait dans l\u2019Oberland bernois. Cependant, l\u2019ann\u00e9e pr\u00e9vue s\u2019est finalement transform\u00e9e en neuf ans. Notamment parce qu\u2019il y a rencontr\u00e9 Linda, qui est devenue sa femme. Cette boulang\u00e8re-p\u00e2tissi\u00e8re de formation avait elle aussi initialement pr\u00e9vu de ne passer qu\u2019une saison \u00e0 la montagne. \u00ab Ce n\u2019est que dix ans plus tard que j\u2019ai quitt\u00e9 l\u2019Oberland, avec Ga\u00ebtan et nos trois enfants, pour ouvrir notre premi\u00e8re boulangerie \u00e0 Ostermundigen \u00bb.<\/p>\n\n\n\n<p>\u2026<em>Lisez l\u2019article complet dans \u00abPanissimo\u00bb du 28 octobre 2022.<\/em><\/p>\n\n\n\n<p>Elina Laich<\/p>\n","protected":false},"excerpt":{"rendered":"<p>Le couple de jeunes entrepreneurs form\u00e9 par Linda et Ga\u00ebtan Amez-Droz a saut\u00e9 le pas de l\u2019ind\u00e9pendance en ouvrant \u00e0 la mi-ao\u00fbt La Boulangerie \u00e0 Ostermundigen (BE) ; un r\u00eave qui devient r\u00e9alit\u00e9. Les anciens propri\u00e9taires, les \u00e9poux Muralt, ont remis la boulangerie familiale, apr\u00e8s 91 ans d\u2019activit\u00e9. \u00ab Une amie m\u2019a racont\u00e9 qu\u2019en maternelle d\u00e9j\u00e0, je souhaitais devenir boulanger [&hellip;]<\/p>\n","protected":false},"author":4,"featured_media":51796,"comment_status":"closed","ping_status":"closed","sticky":true,"template":"","format":"standard","meta":{"_acf_changed":false,"footnotes":""},"categories":[42],"tags":[],"class_list":["post-51800","post","type-post","status-publish","format-standard","has-post-thumbnail","hentry","category-boulangeries-confiseries"],"acf":[],"yoast_head":"<!-- This site is optimized with the Yoast SEO Premium plugin v26.8 (Yoast SEO v26.8) - https:\/\/yoast.com\/product\/yoast-seo-premium-wordpress\/ -->\n<title>L&#039;ambition de jeunes entrepreneurs | SBC<\/title>\n<meta name=\"description\" content=\"Linda et Ga\u00ebtan Amez-Droz a saut\u00e9 le pas de l\u2019ind\u00e9pendance en ouvrant \u00e0 la mi-ao\u00fbt La Boulangerie \u00e0 Ostermundigen (BE).\" \/>\n<meta name=\"robots\" content=\"index, follow, max-snippet:-1, max-image-preview:large, max-video-preview:-1\" \/>\n<link rel=\"canonical\" href=\"https:\/\/swissbaker.ch\/fr\/panissimo-news\/lambition-de-jeunes-entrepreneurs\/\" \/>\n<meta property=\"og:locale\" content=\"fr_FR\" \/>\n<meta property=\"og:type\" content=\"article\" \/>\n<meta property=\"og:title\" content=\"L&#039;ambition de jeunes entrepreneurs\" \/>\n<meta property=\"og:description\" content=\"Linda et Ga\u00ebtan Amez-Droz a saut\u00e9 le pas de l\u2019ind\u00e9pendance en ouvrant \u00e0 la mi-ao\u00fbt La Boulangerie \u00e0 Ostermundigen (BE).\" \/>\n<meta property=\"og:url\" content=\"https:\/\/swissbaker.ch\/fr\/panissimo-news\/lambition-de-jeunes-entrepreneurs\/\" \/>\n<meta property=\"og:site_name\" content=\"SBC\" \/>\n<meta property=\"article:publisher\" content=\"https:\/\/www.facebook.com\/swissbaker.ch\" \/>\n<meta property=\"article:published_time\" content=\"2022-10-26T09:31:49+00:00\" \/>\n<meta property=\"article:modified_time\" content=\"2022-10-28T07:16:28+00:00\" \/>\n<meta property=\"og:image\" content=\"https:\/\/swissbaker.ch\/wp-content\/uploads\/2022\/10\/20_1_la-boulangerie_amez-droz.jpg\" \/>\n\t<meta property=\"og:image:width\" content=\"1200\" \/>\n\t<meta property=\"og:image:height\" content=\"712\" \/>\n\t<meta property=\"og:image:type\" content=\"image\/jpeg\" \/>\n<meta name=\"author\" content=\"Elina Laich\" \/>\n<meta name=\"twitter:card\" content=\"summary_large_image\" \/>\n<meta name=\"twitter:creator\" content=\"@ch_swissbaker\" \/>\n<meta name=\"twitter:site\" content=\"@ch_swissbaker\" \/>\n<meta name=\"twitter:label1\" content=\"Written by\" \/>\n\t<meta name=\"twitter:data1\" content=\"Elina Laich\" \/>\n\t<meta name=\"twitter:label2\" content=\"Est. reading time\" \/>\n\t<meta name=\"twitter:data2\" content=\"2 minutes\" \/>\n<script type=\"application\/ld+json\" class=\"yoast-schema-graph\">{\"@context\":\"https:\/\/schema.org\",\"@graph\":[{\"@type\":\"Article\",\"@id\":\"https:\/\/swissbaker.ch\/fr\/panissimo-news\/lambition-de-jeunes-entrepreneurs\/#article\",\"isPartOf\":{\"@id\":\"https:\/\/swissbaker.ch\/fr\/panissimo-news\/lambition-de-jeunes-entrepreneurs\/\"},\"author\":{\"name\":\"Elina Laich\",\"@id\":\"https:\/\/swissbaker.ch\/fr\/#\/schema\/person\/0c7464407782a0917d6e91a74206a176\"},\"headline\":\"L&#8217;ambition de jeunes entrepreneurs\",\"datePublished\":\"2022-10-26T09:31:49+00:00\",\"dateModified\":\"2022-10-28T07:16:28+00:00\",\"mainEntityOfPage\":{\"@id\":\"https:\/\/swissbaker.ch\/fr\/panissimo-news\/lambition-de-jeunes-entrepreneurs\/\"},\"wordCount\":285,\"publisher\":{\"@id\":\"https:\/\/swissbaker.ch\/fr\/#organization\"},\"image\":{\"@id\":\"https:\/\/swissbaker.ch\/fr\/panissimo-news\/lambition-de-jeunes-entrepreneurs\/#primaryimage\"},\"thumbnailUrl\":\"https:\/\/swissbaker.ch\/wp-content\/uploads\/2022\/10\/20_1_la-boulangerie_amez-droz.jpg\",\"articleSection\":[\"Boulangeries\/Confiseries\"],\"inLanguage\":\"fr-FR\"},{\"@type\":\"WebPage\",\"@id\":\"https:\/\/swissbaker.ch\/fr\/panissimo-news\/lambition-de-jeunes-entrepreneurs\/\",\"url\":\"https:\/\/swissbaker.ch\/fr\/panissimo-news\/lambition-de-jeunes-entrepreneurs\/\",\"name\":\"L'ambition de jeunes entrepreneurs | SBC\",\"isPartOf\":{\"@id\":\"https:\/\/swissbaker.ch\/fr\/#website\"},\"primaryImageOfPage\":{\"@id\":\"https:\/\/swissbaker.ch\/fr\/panissimo-news\/lambition-de-jeunes-entrepreneurs\/#primaryimage\"},\"image\":{\"@id\":\"https:\/\/swissbaker.ch\/fr\/panissimo-news\/lambition-de-jeunes-entrepreneurs\/#primaryimage\"},\"thumbnailUrl\":\"https:\/\/swissbaker.ch\/wp-content\/uploads\/2022\/10\/20_1_la-boulangerie_amez-droz.jpg\",\"datePublished\":\"2022-10-26T09:31:49+00:00\",\"dateModified\":\"2022-10-28T07:16:28+00:00\",\"description\":\"Linda et Ga\u00ebtan Amez-Droz a saut\u00e9 le pas de l\u2019ind\u00e9pendance en ouvrant \u00e0 la mi-ao\u00fbt La Boulangerie \u00e0 Ostermundigen (BE).\",\"breadcrumb\":{\"@id\":\"https:\/\/swissbaker.ch\/fr\/panissimo-news\/lambition-de-jeunes-entrepreneurs\/#breadcrumb\"},\"inLanguage\":\"fr-FR\",\"potentialAction\":[{\"@type\":\"ReadAction\",\"target\":[\"https:\/\/swissbaker.ch\/fr\/panissimo-news\/lambition-de-jeunes-entrepreneurs\/\"]}]},{\"@type\":\"ImageObject\",\"inLanguage\":\"fr-FR\",\"@id\":\"https:\/\/swissbaker.ch\/fr\/panissimo-news\/lambition-de-jeunes-entrepreneurs\/#primaryimage\",\"url\":\"https:\/\/swissbaker.ch\/wp-content\/uploads\/2022\/10\/20_1_la-boulangerie_amez-droz.jpg\",\"contentUrl\":\"https:\/\/swissbaker.ch\/wp-content\/uploads\/2022\/10\/20_1_la-boulangerie_amez-droz.jpg\",\"width\":1200,\"height\":712,\"caption\":\"La Boulangerie Linda Ga\u00ebtan Amez-Droz\"},{\"@type\":\"BreadcrumbList\",\"@id\":\"https:\/\/swissbaker.ch\/fr\/panissimo-news\/lambition-de-jeunes-entrepreneurs\/#breadcrumb\",\"itemListElement\":[{\"@type\":\"ListItem\",\"position\":1,\"name\":\"\",\"item\":\"https:\/\/swissbaker.ch\/fr\/\"},{\"@type\":\"ListItem\",\"position\":2,\"name\":\"Boulangeries\/Confiseries\",\"item\":\"https:\/\/swissbaker.ch\/fr\/panissimo-news\/category\/boulangeries-confiseries\/\"},{\"@type\":\"ListItem\",\"position\":3,\"name\":\"L&#8217;ambition de jeunes entrepreneurs\"}]},{\"@type\":\"WebSite\",\"@id\":\"https:\/\/swissbaker.ch\/fr\/#website\",\"url\":\"https:\/\/swissbaker.ch\/fr\/\",\"name\":\"SBC\",\"description\":\"\",\"publisher\":{\"@id\":\"https:\/\/swissbaker.ch\/fr\/#organization\"},\"potentialAction\":[{\"@type\":\"SearchAction\",\"target\":{\"@type\":\"EntryPoint\",\"urlTemplate\":\"https:\/\/swissbaker.ch\/fr\/?s={search_term_string}\"},\"query-input\":{\"@type\":\"PropertyValueSpecification\",\"valueRequired\":true,\"valueName\":\"search_term_string\"}}],\"inLanguage\":\"fr-FR\"},{\"@type\":\"Organization\",\"@id\":\"https:\/\/swissbaker.ch\/fr\/#organization\",\"name\":\"Schweizerischer B\u00e4cker-Confiseurmeister-Verband\",\"url\":\"https:\/\/swissbaker.ch\/fr\/\",\"logo\":{\"@type\":\"ImageObject\",\"inLanguage\":\"fr-FR\",\"@id\":\"https:\/\/swissbaker.ch\/fr\/#\/schema\/logo\/image\/\",\"url\":\"https:\/\/swissbaker.ch\/wp-content\/uploads\/2022\/04\/sbc-logo-yoast.jpg\",\"contentUrl\":\"https:\/\/swissbaker.ch\/wp-content\/uploads\/2022\/04\/sbc-logo-yoast.jpg\",\"width\":512,\"height\":512,\"caption\":\"Schweizerischer B\u00e4cker-Confiseurmeister-Verband\"},\"image\":{\"@id\":\"https:\/\/swissbaker.ch\/fr\/#\/schema\/logo\/image\/\"},\"sameAs\":[\"https:\/\/www.facebook.com\/swissbaker.ch\",\"https:\/\/x.com\/ch_swissbaker\"]},{\"@type\":\"Person\",\"@id\":\"https:\/\/swissbaker.ch\/fr\/#\/schema\/person\/0c7464407782a0917d6e91a74206a176\",\"name\":\"Elina Laich\",\"image\":{\"@type\":\"ImageObject\",\"inLanguage\":\"fr-FR\",\"@id\":\"https:\/\/swissbaker.ch\/fr\/#\/schema\/person\/image\/\",\"url\":\"https:\/\/secure.gravatar.com\/avatar\/f942ca5f8668781d3ded9592a21de46001e053aff264ff1c6deb97b59d3604b2?s=96&d=mm&r=g\",\"contentUrl\":\"https:\/\/secure.gravatar.com\/avatar\/f942ca5f8668781d3ded9592a21de46001e053aff264ff1c6deb97b59d3604b2?s=96&d=mm&r=g\",\"caption\":\"Elina Laich\"},\"url\":\"https:\/\/swissbaker.ch\/fr\/panissimo-news\/author\/elina-laich\/\"}]}<\/script>\n<!-- \/ Yoast SEO Premium plugin. -->","yoast_head_json":{"title":"L'ambition de jeunes entrepreneurs | SBC","description":"Linda et Ga\u00ebtan Amez-Droz a saut\u00e9 le pas de l\u2019ind\u00e9pendance en ouvrant \u00e0 la mi-ao\u00fbt La Boulangerie \u00e0 Ostermundigen (BE).","robots":{"index":"index","follow":"follow","max-snippet":"max-snippet:-1","max-image-preview":"max-image-preview:large","max-video-preview":"max-video-preview:-1"},"canonical":"https:\/\/swissbaker.ch\/fr\/panissimo-news\/lambition-de-jeunes-entrepreneurs\/","og_locale":"fr_FR","og_type":"article","og_title":"L'ambition de jeunes entrepreneurs","og_description":"Linda et Ga\u00ebtan Amez-Droz a saut\u00e9 le pas de l\u2019ind\u00e9pendance en ouvrant \u00e0 la mi-ao\u00fbt La Boulangerie \u00e0 Ostermundigen (BE).","og_url":"https:\/\/swissbaker.ch\/fr\/panissimo-news\/lambition-de-jeunes-entrepreneurs\/","og_site_name":"SBC","article_publisher":"https:\/\/www.facebook.com\/swissbaker.ch","article_published_time":"2022-10-26T09:31:49+00:00","article_modified_time":"2022-10-28T07:16:28+00:00","og_image":[{"width":1200,"height":712,"url":"https:\/\/swissbaker.ch\/wp-content\/uploads\/2022\/10\/20_1_la-boulangerie_amez-droz.jpg","type":"image\/jpeg"}],"author":"Elina Laich","twitter_card":"summary_large_image","twitter_creator":"@ch_swissbaker","twitter_site":"@ch_swissbaker","twitter_misc":{"Written by":"Elina Laich","Est. reading time":"2 minutes"},"schema":{"@context":"https:\/\/schema.org","@graph":[{"@type":"Article","@id":"https:\/\/swissbaker.ch\/fr\/panissimo-news\/lambition-de-jeunes-entrepreneurs\/#article","isPartOf":{"@id":"https:\/\/swissbaker.ch\/fr\/panissimo-news\/lambition-de-jeunes-entrepreneurs\/"},"author":{"name":"Elina Laich","@id":"https:\/\/swissbaker.ch\/fr\/#\/schema\/person\/0c7464407782a0917d6e91a74206a176"},"headline":"L&#8217;ambition de jeunes entrepreneurs","datePublished":"2022-10-26T09:31:49+00:00","dateModified":"2022-10-28T07:16:28+00:00","mainEntityOfPage":{"@id":"https:\/\/swissbaker.ch\/fr\/panissimo-news\/lambition-de-jeunes-entrepreneurs\/"},"wordCount":285,"publisher":{"@id":"https:\/\/swissbaker.ch\/fr\/#organization"},"image":{"@id":"https:\/\/swissbaker.ch\/fr\/panissimo-news\/lambition-de-jeunes-entrepreneurs\/#primaryimage"},"thumbnailUrl":"https:\/\/swissbaker.ch\/wp-content\/uploads\/2022\/10\/20_1_la-boulangerie_amez-droz.jpg","articleSection":["Boulangeries\/Confiseries"],"inLanguage":"fr-FR"},{"@type":"WebPage","@id":"https:\/\/swissbaker.ch\/fr\/panissimo-news\/lambition-de-jeunes-entrepreneurs\/","url":"https:\/\/swissbaker.ch\/fr\/panissimo-news\/lambition-de-jeunes-entrepreneurs\/","name":"L'ambition de jeunes entrepreneurs | SBC","isPartOf":{"@id":"https:\/\/swissbaker.ch\/fr\/#website"},"primaryImageOfPage":{"@id":"https:\/\/swissbaker.ch\/fr\/panissimo-news\/lambition-de-jeunes-entrepreneurs\/#primaryimage"},"image":{"@id":"https:\/\/swissbaker.ch\/fr\/panissimo-news\/lambition-de-jeunes-entrepreneurs\/#primaryimage"},"thumbnailUrl":"https:\/\/swissbaker.ch\/wp-content\/uploads\/2022\/10\/20_1_la-boulangerie_amez-droz.jpg","datePublished":"2022-10-26T09:31:49+00:00","dateModified":"2022-10-28T07:16:28+00:00","description":"Linda et Ga\u00ebtan Amez-Droz a saut\u00e9 le pas de l\u2019ind\u00e9pendance en ouvrant \u00e0 la mi-ao\u00fbt La Boulangerie \u00e0 Ostermundigen (BE).","breadcrumb":{"@id":"https:\/\/swissbaker.ch\/fr\/panissimo-news\/lambition-de-jeunes-entrepreneurs\/#breadcrumb"},"inLanguage":"fr-FR","potentialAction":[{"@type":"ReadAction","target":["https:\/\/swissbaker.ch\/fr\/panissimo-news\/lambition-de-jeunes-entrepreneurs\/"]}]},{"@type":"ImageObject","inLanguage":"fr-FR","@id":"https:\/\/swissbaker.ch\/fr\/panissimo-news\/lambition-de-jeunes-entrepreneurs\/#primaryimage","url":"https:\/\/swissbaker.ch\/wp-content\/uploads\/2022\/10\/20_1_la-boulangerie_amez-droz.jpg","contentUrl":"https:\/\/swissbaker.ch\/wp-content\/uploads\/2022\/10\/20_1_la-boulangerie_amez-droz.jpg","width":1200,"height":712,"caption":"La Boulangerie Linda Ga\u00ebtan Amez-Droz"},{"@type":"BreadcrumbList","@id":"https:\/\/swissbaker.ch\/fr\/panissimo-news\/lambition-de-jeunes-entrepreneurs\/#breadcrumb","itemListElement":[{"@type":"ListItem","position":1,"name":"","item":"https:\/\/swissbaker.ch\/fr\/"},{"@type":"ListItem","position":2,"name":"Boulangeries\/Confiseries","item":"https:\/\/swissbaker.ch\/fr\/panissimo-news\/category\/boulangeries-confiseries\/"},{"@type":"ListItem","position":3,"name":"L&#8217;ambition de jeunes entrepreneurs"}]},{"@type":"WebSite","@id":"https:\/\/swissbaker.ch\/fr\/#website","url":"https:\/\/swissbaker.ch\/fr\/","name":"SBC","description":"","publisher":{"@id":"https:\/\/swissbaker.ch\/fr\/#organization"},"potentialAction":[{"@type":"SearchAction","target":{"@type":"EntryPoint","urlTemplate":"https:\/\/swissbaker.ch\/fr\/?s={search_term_string}"},"query-input":{"@type":"PropertyValueSpecification","valueRequired":true,"valueName":"search_term_string"}}],"inLanguage":"fr-FR"},{"@type":"Organization","@id":"https:\/\/swissbaker.ch\/fr\/#organization","name":"Schweizerischer B\u00e4cker-Confiseurmeister-Verband","url":"https:\/\/swissbaker.ch\/fr\/","logo":{"@type":"ImageObject","inLanguage":"fr-FR","@id":"https:\/\/swissbaker.ch\/fr\/#\/schema\/logo\/image\/","url":"https:\/\/swissbaker.ch\/wp-content\/uploads\/2022\/04\/sbc-logo-yoast.jpg","contentUrl":"https:\/\/swissbaker.ch\/wp-content\/uploads\/2022\/04\/sbc-logo-yoast.jpg","width":512,"height":512,"caption":"Schweizerischer B\u00e4cker-Confiseurmeister-Verband"},"image":{"@id":"https:\/\/swissbaker.ch\/fr\/#\/schema\/logo\/image\/"},"sameAs":["https:\/\/www.facebook.com\/swissbaker.ch","https:\/\/x.com\/ch_swissbaker"]},{"@type":"Person","@id":"https:\/\/swissbaker.ch\/fr\/#\/schema\/person\/0c7464407782a0917d6e91a74206a176","name":"Elina Laich","image":{"@type":"ImageObject","inLanguage":"fr-FR","@id":"https:\/\/swissbaker.ch\/fr\/#\/schema\/person\/image\/","url":"https:\/\/secure.gravatar.com\/avatar\/f942ca5f8668781d3ded9592a21de46001e053aff264ff1c6deb97b59d3604b2?s=96&d=mm&r=g","contentUrl":"https:\/\/secure.gravatar.com\/avatar\/f942ca5f8668781d3ded9592a21de46001e053aff264ff1c6deb97b59d3604b2?s=96&d=mm&r=g","caption":"Elina Laich"},"url":"https:\/\/swissbaker.ch\/fr\/panissimo-news\/author\/elina-laich\/"}]}},"_links":{"self":[{"href":"https:\/\/swissbaker.ch\/fr\/wp-json\/wp\/v2\/posts\/51800","targetHints":{"allow":["GET"]}}],"collection":[{"href":"https:\/\/swissbaker.ch\/fr\/wp-json\/wp\/v2\/posts"}],"about":[{"href":"https:\/\/swissbaker.ch\/fr\/wp-json\/wp\/v2\/types\/post"}],"author":[{"embeddable":true,"href":"https:\/\/swissbaker.ch\/fr\/wp-json\/wp\/v2\/users\/4"}],"replies":[{"embeddable":true,"href":"https:\/\/swissbaker.ch\/fr\/wp-json\/wp\/v2\/comments?post=51800"}],"version-history":[{"count":0,"href":"https:\/\/swissbaker.ch\/fr\/wp-json\/wp\/v2\/posts\/51800\/revisions"}],"wp:featuredmedia":[{"embeddable":true,"href":"https:\/\/swissbaker.ch\/fr\/wp-json\/wp\/v2\/media\/51796"}],"wp:attachment":[{"href":"https:\/\/swissbaker.ch\/fr\/wp-json\/wp\/v2\/media?parent=51800"}],"wp:term":[{"taxonomy":"category","embeddable":true,"href":"https:\/\/swissbaker.ch\/fr\/wp-json\/wp\/v2\/categories?post=51800"},{"taxonomy":"post_tag","embeddable":true,"href":"https:\/\/swissbaker.ch\/fr\/wp-json\/wp\/v2\/tags?post=51800"}],"curies":[{"name":"wp","href":"https:\/\/api.w.org\/{rel}","templated":true}]}}