{"id":51770,"date":"2022-10-26T09:12:58","date_gmt":"2022-10-26T07:12:58","guid":{"rendered":"https:\/\/swissbaker.ch\/?p=51770"},"modified":"2022-10-26T09:17:11","modified_gmt":"2022-10-26T07:17:11","slug":"le-produit-ideal-2e-edition","status":"publish","type":"post","link":"https:\/\/swissbaker.ch\/fr\/panissimo-news\/le-produit-ideal-2e-edition\/","title":{"rendered":"\u00ab Le produit id\u00e9al \u00bb 2e \u00e9dition"},"content":{"rendered":"\n<p><strong>La 2e \u00e9dition de la s\u00e9rie de livres \u00ab\u2009Le produit id\u00e9al\u2009\u00bb se pr\u00e9sente sous un nouveau jour\u2009: la mise en page et la structure sont plus modernes et plus claires.<\/strong><\/p>\n\n\n\n<p>Mais le v\u00e9ritable changement concerne le contenu. En collaboration avec des ma\u00eetres de cours, l\u2019\u00e9quipe d\u2019auteurs de l\u2019Ecole professionnelle Richemont a revu en profondeur le mat\u00e9riel didactique. Les contenus ont \u00e9t\u00e9 actualis\u00e9s, compl\u00e9t\u00e9s et harmonis\u00e9s avec l\u2019ouvrage de base, de sorte \u00e0 couvrir tous les objectifs d\u2019apprentissage de l\u2019ordonnance sur la formation.<\/p>\n\n\n\n<p>La s\u00e9rie de livres en quatre parties (Boulangerie, P\u00e2tisserie 1 &amp; 2, Confiserie) a pour but d\u2019aider les enseignants, les apprentis mais aussi les professionnels \u00e0 mieux comprendre la qualit\u00e9 des produits dans les entreprises de boulangerie-p\u00e2tisserie-confiserie.<\/p>\n\n\n\n<p>Tous les chapitres de tous les volumes sont structur\u00e9s de la m\u00eame mani\u00e8re\u2009:<\/p>\n\n\n\n<ol class=\"wp-block-list\"><li>En guise d\u2019introduction au sujet, le produit id\u00e9al est pr\u00e9sent\u00e9 sur une double page avec la recette, la fabrication ainsi qu\u2019une description d\u00e9taill\u00e9e et illustr\u00e9e du produit.<\/li><li>Les influences\u2009\/\u2009d\u00e9fauts qui emp\u00eachent d\u2019atteindre une qualit\u00e9 de produit optimale sont ensuite d\u00e9crits. Le titre indique ce qui a \u00e9t\u00e9 modifi\u00e9 par rapport \u00e0 la fabrication\u2009\/\u2009recette id\u00e9ale.<\/li><li>La troisi\u00e8me partie est ax\u00e9e sur les techniques de travail, les d\u00e9clarations et les remarques importantes.<\/li><\/ol>\n\n\n\n<p>De plus, de nombreuses recettes comportent des conseils pratiques ou des variations.<\/p>\n\n\n\n<figure class=\"wp-block-image size-large\"><img decoding=\"async\" width=\"715\" height=\"1024\" src=\"https:\/\/swissbaker.ch\/wp-content\/uploads\/2022\/10\/20_1_das_ideale_produkt_innen_f-715x1024.jpg\" alt=\"\" class=\"wp-image-51757\" srcset=\"https:\/\/swissbaker.ch\/wp-content\/uploads\/2022\/10\/20_1_das_ideale_produkt_innen_f-715x1024.jpg 715w, https:\/\/swissbaker.ch\/wp-content\/uploads\/2022\/10\/20_1_das_ideale_produkt_innen_f-768x1099.jpg 768w, https:\/\/swissbaker.ch\/wp-content\/uploads\/2022\/10\/20_1_das_ideale_produkt_innen_f.jpg 800w\" sizes=\"(max-width: 715px) 100vw, 715px\" \/><\/figure>\n\n\n\n<h2 class=\"wp-block-heading\" id=\"h-le-produit-ideal-2e-edition-2022\">Le produit id\u00e9al, 2e \u00e9dition, 2022<\/h2>\n\n\n\n<ul class=\"wp-block-list\"><li>Boulangerie, 212 pages, allemand, fran\u00e7ais, italien<\/li><li>P\u00e2tisserie 1, 280 pages, allemand, fran\u00e7ais, italien<\/li><li>P\u00e2tisserie 2, 312 pages, allemand, fran\u00e7ais, italien<\/li><li>Confiserie, 240 pages, allemand, fran\u00e7ais, italien<\/li><\/ul>\n\n\n\n<p>La version e-book de la s\u00e9rie de livres \u00ab\u2009Le produit id\u00e9al\u2009\u00bb comprend les quatre volumes et est disponible en allemand, en fran\u00e7ais et en italien.<\/p>\n\n\n\n<p>Commandez directement:<br><a href=\"https:\/\/richemont.swiss\/fr\/product-category\/livres\/\" target=\"_blank\" rel=\"noreferrer noopener\">www.richemont.swiss<\/a><\/p>\n\n\n\n<p><\/p>\n","protected":false},"excerpt":{"rendered":"<p>La 2e \u00e9dition de la s\u00e9rie de livres \u00ab\u2009Le produit id\u00e9al\u2009\u00bb se pr\u00e9sente sous un nouveau jour\u2009: la mise en page et la structure sont plus modernes et plus claires.<\/p>\n","protected":false},"author":5,"featured_media":51755,"comment_status":"open","ping_status":"closed","sticky":false,"template":"","format":"standard","meta":{"_acf_changed":false,"footnotes":""},"categories":[54,48],"tags":[],"class_list":["post-51770","post","type-post","status-publish","format-standard","has-post-thumbnail","hentry","category-conseils","category-production"],"acf":[],"yoast_head":"<!-- This site is optimized with the Yoast SEO Premium plugin v26.8 (Yoast SEO v26.8) - https:\/\/yoast.com\/product\/yoast-seo-premium-wordpress\/ -->\n<title>\u00ab Le produit id\u00e9al \u00bb 2e \u00e9dition | SBC<\/title>\n<meta name=\"robots\" content=\"index, follow, max-snippet:-1, max-image-preview:large, max-video-preview:-1\" \/>\n<link rel=\"canonical\" href=\"https:\/\/swissbaker.ch\/fr\/panissimo-news\/le-produit-ideal-2e-edition\/\" \/>\n<meta property=\"og:locale\" content=\"fr_FR\" \/>\n<meta property=\"og:type\" content=\"article\" \/>\n<meta property=\"og:title\" content=\"\u00ab Le produit id\u00e9al \u00bb 2e \u00e9dition\" \/>\n<meta property=\"og:description\" content=\"La 2e \u00e9dition de la s\u00e9rie de livres \u00ab\u2009Le produit id\u00e9al\u2009\u00bb se pr\u00e9sente sous un nouveau jour\u2009: la mise en page et la structure sont plus modernes et plus claires.\" \/>\n<meta property=\"og:url\" content=\"https:\/\/swissbaker.ch\/fr\/panissimo-news\/le-produit-ideal-2e-edition\/\" \/>\n<meta property=\"og:site_name\" content=\"SBC\" \/>\n<meta property=\"article:publisher\" content=\"https:\/\/www.facebook.com\/swissbaker.ch\" \/>\n<meta property=\"article:published_time\" content=\"2022-10-26T07:12:58+00:00\" \/>\n<meta property=\"article:modified_time\" content=\"2022-10-26T07:17:11+00:00\" \/>\n<meta property=\"og:image\" content=\"https:\/\/swissbaker.ch\/wp-content\/uploads\/2022\/10\/20_1_das_ideale_produkt_f.jpg\" \/>\n\t<meta property=\"og:image:width\" content=\"1200\" \/>\n\t<meta property=\"og:image:height\" content=\"712\" \/>\n\t<meta property=\"og:image:type\" content=\"image\/jpeg\" \/>\n<meta name=\"author\" content=\"Simon Nussbaum\" \/>\n<meta name=\"twitter:card\" content=\"summary_large_image\" \/>\n<meta name=\"twitter:creator\" content=\"@ch_swissbaker\" \/>\n<meta name=\"twitter:site\" content=\"@ch_swissbaker\" \/>\n<meta name=\"twitter:label1\" content=\"Written by\" \/>\n\t<meta name=\"twitter:data1\" content=\"Simon Nussbaum\" \/>\n\t<meta name=\"twitter:label2\" content=\"Est. reading time\" \/>\n\t<meta name=\"twitter:data2\" content=\"2 minutes\" \/>\n<script type=\"application\/ld+json\" class=\"yoast-schema-graph\">{\"@context\":\"https:\/\/schema.org\",\"@graph\":[{\"@type\":\"Article\",\"@id\":\"https:\/\/swissbaker.ch\/fr\/panissimo-news\/le-produit-ideal-2e-edition\/#article\",\"isPartOf\":{\"@id\":\"https:\/\/swissbaker.ch\/fr\/panissimo-news\/le-produit-ideal-2e-edition\/\"},\"author\":{\"name\":\"Simon Nussbaum\",\"@id\":\"https:\/\/swissbaker.ch\/fr\/#\/schema\/person\/74bd327b08c18ca6042c02ff6f0ed5e2\"},\"headline\":\"\u00ab Le produit id\u00e9al \u00bb 2e \u00e9dition\",\"datePublished\":\"2022-10-26T07:12:58+00:00\",\"dateModified\":\"2022-10-26T07:17:11+00:00\",\"mainEntityOfPage\":{\"@id\":\"https:\/\/swissbaker.ch\/fr\/panissimo-news\/le-produit-ideal-2e-edition\/\"},\"wordCount\":320,\"commentCount\":0,\"publisher\":{\"@id\":\"https:\/\/swissbaker.ch\/fr\/#organization\"},\"image\":{\"@id\":\"https:\/\/swissbaker.ch\/fr\/panissimo-news\/le-produit-ideal-2e-edition\/#primaryimage\"},\"thumbnailUrl\":\"https:\/\/swissbaker.ch\/wp-content\/uploads\/2022\/10\/20_1_das_ideale_produkt_f.jpg\",\"articleSection\":[\"Conseils\",\"Production\"],\"inLanguage\":\"fr-FR\",\"potentialAction\":[{\"@type\":\"CommentAction\",\"name\":\"Comment\",\"target\":[\"https:\/\/swissbaker.ch\/fr\/panissimo-news\/le-produit-ideal-2e-edition\/#respond\"]}]},{\"@type\":\"WebPage\",\"@id\":\"https:\/\/swissbaker.ch\/fr\/panissimo-news\/le-produit-ideal-2e-edition\/\",\"url\":\"https:\/\/swissbaker.ch\/fr\/panissimo-news\/le-produit-ideal-2e-edition\/\",\"name\":\"\u00ab Le produit id\u00e9al \u00bb 2e \u00e9dition | SBC\",\"isPartOf\":{\"@id\":\"https:\/\/swissbaker.ch\/fr\/#website\"},\"primaryImageOfPage\":{\"@id\":\"https:\/\/swissbaker.ch\/fr\/panissimo-news\/le-produit-ideal-2e-edition\/#primaryimage\"},\"image\":{\"@id\":\"https:\/\/swissbaker.ch\/fr\/panissimo-news\/le-produit-ideal-2e-edition\/#primaryimage\"},\"thumbnailUrl\":\"https:\/\/swissbaker.ch\/wp-content\/uploads\/2022\/10\/20_1_das_ideale_produkt_f.jpg\",\"datePublished\":\"2022-10-26T07:12:58+00:00\",\"dateModified\":\"2022-10-26T07:17:11+00:00\",\"breadcrumb\":{\"@id\":\"https:\/\/swissbaker.ch\/fr\/panissimo-news\/le-produit-ideal-2e-edition\/#breadcrumb\"},\"inLanguage\":\"fr-FR\",\"potentialAction\":[{\"@type\":\"ReadAction\",\"target\":[\"https:\/\/swissbaker.ch\/fr\/panissimo-news\/le-produit-ideal-2e-edition\/\"]}]},{\"@type\":\"ImageObject\",\"inLanguage\":\"fr-FR\",\"@id\":\"https:\/\/swissbaker.ch\/fr\/panissimo-news\/le-produit-ideal-2e-edition\/#primaryimage\",\"url\":\"https:\/\/swissbaker.ch\/wp-content\/uploads\/2022\/10\/20_1_das_ideale_produkt_f.jpg\",\"contentUrl\":\"https:\/\/swissbaker.ch\/wp-content\/uploads\/2022\/10\/20_1_das_ideale_produkt_f.jpg\",\"width\":1200,\"height\":712},{\"@type\":\"BreadcrumbList\",\"@id\":\"https:\/\/swissbaker.ch\/fr\/panissimo-news\/le-produit-ideal-2e-edition\/#breadcrumb\",\"itemListElement\":[{\"@type\":\"ListItem\",\"position\":1,\"name\":\"\",\"item\":\"https:\/\/swissbaker.ch\/fr\/\"},{\"@type\":\"ListItem\",\"position\":2,\"name\":\"Conseils\",\"item\":\"https:\/\/swissbaker.ch\/fr\/panissimo-news\/category\/conseils\/\"},{\"@type\":\"ListItem\",\"position\":3,\"name\":\"\u00ab Le produit id\u00e9al \u00bb 2e \u00e9dition\"}]},{\"@type\":\"WebSite\",\"@id\":\"https:\/\/swissbaker.ch\/fr\/#website\",\"url\":\"https:\/\/swissbaker.ch\/fr\/\",\"name\":\"SBC\",\"description\":\"\",\"publisher\":{\"@id\":\"https:\/\/swissbaker.ch\/fr\/#organization\"},\"potentialAction\":[{\"@type\":\"SearchAction\",\"target\":{\"@type\":\"EntryPoint\",\"urlTemplate\":\"https:\/\/swissbaker.ch\/fr\/?s={search_term_string}\"},\"query-input\":{\"@type\":\"PropertyValueSpecification\",\"valueRequired\":true,\"valueName\":\"search_term_string\"}}],\"inLanguage\":\"fr-FR\"},{\"@type\":\"Organization\",\"@id\":\"https:\/\/swissbaker.ch\/fr\/#organization\",\"name\":\"Schweizerischer B\u00e4cker-Confiseurmeister-Verband\",\"url\":\"https:\/\/swissbaker.ch\/fr\/\",\"logo\":{\"@type\":\"ImageObject\",\"inLanguage\":\"fr-FR\",\"@id\":\"https:\/\/swissbaker.ch\/fr\/#\/schema\/logo\/image\/\",\"url\":\"https:\/\/swissbaker.ch\/wp-content\/uploads\/2022\/04\/sbc-logo-yoast.jpg\",\"contentUrl\":\"https:\/\/swissbaker.ch\/wp-content\/uploads\/2022\/04\/sbc-logo-yoast.jpg\",\"width\":512,\"height\":512,\"caption\":\"Schweizerischer B\u00e4cker-Confiseurmeister-Verband\"},\"image\":{\"@id\":\"https:\/\/swissbaker.ch\/fr\/#\/schema\/logo\/image\/\"},\"sameAs\":[\"https:\/\/www.facebook.com\/swissbaker.ch\",\"https:\/\/x.com\/ch_swissbaker\"]},{\"@type\":\"Person\",\"@id\":\"https:\/\/swissbaker.ch\/fr\/#\/schema\/person\/74bd327b08c18ca6042c02ff6f0ed5e2\",\"name\":\"Simon Nussbaum\",\"image\":{\"@type\":\"ImageObject\",\"inLanguage\":\"fr-FR\",\"@id\":\"https:\/\/swissbaker.ch\/fr\/#\/schema\/person\/image\/\",\"url\":\"https:\/\/secure.gravatar.com\/avatar\/df0eced3bb556c806cb760cf503ade1ed1df25b4104d80d6fd28d93a9509aa12?s=96&d=mm&r=g\",\"contentUrl\":\"https:\/\/secure.gravatar.com\/avatar\/df0eced3bb556c806cb760cf503ade1ed1df25b4104d80d6fd28d93a9509aa12?s=96&d=mm&r=g\",\"caption\":\"Simon Nussbaum\"},\"url\":\"https:\/\/swissbaker.ch\/fr\/panissimo-news\/author\/simon-nussbaum\/\"}]}<\/script>\n<!-- \/ Yoast SEO Premium plugin. -->","yoast_head_json":{"title":"\u00ab Le produit id\u00e9al \u00bb 2e \u00e9dition | SBC","robots":{"index":"index","follow":"follow","max-snippet":"max-snippet:-1","max-image-preview":"max-image-preview:large","max-video-preview":"max-video-preview:-1"},"canonical":"https:\/\/swissbaker.ch\/fr\/panissimo-news\/le-produit-ideal-2e-edition\/","og_locale":"fr_FR","og_type":"article","og_title":"\u00ab Le produit id\u00e9al \u00bb 2e \u00e9dition","og_description":"La 2e \u00e9dition de la s\u00e9rie de livres \u00ab\u2009Le produit id\u00e9al\u2009\u00bb se pr\u00e9sente sous un nouveau jour\u2009: la mise en page et la structure sont plus modernes et plus claires.","og_url":"https:\/\/swissbaker.ch\/fr\/panissimo-news\/le-produit-ideal-2e-edition\/","og_site_name":"SBC","article_publisher":"https:\/\/www.facebook.com\/swissbaker.ch","article_published_time":"2022-10-26T07:12:58+00:00","article_modified_time":"2022-10-26T07:17:11+00:00","og_image":[{"width":1200,"height":712,"url":"https:\/\/swissbaker.ch\/wp-content\/uploads\/2022\/10\/20_1_das_ideale_produkt_f.jpg","type":"image\/jpeg"}],"author":"Simon Nussbaum","twitter_card":"summary_large_image","twitter_creator":"@ch_swissbaker","twitter_site":"@ch_swissbaker","twitter_misc":{"Written by":"Simon Nussbaum","Est. reading time":"2 minutes"},"schema":{"@context":"https:\/\/schema.org","@graph":[{"@type":"Article","@id":"https:\/\/swissbaker.ch\/fr\/panissimo-news\/le-produit-ideal-2e-edition\/#article","isPartOf":{"@id":"https:\/\/swissbaker.ch\/fr\/panissimo-news\/le-produit-ideal-2e-edition\/"},"author":{"name":"Simon Nussbaum","@id":"https:\/\/swissbaker.ch\/fr\/#\/schema\/person\/74bd327b08c18ca6042c02ff6f0ed5e2"},"headline":"\u00ab Le produit id\u00e9al \u00bb 2e \u00e9dition","datePublished":"2022-10-26T07:12:58+00:00","dateModified":"2022-10-26T07:17:11+00:00","mainEntityOfPage":{"@id":"https:\/\/swissbaker.ch\/fr\/panissimo-news\/le-produit-ideal-2e-edition\/"},"wordCount":320,"commentCount":0,"publisher":{"@id":"https:\/\/swissbaker.ch\/fr\/#organization"},"image":{"@id":"https:\/\/swissbaker.ch\/fr\/panissimo-news\/le-produit-ideal-2e-edition\/#primaryimage"},"thumbnailUrl":"https:\/\/swissbaker.ch\/wp-content\/uploads\/2022\/10\/20_1_das_ideale_produkt_f.jpg","articleSection":["Conseils","Production"],"inLanguage":"fr-FR","potentialAction":[{"@type":"CommentAction","name":"Comment","target":["https:\/\/swissbaker.ch\/fr\/panissimo-news\/le-produit-ideal-2e-edition\/#respond"]}]},{"@type":"WebPage","@id":"https:\/\/swissbaker.ch\/fr\/panissimo-news\/le-produit-ideal-2e-edition\/","url":"https:\/\/swissbaker.ch\/fr\/panissimo-news\/le-produit-ideal-2e-edition\/","name":"\u00ab Le produit id\u00e9al \u00bb 2e \u00e9dition | SBC","isPartOf":{"@id":"https:\/\/swissbaker.ch\/fr\/#website"},"primaryImageOfPage":{"@id":"https:\/\/swissbaker.ch\/fr\/panissimo-news\/le-produit-ideal-2e-edition\/#primaryimage"},"image":{"@id":"https:\/\/swissbaker.ch\/fr\/panissimo-news\/le-produit-ideal-2e-edition\/#primaryimage"},"thumbnailUrl":"https:\/\/swissbaker.ch\/wp-content\/uploads\/2022\/10\/20_1_das_ideale_produkt_f.jpg","datePublished":"2022-10-26T07:12:58+00:00","dateModified":"2022-10-26T07:17:11+00:00","breadcrumb":{"@id":"https:\/\/swissbaker.ch\/fr\/panissimo-news\/le-produit-ideal-2e-edition\/#breadcrumb"},"inLanguage":"fr-FR","potentialAction":[{"@type":"ReadAction","target":["https:\/\/swissbaker.ch\/fr\/panissimo-news\/le-produit-ideal-2e-edition\/"]}]},{"@type":"ImageObject","inLanguage":"fr-FR","@id":"https:\/\/swissbaker.ch\/fr\/panissimo-news\/le-produit-ideal-2e-edition\/#primaryimage","url":"https:\/\/swissbaker.ch\/wp-content\/uploads\/2022\/10\/20_1_das_ideale_produkt_f.jpg","contentUrl":"https:\/\/swissbaker.ch\/wp-content\/uploads\/2022\/10\/20_1_das_ideale_produkt_f.jpg","width":1200,"height":712},{"@type":"BreadcrumbList","@id":"https:\/\/swissbaker.ch\/fr\/panissimo-news\/le-produit-ideal-2e-edition\/#breadcrumb","itemListElement":[{"@type":"ListItem","position":1,"name":"","item":"https:\/\/swissbaker.ch\/fr\/"},{"@type":"ListItem","position":2,"name":"Conseils","item":"https:\/\/swissbaker.ch\/fr\/panissimo-news\/category\/conseils\/"},{"@type":"ListItem","position":3,"name":"\u00ab Le produit id\u00e9al \u00bb 2e \u00e9dition"}]},{"@type":"WebSite","@id":"https:\/\/swissbaker.ch\/fr\/#website","url":"https:\/\/swissbaker.ch\/fr\/","name":"SBC","description":"","publisher":{"@id":"https:\/\/swissbaker.ch\/fr\/#organization"},"potentialAction":[{"@type":"SearchAction","target":{"@type":"EntryPoint","urlTemplate":"https:\/\/swissbaker.ch\/fr\/?s={search_term_string}"},"query-input":{"@type":"PropertyValueSpecification","valueRequired":true,"valueName":"search_term_string"}}],"inLanguage":"fr-FR"},{"@type":"Organization","@id":"https:\/\/swissbaker.ch\/fr\/#organization","name":"Schweizerischer B\u00e4cker-Confiseurmeister-Verband","url":"https:\/\/swissbaker.ch\/fr\/","logo":{"@type":"ImageObject","inLanguage":"fr-FR","@id":"https:\/\/swissbaker.ch\/fr\/#\/schema\/logo\/image\/","url":"https:\/\/swissbaker.ch\/wp-content\/uploads\/2022\/04\/sbc-logo-yoast.jpg","contentUrl":"https:\/\/swissbaker.ch\/wp-content\/uploads\/2022\/04\/sbc-logo-yoast.jpg","width":512,"height":512,"caption":"Schweizerischer B\u00e4cker-Confiseurmeister-Verband"},"image":{"@id":"https:\/\/swissbaker.ch\/fr\/#\/schema\/logo\/image\/"},"sameAs":["https:\/\/www.facebook.com\/swissbaker.ch","https:\/\/x.com\/ch_swissbaker"]},{"@type":"Person","@id":"https:\/\/swissbaker.ch\/fr\/#\/schema\/person\/74bd327b08c18ca6042c02ff6f0ed5e2","name":"Simon Nussbaum","image":{"@type":"ImageObject","inLanguage":"fr-FR","@id":"https:\/\/swissbaker.ch\/fr\/#\/schema\/person\/image\/","url":"https:\/\/secure.gravatar.com\/avatar\/df0eced3bb556c806cb760cf503ade1ed1df25b4104d80d6fd28d93a9509aa12?s=96&d=mm&r=g","contentUrl":"https:\/\/secure.gravatar.com\/avatar\/df0eced3bb556c806cb760cf503ade1ed1df25b4104d80d6fd28d93a9509aa12?s=96&d=mm&r=g","caption":"Simon Nussbaum"},"url":"https:\/\/swissbaker.ch\/fr\/panissimo-news\/author\/simon-nussbaum\/"}]}},"_links":{"self":[{"href":"https:\/\/swissbaker.ch\/fr\/wp-json\/wp\/v2\/posts\/51770","targetHints":{"allow":["GET"]}}],"collection":[{"href":"https:\/\/swissbaker.ch\/fr\/wp-json\/wp\/v2\/posts"}],"about":[{"href":"https:\/\/swissbaker.ch\/fr\/wp-json\/wp\/v2\/types\/post"}],"author":[{"embeddable":true,"href":"https:\/\/swissbaker.ch\/fr\/wp-json\/wp\/v2\/users\/5"}],"replies":[{"embeddable":true,"href":"https:\/\/swissbaker.ch\/fr\/wp-json\/wp\/v2\/comments?post=51770"}],"version-history":[{"count":0,"href":"https:\/\/swissbaker.ch\/fr\/wp-json\/wp\/v2\/posts\/51770\/revisions"}],"wp:featuredmedia":[{"embeddable":true,"href":"https:\/\/swissbaker.ch\/fr\/wp-json\/wp\/v2\/media\/51755"}],"wp:attachment":[{"href":"https:\/\/swissbaker.ch\/fr\/wp-json\/wp\/v2\/media?parent=51770"}],"wp:term":[{"taxonomy":"category","embeddable":true,"href":"https:\/\/swissbaker.ch\/fr\/wp-json\/wp\/v2\/categories?post=51770"},{"taxonomy":"post_tag","embeddable":true,"href":"https:\/\/swissbaker.ch\/fr\/wp-json\/wp\/v2\/tags?post=51770"}],"curies":[{"name":"wp","href":"https:\/\/api.w.org\/{rel}","templated":true}]}}