{"id":51509,"date":"2022-10-19T15:54:05","date_gmt":"2022-10-19T13:54:05","guid":{"rendered":"https:\/\/swissbaker.ch\/panissimo-news\/mehr-ausbildungsbetriebe\/"},"modified":"2022-10-19T16:03:07","modified_gmt":"2022-10-19T14:03:07","slug":"plus-dentreprises-formatrices","status":"publish","type":"post","link":"https:\/\/swissbaker.ch\/fr\/panissimo-news\/plus-dentreprises-formatrices\/","title":{"rendered":"Plus d\u2019entreprises formatrices"},"content":{"rendered":"\n<p>Ch\u00e8res et Chers Coll\u00e8gues,<\/p>\n\n\n\n<p>En fait, nous le savons tous\u2009: scier la branche sur laquelle on est assis conduit in\u00e9vitablement \u00e0 la chute\u2009! La p\u00e9nurie de main-d\u2019\u0153uvre qualifi\u00e9e est un th\u00e8me r\u00e9current. Il y a lieu de s\u2019y int\u00e9resser. L\u2019\u00e9cart entre le nombre d\u2019entreprises formatrices et celui de boulangeries-confiseries qui ne forment plus se creuse de plus en plus \u00e0 la faveur de ces derni\u00e8res. Or, ce sont pr\u00e9cis\u00e9ment ces entreprises qui ont besoin de professionnels qualifi\u00e9s et en recherchent \u00e9galement. Chaque entreprise, quelle que soit sa taille, a sa part de responsabilit\u00e9 dans la disponibilit\u00e9 d\u2019un nombre suffisant de jeunes professionnels. J\u2019entends presque tous les jours des excuses du genre \u00ab\u2009pas rentable\u2009\u00bb, \u00ab\u2009trop fastidieux\u2009\u00bb, \u00ab\u2009pas le temps\u2009\u00bb.<\/p>\n\n\n\n<p>Un autre adage dit\u2009: l\u00e0 o\u00f9 il y a une volont\u00e9, il y a un chemin\u2009;<br>l\u00e0 o\u00f9 il n\u2019y a pas de volont\u00e9, il y a une raison.<br>Or les raisons suivantes plaident en faveur de la formation d\u2019apprentis\u2009:<\/p>\n\n\n\n<ul class=\"wp-block-list\"><li>Vous \u00eates consid\u00e9r\u00e9 comme une entreprise artisanale attrayante dans votre village, votre petite ville, votre quartier.<\/li><li>Le formateur peut se pencher sur les th\u00e8mes abord\u00e9s \u00e0 l\u2019\u00e9cole\u2009; un rafra\u00eechissement ne fait jamais de mal\u2009!<\/li><li>Les jeunes adultes apportent de nouveaux points de vue d\u2019actualit\u00e9 dans l\u2019entreprise.<\/li><li>Les formateurs peuvent \u00e9galement apprendre des apprentis, en mati\u00e8re de num\u00e9risation notamment.<\/li><li>Les apprentis qui ne sont pas utilis\u00e9s comme main-d\u2019\u0153uvre bon march\u00e9 peuvent rapidement devenir rentables.<\/li><li>Les informations que les apprentis apportent \u00e0 l\u2019entreprise et les discussions avec les coll\u00e8gues de l\u2019\u00e9cole permettent \u00e9galement de remettre en question les \u00ab\u2009vieilles habitudes\u2009\u00bb \u2013 Au fond, pourquoi faisons-nous \u00e7a comme \u00e7a\u2009?<\/li><li>La compr\u00e9hension pour les jeunes adultes ne change pas \u2013 elle \u00e9volue lentement mais continuellement.<\/li><\/ul>\n\n\n\n<p>Nous vous aidons volontiers si vous vous demandez si votre entreprise est adapt\u00e9e aux apprentis. Un r\u00e9seau d\u2019apprentissage avec une entreprise partenaire peut \u00e9galement \u00eatre une solution.<\/p>\n\n\n\n<p>Il faut essentiellement avoir la volont\u00e9 de former et de s\u2019engager activement contre la p\u00e9nurie de main-d\u2019\u0153uvre qualifi\u00e9e. C\u2019est tr\u00e8s simple\u2009: je peux si je veux\u2009!<\/p>\n\n\n\n<p><em>Peter Signer<br>Chef de la formation de la BCS en production<\/em><\/p>\n","protected":false},"excerpt":{"rendered":"<p>En fait, nous le savons tous\u2009: scier la branche sur laquelle on est assis conduit in\u00e9vitablement \u00e0 la chute\u2009! La p\u00e9nurie de main-d\u2019\u0153uvre qualifi\u00e9e est un th\u00e8me r\u00e9current. Il y a lieu de s\u2019y int\u00e9resser<\/p>\n","protected":false},"author":5,"featured_media":44223,"comment_status":"closed","ping_status":"closed","sticky":false,"template":"","format":"standard","meta":{"_acf_changed":false,"footnotes":""},"categories":[41,47],"tags":[],"class_list":["post-51509","post","type-post","status-publish","format-standard","has-post-thumbnail","hentry","category-association","category-formation-releve"],"acf":[],"yoast_head":"<!-- This site is optimized with the Yoast SEO Premium plugin v26.8 (Yoast SEO v26.8) - https:\/\/yoast.com\/product\/yoast-seo-premium-wordpress\/ -->\n<title>Plus d\u2019entreprises formatrices | SBC<\/title>\n<meta name=\"description\" content=\"En fait, nous le savons tous\u2009: scier la branche sur laquelle on est assis conduit in\u00e9vitablement \u00e0 la chute\u2009! La p\u00e9nurie de main-d\u2019\u0153uvre qualifi\u00e9e est un th\u00e8me r\u00e9current. Il y a lieu de s\u2019y int\u00e9resser\" \/>\n<meta name=\"robots\" content=\"index, follow, max-snippet:-1, max-image-preview:large, max-video-preview:-1\" \/>\n<link rel=\"canonical\" href=\"https:\/\/swissbaker.ch\/fr\/panissimo-news\/plus-dentreprises-formatrices\/\" \/>\n<meta property=\"og:locale\" content=\"fr_FR\" \/>\n<meta property=\"og:type\" content=\"article\" \/>\n<meta property=\"og:title\" content=\"Plus d\u2019entreprises formatrices\" \/>\n<meta property=\"og:description\" content=\"En fait, nous le savons tous\u2009: scier la branche sur laquelle on est assis conduit in\u00e9vitablement \u00e0 la chute\u2009! La p\u00e9nurie de main-d\u2019\u0153uvre qualifi\u00e9e est un th\u00e8me r\u00e9current. Il y a lieu de s\u2019y int\u00e9resser\" \/>\n<meta property=\"og:url\" content=\"https:\/\/swissbaker.ch\/fr\/panissimo-news\/plus-dentreprises-formatrices\/\" \/>\n<meta property=\"og:site_name\" content=\"SBC\" \/>\n<meta property=\"article:publisher\" content=\"https:\/\/www.facebook.com\/swissbaker.ch\" \/>\n<meta property=\"article:published_time\" content=\"2022-10-19T13:54:05+00:00\" \/>\n<meta property=\"article:modified_time\" content=\"2022-10-19T14:03:07+00:00\" \/>\n<meta property=\"og:image\" content=\"https:\/\/swissbaker.ch\/wp-content\/uploads\/2022\/08\/15_1_peter_signer-1.jpg\" \/>\n\t<meta property=\"og:image:width\" content=\"1200\" \/>\n\t<meta property=\"og:image:height\" content=\"712\" \/>\n\t<meta property=\"og:image:type\" content=\"image\/jpeg\" \/>\n<meta name=\"author\" content=\"Simon Nussbaum\" \/>\n<meta name=\"twitter:card\" content=\"summary_large_image\" \/>\n<meta name=\"twitter:creator\" content=\"@ch_swissbaker\" \/>\n<meta name=\"twitter:site\" content=\"@ch_swissbaker\" \/>\n<meta name=\"twitter:label1\" content=\"Written by\" \/>\n\t<meta name=\"twitter:data1\" content=\"Simon Nussbaum\" \/>\n\t<meta name=\"twitter:label2\" content=\"Est. reading time\" \/>\n\t<meta name=\"twitter:data2\" content=\"2 minutes\" \/>\n<script type=\"application\/ld+json\" class=\"yoast-schema-graph\">{\"@context\":\"https:\/\/schema.org\",\"@graph\":[{\"@type\":\"Article\",\"@id\":\"https:\/\/swissbaker.ch\/fr\/panissimo-news\/plus-dentreprises-formatrices\/#article\",\"isPartOf\":{\"@id\":\"https:\/\/swissbaker.ch\/fr\/panissimo-news\/plus-dentreprises-formatrices\/\"},\"author\":{\"name\":\"Simon Nussbaum\",\"@id\":\"https:\/\/swissbaker.ch\/fr\/#\/schema\/person\/74bd327b08c18ca6042c02ff6f0ed5e2\"},\"headline\":\"Plus d\u2019entreprises formatrices\",\"datePublished\":\"2022-10-19T13:54:05+00:00\",\"dateModified\":\"2022-10-19T14:03:07+00:00\",\"mainEntityOfPage\":{\"@id\":\"https:\/\/swissbaker.ch\/fr\/panissimo-news\/plus-dentreprises-formatrices\/\"},\"wordCount\":384,\"publisher\":{\"@id\":\"https:\/\/swissbaker.ch\/fr\/#organization\"},\"image\":{\"@id\":\"https:\/\/swissbaker.ch\/fr\/panissimo-news\/plus-dentreprises-formatrices\/#primaryimage\"},\"thumbnailUrl\":\"https:\/\/swissbaker.ch\/wp-content\/uploads\/2022\/08\/15_1_peter_signer-1.jpg\",\"articleSection\":[\"Association\",\"Formation\/Rel\u00e8ve\"],\"inLanguage\":\"fr-FR\"},{\"@type\":\"WebPage\",\"@id\":\"https:\/\/swissbaker.ch\/fr\/panissimo-news\/plus-dentreprises-formatrices\/\",\"url\":\"https:\/\/swissbaker.ch\/fr\/panissimo-news\/plus-dentreprises-formatrices\/\",\"name\":\"Plus d\u2019entreprises formatrices | SBC\",\"isPartOf\":{\"@id\":\"https:\/\/swissbaker.ch\/fr\/#website\"},\"primaryImageOfPage\":{\"@id\":\"https:\/\/swissbaker.ch\/fr\/panissimo-news\/plus-dentreprises-formatrices\/#primaryimage\"},\"image\":{\"@id\":\"https:\/\/swissbaker.ch\/fr\/panissimo-news\/plus-dentreprises-formatrices\/#primaryimage\"},\"thumbnailUrl\":\"https:\/\/swissbaker.ch\/wp-content\/uploads\/2022\/08\/15_1_peter_signer-1.jpg\",\"datePublished\":\"2022-10-19T13:54:05+00:00\",\"dateModified\":\"2022-10-19T14:03:07+00:00\",\"description\":\"En fait, nous le savons tous\u2009: scier la branche sur laquelle on est assis conduit in\u00e9vitablement \u00e0 la chute\u2009! La p\u00e9nurie de main-d\u2019\u0153uvre qualifi\u00e9e est un th\u00e8me r\u00e9current. Il y a lieu de s\u2019y int\u00e9resser\",\"breadcrumb\":{\"@id\":\"https:\/\/swissbaker.ch\/fr\/panissimo-news\/plus-dentreprises-formatrices\/#breadcrumb\"},\"inLanguage\":\"fr-FR\",\"potentialAction\":[{\"@type\":\"ReadAction\",\"target\":[\"https:\/\/swissbaker.ch\/fr\/panissimo-news\/plus-dentreprises-formatrices\/\"]}]},{\"@type\":\"ImageObject\",\"inLanguage\":\"fr-FR\",\"@id\":\"https:\/\/swissbaker.ch\/fr\/panissimo-news\/plus-dentreprises-formatrices\/#primaryimage\",\"url\":\"https:\/\/swissbaker.ch\/wp-content\/uploads\/2022\/08\/15_1_peter_signer-1.jpg\",\"contentUrl\":\"https:\/\/swissbaker.ch\/wp-content\/uploads\/2022\/08\/15_1_peter_signer-1.jpg\",\"width\":1200,\"height\":712},{\"@type\":\"BreadcrumbList\",\"@id\":\"https:\/\/swissbaker.ch\/fr\/panissimo-news\/plus-dentreprises-formatrices\/#breadcrumb\",\"itemListElement\":[{\"@type\":\"ListItem\",\"position\":1,\"name\":\"\",\"item\":\"https:\/\/swissbaker.ch\/fr\/\"},{\"@type\":\"ListItem\",\"position\":2,\"name\":\"Association\",\"item\":\"https:\/\/swissbaker.ch\/fr\/panissimo-news\/category\/association\/\"},{\"@type\":\"ListItem\",\"position\":3,\"name\":\"Plus d\u2019entreprises formatrices\"}]},{\"@type\":\"WebSite\",\"@id\":\"https:\/\/swissbaker.ch\/fr\/#website\",\"url\":\"https:\/\/swissbaker.ch\/fr\/\",\"name\":\"SBC\",\"description\":\"\",\"publisher\":{\"@id\":\"https:\/\/swissbaker.ch\/fr\/#organization\"},\"potentialAction\":[{\"@type\":\"SearchAction\",\"target\":{\"@type\":\"EntryPoint\",\"urlTemplate\":\"https:\/\/swissbaker.ch\/fr\/?s={search_term_string}\"},\"query-input\":{\"@type\":\"PropertyValueSpecification\",\"valueRequired\":true,\"valueName\":\"search_term_string\"}}],\"inLanguage\":\"fr-FR\"},{\"@type\":\"Organization\",\"@id\":\"https:\/\/swissbaker.ch\/fr\/#organization\",\"name\":\"Schweizerischer B\u00e4cker-Confiseurmeister-Verband\",\"url\":\"https:\/\/swissbaker.ch\/fr\/\",\"logo\":{\"@type\":\"ImageObject\",\"inLanguage\":\"fr-FR\",\"@id\":\"https:\/\/swissbaker.ch\/fr\/#\/schema\/logo\/image\/\",\"url\":\"https:\/\/swissbaker.ch\/wp-content\/uploads\/2022\/04\/sbc-logo-yoast.jpg\",\"contentUrl\":\"https:\/\/swissbaker.ch\/wp-content\/uploads\/2022\/04\/sbc-logo-yoast.jpg\",\"width\":512,\"height\":512,\"caption\":\"Schweizerischer B\u00e4cker-Confiseurmeister-Verband\"},\"image\":{\"@id\":\"https:\/\/swissbaker.ch\/fr\/#\/schema\/logo\/image\/\"},\"sameAs\":[\"https:\/\/www.facebook.com\/swissbaker.ch\",\"https:\/\/x.com\/ch_swissbaker\"]},{\"@type\":\"Person\",\"@id\":\"https:\/\/swissbaker.ch\/fr\/#\/schema\/person\/74bd327b08c18ca6042c02ff6f0ed5e2\",\"name\":\"Simon Nussbaum\",\"image\":{\"@type\":\"ImageObject\",\"inLanguage\":\"fr-FR\",\"@id\":\"https:\/\/swissbaker.ch\/fr\/#\/schema\/person\/image\/\",\"url\":\"https:\/\/secure.gravatar.com\/avatar\/df0eced3bb556c806cb760cf503ade1ed1df25b4104d80d6fd28d93a9509aa12?s=96&d=mm&r=g\",\"contentUrl\":\"https:\/\/secure.gravatar.com\/avatar\/df0eced3bb556c806cb760cf503ade1ed1df25b4104d80d6fd28d93a9509aa12?s=96&d=mm&r=g\",\"caption\":\"Simon Nussbaum\"},\"url\":\"https:\/\/swissbaker.ch\/fr\/panissimo-news\/author\/simon-nussbaum\/\"}]}<\/script>\n<!-- \/ Yoast SEO Premium plugin. -->","yoast_head_json":{"title":"Plus d\u2019entreprises formatrices | SBC","description":"En fait, nous le savons tous\u2009: scier la branche sur laquelle on est assis conduit in\u00e9vitablement \u00e0 la chute\u2009! La p\u00e9nurie de main-d\u2019\u0153uvre qualifi\u00e9e est un th\u00e8me r\u00e9current. Il y a lieu de s\u2019y int\u00e9resser","robots":{"index":"index","follow":"follow","max-snippet":"max-snippet:-1","max-image-preview":"max-image-preview:large","max-video-preview":"max-video-preview:-1"},"canonical":"https:\/\/swissbaker.ch\/fr\/panissimo-news\/plus-dentreprises-formatrices\/","og_locale":"fr_FR","og_type":"article","og_title":"Plus d\u2019entreprises formatrices","og_description":"En fait, nous le savons tous\u2009: scier la branche sur laquelle on est assis conduit in\u00e9vitablement \u00e0 la chute\u2009! La p\u00e9nurie de main-d\u2019\u0153uvre qualifi\u00e9e est un th\u00e8me r\u00e9current. Il y a lieu de s\u2019y int\u00e9resser","og_url":"https:\/\/swissbaker.ch\/fr\/panissimo-news\/plus-dentreprises-formatrices\/","og_site_name":"SBC","article_publisher":"https:\/\/www.facebook.com\/swissbaker.ch","article_published_time":"2022-10-19T13:54:05+00:00","article_modified_time":"2022-10-19T14:03:07+00:00","og_image":[{"width":1200,"height":712,"url":"https:\/\/swissbaker.ch\/wp-content\/uploads\/2022\/08\/15_1_peter_signer-1.jpg","type":"image\/jpeg"}],"author":"Simon Nussbaum","twitter_card":"summary_large_image","twitter_creator":"@ch_swissbaker","twitter_site":"@ch_swissbaker","twitter_misc":{"Written by":"Simon Nussbaum","Est. reading time":"2 minutes"},"schema":{"@context":"https:\/\/schema.org","@graph":[{"@type":"Article","@id":"https:\/\/swissbaker.ch\/fr\/panissimo-news\/plus-dentreprises-formatrices\/#article","isPartOf":{"@id":"https:\/\/swissbaker.ch\/fr\/panissimo-news\/plus-dentreprises-formatrices\/"},"author":{"name":"Simon Nussbaum","@id":"https:\/\/swissbaker.ch\/fr\/#\/schema\/person\/74bd327b08c18ca6042c02ff6f0ed5e2"},"headline":"Plus d\u2019entreprises formatrices","datePublished":"2022-10-19T13:54:05+00:00","dateModified":"2022-10-19T14:03:07+00:00","mainEntityOfPage":{"@id":"https:\/\/swissbaker.ch\/fr\/panissimo-news\/plus-dentreprises-formatrices\/"},"wordCount":384,"publisher":{"@id":"https:\/\/swissbaker.ch\/fr\/#organization"},"image":{"@id":"https:\/\/swissbaker.ch\/fr\/panissimo-news\/plus-dentreprises-formatrices\/#primaryimage"},"thumbnailUrl":"https:\/\/swissbaker.ch\/wp-content\/uploads\/2022\/08\/15_1_peter_signer-1.jpg","articleSection":["Association","Formation\/Rel\u00e8ve"],"inLanguage":"fr-FR"},{"@type":"WebPage","@id":"https:\/\/swissbaker.ch\/fr\/panissimo-news\/plus-dentreprises-formatrices\/","url":"https:\/\/swissbaker.ch\/fr\/panissimo-news\/plus-dentreprises-formatrices\/","name":"Plus d\u2019entreprises formatrices | SBC","isPartOf":{"@id":"https:\/\/swissbaker.ch\/fr\/#website"},"primaryImageOfPage":{"@id":"https:\/\/swissbaker.ch\/fr\/panissimo-news\/plus-dentreprises-formatrices\/#primaryimage"},"image":{"@id":"https:\/\/swissbaker.ch\/fr\/panissimo-news\/plus-dentreprises-formatrices\/#primaryimage"},"thumbnailUrl":"https:\/\/swissbaker.ch\/wp-content\/uploads\/2022\/08\/15_1_peter_signer-1.jpg","datePublished":"2022-10-19T13:54:05+00:00","dateModified":"2022-10-19T14:03:07+00:00","description":"En fait, nous le savons tous\u2009: scier la branche sur laquelle on est assis conduit in\u00e9vitablement \u00e0 la chute\u2009! La p\u00e9nurie de main-d\u2019\u0153uvre qualifi\u00e9e est un th\u00e8me r\u00e9current. Il y a lieu de s\u2019y int\u00e9resser","breadcrumb":{"@id":"https:\/\/swissbaker.ch\/fr\/panissimo-news\/plus-dentreprises-formatrices\/#breadcrumb"},"inLanguage":"fr-FR","potentialAction":[{"@type":"ReadAction","target":["https:\/\/swissbaker.ch\/fr\/panissimo-news\/plus-dentreprises-formatrices\/"]}]},{"@type":"ImageObject","inLanguage":"fr-FR","@id":"https:\/\/swissbaker.ch\/fr\/panissimo-news\/plus-dentreprises-formatrices\/#primaryimage","url":"https:\/\/swissbaker.ch\/wp-content\/uploads\/2022\/08\/15_1_peter_signer-1.jpg","contentUrl":"https:\/\/swissbaker.ch\/wp-content\/uploads\/2022\/08\/15_1_peter_signer-1.jpg","width":1200,"height":712},{"@type":"BreadcrumbList","@id":"https:\/\/swissbaker.ch\/fr\/panissimo-news\/plus-dentreprises-formatrices\/#breadcrumb","itemListElement":[{"@type":"ListItem","position":1,"name":"","item":"https:\/\/swissbaker.ch\/fr\/"},{"@type":"ListItem","position":2,"name":"Association","item":"https:\/\/swissbaker.ch\/fr\/panissimo-news\/category\/association\/"},{"@type":"ListItem","position":3,"name":"Plus d\u2019entreprises formatrices"}]},{"@type":"WebSite","@id":"https:\/\/swissbaker.ch\/fr\/#website","url":"https:\/\/swissbaker.ch\/fr\/","name":"SBC","description":"","publisher":{"@id":"https:\/\/swissbaker.ch\/fr\/#organization"},"potentialAction":[{"@type":"SearchAction","target":{"@type":"EntryPoint","urlTemplate":"https:\/\/swissbaker.ch\/fr\/?s={search_term_string}"},"query-input":{"@type":"PropertyValueSpecification","valueRequired":true,"valueName":"search_term_string"}}],"inLanguage":"fr-FR"},{"@type":"Organization","@id":"https:\/\/swissbaker.ch\/fr\/#organization","name":"Schweizerischer B\u00e4cker-Confiseurmeister-Verband","url":"https:\/\/swissbaker.ch\/fr\/","logo":{"@type":"ImageObject","inLanguage":"fr-FR","@id":"https:\/\/swissbaker.ch\/fr\/#\/schema\/logo\/image\/","url":"https:\/\/swissbaker.ch\/wp-content\/uploads\/2022\/04\/sbc-logo-yoast.jpg","contentUrl":"https:\/\/swissbaker.ch\/wp-content\/uploads\/2022\/04\/sbc-logo-yoast.jpg","width":512,"height":512,"caption":"Schweizerischer B\u00e4cker-Confiseurmeister-Verband"},"image":{"@id":"https:\/\/swissbaker.ch\/fr\/#\/schema\/logo\/image\/"},"sameAs":["https:\/\/www.facebook.com\/swissbaker.ch","https:\/\/x.com\/ch_swissbaker"]},{"@type":"Person","@id":"https:\/\/swissbaker.ch\/fr\/#\/schema\/person\/74bd327b08c18ca6042c02ff6f0ed5e2","name":"Simon Nussbaum","image":{"@type":"ImageObject","inLanguage":"fr-FR","@id":"https:\/\/swissbaker.ch\/fr\/#\/schema\/person\/image\/","url":"https:\/\/secure.gravatar.com\/avatar\/df0eced3bb556c806cb760cf503ade1ed1df25b4104d80d6fd28d93a9509aa12?s=96&d=mm&r=g","contentUrl":"https:\/\/secure.gravatar.com\/avatar\/df0eced3bb556c806cb760cf503ade1ed1df25b4104d80d6fd28d93a9509aa12?s=96&d=mm&r=g","caption":"Simon Nussbaum"},"url":"https:\/\/swissbaker.ch\/fr\/panissimo-news\/author\/simon-nussbaum\/"}]}},"_links":{"self":[{"href":"https:\/\/swissbaker.ch\/fr\/wp-json\/wp\/v2\/posts\/51509","targetHints":{"allow":["GET"]}}],"collection":[{"href":"https:\/\/swissbaker.ch\/fr\/wp-json\/wp\/v2\/posts"}],"about":[{"href":"https:\/\/swissbaker.ch\/fr\/wp-json\/wp\/v2\/types\/post"}],"author":[{"embeddable":true,"href":"https:\/\/swissbaker.ch\/fr\/wp-json\/wp\/v2\/users\/5"}],"replies":[{"embeddable":true,"href":"https:\/\/swissbaker.ch\/fr\/wp-json\/wp\/v2\/comments?post=51509"}],"version-history":[{"count":0,"href":"https:\/\/swissbaker.ch\/fr\/wp-json\/wp\/v2\/posts\/51509\/revisions"}],"wp:featuredmedia":[{"embeddable":true,"href":"https:\/\/swissbaker.ch\/fr\/wp-json\/wp\/v2\/media\/44223"}],"wp:attachment":[{"href":"https:\/\/swissbaker.ch\/fr\/wp-json\/wp\/v2\/media?parent=51509"}],"wp:term":[{"taxonomy":"category","embeddable":true,"href":"https:\/\/swissbaker.ch\/fr\/wp-json\/wp\/v2\/categories?post=51509"},{"taxonomy":"post_tag","embeddable":true,"href":"https:\/\/swissbaker.ch\/fr\/wp-json\/wp\/v2\/tags?post=51509"}],"curies":[{"name":"wp","href":"https:\/\/api.w.org\/{rel}","templated":true}]}}