{"id":51292,"date":"2022-10-17T10:59:32","date_gmt":"2022-10-17T08:59:32","guid":{"rendered":"https:\/\/swissbaker.ch\/?p=51292"},"modified":"2022-10-17T11:40:07","modified_gmt":"2022-10-17T09:40:07","slug":"medaille-dor-et-de-de-bronze-pour-la-suisse-aux-worldskills-2022","status":"publish","type":"post","link":"https:\/\/swissbaker.ch\/fr\/panissimo-news\/medaille-dor-et-de-de-bronze-pour-la-suisse-aux-worldskills-2022\/","title":{"rendered":"M\u00e9daille d\u2019or et de de bronze pour la Suisse aux WorldSkills 2022 \u00a0"},"content":{"rendered":"\n<p><strong>Juliana Th\u00f6ny, 23 ans, Argovie, d\u00e9croche l&#8217;or dans l\u2019orientation p\u00e2tisserie-confiserie lors des WorldSkills Competitions d\u00e9centralis\u00e9es (championnats du monde des m\u00e9tiers) qui se sont d\u00e9roul\u00e9es du 10&nbsp;au 15&nbsp;octobre&nbsp;2022 \u00e0 l\u2019Ecole professionnelle Richemont de Lucerne et m\u00e9daille de bronze pour Vera Stocker dans l\u2019orientation boulangerie-p\u00e2tisserie. C&#8217;est la troisi\u00e8me fois cons\u00e9cutive que la Suisse remporte une m\u00e9daille d&#8217;or.<\/strong><\/p>\n\n\n\n<p><a href=\"https:\/\/swissbaker.ch\/fr\/communique-de-presse\/worldskills-2022-medaille-dor-et-de-bronze-pour-la-suisse\/\" target=\"_blank\" rel=\"noreferrer noopener\"><strong>Communiqu\u00e9 de presse&#8230;\u00bb<\/strong><\/a><\/p>\n\n\n\n<p><a href=\"https:\/\/swissbaker.ch\/fr\/panissimo-news\/galerie\/worldskills-2022\/\" target=\"_blank\" rel=\"noreferrer noopener\"><strong>Galerie de photos&#8230;\u00bb<\/strong><\/a><\/p>\n\n\n\n<h2 class=\"wp-block-heading\" id=\"h-interview-avec-juliana-thony\">Interview avec Juliana Th\u00f6ny<\/h2>\n\n\n\n<figure class=\"wp-block-video\"><video height=\"720\" style=\"aspect-ratio: 1280 \/ 720;\" width=\"1280\" controls src=\"https:\/\/swissbaker.ch\/wp-content\/uploads\/2022\/10\/sieger-interview-juliana-thoeny-worldskills-2022.mp4\"><\/video><\/figure>\n\n\n\n<h2 class=\"wp-block-heading\">Interview avec Vera Stocker<\/h2>\n\n\n\n<figure class=\"wp-block-video\"><video height=\"720\" style=\"aspect-ratio: 1280 \/ 720;\" width=\"1280\" controls src=\"https:\/\/swissbaker.ch\/wp-content\/uploads\/2022\/10\/siegerinterview-vera-stocker-worldskills-2022.mp4\"><\/video><\/figure>\n","protected":false},"excerpt":{"rendered":"<p>Juliana Th\u00f6ny, 23 ans, Argovie, d\u00e9croche l&#8217;or dans l\u2019orientation p\u00e2tisserie-confiserie lors des WorldSkills Competitions d\u00e9centralis\u00e9es (championnats du monde des m\u00e9tiers) qui se sont d\u00e9roul\u00e9es du 10 au 15 octobre 2022 \u00e0 l\u2019Ecole professionnelle Richemont de Lucerne et m\u00e9daille de bronze pour Vera Stocker dans l\u2019orientation boulangerie-p\u00e2tisserie. C&#8217;est la troisi\u00e8me fois cons\u00e9cutive que la Suisse remporte une m\u00e9daille d&#8217;or.<\/p>\n","protected":false},"author":5,"featured_media":51280,"comment_status":"closed","ping_status":"closed","sticky":true,"template":"","format":"standard","meta":{"_acf_changed":false,"footnotes":""},"categories":[43,47],"tags":[],"class_list":["post-51292","post","type-post","status-publish","format-standard","has-post-thumbnail","hentry","category-concours","category-formation-releve"],"acf":[],"yoast_head":"<!-- This site is optimized with the Yoast SEO Premium plugin v26.8 (Yoast SEO v26.8) - https:\/\/yoast.com\/product\/yoast-seo-premium-wordpress\/ -->\n<title>M\u00e9daille d\u2019or et de de bronze pour la Suisse aux WorldSkills 2022 \u00a0 | SBC<\/title>\n<meta name=\"description\" content=\"Juliana Th\u00f6ny d\u00e9croche l&#039;or. M\u00e9daille de bronze pour Vera Stocker.\" \/>\n<meta name=\"robots\" content=\"index, follow, max-snippet:-1, max-image-preview:large, max-video-preview:-1\" \/>\n<link rel=\"canonical\" href=\"https:\/\/swissbaker.ch\/fr\/panissimo-news\/medaille-dor-et-de-de-bronze-pour-la-suisse-aux-worldskills-2022\/\" \/>\n<meta property=\"og:locale\" content=\"fr_FR\" \/>\n<meta property=\"og:type\" content=\"article\" \/>\n<meta property=\"og:title\" content=\"M\u00e9daille d\u2019or et de de bronze pour la Suisse aux WorldSkills 2022 \u00a0\" \/>\n<meta property=\"og:description\" content=\"Juliana Th\u00f6ny d\u00e9croche l&#039;or. M\u00e9daille de bronze pour Vera Stocker.\" \/>\n<meta property=\"og:url\" content=\"https:\/\/swissbaker.ch\/fr\/panissimo-news\/medaille-dor-et-de-de-bronze-pour-la-suisse-aux-worldskills-2022\/\" \/>\n<meta property=\"og:site_name\" content=\"SBC\" \/>\n<meta property=\"article:publisher\" content=\"https:\/\/www.facebook.com\/swissbaker.ch\" \/>\n<meta property=\"article:published_time\" content=\"2022-10-17T08:59:32+00:00\" \/>\n<meta property=\"article:modified_time\" content=\"2022-10-17T09:40:07+00:00\" \/>\n<meta property=\"og:image\" content=\"https:\/\/swissbaker.ch\/wp-content\/uploads\/2022\/10\/19_2_worldskills_2022_stocker_weber.jpg\" \/>\n\t<meta property=\"og:image:width\" content=\"1200\" \/>\n\t<meta property=\"og:image:height\" content=\"712\" \/>\n\t<meta property=\"og:image:type\" content=\"image\/jpeg\" \/>\n<meta name=\"author\" content=\"Simon Nussbaum\" \/>\n<meta name=\"twitter:card\" content=\"summary_large_image\" \/>\n<meta name=\"twitter:creator\" content=\"@ch_swissbaker\" \/>\n<meta name=\"twitter:site\" content=\"@ch_swissbaker\" \/>\n<meta name=\"twitter:label1\" content=\"Written by\" \/>\n\t<meta name=\"twitter:data1\" content=\"Simon Nussbaum\" \/>\n\t<meta name=\"twitter:label2\" content=\"Est. reading time\" \/>\n\t<meta name=\"twitter:data2\" content=\"1 minute\" \/>\n<script type=\"application\/ld+json\" class=\"yoast-schema-graph\">{\"@context\":\"https:\/\/schema.org\",\"@graph\":[{\"@type\":\"Article\",\"@id\":\"https:\/\/swissbaker.ch\/fr\/panissimo-news\/medaille-dor-et-de-de-bronze-pour-la-suisse-aux-worldskills-2022\/#article\",\"isPartOf\":{\"@id\":\"https:\/\/swissbaker.ch\/fr\/panissimo-news\/medaille-dor-et-de-de-bronze-pour-la-suisse-aux-worldskills-2022\/\"},\"author\":{\"name\":\"Simon Nussbaum\",\"@id\":\"https:\/\/swissbaker.ch\/fr\/#\/schema\/person\/74bd327b08c18ca6042c02ff6f0ed5e2\"},\"headline\":\"M\u00e9daille d\u2019or et de de bronze pour la Suisse aux WorldSkills 2022 \u00a0\",\"datePublished\":\"2022-10-17T08:59:32+00:00\",\"dateModified\":\"2022-10-17T09:40:07+00:00\",\"mainEntityOfPage\":{\"@id\":\"https:\/\/swissbaker.ch\/fr\/panissimo-news\/medaille-dor-et-de-de-bronze-pour-la-suisse-aux-worldskills-2022\/\"},\"wordCount\":103,\"publisher\":{\"@id\":\"https:\/\/swissbaker.ch\/fr\/#organization\"},\"image\":{\"@id\":\"https:\/\/swissbaker.ch\/fr\/panissimo-news\/medaille-dor-et-de-de-bronze-pour-la-suisse-aux-worldskills-2022\/#primaryimage\"},\"thumbnailUrl\":\"https:\/\/swissbaker.ch\/wp-content\/uploads\/2022\/10\/19_2_worldskills_2022_stocker_weber.jpg\",\"articleSection\":[\"Concours\",\"Formation\/Rel\u00e8ve\"],\"inLanguage\":\"fr-FR\"},{\"@type\":\"WebPage\",\"@id\":\"https:\/\/swissbaker.ch\/fr\/panissimo-news\/medaille-dor-et-de-de-bronze-pour-la-suisse-aux-worldskills-2022\/\",\"url\":\"https:\/\/swissbaker.ch\/fr\/panissimo-news\/medaille-dor-et-de-de-bronze-pour-la-suisse-aux-worldskills-2022\/\",\"name\":\"M\u00e9daille d\u2019or et de de bronze pour la Suisse aux WorldSkills 2022 \u00a0 | SBC\",\"isPartOf\":{\"@id\":\"https:\/\/swissbaker.ch\/fr\/#website\"},\"primaryImageOfPage\":{\"@id\":\"https:\/\/swissbaker.ch\/fr\/panissimo-news\/medaille-dor-et-de-de-bronze-pour-la-suisse-aux-worldskills-2022\/#primaryimage\"},\"image\":{\"@id\":\"https:\/\/swissbaker.ch\/fr\/panissimo-news\/medaille-dor-et-de-de-bronze-pour-la-suisse-aux-worldskills-2022\/#primaryimage\"},\"thumbnailUrl\":\"https:\/\/swissbaker.ch\/wp-content\/uploads\/2022\/10\/19_2_worldskills_2022_stocker_weber.jpg\",\"datePublished\":\"2022-10-17T08:59:32+00:00\",\"dateModified\":\"2022-10-17T09:40:07+00:00\",\"description\":\"Juliana Th\u00f6ny d\u00e9croche l'or. M\u00e9daille de bronze pour Vera Stocker.\",\"breadcrumb\":{\"@id\":\"https:\/\/swissbaker.ch\/fr\/panissimo-news\/medaille-dor-et-de-de-bronze-pour-la-suisse-aux-worldskills-2022\/#breadcrumb\"},\"inLanguage\":\"fr-FR\",\"potentialAction\":[{\"@type\":\"ReadAction\",\"target\":[\"https:\/\/swissbaker.ch\/fr\/panissimo-news\/medaille-dor-et-de-de-bronze-pour-la-suisse-aux-worldskills-2022\/\"]}]},{\"@type\":\"ImageObject\",\"inLanguage\":\"fr-FR\",\"@id\":\"https:\/\/swissbaker.ch\/fr\/panissimo-news\/medaille-dor-et-de-de-bronze-pour-la-suisse-aux-worldskills-2022\/#primaryimage\",\"url\":\"https:\/\/swissbaker.ch\/wp-content\/uploads\/2022\/10\/19_2_worldskills_2022_stocker_weber.jpg\",\"contentUrl\":\"https:\/\/swissbaker.ch\/wp-content\/uploads\/2022\/10\/19_2_worldskills_2022_stocker_weber.jpg\",\"width\":1200,\"height\":712},{\"@type\":\"BreadcrumbList\",\"@id\":\"https:\/\/swissbaker.ch\/fr\/panissimo-news\/medaille-dor-et-de-de-bronze-pour-la-suisse-aux-worldskills-2022\/#breadcrumb\",\"itemListElement\":[{\"@type\":\"ListItem\",\"position\":1,\"name\":\"\",\"item\":\"https:\/\/swissbaker.ch\/fr\/\"},{\"@type\":\"ListItem\",\"position\":2,\"name\":\"Concours\",\"item\":\"https:\/\/swissbaker.ch\/fr\/panissimo-news\/category\/concours\/\"},{\"@type\":\"ListItem\",\"position\":3,\"name\":\"M\u00e9daille d\u2019or et de de bronze pour la Suisse aux WorldSkills 2022 \u00a0\"}]},{\"@type\":\"WebSite\",\"@id\":\"https:\/\/swissbaker.ch\/fr\/#website\",\"url\":\"https:\/\/swissbaker.ch\/fr\/\",\"name\":\"SBC\",\"description\":\"\",\"publisher\":{\"@id\":\"https:\/\/swissbaker.ch\/fr\/#organization\"},\"potentialAction\":[{\"@type\":\"SearchAction\",\"target\":{\"@type\":\"EntryPoint\",\"urlTemplate\":\"https:\/\/swissbaker.ch\/fr\/?s={search_term_string}\"},\"query-input\":{\"@type\":\"PropertyValueSpecification\",\"valueRequired\":true,\"valueName\":\"search_term_string\"}}],\"inLanguage\":\"fr-FR\"},{\"@type\":\"Organization\",\"@id\":\"https:\/\/swissbaker.ch\/fr\/#organization\",\"name\":\"Schweizerischer B\u00e4cker-Confiseurmeister-Verband\",\"url\":\"https:\/\/swissbaker.ch\/fr\/\",\"logo\":{\"@type\":\"ImageObject\",\"inLanguage\":\"fr-FR\",\"@id\":\"https:\/\/swissbaker.ch\/fr\/#\/schema\/logo\/image\/\",\"url\":\"https:\/\/swissbaker.ch\/wp-content\/uploads\/2022\/04\/sbc-logo-yoast.jpg\",\"contentUrl\":\"https:\/\/swissbaker.ch\/wp-content\/uploads\/2022\/04\/sbc-logo-yoast.jpg\",\"width\":512,\"height\":512,\"caption\":\"Schweizerischer B\u00e4cker-Confiseurmeister-Verband\"},\"image\":{\"@id\":\"https:\/\/swissbaker.ch\/fr\/#\/schema\/logo\/image\/\"},\"sameAs\":[\"https:\/\/www.facebook.com\/swissbaker.ch\",\"https:\/\/x.com\/ch_swissbaker\"]},{\"@type\":\"Person\",\"@id\":\"https:\/\/swissbaker.ch\/fr\/#\/schema\/person\/74bd327b08c18ca6042c02ff6f0ed5e2\",\"name\":\"Simon Nussbaum\",\"image\":{\"@type\":\"ImageObject\",\"inLanguage\":\"fr-FR\",\"@id\":\"https:\/\/swissbaker.ch\/fr\/#\/schema\/person\/image\/\",\"url\":\"https:\/\/secure.gravatar.com\/avatar\/df0eced3bb556c806cb760cf503ade1ed1df25b4104d80d6fd28d93a9509aa12?s=96&d=mm&r=g\",\"contentUrl\":\"https:\/\/secure.gravatar.com\/avatar\/df0eced3bb556c806cb760cf503ade1ed1df25b4104d80d6fd28d93a9509aa12?s=96&d=mm&r=g\",\"caption\":\"Simon Nussbaum\"},\"url\":\"https:\/\/swissbaker.ch\/fr\/panissimo-news\/author\/simon-nussbaum\/\"}]}<\/script>\n<!-- \/ Yoast SEO Premium plugin. -->","yoast_head_json":{"title":"M\u00e9daille d\u2019or et de de bronze pour la Suisse aux WorldSkills 2022 \u00a0 | SBC","description":"Juliana Th\u00f6ny d\u00e9croche l'or. M\u00e9daille de bronze pour Vera Stocker.","robots":{"index":"index","follow":"follow","max-snippet":"max-snippet:-1","max-image-preview":"max-image-preview:large","max-video-preview":"max-video-preview:-1"},"canonical":"https:\/\/swissbaker.ch\/fr\/panissimo-news\/medaille-dor-et-de-de-bronze-pour-la-suisse-aux-worldskills-2022\/","og_locale":"fr_FR","og_type":"article","og_title":"M\u00e9daille d\u2019or et de de bronze pour la Suisse aux WorldSkills 2022 \u00a0","og_description":"Juliana Th\u00f6ny d\u00e9croche l'or. M\u00e9daille de bronze pour Vera Stocker.","og_url":"https:\/\/swissbaker.ch\/fr\/panissimo-news\/medaille-dor-et-de-de-bronze-pour-la-suisse-aux-worldskills-2022\/","og_site_name":"SBC","article_publisher":"https:\/\/www.facebook.com\/swissbaker.ch","article_published_time":"2022-10-17T08:59:32+00:00","article_modified_time":"2022-10-17T09:40:07+00:00","og_image":[{"width":1200,"height":712,"url":"https:\/\/swissbaker.ch\/wp-content\/uploads\/2022\/10\/19_2_worldskills_2022_stocker_weber.jpg","type":"image\/jpeg"}],"author":"Simon Nussbaum","twitter_card":"summary_large_image","twitter_creator":"@ch_swissbaker","twitter_site":"@ch_swissbaker","twitter_misc":{"Written by":"Simon Nussbaum","Est. reading time":"1 minute"},"schema":{"@context":"https:\/\/schema.org","@graph":[{"@type":"Article","@id":"https:\/\/swissbaker.ch\/fr\/panissimo-news\/medaille-dor-et-de-de-bronze-pour-la-suisse-aux-worldskills-2022\/#article","isPartOf":{"@id":"https:\/\/swissbaker.ch\/fr\/panissimo-news\/medaille-dor-et-de-de-bronze-pour-la-suisse-aux-worldskills-2022\/"},"author":{"name":"Simon Nussbaum","@id":"https:\/\/swissbaker.ch\/fr\/#\/schema\/person\/74bd327b08c18ca6042c02ff6f0ed5e2"},"headline":"M\u00e9daille d\u2019or et de de bronze pour la Suisse aux WorldSkills 2022 \u00a0","datePublished":"2022-10-17T08:59:32+00:00","dateModified":"2022-10-17T09:40:07+00:00","mainEntityOfPage":{"@id":"https:\/\/swissbaker.ch\/fr\/panissimo-news\/medaille-dor-et-de-de-bronze-pour-la-suisse-aux-worldskills-2022\/"},"wordCount":103,"publisher":{"@id":"https:\/\/swissbaker.ch\/fr\/#organization"},"image":{"@id":"https:\/\/swissbaker.ch\/fr\/panissimo-news\/medaille-dor-et-de-de-bronze-pour-la-suisse-aux-worldskills-2022\/#primaryimage"},"thumbnailUrl":"https:\/\/swissbaker.ch\/wp-content\/uploads\/2022\/10\/19_2_worldskills_2022_stocker_weber.jpg","articleSection":["Concours","Formation\/Rel\u00e8ve"],"inLanguage":"fr-FR"},{"@type":"WebPage","@id":"https:\/\/swissbaker.ch\/fr\/panissimo-news\/medaille-dor-et-de-de-bronze-pour-la-suisse-aux-worldskills-2022\/","url":"https:\/\/swissbaker.ch\/fr\/panissimo-news\/medaille-dor-et-de-de-bronze-pour-la-suisse-aux-worldskills-2022\/","name":"M\u00e9daille d\u2019or et de de bronze pour la Suisse aux WorldSkills 2022 \u00a0 | SBC","isPartOf":{"@id":"https:\/\/swissbaker.ch\/fr\/#website"},"primaryImageOfPage":{"@id":"https:\/\/swissbaker.ch\/fr\/panissimo-news\/medaille-dor-et-de-de-bronze-pour-la-suisse-aux-worldskills-2022\/#primaryimage"},"image":{"@id":"https:\/\/swissbaker.ch\/fr\/panissimo-news\/medaille-dor-et-de-de-bronze-pour-la-suisse-aux-worldskills-2022\/#primaryimage"},"thumbnailUrl":"https:\/\/swissbaker.ch\/wp-content\/uploads\/2022\/10\/19_2_worldskills_2022_stocker_weber.jpg","datePublished":"2022-10-17T08:59:32+00:00","dateModified":"2022-10-17T09:40:07+00:00","description":"Juliana Th\u00f6ny d\u00e9croche l'or. M\u00e9daille de bronze pour Vera Stocker.","breadcrumb":{"@id":"https:\/\/swissbaker.ch\/fr\/panissimo-news\/medaille-dor-et-de-de-bronze-pour-la-suisse-aux-worldskills-2022\/#breadcrumb"},"inLanguage":"fr-FR","potentialAction":[{"@type":"ReadAction","target":["https:\/\/swissbaker.ch\/fr\/panissimo-news\/medaille-dor-et-de-de-bronze-pour-la-suisse-aux-worldskills-2022\/"]}]},{"@type":"ImageObject","inLanguage":"fr-FR","@id":"https:\/\/swissbaker.ch\/fr\/panissimo-news\/medaille-dor-et-de-de-bronze-pour-la-suisse-aux-worldskills-2022\/#primaryimage","url":"https:\/\/swissbaker.ch\/wp-content\/uploads\/2022\/10\/19_2_worldskills_2022_stocker_weber.jpg","contentUrl":"https:\/\/swissbaker.ch\/wp-content\/uploads\/2022\/10\/19_2_worldskills_2022_stocker_weber.jpg","width":1200,"height":712},{"@type":"BreadcrumbList","@id":"https:\/\/swissbaker.ch\/fr\/panissimo-news\/medaille-dor-et-de-de-bronze-pour-la-suisse-aux-worldskills-2022\/#breadcrumb","itemListElement":[{"@type":"ListItem","position":1,"name":"","item":"https:\/\/swissbaker.ch\/fr\/"},{"@type":"ListItem","position":2,"name":"Concours","item":"https:\/\/swissbaker.ch\/fr\/panissimo-news\/category\/concours\/"},{"@type":"ListItem","position":3,"name":"M\u00e9daille d\u2019or et de de bronze pour la Suisse aux WorldSkills 2022 \u00a0"}]},{"@type":"WebSite","@id":"https:\/\/swissbaker.ch\/fr\/#website","url":"https:\/\/swissbaker.ch\/fr\/","name":"SBC","description":"","publisher":{"@id":"https:\/\/swissbaker.ch\/fr\/#organization"},"potentialAction":[{"@type":"SearchAction","target":{"@type":"EntryPoint","urlTemplate":"https:\/\/swissbaker.ch\/fr\/?s={search_term_string}"},"query-input":{"@type":"PropertyValueSpecification","valueRequired":true,"valueName":"search_term_string"}}],"inLanguage":"fr-FR"},{"@type":"Organization","@id":"https:\/\/swissbaker.ch\/fr\/#organization","name":"Schweizerischer B\u00e4cker-Confiseurmeister-Verband","url":"https:\/\/swissbaker.ch\/fr\/","logo":{"@type":"ImageObject","inLanguage":"fr-FR","@id":"https:\/\/swissbaker.ch\/fr\/#\/schema\/logo\/image\/","url":"https:\/\/swissbaker.ch\/wp-content\/uploads\/2022\/04\/sbc-logo-yoast.jpg","contentUrl":"https:\/\/swissbaker.ch\/wp-content\/uploads\/2022\/04\/sbc-logo-yoast.jpg","width":512,"height":512,"caption":"Schweizerischer B\u00e4cker-Confiseurmeister-Verband"},"image":{"@id":"https:\/\/swissbaker.ch\/fr\/#\/schema\/logo\/image\/"},"sameAs":["https:\/\/www.facebook.com\/swissbaker.ch","https:\/\/x.com\/ch_swissbaker"]},{"@type":"Person","@id":"https:\/\/swissbaker.ch\/fr\/#\/schema\/person\/74bd327b08c18ca6042c02ff6f0ed5e2","name":"Simon Nussbaum","image":{"@type":"ImageObject","inLanguage":"fr-FR","@id":"https:\/\/swissbaker.ch\/fr\/#\/schema\/person\/image\/","url":"https:\/\/secure.gravatar.com\/avatar\/df0eced3bb556c806cb760cf503ade1ed1df25b4104d80d6fd28d93a9509aa12?s=96&d=mm&r=g","contentUrl":"https:\/\/secure.gravatar.com\/avatar\/df0eced3bb556c806cb760cf503ade1ed1df25b4104d80d6fd28d93a9509aa12?s=96&d=mm&r=g","caption":"Simon Nussbaum"},"url":"https:\/\/swissbaker.ch\/fr\/panissimo-news\/author\/simon-nussbaum\/"}]}},"_links":{"self":[{"href":"https:\/\/swissbaker.ch\/fr\/wp-json\/wp\/v2\/posts\/51292","targetHints":{"allow":["GET"]}}],"collection":[{"href":"https:\/\/swissbaker.ch\/fr\/wp-json\/wp\/v2\/posts"}],"about":[{"href":"https:\/\/swissbaker.ch\/fr\/wp-json\/wp\/v2\/types\/post"}],"author":[{"embeddable":true,"href":"https:\/\/swissbaker.ch\/fr\/wp-json\/wp\/v2\/users\/5"}],"replies":[{"embeddable":true,"href":"https:\/\/swissbaker.ch\/fr\/wp-json\/wp\/v2\/comments?post=51292"}],"version-history":[{"count":0,"href":"https:\/\/swissbaker.ch\/fr\/wp-json\/wp\/v2\/posts\/51292\/revisions"}],"wp:featuredmedia":[{"embeddable":true,"href":"https:\/\/swissbaker.ch\/fr\/wp-json\/wp\/v2\/media\/51280"}],"wp:attachment":[{"href":"https:\/\/swissbaker.ch\/fr\/wp-json\/wp\/v2\/media?parent=51292"}],"wp:term":[{"taxonomy":"category","embeddable":true,"href":"https:\/\/swissbaker.ch\/fr\/wp-json\/wp\/v2\/categories?post=51292"},{"taxonomy":"post_tag","embeddable":true,"href":"https:\/\/swissbaker.ch\/fr\/wp-json\/wp\/v2\/tags?post=51292"}],"curies":[{"name":"wp","href":"https:\/\/api.w.org\/{rel}","templated":true}]}}