{"id":50577,"date":"2022-10-05T15:45:48","date_gmt":"2022-10-05T13:45:48","guid":{"rendered":"https:\/\/swissbaker.ch\/?p=50577"},"modified":"2022-10-05T15:54:40","modified_gmt":"2022-10-05T13:54:40","slug":"women-power-suisse","status":"publish","type":"post","link":"https:\/\/swissbaker.ch\/fr\/panissimo-news\/women-power-suisse\/","title":{"rendered":"Women power suisse"},"content":{"rendered":"\n<p><strong>Juliana Th\u00f6ny, en p\u00e2tisserie-confiserie, et Vera Stocker, en boulangerie-confiserie, repr\u00e9senteront la Suisse aux WorldSkills d\u00e9centralis\u00e9s organis\u00e9s \u00e0 Lucerne du 10 au 16\u202foctobre prochain.<\/strong><\/p>\n\n\n\n<p>Les deux concurrentes suisses se sont pr\u00e9par\u00e9es aux prochains WorldSkills en grande partie \u00e0 l\u2019\u00e9cole Richemont. Pendant la p\u00e9riode de pr\u00e9paration (et maintenant aussi pendant le concours), Juliana Th\u00f6ny a \u00e9t\u00e9 encadr\u00e9e par Vanessa Schnyder (Confiserie Speck, Zoug), au b\u00e9n\u00e9fice d\u2019une grande exp\u00e9rience des concours puisqu\u2019elle est elle-m\u00eame une ancienne participante aux WorldSkills et une concurrente couronn\u00e9e de succ\u00e8s dans l\u2019\u00e9mission t\u00e9l\u00e9vis\u00e9e Master of Sweets sur RTL.<\/p>\n\n\n\n<p>Juliana Th\u00f6ny, qui a fait son apprentissage \u00e0 la Confiserie Spr\u00fcngli (Dietikon\/ZH) et travaill\u00e9 une saison d\u2019hiver dans un h\u00f4tel 5 \u00e9toiles \u00e0 Gstaad (BE), a pu acqu\u00e9rir de pr\u00e9cieuses exp\u00e9riences au cours des derniers mois chez le meilleur p\u00e2tissier du monde de l\u2019ann\u00e9e, David Schmid \u00e0 Zofingen (AG), chez le chocolatier renomm\u00e9 Fabian Rimann \u00e0 Wettingen (AG) et dans la c\u00e9l\u00e8bre Pastry Academy de la star d\u2019Instagram Amaury Guichon aux \u00c9tats-Unis. \u00ab\u2009Les produits sucr\u00e9s dont le go\u00fbt et l\u2019aspect s\u2019harmonisent parfaitement pour former une petite \u0153uvre d\u2019art m\u2019ont toujours fascin\u00e9e\u2009\u00bb, d\u00e9clare l\u2019Argovienne, cit\u00e9e sur le site Internet de SwissSkills.<\/p>\n\n\n<div class=\"wp-block-image\">\n<figure class=\"aligncenter size-large is-resized\"><img decoding=\"async\" src=\"https:\/\/swissbaker.ch\/wp-content\/uploads\/2022\/09\/18_1_worlskills_stocker_thoeny-1024x608.jpg\" alt=\"\" class=\"wp-image-50010\" width=\"597\" height=\"354\" srcset=\"https:\/\/swissbaker.ch\/wp-content\/uploads\/2022\/09\/18_1_worlskills_stocker_thoeny-1024x608.jpg 1024w, https:\/\/swissbaker.ch\/wp-content\/uploads\/2022\/09\/18_1_worlskills_stocker_thoeny-768x456.jpg 768w, https:\/\/swissbaker.ch\/wp-content\/uploads\/2022\/09\/18_1_worlskills_stocker_thoeny.jpg 1200w\" sizes=\"(max-width: 597px) 100vw, 597px\" \/><figcaption>Vera Stocker (boulangerie-p\u00e2tisserie) et Juliana Th\u00f6ny (p\u00e2tisserie- confiserie) ont assist\u00e9 aux SwissSkills 2022 \u00e0 Berne.<\/figcaption><\/figure>\n<\/div>\n\n\n<p>Vera Stocker, 21 ans \u2013 \u00e0 ne pas confondre avec l\u2019actuelle championne suisse de boulangerie-confiserie du m\u00eame nom \u2013 a pour coach Urs R\u00f6thlin, qui poss\u00e8de un grand savoir-faire comme collaborateur de longue date \u00e0 l\u2019\u00e9cole professionnelle Richemont et responsable de la boulangerie-confiserie, ainsi qu\u2019en tant qu\u2019encadrant des deux pr\u00e9c\u00e9dentes championnes du monde. La Suisse a en effet remport\u00e9 deux fois de suite le titre \u00e0 domicile, d\u2019abord avec Ramona Bolliger (en 2017 \u00e0 Abu Dhabi), puis avec Sonja Durrer (en 2019 \u00e0 Kazan). Y aura-t-il un troisi\u00e8me titre \u00ab\u2009\u00e0 domicile\u2009\u00bb\u2009?<\/p>\n\n\n\n<p>La Lucernoise Vera Stocker, qui a fait son apprentissage de boulang\u00e8re-confiseuse au Caf\u00e9 Koller AG \u00e0 Sursee (LU), a d\u00e9clar\u00e9 dans une interview \u00e0 \u00ab\u2009Panissimo\u2009\u00bb\u2009: \u00ab\u2009Je souhaite pour l\u2019avenir continuer \u00e0 aimer ce que je fais et pouvoir r\u00e9aliser mes r\u00eaves\u2009\u00bb.<\/p>\n\n\n\n<p>Croisons les doigts pour que les r\u00eaves des deux repr\u00e9sentantes suisses se r\u00e9alisent lors des prochains WorldSkills \u00e0 Lucerne.<\/p>\n\n\n\n<p><em>Claudia Vernocchi<\/em><\/p>\n\n\n\n<hr class=\"wp-block-separator has-alpha-channel-opacity\"\/>\n\n\n\n<h2 class=\"wp-block-heading\" id=\"h-infos-worldskills\">Infos WorldSkills<\/h2>\n\n\n\n<p><strong>Comp\u00e9titions\u2009: du 10 au 15 octobre<br>C\u00e9r\u00e9monie de cl\u00f4ture\u2009: 16\u202foctobre<\/strong><\/p>\n\n\n\n<p>La c\u00e9r\u00e9monie de cl\u00f4ture sera retransmise en direct. Le lien sera publi\u00e9 dans la newsletter BCS\/Richemont du 13\u202foctobre.<\/p>\n\n\n\n<p>Acc\u00e8s\u2009: La place disponible \u00e9tant limit\u00e9e \u00e0 l\u2019Ecole professionnelle Richemont, l\u2019acc\u00e8s n\u2019est possible que sur pr\u00e9sentation d\u2019un billet pouvant \u00eatre r\u00e9serv\u00e9 en ligne \u00e0 partir de fin septembre sur <a href=\"http:\/\/worldskills.richemont.swiss.\" target=\"_blank\" rel=\"noreferrer noopener\">worldskills.richemont.swiss<\/a>. Le nombre de billets par jour est limit\u00e9.<\/p>\n\n\n\n<p>Des impressions et des vid\u00e9os du concours et des tables d\u2019exposition seront t\u00e9l\u00e9charg\u00e9es chaque jour, et seront \u00e9galement visibles sur <a href=\"http:\/\/worldskills.richemont.swiss.\" target=\"_blank\" rel=\"noreferrer noopener\">worldskills.richemont.swiss.<\/a><\/p>\n","protected":false},"excerpt":{"rendered":"<p>Juliana Th\u00f6ny, en p\u00e2tisserie-confiserie, et Vera Stocker, en boulangerie-confiserie, repr\u00e9senteront la Suisse aux WorldSkills d\u00e9centralis\u00e9s organis\u00e9s \u00e0 Lucerne du 10 au 16\u202foctobre prochain.<\/p>\n","protected":false},"author":5,"featured_media":50010,"comment_status":"closed","ping_status":"closed","sticky":true,"template":"","format":"standard","meta":{"_acf_changed":false,"footnotes":""},"categories":[43,47],"tags":[],"class_list":["post-50577","post","type-post","status-publish","format-standard","has-post-thumbnail","hentry","category-concours","category-formation-releve"],"acf":[],"yoast_head":"<!-- This site is optimized with the Yoast SEO Premium plugin v26.8 (Yoast SEO v26.8) - https:\/\/yoast.com\/product\/yoast-seo-premium-wordpress\/ -->\n<title>Women power suisse | SBC<\/title>\n<meta name=\"robots\" content=\"index, follow, max-snippet:-1, max-image-preview:large, max-video-preview:-1\" \/>\n<link rel=\"canonical\" href=\"https:\/\/swissbaker.ch\/fr\/panissimo-news\/women-power-suisse\/\" \/>\n<meta property=\"og:locale\" content=\"fr_FR\" \/>\n<meta property=\"og:type\" content=\"article\" \/>\n<meta property=\"og:title\" content=\"Women power suisse\" \/>\n<meta property=\"og:description\" content=\"Juliana Th\u00f6ny, en p\u00e2tisserie-confiserie, et Vera Stocker, en boulangerie-confiserie, repr\u00e9senteront la Suisse aux WorldSkills d\u00e9centralis\u00e9s organis\u00e9s \u00e0 Lucerne du 10 au 16\u202foctobre prochain.\" \/>\n<meta property=\"og:url\" content=\"https:\/\/swissbaker.ch\/fr\/panissimo-news\/women-power-suisse\/\" \/>\n<meta property=\"og:site_name\" content=\"SBC\" \/>\n<meta property=\"article:publisher\" content=\"https:\/\/www.facebook.com\/swissbaker.ch\" \/>\n<meta property=\"article:published_time\" content=\"2022-10-05T13:45:48+00:00\" \/>\n<meta property=\"article:modified_time\" content=\"2022-10-05T13:54:40+00:00\" \/>\n<meta property=\"og:image\" content=\"https:\/\/swissbaker.ch\/wp-content\/uploads\/2022\/09\/18_1_worlskills_stocker_thoeny.jpg\" \/>\n\t<meta property=\"og:image:width\" content=\"1200\" \/>\n\t<meta property=\"og:image:height\" content=\"712\" \/>\n\t<meta property=\"og:image:type\" content=\"image\/jpeg\" \/>\n<meta name=\"author\" content=\"Simon Nussbaum\" \/>\n<meta name=\"twitter:card\" content=\"summary_large_image\" \/>\n<meta name=\"twitter:creator\" content=\"@ch_swissbaker\" \/>\n<meta name=\"twitter:site\" content=\"@ch_swissbaker\" \/>\n<meta name=\"twitter:label1\" content=\"Written by\" \/>\n\t<meta name=\"twitter:data1\" content=\"Simon Nussbaum\" \/>\n\t<meta name=\"twitter:label2\" content=\"Est. reading time\" \/>\n\t<meta name=\"twitter:data2\" content=\"3 minutes\" \/>\n<script type=\"application\/ld+json\" class=\"yoast-schema-graph\">{\"@context\":\"https:\/\/schema.org\",\"@graph\":[{\"@type\":\"Article\",\"@id\":\"https:\/\/swissbaker.ch\/fr\/panissimo-news\/women-power-suisse\/#article\",\"isPartOf\":{\"@id\":\"https:\/\/swissbaker.ch\/fr\/panissimo-news\/women-power-suisse\/\"},\"author\":{\"name\":\"Simon Nussbaum\",\"@id\":\"https:\/\/swissbaker.ch\/fr\/#\/schema\/person\/74bd327b08c18ca6042c02ff6f0ed5e2\"},\"headline\":\"Women power suisse\",\"datePublished\":\"2022-10-05T13:45:48+00:00\",\"dateModified\":\"2022-10-05T13:54:40+00:00\",\"mainEntityOfPage\":{\"@id\":\"https:\/\/swissbaker.ch\/fr\/panissimo-news\/women-power-suisse\/\"},\"wordCount\":517,\"publisher\":{\"@id\":\"https:\/\/swissbaker.ch\/fr\/#organization\"},\"image\":{\"@id\":\"https:\/\/swissbaker.ch\/fr\/panissimo-news\/women-power-suisse\/#primaryimage\"},\"thumbnailUrl\":\"https:\/\/swissbaker.ch\/wp-content\/uploads\/2022\/09\/18_1_worlskills_stocker_thoeny.jpg\",\"articleSection\":[\"Concours\",\"Formation\/Rel\u00e8ve\"],\"inLanguage\":\"fr-FR\"},{\"@type\":\"WebPage\",\"@id\":\"https:\/\/swissbaker.ch\/fr\/panissimo-news\/women-power-suisse\/\",\"url\":\"https:\/\/swissbaker.ch\/fr\/panissimo-news\/women-power-suisse\/\",\"name\":\"Women power suisse | SBC\",\"isPartOf\":{\"@id\":\"https:\/\/swissbaker.ch\/fr\/#website\"},\"primaryImageOfPage\":{\"@id\":\"https:\/\/swissbaker.ch\/fr\/panissimo-news\/women-power-suisse\/#primaryimage\"},\"image\":{\"@id\":\"https:\/\/swissbaker.ch\/fr\/panissimo-news\/women-power-suisse\/#primaryimage\"},\"thumbnailUrl\":\"https:\/\/swissbaker.ch\/wp-content\/uploads\/2022\/09\/18_1_worlskills_stocker_thoeny.jpg\",\"datePublished\":\"2022-10-05T13:45:48+00:00\",\"dateModified\":\"2022-10-05T13:54:40+00:00\",\"breadcrumb\":{\"@id\":\"https:\/\/swissbaker.ch\/fr\/panissimo-news\/women-power-suisse\/#breadcrumb\"},\"inLanguage\":\"fr-FR\",\"potentialAction\":[{\"@type\":\"ReadAction\",\"target\":[\"https:\/\/swissbaker.ch\/fr\/panissimo-news\/women-power-suisse\/\"]}]},{\"@type\":\"ImageObject\",\"inLanguage\":\"fr-FR\",\"@id\":\"https:\/\/swissbaker.ch\/fr\/panissimo-news\/women-power-suisse\/#primaryimage\",\"url\":\"https:\/\/swissbaker.ch\/wp-content\/uploads\/2022\/09\/18_1_worlskills_stocker_thoeny.jpg\",\"contentUrl\":\"https:\/\/swissbaker.ch\/wp-content\/uploads\/2022\/09\/18_1_worlskills_stocker_thoeny.jpg\",\"width\":1200,\"height\":712},{\"@type\":\"BreadcrumbList\",\"@id\":\"https:\/\/swissbaker.ch\/fr\/panissimo-news\/women-power-suisse\/#breadcrumb\",\"itemListElement\":[{\"@type\":\"ListItem\",\"position\":1,\"name\":\"\",\"item\":\"https:\/\/swissbaker.ch\/fr\/\"},{\"@type\":\"ListItem\",\"position\":2,\"name\":\"Concours\",\"item\":\"https:\/\/swissbaker.ch\/fr\/panissimo-news\/category\/concours\/\"},{\"@type\":\"ListItem\",\"position\":3,\"name\":\"Women power suisse\"}]},{\"@type\":\"WebSite\",\"@id\":\"https:\/\/swissbaker.ch\/fr\/#website\",\"url\":\"https:\/\/swissbaker.ch\/fr\/\",\"name\":\"SBC\",\"description\":\"\",\"publisher\":{\"@id\":\"https:\/\/swissbaker.ch\/fr\/#organization\"},\"potentialAction\":[{\"@type\":\"SearchAction\",\"target\":{\"@type\":\"EntryPoint\",\"urlTemplate\":\"https:\/\/swissbaker.ch\/fr\/?s={search_term_string}\"},\"query-input\":{\"@type\":\"PropertyValueSpecification\",\"valueRequired\":true,\"valueName\":\"search_term_string\"}}],\"inLanguage\":\"fr-FR\"},{\"@type\":\"Organization\",\"@id\":\"https:\/\/swissbaker.ch\/fr\/#organization\",\"name\":\"Schweizerischer B\u00e4cker-Confiseurmeister-Verband\",\"url\":\"https:\/\/swissbaker.ch\/fr\/\",\"logo\":{\"@type\":\"ImageObject\",\"inLanguage\":\"fr-FR\",\"@id\":\"https:\/\/swissbaker.ch\/fr\/#\/schema\/logo\/image\/\",\"url\":\"https:\/\/swissbaker.ch\/wp-content\/uploads\/2022\/04\/sbc-logo-yoast.jpg\",\"contentUrl\":\"https:\/\/swissbaker.ch\/wp-content\/uploads\/2022\/04\/sbc-logo-yoast.jpg\",\"width\":512,\"height\":512,\"caption\":\"Schweizerischer B\u00e4cker-Confiseurmeister-Verband\"},\"image\":{\"@id\":\"https:\/\/swissbaker.ch\/fr\/#\/schema\/logo\/image\/\"},\"sameAs\":[\"https:\/\/www.facebook.com\/swissbaker.ch\",\"https:\/\/x.com\/ch_swissbaker\"]},{\"@type\":\"Person\",\"@id\":\"https:\/\/swissbaker.ch\/fr\/#\/schema\/person\/74bd327b08c18ca6042c02ff6f0ed5e2\",\"name\":\"Simon Nussbaum\",\"image\":{\"@type\":\"ImageObject\",\"inLanguage\":\"fr-FR\",\"@id\":\"https:\/\/swissbaker.ch\/fr\/#\/schema\/person\/image\/\",\"url\":\"https:\/\/secure.gravatar.com\/avatar\/df0eced3bb556c806cb760cf503ade1ed1df25b4104d80d6fd28d93a9509aa12?s=96&d=mm&r=g\",\"contentUrl\":\"https:\/\/secure.gravatar.com\/avatar\/df0eced3bb556c806cb760cf503ade1ed1df25b4104d80d6fd28d93a9509aa12?s=96&d=mm&r=g\",\"caption\":\"Simon Nussbaum\"},\"url\":\"https:\/\/swissbaker.ch\/fr\/panissimo-news\/author\/simon-nussbaum\/\"}]}<\/script>\n<!-- \/ Yoast SEO Premium plugin. -->","yoast_head_json":{"title":"Women power suisse | SBC","robots":{"index":"index","follow":"follow","max-snippet":"max-snippet:-1","max-image-preview":"max-image-preview:large","max-video-preview":"max-video-preview:-1"},"canonical":"https:\/\/swissbaker.ch\/fr\/panissimo-news\/women-power-suisse\/","og_locale":"fr_FR","og_type":"article","og_title":"Women power suisse","og_description":"Juliana Th\u00f6ny, en p\u00e2tisserie-confiserie, et Vera Stocker, en boulangerie-confiserie, repr\u00e9senteront la Suisse aux WorldSkills d\u00e9centralis\u00e9s organis\u00e9s \u00e0 Lucerne du 10 au 16\u202foctobre prochain.","og_url":"https:\/\/swissbaker.ch\/fr\/panissimo-news\/women-power-suisse\/","og_site_name":"SBC","article_publisher":"https:\/\/www.facebook.com\/swissbaker.ch","article_published_time":"2022-10-05T13:45:48+00:00","article_modified_time":"2022-10-05T13:54:40+00:00","og_image":[{"width":1200,"height":712,"url":"https:\/\/swissbaker.ch\/wp-content\/uploads\/2022\/09\/18_1_worlskills_stocker_thoeny.jpg","type":"image\/jpeg"}],"author":"Simon Nussbaum","twitter_card":"summary_large_image","twitter_creator":"@ch_swissbaker","twitter_site":"@ch_swissbaker","twitter_misc":{"Written by":"Simon Nussbaum","Est. reading time":"3 minutes"},"schema":{"@context":"https:\/\/schema.org","@graph":[{"@type":"Article","@id":"https:\/\/swissbaker.ch\/fr\/panissimo-news\/women-power-suisse\/#article","isPartOf":{"@id":"https:\/\/swissbaker.ch\/fr\/panissimo-news\/women-power-suisse\/"},"author":{"name":"Simon Nussbaum","@id":"https:\/\/swissbaker.ch\/fr\/#\/schema\/person\/74bd327b08c18ca6042c02ff6f0ed5e2"},"headline":"Women power suisse","datePublished":"2022-10-05T13:45:48+00:00","dateModified":"2022-10-05T13:54:40+00:00","mainEntityOfPage":{"@id":"https:\/\/swissbaker.ch\/fr\/panissimo-news\/women-power-suisse\/"},"wordCount":517,"publisher":{"@id":"https:\/\/swissbaker.ch\/fr\/#organization"},"image":{"@id":"https:\/\/swissbaker.ch\/fr\/panissimo-news\/women-power-suisse\/#primaryimage"},"thumbnailUrl":"https:\/\/swissbaker.ch\/wp-content\/uploads\/2022\/09\/18_1_worlskills_stocker_thoeny.jpg","articleSection":["Concours","Formation\/Rel\u00e8ve"],"inLanguage":"fr-FR"},{"@type":"WebPage","@id":"https:\/\/swissbaker.ch\/fr\/panissimo-news\/women-power-suisse\/","url":"https:\/\/swissbaker.ch\/fr\/panissimo-news\/women-power-suisse\/","name":"Women power suisse | SBC","isPartOf":{"@id":"https:\/\/swissbaker.ch\/fr\/#website"},"primaryImageOfPage":{"@id":"https:\/\/swissbaker.ch\/fr\/panissimo-news\/women-power-suisse\/#primaryimage"},"image":{"@id":"https:\/\/swissbaker.ch\/fr\/panissimo-news\/women-power-suisse\/#primaryimage"},"thumbnailUrl":"https:\/\/swissbaker.ch\/wp-content\/uploads\/2022\/09\/18_1_worlskills_stocker_thoeny.jpg","datePublished":"2022-10-05T13:45:48+00:00","dateModified":"2022-10-05T13:54:40+00:00","breadcrumb":{"@id":"https:\/\/swissbaker.ch\/fr\/panissimo-news\/women-power-suisse\/#breadcrumb"},"inLanguage":"fr-FR","potentialAction":[{"@type":"ReadAction","target":["https:\/\/swissbaker.ch\/fr\/panissimo-news\/women-power-suisse\/"]}]},{"@type":"ImageObject","inLanguage":"fr-FR","@id":"https:\/\/swissbaker.ch\/fr\/panissimo-news\/women-power-suisse\/#primaryimage","url":"https:\/\/swissbaker.ch\/wp-content\/uploads\/2022\/09\/18_1_worlskills_stocker_thoeny.jpg","contentUrl":"https:\/\/swissbaker.ch\/wp-content\/uploads\/2022\/09\/18_1_worlskills_stocker_thoeny.jpg","width":1200,"height":712},{"@type":"BreadcrumbList","@id":"https:\/\/swissbaker.ch\/fr\/panissimo-news\/women-power-suisse\/#breadcrumb","itemListElement":[{"@type":"ListItem","position":1,"name":"","item":"https:\/\/swissbaker.ch\/fr\/"},{"@type":"ListItem","position":2,"name":"Concours","item":"https:\/\/swissbaker.ch\/fr\/panissimo-news\/category\/concours\/"},{"@type":"ListItem","position":3,"name":"Women power suisse"}]},{"@type":"WebSite","@id":"https:\/\/swissbaker.ch\/fr\/#website","url":"https:\/\/swissbaker.ch\/fr\/","name":"SBC","description":"","publisher":{"@id":"https:\/\/swissbaker.ch\/fr\/#organization"},"potentialAction":[{"@type":"SearchAction","target":{"@type":"EntryPoint","urlTemplate":"https:\/\/swissbaker.ch\/fr\/?s={search_term_string}"},"query-input":{"@type":"PropertyValueSpecification","valueRequired":true,"valueName":"search_term_string"}}],"inLanguage":"fr-FR"},{"@type":"Organization","@id":"https:\/\/swissbaker.ch\/fr\/#organization","name":"Schweizerischer B\u00e4cker-Confiseurmeister-Verband","url":"https:\/\/swissbaker.ch\/fr\/","logo":{"@type":"ImageObject","inLanguage":"fr-FR","@id":"https:\/\/swissbaker.ch\/fr\/#\/schema\/logo\/image\/","url":"https:\/\/swissbaker.ch\/wp-content\/uploads\/2022\/04\/sbc-logo-yoast.jpg","contentUrl":"https:\/\/swissbaker.ch\/wp-content\/uploads\/2022\/04\/sbc-logo-yoast.jpg","width":512,"height":512,"caption":"Schweizerischer B\u00e4cker-Confiseurmeister-Verband"},"image":{"@id":"https:\/\/swissbaker.ch\/fr\/#\/schema\/logo\/image\/"},"sameAs":["https:\/\/www.facebook.com\/swissbaker.ch","https:\/\/x.com\/ch_swissbaker"]},{"@type":"Person","@id":"https:\/\/swissbaker.ch\/fr\/#\/schema\/person\/74bd327b08c18ca6042c02ff6f0ed5e2","name":"Simon Nussbaum","image":{"@type":"ImageObject","inLanguage":"fr-FR","@id":"https:\/\/swissbaker.ch\/fr\/#\/schema\/person\/image\/","url":"https:\/\/secure.gravatar.com\/avatar\/df0eced3bb556c806cb760cf503ade1ed1df25b4104d80d6fd28d93a9509aa12?s=96&d=mm&r=g","contentUrl":"https:\/\/secure.gravatar.com\/avatar\/df0eced3bb556c806cb760cf503ade1ed1df25b4104d80d6fd28d93a9509aa12?s=96&d=mm&r=g","caption":"Simon Nussbaum"},"url":"https:\/\/swissbaker.ch\/fr\/panissimo-news\/author\/simon-nussbaum\/"}]}},"_links":{"self":[{"href":"https:\/\/swissbaker.ch\/fr\/wp-json\/wp\/v2\/posts\/50577","targetHints":{"allow":["GET"]}}],"collection":[{"href":"https:\/\/swissbaker.ch\/fr\/wp-json\/wp\/v2\/posts"}],"about":[{"href":"https:\/\/swissbaker.ch\/fr\/wp-json\/wp\/v2\/types\/post"}],"author":[{"embeddable":true,"href":"https:\/\/swissbaker.ch\/fr\/wp-json\/wp\/v2\/users\/5"}],"replies":[{"embeddable":true,"href":"https:\/\/swissbaker.ch\/fr\/wp-json\/wp\/v2\/comments?post=50577"}],"version-history":[{"count":0,"href":"https:\/\/swissbaker.ch\/fr\/wp-json\/wp\/v2\/posts\/50577\/revisions"}],"wp:featuredmedia":[{"embeddable":true,"href":"https:\/\/swissbaker.ch\/fr\/wp-json\/wp\/v2\/media\/50010"}],"wp:attachment":[{"href":"https:\/\/swissbaker.ch\/fr\/wp-json\/wp\/v2\/media?parent=50577"}],"wp:term":[{"taxonomy":"category","embeddable":true,"href":"https:\/\/swissbaker.ch\/fr\/wp-json\/wp\/v2\/categories?post=50577"},{"taxonomy":"post_tag","embeddable":true,"href":"https:\/\/swissbaker.ch\/fr\/wp-json\/wp\/v2\/tags?post=50577"}],"curies":[{"name":"wp","href":"https:\/\/api.w.org\/{rel}","templated":true}]}}