{"id":49670,"date":"2022-09-28T14:56:58","date_gmt":"2022-09-28T12:56:58","guid":{"rendered":"https:\/\/swissbaker.ch\/?p=49670"},"modified":"2022-09-29T16:06:07","modified_gmt":"2022-09-29T14:06:07","slug":"nous-devons-croire-en-nos","status":"publish","type":"post","link":"https:\/\/swissbaker.ch\/fr\/panissimo-news\/nous-devons-croire-en-nos\/","title":{"rendered":"<strong>\u00abNous devons croire en nos jeunes\u00bb<\/strong>"},"content":{"rendered":"\n<p><strong>Le confiseur tessinois Paolo Loraschi (al Porto) a offici\u00e9 en tant que membre du jury lors des derniers SwissSkills \u00e0 Berne. Il \u00e9tait le seul repr\u00e9sentant de la Suisse italienne chez les boulangers-confiseurs. Quelles ont \u00e9t\u00e9 ses exp\u00e9riences cette ann\u00e9e? Y a-t-il eu des barri\u00e8res linguistiques? Comment \u00e9value-t-il les prestations des participants et participantes? Les r\u00e9ponses dans l&#8217;interview que nous avons r\u00e9alis\u00e9e avec lui lors de la derni\u00e8re journ\u00e9e des SwissSkills.<\/strong><\/p>\n\n\n\n<figure class=\"wp-block-image size-large\"><img decoding=\"async\" width=\"1024\" height=\"768\" src=\"https:\/\/swissbaker.ch\/wp-content\/uploads\/2022\/09\/paolo-loraschi-e-team-2-1024x768.jpg\" alt=\"\" class=\"wp-image-49666\" srcset=\"https:\/\/swissbaker.ch\/wp-content\/uploads\/2022\/09\/paolo-loraschi-e-team-2-1024x768.jpg 1024w, https:\/\/swissbaker.ch\/wp-content\/uploads\/2022\/09\/paolo-loraschi-e-team-2-768x576.jpg 768w, https:\/\/swissbaker.ch\/wp-content\/uploads\/2022\/09\/paolo-loraschi-e-team-2-1536x1152.jpg 1536w, https:\/\/swissbaker.ch\/wp-content\/uploads\/2022\/09\/paolo-loraschi-e-team-2-1000x750.jpg 1000w, https:\/\/swissbaker.ch\/wp-content\/uploads\/2022\/09\/paolo-loraschi-e-team-2.jpg 2000w\" sizes=\"(max-width: 1024px) 100vw, 1024px\" \/><figcaption>Les membres du jury p\u00e2tisserie-confiserie des SwissSkills 2022: Paolo Loraschi, Vanessa Schnyder, Rahel Weber e Jo\u00ebl M\u00e9rigonde<\/figcaption><\/figure>\n\n\n\n<p><strong>Paolo Loraschi, comment avez-vous v\u00e9cu ces comp\u00e9titions ?<\/strong><\/p>\n\n\n\n<p>Comme toujours, mais d&#8217;une mani\u00e8re diff\u00e9rente. On pourrait penser que c&#8217;est toujours la m\u00eame chose. C&#8217;est la troisi\u00e8me fois que je participe aux SwissSkills de Berne, mais c&#8217;est toujours une nouvelle exp\u00e9rience, au niveau tant humain que professionnel.<\/p>\n\n\n\n<p><strong>Quelles nouvelles exp\u00e9riences avez-vous faites cette ann\u00e9e ?<\/strong><\/p>\n\n\n\n<p>Les nouvelles exp\u00e9riences consistent \u00e0 regarder dans les yeux des jeunes. Et c&#8217;est quelque chose qui me surprend toujours. C\u2019est tr\u00e8s important pour moi. Je consid\u00e8re les aspects int\u00e9rieurs dans un premier temps, et ensuite seulement les aspects professionnels. Je vois ces jeunes pendant les SwissSkills et pr\u00e9pare ensuite les s\u00e9lectionn\u00e9s avec l&#8217;\u00e9quipe pour les WorldSkills. Il est donc important pour moi de comprendre le profil humain pour pouvoir interagir. J\u2019ai toujours eu affaire \u00e0 des jeunes exceptionnels jusqu\u2019\u00e0 pr\u00e9sent.<\/p>\n\n\n\n<p><strong>Debout du matin au soir, comment avez-vous fait pour r\u00e9cup\u00e9rer ?<\/strong><\/p>\n\n\n\n<p>Je pense que la r\u00e9cup\u00e9ration a \u00e9t\u00e9 plus mentale que physique. N\u2019\u00e9tant plus tr\u00e8s jeune, j\u2019ai une bonne ma\u00eetrise en la mati\u00e8re. Peut-\u00eatre aussi parce que je n\u2019occupais pas ma fonction habituelle, dans le cadre de laquelle la pression est plus grande normalement. Le stress \u00e9tait diff\u00e9rent. Les interventions \u00e9taient concentr\u00e9es, et j\u2019ai toujours pu me reposer.<\/p>\n\n\n\n<p><strong>En tant que seul Tessinois parmi les Romands et les Suisses al\u00e9maniques, comment avez-vous v\u00e9cu cette exp\u00e9rience ?<\/strong><\/p>\n\n\n\n<p>Les fronti\u00e8res cantonales tombent de plus en plus, et nous vivons l&#8217;unit\u00e9. La Suisse s\u00e9lectionne d&#8217;excellents talents pour les SwissSkills. Les jeunes qui participent au concours sont vraiment bien pr\u00e9par\u00e9s.<\/p>\n\n\n\n<p><strong>Vous \u00eates un confiseur exp\u00e9riment\u00e9, connu dans toute la Suisse. Que vous apportent personnellement ces concours ?<\/strong><\/p>\n\n\n\n<p>J&#8217;apprends beaucoup de ces jeunes. J\u2019ai d\u00e9couvert lors de ce concours des choses que je n&#8217;avais jamais vues auparavant.<\/p>\n\n\n\n<p><strong>Ramenez-vous de nouvelles id\u00e9es au Tessin ?<\/strong><\/p>\n\n\n\n<p>Je veux avant tout montrer \u00e0 nos sept apprentis (chez al Porto Tenero) les dossiers contenant les recettes, pour qu\u2019ils comprennent ce que signifie la pr\u00e9paration en vue d\u2019un tel projet \u2013 et quels sont les sacrifices consentis par leurs pairs.<\/p>\n\n\n\n<p><strong>Quels ont \u00e9t\u00e9 les moments forts des SwissSkills ?<\/strong><\/p>\n\n\n\n<p>Le moment o\u00f9 les jeunes participants et participantes arrivaient \u00e0 18 heures (ndlr: la veille pour pr\u00e9parer le concours), je voyais la tension dans leurs yeux. Je les revoyais ensuite le lendemain matin.<\/p>\n\n\n\n<p>L\u2019impr\u00e9vu est toujours un moment fort. J&#8217;ai assist\u00e9 \u00e0 des r\u00e9actions extraordinaires. Les filles ont r\u00e9agi de mani\u00e8re tr\u00e8s surprenante. Apr\u00e8s deux minutes de panique initiale, elles ont \u00e0 chaque fois r\u00e9ussi \u00e0 se ressaisir et \u00e0 poursuivre le travail.<\/p>\n\n\n\n<p>L\u2019exp\u00e9rience est une source de joie pour les participants et participantes qui en ressortent enrichis, quel que soit leur classement. Tout le monde ne peut pas gagner.<\/p>\n\n\n\n<p><strong>Avez-vous aussi observ\u00e9 des points moins positifs cette ann\u00e9e ?<\/strong><\/p>\n\n\n\n<p>Non, mais lors des \u00e9ditions pr\u00e9c\u00e9dentes, j&#8217;ai vu des candidats abandonner face \u00e0 des difficult\u00e9s. Il a fallu les convaincre de changer d&#8217;avis. Si des candidats \u00e9chouent et quittent la comp\u00e9tition, ce n&#8217;est pas de leur faute, mais de la n\u00f4tre, parce que cela signifie que nous ne r\u00e9ussissons pas \u00e0 leur transmettre la s\u00e9r\u00e9nit\u00e9 n\u00e9cessaire pour reprendre la comp\u00e9tition. L&#8217;objectif est atteint s&#8217;ils restent et continuent pour moi.<\/p>\n\n\n\n<p><strong>Quel conseil aimeriez-vous donner aux entreprises formatrices ?<\/strong><\/p>\n\n\n\n<p>Je commence toujours par me donner des conseils \u00e0 moi-m\u00eame, avant d\u2019en donner aux autres: il faut croire dans les jeunes et se rappeler qu\u2019on a aussi \u00e9t\u00e9 jeunes. Les jeunes d&#8217;aujourd&#8217;hui ont un avantage: ils sont capables d\u2019adopter un comportement respectueux envers leurs pairs et les adultes, ce qui les rapproche du monde du travail selon moi. Nous devons croire en ces jeunes, nous engager, et nous en r\u00e9colterons les fruits.<\/p>\n\n\n\n<p><strong>Y a-t-il une autre question que vous aimeriez qu&#8217;on vous pose ?<\/strong><\/p>\n\n\n\n<p>Peu de gens savent ce que cela signifie d&#8217;organiser un tel \u00e9v\u00e9nement. Chaque secteur et chaque association professionnelle ont leurs limites. Mais les organisateurs ont mis en \u0153uvre tout ce qu\u2019il fallait pour notre secteur. Les jeunes qui nous ont rendu visite avec leurs parents ont \u00e9t\u00e9 enthousiasm\u00e9s et fascin\u00e9s par nos m\u00e9tiers. L&#8217;objectif a \u00e9t\u00e9 atteint!<\/p>\n\n\n\n<p>Entretien : Sandra Fogato et Claudia Vernocchi<\/p>\n","protected":false},"excerpt":{"rendered":"<p>Le confiseur tessinois Paolo Loraschi (al Porto) a offici\u00e9 en tant que membre du jury lors des derniers SwissSkills \u00e0 Berne. Il \u00e9tait le seul repr\u00e9sentant de la Suisse italienne chez les boulangers-confiseurs. Quelles ont \u00e9t\u00e9 ses exp\u00e9riences cette ann\u00e9e? Y a-t-il eu des barri\u00e8res linguistiques? Comment \u00e9value-t-il les prestations des participants et participantes? Les r\u00e9ponses dans l&#8217;interview que nous [&hellip;]<\/p>\n","protected":false},"author":4,"featured_media":47533,"comment_status":"closed","ping_status":"closed","sticky":true,"template":"","format":"standard","meta":{"_acf_changed":false,"footnotes":""},"categories":[43],"tags":[],"class_list":["post-49670","post","type-post","status-publish","format-standard","has-post-thumbnail","hentry","category-concours"],"acf":[],"yoast_head":"<!-- This site is optimized with the Yoast SEO Premium plugin v26.8 (Yoast SEO v26.8) - https:\/\/yoast.com\/product\/yoast-seo-premium-wordpress\/ -->\n<title>\u00abNous devons croire en nos jeunes\u00bb | SBC<\/title>\n<meta name=\"description\" content=\"Le confiseur Paolo Loraschi a offici\u00e9 en tant que membre du jury lors des derniers SwissSkills \u00e0 Berne. Comment a-t-il ressenti ces jours ?\" \/>\n<meta name=\"robots\" content=\"index, follow, max-snippet:-1, max-image-preview:large, max-video-preview:-1\" \/>\n<link rel=\"canonical\" href=\"https:\/\/swissbaker.ch\/fr\/panissimo-news\/nous-devons-croire-en-nos\/\" \/>\n<meta property=\"og:locale\" content=\"fr_FR\" \/>\n<meta property=\"og:type\" content=\"article\" \/>\n<meta property=\"og:title\" content=\"\u00abNous devons croire en nos jeunes\u00bb\" \/>\n<meta property=\"og:description\" content=\"Le confiseur Paolo Loraschi a offici\u00e9 en tant que membre du jury lors des derniers SwissSkills \u00e0 Berne. Comment a-t-il ressenti ces jours ?\" \/>\n<meta property=\"og:url\" content=\"https:\/\/swissbaker.ch\/fr\/panissimo-news\/nous-devons-croire-en-nos\/\" \/>\n<meta property=\"og:site_name\" content=\"SBC\" \/>\n<meta property=\"article:publisher\" content=\"https:\/\/www.facebook.com\/swissbaker.ch\" \/>\n<meta property=\"article:published_time\" content=\"2022-09-28T12:56:58+00:00\" \/>\n<meta property=\"article:modified_time\" content=\"2022-09-29T14:06:07+00:00\" \/>\n<meta property=\"og:image\" content=\"https:\/\/swissbaker.ch\/wp-content\/uploads\/2022\/09\/swissskills_2022_samstag-15.jpg\" \/>\n\t<meta property=\"og:image:width\" content=\"1280\" \/>\n\t<meta property=\"og:image:height\" content=\"960\" \/>\n\t<meta property=\"og:image:type\" content=\"image\/jpeg\" \/>\n<meta name=\"author\" content=\"Elina Laich\" \/>\n<meta name=\"twitter:card\" content=\"summary_large_image\" \/>\n<meta name=\"twitter:creator\" content=\"@ch_swissbaker\" \/>\n<meta name=\"twitter:site\" content=\"@ch_swissbaker\" \/>\n<meta name=\"twitter:label1\" content=\"Written by\" \/>\n\t<meta name=\"twitter:data1\" content=\"Elina Laich\" \/>\n\t<meta name=\"twitter:label2\" content=\"Est. reading time\" \/>\n\t<meta name=\"twitter:data2\" content=\"5 minutes\" \/>\n<script type=\"application\/ld+json\" class=\"yoast-schema-graph\">{\"@context\":\"https:\/\/schema.org\",\"@graph\":[{\"@type\":\"Article\",\"@id\":\"https:\/\/swissbaker.ch\/fr\/panissimo-news\/nous-devons-croire-en-nos\/#article\",\"isPartOf\":{\"@id\":\"https:\/\/swissbaker.ch\/fr\/panissimo-news\/nous-devons-croire-en-nos\/\"},\"author\":{\"name\":\"Elina Laich\",\"@id\":\"https:\/\/swissbaker.ch\/fr\/#\/schema\/person\/0c7464407782a0917d6e91a74206a176\"},\"headline\":\"\u00abNous devons croire en nos jeunes\u00bb\",\"datePublished\":\"2022-09-28T12:56:58+00:00\",\"dateModified\":\"2022-09-29T14:06:07+00:00\",\"mainEntityOfPage\":{\"@id\":\"https:\/\/swissbaker.ch\/fr\/panissimo-news\/nous-devons-croire-en-nos\/\"},\"wordCount\":859,\"publisher\":{\"@id\":\"https:\/\/swissbaker.ch\/fr\/#organization\"},\"image\":{\"@id\":\"https:\/\/swissbaker.ch\/fr\/panissimo-news\/nous-devons-croire-en-nos\/#primaryimage\"},\"thumbnailUrl\":\"https:\/\/swissbaker.ch\/wp-content\/uploads\/2022\/09\/swissskills_2022_samstag-15.jpg\",\"articleSection\":[\"Concours\"],\"inLanguage\":\"fr-FR\"},{\"@type\":\"WebPage\",\"@id\":\"https:\/\/swissbaker.ch\/fr\/panissimo-news\/nous-devons-croire-en-nos\/\",\"url\":\"https:\/\/swissbaker.ch\/fr\/panissimo-news\/nous-devons-croire-en-nos\/\",\"name\":\"\u00abNous devons croire en nos jeunes\u00bb | SBC\",\"isPartOf\":{\"@id\":\"https:\/\/swissbaker.ch\/fr\/#website\"},\"primaryImageOfPage\":{\"@id\":\"https:\/\/swissbaker.ch\/fr\/panissimo-news\/nous-devons-croire-en-nos\/#primaryimage\"},\"image\":{\"@id\":\"https:\/\/swissbaker.ch\/fr\/panissimo-news\/nous-devons-croire-en-nos\/#primaryimage\"},\"thumbnailUrl\":\"https:\/\/swissbaker.ch\/wp-content\/uploads\/2022\/09\/swissskills_2022_samstag-15.jpg\",\"datePublished\":\"2022-09-28T12:56:58+00:00\",\"dateModified\":\"2022-09-29T14:06:07+00:00\",\"description\":\"Le confiseur Paolo Loraschi a offici\u00e9 en tant que membre du jury lors des derniers SwissSkills \u00e0 Berne. Comment a-t-il ressenti ces jours ?\",\"breadcrumb\":{\"@id\":\"https:\/\/swissbaker.ch\/fr\/panissimo-news\/nous-devons-croire-en-nos\/#breadcrumb\"},\"inLanguage\":\"fr-FR\",\"potentialAction\":[{\"@type\":\"ReadAction\",\"target\":[\"https:\/\/swissbaker.ch\/fr\/panissimo-news\/nous-devons-croire-en-nos\/\"]}]},{\"@type\":\"ImageObject\",\"inLanguage\":\"fr-FR\",\"@id\":\"https:\/\/swissbaker.ch\/fr\/panissimo-news\/nous-devons-croire-en-nos\/#primaryimage\",\"url\":\"https:\/\/swissbaker.ch\/wp-content\/uploads\/2022\/09\/swissskills_2022_samstag-15.jpg\",\"contentUrl\":\"https:\/\/swissbaker.ch\/wp-content\/uploads\/2022\/09\/swissskills_2022_samstag-15.jpg\",\"width\":1280,\"height\":960},{\"@type\":\"BreadcrumbList\",\"@id\":\"https:\/\/swissbaker.ch\/fr\/panissimo-news\/nous-devons-croire-en-nos\/#breadcrumb\",\"itemListElement\":[{\"@type\":\"ListItem\",\"position\":1,\"name\":\"\",\"item\":\"https:\/\/swissbaker.ch\/fr\/\"},{\"@type\":\"ListItem\",\"position\":2,\"name\":\"Concours\",\"item\":\"https:\/\/swissbaker.ch\/fr\/panissimo-news\/category\/concours\/\"},{\"@type\":\"ListItem\",\"position\":3,\"name\":\"\u00abNous devons croire en nos jeunes\u00bb\"}]},{\"@type\":\"WebSite\",\"@id\":\"https:\/\/swissbaker.ch\/fr\/#website\",\"url\":\"https:\/\/swissbaker.ch\/fr\/\",\"name\":\"SBC\",\"description\":\"\",\"publisher\":{\"@id\":\"https:\/\/swissbaker.ch\/fr\/#organization\"},\"potentialAction\":[{\"@type\":\"SearchAction\",\"target\":{\"@type\":\"EntryPoint\",\"urlTemplate\":\"https:\/\/swissbaker.ch\/fr\/?s={search_term_string}\"},\"query-input\":{\"@type\":\"PropertyValueSpecification\",\"valueRequired\":true,\"valueName\":\"search_term_string\"}}],\"inLanguage\":\"fr-FR\"},{\"@type\":\"Organization\",\"@id\":\"https:\/\/swissbaker.ch\/fr\/#organization\",\"name\":\"Schweizerischer B\u00e4cker-Confiseurmeister-Verband\",\"url\":\"https:\/\/swissbaker.ch\/fr\/\",\"logo\":{\"@type\":\"ImageObject\",\"inLanguage\":\"fr-FR\",\"@id\":\"https:\/\/swissbaker.ch\/fr\/#\/schema\/logo\/image\/\",\"url\":\"https:\/\/swissbaker.ch\/wp-content\/uploads\/2022\/04\/sbc-logo-yoast.jpg\",\"contentUrl\":\"https:\/\/swissbaker.ch\/wp-content\/uploads\/2022\/04\/sbc-logo-yoast.jpg\",\"width\":512,\"height\":512,\"caption\":\"Schweizerischer B\u00e4cker-Confiseurmeister-Verband\"},\"image\":{\"@id\":\"https:\/\/swissbaker.ch\/fr\/#\/schema\/logo\/image\/\"},\"sameAs\":[\"https:\/\/www.facebook.com\/swissbaker.ch\",\"https:\/\/x.com\/ch_swissbaker\"]},{\"@type\":\"Person\",\"@id\":\"https:\/\/swissbaker.ch\/fr\/#\/schema\/person\/0c7464407782a0917d6e91a74206a176\",\"name\":\"Elina Laich\",\"image\":{\"@type\":\"ImageObject\",\"inLanguage\":\"fr-FR\",\"@id\":\"https:\/\/swissbaker.ch\/fr\/#\/schema\/person\/image\/\",\"url\":\"https:\/\/secure.gravatar.com\/avatar\/f942ca5f8668781d3ded9592a21de46001e053aff264ff1c6deb97b59d3604b2?s=96&d=mm&r=g\",\"contentUrl\":\"https:\/\/secure.gravatar.com\/avatar\/f942ca5f8668781d3ded9592a21de46001e053aff264ff1c6deb97b59d3604b2?s=96&d=mm&r=g\",\"caption\":\"Elina Laich\"},\"url\":\"https:\/\/swissbaker.ch\/fr\/panissimo-news\/author\/elina-laich\/\"}]}<\/script>\n<!-- \/ Yoast SEO Premium plugin. -->","yoast_head_json":{"title":"\u00abNous devons croire en nos jeunes\u00bb | SBC","description":"Le confiseur Paolo Loraschi a offici\u00e9 en tant que membre du jury lors des derniers SwissSkills \u00e0 Berne. Comment a-t-il ressenti ces jours ?","robots":{"index":"index","follow":"follow","max-snippet":"max-snippet:-1","max-image-preview":"max-image-preview:large","max-video-preview":"max-video-preview:-1"},"canonical":"https:\/\/swissbaker.ch\/fr\/panissimo-news\/nous-devons-croire-en-nos\/","og_locale":"fr_FR","og_type":"article","og_title":"\u00abNous devons croire en nos jeunes\u00bb","og_description":"Le confiseur Paolo Loraschi a offici\u00e9 en tant que membre du jury lors des derniers SwissSkills \u00e0 Berne. Comment a-t-il ressenti ces jours ?","og_url":"https:\/\/swissbaker.ch\/fr\/panissimo-news\/nous-devons-croire-en-nos\/","og_site_name":"SBC","article_publisher":"https:\/\/www.facebook.com\/swissbaker.ch","article_published_time":"2022-09-28T12:56:58+00:00","article_modified_time":"2022-09-29T14:06:07+00:00","og_image":[{"width":1280,"height":960,"url":"https:\/\/swissbaker.ch\/wp-content\/uploads\/2022\/09\/swissskills_2022_samstag-15.jpg","type":"image\/jpeg"}],"author":"Elina Laich","twitter_card":"summary_large_image","twitter_creator":"@ch_swissbaker","twitter_site":"@ch_swissbaker","twitter_misc":{"Written by":"Elina Laich","Est. reading time":"5 minutes"},"schema":{"@context":"https:\/\/schema.org","@graph":[{"@type":"Article","@id":"https:\/\/swissbaker.ch\/fr\/panissimo-news\/nous-devons-croire-en-nos\/#article","isPartOf":{"@id":"https:\/\/swissbaker.ch\/fr\/panissimo-news\/nous-devons-croire-en-nos\/"},"author":{"name":"Elina Laich","@id":"https:\/\/swissbaker.ch\/fr\/#\/schema\/person\/0c7464407782a0917d6e91a74206a176"},"headline":"\u00abNous devons croire en nos jeunes\u00bb","datePublished":"2022-09-28T12:56:58+00:00","dateModified":"2022-09-29T14:06:07+00:00","mainEntityOfPage":{"@id":"https:\/\/swissbaker.ch\/fr\/panissimo-news\/nous-devons-croire-en-nos\/"},"wordCount":859,"publisher":{"@id":"https:\/\/swissbaker.ch\/fr\/#organization"},"image":{"@id":"https:\/\/swissbaker.ch\/fr\/panissimo-news\/nous-devons-croire-en-nos\/#primaryimage"},"thumbnailUrl":"https:\/\/swissbaker.ch\/wp-content\/uploads\/2022\/09\/swissskills_2022_samstag-15.jpg","articleSection":["Concours"],"inLanguage":"fr-FR"},{"@type":"WebPage","@id":"https:\/\/swissbaker.ch\/fr\/panissimo-news\/nous-devons-croire-en-nos\/","url":"https:\/\/swissbaker.ch\/fr\/panissimo-news\/nous-devons-croire-en-nos\/","name":"\u00abNous devons croire en nos jeunes\u00bb | SBC","isPartOf":{"@id":"https:\/\/swissbaker.ch\/fr\/#website"},"primaryImageOfPage":{"@id":"https:\/\/swissbaker.ch\/fr\/panissimo-news\/nous-devons-croire-en-nos\/#primaryimage"},"image":{"@id":"https:\/\/swissbaker.ch\/fr\/panissimo-news\/nous-devons-croire-en-nos\/#primaryimage"},"thumbnailUrl":"https:\/\/swissbaker.ch\/wp-content\/uploads\/2022\/09\/swissskills_2022_samstag-15.jpg","datePublished":"2022-09-28T12:56:58+00:00","dateModified":"2022-09-29T14:06:07+00:00","description":"Le confiseur Paolo Loraschi a offici\u00e9 en tant que membre du jury lors des derniers SwissSkills \u00e0 Berne. Comment a-t-il ressenti ces jours ?","breadcrumb":{"@id":"https:\/\/swissbaker.ch\/fr\/panissimo-news\/nous-devons-croire-en-nos\/#breadcrumb"},"inLanguage":"fr-FR","potentialAction":[{"@type":"ReadAction","target":["https:\/\/swissbaker.ch\/fr\/panissimo-news\/nous-devons-croire-en-nos\/"]}]},{"@type":"ImageObject","inLanguage":"fr-FR","@id":"https:\/\/swissbaker.ch\/fr\/panissimo-news\/nous-devons-croire-en-nos\/#primaryimage","url":"https:\/\/swissbaker.ch\/wp-content\/uploads\/2022\/09\/swissskills_2022_samstag-15.jpg","contentUrl":"https:\/\/swissbaker.ch\/wp-content\/uploads\/2022\/09\/swissskills_2022_samstag-15.jpg","width":1280,"height":960},{"@type":"BreadcrumbList","@id":"https:\/\/swissbaker.ch\/fr\/panissimo-news\/nous-devons-croire-en-nos\/#breadcrumb","itemListElement":[{"@type":"ListItem","position":1,"name":"","item":"https:\/\/swissbaker.ch\/fr\/"},{"@type":"ListItem","position":2,"name":"Concours","item":"https:\/\/swissbaker.ch\/fr\/panissimo-news\/category\/concours\/"},{"@type":"ListItem","position":3,"name":"\u00abNous devons croire en nos jeunes\u00bb"}]},{"@type":"WebSite","@id":"https:\/\/swissbaker.ch\/fr\/#website","url":"https:\/\/swissbaker.ch\/fr\/","name":"SBC","description":"","publisher":{"@id":"https:\/\/swissbaker.ch\/fr\/#organization"},"potentialAction":[{"@type":"SearchAction","target":{"@type":"EntryPoint","urlTemplate":"https:\/\/swissbaker.ch\/fr\/?s={search_term_string}"},"query-input":{"@type":"PropertyValueSpecification","valueRequired":true,"valueName":"search_term_string"}}],"inLanguage":"fr-FR"},{"@type":"Organization","@id":"https:\/\/swissbaker.ch\/fr\/#organization","name":"Schweizerischer B\u00e4cker-Confiseurmeister-Verband","url":"https:\/\/swissbaker.ch\/fr\/","logo":{"@type":"ImageObject","inLanguage":"fr-FR","@id":"https:\/\/swissbaker.ch\/fr\/#\/schema\/logo\/image\/","url":"https:\/\/swissbaker.ch\/wp-content\/uploads\/2022\/04\/sbc-logo-yoast.jpg","contentUrl":"https:\/\/swissbaker.ch\/wp-content\/uploads\/2022\/04\/sbc-logo-yoast.jpg","width":512,"height":512,"caption":"Schweizerischer B\u00e4cker-Confiseurmeister-Verband"},"image":{"@id":"https:\/\/swissbaker.ch\/fr\/#\/schema\/logo\/image\/"},"sameAs":["https:\/\/www.facebook.com\/swissbaker.ch","https:\/\/x.com\/ch_swissbaker"]},{"@type":"Person","@id":"https:\/\/swissbaker.ch\/fr\/#\/schema\/person\/0c7464407782a0917d6e91a74206a176","name":"Elina Laich","image":{"@type":"ImageObject","inLanguage":"fr-FR","@id":"https:\/\/swissbaker.ch\/fr\/#\/schema\/person\/image\/","url":"https:\/\/secure.gravatar.com\/avatar\/f942ca5f8668781d3ded9592a21de46001e053aff264ff1c6deb97b59d3604b2?s=96&d=mm&r=g","contentUrl":"https:\/\/secure.gravatar.com\/avatar\/f942ca5f8668781d3ded9592a21de46001e053aff264ff1c6deb97b59d3604b2?s=96&d=mm&r=g","caption":"Elina Laich"},"url":"https:\/\/swissbaker.ch\/fr\/panissimo-news\/author\/elina-laich\/"}]}},"_links":{"self":[{"href":"https:\/\/swissbaker.ch\/fr\/wp-json\/wp\/v2\/posts\/49670","targetHints":{"allow":["GET"]}}],"collection":[{"href":"https:\/\/swissbaker.ch\/fr\/wp-json\/wp\/v2\/posts"}],"about":[{"href":"https:\/\/swissbaker.ch\/fr\/wp-json\/wp\/v2\/types\/post"}],"author":[{"embeddable":true,"href":"https:\/\/swissbaker.ch\/fr\/wp-json\/wp\/v2\/users\/4"}],"replies":[{"embeddable":true,"href":"https:\/\/swissbaker.ch\/fr\/wp-json\/wp\/v2\/comments?post=49670"}],"version-history":[{"count":0,"href":"https:\/\/swissbaker.ch\/fr\/wp-json\/wp\/v2\/posts\/49670\/revisions"}],"wp:featuredmedia":[{"embeddable":true,"href":"https:\/\/swissbaker.ch\/fr\/wp-json\/wp\/v2\/media\/47533"}],"wp:attachment":[{"href":"https:\/\/swissbaker.ch\/fr\/wp-json\/wp\/v2\/media?parent=49670"}],"wp:term":[{"taxonomy":"category","embeddable":true,"href":"https:\/\/swissbaker.ch\/fr\/wp-json\/wp\/v2\/categories?post=49670"},{"taxonomy":"post_tag","embeddable":true,"href":"https:\/\/swissbaker.ch\/fr\/wp-json\/wp\/v2\/tags?post=49670"}],"curies":[{"name":"wp","href":"https:\/\/api.w.org\/{rel}","templated":true}]}}