{"id":49634,"date":"2022-09-28T14:14:46","date_gmt":"2022-09-28T12:14:46","guid":{"rendered":"https:\/\/swissbaker.ch\/?p=49634"},"modified":"2022-09-29T16:11:57","modified_gmt":"2022-09-29T14:11:57","slug":"highlight-sentiments-et-objectifs","status":"publish","type":"post","link":"https:\/\/swissbaker.ch\/fr\/panissimo-news\/highlight-sentiments-et-objectifs\/","title":{"rendered":"Highlight, sentiments et objectifs"},"content":{"rendered":"\n<p><strong>Les SwissSkills se sont d\u00e9roul\u00e9s du 7 au 11 septembre \u00e0 Berne. Comment les trois championnes suisses ont-elles v\u00e9cu les journ\u00e9es de comp\u00e9tition et la remise des prix ? C\u2019est ce que \u00ab Panissimo \u00bb a demand\u00e9 \u00e0 Vera Stocker (boulangerie-p\u00e2tisserie), Nadia Koller (p\u00e2tisserie-confiserie) et L\u00e9ane Plumey (commerce de d\u00e9tail).<\/strong><\/p>\n\n\n\n<figure class=\"wp-block-image size-large\"><img decoding=\"async\" width=\"1024\" height=\"683\" src=\"https:\/\/swissbaker.ch\/wp-content\/uploads\/2022\/09\/20220910.gold-s-plumey-stocker-koller-0939jr-1024x683.jpg\" alt=\"SwissSkills 2022: Les 3 gagnants\" class=\"wp-image-47737\" srcset=\"https:\/\/swissbaker.ch\/wp-content\/uploads\/2022\/09\/20220910.gold-s-plumey-stocker-koller-0939jr-1024x683.jpg 1024w, https:\/\/swissbaker.ch\/wp-content\/uploads\/2022\/09\/20220910.gold-s-plumey-stocker-koller-0939jr-768x512.jpg 768w, https:\/\/swissbaker.ch\/wp-content\/uploads\/2022\/09\/20220910.gold-s-plumey-stocker-koller-0939jr-1536x1024.jpg 1536w, https:\/\/swissbaker.ch\/wp-content\/uploads\/2022\/09\/20220910.gold-s-plumey-stocker-koller-0939jr-scaled.jpg 2048w\" sizes=\"(max-width: 1024px) 100vw, 1024px\" \/><figcaption>L\u00e9ane Plumey, Vera Stocker et Nadia Koller<\/figcaption><\/figure>\n\n\n\n<p><strong>Quel a \u00e9t\u00e9 le moment fort, durant les SwissSkills?<\/strong><\/p>\n\n\n\n<p><strong>Vera Stocker :<\/strong> C\u2019est une question difficile, car j\u2019ai pris un immense plaisir \u00e0 cr\u00e9er de nouveaux produits et \u00e0 laisser libre cours \u00e0 ma cr\u00e9ativit\u00e9 pendant les deux mois de pr\u00e9paration. Mais le plus marquant a d\u00e9finitive-ment \u00e9t\u00e9 sur sc\u00e8ne, le moment o\u00f9 mon nom a \u00e9t\u00e9 appel\u00e9. Je n\u2019oublierai certainement pas non plus que nous autres participants et l\u2019ensemble de l\u2019association formions une tr\u00e8s grande \u00e9quipe. C\u2019\u00e9tait tout simplement incroyable.<\/p>\n\n\n\n<p><strong>Nadia Koller :<\/strong> Les SwissSkills ont \u00e9t\u00e9 un moment fort dans leur int\u00e9gralit\u00e9. J\u2019ai ressenti une sensation tr\u00e8s agr\u00e9able et un grand soulage-ment une fois que tout \u00e9tait termin\u00e9 sur la table d\u2019exposition, un grand poids est tomb\u00e9 de mes \u00e9paules.<\/p>\n\n\n\n<blockquote class=\"wp-block-quote\"><p>Je n\u2019oublierai jamais ces deux mois, c\u2019\u00e9tait une chance unique, une exp\u00e9rience extraordinaire<\/p><cite>Vera Stocker<\/cite><\/blockquote>\n\n\n\n<p><strong>L\u00e9ane Plumey :<\/strong> Il y en a eu plusieurs, la remise des prix notamment. Je dirais cependant l\u2019\u00e9preuve surprise, durant laquelle j\u2019ai d\u00fb faire d\u00e9guster un produit au public. C\u2019\u00e9tait le seul moment durant lequel nous avions un r\u00e9el contact ; et c\u2019est ce que j\u2019aime dans mon m\u00e9tier.<\/p>\n\n\n\n<p><strong>Et le plus angoissant ?<\/strong><\/p>\n\n\n\n<p><strong>VS :<\/strong> La p\u00e9riode de pr\u00e9paration a \u00e9t\u00e9 nerveusement tr\u00e8s \u00e9prouvante. La pr\u00e9paration a demand\u00e9 beaucoup de travail, m\u00eame si j\u2019ai eu beaucoup de plaisir \u00e0 tout cr\u00e9er. Il m\u2019a fallu jusqu\u2019\u00e0 deux semaines pour mettre au point le concept de base de certains produits, avant de me lancer dans le peaufinage et la mise en \u0153uvre dans les d\u00e9lais. Le grand d\u00e9fi a \u00e9t\u00e9 de pas perdre mon sang-froid et de tenir l\u2019effort.<\/p>\n\n\n\n<p><strong>NK :<\/strong> Le fa\u00e7onnage des articles fantaisie s\u2019est av\u00e9r\u00e9 tr\u00e8s \u00e9prouvant lorsqu\u2019en modelant le corps de b\u00e9lier, les boules se sont ouvertes, laissant ainsi sortir l\u2019int\u00e9rieur. Je me suis dit \u00e0 ce moment-l\u00e0 que \u00e7a allait \u00eatre tr\u00e8s juste au niveau du timing.<\/p>\n\n\n\n<p><strong>LP :<\/strong> Peut-\u00eatre l\u2019instant qui a pr\u00e9c\u00e9d\u00e9 l\u2019\u00ab entretien client \u00bb qui s\u2019est fait au micro. Je ne savais pas ce que le \u00ab client \u00bb allait choisir et, surtout, si j\u2019arrivais \u00e0 r\u00e9pondre \u00e0 ses questions sans perdre mes moyens face au micro.<\/p>\n\n\n\n<p><strong>Qu&#8217;avez-vous pens\u00e9 en entendant votre nom, lors de la remise des prix ? <\/strong><\/p>\n\n\n\n<p><strong>VS :<\/strong> En quelque sorte rien, mais en m\u00eame temps environ 100 choses comme : \u00ab Ai-je vraiment \u00e9t\u00e9 la meilleure ? \u00bb \u00ab Ai-je vraiment r\u00e9ussi ? \u00bb \u00ab Y a-t-il maintenant deux Vera Stocker qui ont remport\u00e9 les SwissSkills ? Est-ce d\u00fb au nom ? \u00bb Mais surtout, \u00ab Savoure simplement ce moment ! \u00bb.<\/p>\n\n\n\n<p><strong>NK :<\/strong> On nous a d\u2019abord demand\u00e9 de passer en coulisses. Puis, une fois sur sc\u00e8ne, lorsque Bruno a \u00e9t\u00e9 appel\u00e9 pour la troisi\u00e8me place, je me suis dit que ce n\u2019\u00e9tait pas possible. Et j\u2019ai eu de la peine \u00e0 y croire quand mon nom a \u00e9t\u00e9 appel\u00e9 en dernier. Je veux dire, les douze meilleurs de Suisse avaient particip\u00e9 \u00e0 ce concours, tous avaient r\u00e9alis\u00e9 de superbes performances et c\u2019\u00e9tait moi qui me retrouvais \u00e0 la premi\u00e8re place. Je n\u2019avais plus rien en t\u00eate \u00e0 ce moment-l\u00e0.<\/p>\n\n\n\n<p><strong>LP :<\/strong> Je ne sais pas vraiment\u2026 Je n\u2019ai pas tellement r\u00e9alis\u00e9 ce qui se passait. Apr\u00e8s-coup, j\u2019\u00e9tais fi\u00e8re de moi et du travail effectu\u00e9 pour en arriver l\u00e0.<\/p>\n\n\n\n<p><strong>Que repr\u00e9sente ce titre pour vous ?<\/strong><\/p>\n\n\n\n<p><strong>VS :<\/strong> Il n\u2019y a pas de mots pour le dire, c\u2019est juste g\u00e9nial. Je n\u2019oublierai jamais ces deux mois, c\u2019\u00e9tait une chance unique, une exp\u00e9rience extraordi-naire, et je suis tr\u00e8s reconnaissante d\u2019avoir \u00e9t\u00e9 de la partie. Le titre de championne suisse est le couronnement de tout le travail accompli.<\/p>\n\n\n\n<blockquote class=\"wp-block-quote\"><p>C\u2019est agr\u00e9able d\u2019avoir atteint un tel niveau et de se voir conforter dans ce que l\u2019on a appris jour apr\u00e8s jour pendant la formation et la p\u00e9riode de pr\u00e9paration.<\/p><cite>Nadia Koller<\/cite><\/blockquote>\n\n\n\n<p><strong>NK :<\/strong> C\u2019est agr\u00e9able d\u2019avoir atteint un tel niveau et de se voir conforter dans ce que l\u2019on a appris jour apr\u00e8s jour pendant la formation et la p\u00e9riode de pr\u00e9paration.<\/p>\n\n\n\n<p><strong>LP :<\/strong> J\u2019ai fait un apprentissage qui, aux yeux de certains, n\u2019est peut-\u00eatre pas la formation la plus reconnue ni la plus difficile. Toutefois, m\u00eame sans faire de longues \u00e9tudes, je me suis donn\u00e9 les moyens de r\u00e9ussir dans mon m\u00e9tier.<\/p>\n\n\n\n<p><strong>Quel sera votre prochain objectif professionnel ?<\/strong><\/p>\n\n\n\n<p><strong>VS :<\/strong> En tant que championne suisse, je vais pouvoir repr\u00e9senter la Suisse aux WorldSkills 2024. Ce sera un grand honneur pour moi, mais rien de plus pr\u00e9cis n\u2019est pr\u00e9vu \u00e0 ce jour, les WorldSkills de cette ann\u00e9e \u00e9tant au premier plan pour l\u2019heure.<\/p>\n\n\n\n<p><strong>NK :<\/strong> Assur\u00e9ment acqu\u00e9rir une exp\u00e9rience professionnelle et puis apr\u00e8s, on verra.<\/p>\n\n\n\n<p><strong>LP :<\/strong> J\u2019aimerais bien devenir responsable d\u2019un magasin ; sans pour autant en \u00eatre propri\u00e9taire, car cela demande beaucoup de sacrifices, mais avoir la charge de trois ou quatre personnes, des commandes\u2026<\/p>\n\n\n\n<p>Quelles r\u00e9flexions avez-vous men\u00e9es sur le th\u00e8me impos\u00e9 \u00ab Les quatre \u00e9l\u00e9ments QUATRE \u2013 l\u2019eau, l&#8217;air, le feu, la terre \u00bb ? Quels ont \u00e9t\u00e9 les points qui vous ont parus difficiles et, \u00e0 l&#8217;inverse, faciles ? <\/p>\n\n\n\n<p><strong>VS : <\/strong>J\u2019ai beaucoup r\u00e9fl\u00e9chi. Je ne voulais pas me borner \u00e0 fa\u00e7onner une pi\u00e8ce d\u2019exposition sur ce th\u00e8me, je voulais aussi que chacun des produits cr\u00e9\u00e9s corresponde \u00e0 un ou plusieurs \u00e9l\u00e9ments. Je voulais qu\u2019il y ait un fil conducteur dans toute l\u2019\u0153uvre, au niveau de la forme, du go\u00fbt et de la d\u00e9coration.<br>La pi\u00e8ce d\u2019exposition a repr\u00e9sent\u00e9 la plus grande difficult\u00e9 pour moi, elle devait allier les quatre \u00e9l\u00e9ments. Comment pr\u00e9senter quelque chose de transparent, d\u2019a\u00e9rien et de l\u00e9ger comme l\u2019air ? Sans compter que la pi\u00e8ce artistique devait survivre \u00e0 un trajet de 267 kilom\u00e8tres, de Davos \u00e0 Berne.<\/p>\n\n\n\n<p><strong>NK :<\/strong> Je suis d\u2019abord all\u00e9e sur internet pour faire des recherches approfondies sur ce qui correspondait aux \u00e9l\u00e9ments, en termes de go\u00fbt notamment. Pour la pi\u00e8ce d\u2019exposition, j\u2019ai trouv\u00e9 la boussole et les points cardinaux, et pour les articles fantaisie, j\u2019ai observ\u00e9 les signes du zodiaque et leur corr\u00e9lation avec les \u00e9l\u00e9ments.<br>Le plus dur a \u00e9t\u00e9 de repr\u00e9senter les \u00e9l\u00e9ments de mani\u00e8re imag\u00e9e sur la pi\u00e8ce d\u2019exposition. Au niveau des saveurs, il n\u2019a pas \u00e9t\u00e9 facile de mettre en \u0153uvre les \u00e9l\u00e9ments de l\u2019air et de l\u2019eau.<\/p>\n\n\n\n<p><strong>LP :<\/strong> Ce th\u00e8me m\u2019a paru, dans un premier temps, tr\u00e8s vaste. Les id\u00e9es restaient tr\u00e8s floues dans ma t\u00eate, notamment du fait que les couleurs associ\u00e9es \u00e0 chacun des \u00e9l\u00e9ments \u00e9taient trop dominantes pour \u00eatre assembl\u00e9es sur une seule et m\u00eame table. J\u2019ai alors pens\u00e9 les mettre en avant sous un autre angle. L\u2019id\u00e9e des \u00e9nergies renouvelables m\u2019est alors venue. Ce sujet me touche particuli\u00e8rement. Dans mon quotidien, j\u2019essaie d\u2019adopter au maximum des principes \u00e9cologiques et durables.<br>Les \u00e9nergies renouvelables comprennent : l\u2019\u00e9nergie hydraulique, solaire et \u00e9olienne. Elles sont cr\u00e9\u00e9es par les quatre \u00e9l\u00e9ments. Bien qu\u2019assez d\u00e9velopp\u00e9es en Suisse, nous avons encore des progr\u00e8s \u00e0 faire. D\u2019o\u00f9 mon id\u00e9e de sensibiliser mes clients \u00e0 cette probl\u00e9matique en m\u00eame temps que de leur pr\u00e9senter nos r\u00e9alisations.<br>J\u2019ai travaill\u00e9 avec le graphiste de l\u2019entreprise pour l\u2019image en ar-ri\u00e8re-plan de ma pr\u00e9sentation. On y retrouve le barrage de Tseuzier, qui se trouve \u00e0 c\u00f4t\u00e9 de chez moi, et un mayen \u00e9quip\u00e9 de panneaux solaires. J\u2019ai dispos\u00e9 sur ma table une \u00e9olienne en acier. Les quatre \u00e9l\u00e9ments \u00e9taient mis en avant \u00e0 l\u2019int\u00e9rieur de vases qui me servaient de supports pour les marchandises.<\/p>\n\n\n\n<blockquote class=\"wp-block-quote\"><p>M\u00eame sans faire de longues \u00e9tudes, je me suis donn\u00e9 les moyens de r\u00e9ussir dans mon<br>m\u00e9tier.<\/p><cite>L\u00e9ane Plumey<\/cite><\/blockquote>\n\n\n\n<p><br>Pour rester dans le th\u00e8me des \u00e9nergies renouvelables, j\u2019ai opt\u00e9 pour des choix \u00e9coresponsables, en utilisant du papier biod\u00e9gradable avec \u00e0 l\u2019int\u00e9rieur des semences de fleurs sauvages, par exemple.<br>Faire des choix a particuli\u00e8rement \u00e9t\u00e9 difficile. Je ne savais pas si mes id\u00e9es \u00e9taient les bonnes et je craignais d\u2019\u00eatre hors sujet. Mes facilit\u00e9s r\u00e9sidaient dans les paquets-cadeaux. J\u2019aime beaucoup faire des emballages avec le papier. Alors, je n\u2019ai pas eu besoin de beaucoup m\u2019entra\u00eener. J\u2019avais d\u00e9j\u00e0 la technique.<\/p>\n\n\n\n<p><\/p>\n\n\n\n<p>Entretiens : Christian B\u00e4rtschi et Johann Ruppen<\/p>\n","protected":false},"excerpt":{"rendered":"<p>Les SwissSkills se sont d\u00e9roul\u00e9s du 7 au 11 septembre \u00e0 Berne. Comment les trois championnes suisses ont-elles v\u00e9cu les journ\u00e9es de comp\u00e9tition et la remise des prix ? C\u2019est ce que \u00ab Panissimo \u00bb a demand\u00e9 \u00e0 Vera Stocker (boulangerie-p\u00e2tisserie), Nadia Koller (p\u00e2tisserie-confiserie) et L\u00e9ane Plumey (commerce de d\u00e9tail). Quel a \u00e9t\u00e9 le moment fort, durant les SwissSkills? Vera [&hellip;]<\/p>\n","protected":false},"author":4,"featured_media":46755,"comment_status":"closed","ping_status":"closed","sticky":true,"template":"","format":"standard","meta":{"_acf_changed":false,"footnotes":""},"categories":[43],"tags":[],"class_list":["post-49634","post","type-post","status-publish","format-standard","has-post-thumbnail","hentry","category-concours"],"acf":[],"yoast_head":"<!-- This site is optimized with the Yoast SEO Premium plugin v26.8 (Yoast SEO v26.8) - https:\/\/yoast.com\/product\/yoast-seo-premium-wordpress\/ -->\n<title>Highlight, sentiments et objectifs | SBC<\/title>\n<meta name=\"description\" content=\"Comment les trois championnes suisses ont-elles v\u00e9cu les journ\u00e9es de comp\u00e9tition et la remise des prix ? C\u2019est ce que \u00ab Panissimo \u00bb a demand\u00e9 \u00e0 elles.\" \/>\n<meta name=\"robots\" content=\"index, follow, max-snippet:-1, max-image-preview:large, max-video-preview:-1\" \/>\n<link rel=\"canonical\" href=\"https:\/\/swissbaker.ch\/fr\/panissimo-news\/highlight-sentiments-et-objectifs\/\" \/>\n<meta property=\"og:locale\" content=\"fr_FR\" \/>\n<meta property=\"og:type\" content=\"article\" \/>\n<meta property=\"og:title\" content=\"Highlight, sentiments et objectifs\" \/>\n<meta property=\"og:description\" content=\"Comment les trois championnes suisses ont-elles v\u00e9cu les journ\u00e9es de comp\u00e9tition et la remise des prix ? C\u2019est ce que \u00ab Panissimo \u00bb a demand\u00e9 \u00e0 elles.\" \/>\n<meta property=\"og:url\" content=\"https:\/\/swissbaker.ch\/fr\/panissimo-news\/highlight-sentiments-et-objectifs\/\" \/>\n<meta property=\"og:site_name\" content=\"SBC\" \/>\n<meta property=\"article:publisher\" content=\"https:\/\/www.facebook.com\/swissbaker.ch\" \/>\n<meta property=\"article:published_time\" content=\"2022-09-28T12:14:46+00:00\" \/>\n<meta property=\"article:modified_time\" content=\"2022-09-29T14:11:57+00:00\" \/>\n<meta property=\"og:image\" content=\"https:\/\/swissbaker.ch\/wp-content\/uploads\/2022\/09\/swissskill_2022_donnerstag-98-scaled.jpeg\" \/>\n\t<meta property=\"og:image:width\" content=\"2048\" \/>\n\t<meta property=\"og:image:height\" content=\"1536\" \/>\n\t<meta property=\"og:image:type\" content=\"image\/jpeg\" \/>\n<meta name=\"author\" content=\"Elina Laich\" \/>\n<meta name=\"twitter:card\" content=\"summary_large_image\" \/>\n<meta name=\"twitter:creator\" content=\"@ch_swissbaker\" \/>\n<meta name=\"twitter:site\" content=\"@ch_swissbaker\" \/>\n<meta name=\"twitter:label1\" content=\"Written by\" \/>\n\t<meta name=\"twitter:data1\" content=\"Elina Laich\" \/>\n\t<meta name=\"twitter:label2\" content=\"Est. reading time\" \/>\n\t<meta name=\"twitter:data2\" content=\"8 minutes\" \/>\n<script type=\"application\/ld+json\" class=\"yoast-schema-graph\">{\"@context\":\"https:\/\/schema.org\",\"@graph\":[{\"@type\":\"Article\",\"@id\":\"https:\/\/swissbaker.ch\/fr\/panissimo-news\/highlight-sentiments-et-objectifs\/#article\",\"isPartOf\":{\"@id\":\"https:\/\/swissbaker.ch\/fr\/panissimo-news\/highlight-sentiments-et-objectifs\/\"},\"author\":{\"name\":\"Elina Laich\",\"@id\":\"https:\/\/swissbaker.ch\/fr\/#\/schema\/person\/0c7464407782a0917d6e91a74206a176\"},\"headline\":\"Highlight, sentiments et objectifs\",\"datePublished\":\"2022-09-28T12:14:46+00:00\",\"dateModified\":\"2022-09-29T14:11:57+00:00\",\"mainEntityOfPage\":{\"@id\":\"https:\/\/swissbaker.ch\/fr\/panissimo-news\/highlight-sentiments-et-objectifs\/\"},\"wordCount\":1536,\"publisher\":{\"@id\":\"https:\/\/swissbaker.ch\/fr\/#organization\"},\"image\":{\"@id\":\"https:\/\/swissbaker.ch\/fr\/panissimo-news\/highlight-sentiments-et-objectifs\/#primaryimage\"},\"thumbnailUrl\":\"https:\/\/swissbaker.ch\/wp-content\/uploads\/2022\/09\/swissskill_2022_donnerstag-98-scaled.jpeg\",\"articleSection\":[\"Concours\"],\"inLanguage\":\"fr-FR\"},{\"@type\":\"WebPage\",\"@id\":\"https:\/\/swissbaker.ch\/fr\/panissimo-news\/highlight-sentiments-et-objectifs\/\",\"url\":\"https:\/\/swissbaker.ch\/fr\/panissimo-news\/highlight-sentiments-et-objectifs\/\",\"name\":\"Highlight, sentiments et objectifs | SBC\",\"isPartOf\":{\"@id\":\"https:\/\/swissbaker.ch\/fr\/#website\"},\"primaryImageOfPage\":{\"@id\":\"https:\/\/swissbaker.ch\/fr\/panissimo-news\/highlight-sentiments-et-objectifs\/#primaryimage\"},\"image\":{\"@id\":\"https:\/\/swissbaker.ch\/fr\/panissimo-news\/highlight-sentiments-et-objectifs\/#primaryimage\"},\"thumbnailUrl\":\"https:\/\/swissbaker.ch\/wp-content\/uploads\/2022\/09\/swissskill_2022_donnerstag-98-scaled.jpeg\",\"datePublished\":\"2022-09-28T12:14:46+00:00\",\"dateModified\":\"2022-09-29T14:11:57+00:00\",\"description\":\"Comment les trois championnes suisses ont-elles v\u00e9cu les journ\u00e9es de comp\u00e9tition et la remise des prix ? C\u2019est ce que \u00ab Panissimo \u00bb a demand\u00e9 \u00e0 elles.\",\"breadcrumb\":{\"@id\":\"https:\/\/swissbaker.ch\/fr\/panissimo-news\/highlight-sentiments-et-objectifs\/#breadcrumb\"},\"inLanguage\":\"fr-FR\",\"potentialAction\":[{\"@type\":\"ReadAction\",\"target\":[\"https:\/\/swissbaker.ch\/fr\/panissimo-news\/highlight-sentiments-et-objectifs\/\"]}]},{\"@type\":\"ImageObject\",\"inLanguage\":\"fr-FR\",\"@id\":\"https:\/\/swissbaker.ch\/fr\/panissimo-news\/highlight-sentiments-et-objectifs\/#primaryimage\",\"url\":\"https:\/\/swissbaker.ch\/wp-content\/uploads\/2022\/09\/swissskill_2022_donnerstag-98-scaled.jpeg\",\"contentUrl\":\"https:\/\/swissbaker.ch\/wp-content\/uploads\/2022\/09\/swissskill_2022_donnerstag-98-scaled.jpeg\",\"width\":2048,\"height\":1536},{\"@type\":\"BreadcrumbList\",\"@id\":\"https:\/\/swissbaker.ch\/fr\/panissimo-news\/highlight-sentiments-et-objectifs\/#breadcrumb\",\"itemListElement\":[{\"@type\":\"ListItem\",\"position\":1,\"name\":\"\",\"item\":\"https:\/\/swissbaker.ch\/fr\/\"},{\"@type\":\"ListItem\",\"position\":2,\"name\":\"Concours\",\"item\":\"https:\/\/swissbaker.ch\/fr\/panissimo-news\/category\/concours\/\"},{\"@type\":\"ListItem\",\"position\":3,\"name\":\"Highlight, sentiments et objectifs\"}]},{\"@type\":\"WebSite\",\"@id\":\"https:\/\/swissbaker.ch\/fr\/#website\",\"url\":\"https:\/\/swissbaker.ch\/fr\/\",\"name\":\"SBC\",\"description\":\"\",\"publisher\":{\"@id\":\"https:\/\/swissbaker.ch\/fr\/#organization\"},\"potentialAction\":[{\"@type\":\"SearchAction\",\"target\":{\"@type\":\"EntryPoint\",\"urlTemplate\":\"https:\/\/swissbaker.ch\/fr\/?s={search_term_string}\"},\"query-input\":{\"@type\":\"PropertyValueSpecification\",\"valueRequired\":true,\"valueName\":\"search_term_string\"}}],\"inLanguage\":\"fr-FR\"},{\"@type\":\"Organization\",\"@id\":\"https:\/\/swissbaker.ch\/fr\/#organization\",\"name\":\"Schweizerischer B\u00e4cker-Confiseurmeister-Verband\",\"url\":\"https:\/\/swissbaker.ch\/fr\/\",\"logo\":{\"@type\":\"ImageObject\",\"inLanguage\":\"fr-FR\",\"@id\":\"https:\/\/swissbaker.ch\/fr\/#\/schema\/logo\/image\/\",\"url\":\"https:\/\/swissbaker.ch\/wp-content\/uploads\/2022\/04\/sbc-logo-yoast.jpg\",\"contentUrl\":\"https:\/\/swissbaker.ch\/wp-content\/uploads\/2022\/04\/sbc-logo-yoast.jpg\",\"width\":512,\"height\":512,\"caption\":\"Schweizerischer B\u00e4cker-Confiseurmeister-Verband\"},\"image\":{\"@id\":\"https:\/\/swissbaker.ch\/fr\/#\/schema\/logo\/image\/\"},\"sameAs\":[\"https:\/\/www.facebook.com\/swissbaker.ch\",\"https:\/\/x.com\/ch_swissbaker\"]},{\"@type\":\"Person\",\"@id\":\"https:\/\/swissbaker.ch\/fr\/#\/schema\/person\/0c7464407782a0917d6e91a74206a176\",\"name\":\"Elina Laich\",\"image\":{\"@type\":\"ImageObject\",\"inLanguage\":\"fr-FR\",\"@id\":\"https:\/\/swissbaker.ch\/fr\/#\/schema\/person\/image\/\",\"url\":\"https:\/\/secure.gravatar.com\/avatar\/f942ca5f8668781d3ded9592a21de46001e053aff264ff1c6deb97b59d3604b2?s=96&d=mm&r=g\",\"contentUrl\":\"https:\/\/secure.gravatar.com\/avatar\/f942ca5f8668781d3ded9592a21de46001e053aff264ff1c6deb97b59d3604b2?s=96&d=mm&r=g\",\"caption\":\"Elina Laich\"},\"url\":\"https:\/\/swissbaker.ch\/fr\/panissimo-news\/author\/elina-laich\/\"}]}<\/script>\n<!-- \/ Yoast SEO Premium plugin. -->","yoast_head_json":{"title":"Highlight, sentiments et objectifs | SBC","description":"Comment les trois championnes suisses ont-elles v\u00e9cu les journ\u00e9es de comp\u00e9tition et la remise des prix ? C\u2019est ce que \u00ab Panissimo \u00bb a demand\u00e9 \u00e0 elles.","robots":{"index":"index","follow":"follow","max-snippet":"max-snippet:-1","max-image-preview":"max-image-preview:large","max-video-preview":"max-video-preview:-1"},"canonical":"https:\/\/swissbaker.ch\/fr\/panissimo-news\/highlight-sentiments-et-objectifs\/","og_locale":"fr_FR","og_type":"article","og_title":"Highlight, sentiments et objectifs","og_description":"Comment les trois championnes suisses ont-elles v\u00e9cu les journ\u00e9es de comp\u00e9tition et la remise des prix ? C\u2019est ce que \u00ab Panissimo \u00bb a demand\u00e9 \u00e0 elles.","og_url":"https:\/\/swissbaker.ch\/fr\/panissimo-news\/highlight-sentiments-et-objectifs\/","og_site_name":"SBC","article_publisher":"https:\/\/www.facebook.com\/swissbaker.ch","article_published_time":"2022-09-28T12:14:46+00:00","article_modified_time":"2022-09-29T14:11:57+00:00","og_image":[{"width":2048,"height":1536,"url":"https:\/\/swissbaker.ch\/wp-content\/uploads\/2022\/09\/swissskill_2022_donnerstag-98-scaled.jpeg","type":"image\/jpeg"}],"author":"Elina Laich","twitter_card":"summary_large_image","twitter_creator":"@ch_swissbaker","twitter_site":"@ch_swissbaker","twitter_misc":{"Written by":"Elina Laich","Est. reading time":"8 minutes"},"schema":{"@context":"https:\/\/schema.org","@graph":[{"@type":"Article","@id":"https:\/\/swissbaker.ch\/fr\/panissimo-news\/highlight-sentiments-et-objectifs\/#article","isPartOf":{"@id":"https:\/\/swissbaker.ch\/fr\/panissimo-news\/highlight-sentiments-et-objectifs\/"},"author":{"name":"Elina Laich","@id":"https:\/\/swissbaker.ch\/fr\/#\/schema\/person\/0c7464407782a0917d6e91a74206a176"},"headline":"Highlight, sentiments et objectifs","datePublished":"2022-09-28T12:14:46+00:00","dateModified":"2022-09-29T14:11:57+00:00","mainEntityOfPage":{"@id":"https:\/\/swissbaker.ch\/fr\/panissimo-news\/highlight-sentiments-et-objectifs\/"},"wordCount":1536,"publisher":{"@id":"https:\/\/swissbaker.ch\/fr\/#organization"},"image":{"@id":"https:\/\/swissbaker.ch\/fr\/panissimo-news\/highlight-sentiments-et-objectifs\/#primaryimage"},"thumbnailUrl":"https:\/\/swissbaker.ch\/wp-content\/uploads\/2022\/09\/swissskill_2022_donnerstag-98-scaled.jpeg","articleSection":["Concours"],"inLanguage":"fr-FR"},{"@type":"WebPage","@id":"https:\/\/swissbaker.ch\/fr\/panissimo-news\/highlight-sentiments-et-objectifs\/","url":"https:\/\/swissbaker.ch\/fr\/panissimo-news\/highlight-sentiments-et-objectifs\/","name":"Highlight, sentiments et objectifs | SBC","isPartOf":{"@id":"https:\/\/swissbaker.ch\/fr\/#website"},"primaryImageOfPage":{"@id":"https:\/\/swissbaker.ch\/fr\/panissimo-news\/highlight-sentiments-et-objectifs\/#primaryimage"},"image":{"@id":"https:\/\/swissbaker.ch\/fr\/panissimo-news\/highlight-sentiments-et-objectifs\/#primaryimage"},"thumbnailUrl":"https:\/\/swissbaker.ch\/wp-content\/uploads\/2022\/09\/swissskill_2022_donnerstag-98-scaled.jpeg","datePublished":"2022-09-28T12:14:46+00:00","dateModified":"2022-09-29T14:11:57+00:00","description":"Comment les trois championnes suisses ont-elles v\u00e9cu les journ\u00e9es de comp\u00e9tition et la remise des prix ? C\u2019est ce que \u00ab Panissimo \u00bb a demand\u00e9 \u00e0 elles.","breadcrumb":{"@id":"https:\/\/swissbaker.ch\/fr\/panissimo-news\/highlight-sentiments-et-objectifs\/#breadcrumb"},"inLanguage":"fr-FR","potentialAction":[{"@type":"ReadAction","target":["https:\/\/swissbaker.ch\/fr\/panissimo-news\/highlight-sentiments-et-objectifs\/"]}]},{"@type":"ImageObject","inLanguage":"fr-FR","@id":"https:\/\/swissbaker.ch\/fr\/panissimo-news\/highlight-sentiments-et-objectifs\/#primaryimage","url":"https:\/\/swissbaker.ch\/wp-content\/uploads\/2022\/09\/swissskill_2022_donnerstag-98-scaled.jpeg","contentUrl":"https:\/\/swissbaker.ch\/wp-content\/uploads\/2022\/09\/swissskill_2022_donnerstag-98-scaled.jpeg","width":2048,"height":1536},{"@type":"BreadcrumbList","@id":"https:\/\/swissbaker.ch\/fr\/panissimo-news\/highlight-sentiments-et-objectifs\/#breadcrumb","itemListElement":[{"@type":"ListItem","position":1,"name":"","item":"https:\/\/swissbaker.ch\/fr\/"},{"@type":"ListItem","position":2,"name":"Concours","item":"https:\/\/swissbaker.ch\/fr\/panissimo-news\/category\/concours\/"},{"@type":"ListItem","position":3,"name":"Highlight, sentiments et objectifs"}]},{"@type":"WebSite","@id":"https:\/\/swissbaker.ch\/fr\/#website","url":"https:\/\/swissbaker.ch\/fr\/","name":"SBC","description":"","publisher":{"@id":"https:\/\/swissbaker.ch\/fr\/#organization"},"potentialAction":[{"@type":"SearchAction","target":{"@type":"EntryPoint","urlTemplate":"https:\/\/swissbaker.ch\/fr\/?s={search_term_string}"},"query-input":{"@type":"PropertyValueSpecification","valueRequired":true,"valueName":"search_term_string"}}],"inLanguage":"fr-FR"},{"@type":"Organization","@id":"https:\/\/swissbaker.ch\/fr\/#organization","name":"Schweizerischer B\u00e4cker-Confiseurmeister-Verband","url":"https:\/\/swissbaker.ch\/fr\/","logo":{"@type":"ImageObject","inLanguage":"fr-FR","@id":"https:\/\/swissbaker.ch\/fr\/#\/schema\/logo\/image\/","url":"https:\/\/swissbaker.ch\/wp-content\/uploads\/2022\/04\/sbc-logo-yoast.jpg","contentUrl":"https:\/\/swissbaker.ch\/wp-content\/uploads\/2022\/04\/sbc-logo-yoast.jpg","width":512,"height":512,"caption":"Schweizerischer B\u00e4cker-Confiseurmeister-Verband"},"image":{"@id":"https:\/\/swissbaker.ch\/fr\/#\/schema\/logo\/image\/"},"sameAs":["https:\/\/www.facebook.com\/swissbaker.ch","https:\/\/x.com\/ch_swissbaker"]},{"@type":"Person","@id":"https:\/\/swissbaker.ch\/fr\/#\/schema\/person\/0c7464407782a0917d6e91a74206a176","name":"Elina Laich","image":{"@type":"ImageObject","inLanguage":"fr-FR","@id":"https:\/\/swissbaker.ch\/fr\/#\/schema\/person\/image\/","url":"https:\/\/secure.gravatar.com\/avatar\/f942ca5f8668781d3ded9592a21de46001e053aff264ff1c6deb97b59d3604b2?s=96&d=mm&r=g","contentUrl":"https:\/\/secure.gravatar.com\/avatar\/f942ca5f8668781d3ded9592a21de46001e053aff264ff1c6deb97b59d3604b2?s=96&d=mm&r=g","caption":"Elina Laich"},"url":"https:\/\/swissbaker.ch\/fr\/panissimo-news\/author\/elina-laich\/"}]}},"_links":{"self":[{"href":"https:\/\/swissbaker.ch\/fr\/wp-json\/wp\/v2\/posts\/49634","targetHints":{"allow":["GET"]}}],"collection":[{"href":"https:\/\/swissbaker.ch\/fr\/wp-json\/wp\/v2\/posts"}],"about":[{"href":"https:\/\/swissbaker.ch\/fr\/wp-json\/wp\/v2\/types\/post"}],"author":[{"embeddable":true,"href":"https:\/\/swissbaker.ch\/fr\/wp-json\/wp\/v2\/users\/4"}],"replies":[{"embeddable":true,"href":"https:\/\/swissbaker.ch\/fr\/wp-json\/wp\/v2\/comments?post=49634"}],"version-history":[{"count":0,"href":"https:\/\/swissbaker.ch\/fr\/wp-json\/wp\/v2\/posts\/49634\/revisions"}],"wp:featuredmedia":[{"embeddable":true,"href":"https:\/\/swissbaker.ch\/fr\/wp-json\/wp\/v2\/media\/46755"}],"wp:attachment":[{"href":"https:\/\/swissbaker.ch\/fr\/wp-json\/wp\/v2\/media?parent=49634"}],"wp:term":[{"taxonomy":"category","embeddable":true,"href":"https:\/\/swissbaker.ch\/fr\/wp-json\/wp\/v2\/categories?post=49634"},{"taxonomy":"post_tag","embeddable":true,"href":"https:\/\/swissbaker.ch\/fr\/wp-json\/wp\/v2\/tags?post=49634"}],"curies":[{"name":"wp","href":"https:\/\/api.w.org\/{rel}","templated":true}]}}