{"id":49207,"date":"2022-09-22T10:50:53","date_gmt":"2022-09-22T08:50:53","guid":{"rendered":"https:\/\/swissbaker.ch\/?p=49207"},"modified":"2022-09-22T13:26:21","modified_gmt":"2022-09-22T11:26:21","slug":"debut-cours-interentreprises-vente-2022","status":"publish","type":"post","link":"https:\/\/swissbaker.ch\/fr\/panissimo-news\/debut-cours-interentreprises-vente-2022\/","title":{"rendered":"D\u00e9but des cours interentreprises vente 2022+"},"content":{"rendered":"\n<p><strong>Les nouveaux cours interentreprises (CI) de la formation initiale vente 2022+ d\u00e9buteront fin septembre<\/strong>.<\/p>\n\n\n\n<p>Les CI ont \u00e9galement \u00e9t\u00e9 remani\u00e9s dans le cadre de la nouvelle formation initiale Vente 2022+. Les objectifs \u00e9valuateurs des CI, les programmes journaliers des CI, les outils, le r\u00e8glement des CI et le mat\u00e9riel p\u00e9dagogique ont \u00e9t\u00e9 repens\u00e9s.<\/p>\n\n\n\n<figure class=\"wp-block-image size-large\"><img decoding=\"async\" width=\"1024\" height=\"848\" src=\"https:\/\/swissbaker.ch\/wp-content\/uploads\/2022\/09\/17_2_uek_detailhandel_schema_f-1024x848.jpg\" alt=\"\" class=\"wp-image-49217\" srcset=\"https:\/\/swissbaker.ch\/wp-content\/uploads\/2022\/09\/17_2_uek_detailhandel_schema_f-1024x848.jpg 1024w, https:\/\/swissbaker.ch\/wp-content\/uploads\/2022\/09\/17_2_uek_detailhandel_schema_f-768x636.jpg 768w, https:\/\/swissbaker.ch\/wp-content\/uploads\/2022\/09\/17_2_uek_detailhandel_schema_f.jpg 1027w\" sizes=\"(max-width: 1024px) 100vw, 1024px\" \/><figcaption>R\u00e9organisation des cours interentreprises (CI) de la branche de formation et d&#8217;examen (F&amp;E) boulangerie-confiserie.<\/figcaption><\/figure>\n\n\n\n<h3 class=\"wp-block-heading\" id=\"h-defis-dans-le-cadre-de-la-revision\"><a id=\"_msocom_1\"><\/a><br>D\u00e9fis dans le cadre de la r\u00e9vision<\/h3>\n\n\n\n<p>Lors de la r\u00e9vision, le grand d\u00e9fi a eu trait au fait que les th\u00e8mes importants des connaissances g\u00e9n\u00e9rales de la branche, qui \u00e9taient enseign\u00e9s \u00e0 l&#8217;\u00e9cole professionnelle dans l&#8217;ancienne formation, devaient d\u00e9sormais \u00eatre int\u00e9gr\u00e9s dans les CI. Cela nous donne la chance d&#8217;enseigner en tant que branche des sujets tels que la di\u00e9t\u00e9tique, l&#8217;hygi\u00e8ne, la s\u00e9curit\u00e9 au travail, les dispositions l\u00e9gales et la vue d&#8217;ensemble du secteur. L&#8217;\u00e9quipe d&#8217;\u00e9laboration a d\u00fb tenir compte du fait que les jours de CI prescrits, certes augment\u00e9s de deux jours pour les apprentis et apprenties AFP et de quatre jours pour les apprentis et apprenties&nbsp;CFC, ne compensent de loin pas totalement les 60 le\u00e7ons des CG. C&#8217;est pour cette raison qu\u2019une grande importance a \u00e9t\u00e9 accord\u00e9e \u00e0 une bonne pr\u00e9paration des apprentis et apprenties dans le concept m\u00e9thodologique et didactique. Des travaux pr\u00e9paratoires ont \u00e9t\u00e9 \u00e9tablis \u00e0 cet effet; ils doivent \u00eatre transmis aux apprentis et apprenties par les formateurs et formatrices (d\u00e8s leur notification par Richemont).<\/p>\n\n\n\n<h3 class=\"wp-block-heading\" id=\"h-convocation-et-preparation\"><strong>Convocation et pr\u00e9paration<\/strong><\/h3>\n\n\n\n<p>Outre les informations sur les CI, les formateurs et formatrices re\u00e7oivent \u00e9galement les travaux pr\u00e9paratoires pr\u00e9cit\u00e9s, les instructions pour l&#8217;installation du mat\u00e9riel p\u00e9dagogique et le r\u00e8glement des CI en m\u00eame temps que la convocation.<\/p>\n\n\n\n<p><strong>Important:<\/strong> la responsabilit\u00e9 d\u2019une formation correcte incombe aux apprentis et apprenties, ainsi qu\u2019aux formateurs et formatrices. La r\u00e8gle suivante s\u2019applique d\u00e8s maintenant pour que les apprentis et apprenties qui se sont pr\u00e9par\u00e9s consciencieusement ne soient pas d\u00e9rang\u00e9s et puissent profiter pleinement du temps \u00e0 disposition: ceux d\u2019entre eux qui n&#8217;ont pas effectu\u00e9 leurs travaux pr\u00e9paratoires et qui viennent aux CI sans \u00eatre pr\u00e9par\u00e9s sont renvoy\u00e9s dans l&#8217;entreprise formatrice.<\/p>\n\n\n\n<h3 class=\"wp-block-heading\" id=\"h-remerciements-de-l-equipe-de-responsables\"><strong>Remerciements de l\u2019\u00e9quipe de responsables<\/strong><\/h3>\n\n\n\n<p>L&#8217;\u00e9quipe des responsables des CI sait gr\u00e9 \u00e0 toutes les entreprises formatrices de transmettre les travaux pr\u00e9paratoires en temps utile et de les contr\u00f4ler, pour que tous les apprentis et apprenties puissent profiter pleinement du temps pass\u00e9 aux CI.<\/p>\n\n\n\n<p>Un grand merci \u00e0 toutes les personnes impliqu\u00e9es dans la r\u00e9vision, qui n&#8217;est pas encore tout \u00e0 fait termin\u00e9e et qui nous tiendra en haleine un certain temps encore.<\/p>\n\n\n\n<figure class=\"wp-block-image size-large\"><img decoding=\"async\" width=\"1024\" height=\"608\" src=\"https:\/\/swissbaker.ch\/wp-content\/uploads\/2022\/09\/17_2_uek_detailhandel_expertinnen-1024x608.jpg\" alt=\"\" class=\"wp-image-49186\" srcset=\"https:\/\/swissbaker.ch\/wp-content\/uploads\/2022\/09\/17_2_uek_detailhandel_expertinnen-1024x608.jpg 1024w, https:\/\/swissbaker.ch\/wp-content\/uploads\/2022\/09\/17_2_uek_detailhandel_expertinnen-768x456.jpg 768w, https:\/\/swissbaker.ch\/wp-content\/uploads\/2022\/09\/17_2_uek_detailhandel_expertinnen.jpg 1200w\" sizes=\"(max-width: 1024px) 100vw, 1024px\" \/><figcaption>D\u00e9claration des responsables des CI des jours 1&nbsp;\u00e0&nbsp;4: \u00ab Nous nous r\u00e9jouissons d&#8217;accueillir dans le commerce de d\u00e9tail de formidables apprentis et apprenties bien pr\u00e9par\u00e9s.\u00bb<\/figcaption><\/figure>\n\n\n\n<p><strong>Cloud Richemont \u00abVente+\u00bb pour les formateurs et formatrices <\/strong><\/p>\n\n\n\n<p><a href=\"https:\/\/e-study.ch\/cy\"><strong>https:\/\/e-study.ch\/cy<\/strong><\/a><\/p>\n\n\n\n<p>L\u2019Ecole professionnelle Richemont a cr\u00e9\u00e9 un cloud contenant tous les documents importants pour l\u2019ensemble de la formation. On y trouve \u00e9galement des informations sur les CI (03 T\u00e2ches des cours interentreprises CI). Nous vous souhaitons \u00e0 tous un bon d\u00e9part, et restons \u00e0 votre disposition pour toute question.<\/p>\n\n\n\n<p><em>Markus Zimmerli, vice-directeur et responsable de la formation, Ecole professionnelle Richemont<\/em><\/p>\n","protected":false},"excerpt":{"rendered":"<p>Les nouveaux cours interentreprises (CI) de la formation initiale vente 2022+ d\u00e9buteront fin septembre.<\/p>\n","protected":false},"author":5,"featured_media":49184,"comment_status":"closed","ping_status":"closed","sticky":false,"template":"","format":"standard","meta":{"_acf_changed":false,"footnotes":""},"categories":[47,50],"tags":[],"class_list":["post-49207","post","type-post","status-publish","format-standard","has-post-thumbnail","hentry","category-formation-releve","category-vente-marketing"],"acf":[],"yoast_head":"<!-- This site is optimized with the Yoast SEO Premium plugin v26.8 (Yoast SEO v26.8) - https:\/\/yoast.com\/product\/yoast-seo-premium-wordpress\/ -->\n<title>D\u00e9but des cours interentreprises vente 2022+ | SBC<\/title>\n<meta name=\"description\" content=\"Les nouveaux cours interentreprises (CI) de la formation initiale vente 2022+ d\u00e9buteront fin septembre.\" \/>\n<meta name=\"robots\" content=\"index, follow, max-snippet:-1, max-image-preview:large, max-video-preview:-1\" \/>\n<link rel=\"canonical\" href=\"https:\/\/swissbaker.ch\/fr\/panissimo-news\/debut-cours-interentreprises-vente-2022\/\" \/>\n<meta property=\"og:locale\" content=\"fr_FR\" \/>\n<meta property=\"og:type\" content=\"article\" \/>\n<meta property=\"og:title\" content=\"D\u00e9but des cours interentreprises vente 2022+\" \/>\n<meta property=\"og:description\" content=\"Les nouveaux cours interentreprises (CI) de la formation initiale vente 2022+ d\u00e9buteront fin septembre.\" \/>\n<meta property=\"og:url\" content=\"https:\/\/swissbaker.ch\/fr\/panissimo-news\/debut-cours-interentreprises-vente-2022\/\" \/>\n<meta property=\"og:site_name\" content=\"SBC\" \/>\n<meta property=\"article:publisher\" content=\"https:\/\/www.facebook.com\/swissbaker.ch\" \/>\n<meta property=\"article:published_time\" content=\"2022-09-22T08:50:53+00:00\" \/>\n<meta property=\"article:modified_time\" content=\"2022-09-22T11:26:21+00:00\" \/>\n<meta property=\"og:image\" content=\"https:\/\/swissbaker.ch\/wp-content\/uploads\/2022\/09\/17_2_uek_detailhandel.jpg\" \/>\n\t<meta property=\"og:image:width\" content=\"1200\" \/>\n\t<meta property=\"og:image:height\" content=\"712\" \/>\n\t<meta property=\"og:image:type\" content=\"image\/jpeg\" \/>\n<meta name=\"author\" content=\"Simon Nussbaum\" \/>\n<meta name=\"twitter:card\" content=\"summary_large_image\" \/>\n<meta name=\"twitter:creator\" content=\"@ch_swissbaker\" \/>\n<meta name=\"twitter:site\" content=\"@ch_swissbaker\" \/>\n<meta name=\"twitter:label1\" content=\"Written by\" \/>\n\t<meta name=\"twitter:data1\" content=\"Simon Nussbaum\" \/>\n\t<meta name=\"twitter:label2\" content=\"Est. reading time\" \/>\n\t<meta name=\"twitter:data2\" content=\"4 minutes\" \/>\n<script type=\"application\/ld+json\" class=\"yoast-schema-graph\">{\"@context\":\"https:\/\/schema.org\",\"@graph\":[{\"@type\":\"Article\",\"@id\":\"https:\/\/swissbaker.ch\/fr\/panissimo-news\/debut-cours-interentreprises-vente-2022\/#article\",\"isPartOf\":{\"@id\":\"https:\/\/swissbaker.ch\/fr\/panissimo-news\/debut-cours-interentreprises-vente-2022\/\"},\"author\":{\"name\":\"Simon Nussbaum\",\"@id\":\"https:\/\/swissbaker.ch\/fr\/#\/schema\/person\/74bd327b08c18ca6042c02ff6f0ed5e2\"},\"headline\":\"D\u00e9but des cours interentreprises vente 2022+\",\"datePublished\":\"2022-09-22T08:50:53+00:00\",\"dateModified\":\"2022-09-22T11:26:21+00:00\",\"mainEntityOfPage\":{\"@id\":\"https:\/\/swissbaker.ch\/fr\/panissimo-news\/debut-cours-interentreprises-vente-2022\/\"},\"wordCount\":593,\"publisher\":{\"@id\":\"https:\/\/swissbaker.ch\/fr\/#organization\"},\"image\":{\"@id\":\"https:\/\/swissbaker.ch\/fr\/panissimo-news\/debut-cours-interentreprises-vente-2022\/#primaryimage\"},\"thumbnailUrl\":\"https:\/\/swissbaker.ch\/wp-content\/uploads\/2022\/09\/17_2_uek_detailhandel.jpg\",\"articleSection\":[\"Formation\/Rel\u00e8ve\",\"Vente\/Marketing\"],\"inLanguage\":\"fr-FR\"},{\"@type\":\"WebPage\",\"@id\":\"https:\/\/swissbaker.ch\/fr\/panissimo-news\/debut-cours-interentreprises-vente-2022\/\",\"url\":\"https:\/\/swissbaker.ch\/fr\/panissimo-news\/debut-cours-interentreprises-vente-2022\/\",\"name\":\"D\u00e9but des cours interentreprises vente 2022+ | SBC\",\"isPartOf\":{\"@id\":\"https:\/\/swissbaker.ch\/fr\/#website\"},\"primaryImageOfPage\":{\"@id\":\"https:\/\/swissbaker.ch\/fr\/panissimo-news\/debut-cours-interentreprises-vente-2022\/#primaryimage\"},\"image\":{\"@id\":\"https:\/\/swissbaker.ch\/fr\/panissimo-news\/debut-cours-interentreprises-vente-2022\/#primaryimage\"},\"thumbnailUrl\":\"https:\/\/swissbaker.ch\/wp-content\/uploads\/2022\/09\/17_2_uek_detailhandel.jpg\",\"datePublished\":\"2022-09-22T08:50:53+00:00\",\"dateModified\":\"2022-09-22T11:26:21+00:00\",\"description\":\"Les nouveaux cours interentreprises (CI) de la formation initiale vente 2022+ d\u00e9buteront fin septembre.\",\"breadcrumb\":{\"@id\":\"https:\/\/swissbaker.ch\/fr\/panissimo-news\/debut-cours-interentreprises-vente-2022\/#breadcrumb\"},\"inLanguage\":\"fr-FR\",\"potentialAction\":[{\"@type\":\"ReadAction\",\"target\":[\"https:\/\/swissbaker.ch\/fr\/panissimo-news\/debut-cours-interentreprises-vente-2022\/\"]}]},{\"@type\":\"ImageObject\",\"inLanguage\":\"fr-FR\",\"@id\":\"https:\/\/swissbaker.ch\/fr\/panissimo-news\/debut-cours-interentreprises-vente-2022\/#primaryimage\",\"url\":\"https:\/\/swissbaker.ch\/wp-content\/uploads\/2022\/09\/17_2_uek_detailhandel.jpg\",\"contentUrl\":\"https:\/\/swissbaker.ch\/wp-content\/uploads\/2022\/09\/17_2_uek_detailhandel.jpg\",\"width\":1200,\"height\":712},{\"@type\":\"BreadcrumbList\",\"@id\":\"https:\/\/swissbaker.ch\/fr\/panissimo-news\/debut-cours-interentreprises-vente-2022\/#breadcrumb\",\"itemListElement\":[{\"@type\":\"ListItem\",\"position\":1,\"name\":\"\",\"item\":\"https:\/\/swissbaker.ch\/fr\/\"},{\"@type\":\"ListItem\",\"position\":2,\"name\":\"Formation\/Rel\u00e8ve\",\"item\":\"https:\/\/swissbaker.ch\/fr\/panissimo-news\/category\/formation-releve\/\"},{\"@type\":\"ListItem\",\"position\":3,\"name\":\"D\u00e9but des cours interentreprises vente 2022+\"}]},{\"@type\":\"WebSite\",\"@id\":\"https:\/\/swissbaker.ch\/fr\/#website\",\"url\":\"https:\/\/swissbaker.ch\/fr\/\",\"name\":\"SBC\",\"description\":\"\",\"publisher\":{\"@id\":\"https:\/\/swissbaker.ch\/fr\/#organization\"},\"potentialAction\":[{\"@type\":\"SearchAction\",\"target\":{\"@type\":\"EntryPoint\",\"urlTemplate\":\"https:\/\/swissbaker.ch\/fr\/?s={search_term_string}\"},\"query-input\":{\"@type\":\"PropertyValueSpecification\",\"valueRequired\":true,\"valueName\":\"search_term_string\"}}],\"inLanguage\":\"fr-FR\"},{\"@type\":\"Organization\",\"@id\":\"https:\/\/swissbaker.ch\/fr\/#organization\",\"name\":\"Schweizerischer B\u00e4cker-Confiseurmeister-Verband\",\"url\":\"https:\/\/swissbaker.ch\/fr\/\",\"logo\":{\"@type\":\"ImageObject\",\"inLanguage\":\"fr-FR\",\"@id\":\"https:\/\/swissbaker.ch\/fr\/#\/schema\/logo\/image\/\",\"url\":\"https:\/\/swissbaker.ch\/wp-content\/uploads\/2022\/04\/sbc-logo-yoast.jpg\",\"contentUrl\":\"https:\/\/swissbaker.ch\/wp-content\/uploads\/2022\/04\/sbc-logo-yoast.jpg\",\"width\":512,\"height\":512,\"caption\":\"Schweizerischer B\u00e4cker-Confiseurmeister-Verband\"},\"image\":{\"@id\":\"https:\/\/swissbaker.ch\/fr\/#\/schema\/logo\/image\/\"},\"sameAs\":[\"https:\/\/www.facebook.com\/swissbaker.ch\",\"https:\/\/x.com\/ch_swissbaker\"]},{\"@type\":\"Person\",\"@id\":\"https:\/\/swissbaker.ch\/fr\/#\/schema\/person\/74bd327b08c18ca6042c02ff6f0ed5e2\",\"name\":\"Simon Nussbaum\",\"image\":{\"@type\":\"ImageObject\",\"inLanguage\":\"fr-FR\",\"@id\":\"https:\/\/swissbaker.ch\/fr\/#\/schema\/person\/image\/\",\"url\":\"https:\/\/secure.gravatar.com\/avatar\/df0eced3bb556c806cb760cf503ade1ed1df25b4104d80d6fd28d93a9509aa12?s=96&d=mm&r=g\",\"contentUrl\":\"https:\/\/secure.gravatar.com\/avatar\/df0eced3bb556c806cb760cf503ade1ed1df25b4104d80d6fd28d93a9509aa12?s=96&d=mm&r=g\",\"caption\":\"Simon Nussbaum\"},\"url\":\"https:\/\/swissbaker.ch\/fr\/panissimo-news\/author\/simon-nussbaum\/\"}]}<\/script>\n<!-- \/ Yoast SEO Premium plugin. -->","yoast_head_json":{"title":"D\u00e9but des cours interentreprises vente 2022+ | SBC","description":"Les nouveaux cours interentreprises (CI) de la formation initiale vente 2022+ d\u00e9buteront fin septembre.","robots":{"index":"index","follow":"follow","max-snippet":"max-snippet:-1","max-image-preview":"max-image-preview:large","max-video-preview":"max-video-preview:-1"},"canonical":"https:\/\/swissbaker.ch\/fr\/panissimo-news\/debut-cours-interentreprises-vente-2022\/","og_locale":"fr_FR","og_type":"article","og_title":"D\u00e9but des cours interentreprises vente 2022+","og_description":"Les nouveaux cours interentreprises (CI) de la formation initiale vente 2022+ d\u00e9buteront fin septembre.","og_url":"https:\/\/swissbaker.ch\/fr\/panissimo-news\/debut-cours-interentreprises-vente-2022\/","og_site_name":"SBC","article_publisher":"https:\/\/www.facebook.com\/swissbaker.ch","article_published_time":"2022-09-22T08:50:53+00:00","article_modified_time":"2022-09-22T11:26:21+00:00","og_image":[{"width":1200,"height":712,"url":"https:\/\/swissbaker.ch\/wp-content\/uploads\/2022\/09\/17_2_uek_detailhandel.jpg","type":"image\/jpeg"}],"author":"Simon Nussbaum","twitter_card":"summary_large_image","twitter_creator":"@ch_swissbaker","twitter_site":"@ch_swissbaker","twitter_misc":{"Written by":"Simon Nussbaum","Est. reading time":"4 minutes"},"schema":{"@context":"https:\/\/schema.org","@graph":[{"@type":"Article","@id":"https:\/\/swissbaker.ch\/fr\/panissimo-news\/debut-cours-interentreprises-vente-2022\/#article","isPartOf":{"@id":"https:\/\/swissbaker.ch\/fr\/panissimo-news\/debut-cours-interentreprises-vente-2022\/"},"author":{"name":"Simon Nussbaum","@id":"https:\/\/swissbaker.ch\/fr\/#\/schema\/person\/74bd327b08c18ca6042c02ff6f0ed5e2"},"headline":"D\u00e9but des cours interentreprises vente 2022+","datePublished":"2022-09-22T08:50:53+00:00","dateModified":"2022-09-22T11:26:21+00:00","mainEntityOfPage":{"@id":"https:\/\/swissbaker.ch\/fr\/panissimo-news\/debut-cours-interentreprises-vente-2022\/"},"wordCount":593,"publisher":{"@id":"https:\/\/swissbaker.ch\/fr\/#organization"},"image":{"@id":"https:\/\/swissbaker.ch\/fr\/panissimo-news\/debut-cours-interentreprises-vente-2022\/#primaryimage"},"thumbnailUrl":"https:\/\/swissbaker.ch\/wp-content\/uploads\/2022\/09\/17_2_uek_detailhandel.jpg","articleSection":["Formation\/Rel\u00e8ve","Vente\/Marketing"],"inLanguage":"fr-FR"},{"@type":"WebPage","@id":"https:\/\/swissbaker.ch\/fr\/panissimo-news\/debut-cours-interentreprises-vente-2022\/","url":"https:\/\/swissbaker.ch\/fr\/panissimo-news\/debut-cours-interentreprises-vente-2022\/","name":"D\u00e9but des cours interentreprises vente 2022+ | SBC","isPartOf":{"@id":"https:\/\/swissbaker.ch\/fr\/#website"},"primaryImageOfPage":{"@id":"https:\/\/swissbaker.ch\/fr\/panissimo-news\/debut-cours-interentreprises-vente-2022\/#primaryimage"},"image":{"@id":"https:\/\/swissbaker.ch\/fr\/panissimo-news\/debut-cours-interentreprises-vente-2022\/#primaryimage"},"thumbnailUrl":"https:\/\/swissbaker.ch\/wp-content\/uploads\/2022\/09\/17_2_uek_detailhandel.jpg","datePublished":"2022-09-22T08:50:53+00:00","dateModified":"2022-09-22T11:26:21+00:00","description":"Les nouveaux cours interentreprises (CI) de la formation initiale vente 2022+ d\u00e9buteront fin septembre.","breadcrumb":{"@id":"https:\/\/swissbaker.ch\/fr\/panissimo-news\/debut-cours-interentreprises-vente-2022\/#breadcrumb"},"inLanguage":"fr-FR","potentialAction":[{"@type":"ReadAction","target":["https:\/\/swissbaker.ch\/fr\/panissimo-news\/debut-cours-interentreprises-vente-2022\/"]}]},{"@type":"ImageObject","inLanguage":"fr-FR","@id":"https:\/\/swissbaker.ch\/fr\/panissimo-news\/debut-cours-interentreprises-vente-2022\/#primaryimage","url":"https:\/\/swissbaker.ch\/wp-content\/uploads\/2022\/09\/17_2_uek_detailhandel.jpg","contentUrl":"https:\/\/swissbaker.ch\/wp-content\/uploads\/2022\/09\/17_2_uek_detailhandel.jpg","width":1200,"height":712},{"@type":"BreadcrumbList","@id":"https:\/\/swissbaker.ch\/fr\/panissimo-news\/debut-cours-interentreprises-vente-2022\/#breadcrumb","itemListElement":[{"@type":"ListItem","position":1,"name":"","item":"https:\/\/swissbaker.ch\/fr\/"},{"@type":"ListItem","position":2,"name":"Formation\/Rel\u00e8ve","item":"https:\/\/swissbaker.ch\/fr\/panissimo-news\/category\/formation-releve\/"},{"@type":"ListItem","position":3,"name":"D\u00e9but des cours interentreprises vente 2022+"}]},{"@type":"WebSite","@id":"https:\/\/swissbaker.ch\/fr\/#website","url":"https:\/\/swissbaker.ch\/fr\/","name":"SBC","description":"","publisher":{"@id":"https:\/\/swissbaker.ch\/fr\/#organization"},"potentialAction":[{"@type":"SearchAction","target":{"@type":"EntryPoint","urlTemplate":"https:\/\/swissbaker.ch\/fr\/?s={search_term_string}"},"query-input":{"@type":"PropertyValueSpecification","valueRequired":true,"valueName":"search_term_string"}}],"inLanguage":"fr-FR"},{"@type":"Organization","@id":"https:\/\/swissbaker.ch\/fr\/#organization","name":"Schweizerischer B\u00e4cker-Confiseurmeister-Verband","url":"https:\/\/swissbaker.ch\/fr\/","logo":{"@type":"ImageObject","inLanguage":"fr-FR","@id":"https:\/\/swissbaker.ch\/fr\/#\/schema\/logo\/image\/","url":"https:\/\/swissbaker.ch\/wp-content\/uploads\/2022\/04\/sbc-logo-yoast.jpg","contentUrl":"https:\/\/swissbaker.ch\/wp-content\/uploads\/2022\/04\/sbc-logo-yoast.jpg","width":512,"height":512,"caption":"Schweizerischer B\u00e4cker-Confiseurmeister-Verband"},"image":{"@id":"https:\/\/swissbaker.ch\/fr\/#\/schema\/logo\/image\/"},"sameAs":["https:\/\/www.facebook.com\/swissbaker.ch","https:\/\/x.com\/ch_swissbaker"]},{"@type":"Person","@id":"https:\/\/swissbaker.ch\/fr\/#\/schema\/person\/74bd327b08c18ca6042c02ff6f0ed5e2","name":"Simon Nussbaum","image":{"@type":"ImageObject","inLanguage":"fr-FR","@id":"https:\/\/swissbaker.ch\/fr\/#\/schema\/person\/image\/","url":"https:\/\/secure.gravatar.com\/avatar\/df0eced3bb556c806cb760cf503ade1ed1df25b4104d80d6fd28d93a9509aa12?s=96&d=mm&r=g","contentUrl":"https:\/\/secure.gravatar.com\/avatar\/df0eced3bb556c806cb760cf503ade1ed1df25b4104d80d6fd28d93a9509aa12?s=96&d=mm&r=g","caption":"Simon Nussbaum"},"url":"https:\/\/swissbaker.ch\/fr\/panissimo-news\/author\/simon-nussbaum\/"}]}},"_links":{"self":[{"href":"https:\/\/swissbaker.ch\/fr\/wp-json\/wp\/v2\/posts\/49207","targetHints":{"allow":["GET"]}}],"collection":[{"href":"https:\/\/swissbaker.ch\/fr\/wp-json\/wp\/v2\/posts"}],"about":[{"href":"https:\/\/swissbaker.ch\/fr\/wp-json\/wp\/v2\/types\/post"}],"author":[{"embeddable":true,"href":"https:\/\/swissbaker.ch\/fr\/wp-json\/wp\/v2\/users\/5"}],"replies":[{"embeddable":true,"href":"https:\/\/swissbaker.ch\/fr\/wp-json\/wp\/v2\/comments?post=49207"}],"version-history":[{"count":0,"href":"https:\/\/swissbaker.ch\/fr\/wp-json\/wp\/v2\/posts\/49207\/revisions"}],"wp:featuredmedia":[{"embeddable":true,"href":"https:\/\/swissbaker.ch\/fr\/wp-json\/wp\/v2\/media\/49184"}],"wp:attachment":[{"href":"https:\/\/swissbaker.ch\/fr\/wp-json\/wp\/v2\/media?parent=49207"}],"wp:term":[{"taxonomy":"category","embeddable":true,"href":"https:\/\/swissbaker.ch\/fr\/wp-json\/wp\/v2\/categories?post=49207"},{"taxonomy":"post_tag","embeddable":true,"href":"https:\/\/swissbaker.ch\/fr\/wp-json\/wp\/v2\/tags?post=49207"}],"curies":[{"name":"wp","href":"https:\/\/api.w.org\/{rel}","templated":true}]}}