{"id":49173,"date":"2022-09-22T08:49:34","date_gmt":"2022-09-22T06:49:34","guid":{"rendered":"https:\/\/swissbaker.ch\/?p=49173"},"modified":"2022-09-23T08:14:31","modified_gmt":"2022-09-23T06:14:31","slug":"analyser-adapter-communiquer","status":"publish","type":"post","link":"https:\/\/swissbaker.ch\/fr\/panissimo-news\/analyser-adapter-communiquer\/","title":{"rendered":"Analyser, adapter, communiquer"},"content":{"rendered":"\n<p>La semaine derni\u00e8re, swiss granum et la F\u00e9d\u00e9ration des meuniers suisses (FMS) ont annonc\u00e9 des augmentations de prix. De m\u00eame, la BCS a communiqu\u00e9 <a href=\"https:\/\/swissbaker.ch\/fr\/panissimo-news\/augmentation-des-salaires-minimaux-dans-la-cct-de-la-branche\/\" target=\"_blank\" rel=\"noreferrer noopener\">l&#8217;augmentation du salaire minimum<\/a> pour 2023<em>.<\/em> Les prix de l&#8217;\u00e9nergie ont subi une hausse exorbitante au cours des derniers mois et les co\u00fbts des mati\u00e8res premi\u00e8res, des emballages et de bien d&#8217;autres choses encore continuent d&#8217;augmenter.<\/p>\n\n\n\n<p><strong>Un engagement pour la meilleure solution possible<br><\/strong>La direction de l&#8217;Association suisse des patrons boulangers-confiseurs BCS est depuis des mois en contact \u00e9troit avec l&#8217;Union suisse des arts et m\u00e9tiers (usam), les associations partenaires, les organisations et commissions importantes ainsi qu&#8217;avec les autorit\u00e9s comp\u00e9tentes dans le but d\u2019unir ses forces pour trouver les meilleures conditions-cadres possibles pour ses membres face \u00e0 cette situation exigeante et difficilement pr\u00e9visible.<\/p>\n\n\n\n<p><strong>Analyser et adapter les prix<br><\/strong>Il est toutefois indispensable &#8211; et nous nous r\u00e9p\u00e9tons volontiers &#8211; que les propri\u00e9taires de boulangeries-confiseries analysent r\u00e9guli\u00e8rement leurs prix et r\u00e9percutent les prix d&#8217;achat plus \u00e9lev\u00e9s sur leurs clients. S&#8217;ils ne le font pas, ils devront supporter eux-m\u00eames les co\u00fbts suppl\u00e9mentaires et, au final, il restera moins d&#8217;argent dans la caisse de l&#8217;exploitation. L&#8217;ampleur de l&#8217;adaptation est laiss\u00e9e \u00e0 l&#8217;appr\u00e9ciation de chaque entrepreneur. Pour des raisons l\u00e9gales, la BCS ne peut et ne doit pas donner de recommandation contraignante.<\/p>\n\n\n\n<p><strong>Une communication importante<br><\/strong>C&#8217;est justement en ces temps difficiles qu&#8217;une communication claire et compr\u00e9hensible est indispensable vis-\u00e0-vis des clientes et des clients. L&#8217;inflation galopante est omnipr\u00e9sente &#8211; la client\u00e8le est sensibilis\u00e9e. La plupart d&#8217;entre eux comprennent les hausses de prix. Souvent, une discussion constructive s&#8217;engage m\u00eame. <\/p>\n\n\n\n<p>Sur l&#8217;Intranet, les membres de la BCS trouvent des mod\u00e8les de textes pour communiquer de mani\u00e8re sens\u00e9e les augmentations de prix. <a href=\"https:\/\/swissbaker.ch\/fr\/intranet\/\" target=\"_blank\" rel=\"noreferrer noopener\">Intranet&#8230;\u00bb<\/a><\/p>\n\n\n\n<p><em>BCS<\/em><\/p>\n","protected":false},"excerpt":{"rendered":"<p>La semaine derni\u00e8re, swiss granum et la F\u00e9d\u00e9ration des meuniers suisses (FMS) ont annonc\u00e9 des augmentations de prix. De m\u00eame, la BCS a communiqu\u00e9 l&#8217;augmentation du salaire minimum pour 2023. Les prix de l&#8217;\u00e9nergie ont subi une hausse exorbitante au cours des derniers mois et les co\u00fbts des mati\u00e8res premi\u00e8res, des emballages et de bien d&#8217;autres choses encore continuent d&#8217;augmenter.<\/p>\n","protected":false},"author":5,"featured_media":49090,"comment_status":"closed","ping_status":"closed","sticky":true,"template":"","format":"standard","meta":{"_acf_changed":false,"footnotes":""},"categories":[41,44],"tags":[],"class_list":["post-49173","post","type-post","status-publish","format-standard","has-post-thumbnail","hentry","category-association","category-droit-politique"],"acf":[],"yoast_head":"<!-- This site is optimized with the Yoast SEO Premium plugin v26.8 (Yoast SEO v26.8) - https:\/\/yoast.com\/product\/yoast-seo-premium-wordpress\/ -->\n<title>Analyser, adapter, communiquer | SBC<\/title>\n<meta name=\"description\" content=\"Les prix de l&#039;\u00e9nergie ont subi une hausse exorbitante et les co\u00fbts des mati\u00e8res premi\u00e8res, des emballages et de bien d&#039;autres choses encore continuent d&#039;augmenter.\" \/>\n<meta name=\"robots\" content=\"index, follow, max-snippet:-1, max-image-preview:large, max-video-preview:-1\" \/>\n<link rel=\"canonical\" href=\"https:\/\/swissbaker.ch\/fr\/panissimo-news\/analyser-adapter-communiquer\/\" \/>\n<meta property=\"og:locale\" content=\"fr_FR\" \/>\n<meta property=\"og:type\" content=\"article\" \/>\n<meta property=\"og:title\" content=\"Analyser, adapter, communiquer\" \/>\n<meta property=\"og:description\" content=\"Les prix de l&#039;\u00e9nergie ont subi une hausse exorbitante et les co\u00fbts des mati\u00e8res premi\u00e8res, des emballages et de bien d&#039;autres choses encore continuent d&#039;augmenter.\" \/>\n<meta property=\"og:url\" content=\"https:\/\/swissbaker.ch\/fr\/panissimo-news\/analyser-adapter-communiquer\/\" \/>\n<meta property=\"og:site_name\" content=\"SBC\" \/>\n<meta property=\"article:publisher\" content=\"https:\/\/www.facebook.com\/swissbaker.ch\" \/>\n<meta property=\"article:published_time\" content=\"2022-09-22T06:49:34+00:00\" \/>\n<meta property=\"article:modified_time\" content=\"2022-09-23T06:14:31+00:00\" \/>\n<meta property=\"og:image\" content=\"https:\/\/swissbaker.ch\/wp-content\/uploads\/2022\/09\/17_2_preise_berechnen.jpg\" \/>\n\t<meta property=\"og:image:width\" content=\"1200\" \/>\n\t<meta property=\"og:image:height\" content=\"712\" \/>\n\t<meta property=\"og:image:type\" content=\"image\/jpeg\" \/>\n<meta name=\"author\" content=\"Simon Nussbaum\" \/>\n<meta name=\"twitter:card\" content=\"summary_large_image\" \/>\n<meta name=\"twitter:creator\" content=\"@ch_swissbaker\" \/>\n<meta name=\"twitter:site\" content=\"@ch_swissbaker\" \/>\n<meta name=\"twitter:label1\" content=\"Written by\" \/>\n\t<meta name=\"twitter:data1\" content=\"Simon Nussbaum\" \/>\n\t<meta name=\"twitter:label2\" content=\"Est. reading time\" \/>\n\t<meta name=\"twitter:data2\" content=\"2 minutes\" \/>\n<script type=\"application\/ld+json\" class=\"yoast-schema-graph\">{\"@context\":\"https:\/\/schema.org\",\"@graph\":[{\"@type\":\"Article\",\"@id\":\"https:\/\/swissbaker.ch\/fr\/panissimo-news\/analyser-adapter-communiquer\/#article\",\"isPartOf\":{\"@id\":\"https:\/\/swissbaker.ch\/fr\/panissimo-news\/analyser-adapter-communiquer\/\"},\"author\":{\"name\":\"Simon Nussbaum\",\"@id\":\"https:\/\/swissbaker.ch\/fr\/#\/schema\/person\/74bd327b08c18ca6042c02ff6f0ed5e2\"},\"headline\":\"Analyser, adapter, communiquer\",\"datePublished\":\"2022-09-22T06:49:34+00:00\",\"dateModified\":\"2022-09-23T06:14:31+00:00\",\"mainEntityOfPage\":{\"@id\":\"https:\/\/swissbaker.ch\/fr\/panissimo-news\/analyser-adapter-communiquer\/\"},\"wordCount\":335,\"publisher\":{\"@id\":\"https:\/\/swissbaker.ch\/fr\/#organization\"},\"image\":{\"@id\":\"https:\/\/swissbaker.ch\/fr\/panissimo-news\/analyser-adapter-communiquer\/#primaryimage\"},\"thumbnailUrl\":\"https:\/\/swissbaker.ch\/wp-content\/uploads\/2022\/09\/17_2_preise_berechnen.jpg\",\"articleSection\":[\"Association\",\"Droit &amp; politique\"],\"inLanguage\":\"fr-FR\"},{\"@type\":\"WebPage\",\"@id\":\"https:\/\/swissbaker.ch\/fr\/panissimo-news\/analyser-adapter-communiquer\/\",\"url\":\"https:\/\/swissbaker.ch\/fr\/panissimo-news\/analyser-adapter-communiquer\/\",\"name\":\"Analyser, adapter, communiquer | SBC\",\"isPartOf\":{\"@id\":\"https:\/\/swissbaker.ch\/fr\/#website\"},\"primaryImageOfPage\":{\"@id\":\"https:\/\/swissbaker.ch\/fr\/panissimo-news\/analyser-adapter-communiquer\/#primaryimage\"},\"image\":{\"@id\":\"https:\/\/swissbaker.ch\/fr\/panissimo-news\/analyser-adapter-communiquer\/#primaryimage\"},\"thumbnailUrl\":\"https:\/\/swissbaker.ch\/wp-content\/uploads\/2022\/09\/17_2_preise_berechnen.jpg\",\"datePublished\":\"2022-09-22T06:49:34+00:00\",\"dateModified\":\"2022-09-23T06:14:31+00:00\",\"description\":\"Les prix de l'\u00e9nergie ont subi une hausse exorbitante et les co\u00fbts des mati\u00e8res premi\u00e8res, des emballages et de bien d'autres choses encore continuent d'augmenter.\",\"breadcrumb\":{\"@id\":\"https:\/\/swissbaker.ch\/fr\/panissimo-news\/analyser-adapter-communiquer\/#breadcrumb\"},\"inLanguage\":\"fr-FR\",\"potentialAction\":[{\"@type\":\"ReadAction\",\"target\":[\"https:\/\/swissbaker.ch\/fr\/panissimo-news\/analyser-adapter-communiquer\/\"]}]},{\"@type\":\"ImageObject\",\"inLanguage\":\"fr-FR\",\"@id\":\"https:\/\/swissbaker.ch\/fr\/panissimo-news\/analyser-adapter-communiquer\/#primaryimage\",\"url\":\"https:\/\/swissbaker.ch\/wp-content\/uploads\/2022\/09\/17_2_preise_berechnen.jpg\",\"contentUrl\":\"https:\/\/swissbaker.ch\/wp-content\/uploads\/2022\/09\/17_2_preise_berechnen.jpg\",\"width\":1200,\"height\":712},{\"@type\":\"BreadcrumbList\",\"@id\":\"https:\/\/swissbaker.ch\/fr\/panissimo-news\/analyser-adapter-communiquer\/#breadcrumb\",\"itemListElement\":[{\"@type\":\"ListItem\",\"position\":1,\"name\":\"\",\"item\":\"https:\/\/swissbaker.ch\/fr\/\"},{\"@type\":\"ListItem\",\"position\":2,\"name\":\"Association\",\"item\":\"https:\/\/swissbaker.ch\/fr\/panissimo-news\/category\/association\/\"},{\"@type\":\"ListItem\",\"position\":3,\"name\":\"Analyser, adapter, communiquer\"}]},{\"@type\":\"WebSite\",\"@id\":\"https:\/\/swissbaker.ch\/fr\/#website\",\"url\":\"https:\/\/swissbaker.ch\/fr\/\",\"name\":\"SBC\",\"description\":\"\",\"publisher\":{\"@id\":\"https:\/\/swissbaker.ch\/fr\/#organization\"},\"potentialAction\":[{\"@type\":\"SearchAction\",\"target\":{\"@type\":\"EntryPoint\",\"urlTemplate\":\"https:\/\/swissbaker.ch\/fr\/?s={search_term_string}\"},\"query-input\":{\"@type\":\"PropertyValueSpecification\",\"valueRequired\":true,\"valueName\":\"search_term_string\"}}],\"inLanguage\":\"fr-FR\"},{\"@type\":\"Organization\",\"@id\":\"https:\/\/swissbaker.ch\/fr\/#organization\",\"name\":\"Schweizerischer B\u00e4cker-Confiseurmeister-Verband\",\"url\":\"https:\/\/swissbaker.ch\/fr\/\",\"logo\":{\"@type\":\"ImageObject\",\"inLanguage\":\"fr-FR\",\"@id\":\"https:\/\/swissbaker.ch\/fr\/#\/schema\/logo\/image\/\",\"url\":\"https:\/\/swissbaker.ch\/wp-content\/uploads\/2022\/04\/sbc-logo-yoast.jpg\",\"contentUrl\":\"https:\/\/swissbaker.ch\/wp-content\/uploads\/2022\/04\/sbc-logo-yoast.jpg\",\"width\":512,\"height\":512,\"caption\":\"Schweizerischer B\u00e4cker-Confiseurmeister-Verband\"},\"image\":{\"@id\":\"https:\/\/swissbaker.ch\/fr\/#\/schema\/logo\/image\/\"},\"sameAs\":[\"https:\/\/www.facebook.com\/swissbaker.ch\",\"https:\/\/x.com\/ch_swissbaker\"]},{\"@type\":\"Person\",\"@id\":\"https:\/\/swissbaker.ch\/fr\/#\/schema\/person\/74bd327b08c18ca6042c02ff6f0ed5e2\",\"name\":\"Simon Nussbaum\",\"image\":{\"@type\":\"ImageObject\",\"inLanguage\":\"fr-FR\",\"@id\":\"https:\/\/swissbaker.ch\/fr\/#\/schema\/person\/image\/\",\"url\":\"https:\/\/secure.gravatar.com\/avatar\/df0eced3bb556c806cb760cf503ade1ed1df25b4104d80d6fd28d93a9509aa12?s=96&d=mm&r=g\",\"contentUrl\":\"https:\/\/secure.gravatar.com\/avatar\/df0eced3bb556c806cb760cf503ade1ed1df25b4104d80d6fd28d93a9509aa12?s=96&d=mm&r=g\",\"caption\":\"Simon Nussbaum\"},\"url\":\"https:\/\/swissbaker.ch\/fr\/panissimo-news\/author\/simon-nussbaum\/\"}]}<\/script>\n<!-- \/ Yoast SEO Premium plugin. -->","yoast_head_json":{"title":"Analyser, adapter, communiquer | SBC","description":"Les prix de l'\u00e9nergie ont subi une hausse exorbitante et les co\u00fbts des mati\u00e8res premi\u00e8res, des emballages et de bien d'autres choses encore continuent d'augmenter.","robots":{"index":"index","follow":"follow","max-snippet":"max-snippet:-1","max-image-preview":"max-image-preview:large","max-video-preview":"max-video-preview:-1"},"canonical":"https:\/\/swissbaker.ch\/fr\/panissimo-news\/analyser-adapter-communiquer\/","og_locale":"fr_FR","og_type":"article","og_title":"Analyser, adapter, communiquer","og_description":"Les prix de l'\u00e9nergie ont subi une hausse exorbitante et les co\u00fbts des mati\u00e8res premi\u00e8res, des emballages et de bien d'autres choses encore continuent d'augmenter.","og_url":"https:\/\/swissbaker.ch\/fr\/panissimo-news\/analyser-adapter-communiquer\/","og_site_name":"SBC","article_publisher":"https:\/\/www.facebook.com\/swissbaker.ch","article_published_time":"2022-09-22T06:49:34+00:00","article_modified_time":"2022-09-23T06:14:31+00:00","og_image":[{"width":1200,"height":712,"url":"https:\/\/swissbaker.ch\/wp-content\/uploads\/2022\/09\/17_2_preise_berechnen.jpg","type":"image\/jpeg"}],"author":"Simon Nussbaum","twitter_card":"summary_large_image","twitter_creator":"@ch_swissbaker","twitter_site":"@ch_swissbaker","twitter_misc":{"Written by":"Simon Nussbaum","Est. reading time":"2 minutes"},"schema":{"@context":"https:\/\/schema.org","@graph":[{"@type":"Article","@id":"https:\/\/swissbaker.ch\/fr\/panissimo-news\/analyser-adapter-communiquer\/#article","isPartOf":{"@id":"https:\/\/swissbaker.ch\/fr\/panissimo-news\/analyser-adapter-communiquer\/"},"author":{"name":"Simon Nussbaum","@id":"https:\/\/swissbaker.ch\/fr\/#\/schema\/person\/74bd327b08c18ca6042c02ff6f0ed5e2"},"headline":"Analyser, adapter, communiquer","datePublished":"2022-09-22T06:49:34+00:00","dateModified":"2022-09-23T06:14:31+00:00","mainEntityOfPage":{"@id":"https:\/\/swissbaker.ch\/fr\/panissimo-news\/analyser-adapter-communiquer\/"},"wordCount":335,"publisher":{"@id":"https:\/\/swissbaker.ch\/fr\/#organization"},"image":{"@id":"https:\/\/swissbaker.ch\/fr\/panissimo-news\/analyser-adapter-communiquer\/#primaryimage"},"thumbnailUrl":"https:\/\/swissbaker.ch\/wp-content\/uploads\/2022\/09\/17_2_preise_berechnen.jpg","articleSection":["Association","Droit &amp; politique"],"inLanguage":"fr-FR"},{"@type":"WebPage","@id":"https:\/\/swissbaker.ch\/fr\/panissimo-news\/analyser-adapter-communiquer\/","url":"https:\/\/swissbaker.ch\/fr\/panissimo-news\/analyser-adapter-communiquer\/","name":"Analyser, adapter, communiquer | SBC","isPartOf":{"@id":"https:\/\/swissbaker.ch\/fr\/#website"},"primaryImageOfPage":{"@id":"https:\/\/swissbaker.ch\/fr\/panissimo-news\/analyser-adapter-communiquer\/#primaryimage"},"image":{"@id":"https:\/\/swissbaker.ch\/fr\/panissimo-news\/analyser-adapter-communiquer\/#primaryimage"},"thumbnailUrl":"https:\/\/swissbaker.ch\/wp-content\/uploads\/2022\/09\/17_2_preise_berechnen.jpg","datePublished":"2022-09-22T06:49:34+00:00","dateModified":"2022-09-23T06:14:31+00:00","description":"Les prix de l'\u00e9nergie ont subi une hausse exorbitante et les co\u00fbts des mati\u00e8res premi\u00e8res, des emballages et de bien d'autres choses encore continuent d'augmenter.","breadcrumb":{"@id":"https:\/\/swissbaker.ch\/fr\/panissimo-news\/analyser-adapter-communiquer\/#breadcrumb"},"inLanguage":"fr-FR","potentialAction":[{"@type":"ReadAction","target":["https:\/\/swissbaker.ch\/fr\/panissimo-news\/analyser-adapter-communiquer\/"]}]},{"@type":"ImageObject","inLanguage":"fr-FR","@id":"https:\/\/swissbaker.ch\/fr\/panissimo-news\/analyser-adapter-communiquer\/#primaryimage","url":"https:\/\/swissbaker.ch\/wp-content\/uploads\/2022\/09\/17_2_preise_berechnen.jpg","contentUrl":"https:\/\/swissbaker.ch\/wp-content\/uploads\/2022\/09\/17_2_preise_berechnen.jpg","width":1200,"height":712},{"@type":"BreadcrumbList","@id":"https:\/\/swissbaker.ch\/fr\/panissimo-news\/analyser-adapter-communiquer\/#breadcrumb","itemListElement":[{"@type":"ListItem","position":1,"name":"","item":"https:\/\/swissbaker.ch\/fr\/"},{"@type":"ListItem","position":2,"name":"Association","item":"https:\/\/swissbaker.ch\/fr\/panissimo-news\/category\/association\/"},{"@type":"ListItem","position":3,"name":"Analyser, adapter, communiquer"}]},{"@type":"WebSite","@id":"https:\/\/swissbaker.ch\/fr\/#website","url":"https:\/\/swissbaker.ch\/fr\/","name":"SBC","description":"","publisher":{"@id":"https:\/\/swissbaker.ch\/fr\/#organization"},"potentialAction":[{"@type":"SearchAction","target":{"@type":"EntryPoint","urlTemplate":"https:\/\/swissbaker.ch\/fr\/?s={search_term_string}"},"query-input":{"@type":"PropertyValueSpecification","valueRequired":true,"valueName":"search_term_string"}}],"inLanguage":"fr-FR"},{"@type":"Organization","@id":"https:\/\/swissbaker.ch\/fr\/#organization","name":"Schweizerischer B\u00e4cker-Confiseurmeister-Verband","url":"https:\/\/swissbaker.ch\/fr\/","logo":{"@type":"ImageObject","inLanguage":"fr-FR","@id":"https:\/\/swissbaker.ch\/fr\/#\/schema\/logo\/image\/","url":"https:\/\/swissbaker.ch\/wp-content\/uploads\/2022\/04\/sbc-logo-yoast.jpg","contentUrl":"https:\/\/swissbaker.ch\/wp-content\/uploads\/2022\/04\/sbc-logo-yoast.jpg","width":512,"height":512,"caption":"Schweizerischer B\u00e4cker-Confiseurmeister-Verband"},"image":{"@id":"https:\/\/swissbaker.ch\/fr\/#\/schema\/logo\/image\/"},"sameAs":["https:\/\/www.facebook.com\/swissbaker.ch","https:\/\/x.com\/ch_swissbaker"]},{"@type":"Person","@id":"https:\/\/swissbaker.ch\/fr\/#\/schema\/person\/74bd327b08c18ca6042c02ff6f0ed5e2","name":"Simon Nussbaum","image":{"@type":"ImageObject","inLanguage":"fr-FR","@id":"https:\/\/swissbaker.ch\/fr\/#\/schema\/person\/image\/","url":"https:\/\/secure.gravatar.com\/avatar\/df0eced3bb556c806cb760cf503ade1ed1df25b4104d80d6fd28d93a9509aa12?s=96&d=mm&r=g","contentUrl":"https:\/\/secure.gravatar.com\/avatar\/df0eced3bb556c806cb760cf503ade1ed1df25b4104d80d6fd28d93a9509aa12?s=96&d=mm&r=g","caption":"Simon Nussbaum"},"url":"https:\/\/swissbaker.ch\/fr\/panissimo-news\/author\/simon-nussbaum\/"}]}},"_links":{"self":[{"href":"https:\/\/swissbaker.ch\/fr\/wp-json\/wp\/v2\/posts\/49173","targetHints":{"allow":["GET"]}}],"collection":[{"href":"https:\/\/swissbaker.ch\/fr\/wp-json\/wp\/v2\/posts"}],"about":[{"href":"https:\/\/swissbaker.ch\/fr\/wp-json\/wp\/v2\/types\/post"}],"author":[{"embeddable":true,"href":"https:\/\/swissbaker.ch\/fr\/wp-json\/wp\/v2\/users\/5"}],"replies":[{"embeddable":true,"href":"https:\/\/swissbaker.ch\/fr\/wp-json\/wp\/v2\/comments?post=49173"}],"version-history":[{"count":0,"href":"https:\/\/swissbaker.ch\/fr\/wp-json\/wp\/v2\/posts\/49173\/revisions"}],"wp:featuredmedia":[{"embeddable":true,"href":"https:\/\/swissbaker.ch\/fr\/wp-json\/wp\/v2\/media\/49090"}],"wp:attachment":[{"href":"https:\/\/swissbaker.ch\/fr\/wp-json\/wp\/v2\/media?parent=49173"}],"wp:term":[{"taxonomy":"category","embeddable":true,"href":"https:\/\/swissbaker.ch\/fr\/wp-json\/wp\/v2\/categories?post=49173"},{"taxonomy":"post_tag","embeddable":true,"href":"https:\/\/swissbaker.ch\/fr\/wp-json\/wp\/v2\/tags?post=49173"}],"curies":[{"name":"wp","href":"https:\/\/api.w.org\/{rel}","templated":true}]}}