{"id":48580,"date":"2022-09-15T13:14:03","date_gmt":"2022-09-15T11:14:03","guid":{"rendered":"https:\/\/swissbaker.ch\/?p=48580"},"modified":"2022-09-15T13:14:04","modified_gmt":"2022-09-15T11:14:04","slug":"ca-de-levure-suisse-sa","status":"publish","type":"post","link":"https:\/\/swissbaker.ch\/fr\/panissimo-news\/ca-de-levure-suisse-sa\/","title":{"rendered":"<strong>Changement au CA de Levure Suisse SA<\/strong>"},"content":{"rendered":"\n<p>Lors de l&#8217;assembl\u00e9e g\u00e9n\u00e9rale d&#8217;Indawisa Holding AG et de Levure Suisse SA, Severin Gutjahr-Preisig a \u00e9t\u00e9 \u00e9lu au conseil d&#8217;administration (CA). Il reprend la pr\u00e9sidence de la soci\u00e9t\u00e9 Levure Suisse SA au sein de cet organe compos\u00e9 de trois membres. Les autres membres sont le Dr Markus Letsch et Walter Ingold. M. Gutjahr-Preisig est \u00e9conomiste d&#8217;entreprise HES. Depuis 2010, il est aussi directeur op\u00e9rationnel et membre du CA de l&#8217;entreprise familiale Ernst Fischer AG Stahl- und Metallbau \u00e0 Romanshorn (TG).<\/p>\n\n\n\n<p>Avec l&#8217;\u00e9lection de M. Gutjahr-Preisig, Peter Bachmann quitte le CA. Ce dernier a \u00e9t\u00e9 \u00e9lu au CA de la Presshefefabrik Stettfurt AG en 1982. Il en a \u00e9t\u00e9 le pr\u00e9sident \u00e0 partir de 1983. Apr\u00e8s la fusion en 1993 de la Presshefefabrik Stettfurt AG avec les fabriques de levure Hindelbank AG, il a pr\u00e9sid\u00e9 la nouvelle soci\u00e9t\u00e9&nbsp;: Levure Suisse SA.<\/p>\n\n\n\n<p>com<\/p>\n","protected":false},"excerpt":{"rendered":"<p>Lors de l&#8217;assembl\u00e9e g\u00e9n\u00e9rale d&#8217;Indawisa Holding AG et de Levure Suisse SA, Severin Gutjahr-Preisig a \u00e9t\u00e9 \u00e9lu au conseil d&#8217;administration (CA). Il reprend la pr\u00e9sidence de la soci\u00e9t\u00e9 Levure Suisse SA au sein de cet organe compos\u00e9 de trois membres. Les autres membres sont le Dr Markus Letsch et Walter Ingold. M. Gutjahr-Preisig est \u00e9conomiste d&#8217;entreprise HES. Depuis 2010, il [&hellip;]<\/p>\n","protected":false},"author":4,"featured_media":48522,"comment_status":"open","ping_status":"closed","sticky":false,"template":"","format":"standard","meta":{"_acf_changed":false,"footnotes":""},"categories":[39],"tags":[],"class_list":["post-48580","post","type-post","status-publish","format-standard","has-post-thumbnail","hentry","category-de-la-branche"],"acf":[],"yoast_head":"<!-- This site is optimized with the Yoast SEO Premium plugin v26.8 (Yoast SEO v26.8) - https:\/\/yoast.com\/product\/yoast-seo-premium-wordpress\/ -->\n<title>Changement au CA de Levure Suisse SA | SBC<\/title>\n<meta name=\"description\" content=\"Lors de l&#039;assembl\u00e9e g\u00e9n\u00e9rale d&#039;Indawisa Holding AG et de Levure Suisse SA, Severin Gutjahr-Preisig a \u00e9t\u00e9 \u00e9lu au conseil d&#039;administration.\" \/>\n<meta name=\"robots\" content=\"index, follow, max-snippet:-1, max-image-preview:large, max-video-preview:-1\" \/>\n<link rel=\"canonical\" href=\"https:\/\/swissbaker.ch\/fr\/panissimo-news\/ca-de-levure-suisse-sa\/\" \/>\n<meta property=\"og:locale\" content=\"fr_FR\" \/>\n<meta property=\"og:type\" content=\"article\" \/>\n<meta property=\"og:title\" content=\"Changement au CA de Levure Suisse SA\" \/>\n<meta property=\"og:description\" content=\"Lors de l&#039;assembl\u00e9e g\u00e9n\u00e9rale d&#039;Indawisa Holding AG et de Levure Suisse SA, Severin Gutjahr-Preisig a \u00e9t\u00e9 \u00e9lu au conseil d&#039;administration.\" \/>\n<meta property=\"og:url\" content=\"https:\/\/swissbaker.ch\/fr\/panissimo-news\/ca-de-levure-suisse-sa\/\" \/>\n<meta property=\"og:site_name\" content=\"SBC\" \/>\n<meta property=\"article:publisher\" content=\"https:\/\/www.facebook.com\/swissbaker.ch\" \/>\n<meta property=\"article:published_time\" content=\"2022-09-15T11:14:03+00:00\" \/>\n<meta property=\"article:modified_time\" content=\"2022-09-15T11:14:04+00:00\" \/>\n<meta property=\"og:image\" content=\"https:\/\/swissbaker.ch\/wp-content\/uploads\/2022\/09\/17_1_vr_hefe-schweiz.jpg\" \/>\n\t<meta property=\"og:image:width\" content=\"1200\" \/>\n\t<meta property=\"og:image:height\" content=\"712\" \/>\n\t<meta property=\"og:image:type\" content=\"image\/jpeg\" \/>\n<meta name=\"author\" content=\"Elina Laich\" \/>\n<meta name=\"twitter:card\" content=\"summary_large_image\" \/>\n<meta name=\"twitter:creator\" content=\"@ch_swissbaker\" \/>\n<meta name=\"twitter:site\" content=\"@ch_swissbaker\" \/>\n<meta name=\"twitter:label1\" content=\"Written by\" \/>\n\t<meta name=\"twitter:data1\" content=\"Elina Laich\" \/>\n\t<meta name=\"twitter:label2\" content=\"Est. reading time\" \/>\n\t<meta name=\"twitter:data2\" content=\"1 minute\" \/>\n<script type=\"application\/ld+json\" class=\"yoast-schema-graph\">{\"@context\":\"https:\/\/schema.org\",\"@graph\":[{\"@type\":\"Article\",\"@id\":\"https:\/\/swissbaker.ch\/fr\/panissimo-news\/ca-de-levure-suisse-sa\/#article\",\"isPartOf\":{\"@id\":\"https:\/\/swissbaker.ch\/fr\/panissimo-news\/ca-de-levure-suisse-sa\/\"},\"author\":{\"name\":\"Elina Laich\",\"@id\":\"https:\/\/swissbaker.ch\/fr\/#\/schema\/person\/0c7464407782a0917d6e91a74206a176\"},\"headline\":\"Changement au CA de Levure Suisse SA\",\"datePublished\":\"2022-09-15T11:14:03+00:00\",\"dateModified\":\"2022-09-15T11:14:04+00:00\",\"mainEntityOfPage\":{\"@id\":\"https:\/\/swissbaker.ch\/fr\/panissimo-news\/ca-de-levure-suisse-sa\/\"},\"wordCount\":159,\"commentCount\":0,\"publisher\":{\"@id\":\"https:\/\/swissbaker.ch\/fr\/#organization\"},\"image\":{\"@id\":\"https:\/\/swissbaker.ch\/fr\/panissimo-news\/ca-de-levure-suisse-sa\/#primaryimage\"},\"thumbnailUrl\":\"https:\/\/swissbaker.ch\/wp-content\/uploads\/2022\/09\/17_1_vr_hefe-schweiz.jpg\",\"articleSection\":[\"De la branche\"],\"inLanguage\":\"fr-FR\",\"potentialAction\":[{\"@type\":\"CommentAction\",\"name\":\"Comment\",\"target\":[\"https:\/\/swissbaker.ch\/fr\/panissimo-news\/ca-de-levure-suisse-sa\/#respond\"]}]},{\"@type\":\"WebPage\",\"@id\":\"https:\/\/swissbaker.ch\/fr\/panissimo-news\/ca-de-levure-suisse-sa\/\",\"url\":\"https:\/\/swissbaker.ch\/fr\/panissimo-news\/ca-de-levure-suisse-sa\/\",\"name\":\"Changement au CA de Levure Suisse SA | SBC\",\"isPartOf\":{\"@id\":\"https:\/\/swissbaker.ch\/fr\/#website\"},\"primaryImageOfPage\":{\"@id\":\"https:\/\/swissbaker.ch\/fr\/panissimo-news\/ca-de-levure-suisse-sa\/#primaryimage\"},\"image\":{\"@id\":\"https:\/\/swissbaker.ch\/fr\/panissimo-news\/ca-de-levure-suisse-sa\/#primaryimage\"},\"thumbnailUrl\":\"https:\/\/swissbaker.ch\/wp-content\/uploads\/2022\/09\/17_1_vr_hefe-schweiz.jpg\",\"datePublished\":\"2022-09-15T11:14:03+00:00\",\"dateModified\":\"2022-09-15T11:14:04+00:00\",\"description\":\"Lors de l'assembl\u00e9e g\u00e9n\u00e9rale d'Indawisa Holding AG et de Levure Suisse SA, Severin Gutjahr-Preisig a \u00e9t\u00e9 \u00e9lu au conseil d'administration.\",\"breadcrumb\":{\"@id\":\"https:\/\/swissbaker.ch\/fr\/panissimo-news\/ca-de-levure-suisse-sa\/#breadcrumb\"},\"inLanguage\":\"fr-FR\",\"potentialAction\":[{\"@type\":\"ReadAction\",\"target\":[\"https:\/\/swissbaker.ch\/fr\/panissimo-news\/ca-de-levure-suisse-sa\/\"]}]},{\"@type\":\"ImageObject\",\"inLanguage\":\"fr-FR\",\"@id\":\"https:\/\/swissbaker.ch\/fr\/panissimo-news\/ca-de-levure-suisse-sa\/#primaryimage\",\"url\":\"https:\/\/swissbaker.ch\/wp-content\/uploads\/2022\/09\/17_1_vr_hefe-schweiz.jpg\",\"contentUrl\":\"https:\/\/swissbaker.ch\/wp-content\/uploads\/2022\/09\/17_1_vr_hefe-schweiz.jpg\",\"width\":1200,\"height\":712},{\"@type\":\"BreadcrumbList\",\"@id\":\"https:\/\/swissbaker.ch\/fr\/panissimo-news\/ca-de-levure-suisse-sa\/#breadcrumb\",\"itemListElement\":[{\"@type\":\"ListItem\",\"position\":1,\"name\":\"\",\"item\":\"https:\/\/swissbaker.ch\/fr\/\"},{\"@type\":\"ListItem\",\"position\":2,\"name\":\"De la branche\",\"item\":\"https:\/\/swissbaker.ch\/fr\/panissimo-news\/category\/de-la-branche\/\"},{\"@type\":\"ListItem\",\"position\":3,\"name\":\"Changement au CA de Levure Suisse SA\"}]},{\"@type\":\"WebSite\",\"@id\":\"https:\/\/swissbaker.ch\/fr\/#website\",\"url\":\"https:\/\/swissbaker.ch\/fr\/\",\"name\":\"SBC\",\"description\":\"\",\"publisher\":{\"@id\":\"https:\/\/swissbaker.ch\/fr\/#organization\"},\"potentialAction\":[{\"@type\":\"SearchAction\",\"target\":{\"@type\":\"EntryPoint\",\"urlTemplate\":\"https:\/\/swissbaker.ch\/fr\/?s={search_term_string}\"},\"query-input\":{\"@type\":\"PropertyValueSpecification\",\"valueRequired\":true,\"valueName\":\"search_term_string\"}}],\"inLanguage\":\"fr-FR\"},{\"@type\":\"Organization\",\"@id\":\"https:\/\/swissbaker.ch\/fr\/#organization\",\"name\":\"Schweizerischer B\u00e4cker-Confiseurmeister-Verband\",\"url\":\"https:\/\/swissbaker.ch\/fr\/\",\"logo\":{\"@type\":\"ImageObject\",\"inLanguage\":\"fr-FR\",\"@id\":\"https:\/\/swissbaker.ch\/fr\/#\/schema\/logo\/image\/\",\"url\":\"https:\/\/swissbaker.ch\/wp-content\/uploads\/2022\/04\/sbc-logo-yoast.jpg\",\"contentUrl\":\"https:\/\/swissbaker.ch\/wp-content\/uploads\/2022\/04\/sbc-logo-yoast.jpg\",\"width\":512,\"height\":512,\"caption\":\"Schweizerischer B\u00e4cker-Confiseurmeister-Verband\"},\"image\":{\"@id\":\"https:\/\/swissbaker.ch\/fr\/#\/schema\/logo\/image\/\"},\"sameAs\":[\"https:\/\/www.facebook.com\/swissbaker.ch\",\"https:\/\/x.com\/ch_swissbaker\"]},{\"@type\":\"Person\",\"@id\":\"https:\/\/swissbaker.ch\/fr\/#\/schema\/person\/0c7464407782a0917d6e91a74206a176\",\"name\":\"Elina Laich\",\"image\":{\"@type\":\"ImageObject\",\"inLanguage\":\"fr-FR\",\"@id\":\"https:\/\/swissbaker.ch\/fr\/#\/schema\/person\/image\/\",\"url\":\"https:\/\/secure.gravatar.com\/avatar\/f942ca5f8668781d3ded9592a21de46001e053aff264ff1c6deb97b59d3604b2?s=96&d=mm&r=g\",\"contentUrl\":\"https:\/\/secure.gravatar.com\/avatar\/f942ca5f8668781d3ded9592a21de46001e053aff264ff1c6deb97b59d3604b2?s=96&d=mm&r=g\",\"caption\":\"Elina Laich\"},\"url\":\"https:\/\/swissbaker.ch\/fr\/panissimo-news\/author\/elina-laich\/\"}]}<\/script>\n<!-- \/ Yoast SEO Premium plugin. -->","yoast_head_json":{"title":"Changement au CA de Levure Suisse SA | SBC","description":"Lors de l'assembl\u00e9e g\u00e9n\u00e9rale d'Indawisa Holding AG et de Levure Suisse SA, Severin Gutjahr-Preisig a \u00e9t\u00e9 \u00e9lu au conseil d'administration.","robots":{"index":"index","follow":"follow","max-snippet":"max-snippet:-1","max-image-preview":"max-image-preview:large","max-video-preview":"max-video-preview:-1"},"canonical":"https:\/\/swissbaker.ch\/fr\/panissimo-news\/ca-de-levure-suisse-sa\/","og_locale":"fr_FR","og_type":"article","og_title":"Changement au CA de Levure Suisse SA","og_description":"Lors de l'assembl\u00e9e g\u00e9n\u00e9rale d'Indawisa Holding AG et de Levure Suisse SA, Severin Gutjahr-Preisig a \u00e9t\u00e9 \u00e9lu au conseil d'administration.","og_url":"https:\/\/swissbaker.ch\/fr\/panissimo-news\/ca-de-levure-suisse-sa\/","og_site_name":"SBC","article_publisher":"https:\/\/www.facebook.com\/swissbaker.ch","article_published_time":"2022-09-15T11:14:03+00:00","article_modified_time":"2022-09-15T11:14:04+00:00","og_image":[{"width":1200,"height":712,"url":"https:\/\/swissbaker.ch\/wp-content\/uploads\/2022\/09\/17_1_vr_hefe-schweiz.jpg","type":"image\/jpeg"}],"author":"Elina Laich","twitter_card":"summary_large_image","twitter_creator":"@ch_swissbaker","twitter_site":"@ch_swissbaker","twitter_misc":{"Written by":"Elina Laich","Est. reading time":"1 minute"},"schema":{"@context":"https:\/\/schema.org","@graph":[{"@type":"Article","@id":"https:\/\/swissbaker.ch\/fr\/panissimo-news\/ca-de-levure-suisse-sa\/#article","isPartOf":{"@id":"https:\/\/swissbaker.ch\/fr\/panissimo-news\/ca-de-levure-suisse-sa\/"},"author":{"name":"Elina Laich","@id":"https:\/\/swissbaker.ch\/fr\/#\/schema\/person\/0c7464407782a0917d6e91a74206a176"},"headline":"Changement au CA de Levure Suisse SA","datePublished":"2022-09-15T11:14:03+00:00","dateModified":"2022-09-15T11:14:04+00:00","mainEntityOfPage":{"@id":"https:\/\/swissbaker.ch\/fr\/panissimo-news\/ca-de-levure-suisse-sa\/"},"wordCount":159,"commentCount":0,"publisher":{"@id":"https:\/\/swissbaker.ch\/fr\/#organization"},"image":{"@id":"https:\/\/swissbaker.ch\/fr\/panissimo-news\/ca-de-levure-suisse-sa\/#primaryimage"},"thumbnailUrl":"https:\/\/swissbaker.ch\/wp-content\/uploads\/2022\/09\/17_1_vr_hefe-schweiz.jpg","articleSection":["De la branche"],"inLanguage":"fr-FR","potentialAction":[{"@type":"CommentAction","name":"Comment","target":["https:\/\/swissbaker.ch\/fr\/panissimo-news\/ca-de-levure-suisse-sa\/#respond"]}]},{"@type":"WebPage","@id":"https:\/\/swissbaker.ch\/fr\/panissimo-news\/ca-de-levure-suisse-sa\/","url":"https:\/\/swissbaker.ch\/fr\/panissimo-news\/ca-de-levure-suisse-sa\/","name":"Changement au CA de Levure Suisse SA | SBC","isPartOf":{"@id":"https:\/\/swissbaker.ch\/fr\/#website"},"primaryImageOfPage":{"@id":"https:\/\/swissbaker.ch\/fr\/panissimo-news\/ca-de-levure-suisse-sa\/#primaryimage"},"image":{"@id":"https:\/\/swissbaker.ch\/fr\/panissimo-news\/ca-de-levure-suisse-sa\/#primaryimage"},"thumbnailUrl":"https:\/\/swissbaker.ch\/wp-content\/uploads\/2022\/09\/17_1_vr_hefe-schweiz.jpg","datePublished":"2022-09-15T11:14:03+00:00","dateModified":"2022-09-15T11:14:04+00:00","description":"Lors de l'assembl\u00e9e g\u00e9n\u00e9rale d'Indawisa Holding AG et de Levure Suisse SA, Severin Gutjahr-Preisig a \u00e9t\u00e9 \u00e9lu au conseil d'administration.","breadcrumb":{"@id":"https:\/\/swissbaker.ch\/fr\/panissimo-news\/ca-de-levure-suisse-sa\/#breadcrumb"},"inLanguage":"fr-FR","potentialAction":[{"@type":"ReadAction","target":["https:\/\/swissbaker.ch\/fr\/panissimo-news\/ca-de-levure-suisse-sa\/"]}]},{"@type":"ImageObject","inLanguage":"fr-FR","@id":"https:\/\/swissbaker.ch\/fr\/panissimo-news\/ca-de-levure-suisse-sa\/#primaryimage","url":"https:\/\/swissbaker.ch\/wp-content\/uploads\/2022\/09\/17_1_vr_hefe-schweiz.jpg","contentUrl":"https:\/\/swissbaker.ch\/wp-content\/uploads\/2022\/09\/17_1_vr_hefe-schweiz.jpg","width":1200,"height":712},{"@type":"BreadcrumbList","@id":"https:\/\/swissbaker.ch\/fr\/panissimo-news\/ca-de-levure-suisse-sa\/#breadcrumb","itemListElement":[{"@type":"ListItem","position":1,"name":"","item":"https:\/\/swissbaker.ch\/fr\/"},{"@type":"ListItem","position":2,"name":"De la branche","item":"https:\/\/swissbaker.ch\/fr\/panissimo-news\/category\/de-la-branche\/"},{"@type":"ListItem","position":3,"name":"Changement au CA de Levure Suisse SA"}]},{"@type":"WebSite","@id":"https:\/\/swissbaker.ch\/fr\/#website","url":"https:\/\/swissbaker.ch\/fr\/","name":"SBC","description":"","publisher":{"@id":"https:\/\/swissbaker.ch\/fr\/#organization"},"potentialAction":[{"@type":"SearchAction","target":{"@type":"EntryPoint","urlTemplate":"https:\/\/swissbaker.ch\/fr\/?s={search_term_string}"},"query-input":{"@type":"PropertyValueSpecification","valueRequired":true,"valueName":"search_term_string"}}],"inLanguage":"fr-FR"},{"@type":"Organization","@id":"https:\/\/swissbaker.ch\/fr\/#organization","name":"Schweizerischer B\u00e4cker-Confiseurmeister-Verband","url":"https:\/\/swissbaker.ch\/fr\/","logo":{"@type":"ImageObject","inLanguage":"fr-FR","@id":"https:\/\/swissbaker.ch\/fr\/#\/schema\/logo\/image\/","url":"https:\/\/swissbaker.ch\/wp-content\/uploads\/2022\/04\/sbc-logo-yoast.jpg","contentUrl":"https:\/\/swissbaker.ch\/wp-content\/uploads\/2022\/04\/sbc-logo-yoast.jpg","width":512,"height":512,"caption":"Schweizerischer B\u00e4cker-Confiseurmeister-Verband"},"image":{"@id":"https:\/\/swissbaker.ch\/fr\/#\/schema\/logo\/image\/"},"sameAs":["https:\/\/www.facebook.com\/swissbaker.ch","https:\/\/x.com\/ch_swissbaker"]},{"@type":"Person","@id":"https:\/\/swissbaker.ch\/fr\/#\/schema\/person\/0c7464407782a0917d6e91a74206a176","name":"Elina Laich","image":{"@type":"ImageObject","inLanguage":"fr-FR","@id":"https:\/\/swissbaker.ch\/fr\/#\/schema\/person\/image\/","url":"https:\/\/secure.gravatar.com\/avatar\/f942ca5f8668781d3ded9592a21de46001e053aff264ff1c6deb97b59d3604b2?s=96&d=mm&r=g","contentUrl":"https:\/\/secure.gravatar.com\/avatar\/f942ca5f8668781d3ded9592a21de46001e053aff264ff1c6deb97b59d3604b2?s=96&d=mm&r=g","caption":"Elina Laich"},"url":"https:\/\/swissbaker.ch\/fr\/panissimo-news\/author\/elina-laich\/"}]}},"_links":{"self":[{"href":"https:\/\/swissbaker.ch\/fr\/wp-json\/wp\/v2\/posts\/48580","targetHints":{"allow":["GET"]}}],"collection":[{"href":"https:\/\/swissbaker.ch\/fr\/wp-json\/wp\/v2\/posts"}],"about":[{"href":"https:\/\/swissbaker.ch\/fr\/wp-json\/wp\/v2\/types\/post"}],"author":[{"embeddable":true,"href":"https:\/\/swissbaker.ch\/fr\/wp-json\/wp\/v2\/users\/4"}],"replies":[{"embeddable":true,"href":"https:\/\/swissbaker.ch\/fr\/wp-json\/wp\/v2\/comments?post=48580"}],"version-history":[{"count":0,"href":"https:\/\/swissbaker.ch\/fr\/wp-json\/wp\/v2\/posts\/48580\/revisions"}],"wp:featuredmedia":[{"embeddable":true,"href":"https:\/\/swissbaker.ch\/fr\/wp-json\/wp\/v2\/media\/48522"}],"wp:attachment":[{"href":"https:\/\/swissbaker.ch\/fr\/wp-json\/wp\/v2\/media?parent=48580"}],"wp:term":[{"taxonomy":"category","embeddable":true,"href":"https:\/\/swissbaker.ch\/fr\/wp-json\/wp\/v2\/categories?post=48580"},{"taxonomy":"post_tag","embeddable":true,"href":"https:\/\/swissbaker.ch\/fr\/wp-json\/wp\/v2\/tags?post=48580"}],"curies":[{"name":"wp","href":"https:\/\/api.w.org\/{rel}","templated":true}]}}