{"id":48298,"date":"2022-09-14T15:18:23","date_gmt":"2022-09-14T13:18:23","guid":{"rendered":"https:\/\/swissbaker.ch\/?p=48298"},"modified":"2022-09-15T16:40:07","modified_gmt":"2022-09-15T14:40:07","slug":"colorant-dioxyde-de-titane-ne-doit-plus-etre-utilise-des-maintenant","status":"publish","type":"post","link":"https:\/\/swissbaker.ch\/fr\/panissimo-news\/colorant-dioxyde-de-titane-ne-doit-plus-etre-utilise-des-maintenant\/","title":{"rendered":"Le colorant dioxyde de titane ne doit plus \u00eatre utilis\u00e9"},"content":{"rendered":"\n<p><strong>Le colorant blanc dioxyde de titane ne peut plus \u00eatre utilis\u00e9 dans la production alimentaire d\u00e8s 15 septembre. Les produits fabriqu\u00e9s jusqu\u2019\u00e0 cette date peuvent \u00eatre vendus jusqu\u2019\u00e0 la fin de leur dur\u00e9e de conservation.<\/strong><\/p>\n\n\n\n<p>L&#8217;interdiction du colorant blanc dioxyde de titane (E 171) a d\u00e9j\u00e0 \u00e9t\u00e9 \u00e9voqu\u00e9e \u00e0 plusieurs reprises dans \u00abPanissimo\u00bb. Ledit colorant a \u00e9t\u00e9 retir\u00e9 de la liste des colorants autoris\u00e9s avec la modification du 14 f\u00e9vrier 2022 de l&#8217;ordonnance sur les additifs admis dans les denr\u00e9es alimentaires. Les stocks restants de ce colorant peuvent encore \u00eatre utilis\u00e9s jusqu&#8217;au 14&nbsp;septembre pour la fabrication de denr\u00e9es alimentaires, celles-ci pouvant ensuite \u00eatre vendues jusqu&#8217;\u00e0 la fin de leur dur\u00e9e de conservation.<\/p>\n\n\n\n<h2 class=\"wp-block-heading\" id=\"h-produits-semi-finis-egalement\"><strong>Produits semi-finis \u00e9galement<\/strong><\/h2>\n\n\n\n<p>Il semblerait que diff\u00e9rents fournisseurs tentent actuellement d&#8217;\u00e9couler leurs stocks restants, en pr\u00e9tendant que ces derniers peuvent \u00eatre utilis\u00e9s jusqu&#8217;\u00e0 \u00e9puisement des stocks et vendus en tant qu&#8217;aliments finis. Or il se trouve que l&#8217;utilisation de cet additif ne sera plus autoris\u00e9e \u00e0 partir du 15&nbsp;septembre. Il faut pouvoir prouver une date de fabrication ant\u00e9rieure au 14&nbsp;septembre pour tout E 171 trouv\u00e9 dans un produit par l\u2019ex\u00e9cutif. Les produits semi-finis tels que les garnitures pour tranches \u00e0 la cr\u00e8me, qui contiennent le colorant blanc, doivent \u00e9galement \u00eatre utilis\u00e9s avant la mi-septembre. L&#8217;exception relative \u00e0 l&#8217;\u00e9coulement des stocks restants dans le cadre de leur dur\u00e9e de conservation se rapporte exclusivement aux produits confectionn\u00e9s.<\/p>\n\n\n\n<h2 class=\"wp-block-heading\"><strong>Mauvaise presse<\/strong><\/h2>\n\n\n\n<p>Il ne faut pas oublier non plus que diff\u00e9rentes organisations de consommateurs se sont pench\u00e9es sur les effets potentiellement nocifs du dioxyde de titane sur la sant\u00e9. Il faut s&#8217;attendre \u00e0 ce qu&#8217;\u00e0 partir du 15 septembre, ce soit moins l&#8217;additif que les produits et les entreprises qu\u2019on retrouve au c\u0153ur de la couverture m\u00e9diatique. Le risque de mauvaise presse ne peut en aucun cas \u00eatre compens\u00e9 par des prix promotionnels lors de l&#8217;achat d&#8217;additifs.<\/p>\n\n\n\n<p><em>Benjamin Horand<\/em><\/p>\n","protected":false},"excerpt":{"rendered":"<p>Le colorant blanc dioxyde de titane ne peut plus \u00eatre utilis\u00e9 dans la production alimentaire d\u00e8s 15 septembre. Les produits fabriqu\u00e9s jusqu\u2019\u00e0 cette date peuvent \u00eatre vendus jusqu\u2019\u00e0 la fin de leur dur\u00e9e de conservation. L&#8217;interdiction du colorant blanc dioxyde de titane (E 171) a d\u00e9j\u00e0 \u00e9t\u00e9 \u00e9voqu\u00e9e \u00e0 plusieurs reprises dans \u00abPanissimo\u00bb. Ledit colorant a \u00e9t\u00e9 retir\u00e9 de la [&hellip;]<\/p>\n","protected":false},"author":5,"featured_media":11313,"comment_status":"closed","ping_status":"closed","sticky":false,"template":"","format":"standard","meta":{"_acf_changed":false,"footnotes":""},"categories":[49],"tags":[],"class_list":["post-48298","post","type-post","status-publish","format-standard","has-post-thumbnail","hentry","category-sante-securite"],"acf":[],"yoast_head":"<!-- This site is optimized with the Yoast SEO Premium plugin v26.8 (Yoast SEO v26.8) - https:\/\/yoast.com\/product\/yoast-seo-premium-wordpress\/ -->\n<title>Le colorant dioxyde de titane ne doit plus \u00eatre utilis\u00e9 | SBC<\/title>\n<meta name=\"description\" content=\"Colorant dioxyde de titane ne doit plus \u00eatre utilis\u00e9 d\u00e8s maintenant\" \/>\n<meta name=\"robots\" content=\"index, follow, max-snippet:-1, max-image-preview:large, max-video-preview:-1\" \/>\n<link rel=\"canonical\" href=\"https:\/\/swissbaker.ch\/fr\/panissimo-news\/colorant-dioxyde-de-titane-ne-doit-plus-etre-utilise-des-maintenant\/\" \/>\n<meta property=\"og:locale\" content=\"fr_FR\" \/>\n<meta property=\"og:type\" content=\"article\" \/>\n<meta property=\"og:title\" content=\"Le colorant dioxyde de titane ne doit plus \u00eatre utilis\u00e9\" \/>\n<meta property=\"og:description\" content=\"Colorant dioxyde de titane ne doit plus \u00eatre utilis\u00e9 d\u00e8s maintenant\" \/>\n<meta property=\"og:url\" content=\"https:\/\/swissbaker.ch\/fr\/panissimo-news\/colorant-dioxyde-de-titane-ne-doit-plus-etre-utilise-des-maintenant\/\" \/>\n<meta property=\"og:site_name\" content=\"SBC\" \/>\n<meta property=\"article:publisher\" content=\"https:\/\/www.facebook.com\/swissbaker.ch\" \/>\n<meta property=\"article:published_time\" content=\"2022-09-14T13:18:23+00:00\" \/>\n<meta property=\"article:modified_time\" content=\"2022-09-15T14:40:07+00:00\" \/>\n<meta property=\"og:image\" content=\"https:\/\/swissbaker.ch\/wp-content\/uploads\/2022\/05\/6_1_torte_ticino.jpeg\" \/>\n\t<meta property=\"og:image:width\" content=\"800\" \/>\n\t<meta property=\"og:image:height\" content=\"474\" \/>\n\t<meta property=\"og:image:type\" content=\"image\/jpeg\" \/>\n<meta name=\"author\" content=\"Simon Nussbaum\" \/>\n<meta name=\"twitter:card\" content=\"summary_large_image\" \/>\n<meta name=\"twitter:creator\" content=\"@ch_swissbaker\" \/>\n<meta name=\"twitter:site\" content=\"@ch_swissbaker\" \/>\n<meta name=\"twitter:label1\" content=\"Written by\" \/>\n\t<meta name=\"twitter:data1\" content=\"Simon Nussbaum\" \/>\n\t<meta name=\"twitter:label2\" content=\"Est. reading time\" \/>\n\t<meta name=\"twitter:data2\" content=\"2 minutes\" \/>\n<script type=\"application\/ld+json\" class=\"yoast-schema-graph\">{\"@context\":\"https:\/\/schema.org\",\"@graph\":[{\"@type\":\"Article\",\"@id\":\"https:\/\/swissbaker.ch\/fr\/panissimo-news\/colorant-dioxyde-de-titane-ne-doit-plus-etre-utilise-des-maintenant\/#article\",\"isPartOf\":{\"@id\":\"https:\/\/swissbaker.ch\/fr\/panissimo-news\/colorant-dioxyde-de-titane-ne-doit-plus-etre-utilise-des-maintenant\/\"},\"author\":{\"name\":\"Simon Nussbaum\",\"@id\":\"https:\/\/swissbaker.ch\/fr\/#\/schema\/person\/74bd327b08c18ca6042c02ff6f0ed5e2\"},\"headline\":\"Le colorant dioxyde de titane ne doit plus \u00eatre utilis\u00e9\",\"datePublished\":\"2022-09-14T13:18:23+00:00\",\"dateModified\":\"2022-09-15T14:40:07+00:00\",\"mainEntityOfPage\":{\"@id\":\"https:\/\/swissbaker.ch\/fr\/panissimo-news\/colorant-dioxyde-de-titane-ne-doit-plus-etre-utilise-des-maintenant\/\"},\"wordCount\":347,\"publisher\":{\"@id\":\"https:\/\/swissbaker.ch\/fr\/#organization\"},\"image\":{\"@id\":\"https:\/\/swissbaker.ch\/fr\/panissimo-news\/colorant-dioxyde-de-titane-ne-doit-plus-etre-utilise-des-maintenant\/#primaryimage\"},\"thumbnailUrl\":\"https:\/\/swissbaker.ch\/wp-content\/uploads\/2022\/05\/6_1_torte_ticino.jpeg\",\"articleSection\":[\"Sant\u00e9\/S\u00e9curit\u00e9\"],\"inLanguage\":\"fr-FR\"},{\"@type\":\"WebPage\",\"@id\":\"https:\/\/swissbaker.ch\/fr\/panissimo-news\/colorant-dioxyde-de-titane-ne-doit-plus-etre-utilise-des-maintenant\/\",\"url\":\"https:\/\/swissbaker.ch\/fr\/panissimo-news\/colorant-dioxyde-de-titane-ne-doit-plus-etre-utilise-des-maintenant\/\",\"name\":\"Le colorant dioxyde de titane ne doit plus \u00eatre utilis\u00e9 | SBC\",\"isPartOf\":{\"@id\":\"https:\/\/swissbaker.ch\/fr\/#website\"},\"primaryImageOfPage\":{\"@id\":\"https:\/\/swissbaker.ch\/fr\/panissimo-news\/colorant-dioxyde-de-titane-ne-doit-plus-etre-utilise-des-maintenant\/#primaryimage\"},\"image\":{\"@id\":\"https:\/\/swissbaker.ch\/fr\/panissimo-news\/colorant-dioxyde-de-titane-ne-doit-plus-etre-utilise-des-maintenant\/#primaryimage\"},\"thumbnailUrl\":\"https:\/\/swissbaker.ch\/wp-content\/uploads\/2022\/05\/6_1_torte_ticino.jpeg\",\"datePublished\":\"2022-09-14T13:18:23+00:00\",\"dateModified\":\"2022-09-15T14:40:07+00:00\",\"description\":\"Colorant dioxyde de titane ne doit plus \u00eatre utilis\u00e9 d\u00e8s maintenant\",\"breadcrumb\":{\"@id\":\"https:\/\/swissbaker.ch\/fr\/panissimo-news\/colorant-dioxyde-de-titane-ne-doit-plus-etre-utilise-des-maintenant\/#breadcrumb\"},\"inLanguage\":\"fr-FR\",\"potentialAction\":[{\"@type\":\"ReadAction\",\"target\":[\"https:\/\/swissbaker.ch\/fr\/panissimo-news\/colorant-dioxyde-de-titane-ne-doit-plus-etre-utilise-des-maintenant\/\"]}]},{\"@type\":\"ImageObject\",\"inLanguage\":\"fr-FR\",\"@id\":\"https:\/\/swissbaker.ch\/fr\/panissimo-news\/colorant-dioxyde-de-titane-ne-doit-plus-etre-utilise-des-maintenant\/#primaryimage\",\"url\":\"https:\/\/swissbaker.ch\/wp-content\/uploads\/2022\/05\/6_1_torte_ticino.jpeg\",\"contentUrl\":\"https:\/\/swissbaker.ch\/wp-content\/uploads\/2022\/05\/6_1_torte_ticino.jpeg\",\"width\":800,\"height\":474,\"caption\":\"Divieto del biossido di titanio come additivo alimentare\"},{\"@type\":\"BreadcrumbList\",\"@id\":\"https:\/\/swissbaker.ch\/fr\/panissimo-news\/colorant-dioxyde-de-titane-ne-doit-plus-etre-utilise-des-maintenant\/#breadcrumb\",\"itemListElement\":[{\"@type\":\"ListItem\",\"position\":1,\"name\":\"\",\"item\":\"https:\/\/swissbaker.ch\/fr\/\"},{\"@type\":\"ListItem\",\"position\":2,\"name\":\"Sant\u00e9\/S\u00e9curit\u00e9\",\"item\":\"https:\/\/swissbaker.ch\/fr\/panissimo-news\/category\/sante-securite\/\"},{\"@type\":\"ListItem\",\"position\":3,\"name\":\"Le colorant dioxyde de titane ne doit plus \u00eatre utilis\u00e9\"}]},{\"@type\":\"WebSite\",\"@id\":\"https:\/\/swissbaker.ch\/fr\/#website\",\"url\":\"https:\/\/swissbaker.ch\/fr\/\",\"name\":\"SBC\",\"description\":\"\",\"publisher\":{\"@id\":\"https:\/\/swissbaker.ch\/fr\/#organization\"},\"potentialAction\":[{\"@type\":\"SearchAction\",\"target\":{\"@type\":\"EntryPoint\",\"urlTemplate\":\"https:\/\/swissbaker.ch\/fr\/?s={search_term_string}\"},\"query-input\":{\"@type\":\"PropertyValueSpecification\",\"valueRequired\":true,\"valueName\":\"search_term_string\"}}],\"inLanguage\":\"fr-FR\"},{\"@type\":\"Organization\",\"@id\":\"https:\/\/swissbaker.ch\/fr\/#organization\",\"name\":\"Schweizerischer B\u00e4cker-Confiseurmeister-Verband\",\"url\":\"https:\/\/swissbaker.ch\/fr\/\",\"logo\":{\"@type\":\"ImageObject\",\"inLanguage\":\"fr-FR\",\"@id\":\"https:\/\/swissbaker.ch\/fr\/#\/schema\/logo\/image\/\",\"url\":\"https:\/\/swissbaker.ch\/wp-content\/uploads\/2022\/04\/sbc-logo-yoast.jpg\",\"contentUrl\":\"https:\/\/swissbaker.ch\/wp-content\/uploads\/2022\/04\/sbc-logo-yoast.jpg\",\"width\":512,\"height\":512,\"caption\":\"Schweizerischer B\u00e4cker-Confiseurmeister-Verband\"},\"image\":{\"@id\":\"https:\/\/swissbaker.ch\/fr\/#\/schema\/logo\/image\/\"},\"sameAs\":[\"https:\/\/www.facebook.com\/swissbaker.ch\",\"https:\/\/x.com\/ch_swissbaker\"]},{\"@type\":\"Person\",\"@id\":\"https:\/\/swissbaker.ch\/fr\/#\/schema\/person\/74bd327b08c18ca6042c02ff6f0ed5e2\",\"name\":\"Simon Nussbaum\",\"image\":{\"@type\":\"ImageObject\",\"inLanguage\":\"fr-FR\",\"@id\":\"https:\/\/swissbaker.ch\/fr\/#\/schema\/person\/image\/\",\"url\":\"https:\/\/secure.gravatar.com\/avatar\/df0eced3bb556c806cb760cf503ade1ed1df25b4104d80d6fd28d93a9509aa12?s=96&d=mm&r=g\",\"contentUrl\":\"https:\/\/secure.gravatar.com\/avatar\/df0eced3bb556c806cb760cf503ade1ed1df25b4104d80d6fd28d93a9509aa12?s=96&d=mm&r=g\",\"caption\":\"Simon Nussbaum\"},\"url\":\"https:\/\/swissbaker.ch\/fr\/panissimo-news\/author\/simon-nussbaum\/\"}]}<\/script>\n<!-- \/ Yoast SEO Premium plugin. -->","yoast_head_json":{"title":"Le colorant dioxyde de titane ne doit plus \u00eatre utilis\u00e9 | SBC","description":"Colorant dioxyde de titane ne doit plus \u00eatre utilis\u00e9 d\u00e8s maintenant","robots":{"index":"index","follow":"follow","max-snippet":"max-snippet:-1","max-image-preview":"max-image-preview:large","max-video-preview":"max-video-preview:-1"},"canonical":"https:\/\/swissbaker.ch\/fr\/panissimo-news\/colorant-dioxyde-de-titane-ne-doit-plus-etre-utilise-des-maintenant\/","og_locale":"fr_FR","og_type":"article","og_title":"Le colorant dioxyde de titane ne doit plus \u00eatre utilis\u00e9","og_description":"Colorant dioxyde de titane ne doit plus \u00eatre utilis\u00e9 d\u00e8s maintenant","og_url":"https:\/\/swissbaker.ch\/fr\/panissimo-news\/colorant-dioxyde-de-titane-ne-doit-plus-etre-utilise-des-maintenant\/","og_site_name":"SBC","article_publisher":"https:\/\/www.facebook.com\/swissbaker.ch","article_published_time":"2022-09-14T13:18:23+00:00","article_modified_time":"2022-09-15T14:40:07+00:00","og_image":[{"width":800,"height":474,"url":"https:\/\/swissbaker.ch\/wp-content\/uploads\/2022\/05\/6_1_torte_ticino.jpeg","type":"image\/jpeg"}],"author":"Simon Nussbaum","twitter_card":"summary_large_image","twitter_creator":"@ch_swissbaker","twitter_site":"@ch_swissbaker","twitter_misc":{"Written by":"Simon Nussbaum","Est. reading time":"2 minutes"},"schema":{"@context":"https:\/\/schema.org","@graph":[{"@type":"Article","@id":"https:\/\/swissbaker.ch\/fr\/panissimo-news\/colorant-dioxyde-de-titane-ne-doit-plus-etre-utilise-des-maintenant\/#article","isPartOf":{"@id":"https:\/\/swissbaker.ch\/fr\/panissimo-news\/colorant-dioxyde-de-titane-ne-doit-plus-etre-utilise-des-maintenant\/"},"author":{"name":"Simon Nussbaum","@id":"https:\/\/swissbaker.ch\/fr\/#\/schema\/person\/74bd327b08c18ca6042c02ff6f0ed5e2"},"headline":"Le colorant dioxyde de titane ne doit plus \u00eatre utilis\u00e9","datePublished":"2022-09-14T13:18:23+00:00","dateModified":"2022-09-15T14:40:07+00:00","mainEntityOfPage":{"@id":"https:\/\/swissbaker.ch\/fr\/panissimo-news\/colorant-dioxyde-de-titane-ne-doit-plus-etre-utilise-des-maintenant\/"},"wordCount":347,"publisher":{"@id":"https:\/\/swissbaker.ch\/fr\/#organization"},"image":{"@id":"https:\/\/swissbaker.ch\/fr\/panissimo-news\/colorant-dioxyde-de-titane-ne-doit-plus-etre-utilise-des-maintenant\/#primaryimage"},"thumbnailUrl":"https:\/\/swissbaker.ch\/wp-content\/uploads\/2022\/05\/6_1_torte_ticino.jpeg","articleSection":["Sant\u00e9\/S\u00e9curit\u00e9"],"inLanguage":"fr-FR"},{"@type":"WebPage","@id":"https:\/\/swissbaker.ch\/fr\/panissimo-news\/colorant-dioxyde-de-titane-ne-doit-plus-etre-utilise-des-maintenant\/","url":"https:\/\/swissbaker.ch\/fr\/panissimo-news\/colorant-dioxyde-de-titane-ne-doit-plus-etre-utilise-des-maintenant\/","name":"Le colorant dioxyde de titane ne doit plus \u00eatre utilis\u00e9 | SBC","isPartOf":{"@id":"https:\/\/swissbaker.ch\/fr\/#website"},"primaryImageOfPage":{"@id":"https:\/\/swissbaker.ch\/fr\/panissimo-news\/colorant-dioxyde-de-titane-ne-doit-plus-etre-utilise-des-maintenant\/#primaryimage"},"image":{"@id":"https:\/\/swissbaker.ch\/fr\/panissimo-news\/colorant-dioxyde-de-titane-ne-doit-plus-etre-utilise-des-maintenant\/#primaryimage"},"thumbnailUrl":"https:\/\/swissbaker.ch\/wp-content\/uploads\/2022\/05\/6_1_torte_ticino.jpeg","datePublished":"2022-09-14T13:18:23+00:00","dateModified":"2022-09-15T14:40:07+00:00","description":"Colorant dioxyde de titane ne doit plus \u00eatre utilis\u00e9 d\u00e8s maintenant","breadcrumb":{"@id":"https:\/\/swissbaker.ch\/fr\/panissimo-news\/colorant-dioxyde-de-titane-ne-doit-plus-etre-utilise-des-maintenant\/#breadcrumb"},"inLanguage":"fr-FR","potentialAction":[{"@type":"ReadAction","target":["https:\/\/swissbaker.ch\/fr\/panissimo-news\/colorant-dioxyde-de-titane-ne-doit-plus-etre-utilise-des-maintenant\/"]}]},{"@type":"ImageObject","inLanguage":"fr-FR","@id":"https:\/\/swissbaker.ch\/fr\/panissimo-news\/colorant-dioxyde-de-titane-ne-doit-plus-etre-utilise-des-maintenant\/#primaryimage","url":"https:\/\/swissbaker.ch\/wp-content\/uploads\/2022\/05\/6_1_torte_ticino.jpeg","contentUrl":"https:\/\/swissbaker.ch\/wp-content\/uploads\/2022\/05\/6_1_torte_ticino.jpeg","width":800,"height":474,"caption":"Divieto del biossido di titanio come additivo alimentare"},{"@type":"BreadcrumbList","@id":"https:\/\/swissbaker.ch\/fr\/panissimo-news\/colorant-dioxyde-de-titane-ne-doit-plus-etre-utilise-des-maintenant\/#breadcrumb","itemListElement":[{"@type":"ListItem","position":1,"name":"","item":"https:\/\/swissbaker.ch\/fr\/"},{"@type":"ListItem","position":2,"name":"Sant\u00e9\/S\u00e9curit\u00e9","item":"https:\/\/swissbaker.ch\/fr\/panissimo-news\/category\/sante-securite\/"},{"@type":"ListItem","position":3,"name":"Le colorant dioxyde de titane ne doit plus \u00eatre utilis\u00e9"}]},{"@type":"WebSite","@id":"https:\/\/swissbaker.ch\/fr\/#website","url":"https:\/\/swissbaker.ch\/fr\/","name":"SBC","description":"","publisher":{"@id":"https:\/\/swissbaker.ch\/fr\/#organization"},"potentialAction":[{"@type":"SearchAction","target":{"@type":"EntryPoint","urlTemplate":"https:\/\/swissbaker.ch\/fr\/?s={search_term_string}"},"query-input":{"@type":"PropertyValueSpecification","valueRequired":true,"valueName":"search_term_string"}}],"inLanguage":"fr-FR"},{"@type":"Organization","@id":"https:\/\/swissbaker.ch\/fr\/#organization","name":"Schweizerischer B\u00e4cker-Confiseurmeister-Verband","url":"https:\/\/swissbaker.ch\/fr\/","logo":{"@type":"ImageObject","inLanguage":"fr-FR","@id":"https:\/\/swissbaker.ch\/fr\/#\/schema\/logo\/image\/","url":"https:\/\/swissbaker.ch\/wp-content\/uploads\/2022\/04\/sbc-logo-yoast.jpg","contentUrl":"https:\/\/swissbaker.ch\/wp-content\/uploads\/2022\/04\/sbc-logo-yoast.jpg","width":512,"height":512,"caption":"Schweizerischer B\u00e4cker-Confiseurmeister-Verband"},"image":{"@id":"https:\/\/swissbaker.ch\/fr\/#\/schema\/logo\/image\/"},"sameAs":["https:\/\/www.facebook.com\/swissbaker.ch","https:\/\/x.com\/ch_swissbaker"]},{"@type":"Person","@id":"https:\/\/swissbaker.ch\/fr\/#\/schema\/person\/74bd327b08c18ca6042c02ff6f0ed5e2","name":"Simon Nussbaum","image":{"@type":"ImageObject","inLanguage":"fr-FR","@id":"https:\/\/swissbaker.ch\/fr\/#\/schema\/person\/image\/","url":"https:\/\/secure.gravatar.com\/avatar\/df0eced3bb556c806cb760cf503ade1ed1df25b4104d80d6fd28d93a9509aa12?s=96&d=mm&r=g","contentUrl":"https:\/\/secure.gravatar.com\/avatar\/df0eced3bb556c806cb760cf503ade1ed1df25b4104d80d6fd28d93a9509aa12?s=96&d=mm&r=g","caption":"Simon Nussbaum"},"url":"https:\/\/swissbaker.ch\/fr\/panissimo-news\/author\/simon-nussbaum\/"}]}},"_links":{"self":[{"href":"https:\/\/swissbaker.ch\/fr\/wp-json\/wp\/v2\/posts\/48298","targetHints":{"allow":["GET"]}}],"collection":[{"href":"https:\/\/swissbaker.ch\/fr\/wp-json\/wp\/v2\/posts"}],"about":[{"href":"https:\/\/swissbaker.ch\/fr\/wp-json\/wp\/v2\/types\/post"}],"author":[{"embeddable":true,"href":"https:\/\/swissbaker.ch\/fr\/wp-json\/wp\/v2\/users\/5"}],"replies":[{"embeddable":true,"href":"https:\/\/swissbaker.ch\/fr\/wp-json\/wp\/v2\/comments?post=48298"}],"version-history":[{"count":0,"href":"https:\/\/swissbaker.ch\/fr\/wp-json\/wp\/v2\/posts\/48298\/revisions"}],"wp:featuredmedia":[{"embeddable":true,"href":"https:\/\/swissbaker.ch\/fr\/wp-json\/wp\/v2\/media\/11313"}],"wp:attachment":[{"href":"https:\/\/swissbaker.ch\/fr\/wp-json\/wp\/v2\/media?parent=48298"}],"wp:term":[{"taxonomy":"category","embeddable":true,"href":"https:\/\/swissbaker.ch\/fr\/wp-json\/wp\/v2\/categories?post=48298"},{"taxonomy":"post_tag","embeddable":true,"href":"https:\/\/swissbaker.ch\/fr\/wp-json\/wp\/v2\/tags?post=48298"}],"curies":[{"name":"wp","href":"https:\/\/api.w.org\/{rel}","templated":true}]}}