{"id":47659,"date":"2022-09-10T23:33:55","date_gmt":"2022-09-10T21:33:55","guid":{"rendered":"https:\/\/swissbaker.ch\/?p=47659"},"modified":"2022-09-12T14:51:43","modified_gmt":"2022-09-12T12:51:43","slug":"voici-les-championnes-suisses-de-2022","status":"publish","type":"post","link":"https:\/\/swissbaker.ch\/fr\/panissimo-news\/voici-les-championnes-suisses-de-2022\/","title":{"rendered":"Voici les championnes suisses de 2022"},"content":{"rendered":"\n<figure class=\"wp-block-image size-large\"><img decoding=\"async\" width=\"1024\" height=\"771\" src=\"https:\/\/swissbaker.ch\/wp-content\/uploads\/2022\/09\/305936450_515496340576665_8053223188224297044_n-1024x771.jpg\" alt=\"\" class=\"wp-image-47653\" srcset=\"https:\/\/swissbaker.ch\/wp-content\/uploads\/2022\/09\/305936450_515496340576665_8053223188224297044_n-1024x771.jpg 1024w, https:\/\/swissbaker.ch\/wp-content\/uploads\/2022\/09\/305936450_515496340576665_8053223188224297044_n-768x578.jpg 768w, https:\/\/swissbaker.ch\/wp-content\/uploads\/2022\/09\/305936450_515496340576665_8053223188224297044_n.jpg 1440w\" sizes=\"(max-width: 1024px) 100vw, 1024px\" \/><\/figure>\n\n\n\n<p>(a.g.) Gestionnaire du commerce: de d\u00e9tail L\u00e9ane Plumey, Crans-Montana (Confiserie Roelli S\u00e0rl, Porrentruy)<br>(a.m.): Boulang\u00e8re-p\u00e2tissier\u00e8re: Vera Stocker, Wegenstetten (B\u00e4ckerei-Konditorei-Caf\u00e9 Weber AG, Davos Dorf)<br>(a.d.): P\u00e2tissi\u00e8re-confiseuse: Nadia Koller, Appenzell (L\u00e4derach, Ennenda)<\/p>\n\n\n\n<h2 class=\"wp-block-heading\"><strong>Toutes nos f\u00e9licitations ! <\/strong><\/h2>\n\n\n\n<p>Celles-ci ne vont pas seulement aux nouveaux d\u00e9tenteurs du titre, mais aussi \u00e0 l&#8217;ensemble des 35 participants. Pendant les quatre jours de comp\u00e9tition, ils ont montr\u00e9 leur savoir-faire et ont ainsi \u00e9tonn\u00e9 les visiteurs. Gr\u00e2ce \u00e0 leur passion pour leur m\u00e9tier et \u00e0 leur engagement lors des <a href=\"https:\/\/www.swiss-skills2022.ch\/fr\" target=\"_blank\" rel=\"noreferrer noopener\">SwissSkills2022<\/a>, tous ont pu transmettre la beaut\u00e9 et la diversit\u00e9 du secteur de la boulangerie-confiserie aux spectateurs. Continuez ainsi !<\/p>\n\n\n\n<p><a href=\"https:\/\/swissbaker.ch\/fr\/communique-de-presse\/swissskills-2022\/\"><strong>Communiqu\u00e9 aux medias&#8230;\u00bb<\/strong><\/a><\/p>\n\n\n\n<p><a href=\"https:\/\/swissbaker.ch\/fr\/panissimo-news\/galerie\/\"><strong>Galeries de photos&#8230;\u00bb<\/strong><\/a><\/p>\n\n\n\n<hr class=\"wp-block-separator has-alpha-channel-opacity\"\/>\n\n\n\n<h2 class=\"wp-block-heading\" id=\"h-boulangerie-patisserie\">Boulangerie-p\u00e2tisserie<\/h2>\n\n\n\n<figure class=\"wp-block-image size-large\"><img decoding=\"async\" width=\"1024\" height=\"772\" src=\"https:\/\/swissbaker.ch\/wp-content\/uploads\/2022\/09\/swissskills_2022_podest_baeckerei-konditorei-1024x772.jpg\" alt=\"\" class=\"wp-image-47670\" srcset=\"https:\/\/swissbaker.ch\/wp-content\/uploads\/2022\/09\/swissskills_2022_podest_baeckerei-konditorei-1024x772.jpg 1024w, https:\/\/swissbaker.ch\/wp-content\/uploads\/2022\/09\/swissskills_2022_podest_baeckerei-konditorei-768x579.jpg 768w, https:\/\/swissbaker.ch\/wp-content\/uploads\/2022\/09\/swissskills_2022_podest_baeckerei-konditorei.jpg 1440w\" sizes=\"(max-width: 1024px) 100vw, 1024px\" \/><figcaption>Podium boulangerie-p\u00e2tisserie: 2. Sarina Meier, 1. Vera Stocker, 3. Vanessa Wehren<\/figcaption><\/figure>\n\n\n\n<hr class=\"wp-block-separator has-alpha-channel-opacity\"\/>\n\n\n\n<h2 class=\"wp-block-heading\">P\u00e2tisserie-confiserie<\/h2>\n\n\n\n<figure class=\"wp-block-image size-large\"><img decoding=\"async\" width=\"1024\" height=\"772\" src=\"https:\/\/swissbaker.ch\/wp-content\/uploads\/2022\/09\/swissskills-2022_podest_konditorei-confiserie-1024x772.jpg\" alt=\"\" class=\"wp-image-47668\" srcset=\"https:\/\/swissbaker.ch\/wp-content\/uploads\/2022\/09\/swissskills-2022_podest_konditorei-confiserie-1024x772.jpg 1024w, https:\/\/swissbaker.ch\/wp-content\/uploads\/2022\/09\/swissskills-2022_podest_konditorei-confiserie-768x579.jpg 768w, https:\/\/swissbaker.ch\/wp-content\/uploads\/2022\/09\/swissskills-2022_podest_konditorei-confiserie.jpg 1440w\" sizes=\"(max-width: 1024px) 100vw, 1024px\" \/><figcaption>Podium p\u00e2tisserie-confiserie: 2. Sina Z\u00fcger, 1. Nadia Koller, 3. Bruno Schneider<\/figcaption><\/figure>\n\n\n\n<hr class=\"wp-block-separator has-alpha-channel-opacity\"\/>\n\n\n\n<h2 class=\"wp-block-heading\">Commerce de d\u00e9tail<\/h2>\n\n\n\n<figure class=\"wp-block-image size-large\"><img decoding=\"async\" width=\"1024\" height=\"771\" src=\"https:\/\/swissbaker.ch\/wp-content\/uploads\/2022\/09\/swissskills_2022_podest_detailhandel-1024x771.jpg\" alt=\"\" class=\"wp-image-47672\" srcset=\"https:\/\/swissbaker.ch\/wp-content\/uploads\/2022\/09\/swissskills_2022_podest_detailhandel-1024x771.jpg 1024w, https:\/\/swissbaker.ch\/wp-content\/uploads\/2022\/09\/swissskills_2022_podest_detailhandel-768x578.jpg 768w, https:\/\/swissbaker.ch\/wp-content\/uploads\/2022\/09\/swissskills_2022_podest_detailhandel.jpg 1440w\" sizes=\"(max-width: 1024px) 100vw, 1024px\" \/><figcaption>Podium commerce de d\u00e9tail: 2. Jasmin Zimmermann, 1. L\u00e9ane Plumey, 3. Cindy Jeannette Segessemann<\/figcaption><\/figure>\n","protected":false},"excerpt":{"rendered":"<p>Gestionnaire du commerce: de d\u00e9tail L\u00e9ane Plumey, Crans-Montana (Confiserie Roelli S\u00e0rl, Porrentruy)<br \/>\nBoulang\u00e8re-p\u00e2tissier\u00e8re: Vera Stocker, Wegenstetten (B\u00e4ckerei-Konditorei-Caf\u00e9 Weber AG, Davos Dorf) P\u00e2tissi\u00e8re-confiseuse: Nadia Koller, Appenzell (L\u00e4derach, Ennenda)<\/p>\n","protected":false},"author":5,"featured_media":47653,"comment_status":"closed","ping_status":"closed","sticky":true,"template":"","format":"standard","meta":{"_acf_changed":false,"footnotes":""},"categories":[43],"tags":[],"class_list":["post-47659","post","type-post","status-publish","format-standard","has-post-thumbnail","hentry","category-concours"],"acf":[],"yoast_head":"<!-- This site is optimized with the Yoast SEO Premium plugin v26.8 (Yoast SEO v26.8) - https:\/\/yoast.com\/product\/yoast-seo-premium-wordpress\/ -->\n<title>Voici les championnes suisses de 2022 | SBC<\/title>\n<meta name=\"description\" content=\"Les gagnantes des SwissSkills 2022 dans la boulngerie-p\u00e2tisserie-confiserie\" \/>\n<meta name=\"robots\" content=\"index, follow, max-snippet:-1, max-image-preview:large, max-video-preview:-1\" \/>\n<link rel=\"canonical\" href=\"https:\/\/swissbaker.ch\/fr\/panissimo-news\/voici-les-championnes-suisses-de-2022\/\" \/>\n<meta property=\"og:locale\" content=\"fr_FR\" \/>\n<meta property=\"og:type\" content=\"article\" \/>\n<meta property=\"og:title\" content=\"Voici les championnes suisses de 2022\" \/>\n<meta property=\"og:description\" content=\"Les gagnantes des SwissSkills 2022 dans la boulngerie-p\u00e2tisserie-confiserie\" \/>\n<meta property=\"og:url\" content=\"https:\/\/swissbaker.ch\/fr\/panissimo-news\/voici-les-championnes-suisses-de-2022\/\" \/>\n<meta property=\"og:site_name\" content=\"SBC\" \/>\n<meta property=\"article:publisher\" content=\"https:\/\/www.facebook.com\/swissbaker.ch\" \/>\n<meta property=\"article:published_time\" content=\"2022-09-10T21:33:55+00:00\" \/>\n<meta property=\"article:modified_time\" content=\"2022-09-12T12:51:43+00:00\" \/>\n<meta property=\"og:image\" content=\"https:\/\/swissbaker.ch\/wp-content\/uploads\/2022\/09\/305936450_515496340576665_8053223188224297044_n.jpg\" \/>\n\t<meta property=\"og:image:width\" content=\"1440\" \/>\n\t<meta property=\"og:image:height\" content=\"1084\" \/>\n\t<meta property=\"og:image:type\" content=\"image\/jpeg\" \/>\n<meta name=\"author\" content=\"Simon Nussbaum\" \/>\n<meta name=\"twitter:card\" content=\"summary_large_image\" \/>\n<meta name=\"twitter:creator\" content=\"@ch_swissbaker\" \/>\n<meta name=\"twitter:site\" content=\"@ch_swissbaker\" \/>\n<meta name=\"twitter:label1\" content=\"Written by\" \/>\n\t<meta name=\"twitter:data1\" content=\"Simon Nussbaum\" \/>\n\t<meta name=\"twitter:label2\" content=\"Est. reading time\" \/>\n\t<meta name=\"twitter:data2\" content=\"2 minutes\" \/>\n<script type=\"application\/ld+json\" class=\"yoast-schema-graph\">{\"@context\":\"https:\/\/schema.org\",\"@graph\":[{\"@type\":\"Article\",\"@id\":\"https:\/\/swissbaker.ch\/fr\/panissimo-news\/voici-les-championnes-suisses-de-2022\/#article\",\"isPartOf\":{\"@id\":\"https:\/\/swissbaker.ch\/fr\/panissimo-news\/voici-les-championnes-suisses-de-2022\/\"},\"author\":{\"name\":\"Simon Nussbaum\",\"@id\":\"https:\/\/swissbaker.ch\/fr\/#\/schema\/person\/74bd327b08c18ca6042c02ff6f0ed5e2\"},\"headline\":\"Voici les championnes suisses de 2022\",\"datePublished\":\"2022-09-10T21:33:55+00:00\",\"dateModified\":\"2022-09-12T12:51:43+00:00\",\"mainEntityOfPage\":{\"@id\":\"https:\/\/swissbaker.ch\/fr\/panissimo-news\/voici-les-championnes-suisses-de-2022\/\"},\"wordCount\":165,\"publisher\":{\"@id\":\"https:\/\/swissbaker.ch\/fr\/#organization\"},\"image\":{\"@id\":\"https:\/\/swissbaker.ch\/fr\/panissimo-news\/voici-les-championnes-suisses-de-2022\/#primaryimage\"},\"thumbnailUrl\":\"https:\/\/swissbaker.ch\/wp-content\/uploads\/2022\/09\/305936450_515496340576665_8053223188224297044_n.jpg\",\"articleSection\":[\"Concours\"],\"inLanguage\":\"fr-FR\"},{\"@type\":\"WebPage\",\"@id\":\"https:\/\/swissbaker.ch\/fr\/panissimo-news\/voici-les-championnes-suisses-de-2022\/\",\"url\":\"https:\/\/swissbaker.ch\/fr\/panissimo-news\/voici-les-championnes-suisses-de-2022\/\",\"name\":\"Voici les championnes suisses de 2022 | SBC\",\"isPartOf\":{\"@id\":\"https:\/\/swissbaker.ch\/fr\/#website\"},\"primaryImageOfPage\":{\"@id\":\"https:\/\/swissbaker.ch\/fr\/panissimo-news\/voici-les-championnes-suisses-de-2022\/#primaryimage\"},\"image\":{\"@id\":\"https:\/\/swissbaker.ch\/fr\/panissimo-news\/voici-les-championnes-suisses-de-2022\/#primaryimage\"},\"thumbnailUrl\":\"https:\/\/swissbaker.ch\/wp-content\/uploads\/2022\/09\/305936450_515496340576665_8053223188224297044_n.jpg\",\"datePublished\":\"2022-09-10T21:33:55+00:00\",\"dateModified\":\"2022-09-12T12:51:43+00:00\",\"description\":\"Les gagnantes des SwissSkills 2022 dans la boulngerie-p\u00e2tisserie-confiserie\",\"breadcrumb\":{\"@id\":\"https:\/\/swissbaker.ch\/fr\/panissimo-news\/voici-les-championnes-suisses-de-2022\/#breadcrumb\"},\"inLanguage\":\"fr-FR\",\"potentialAction\":[{\"@type\":\"ReadAction\",\"target\":[\"https:\/\/swissbaker.ch\/fr\/panissimo-news\/voici-les-championnes-suisses-de-2022\/\"]}]},{\"@type\":\"ImageObject\",\"inLanguage\":\"fr-FR\",\"@id\":\"https:\/\/swissbaker.ch\/fr\/panissimo-news\/voici-les-championnes-suisses-de-2022\/#primaryimage\",\"url\":\"https:\/\/swissbaker.ch\/wp-content\/uploads\/2022\/09\/305936450_515496340576665_8053223188224297044_n.jpg\",\"contentUrl\":\"https:\/\/swissbaker.ch\/wp-content\/uploads\/2022\/09\/305936450_515496340576665_8053223188224297044_n.jpg\",\"width\":1440,\"height\":1084,\"caption\":\"Schweizermeisterinnen 2022\"},{\"@type\":\"BreadcrumbList\",\"@id\":\"https:\/\/swissbaker.ch\/fr\/panissimo-news\/voici-les-championnes-suisses-de-2022\/#breadcrumb\",\"itemListElement\":[{\"@type\":\"ListItem\",\"position\":1,\"name\":\"\",\"item\":\"https:\/\/swissbaker.ch\/fr\/\"},{\"@type\":\"ListItem\",\"position\":2,\"name\":\"Concours\",\"item\":\"https:\/\/swissbaker.ch\/fr\/panissimo-news\/category\/concours\/\"},{\"@type\":\"ListItem\",\"position\":3,\"name\":\"Voici les championnes suisses de 2022\"}]},{\"@type\":\"WebSite\",\"@id\":\"https:\/\/swissbaker.ch\/fr\/#website\",\"url\":\"https:\/\/swissbaker.ch\/fr\/\",\"name\":\"SBC\",\"description\":\"\",\"publisher\":{\"@id\":\"https:\/\/swissbaker.ch\/fr\/#organization\"},\"potentialAction\":[{\"@type\":\"SearchAction\",\"target\":{\"@type\":\"EntryPoint\",\"urlTemplate\":\"https:\/\/swissbaker.ch\/fr\/?s={search_term_string}\"},\"query-input\":{\"@type\":\"PropertyValueSpecification\",\"valueRequired\":true,\"valueName\":\"search_term_string\"}}],\"inLanguage\":\"fr-FR\"},{\"@type\":\"Organization\",\"@id\":\"https:\/\/swissbaker.ch\/fr\/#organization\",\"name\":\"Schweizerischer B\u00e4cker-Confiseurmeister-Verband\",\"url\":\"https:\/\/swissbaker.ch\/fr\/\",\"logo\":{\"@type\":\"ImageObject\",\"inLanguage\":\"fr-FR\",\"@id\":\"https:\/\/swissbaker.ch\/fr\/#\/schema\/logo\/image\/\",\"url\":\"https:\/\/swissbaker.ch\/wp-content\/uploads\/2022\/04\/sbc-logo-yoast.jpg\",\"contentUrl\":\"https:\/\/swissbaker.ch\/wp-content\/uploads\/2022\/04\/sbc-logo-yoast.jpg\",\"width\":512,\"height\":512,\"caption\":\"Schweizerischer B\u00e4cker-Confiseurmeister-Verband\"},\"image\":{\"@id\":\"https:\/\/swissbaker.ch\/fr\/#\/schema\/logo\/image\/\"},\"sameAs\":[\"https:\/\/www.facebook.com\/swissbaker.ch\",\"https:\/\/x.com\/ch_swissbaker\"]},{\"@type\":\"Person\",\"@id\":\"https:\/\/swissbaker.ch\/fr\/#\/schema\/person\/74bd327b08c18ca6042c02ff6f0ed5e2\",\"name\":\"Simon Nussbaum\",\"image\":{\"@type\":\"ImageObject\",\"inLanguage\":\"fr-FR\",\"@id\":\"https:\/\/swissbaker.ch\/fr\/#\/schema\/person\/image\/\",\"url\":\"https:\/\/secure.gravatar.com\/avatar\/df0eced3bb556c806cb760cf503ade1ed1df25b4104d80d6fd28d93a9509aa12?s=96&d=mm&r=g\",\"contentUrl\":\"https:\/\/secure.gravatar.com\/avatar\/df0eced3bb556c806cb760cf503ade1ed1df25b4104d80d6fd28d93a9509aa12?s=96&d=mm&r=g\",\"caption\":\"Simon Nussbaum\"},\"url\":\"https:\/\/swissbaker.ch\/fr\/panissimo-news\/author\/simon-nussbaum\/\"}]}<\/script>\n<!-- \/ Yoast SEO Premium plugin. -->","yoast_head_json":{"title":"Voici les championnes suisses de 2022 | SBC","description":"Les gagnantes des SwissSkills 2022 dans la boulngerie-p\u00e2tisserie-confiserie","robots":{"index":"index","follow":"follow","max-snippet":"max-snippet:-1","max-image-preview":"max-image-preview:large","max-video-preview":"max-video-preview:-1"},"canonical":"https:\/\/swissbaker.ch\/fr\/panissimo-news\/voici-les-championnes-suisses-de-2022\/","og_locale":"fr_FR","og_type":"article","og_title":"Voici les championnes suisses de 2022","og_description":"Les gagnantes des SwissSkills 2022 dans la boulngerie-p\u00e2tisserie-confiserie","og_url":"https:\/\/swissbaker.ch\/fr\/panissimo-news\/voici-les-championnes-suisses-de-2022\/","og_site_name":"SBC","article_publisher":"https:\/\/www.facebook.com\/swissbaker.ch","article_published_time":"2022-09-10T21:33:55+00:00","article_modified_time":"2022-09-12T12:51:43+00:00","og_image":[{"width":1440,"height":1084,"url":"https:\/\/swissbaker.ch\/wp-content\/uploads\/2022\/09\/305936450_515496340576665_8053223188224297044_n.jpg","type":"image\/jpeg"}],"author":"Simon Nussbaum","twitter_card":"summary_large_image","twitter_creator":"@ch_swissbaker","twitter_site":"@ch_swissbaker","twitter_misc":{"Written by":"Simon Nussbaum","Est. reading time":"2 minutes"},"schema":{"@context":"https:\/\/schema.org","@graph":[{"@type":"Article","@id":"https:\/\/swissbaker.ch\/fr\/panissimo-news\/voici-les-championnes-suisses-de-2022\/#article","isPartOf":{"@id":"https:\/\/swissbaker.ch\/fr\/panissimo-news\/voici-les-championnes-suisses-de-2022\/"},"author":{"name":"Simon Nussbaum","@id":"https:\/\/swissbaker.ch\/fr\/#\/schema\/person\/74bd327b08c18ca6042c02ff6f0ed5e2"},"headline":"Voici les championnes suisses de 2022","datePublished":"2022-09-10T21:33:55+00:00","dateModified":"2022-09-12T12:51:43+00:00","mainEntityOfPage":{"@id":"https:\/\/swissbaker.ch\/fr\/panissimo-news\/voici-les-championnes-suisses-de-2022\/"},"wordCount":165,"publisher":{"@id":"https:\/\/swissbaker.ch\/fr\/#organization"},"image":{"@id":"https:\/\/swissbaker.ch\/fr\/panissimo-news\/voici-les-championnes-suisses-de-2022\/#primaryimage"},"thumbnailUrl":"https:\/\/swissbaker.ch\/wp-content\/uploads\/2022\/09\/305936450_515496340576665_8053223188224297044_n.jpg","articleSection":["Concours"],"inLanguage":"fr-FR"},{"@type":"WebPage","@id":"https:\/\/swissbaker.ch\/fr\/panissimo-news\/voici-les-championnes-suisses-de-2022\/","url":"https:\/\/swissbaker.ch\/fr\/panissimo-news\/voici-les-championnes-suisses-de-2022\/","name":"Voici les championnes suisses de 2022 | SBC","isPartOf":{"@id":"https:\/\/swissbaker.ch\/fr\/#website"},"primaryImageOfPage":{"@id":"https:\/\/swissbaker.ch\/fr\/panissimo-news\/voici-les-championnes-suisses-de-2022\/#primaryimage"},"image":{"@id":"https:\/\/swissbaker.ch\/fr\/panissimo-news\/voici-les-championnes-suisses-de-2022\/#primaryimage"},"thumbnailUrl":"https:\/\/swissbaker.ch\/wp-content\/uploads\/2022\/09\/305936450_515496340576665_8053223188224297044_n.jpg","datePublished":"2022-09-10T21:33:55+00:00","dateModified":"2022-09-12T12:51:43+00:00","description":"Les gagnantes des SwissSkills 2022 dans la boulngerie-p\u00e2tisserie-confiserie","breadcrumb":{"@id":"https:\/\/swissbaker.ch\/fr\/panissimo-news\/voici-les-championnes-suisses-de-2022\/#breadcrumb"},"inLanguage":"fr-FR","potentialAction":[{"@type":"ReadAction","target":["https:\/\/swissbaker.ch\/fr\/panissimo-news\/voici-les-championnes-suisses-de-2022\/"]}]},{"@type":"ImageObject","inLanguage":"fr-FR","@id":"https:\/\/swissbaker.ch\/fr\/panissimo-news\/voici-les-championnes-suisses-de-2022\/#primaryimage","url":"https:\/\/swissbaker.ch\/wp-content\/uploads\/2022\/09\/305936450_515496340576665_8053223188224297044_n.jpg","contentUrl":"https:\/\/swissbaker.ch\/wp-content\/uploads\/2022\/09\/305936450_515496340576665_8053223188224297044_n.jpg","width":1440,"height":1084,"caption":"Schweizermeisterinnen 2022"},{"@type":"BreadcrumbList","@id":"https:\/\/swissbaker.ch\/fr\/panissimo-news\/voici-les-championnes-suisses-de-2022\/#breadcrumb","itemListElement":[{"@type":"ListItem","position":1,"name":"","item":"https:\/\/swissbaker.ch\/fr\/"},{"@type":"ListItem","position":2,"name":"Concours","item":"https:\/\/swissbaker.ch\/fr\/panissimo-news\/category\/concours\/"},{"@type":"ListItem","position":3,"name":"Voici les championnes suisses de 2022"}]},{"@type":"WebSite","@id":"https:\/\/swissbaker.ch\/fr\/#website","url":"https:\/\/swissbaker.ch\/fr\/","name":"SBC","description":"","publisher":{"@id":"https:\/\/swissbaker.ch\/fr\/#organization"},"potentialAction":[{"@type":"SearchAction","target":{"@type":"EntryPoint","urlTemplate":"https:\/\/swissbaker.ch\/fr\/?s={search_term_string}"},"query-input":{"@type":"PropertyValueSpecification","valueRequired":true,"valueName":"search_term_string"}}],"inLanguage":"fr-FR"},{"@type":"Organization","@id":"https:\/\/swissbaker.ch\/fr\/#organization","name":"Schweizerischer B\u00e4cker-Confiseurmeister-Verband","url":"https:\/\/swissbaker.ch\/fr\/","logo":{"@type":"ImageObject","inLanguage":"fr-FR","@id":"https:\/\/swissbaker.ch\/fr\/#\/schema\/logo\/image\/","url":"https:\/\/swissbaker.ch\/wp-content\/uploads\/2022\/04\/sbc-logo-yoast.jpg","contentUrl":"https:\/\/swissbaker.ch\/wp-content\/uploads\/2022\/04\/sbc-logo-yoast.jpg","width":512,"height":512,"caption":"Schweizerischer B\u00e4cker-Confiseurmeister-Verband"},"image":{"@id":"https:\/\/swissbaker.ch\/fr\/#\/schema\/logo\/image\/"},"sameAs":["https:\/\/www.facebook.com\/swissbaker.ch","https:\/\/x.com\/ch_swissbaker"]},{"@type":"Person","@id":"https:\/\/swissbaker.ch\/fr\/#\/schema\/person\/74bd327b08c18ca6042c02ff6f0ed5e2","name":"Simon Nussbaum","image":{"@type":"ImageObject","inLanguage":"fr-FR","@id":"https:\/\/swissbaker.ch\/fr\/#\/schema\/person\/image\/","url":"https:\/\/secure.gravatar.com\/avatar\/df0eced3bb556c806cb760cf503ade1ed1df25b4104d80d6fd28d93a9509aa12?s=96&d=mm&r=g","contentUrl":"https:\/\/secure.gravatar.com\/avatar\/df0eced3bb556c806cb760cf503ade1ed1df25b4104d80d6fd28d93a9509aa12?s=96&d=mm&r=g","caption":"Simon Nussbaum"},"url":"https:\/\/swissbaker.ch\/fr\/panissimo-news\/author\/simon-nussbaum\/"}]}},"_links":{"self":[{"href":"https:\/\/swissbaker.ch\/fr\/wp-json\/wp\/v2\/posts\/47659","targetHints":{"allow":["GET"]}}],"collection":[{"href":"https:\/\/swissbaker.ch\/fr\/wp-json\/wp\/v2\/posts"}],"about":[{"href":"https:\/\/swissbaker.ch\/fr\/wp-json\/wp\/v2\/types\/post"}],"author":[{"embeddable":true,"href":"https:\/\/swissbaker.ch\/fr\/wp-json\/wp\/v2\/users\/5"}],"replies":[{"embeddable":true,"href":"https:\/\/swissbaker.ch\/fr\/wp-json\/wp\/v2\/comments?post=47659"}],"version-history":[{"count":0,"href":"https:\/\/swissbaker.ch\/fr\/wp-json\/wp\/v2\/posts\/47659\/revisions"}],"wp:featuredmedia":[{"embeddable":true,"href":"https:\/\/swissbaker.ch\/fr\/wp-json\/wp\/v2\/media\/47653"}],"wp:attachment":[{"href":"https:\/\/swissbaker.ch\/fr\/wp-json\/wp\/v2\/media?parent=47659"}],"wp:term":[{"taxonomy":"category","embeddable":true,"href":"https:\/\/swissbaker.ch\/fr\/wp-json\/wp\/v2\/categories?post=47659"},{"taxonomy":"post_tag","embeddable":true,"href":"https:\/\/swissbaker.ch\/fr\/wp-json\/wp\/v2\/tags?post=47659"}],"curies":[{"name":"wp","href":"https:\/\/api.w.org\/{rel}","templated":true}]}}