{"id":46460,"date":"2022-09-07T14:33:00","date_gmt":"2022-09-07T12:33:00","guid":{"rendered":"https:\/\/swissbaker.ch\/?p=46460"},"modified":"2022-09-11T17:33:40","modified_gmt":"2022-09-11T15:33:40","slug":"les-swissskills-ont-commence","status":"publish","type":"post","link":"https:\/\/swissbaker.ch\/fr\/panissimo-news\/les-swissskills-ont-commence\/","title":{"rendered":"SwissSkills 2022 &#8211; photos de tous les jours de concours"},"content":{"rendered":"\n<p><strong>Lors des troisi\u00e8mes championnats professionnels centraux \u00abSwissSkills 2022\u00bb \u00e0 Berne, 150 m\u00e9tiers ont \u00e9t\u00e9 pr\u00e9sent\u00e9s ; un nombre encore jamais atteint ! Au stand de la boulangerie-confiserie, on s&#8217;est activ\u00e9 \u00e0 enrober, \u00e0 cuire et \u00e0 emballer. Au total, 35 jeunes professionnels se sont affront\u00e9s du 7 au 10 septembre pour d\u00e9crocher le titre de champion suisse dans les domaines de la boulangerie-p\u00e2tisserie, de la p\u00e2tisserie-confiserie et du commerce de d\u00e9tail.<\/strong><\/p>\n\n\n\n<p><strong><a href=\"https:\/\/swissbaker.ch\/fr\/panissimo-news\/galerie\/swissskills-2022-dimanche\/\">Les photos du dimanche<\/a><\/strong><\/p>\n\n\n\n<figure class=\"wp-block-image size-large is-resized\"><a href=\"https:\/\/swissbaker.ch\/fr\/panissimo-news\/galerie\/swissskills-2022-dimanche\/\"><img decoding=\"async\" src=\"https:\/\/swissbaker.ch\/wp-content\/uploads\/2022\/09\/swissskills_2022_zbinden-luehti-faeh-1024x683.jpg\" alt=\"\" class=\"wp-image-47913\" width=\"408\" height=\"272\" srcset=\"https:\/\/swissbaker.ch\/wp-content\/uploads\/2022\/09\/swissskills_2022_zbinden-luehti-faeh-1024x683.jpg 1024w, https:\/\/swissbaker.ch\/wp-content\/uploads\/2022\/09\/swissskills_2022_zbinden-luehti-faeh-768x512.jpg 768w, https:\/\/swissbaker.ch\/wp-content\/uploads\/2022\/09\/swissskills_2022_zbinden-luehti-faeh-1536x1024.jpg 1536w, https:\/\/swissbaker.ch\/wp-content\/uploads\/2022\/09\/swissskills_2022_zbinden-luehti-faeh-scaled.jpg 2048w\" sizes=\"(max-width: 408px) 100vw, 408px\" \/><\/a><\/figure>\n\n\n\n<p><a href=\"https:\/\/swissbaker.ch\/fr\/panissimo-news\/galerie\/swissskills-2022-remise-de-prix\/\"><strong>Les photos de la ceremonie de remise de prix<\/strong><\/a><\/p>\n\n\n\n<figure class=\"wp-block-image size-large is-resized\"><a href=\"https:\/\/swissbaker.ch\/fr\/panissimo-news\/galerie\/swissskills-2022-remise-de-prix\/\"><img decoding=\"async\" src=\"https:\/\/swissbaker.ch\/wp-content\/uploads\/2022\/09\/305936450_515496340576665_8053223188224297044_n-1024x771.jpg\" alt=\"Schweizermeisterinnen 2022\" class=\"wp-image-47653\" width=\"406\" height=\"306\" srcset=\"https:\/\/swissbaker.ch\/wp-content\/uploads\/2022\/09\/305936450_515496340576665_8053223188224297044_n-1024x771.jpg 1024w, https:\/\/swissbaker.ch\/wp-content\/uploads\/2022\/09\/305936450_515496340576665_8053223188224297044_n-768x578.jpg 768w, https:\/\/swissbaker.ch\/wp-content\/uploads\/2022\/09\/305936450_515496340576665_8053223188224297044_n-1000x750.jpg 1000w, https:\/\/swissbaker.ch\/wp-content\/uploads\/2022\/09\/305936450_515496340576665_8053223188224297044_n.jpg 1440w\" sizes=\"(max-width: 406px) 100vw, 406px\" \/><\/a><\/figure>\n\n\n\n<p><a href=\"https:\/\/swissbaker.ch\/fr\/panissimo-news\/galerie\/swissskills-2022-samedi\/\"><strong>Les photos du samedi<\/strong><\/a><\/p>\n\n\n\n<figure class=\"wp-block-image size-large is-resized\"><a href=\"https:\/\/swissbaker.ch\/fr\/panissimo-news\/galerie\/swissskills-2022-samedi\/\"><img decoding=\"async\" src=\"https:\/\/swissbaker.ch\/wp-content\/uploads\/2022\/09\/stocker2-1024x768.jpg\" alt=\"\" class=\"wp-image-47498\" width=\"400\" height=\"301\" srcset=\"https:\/\/swissbaker.ch\/wp-content\/uploads\/2022\/09\/stocker2-1024x768.jpg 1024w, https:\/\/swissbaker.ch\/wp-content\/uploads\/2022\/09\/stocker2-768x576.jpg 768w, https:\/\/swissbaker.ch\/wp-content\/uploads\/2022\/09\/stocker2-1536x1152.jpg 1536w, https:\/\/swissbaker.ch\/wp-content\/uploads\/2022\/09\/stocker2-scaled.jpg 2048w, https:\/\/swissbaker.ch\/wp-content\/uploads\/2022\/09\/stocker2-1000x750.jpg 1000w\" sizes=\"(max-width: 400px) 100vw, 400px\" \/><\/a><\/figure>\n\n\n\n<p><a href=\"https:\/\/swissbaker.ch\/fr\/panissimo-news\/galerie\/swissskills-2020-vendredi\/\"><strong>Les photos du vendredi<\/strong><\/a><\/p>\n\n\n\n<figure class=\"wp-block-image size-large is-resized\"><img decoding=\"async\" src=\"https:\/\/swissbaker.ch\/wp-content\/uploads\/2022\/09\/swissskills_2022_freitag-145-768x1024.jpg\" alt=\"\" class=\"wp-image-47261\" width=\"398\" height=\"531\" srcset=\"https:\/\/swissbaker.ch\/wp-content\/uploads\/2022\/09\/swissskills_2022_freitag-145-768x1024.jpg 768w, https:\/\/swissbaker.ch\/wp-content\/uploads\/2022\/09\/swissskills_2022_freitag-145-1152x1536.jpg 1152w, https:\/\/swissbaker.ch\/wp-content\/uploads\/2022\/09\/swissskills_2022_freitag-145-scaled.jpg 1536w\" sizes=\"(max-width: 398px) 100vw, 398px\" \/><\/figure>\n\n\n\n<p><a href=\"https:\/\/swissbaker.ch\/fr\/panissimo-news\/galerie\/swissskills-2022-jeudi\/\"><strong>Les photos du jeudi<\/strong><\/a><\/p>\n\n\n\n<figure class=\"wp-block-image size-large is-resized\"><a href=\"https:\/\/swissbaker.ch\/fr\/panissimo-news\/galerie\/swissskills-2022-jeudi\/\"><img decoding=\"async\" src=\"https:\/\/swissbaker.ch\/wp-content\/uploads\/2022\/09\/swissskill_2022_donnerstag-73-768x1024.jpeg\" alt=\"\" class=\"wp-image-46716\" width=\"401\" height=\"535\" srcset=\"https:\/\/swissbaker.ch\/wp-content\/uploads\/2022\/09\/swissskill_2022_donnerstag-73-768x1024.jpeg 768w, https:\/\/swissbaker.ch\/wp-content\/uploads\/2022\/09\/swissskill_2022_donnerstag-73-1152x1536.jpeg 1152w, https:\/\/swissbaker.ch\/wp-content\/uploads\/2022\/09\/swissskill_2022_donnerstag-73-scaled.jpeg 1536w\" sizes=\"(max-width: 401px) 100vw, 401px\" \/><\/a><\/figure>\n\n\n\n<p><a href=\"https:\/\/swissbaker.ch\/fr\/panissimo-news\/galerie\/swissskills-2022-mittwoch\/\" target=\"_blank\" rel=\"noreferrer noopener\"><strong>Les photos du mercredi<\/strong><\/a><\/p>\n\n\n\n<figure class=\"wp-block-image size-large is-resized\"><a href=\"https:\/\/swissbaker.ch\/fr\/panissimo-news\/galerie\/swissskills-2022-mittwoch\/\"><img decoding=\"async\" src=\"https:\/\/swissbaker.ch\/wp-content\/uploads\/2022\/09\/swissskills_2022_mittwoch.-33-1024x683.jpg\" alt=\"\" class=\"wp-image-46351\" width=\"401\" height=\"267\" srcset=\"https:\/\/swissbaker.ch\/wp-content\/uploads\/2022\/09\/swissskills_2022_mittwoch.-33-1024x683.jpg 1024w, https:\/\/swissbaker.ch\/wp-content\/uploads\/2022\/09\/swissskills_2022_mittwoch.-33-768x512.jpg 768w, https:\/\/swissbaker.ch\/wp-content\/uploads\/2022\/09\/swissskills_2022_mittwoch.-33.jpg 1500w\" sizes=\"(max-width: 401px) 100vw, 401px\" \/><\/a><\/figure>\n","protected":false},"excerpt":{"rendered":"<p>Les championnats professionnels centraux SwissSkills ont d\u00e9but\u00e9 mercredi \u00e0 Berne. 150 m\u00e9tiers sont pr\u00e9sent\u00e9s \u00e0 cette occasion, soit un nouveau record! Sur le stand de la boulangerie-confiserie, on s\u2019active \u00e0 enrober, cuire et emballer. Au total, 35 jeunes professionnels se disputent le titre de  champion suisse dans les domaines de la boulangerie, de la confiserie et du commerce de d\u00e9tail.<\/p>\n","protected":false},"author":5,"featured_media":46351,"comment_status":"closed","ping_status":"closed","sticky":true,"template":"","format":"standard","meta":{"_acf_changed":false,"footnotes":""},"categories":[43],"tags":[],"class_list":["post-46460","post","type-post","status-publish","format-standard","has-post-thumbnail","hentry","category-concours"],"acf":[],"yoast_head":"<!-- This site is optimized with the Yoast SEO Premium plugin v26.8 (Yoast SEO v26.8) - https:\/\/yoast.com\/product\/yoast-seo-premium-wordpress\/ -->\n<title>SwissSkills 2022 - photos de tous les jours de concours | SBC<\/title>\n<meta name=\"robots\" content=\"index, follow, max-snippet:-1, max-image-preview:large, max-video-preview:-1\" \/>\n<link rel=\"canonical\" href=\"https:\/\/swissbaker.ch\/fr\/panissimo-news\/les-swissskills-ont-commence\/\" \/>\n<meta property=\"og:locale\" content=\"fr_FR\" \/>\n<meta property=\"og:type\" content=\"article\" \/>\n<meta property=\"og:title\" content=\"SwissSkills 2022 - photos de tous les jours de concours\" \/>\n<meta property=\"og:description\" content=\"Les championnats professionnels centraux SwissSkills ont d\u00e9but\u00e9 mercredi \u00e0 Berne. 150 m\u00e9tiers sont pr\u00e9sent\u00e9s \u00e0 cette occasion, soit un nouveau record! Sur le stand de la boulangerie-confiserie, on s\u2019active \u00e0 enrober, cuire et emballer. Au total, 35 jeunes professionnels se disputent le titre de champion suisse dans les domaines de la boulangerie, de la confiserie et du commerce de d\u00e9tail.\" \/>\n<meta property=\"og:url\" content=\"https:\/\/swissbaker.ch\/fr\/panissimo-news\/les-swissskills-ont-commence\/\" \/>\n<meta property=\"og:site_name\" content=\"SBC\" \/>\n<meta property=\"article:publisher\" content=\"https:\/\/www.facebook.com\/swissbaker.ch\" \/>\n<meta property=\"article:published_time\" content=\"2022-09-07T12:33:00+00:00\" \/>\n<meta property=\"article:modified_time\" content=\"2022-09-11T15:33:40+00:00\" \/>\n<meta property=\"og:image\" content=\"https:\/\/swissbaker.ch\/wp-content\/uploads\/2022\/09\/swissskills_2022_mittwoch.-33.jpg\" \/>\n\t<meta property=\"og:image:width\" content=\"1500\" \/>\n\t<meta property=\"og:image:height\" content=\"1000\" \/>\n\t<meta property=\"og:image:type\" content=\"image\/jpeg\" \/>\n<meta name=\"author\" content=\"Simon Nussbaum\" \/>\n<meta name=\"twitter:card\" content=\"summary_large_image\" \/>\n<meta name=\"twitter:creator\" content=\"@ch_swissbaker\" \/>\n<meta name=\"twitter:site\" content=\"@ch_swissbaker\" \/>\n<meta name=\"twitter:label1\" content=\"Written by\" \/>\n\t<meta name=\"twitter:data1\" content=\"Simon Nussbaum\" \/>\n\t<meta name=\"twitter:label2\" content=\"Est. reading time\" \/>\n\t<meta name=\"twitter:data2\" content=\"2 minutes\" \/>\n<script type=\"application\/ld+json\" class=\"yoast-schema-graph\">{\"@context\":\"https:\/\/schema.org\",\"@graph\":[{\"@type\":\"Article\",\"@id\":\"https:\/\/swissbaker.ch\/fr\/panissimo-news\/les-swissskills-ont-commence\/#article\",\"isPartOf\":{\"@id\":\"https:\/\/swissbaker.ch\/fr\/panissimo-news\/les-swissskills-ont-commence\/\"},\"author\":{\"name\":\"Simon Nussbaum\",\"@id\":\"https:\/\/swissbaker.ch\/fr\/#\/schema\/person\/74bd327b08c18ca6042c02ff6f0ed5e2\"},\"headline\":\"SwissSkills 2022 &#8211; photos de tous les jours de concours\",\"datePublished\":\"2022-09-07T12:33:00+00:00\",\"dateModified\":\"2022-09-11T15:33:40+00:00\",\"mainEntityOfPage\":{\"@id\":\"https:\/\/swissbaker.ch\/fr\/panissimo-news\/les-swissskills-ont-commence\/\"},\"wordCount\":108,\"publisher\":{\"@id\":\"https:\/\/swissbaker.ch\/fr\/#organization\"},\"image\":{\"@id\":\"https:\/\/swissbaker.ch\/fr\/panissimo-news\/les-swissskills-ont-commence\/#primaryimage\"},\"thumbnailUrl\":\"https:\/\/swissbaker.ch\/wp-content\/uploads\/2022\/09\/swissskills_2022_mittwoch.-33.jpg\",\"articleSection\":[\"Concours\"],\"inLanguage\":\"fr-FR\"},{\"@type\":\"WebPage\",\"@id\":\"https:\/\/swissbaker.ch\/fr\/panissimo-news\/les-swissskills-ont-commence\/\",\"url\":\"https:\/\/swissbaker.ch\/fr\/panissimo-news\/les-swissskills-ont-commence\/\",\"name\":\"SwissSkills 2022 - photos de tous les jours de concours | SBC\",\"isPartOf\":{\"@id\":\"https:\/\/swissbaker.ch\/fr\/#website\"},\"primaryImageOfPage\":{\"@id\":\"https:\/\/swissbaker.ch\/fr\/panissimo-news\/les-swissskills-ont-commence\/#primaryimage\"},\"image\":{\"@id\":\"https:\/\/swissbaker.ch\/fr\/panissimo-news\/les-swissskills-ont-commence\/#primaryimage\"},\"thumbnailUrl\":\"https:\/\/swissbaker.ch\/wp-content\/uploads\/2022\/09\/swissskills_2022_mittwoch.-33.jpg\",\"datePublished\":\"2022-09-07T12:33:00+00:00\",\"dateModified\":\"2022-09-11T15:33:40+00:00\",\"breadcrumb\":{\"@id\":\"https:\/\/swissbaker.ch\/fr\/panissimo-news\/les-swissskills-ont-commence\/#breadcrumb\"},\"inLanguage\":\"fr-FR\",\"potentialAction\":[{\"@type\":\"ReadAction\",\"target\":[\"https:\/\/swissbaker.ch\/fr\/panissimo-news\/les-swissskills-ont-commence\/\"]}]},{\"@type\":\"ImageObject\",\"inLanguage\":\"fr-FR\",\"@id\":\"https:\/\/swissbaker.ch\/fr\/panissimo-news\/les-swissskills-ont-commence\/#primaryimage\",\"url\":\"https:\/\/swissbaker.ch\/wp-content\/uploads\/2022\/09\/swissskills_2022_mittwoch.-33.jpg\",\"contentUrl\":\"https:\/\/swissbaker.ch\/wp-content\/uploads\/2022\/09\/swissskills_2022_mittwoch.-33.jpg\",\"width\":1500,\"height\":1000},{\"@type\":\"BreadcrumbList\",\"@id\":\"https:\/\/swissbaker.ch\/fr\/panissimo-news\/les-swissskills-ont-commence\/#breadcrumb\",\"itemListElement\":[{\"@type\":\"ListItem\",\"position\":1,\"name\":\"\",\"item\":\"https:\/\/swissbaker.ch\/fr\/\"},{\"@type\":\"ListItem\",\"position\":2,\"name\":\"Concours\",\"item\":\"https:\/\/swissbaker.ch\/fr\/panissimo-news\/category\/concours\/\"},{\"@type\":\"ListItem\",\"position\":3,\"name\":\"SwissSkills 2022 &#8211; photos de tous les jours de concours\"}]},{\"@type\":\"WebSite\",\"@id\":\"https:\/\/swissbaker.ch\/fr\/#website\",\"url\":\"https:\/\/swissbaker.ch\/fr\/\",\"name\":\"SBC\",\"description\":\"\",\"publisher\":{\"@id\":\"https:\/\/swissbaker.ch\/fr\/#organization\"},\"potentialAction\":[{\"@type\":\"SearchAction\",\"target\":{\"@type\":\"EntryPoint\",\"urlTemplate\":\"https:\/\/swissbaker.ch\/fr\/?s={search_term_string}\"},\"query-input\":{\"@type\":\"PropertyValueSpecification\",\"valueRequired\":true,\"valueName\":\"search_term_string\"}}],\"inLanguage\":\"fr-FR\"},{\"@type\":\"Organization\",\"@id\":\"https:\/\/swissbaker.ch\/fr\/#organization\",\"name\":\"Schweizerischer B\u00e4cker-Confiseurmeister-Verband\",\"url\":\"https:\/\/swissbaker.ch\/fr\/\",\"logo\":{\"@type\":\"ImageObject\",\"inLanguage\":\"fr-FR\",\"@id\":\"https:\/\/swissbaker.ch\/fr\/#\/schema\/logo\/image\/\",\"url\":\"https:\/\/swissbaker.ch\/wp-content\/uploads\/2022\/04\/sbc-logo-yoast.jpg\",\"contentUrl\":\"https:\/\/swissbaker.ch\/wp-content\/uploads\/2022\/04\/sbc-logo-yoast.jpg\",\"width\":512,\"height\":512,\"caption\":\"Schweizerischer B\u00e4cker-Confiseurmeister-Verband\"},\"image\":{\"@id\":\"https:\/\/swissbaker.ch\/fr\/#\/schema\/logo\/image\/\"},\"sameAs\":[\"https:\/\/www.facebook.com\/swissbaker.ch\",\"https:\/\/x.com\/ch_swissbaker\"]},{\"@type\":\"Person\",\"@id\":\"https:\/\/swissbaker.ch\/fr\/#\/schema\/person\/74bd327b08c18ca6042c02ff6f0ed5e2\",\"name\":\"Simon Nussbaum\",\"image\":{\"@type\":\"ImageObject\",\"inLanguage\":\"fr-FR\",\"@id\":\"https:\/\/swissbaker.ch\/fr\/#\/schema\/person\/image\/\",\"url\":\"https:\/\/secure.gravatar.com\/avatar\/df0eced3bb556c806cb760cf503ade1ed1df25b4104d80d6fd28d93a9509aa12?s=96&d=mm&r=g\",\"contentUrl\":\"https:\/\/secure.gravatar.com\/avatar\/df0eced3bb556c806cb760cf503ade1ed1df25b4104d80d6fd28d93a9509aa12?s=96&d=mm&r=g\",\"caption\":\"Simon Nussbaum\"},\"url\":\"https:\/\/swissbaker.ch\/fr\/panissimo-news\/author\/simon-nussbaum\/\"}]}<\/script>\n<!-- \/ Yoast SEO Premium plugin. -->","yoast_head_json":{"title":"SwissSkills 2022 - photos de tous les jours de concours | SBC","robots":{"index":"index","follow":"follow","max-snippet":"max-snippet:-1","max-image-preview":"max-image-preview:large","max-video-preview":"max-video-preview:-1"},"canonical":"https:\/\/swissbaker.ch\/fr\/panissimo-news\/les-swissskills-ont-commence\/","og_locale":"fr_FR","og_type":"article","og_title":"SwissSkills 2022 - photos de tous les jours de concours","og_description":"Les championnats professionnels centraux SwissSkills ont d\u00e9but\u00e9 mercredi \u00e0 Berne. 150 m\u00e9tiers sont pr\u00e9sent\u00e9s \u00e0 cette occasion, soit un nouveau record! Sur le stand de la boulangerie-confiserie, on s\u2019active \u00e0 enrober, cuire et emballer. Au total, 35 jeunes professionnels se disputent le titre de champion suisse dans les domaines de la boulangerie, de la confiserie et du commerce de d\u00e9tail.","og_url":"https:\/\/swissbaker.ch\/fr\/panissimo-news\/les-swissskills-ont-commence\/","og_site_name":"SBC","article_publisher":"https:\/\/www.facebook.com\/swissbaker.ch","article_published_time":"2022-09-07T12:33:00+00:00","article_modified_time":"2022-09-11T15:33:40+00:00","og_image":[{"width":1500,"height":1000,"url":"https:\/\/swissbaker.ch\/wp-content\/uploads\/2022\/09\/swissskills_2022_mittwoch.-33.jpg","type":"image\/jpeg"}],"author":"Simon Nussbaum","twitter_card":"summary_large_image","twitter_creator":"@ch_swissbaker","twitter_site":"@ch_swissbaker","twitter_misc":{"Written by":"Simon Nussbaum","Est. reading time":"2 minutes"},"schema":{"@context":"https:\/\/schema.org","@graph":[{"@type":"Article","@id":"https:\/\/swissbaker.ch\/fr\/panissimo-news\/les-swissskills-ont-commence\/#article","isPartOf":{"@id":"https:\/\/swissbaker.ch\/fr\/panissimo-news\/les-swissskills-ont-commence\/"},"author":{"name":"Simon Nussbaum","@id":"https:\/\/swissbaker.ch\/fr\/#\/schema\/person\/74bd327b08c18ca6042c02ff6f0ed5e2"},"headline":"SwissSkills 2022 &#8211; photos de tous les jours de concours","datePublished":"2022-09-07T12:33:00+00:00","dateModified":"2022-09-11T15:33:40+00:00","mainEntityOfPage":{"@id":"https:\/\/swissbaker.ch\/fr\/panissimo-news\/les-swissskills-ont-commence\/"},"wordCount":108,"publisher":{"@id":"https:\/\/swissbaker.ch\/fr\/#organization"},"image":{"@id":"https:\/\/swissbaker.ch\/fr\/panissimo-news\/les-swissskills-ont-commence\/#primaryimage"},"thumbnailUrl":"https:\/\/swissbaker.ch\/wp-content\/uploads\/2022\/09\/swissskills_2022_mittwoch.-33.jpg","articleSection":["Concours"],"inLanguage":"fr-FR"},{"@type":"WebPage","@id":"https:\/\/swissbaker.ch\/fr\/panissimo-news\/les-swissskills-ont-commence\/","url":"https:\/\/swissbaker.ch\/fr\/panissimo-news\/les-swissskills-ont-commence\/","name":"SwissSkills 2022 - photos de tous les jours de concours | SBC","isPartOf":{"@id":"https:\/\/swissbaker.ch\/fr\/#website"},"primaryImageOfPage":{"@id":"https:\/\/swissbaker.ch\/fr\/panissimo-news\/les-swissskills-ont-commence\/#primaryimage"},"image":{"@id":"https:\/\/swissbaker.ch\/fr\/panissimo-news\/les-swissskills-ont-commence\/#primaryimage"},"thumbnailUrl":"https:\/\/swissbaker.ch\/wp-content\/uploads\/2022\/09\/swissskills_2022_mittwoch.-33.jpg","datePublished":"2022-09-07T12:33:00+00:00","dateModified":"2022-09-11T15:33:40+00:00","breadcrumb":{"@id":"https:\/\/swissbaker.ch\/fr\/panissimo-news\/les-swissskills-ont-commence\/#breadcrumb"},"inLanguage":"fr-FR","potentialAction":[{"@type":"ReadAction","target":["https:\/\/swissbaker.ch\/fr\/panissimo-news\/les-swissskills-ont-commence\/"]}]},{"@type":"ImageObject","inLanguage":"fr-FR","@id":"https:\/\/swissbaker.ch\/fr\/panissimo-news\/les-swissskills-ont-commence\/#primaryimage","url":"https:\/\/swissbaker.ch\/wp-content\/uploads\/2022\/09\/swissskills_2022_mittwoch.-33.jpg","contentUrl":"https:\/\/swissbaker.ch\/wp-content\/uploads\/2022\/09\/swissskills_2022_mittwoch.-33.jpg","width":1500,"height":1000},{"@type":"BreadcrumbList","@id":"https:\/\/swissbaker.ch\/fr\/panissimo-news\/les-swissskills-ont-commence\/#breadcrumb","itemListElement":[{"@type":"ListItem","position":1,"name":"","item":"https:\/\/swissbaker.ch\/fr\/"},{"@type":"ListItem","position":2,"name":"Concours","item":"https:\/\/swissbaker.ch\/fr\/panissimo-news\/category\/concours\/"},{"@type":"ListItem","position":3,"name":"SwissSkills 2022 &#8211; photos de tous les jours de concours"}]},{"@type":"WebSite","@id":"https:\/\/swissbaker.ch\/fr\/#website","url":"https:\/\/swissbaker.ch\/fr\/","name":"SBC","description":"","publisher":{"@id":"https:\/\/swissbaker.ch\/fr\/#organization"},"potentialAction":[{"@type":"SearchAction","target":{"@type":"EntryPoint","urlTemplate":"https:\/\/swissbaker.ch\/fr\/?s={search_term_string}"},"query-input":{"@type":"PropertyValueSpecification","valueRequired":true,"valueName":"search_term_string"}}],"inLanguage":"fr-FR"},{"@type":"Organization","@id":"https:\/\/swissbaker.ch\/fr\/#organization","name":"Schweizerischer B\u00e4cker-Confiseurmeister-Verband","url":"https:\/\/swissbaker.ch\/fr\/","logo":{"@type":"ImageObject","inLanguage":"fr-FR","@id":"https:\/\/swissbaker.ch\/fr\/#\/schema\/logo\/image\/","url":"https:\/\/swissbaker.ch\/wp-content\/uploads\/2022\/04\/sbc-logo-yoast.jpg","contentUrl":"https:\/\/swissbaker.ch\/wp-content\/uploads\/2022\/04\/sbc-logo-yoast.jpg","width":512,"height":512,"caption":"Schweizerischer B\u00e4cker-Confiseurmeister-Verband"},"image":{"@id":"https:\/\/swissbaker.ch\/fr\/#\/schema\/logo\/image\/"},"sameAs":["https:\/\/www.facebook.com\/swissbaker.ch","https:\/\/x.com\/ch_swissbaker"]},{"@type":"Person","@id":"https:\/\/swissbaker.ch\/fr\/#\/schema\/person\/74bd327b08c18ca6042c02ff6f0ed5e2","name":"Simon Nussbaum","image":{"@type":"ImageObject","inLanguage":"fr-FR","@id":"https:\/\/swissbaker.ch\/fr\/#\/schema\/person\/image\/","url":"https:\/\/secure.gravatar.com\/avatar\/df0eced3bb556c806cb760cf503ade1ed1df25b4104d80d6fd28d93a9509aa12?s=96&d=mm&r=g","contentUrl":"https:\/\/secure.gravatar.com\/avatar\/df0eced3bb556c806cb760cf503ade1ed1df25b4104d80d6fd28d93a9509aa12?s=96&d=mm&r=g","caption":"Simon Nussbaum"},"url":"https:\/\/swissbaker.ch\/fr\/panissimo-news\/author\/simon-nussbaum\/"}]}},"_links":{"self":[{"href":"https:\/\/swissbaker.ch\/fr\/wp-json\/wp\/v2\/posts\/46460","targetHints":{"allow":["GET"]}}],"collection":[{"href":"https:\/\/swissbaker.ch\/fr\/wp-json\/wp\/v2\/posts"}],"about":[{"href":"https:\/\/swissbaker.ch\/fr\/wp-json\/wp\/v2\/types\/post"}],"author":[{"embeddable":true,"href":"https:\/\/swissbaker.ch\/fr\/wp-json\/wp\/v2\/users\/5"}],"replies":[{"embeddable":true,"href":"https:\/\/swissbaker.ch\/fr\/wp-json\/wp\/v2\/comments?post=46460"}],"version-history":[{"count":0,"href":"https:\/\/swissbaker.ch\/fr\/wp-json\/wp\/v2\/posts\/46460\/revisions"}],"wp:featuredmedia":[{"embeddable":true,"href":"https:\/\/swissbaker.ch\/fr\/wp-json\/wp\/v2\/media\/46351"}],"wp:attachment":[{"href":"https:\/\/swissbaker.ch\/fr\/wp-json\/wp\/v2\/media?parent=46460"}],"wp:term":[{"taxonomy":"category","embeddable":true,"href":"https:\/\/swissbaker.ch\/fr\/wp-json\/wp\/v2\/categories?post=46460"},{"taxonomy":"post_tag","embeddable":true,"href":"https:\/\/swissbaker.ch\/fr\/wp-json\/wp\/v2\/tags?post=46460"}],"curies":[{"name":"wp","href":"https:\/\/api.w.org\/{rel}","templated":true}]}}