{"id":45839,"date":"2022-09-01T10:49:56","date_gmt":"2022-09-01T08:49:56","guid":{"rendered":"https:\/\/swissbaker.ch\/?p=45839"},"modified":"2022-09-01T12:55:22","modified_gmt":"2022-09-01T10:55:22","slug":"des-economies-volontaires-pour-tous","status":"publish","type":"post","link":"https:\/\/swissbaker.ch\/fr\/panissimo-news\/des-economies-volontaires-pour-tous\/","title":{"rendered":"Des \u00e9conomies volontaires pour tous"},"content":{"rendered":"\n<p><strong>En collaboration avec plus de 40&nbsp;partenaires issus de l\u2019\u00e9conomie, de la soci\u00e9t\u00e9 civile et des pouvoirs publics, le Conseil f\u00e9d\u00e9ral a lanc\u00e9 hier une campagne sous le slogan \u00abL\u2019\u00e9nergie est limit\u00e9e. Ne la gaspillons pas\u00bb, promulguant des conseils visant \u00e0 sensibiliser le public et l\u2019\u00e9conomie \u00e0 une \u00e9conomie d\u2019\u00e9nergie accrue. L\u2019objectif est d\u2019\u00e9viter une p\u00e9nurie d\u2019\u00e9nergie en Suisse sur une base volontaire. Les partenaires impliqu\u00e9s ont cr\u00e9\u00e9 une \u00abAlliance pour les \u00e9conomies d\u2019\u00e9nergie\u00bb, qui sera progressivement \u00e9largie en pr\u00e9vision de l\u2019hiver.<\/strong><\/p>\n\n\n\n<p><\/p>\n\n\n\n<h2 class=\"wp-block-heading\" id=\"h-plan-de-gestion-reglementee\">Plan de gestion r\u00e9glement\u00e9e<\/h2>\n\n\n\n<p>Lors de sa s\u00e9ance, le Conseil f\u00e9d\u00e9ral a \u00e9galement pris connaissance du plan de gestion r\u00e9glement\u00e9e en cas de p\u00e9nurie de gaz. Le plan contient des projets d\u2019ordonnance pr\u00e9voyant des restrictions et des interdictions d\u2019utilisation ainsi qu\u2019un contingentement de la consommation des installations monocombustibles. Ces projets d\u2019ordonnance sont \u00e0 pr\u00e9sent mis en consultation pendant trois semaines aupr\u00e8s des cantons, des associations et des milieux int\u00e9ress\u00e9s.<\/p>\n\n\n\n<p><\/p>\n\n\n\n<h2 class=\"wp-block-heading\">Actualisation des recommandations d\u2019action<\/h2>\n\n\n\n<p>L\u2019Association suisse des patrons boulangers-confiseurs (BCS) a \u00e9labor\u00e9 d\u00e8s l\u2019\u00e9t\u00e9 des recommandations d\u2019action en mati\u00e8re de p\u00e9nurie d\u2019\u00e9nergie, qu\u2019elle a mises en ligne sur l\u2019intranet. Cette documentation va maintenant \u00eatre actualis\u00e9e par des sp\u00e9cialistes de l\u2019association, et devrait \u00eatre disponible en allemand et en fran\u00e7ais sur l\u2019intranet, au plus tard \u00e0 la mi-septembre. Les membres seront inform\u00e9s en temps utile.<\/p>\n\n\n\n<p>Le secr\u00e9tariat central de la BCS et la direction de l\u2019association travaillent activement \u00e0 cette mise \u00e0 jour, et sont en contact \u00e9troit avec les instances d\u00e9cisives, afin d&#8217;obtenir les meilleures solutions possibles pour notre secteur dans cette situation internationale extr\u00eamement exigeante et difficile \u00e0 pr\u00e9voir.<\/p>\n\n\n\n<h2 class=\"wp-block-heading\">Informations approfondies du Conseil f\u00e9d\u00e9ral:<\/h2>\n\n\n\n<p><a href=\"https:\/\/www.admin.ch\/gov\/fr\/accueil\/documentation\/communiques\/communiques-conseil-federal.msg-id-90169.html\" target=\"_blank\" rel=\"noreferrer noopener\">Mise en consultation des mesures pr\u00e9vues en cas de p\u00e9nurie de gaz<\/a><\/p>\n\n\n\n<p><a href=\"https:\/\/www.admin.ch\/gov\/fr\/accueil\/documentation\/communiques\/communiques-conseil-federal.msg-id-90158.html\" target=\"_blank\" rel=\"noreferrer noopener\">Le Conseil f\u00e9d\u00e9ral lance la campagne d\u2019\u00e9conomies d\u2019\u00e9nergie<\/a><\/p>\n\n\n\n<p><a href=\"https:\/\/swissbaker.ch\/fr\/intranet\/\" target=\"_blank\" rel=\"noreferrer noopener\">Recommandations de la BCS sur l\u2019intranet<\/a><\/p>\n\n\n\n<p><\/p>\n\n\n\n<h2 class=\"wp-block-heading\">Engagement pour les membres<\/h2>\n\n\n\n<p>Le risque de p\u00e9nurie d\u2018\u00e9nergie est un th\u00e8me central pour la BCS et ses quelque 1350&nbsp;membres. Au-del\u00e0 du moteur des hausses de co\u00fbts exorbitantes qui p\u00e8sent lourdement sur nos entreprises, nos membres prennent \u00e9galement leurs responsabilit\u00e9s au s\u00e9rieux d&#8217;un point de vue sociopolitique, notamment en prenant des mesures pour \u00e9conomiser l\u2019\u00e9nergie. Du c\u00f4t\u00e9 de l\u2019association, nous nous engageons \u00e0 \u00e9largir les efforts d&#8217;\u00e9conomie n\u00e9cessaires \u00e0 l&#8217;ensemble de la soci\u00e9t\u00e9. Les d\u00e9cisions prises hier par le Conseil f\u00e9d\u00e9ral vont \u00e9galement dans ce sens.<\/p>\n\n\n\n<p>En mati\u00e8re de risque de p\u00e9nurie de gaz, nos entreprises artisanales ne sont pas comparables en l\u2019\u00e9tat \u00e0 l\u2019industrie, car selon nos informations, leur production se fait tr\u00e8s majoritairement avec de l&#8217;\u00e9lectricit\u00e9. Dans un cas comme dans l\u2019autre, nous incitons toutefois tous nos membres, par le biais de la communication de l&#8217;association, \u00e0 prendre des mesures de pr\u00e9paration aux p\u00e9nuries adapt\u00e9es \u00e0 chaque entreprise.<\/p>\n\n\n\n<p>Concernant les prix de l\u2019\u00e9lectricit\u00e9, nous ne disposons pas de chiffres \u00e9tay\u00e9s. Toutefois, la diff\u00e9rence entre nos membres est grande, selon qu\u2019ils d\u00e9pendent de l\u2018approvisionnement de base ou du march\u00e9 libre. Sur le march\u00e9 libre, les membres dont les contrats avec les fournisseurs doivent \u00eatre renouvel\u00e9s cette ann\u00e9e sont douloureusement affect\u00e9s. De plus, les diff\u00e9rences de prix sont tr\u00e8s grandes entre les diff\u00e9rents fournisseurs. Dans les circonstances actuelles, il est donc important que le Conseil f\u00e9d\u00e9ral stabilise les prix. Cela signifie que les entreprises du march\u00e9 libre doivent pouvoir passer \u00e0 l&#8217;approvisionnement de base et avoir la possibilit\u00e9 de prolonger la dur\u00e9e des contrats existants.<\/p>\n\n\n\n<p>BCS<\/p>\n","protected":false},"excerpt":{"rendered":"<p>En collaboration avec plus de 40\u00a0partenaires issus de l\u2019\u00e9conomie, de la soci\u00e9t\u00e9 civile et des pouvoirs publics, le Conseil f\u00e9d\u00e9ral a lanc\u00e9 hier une campagne sous le slogan \u00abL\u2019\u00e9nergie est limit\u00e9e. Ne la gaspillons pas\u00bb, promulguant des conseils visant \u00e0 sensibiliser le public et l\u2019\u00e9conomie \u00e0 une \u00e9conomie d\u2019\u00e9nergie accrue. L\u2019objectif est d\u2019\u00e9viter une p\u00e9nurie d\u2019\u00e9nergie en Suisse sur une base volontaire. Les partenaires impliqu\u00e9s ont cr\u00e9\u00e9 une \u00abAlliance pour les \u00e9conomies d\u2019\u00e9nergie\u00bb, qui sera progressivement \u00e9largie en pr\u00e9vision de l\u2019hiver.<\/p>\n","protected":false},"author":5,"featured_media":45831,"comment_status":"closed","ping_status":"closed","sticky":true,"template":"","format":"standard","meta":{"_acf_changed":false,"footnotes":""},"categories":[41,54],"tags":[],"class_list":["post-45839","post","type-post","status-publish","format-standard","has-post-thumbnail","hentry","category-association","category-conseils"],"acf":[],"yoast_head":"<!-- This site is optimized with the Yoast SEO Premium plugin v26.8 (Yoast SEO v26.8) - https:\/\/yoast.com\/product\/yoast-seo-premium-wordpress\/ -->\n<title>Des \u00e9conomies volontaires pour tous | SBC<\/title>\n<meta name=\"description\" content=\"Des \u00e9conomies volontaires pour tous\" \/>\n<meta name=\"robots\" content=\"index, follow, max-snippet:-1, max-image-preview:large, max-video-preview:-1\" \/>\n<link rel=\"canonical\" href=\"https:\/\/swissbaker.ch\/fr\/panissimo-news\/des-economies-volontaires-pour-tous\/\" \/>\n<meta property=\"og:locale\" content=\"fr_FR\" \/>\n<meta property=\"og:type\" content=\"article\" \/>\n<meta property=\"og:title\" content=\"Des \u00e9conomies volontaires pour tous\" \/>\n<meta property=\"og:description\" content=\"Des \u00e9conomies volontaires pour tous\" \/>\n<meta property=\"og:url\" content=\"https:\/\/swissbaker.ch\/fr\/panissimo-news\/des-economies-volontaires-pour-tous\/\" \/>\n<meta property=\"og:site_name\" content=\"SBC\" \/>\n<meta property=\"article:publisher\" content=\"https:\/\/www.facebook.com\/swissbaker.ch\" \/>\n<meta property=\"article:published_time\" content=\"2022-09-01T08:49:56+00:00\" \/>\n<meta property=\"article:modified_time\" content=\"2022-09-01T10:55:22+00:00\" \/>\n<meta property=\"og:image\" content=\"https:\/\/swissbaker.ch\/wp-content\/uploads\/2022\/09\/16_2_energie_termostat.jpg\" \/>\n\t<meta property=\"og:image:width\" content=\"1200\" \/>\n\t<meta property=\"og:image:height\" content=\"712\" \/>\n\t<meta property=\"og:image:type\" content=\"image\/jpeg\" \/>\n<meta name=\"author\" content=\"Simon Nussbaum\" \/>\n<meta name=\"twitter:card\" content=\"summary_large_image\" \/>\n<meta name=\"twitter:creator\" content=\"@ch_swissbaker\" \/>\n<meta name=\"twitter:site\" content=\"@ch_swissbaker\" \/>\n<meta name=\"twitter:label1\" content=\"Written by\" \/>\n\t<meta name=\"twitter:data1\" content=\"Simon Nussbaum\" \/>\n\t<meta name=\"twitter:label2\" content=\"Est. reading time\" \/>\n\t<meta name=\"twitter:data2\" content=\"4 minutes\" \/>\n<script type=\"application\/ld+json\" class=\"yoast-schema-graph\">{\"@context\":\"https:\/\/schema.org\",\"@graph\":[{\"@type\":\"Article\",\"@id\":\"https:\/\/swissbaker.ch\/fr\/panissimo-news\/des-economies-volontaires-pour-tous\/#article\",\"isPartOf\":{\"@id\":\"https:\/\/swissbaker.ch\/fr\/panissimo-news\/des-economies-volontaires-pour-tous\/\"},\"author\":{\"name\":\"Simon Nussbaum\",\"@id\":\"https:\/\/swissbaker.ch\/fr\/#\/schema\/person\/74bd327b08c18ca6042c02ff6f0ed5e2\"},\"headline\":\"Des \u00e9conomies volontaires pour tous\",\"datePublished\":\"2022-09-01T08:49:56+00:00\",\"dateModified\":\"2022-09-01T10:55:22+00:00\",\"mainEntityOfPage\":{\"@id\":\"https:\/\/swissbaker.ch\/fr\/panissimo-news\/des-economies-volontaires-pour-tous\/\"},\"wordCount\":650,\"publisher\":{\"@id\":\"https:\/\/swissbaker.ch\/fr\/#organization\"},\"image\":{\"@id\":\"https:\/\/swissbaker.ch\/fr\/panissimo-news\/des-economies-volontaires-pour-tous\/#primaryimage\"},\"thumbnailUrl\":\"https:\/\/swissbaker.ch\/wp-content\/uploads\/2022\/09\/16_2_energie_termostat.jpg\",\"articleSection\":[\"Association\",\"Conseils\"],\"inLanguage\":\"fr-FR\"},{\"@type\":\"WebPage\",\"@id\":\"https:\/\/swissbaker.ch\/fr\/panissimo-news\/des-economies-volontaires-pour-tous\/\",\"url\":\"https:\/\/swissbaker.ch\/fr\/panissimo-news\/des-economies-volontaires-pour-tous\/\",\"name\":\"Des \u00e9conomies volontaires pour tous | SBC\",\"isPartOf\":{\"@id\":\"https:\/\/swissbaker.ch\/fr\/#website\"},\"primaryImageOfPage\":{\"@id\":\"https:\/\/swissbaker.ch\/fr\/panissimo-news\/des-economies-volontaires-pour-tous\/#primaryimage\"},\"image\":{\"@id\":\"https:\/\/swissbaker.ch\/fr\/panissimo-news\/des-economies-volontaires-pour-tous\/#primaryimage\"},\"thumbnailUrl\":\"https:\/\/swissbaker.ch\/wp-content\/uploads\/2022\/09\/16_2_energie_termostat.jpg\",\"datePublished\":\"2022-09-01T08:49:56+00:00\",\"dateModified\":\"2022-09-01T10:55:22+00:00\",\"description\":\"Des \u00e9conomies volontaires pour tous\",\"breadcrumb\":{\"@id\":\"https:\/\/swissbaker.ch\/fr\/panissimo-news\/des-economies-volontaires-pour-tous\/#breadcrumb\"},\"inLanguage\":\"fr-FR\",\"potentialAction\":[{\"@type\":\"ReadAction\",\"target\":[\"https:\/\/swissbaker.ch\/fr\/panissimo-news\/des-economies-volontaires-pour-tous\/\"]}]},{\"@type\":\"ImageObject\",\"inLanguage\":\"fr-FR\",\"@id\":\"https:\/\/swissbaker.ch\/fr\/panissimo-news\/des-economies-volontaires-pour-tous\/#primaryimage\",\"url\":\"https:\/\/swissbaker.ch\/wp-content\/uploads\/2022\/09\/16_2_energie_termostat.jpg\",\"contentUrl\":\"https:\/\/swissbaker.ch\/wp-content\/uploads\/2022\/09\/16_2_energie_termostat.jpg\",\"width\":1200,\"height\":712,\"caption\":\"Freiwilliges Sparen f\u00fcr alle\"},{\"@type\":\"BreadcrumbList\",\"@id\":\"https:\/\/swissbaker.ch\/fr\/panissimo-news\/des-economies-volontaires-pour-tous\/#breadcrumb\",\"itemListElement\":[{\"@type\":\"ListItem\",\"position\":1,\"name\":\"\",\"item\":\"https:\/\/swissbaker.ch\/fr\/\"},{\"@type\":\"ListItem\",\"position\":2,\"name\":\"Association\",\"item\":\"https:\/\/swissbaker.ch\/fr\/panissimo-news\/category\/association\/\"},{\"@type\":\"ListItem\",\"position\":3,\"name\":\"Des \u00e9conomies volontaires pour tous\"}]},{\"@type\":\"WebSite\",\"@id\":\"https:\/\/swissbaker.ch\/fr\/#website\",\"url\":\"https:\/\/swissbaker.ch\/fr\/\",\"name\":\"SBC\",\"description\":\"\",\"publisher\":{\"@id\":\"https:\/\/swissbaker.ch\/fr\/#organization\"},\"potentialAction\":[{\"@type\":\"SearchAction\",\"target\":{\"@type\":\"EntryPoint\",\"urlTemplate\":\"https:\/\/swissbaker.ch\/fr\/?s={search_term_string}\"},\"query-input\":{\"@type\":\"PropertyValueSpecification\",\"valueRequired\":true,\"valueName\":\"search_term_string\"}}],\"inLanguage\":\"fr-FR\"},{\"@type\":\"Organization\",\"@id\":\"https:\/\/swissbaker.ch\/fr\/#organization\",\"name\":\"Schweizerischer B\u00e4cker-Confiseurmeister-Verband\",\"url\":\"https:\/\/swissbaker.ch\/fr\/\",\"logo\":{\"@type\":\"ImageObject\",\"inLanguage\":\"fr-FR\",\"@id\":\"https:\/\/swissbaker.ch\/fr\/#\/schema\/logo\/image\/\",\"url\":\"https:\/\/swissbaker.ch\/wp-content\/uploads\/2022\/04\/sbc-logo-yoast.jpg\",\"contentUrl\":\"https:\/\/swissbaker.ch\/wp-content\/uploads\/2022\/04\/sbc-logo-yoast.jpg\",\"width\":512,\"height\":512,\"caption\":\"Schweizerischer B\u00e4cker-Confiseurmeister-Verband\"},\"image\":{\"@id\":\"https:\/\/swissbaker.ch\/fr\/#\/schema\/logo\/image\/\"},\"sameAs\":[\"https:\/\/www.facebook.com\/swissbaker.ch\",\"https:\/\/x.com\/ch_swissbaker\"]},{\"@type\":\"Person\",\"@id\":\"https:\/\/swissbaker.ch\/fr\/#\/schema\/person\/74bd327b08c18ca6042c02ff6f0ed5e2\",\"name\":\"Simon Nussbaum\",\"image\":{\"@type\":\"ImageObject\",\"inLanguage\":\"fr-FR\",\"@id\":\"https:\/\/swissbaker.ch\/fr\/#\/schema\/person\/image\/\",\"url\":\"https:\/\/secure.gravatar.com\/avatar\/df0eced3bb556c806cb760cf503ade1ed1df25b4104d80d6fd28d93a9509aa12?s=96&d=mm&r=g\",\"contentUrl\":\"https:\/\/secure.gravatar.com\/avatar\/df0eced3bb556c806cb760cf503ade1ed1df25b4104d80d6fd28d93a9509aa12?s=96&d=mm&r=g\",\"caption\":\"Simon Nussbaum\"},\"url\":\"https:\/\/swissbaker.ch\/fr\/panissimo-news\/author\/simon-nussbaum\/\"}]}<\/script>\n<!-- \/ Yoast SEO Premium plugin. -->","yoast_head_json":{"title":"Des \u00e9conomies volontaires pour tous | SBC","description":"Des \u00e9conomies volontaires pour tous","robots":{"index":"index","follow":"follow","max-snippet":"max-snippet:-1","max-image-preview":"max-image-preview:large","max-video-preview":"max-video-preview:-1"},"canonical":"https:\/\/swissbaker.ch\/fr\/panissimo-news\/des-economies-volontaires-pour-tous\/","og_locale":"fr_FR","og_type":"article","og_title":"Des \u00e9conomies volontaires pour tous","og_description":"Des \u00e9conomies volontaires pour tous","og_url":"https:\/\/swissbaker.ch\/fr\/panissimo-news\/des-economies-volontaires-pour-tous\/","og_site_name":"SBC","article_publisher":"https:\/\/www.facebook.com\/swissbaker.ch","article_published_time":"2022-09-01T08:49:56+00:00","article_modified_time":"2022-09-01T10:55:22+00:00","og_image":[{"width":1200,"height":712,"url":"https:\/\/swissbaker.ch\/wp-content\/uploads\/2022\/09\/16_2_energie_termostat.jpg","type":"image\/jpeg"}],"author":"Simon Nussbaum","twitter_card":"summary_large_image","twitter_creator":"@ch_swissbaker","twitter_site":"@ch_swissbaker","twitter_misc":{"Written by":"Simon Nussbaum","Est. reading time":"4 minutes"},"schema":{"@context":"https:\/\/schema.org","@graph":[{"@type":"Article","@id":"https:\/\/swissbaker.ch\/fr\/panissimo-news\/des-economies-volontaires-pour-tous\/#article","isPartOf":{"@id":"https:\/\/swissbaker.ch\/fr\/panissimo-news\/des-economies-volontaires-pour-tous\/"},"author":{"name":"Simon Nussbaum","@id":"https:\/\/swissbaker.ch\/fr\/#\/schema\/person\/74bd327b08c18ca6042c02ff6f0ed5e2"},"headline":"Des \u00e9conomies volontaires pour tous","datePublished":"2022-09-01T08:49:56+00:00","dateModified":"2022-09-01T10:55:22+00:00","mainEntityOfPage":{"@id":"https:\/\/swissbaker.ch\/fr\/panissimo-news\/des-economies-volontaires-pour-tous\/"},"wordCount":650,"publisher":{"@id":"https:\/\/swissbaker.ch\/fr\/#organization"},"image":{"@id":"https:\/\/swissbaker.ch\/fr\/panissimo-news\/des-economies-volontaires-pour-tous\/#primaryimage"},"thumbnailUrl":"https:\/\/swissbaker.ch\/wp-content\/uploads\/2022\/09\/16_2_energie_termostat.jpg","articleSection":["Association","Conseils"],"inLanguage":"fr-FR"},{"@type":"WebPage","@id":"https:\/\/swissbaker.ch\/fr\/panissimo-news\/des-economies-volontaires-pour-tous\/","url":"https:\/\/swissbaker.ch\/fr\/panissimo-news\/des-economies-volontaires-pour-tous\/","name":"Des \u00e9conomies volontaires pour tous | SBC","isPartOf":{"@id":"https:\/\/swissbaker.ch\/fr\/#website"},"primaryImageOfPage":{"@id":"https:\/\/swissbaker.ch\/fr\/panissimo-news\/des-economies-volontaires-pour-tous\/#primaryimage"},"image":{"@id":"https:\/\/swissbaker.ch\/fr\/panissimo-news\/des-economies-volontaires-pour-tous\/#primaryimage"},"thumbnailUrl":"https:\/\/swissbaker.ch\/wp-content\/uploads\/2022\/09\/16_2_energie_termostat.jpg","datePublished":"2022-09-01T08:49:56+00:00","dateModified":"2022-09-01T10:55:22+00:00","description":"Des \u00e9conomies volontaires pour tous","breadcrumb":{"@id":"https:\/\/swissbaker.ch\/fr\/panissimo-news\/des-economies-volontaires-pour-tous\/#breadcrumb"},"inLanguage":"fr-FR","potentialAction":[{"@type":"ReadAction","target":["https:\/\/swissbaker.ch\/fr\/panissimo-news\/des-economies-volontaires-pour-tous\/"]}]},{"@type":"ImageObject","inLanguage":"fr-FR","@id":"https:\/\/swissbaker.ch\/fr\/panissimo-news\/des-economies-volontaires-pour-tous\/#primaryimage","url":"https:\/\/swissbaker.ch\/wp-content\/uploads\/2022\/09\/16_2_energie_termostat.jpg","contentUrl":"https:\/\/swissbaker.ch\/wp-content\/uploads\/2022\/09\/16_2_energie_termostat.jpg","width":1200,"height":712,"caption":"Freiwilliges Sparen f\u00fcr alle"},{"@type":"BreadcrumbList","@id":"https:\/\/swissbaker.ch\/fr\/panissimo-news\/des-economies-volontaires-pour-tous\/#breadcrumb","itemListElement":[{"@type":"ListItem","position":1,"name":"","item":"https:\/\/swissbaker.ch\/fr\/"},{"@type":"ListItem","position":2,"name":"Association","item":"https:\/\/swissbaker.ch\/fr\/panissimo-news\/category\/association\/"},{"@type":"ListItem","position":3,"name":"Des \u00e9conomies volontaires pour tous"}]},{"@type":"WebSite","@id":"https:\/\/swissbaker.ch\/fr\/#website","url":"https:\/\/swissbaker.ch\/fr\/","name":"SBC","description":"","publisher":{"@id":"https:\/\/swissbaker.ch\/fr\/#organization"},"potentialAction":[{"@type":"SearchAction","target":{"@type":"EntryPoint","urlTemplate":"https:\/\/swissbaker.ch\/fr\/?s={search_term_string}"},"query-input":{"@type":"PropertyValueSpecification","valueRequired":true,"valueName":"search_term_string"}}],"inLanguage":"fr-FR"},{"@type":"Organization","@id":"https:\/\/swissbaker.ch\/fr\/#organization","name":"Schweizerischer B\u00e4cker-Confiseurmeister-Verband","url":"https:\/\/swissbaker.ch\/fr\/","logo":{"@type":"ImageObject","inLanguage":"fr-FR","@id":"https:\/\/swissbaker.ch\/fr\/#\/schema\/logo\/image\/","url":"https:\/\/swissbaker.ch\/wp-content\/uploads\/2022\/04\/sbc-logo-yoast.jpg","contentUrl":"https:\/\/swissbaker.ch\/wp-content\/uploads\/2022\/04\/sbc-logo-yoast.jpg","width":512,"height":512,"caption":"Schweizerischer B\u00e4cker-Confiseurmeister-Verband"},"image":{"@id":"https:\/\/swissbaker.ch\/fr\/#\/schema\/logo\/image\/"},"sameAs":["https:\/\/www.facebook.com\/swissbaker.ch","https:\/\/x.com\/ch_swissbaker"]},{"@type":"Person","@id":"https:\/\/swissbaker.ch\/fr\/#\/schema\/person\/74bd327b08c18ca6042c02ff6f0ed5e2","name":"Simon Nussbaum","image":{"@type":"ImageObject","inLanguage":"fr-FR","@id":"https:\/\/swissbaker.ch\/fr\/#\/schema\/person\/image\/","url":"https:\/\/secure.gravatar.com\/avatar\/df0eced3bb556c806cb760cf503ade1ed1df25b4104d80d6fd28d93a9509aa12?s=96&d=mm&r=g","contentUrl":"https:\/\/secure.gravatar.com\/avatar\/df0eced3bb556c806cb760cf503ade1ed1df25b4104d80d6fd28d93a9509aa12?s=96&d=mm&r=g","caption":"Simon Nussbaum"},"url":"https:\/\/swissbaker.ch\/fr\/panissimo-news\/author\/simon-nussbaum\/"}]}},"_links":{"self":[{"href":"https:\/\/swissbaker.ch\/fr\/wp-json\/wp\/v2\/posts\/45839","targetHints":{"allow":["GET"]}}],"collection":[{"href":"https:\/\/swissbaker.ch\/fr\/wp-json\/wp\/v2\/posts"}],"about":[{"href":"https:\/\/swissbaker.ch\/fr\/wp-json\/wp\/v2\/types\/post"}],"author":[{"embeddable":true,"href":"https:\/\/swissbaker.ch\/fr\/wp-json\/wp\/v2\/users\/5"}],"replies":[{"embeddable":true,"href":"https:\/\/swissbaker.ch\/fr\/wp-json\/wp\/v2\/comments?post=45839"}],"version-history":[{"count":0,"href":"https:\/\/swissbaker.ch\/fr\/wp-json\/wp\/v2\/posts\/45839\/revisions"}],"wp:featuredmedia":[{"embeddable":true,"href":"https:\/\/swissbaker.ch\/fr\/wp-json\/wp\/v2\/media\/45831"}],"wp:attachment":[{"href":"https:\/\/swissbaker.ch\/fr\/wp-json\/wp\/v2\/media?parent=45839"}],"wp:term":[{"taxonomy":"category","embeddable":true,"href":"https:\/\/swissbaker.ch\/fr\/wp-json\/wp\/v2\/categories?post=45839"},{"taxonomy":"post_tag","embeddable":true,"href":"https:\/\/swissbaker.ch\/fr\/wp-json\/wp\/v2\/tags?post=45839"}],"curies":[{"name":"wp","href":"https:\/\/api.w.org\/{rel}","templated":true}]}}