{"id":45770,"date":"2022-08-31T11:17:10","date_gmt":"2022-08-31T09:17:10","guid":{"rendered":"https:\/\/swissbaker.ch\/?p=45770"},"modified":"2022-09-01T14:25:45","modified_gmt":"2022-09-01T12:25:45","slug":"les-swissskills-enfin-de-retour","status":"publish","type":"post","link":"https:\/\/swissbaker.ch\/fr\/panissimo-news\/les-swissskills-enfin-de-retour\/","title":{"rendered":"Les SwissSkills enfin de retour\u2009!"},"content":{"rendered":"\n<p><strong>Apr\u00e8s une longue p\u00e9riode d\u2019attente, les championnats professionnels centraux, les SwissSkills, ont \u00e0 nouveau lieu\u2009! Ma joie est immense\u2009!<\/strong><\/p>\n\n\n\n<p>En 2018, ils ont \u00e9t\u00e9 organis\u00e9s pour la derni\u00e8re fois avec un grand succ\u00e8s \u00e0 tous les niveaux. Les pr\u00e9paratifs pour 2020 allaient bon train lorsque le coronavirus a fait capoter les plans, tout comme en 2021. Nous sommes d\u2019autant plus heureux que la fameuse fi\u00e8vre des SwissSkills se soit \u00e0 nouveau empar\u00e9e de nous tous et que ce happening professionnel \u00e0 l\u2019ambiance unique puisse avoir lieu.<\/p>\n\n\n\n<p>C\u2019est un \u00e9v\u00e9nement de tous les records\u2009: 150 m\u00e9tiers seront pr\u00e9sent\u00e9s lors des 3e SwissSkills \u00e0 Berne (du 7 au 11\u202fseptembre). Jamais encore leur nombre n\u2019a \u00e9t\u00e9 aussi \u00e9lev\u00e9\u2009! 1150 jeunes professionnels motiv\u00e9s et talentueux seront en action en direct. 2582 classes se sont inscrites jusqu\u2019\u00e0 la cl\u00f4ture de la r\u00e9daction, ce qui repr\u00e9sente plus de 60\u2009000 \u00e9l\u00e8ves.<\/p>\n\n\n\n<p>Les SwissSkills attirent v\u00e9ritablement le public et constituent la meilleure publicit\u00e9 pour la formation duale, pour l\u2019artisanat, pour notre branche. Ils offrent un aper\u00e7u inspirant de l\u2019immense diversit\u00e9 des m\u00e9tiers d\u2019apprentissage suisses, sur place comme en ligne. Faites la promotion de cet \u00e9v\u00e9nement unique aupr\u00e8s de vos collaborateurs, de vos clients et de vos fournisseurs\u2009! Une visite vaut la peine pour tous, pour toute la famille\u2009!<\/p>\n\n\n\n<hr class=\"wp-block-separator has-alpha-channel-opacity\"\/>\n\n\n\n<h2 class=\"has-text-align-center wp-block-heading\"><a href=\"https:\/\/www.swiss-skills2022.ch\/fr\" target=\"_blank\" rel=\"noreferrer noopener\">swiss-skills2022.ch<\/a><\/h2>\n\n\n\n<hr class=\"wp-block-separator has-alpha-channel-opacity\"\/>\n\n\n\n<p>Je croise les doigts pour les 36 candidates et candidats tr\u00e8s motiv\u00e9s dans les m\u00e9tiers de boulanger-p\u00e2tissier, p\u00e2tissier-confiseur et gestionnaire du commerce de d\u00e9tail. Je leur souhaite beaucoup de succ\u00e8s et de plaisir. Ils sont d\u00e9j\u00e0 tous des champions\u2009! Et j\u2019esp\u00e8re que le plus grand nombre possible de personnes de notre branche assiste \u00e0 l\u2019\u00e9v\u00e9nement et soutienne nos jeunes professionnels.<br>Je suis de la partie\u2009? Vous aussi\u2009?<\/p>\n\n\n\n<p><em>Silvan Hotz<br>Pr\u00e9sident de la B<\/em>CS<\/p>\n","protected":false},"excerpt":{"rendered":"<p>Apr\u00e8s une longue p\u00e9riode d\u2019attente, les championnats professionnels centraux, les SwissSkills, ont \u00e0 nouveau lieu\u2009! Ma joie est immense\u2009!<\/p>\n","protected":false},"author":5,"featured_media":29651,"comment_status":"open","ping_status":"closed","sticky":true,"template":"","format":"standard","meta":{"_acf_changed":false,"footnotes":""},"categories":[41,43],"tags":[],"class_list":["post-45770","post","type-post","status-publish","format-standard","has-post-thumbnail","hentry","category-association","category-concours"],"acf":[],"yoast_head":"<!-- This site is optimized with the Yoast SEO Premium plugin v26.8 (Yoast SEO v26.8) - https:\/\/yoast.com\/product\/yoast-seo-premium-wordpress\/ -->\n<title>Les SwissSkills enfin de retour\u2009! | SBC<\/title>\n<meta name=\"description\" content=\"Les SwissSkills enfin de retour\u2009!\" \/>\n<meta name=\"robots\" content=\"index, follow, max-snippet:-1, max-image-preview:large, max-video-preview:-1\" \/>\n<link rel=\"canonical\" href=\"https:\/\/swissbaker.ch\/fr\/panissimo-news\/les-swissskills-enfin-de-retour\/\" \/>\n<meta property=\"og:locale\" content=\"fr_FR\" \/>\n<meta property=\"og:type\" content=\"article\" \/>\n<meta property=\"og:title\" content=\"Les SwissSkills enfin de retour\u2009!\" \/>\n<meta property=\"og:description\" content=\"Les SwissSkills enfin de retour\u2009!\" \/>\n<meta property=\"og:url\" content=\"https:\/\/swissbaker.ch\/fr\/panissimo-news\/les-swissskills-enfin-de-retour\/\" \/>\n<meta property=\"og:site_name\" content=\"SBC\" \/>\n<meta property=\"article:publisher\" content=\"https:\/\/www.facebook.com\/swissbaker.ch\" \/>\n<meta property=\"article:published_time\" content=\"2022-08-31T09:17:10+00:00\" \/>\n<meta property=\"article:modified_time\" content=\"2022-09-01T12:25:45+00:00\" \/>\n<meta property=\"og:image\" content=\"https:\/\/swissbaker.ch\/wp-content\/uploads\/2022\/05\/zv_silvan_hotz_p8190159.jpg\" \/>\n\t<meta property=\"og:image:width\" content=\"2560\" \/>\n\t<meta property=\"og:image:height\" content=\"1920\" \/>\n\t<meta property=\"og:image:type\" content=\"image\/jpeg\" \/>\n<meta name=\"author\" content=\"Simon Nussbaum\" \/>\n<meta name=\"twitter:card\" content=\"summary_large_image\" \/>\n<meta name=\"twitter:creator\" content=\"@ch_swissbaker\" \/>\n<meta name=\"twitter:site\" content=\"@ch_swissbaker\" \/>\n<meta name=\"twitter:label1\" content=\"Written by\" \/>\n\t<meta name=\"twitter:data1\" content=\"Simon Nussbaum\" \/>\n\t<meta name=\"twitter:label2\" content=\"Est. reading time\" \/>\n\t<meta name=\"twitter:data2\" content=\"2 minutes\" \/>\n<script type=\"application\/ld+json\" class=\"yoast-schema-graph\">{\"@context\":\"https:\/\/schema.org\",\"@graph\":[{\"@type\":\"Article\",\"@id\":\"https:\/\/swissbaker.ch\/fr\/panissimo-news\/les-swissskills-enfin-de-retour\/#article\",\"isPartOf\":{\"@id\":\"https:\/\/swissbaker.ch\/fr\/panissimo-news\/les-swissskills-enfin-de-retour\/\"},\"author\":{\"name\":\"Simon Nussbaum\",\"@id\":\"https:\/\/swissbaker.ch\/fr\/#\/schema\/person\/74bd327b08c18ca6042c02ff6f0ed5e2\"},\"headline\":\"Les SwissSkills enfin de retour\u2009!\",\"datePublished\":\"2022-08-31T09:17:10+00:00\",\"dateModified\":\"2022-09-01T12:25:45+00:00\",\"mainEntityOfPage\":{\"@id\":\"https:\/\/swissbaker.ch\/fr\/panissimo-news\/les-swissskills-enfin-de-retour\/\"},\"wordCount\":317,\"commentCount\":0,\"publisher\":{\"@id\":\"https:\/\/swissbaker.ch\/fr\/#organization\"},\"image\":{\"@id\":\"https:\/\/swissbaker.ch\/fr\/panissimo-news\/les-swissskills-enfin-de-retour\/#primaryimage\"},\"thumbnailUrl\":\"https:\/\/swissbaker.ch\/wp-content\/uploads\/2022\/05\/zv_silvan_hotz_p8190159.jpg\",\"articleSection\":[\"Association\",\"Concours\"],\"inLanguage\":\"fr-FR\",\"potentialAction\":[{\"@type\":\"CommentAction\",\"name\":\"Comment\",\"target\":[\"https:\/\/swissbaker.ch\/fr\/panissimo-news\/les-swissskills-enfin-de-retour\/#respond\"]}]},{\"@type\":\"WebPage\",\"@id\":\"https:\/\/swissbaker.ch\/fr\/panissimo-news\/les-swissskills-enfin-de-retour\/\",\"url\":\"https:\/\/swissbaker.ch\/fr\/panissimo-news\/les-swissskills-enfin-de-retour\/\",\"name\":\"Les SwissSkills enfin de retour\u2009! | SBC\",\"isPartOf\":{\"@id\":\"https:\/\/swissbaker.ch\/fr\/#website\"},\"primaryImageOfPage\":{\"@id\":\"https:\/\/swissbaker.ch\/fr\/panissimo-news\/les-swissskills-enfin-de-retour\/#primaryimage\"},\"image\":{\"@id\":\"https:\/\/swissbaker.ch\/fr\/panissimo-news\/les-swissskills-enfin-de-retour\/#primaryimage\"},\"thumbnailUrl\":\"https:\/\/swissbaker.ch\/wp-content\/uploads\/2022\/05\/zv_silvan_hotz_p8190159.jpg\",\"datePublished\":\"2022-08-31T09:17:10+00:00\",\"dateModified\":\"2022-09-01T12:25:45+00:00\",\"description\":\"Les SwissSkills enfin de retour\u2009!\",\"breadcrumb\":{\"@id\":\"https:\/\/swissbaker.ch\/fr\/panissimo-news\/les-swissskills-enfin-de-retour\/#breadcrumb\"},\"inLanguage\":\"fr-FR\",\"potentialAction\":[{\"@type\":\"ReadAction\",\"target\":[\"https:\/\/swissbaker.ch\/fr\/panissimo-news\/les-swissskills-enfin-de-retour\/\"]}]},{\"@type\":\"ImageObject\",\"inLanguage\":\"fr-FR\",\"@id\":\"https:\/\/swissbaker.ch\/fr\/panissimo-news\/les-swissskills-enfin-de-retour\/#primaryimage\",\"url\":\"https:\/\/swissbaker.ch\/wp-content\/uploads\/2022\/05\/zv_silvan_hotz_p8190159.jpg\",\"contentUrl\":\"https:\/\/swissbaker.ch\/wp-content\/uploads\/2022\/05\/zv_silvan_hotz_p8190159.jpg\",\"width\":2560,\"height\":1920,\"caption\":\"OLYMPUS DIGITAL CAMERA\"},{\"@type\":\"BreadcrumbList\",\"@id\":\"https:\/\/swissbaker.ch\/fr\/panissimo-news\/les-swissskills-enfin-de-retour\/#breadcrumb\",\"itemListElement\":[{\"@type\":\"ListItem\",\"position\":1,\"name\":\"\",\"item\":\"https:\/\/swissbaker.ch\/fr\/\"},{\"@type\":\"ListItem\",\"position\":2,\"name\":\"Association\",\"item\":\"https:\/\/swissbaker.ch\/fr\/panissimo-news\/category\/association\/\"},{\"@type\":\"ListItem\",\"position\":3,\"name\":\"Les SwissSkills enfin de retour\u2009!\"}]},{\"@type\":\"WebSite\",\"@id\":\"https:\/\/swissbaker.ch\/fr\/#website\",\"url\":\"https:\/\/swissbaker.ch\/fr\/\",\"name\":\"SBC\",\"description\":\"\",\"publisher\":{\"@id\":\"https:\/\/swissbaker.ch\/fr\/#organization\"},\"potentialAction\":[{\"@type\":\"SearchAction\",\"target\":{\"@type\":\"EntryPoint\",\"urlTemplate\":\"https:\/\/swissbaker.ch\/fr\/?s={search_term_string}\"},\"query-input\":{\"@type\":\"PropertyValueSpecification\",\"valueRequired\":true,\"valueName\":\"search_term_string\"}}],\"inLanguage\":\"fr-FR\"},{\"@type\":\"Organization\",\"@id\":\"https:\/\/swissbaker.ch\/fr\/#organization\",\"name\":\"Schweizerischer B\u00e4cker-Confiseurmeister-Verband\",\"url\":\"https:\/\/swissbaker.ch\/fr\/\",\"logo\":{\"@type\":\"ImageObject\",\"inLanguage\":\"fr-FR\",\"@id\":\"https:\/\/swissbaker.ch\/fr\/#\/schema\/logo\/image\/\",\"url\":\"https:\/\/swissbaker.ch\/wp-content\/uploads\/2022\/04\/sbc-logo-yoast.jpg\",\"contentUrl\":\"https:\/\/swissbaker.ch\/wp-content\/uploads\/2022\/04\/sbc-logo-yoast.jpg\",\"width\":512,\"height\":512,\"caption\":\"Schweizerischer B\u00e4cker-Confiseurmeister-Verband\"},\"image\":{\"@id\":\"https:\/\/swissbaker.ch\/fr\/#\/schema\/logo\/image\/\"},\"sameAs\":[\"https:\/\/www.facebook.com\/swissbaker.ch\",\"https:\/\/x.com\/ch_swissbaker\"]},{\"@type\":\"Person\",\"@id\":\"https:\/\/swissbaker.ch\/fr\/#\/schema\/person\/74bd327b08c18ca6042c02ff6f0ed5e2\",\"name\":\"Simon Nussbaum\",\"image\":{\"@type\":\"ImageObject\",\"inLanguage\":\"fr-FR\",\"@id\":\"https:\/\/swissbaker.ch\/fr\/#\/schema\/person\/image\/\",\"url\":\"https:\/\/secure.gravatar.com\/avatar\/df0eced3bb556c806cb760cf503ade1ed1df25b4104d80d6fd28d93a9509aa12?s=96&d=mm&r=g\",\"contentUrl\":\"https:\/\/secure.gravatar.com\/avatar\/df0eced3bb556c806cb760cf503ade1ed1df25b4104d80d6fd28d93a9509aa12?s=96&d=mm&r=g\",\"caption\":\"Simon Nussbaum\"},\"url\":\"https:\/\/swissbaker.ch\/fr\/panissimo-news\/author\/simon-nussbaum\/\"}]}<\/script>\n<!-- \/ Yoast SEO Premium plugin. -->","yoast_head_json":{"title":"Les SwissSkills enfin de retour\u2009! | SBC","description":"Les SwissSkills enfin de retour\u2009!","robots":{"index":"index","follow":"follow","max-snippet":"max-snippet:-1","max-image-preview":"max-image-preview:large","max-video-preview":"max-video-preview:-1"},"canonical":"https:\/\/swissbaker.ch\/fr\/panissimo-news\/les-swissskills-enfin-de-retour\/","og_locale":"fr_FR","og_type":"article","og_title":"Les SwissSkills enfin de retour\u2009!","og_description":"Les SwissSkills enfin de retour\u2009!","og_url":"https:\/\/swissbaker.ch\/fr\/panissimo-news\/les-swissskills-enfin-de-retour\/","og_site_name":"SBC","article_publisher":"https:\/\/www.facebook.com\/swissbaker.ch","article_published_time":"2022-08-31T09:17:10+00:00","article_modified_time":"2022-09-01T12:25:45+00:00","og_image":[{"width":2560,"height":1920,"url":"https:\/\/swissbaker.ch\/wp-content\/uploads\/2022\/05\/zv_silvan_hotz_p8190159.jpg","type":"image\/jpeg"}],"author":"Simon Nussbaum","twitter_card":"summary_large_image","twitter_creator":"@ch_swissbaker","twitter_site":"@ch_swissbaker","twitter_misc":{"Written by":"Simon Nussbaum","Est. reading time":"2 minutes"},"schema":{"@context":"https:\/\/schema.org","@graph":[{"@type":"Article","@id":"https:\/\/swissbaker.ch\/fr\/panissimo-news\/les-swissskills-enfin-de-retour\/#article","isPartOf":{"@id":"https:\/\/swissbaker.ch\/fr\/panissimo-news\/les-swissskills-enfin-de-retour\/"},"author":{"name":"Simon Nussbaum","@id":"https:\/\/swissbaker.ch\/fr\/#\/schema\/person\/74bd327b08c18ca6042c02ff6f0ed5e2"},"headline":"Les SwissSkills enfin de retour\u2009!","datePublished":"2022-08-31T09:17:10+00:00","dateModified":"2022-09-01T12:25:45+00:00","mainEntityOfPage":{"@id":"https:\/\/swissbaker.ch\/fr\/panissimo-news\/les-swissskills-enfin-de-retour\/"},"wordCount":317,"commentCount":0,"publisher":{"@id":"https:\/\/swissbaker.ch\/fr\/#organization"},"image":{"@id":"https:\/\/swissbaker.ch\/fr\/panissimo-news\/les-swissskills-enfin-de-retour\/#primaryimage"},"thumbnailUrl":"https:\/\/swissbaker.ch\/wp-content\/uploads\/2022\/05\/zv_silvan_hotz_p8190159.jpg","articleSection":["Association","Concours"],"inLanguage":"fr-FR","potentialAction":[{"@type":"CommentAction","name":"Comment","target":["https:\/\/swissbaker.ch\/fr\/panissimo-news\/les-swissskills-enfin-de-retour\/#respond"]}]},{"@type":"WebPage","@id":"https:\/\/swissbaker.ch\/fr\/panissimo-news\/les-swissskills-enfin-de-retour\/","url":"https:\/\/swissbaker.ch\/fr\/panissimo-news\/les-swissskills-enfin-de-retour\/","name":"Les SwissSkills enfin de retour\u2009! | SBC","isPartOf":{"@id":"https:\/\/swissbaker.ch\/fr\/#website"},"primaryImageOfPage":{"@id":"https:\/\/swissbaker.ch\/fr\/panissimo-news\/les-swissskills-enfin-de-retour\/#primaryimage"},"image":{"@id":"https:\/\/swissbaker.ch\/fr\/panissimo-news\/les-swissskills-enfin-de-retour\/#primaryimage"},"thumbnailUrl":"https:\/\/swissbaker.ch\/wp-content\/uploads\/2022\/05\/zv_silvan_hotz_p8190159.jpg","datePublished":"2022-08-31T09:17:10+00:00","dateModified":"2022-09-01T12:25:45+00:00","description":"Les SwissSkills enfin de retour\u2009!","breadcrumb":{"@id":"https:\/\/swissbaker.ch\/fr\/panissimo-news\/les-swissskills-enfin-de-retour\/#breadcrumb"},"inLanguage":"fr-FR","potentialAction":[{"@type":"ReadAction","target":["https:\/\/swissbaker.ch\/fr\/panissimo-news\/les-swissskills-enfin-de-retour\/"]}]},{"@type":"ImageObject","inLanguage":"fr-FR","@id":"https:\/\/swissbaker.ch\/fr\/panissimo-news\/les-swissskills-enfin-de-retour\/#primaryimage","url":"https:\/\/swissbaker.ch\/wp-content\/uploads\/2022\/05\/zv_silvan_hotz_p8190159.jpg","contentUrl":"https:\/\/swissbaker.ch\/wp-content\/uploads\/2022\/05\/zv_silvan_hotz_p8190159.jpg","width":2560,"height":1920,"caption":"OLYMPUS DIGITAL CAMERA"},{"@type":"BreadcrumbList","@id":"https:\/\/swissbaker.ch\/fr\/panissimo-news\/les-swissskills-enfin-de-retour\/#breadcrumb","itemListElement":[{"@type":"ListItem","position":1,"name":"","item":"https:\/\/swissbaker.ch\/fr\/"},{"@type":"ListItem","position":2,"name":"Association","item":"https:\/\/swissbaker.ch\/fr\/panissimo-news\/category\/association\/"},{"@type":"ListItem","position":3,"name":"Les SwissSkills enfin de retour\u2009!"}]},{"@type":"WebSite","@id":"https:\/\/swissbaker.ch\/fr\/#website","url":"https:\/\/swissbaker.ch\/fr\/","name":"SBC","description":"","publisher":{"@id":"https:\/\/swissbaker.ch\/fr\/#organization"},"potentialAction":[{"@type":"SearchAction","target":{"@type":"EntryPoint","urlTemplate":"https:\/\/swissbaker.ch\/fr\/?s={search_term_string}"},"query-input":{"@type":"PropertyValueSpecification","valueRequired":true,"valueName":"search_term_string"}}],"inLanguage":"fr-FR"},{"@type":"Organization","@id":"https:\/\/swissbaker.ch\/fr\/#organization","name":"Schweizerischer B\u00e4cker-Confiseurmeister-Verband","url":"https:\/\/swissbaker.ch\/fr\/","logo":{"@type":"ImageObject","inLanguage":"fr-FR","@id":"https:\/\/swissbaker.ch\/fr\/#\/schema\/logo\/image\/","url":"https:\/\/swissbaker.ch\/wp-content\/uploads\/2022\/04\/sbc-logo-yoast.jpg","contentUrl":"https:\/\/swissbaker.ch\/wp-content\/uploads\/2022\/04\/sbc-logo-yoast.jpg","width":512,"height":512,"caption":"Schweizerischer B\u00e4cker-Confiseurmeister-Verband"},"image":{"@id":"https:\/\/swissbaker.ch\/fr\/#\/schema\/logo\/image\/"},"sameAs":["https:\/\/www.facebook.com\/swissbaker.ch","https:\/\/x.com\/ch_swissbaker"]},{"@type":"Person","@id":"https:\/\/swissbaker.ch\/fr\/#\/schema\/person\/74bd327b08c18ca6042c02ff6f0ed5e2","name":"Simon Nussbaum","image":{"@type":"ImageObject","inLanguage":"fr-FR","@id":"https:\/\/swissbaker.ch\/fr\/#\/schema\/person\/image\/","url":"https:\/\/secure.gravatar.com\/avatar\/df0eced3bb556c806cb760cf503ade1ed1df25b4104d80d6fd28d93a9509aa12?s=96&d=mm&r=g","contentUrl":"https:\/\/secure.gravatar.com\/avatar\/df0eced3bb556c806cb760cf503ade1ed1df25b4104d80d6fd28d93a9509aa12?s=96&d=mm&r=g","caption":"Simon Nussbaum"},"url":"https:\/\/swissbaker.ch\/fr\/panissimo-news\/author\/simon-nussbaum\/"}]}},"_links":{"self":[{"href":"https:\/\/swissbaker.ch\/fr\/wp-json\/wp\/v2\/posts\/45770","targetHints":{"allow":["GET"]}}],"collection":[{"href":"https:\/\/swissbaker.ch\/fr\/wp-json\/wp\/v2\/posts"}],"about":[{"href":"https:\/\/swissbaker.ch\/fr\/wp-json\/wp\/v2\/types\/post"}],"author":[{"embeddable":true,"href":"https:\/\/swissbaker.ch\/fr\/wp-json\/wp\/v2\/users\/5"}],"replies":[{"embeddable":true,"href":"https:\/\/swissbaker.ch\/fr\/wp-json\/wp\/v2\/comments?post=45770"}],"version-history":[{"count":0,"href":"https:\/\/swissbaker.ch\/fr\/wp-json\/wp\/v2\/posts\/45770\/revisions"}],"wp:featuredmedia":[{"embeddable":true,"href":"https:\/\/swissbaker.ch\/fr\/wp-json\/wp\/v2\/media\/29651"}],"wp:attachment":[{"href":"https:\/\/swissbaker.ch\/fr\/wp-json\/wp\/v2\/media?parent=45770"}],"wp:term":[{"taxonomy":"category","embeddable":true,"href":"https:\/\/swissbaker.ch\/fr\/wp-json\/wp\/v2\/categories?post=45770"},{"taxonomy":"post_tag","embeddable":true,"href":"https:\/\/swissbaker.ch\/fr\/wp-json\/wp\/v2\/tags?post=45770"}],"curies":[{"name":"wp","href":"https:\/\/api.w.org\/{rel}","templated":true}]}}