{"id":45487,"date":"2022-08-25T14:36:10","date_gmt":"2022-08-25T12:36:10","guid":{"rendered":"https:\/\/swissbaker.ch\/?p=45487"},"modified":"2022-08-25T14:51:07","modified_gmt":"2022-08-25T12:51:07","slug":"lassainissement-de-lavs-est-incontournable","status":"publish","type":"post","link":"https:\/\/swissbaker.ch\/fr\/panissimo-news\/lassainissement-de-lavs-est-incontournable\/","title":{"rendered":"<strong>L\u2019assainissement de l\u2019AVS est incontournable <\/strong><strong><\/strong>"},"content":{"rendered":"\n<p><strong>Les trous qui commencent \u00e0 se creuser dans la caisse de l\u2019AVS sont effrayants. Le refus d\u2019apporter des corrections rapides est un comportement irresponsable. Le 25 septembre, le peuple votera sur la stabilisation de l\u2019AVS (AVS 21). La r\u00e9forme comprend une modification de la loi sur l\u2019AVS et un arr\u00eat\u00e9 f\u00e9d\u00e9ral sur le financement additionnel de l\u2019AVS par une hausse de la TVA. AVS est synonyme de pr\u00e9voyance vieillesse. Le comit\u00e9 central de la BCS ainsi que les organisations \u00e9conomiques importantes soutiennent ce projet.<\/strong><\/p>\n\n\n\n<p>\u00abIl est difficile de faire des pr\u00e9visions, surtout quand elles concernent l\u2019avenir.\u00bb Cette citation, attribu\u00e9e \u00e0 Karl Valentin, s\u2019applique tout particuli\u00e8rement \u00e0 l\u2019AVS. Par exemple, un effondrement inattendu de l\u2019emploi peut entra\u00eener une baisse de plusieurs centaines de millions de francs des recettes provenant des cotisations salariales, ce qui peut rapidement transformer un exc\u00e9dent de recettes escompt\u00e9 en un d\u00e9ficit.<\/p>\n\n\n\n<p>Les revenus des placements sont particuli\u00e8rement difficiles \u00e0 pr\u00e9voir. Et ils p\u00e8sent lourd dans l\u2019AVS, dont le stock de capital s\u2019\u00e9l\u00e8ve \u00e0 pr\u00e8s de cinquante milliards de francs. Ainsi, en d\u00e9cembre dernier, l\u2019OFAS a publi\u00e9 des pr\u00e9visions qui tablaient sur des revenus du capital de 774 millions de francs pour 2021. Gr\u00e2ce \u00e0 une ann\u00e9e de placement particuli\u00e8rement r\u00e9jouissante, le produit du capital a effectivement \u00e9t\u00e9 d\u00e9pass\u00e9 de pr\u00e8s d\u2019un milliard de francs. Bien entendu, les comptes de l\u2019AVS s\u2019en trouvent nettement am\u00e9lior\u00e9s \u00e0 court terme. Mais attention: depuis, les march\u00e9s ont bascul\u00e9. Une bonne partie du gain en capital de 2021 a d\u00fb dispara\u00eetre dans l\u2019intervalle.<\/p>\n\n\n\n<p>La r\u00e9vision de l\u2019AVS, sur laquelle nous voterons le 25 septembre, est-elle devenue obsol\u00e8te en raison des bons r\u00e9sultats des comptes 2021? Les d\u00e9ficits pr\u00e9vus ne sont-ils que du pessimisme de la part de l\u2019administration et des politiciens du clan bourgeois et les probl\u00e8mes de financement de l\u2019AVS se r\u00e9soudront-ils d\u2019eux-m\u00eames? Pas du tout! \u00c0 court terme, il y a toujours eu des \u00e9carts plus ou moins importants par rapport aux pr\u00e9visions des comptes de l\u2019AVS et il en sera toujours ainsi. La tendance \u00e0 long terme est toutefois claire. Et elle nous oblige \u00e0 agir rapidement. Nier cela et refuser les r\u00e9formes, c\u2019est faire preuve de n\u00e9gligence et mettre en jeu \u00e0 la l\u00e9g\u00e8re la s\u00e9curit\u00e9 de notre principale institution sociale.<\/p>\n\n\n\n<p>Selon les pr\u00e9visions de l\u2019OFAS de mai dernier, nous devons nous attendre \u00e0 des r\u00e9sultats d\u2019exploitation n\u00e9gatifs de plusieurs milliards au plus tard \u00e0 partir de 2029. Comme je l\u2019ai dit, il s\u2019agit de pr\u00e9visions qui peuvent diverger de plusieurs centaines de millions de francs vers le bas ou vers le haut par rapport au r\u00e9sultat effectif. Mais une chose est s\u00fbre: ces exc\u00e9dents de d\u00e9penses ne se transformeront certainement pas en b\u00e9n\u00e9fices.<\/p>\n\n\n\n<h3 class=\"wp-block-heading\" id=\"h-un-enorme-deficit-de-financement\"><strong>Un \u00e9norme d\u00e9ficit de financement<\/strong><\/h3>\n\n\n\n<p>Apr\u00e8s 2030, les d\u00e9ficits continueront de se creuser. Et ce, de mani\u00e8re exponentielle. En cons\u00e9quence, d\u2019ici une quinzaine d\u2019ann\u00e9es, l\u2019int\u00e9gralit\u00e9 du stock de capital de l\u2019AVS, qui s\u2019\u00e9l\u00e8ve actuellement \u00e0 pr\u00e8s de 50 milliards de francs, sera \u00e9puis\u00e9. Et n\u2019oubliez pas: les pr\u00e9visions ne sont jamais exactes. Il se peut que les ressources de l\u2019AVS suffisent jusqu\u2019en 2040, mais peut-\u00eatre aussi seulement jusqu\u2019en 2034.<\/p>\n\n\n\n<p>C\u2019est effrayant! Mais malheureusement, la v\u00e9rit\u00e9 tout enti\u00e8re est encore plus d\u00e9sastreuse. UBS a r\u00e9cemment calcul\u00e9, en collaboration avec l\u2019Universit\u00e9 de Fribourg-en-Brisgau, que les promesses de rentes AVS faites conform\u00e9ment au droit en vigueur d\u00e9passeront les recettes futures de 900 milliards de francs. Cette lacune de financement correspond \u00e0 environ 126% du produit int\u00e9rieur brut actuel ou \u00e0 18 fois le montant des recettes annuelles actuelles de l\u2019AVS.<\/p>\n\n\n\n<p>Tous ces chiffres montrent clairement que l\u2019AVS doit \u00eatre assainie d\u2019urgence. Avec AVS 21, une premi\u00e8re \u00e9tape d\u2019assainissement est en cours. Elle doit permettre d\u2019am\u00e9liorer le r\u00e9sultat d\u2019exploitation de l\u2019AVS d\u2019un peu plus de 2 milliards de francs par an. Cela suffira \u00e0 maintenir l\u2019\u00e9quilibre des finances de l\u2019AVS jusqu\u2019en 2030 environ. Ensuite, d\u2019autres r\u00e9formes encore plus incisives seront n\u00e9cessaires. AVS 21 est importante et in\u00e9vitable. Mais elle est aussi insuffisante, car elle r\u00e9duit \u00abseulement\u00bb le d\u00e9ficit de financement de l\u2019AVS de 900 milliards \u00e0 650 milliards de francs.<\/p>\n\n\n\n<p>Nos retrait\u00e9s nous tiennent \u00e0 c\u0153ur. Il est donc urgent d\u2019assainir les finances de l\u2019AVS et de garantir les rentes futures. Mais nous devons aussi accorder de l\u2019importance \u00e0 nos jeunes. Nous ne devrions pas leur l\u00e9guer des assurances sociales fortement d\u00e9ficitaires et des ch\u00e8ques AVS sans provision d\u2019un montant vertigineux. Un oui \u00e0 AVS 21 est incontournable.<\/p>\n\n\n\n<p>Kurt Gfeller, vice-directeur de l\u2019usam, responsable du dossier Politique sociale<\/p>\n","protected":false},"excerpt":{"rendered":"<p>Les trous qui commencent \u00e0 se creuser dans la caisse de l\u2019AVS sont effrayants. Le refus d\u2019apporter des corrections rapides est un comportement irresponsable. Le 25 septembre, le peuple votera sur la stabilisation de l\u2019AVS (AVS 21). La r\u00e9forme comprend une modification de la loi sur l\u2019AVS et un arr\u00eat\u00e9 f\u00e9d\u00e9ral sur le financement additionnel de l\u2019AVS par une hausse [&hellip;]<\/p>\n","protected":false},"author":4,"featured_media":44175,"comment_status":"open","ping_status":"closed","sticky":false,"template":"","format":"standard","meta":{"_acf_changed":false,"footnotes":""},"categories":[41,44],"tags":[],"class_list":["post-45487","post","type-post","status-publish","format-standard","has-post-thumbnail","hentry","category-association","category-droit-politique"],"acf":[],"yoast_head":"<!-- This site is optimized with the Yoast SEO Premium plugin v26.8 (Yoast SEO v26.8) - https:\/\/yoast.com\/product\/yoast-seo-premium-wordpress\/ -->\n<title>L\u2019assainissement de l\u2019AVS est incontournable  | BCS<\/title>\n<meta name=\"description\" content=\"Les trous qui commencent \u00e0 se creuser dans la caisse de l\u2019AVS sont effrayants. Le refus d\u2019apporter des corrections rapides est un comportement irresponsable.\" \/>\n<meta name=\"robots\" content=\"index, follow, max-snippet:-1, max-image-preview:large, max-video-preview:-1\" \/>\n<link rel=\"canonical\" href=\"https:\/\/swissbaker.ch\/fr\/panissimo-news\/lassainissement-de-lavs-est-incontournable\/\" \/>\n<meta property=\"og:locale\" content=\"fr_FR\" \/>\n<meta property=\"og:type\" content=\"article\" \/>\n<meta property=\"og:title\" content=\"L\u2019assainissement de l\u2019AVS est incontournable\" \/>\n<meta property=\"og:description\" content=\"Les trous qui commencent \u00e0 se creuser dans la caisse de l\u2019AVS sont effrayants. Le refus d\u2019apporter des corrections rapides est un comportement irresponsable.\" \/>\n<meta property=\"og:url\" content=\"https:\/\/swissbaker.ch\/fr\/panissimo-news\/lassainissement-de-lavs-est-incontournable\/\" \/>\n<meta property=\"og:site_name\" content=\"SBC\" \/>\n<meta property=\"article:publisher\" content=\"https:\/\/www.facebook.com\/swissbaker.ch\" \/>\n<meta property=\"article:published_time\" content=\"2022-08-25T12:36:10+00:00\" \/>\n<meta property=\"article:modified_time\" content=\"2022-08-25T12:51:07+00:00\" \/>\n<meta property=\"og:image\" content=\"https:\/\/swissbaker.ch\/wp-content\/uploads\/2022\/08\/altersvorsorge_c_pressmaster_fotolia.jpg\" \/>\n\t<meta property=\"og:image:width\" content=\"800\" \/>\n\t<meta property=\"og:image:height\" content=\"475\" \/>\n\t<meta property=\"og:image:type\" content=\"image\/jpeg\" \/>\n<meta name=\"author\" content=\"Elina Laich\" \/>\n<meta name=\"twitter:card\" content=\"summary_large_image\" \/>\n<meta name=\"twitter:creator\" content=\"@ch_swissbaker\" \/>\n<meta name=\"twitter:site\" content=\"@ch_swissbaker\" \/>\n<meta name=\"twitter:label1\" content=\"Written by\" \/>\n\t<meta name=\"twitter:data1\" content=\"Elina Laich\" \/>\n\t<meta name=\"twitter:label2\" content=\"Est. reading time\" \/>\n\t<meta name=\"twitter:data2\" content=\"5 minutes\" \/>\n<script type=\"application\/ld+json\" class=\"yoast-schema-graph\">{\"@context\":\"https:\/\/schema.org\",\"@graph\":[{\"@type\":\"Article\",\"@id\":\"https:\/\/swissbaker.ch\/fr\/panissimo-news\/lassainissement-de-lavs-est-incontournable\/#article\",\"isPartOf\":{\"@id\":\"https:\/\/swissbaker.ch\/fr\/panissimo-news\/lassainissement-de-lavs-est-incontournable\/\"},\"author\":{\"name\":\"Elina Laich\",\"@id\":\"https:\/\/swissbaker.ch\/fr\/#\/schema\/person\/0c7464407782a0917d6e91a74206a176\"},\"headline\":\"L\u2019assainissement de l\u2019AVS est incontournable\",\"datePublished\":\"2022-08-25T12:36:10+00:00\",\"dateModified\":\"2022-08-25T12:51:07+00:00\",\"mainEntityOfPage\":{\"@id\":\"https:\/\/swissbaker.ch\/fr\/panissimo-news\/lassainissement-de-lavs-est-incontournable\/\"},\"wordCount\":842,\"commentCount\":0,\"publisher\":{\"@id\":\"https:\/\/swissbaker.ch\/fr\/#organization\"},\"image\":{\"@id\":\"https:\/\/swissbaker.ch\/fr\/panissimo-news\/lassainissement-de-lavs-est-incontournable\/#primaryimage\"},\"thumbnailUrl\":\"https:\/\/swissbaker.ch\/wp-content\/uploads\/2022\/08\/altersvorsorge_c_pressmaster_fotolia.jpg\",\"articleSection\":[\"Association\",\"Droit &amp; politique\"],\"inLanguage\":\"fr-FR\",\"potentialAction\":[{\"@type\":\"CommentAction\",\"name\":\"Comment\",\"target\":[\"https:\/\/swissbaker.ch\/fr\/panissimo-news\/lassainissement-de-lavs-est-incontournable\/#respond\"]}]},{\"@type\":\"WebPage\",\"@id\":\"https:\/\/swissbaker.ch\/fr\/panissimo-news\/lassainissement-de-lavs-est-incontournable\/\",\"url\":\"https:\/\/swissbaker.ch\/fr\/panissimo-news\/lassainissement-de-lavs-est-incontournable\/\",\"name\":\"L\u2019assainissement de l\u2019AVS est incontournable | BCS\",\"isPartOf\":{\"@id\":\"https:\/\/swissbaker.ch\/fr\/#website\"},\"primaryImageOfPage\":{\"@id\":\"https:\/\/swissbaker.ch\/fr\/panissimo-news\/lassainissement-de-lavs-est-incontournable\/#primaryimage\"},\"image\":{\"@id\":\"https:\/\/swissbaker.ch\/fr\/panissimo-news\/lassainissement-de-lavs-est-incontournable\/#primaryimage\"},\"thumbnailUrl\":\"https:\/\/swissbaker.ch\/wp-content\/uploads\/2022\/08\/altersvorsorge_c_pressmaster_fotolia.jpg\",\"datePublished\":\"2022-08-25T12:36:10+00:00\",\"dateModified\":\"2022-08-25T12:51:07+00:00\",\"description\":\"Les trous qui commencent \u00e0 se creuser dans la caisse de l\u2019AVS sont effrayants. Le refus d\u2019apporter des corrections rapides est un comportement irresponsable.\",\"breadcrumb\":{\"@id\":\"https:\/\/swissbaker.ch\/fr\/panissimo-news\/lassainissement-de-lavs-est-incontournable\/#breadcrumb\"},\"inLanguage\":\"fr-FR\",\"potentialAction\":[{\"@type\":\"ReadAction\",\"target\":[\"https:\/\/swissbaker.ch\/fr\/panissimo-news\/lassainissement-de-lavs-est-incontournable\/\"]}]},{\"@type\":\"ImageObject\",\"inLanguage\":\"fr-FR\",\"@id\":\"https:\/\/swissbaker.ch\/fr\/panissimo-news\/lassainissement-de-lavs-est-incontournable\/#primaryimage\",\"url\":\"https:\/\/swissbaker.ch\/wp-content\/uploads\/2022\/08\/altersvorsorge_c_pressmaster_fotolia.jpg\",\"contentUrl\":\"https:\/\/swissbaker.ch\/wp-content\/uploads\/2022\/08\/altersvorsorge_c_pressmaster_fotolia.jpg\",\"width\":800,\"height\":475},{\"@type\":\"BreadcrumbList\",\"@id\":\"https:\/\/swissbaker.ch\/fr\/panissimo-news\/lassainissement-de-lavs-est-incontournable\/#breadcrumb\",\"itemListElement\":[{\"@type\":\"ListItem\",\"position\":1,\"name\":\"\",\"item\":\"https:\/\/swissbaker.ch\/fr\/\"},{\"@type\":\"ListItem\",\"position\":2,\"name\":\"Droit &amp; politique\",\"item\":\"https:\/\/swissbaker.ch\/fr\/panissimo-news\/category\/droit-politique\/\"},{\"@type\":\"ListItem\",\"position\":3,\"name\":\"L\u2019assainissement de l\u2019AVS est incontournable\"}]},{\"@type\":\"WebSite\",\"@id\":\"https:\/\/swissbaker.ch\/fr\/#website\",\"url\":\"https:\/\/swissbaker.ch\/fr\/\",\"name\":\"SBC\",\"description\":\"\",\"publisher\":{\"@id\":\"https:\/\/swissbaker.ch\/fr\/#organization\"},\"potentialAction\":[{\"@type\":\"SearchAction\",\"target\":{\"@type\":\"EntryPoint\",\"urlTemplate\":\"https:\/\/swissbaker.ch\/fr\/?s={search_term_string}\"},\"query-input\":{\"@type\":\"PropertyValueSpecification\",\"valueRequired\":true,\"valueName\":\"search_term_string\"}}],\"inLanguage\":\"fr-FR\"},{\"@type\":\"Organization\",\"@id\":\"https:\/\/swissbaker.ch\/fr\/#organization\",\"name\":\"Schweizerischer B\u00e4cker-Confiseurmeister-Verband\",\"url\":\"https:\/\/swissbaker.ch\/fr\/\",\"logo\":{\"@type\":\"ImageObject\",\"inLanguage\":\"fr-FR\",\"@id\":\"https:\/\/swissbaker.ch\/fr\/#\/schema\/logo\/image\/\",\"url\":\"https:\/\/swissbaker.ch\/wp-content\/uploads\/2022\/04\/sbc-logo-yoast.jpg\",\"contentUrl\":\"https:\/\/swissbaker.ch\/wp-content\/uploads\/2022\/04\/sbc-logo-yoast.jpg\",\"width\":512,\"height\":512,\"caption\":\"Schweizerischer B\u00e4cker-Confiseurmeister-Verband\"},\"image\":{\"@id\":\"https:\/\/swissbaker.ch\/fr\/#\/schema\/logo\/image\/\"},\"sameAs\":[\"https:\/\/www.facebook.com\/swissbaker.ch\",\"https:\/\/x.com\/ch_swissbaker\"]},{\"@type\":\"Person\",\"@id\":\"https:\/\/swissbaker.ch\/fr\/#\/schema\/person\/0c7464407782a0917d6e91a74206a176\",\"name\":\"Elina Laich\",\"image\":{\"@type\":\"ImageObject\",\"inLanguage\":\"fr-FR\",\"@id\":\"https:\/\/swissbaker.ch\/fr\/#\/schema\/person\/image\/\",\"url\":\"https:\/\/secure.gravatar.com\/avatar\/f942ca5f8668781d3ded9592a21de46001e053aff264ff1c6deb97b59d3604b2?s=96&d=mm&r=g\",\"contentUrl\":\"https:\/\/secure.gravatar.com\/avatar\/f942ca5f8668781d3ded9592a21de46001e053aff264ff1c6deb97b59d3604b2?s=96&d=mm&r=g\",\"caption\":\"Elina Laich\"},\"url\":\"https:\/\/swissbaker.ch\/fr\/panissimo-news\/author\/elina-laich\/\"}]}<\/script>\n<!-- \/ Yoast SEO Premium plugin. -->","yoast_head_json":{"title":"L\u2019assainissement de l\u2019AVS est incontournable  | BCS","description":"Les trous qui commencent \u00e0 se creuser dans la caisse de l\u2019AVS sont effrayants. Le refus d\u2019apporter des corrections rapides est un comportement irresponsable.","robots":{"index":"index","follow":"follow","max-snippet":"max-snippet:-1","max-image-preview":"max-image-preview:large","max-video-preview":"max-video-preview:-1"},"canonical":"https:\/\/swissbaker.ch\/fr\/panissimo-news\/lassainissement-de-lavs-est-incontournable\/","og_locale":"fr_FR","og_type":"article","og_title":"L\u2019assainissement de l\u2019AVS est incontournable","og_description":"Les trous qui commencent \u00e0 se creuser dans la caisse de l\u2019AVS sont effrayants. Le refus d\u2019apporter des corrections rapides est un comportement irresponsable.","og_url":"https:\/\/swissbaker.ch\/fr\/panissimo-news\/lassainissement-de-lavs-est-incontournable\/","og_site_name":"SBC","article_publisher":"https:\/\/www.facebook.com\/swissbaker.ch","article_published_time":"2022-08-25T12:36:10+00:00","article_modified_time":"2022-08-25T12:51:07+00:00","og_image":[{"width":800,"height":475,"url":"https:\/\/swissbaker.ch\/wp-content\/uploads\/2022\/08\/altersvorsorge_c_pressmaster_fotolia.jpg","type":"image\/jpeg"}],"author":"Elina Laich","twitter_card":"summary_large_image","twitter_creator":"@ch_swissbaker","twitter_site":"@ch_swissbaker","twitter_misc":{"Written by":"Elina Laich","Est. reading time":"5 minutes"},"schema":{"@context":"https:\/\/schema.org","@graph":[{"@type":"Article","@id":"https:\/\/swissbaker.ch\/fr\/panissimo-news\/lassainissement-de-lavs-est-incontournable\/#article","isPartOf":{"@id":"https:\/\/swissbaker.ch\/fr\/panissimo-news\/lassainissement-de-lavs-est-incontournable\/"},"author":{"name":"Elina Laich","@id":"https:\/\/swissbaker.ch\/fr\/#\/schema\/person\/0c7464407782a0917d6e91a74206a176"},"headline":"L\u2019assainissement de l\u2019AVS est incontournable","datePublished":"2022-08-25T12:36:10+00:00","dateModified":"2022-08-25T12:51:07+00:00","mainEntityOfPage":{"@id":"https:\/\/swissbaker.ch\/fr\/panissimo-news\/lassainissement-de-lavs-est-incontournable\/"},"wordCount":842,"commentCount":0,"publisher":{"@id":"https:\/\/swissbaker.ch\/fr\/#organization"},"image":{"@id":"https:\/\/swissbaker.ch\/fr\/panissimo-news\/lassainissement-de-lavs-est-incontournable\/#primaryimage"},"thumbnailUrl":"https:\/\/swissbaker.ch\/wp-content\/uploads\/2022\/08\/altersvorsorge_c_pressmaster_fotolia.jpg","articleSection":["Association","Droit &amp; politique"],"inLanguage":"fr-FR","potentialAction":[{"@type":"CommentAction","name":"Comment","target":["https:\/\/swissbaker.ch\/fr\/panissimo-news\/lassainissement-de-lavs-est-incontournable\/#respond"]}]},{"@type":"WebPage","@id":"https:\/\/swissbaker.ch\/fr\/panissimo-news\/lassainissement-de-lavs-est-incontournable\/","url":"https:\/\/swissbaker.ch\/fr\/panissimo-news\/lassainissement-de-lavs-est-incontournable\/","name":"L\u2019assainissement de l\u2019AVS est incontournable | BCS","isPartOf":{"@id":"https:\/\/swissbaker.ch\/fr\/#website"},"primaryImageOfPage":{"@id":"https:\/\/swissbaker.ch\/fr\/panissimo-news\/lassainissement-de-lavs-est-incontournable\/#primaryimage"},"image":{"@id":"https:\/\/swissbaker.ch\/fr\/panissimo-news\/lassainissement-de-lavs-est-incontournable\/#primaryimage"},"thumbnailUrl":"https:\/\/swissbaker.ch\/wp-content\/uploads\/2022\/08\/altersvorsorge_c_pressmaster_fotolia.jpg","datePublished":"2022-08-25T12:36:10+00:00","dateModified":"2022-08-25T12:51:07+00:00","description":"Les trous qui commencent \u00e0 se creuser dans la caisse de l\u2019AVS sont effrayants. Le refus d\u2019apporter des corrections rapides est un comportement irresponsable.","breadcrumb":{"@id":"https:\/\/swissbaker.ch\/fr\/panissimo-news\/lassainissement-de-lavs-est-incontournable\/#breadcrumb"},"inLanguage":"fr-FR","potentialAction":[{"@type":"ReadAction","target":["https:\/\/swissbaker.ch\/fr\/panissimo-news\/lassainissement-de-lavs-est-incontournable\/"]}]},{"@type":"ImageObject","inLanguage":"fr-FR","@id":"https:\/\/swissbaker.ch\/fr\/panissimo-news\/lassainissement-de-lavs-est-incontournable\/#primaryimage","url":"https:\/\/swissbaker.ch\/wp-content\/uploads\/2022\/08\/altersvorsorge_c_pressmaster_fotolia.jpg","contentUrl":"https:\/\/swissbaker.ch\/wp-content\/uploads\/2022\/08\/altersvorsorge_c_pressmaster_fotolia.jpg","width":800,"height":475},{"@type":"BreadcrumbList","@id":"https:\/\/swissbaker.ch\/fr\/panissimo-news\/lassainissement-de-lavs-est-incontournable\/#breadcrumb","itemListElement":[{"@type":"ListItem","position":1,"name":"","item":"https:\/\/swissbaker.ch\/fr\/"},{"@type":"ListItem","position":2,"name":"Droit &amp; politique","item":"https:\/\/swissbaker.ch\/fr\/panissimo-news\/category\/droit-politique\/"},{"@type":"ListItem","position":3,"name":"L\u2019assainissement de l\u2019AVS est incontournable"}]},{"@type":"WebSite","@id":"https:\/\/swissbaker.ch\/fr\/#website","url":"https:\/\/swissbaker.ch\/fr\/","name":"SBC","description":"","publisher":{"@id":"https:\/\/swissbaker.ch\/fr\/#organization"},"potentialAction":[{"@type":"SearchAction","target":{"@type":"EntryPoint","urlTemplate":"https:\/\/swissbaker.ch\/fr\/?s={search_term_string}"},"query-input":{"@type":"PropertyValueSpecification","valueRequired":true,"valueName":"search_term_string"}}],"inLanguage":"fr-FR"},{"@type":"Organization","@id":"https:\/\/swissbaker.ch\/fr\/#organization","name":"Schweizerischer B\u00e4cker-Confiseurmeister-Verband","url":"https:\/\/swissbaker.ch\/fr\/","logo":{"@type":"ImageObject","inLanguage":"fr-FR","@id":"https:\/\/swissbaker.ch\/fr\/#\/schema\/logo\/image\/","url":"https:\/\/swissbaker.ch\/wp-content\/uploads\/2022\/04\/sbc-logo-yoast.jpg","contentUrl":"https:\/\/swissbaker.ch\/wp-content\/uploads\/2022\/04\/sbc-logo-yoast.jpg","width":512,"height":512,"caption":"Schweizerischer B\u00e4cker-Confiseurmeister-Verband"},"image":{"@id":"https:\/\/swissbaker.ch\/fr\/#\/schema\/logo\/image\/"},"sameAs":["https:\/\/www.facebook.com\/swissbaker.ch","https:\/\/x.com\/ch_swissbaker"]},{"@type":"Person","@id":"https:\/\/swissbaker.ch\/fr\/#\/schema\/person\/0c7464407782a0917d6e91a74206a176","name":"Elina Laich","image":{"@type":"ImageObject","inLanguage":"fr-FR","@id":"https:\/\/swissbaker.ch\/fr\/#\/schema\/person\/image\/","url":"https:\/\/secure.gravatar.com\/avatar\/f942ca5f8668781d3ded9592a21de46001e053aff264ff1c6deb97b59d3604b2?s=96&d=mm&r=g","contentUrl":"https:\/\/secure.gravatar.com\/avatar\/f942ca5f8668781d3ded9592a21de46001e053aff264ff1c6deb97b59d3604b2?s=96&d=mm&r=g","caption":"Elina Laich"},"url":"https:\/\/swissbaker.ch\/fr\/panissimo-news\/author\/elina-laich\/"}]}},"_links":{"self":[{"href":"https:\/\/swissbaker.ch\/fr\/wp-json\/wp\/v2\/posts\/45487","targetHints":{"allow":["GET"]}}],"collection":[{"href":"https:\/\/swissbaker.ch\/fr\/wp-json\/wp\/v2\/posts"}],"about":[{"href":"https:\/\/swissbaker.ch\/fr\/wp-json\/wp\/v2\/types\/post"}],"author":[{"embeddable":true,"href":"https:\/\/swissbaker.ch\/fr\/wp-json\/wp\/v2\/users\/4"}],"replies":[{"embeddable":true,"href":"https:\/\/swissbaker.ch\/fr\/wp-json\/wp\/v2\/comments?post=45487"}],"version-history":[{"count":0,"href":"https:\/\/swissbaker.ch\/fr\/wp-json\/wp\/v2\/posts\/45487\/revisions"}],"wp:featuredmedia":[{"embeddable":true,"href":"https:\/\/swissbaker.ch\/fr\/wp-json\/wp\/v2\/media\/44175"}],"wp:attachment":[{"href":"https:\/\/swissbaker.ch\/fr\/wp-json\/wp\/v2\/media?parent=45487"}],"wp:term":[{"taxonomy":"category","embeddable":true,"href":"https:\/\/swissbaker.ch\/fr\/wp-json\/wp\/v2\/categories?post=45487"},{"taxonomy":"post_tag","embeddable":true,"href":"https:\/\/swissbaker.ch\/fr\/wp-json\/wp\/v2\/tags?post=45487"}],"curies":[{"name":"wp","href":"https:\/\/api.w.org\/{rel}","templated":true}]}}