{"id":45409,"date":"2022-08-25T11:31:23","date_gmt":"2022-08-25T09:31:23","guid":{"rendered":"https:\/\/swissbaker.ch\/?p=45409"},"modified":"2022-08-25T11:52:03","modified_gmt":"2022-08-25T09:52:03","slug":"groupe-minoteries-sa-satisfait-de-son-resultat-semestriel","status":"publish","type":"post","link":"https:\/\/swissbaker.ch\/fr\/panissimo-news\/groupe-minoteries-sa-satisfait-de-son-resultat-semestriel\/","title":{"rendered":"Groupe Minoteries SA satisfait de son r\u00e9sultat semestriel"},"content":{"rendered":"\n<p><strong>Groupe Minoteries SA (GMSA) a r\u00e9alis\u00e9 un r\u00e9sultat net de 2,55 millions de francs (2,54 millions l&#8217;ann\u00e9e pr\u00e9c\u00e9dente) au 1er semestre, malgr\u00e9 une baisse des volumes, selon un communiqu\u00e9 de presse. Cela correspond \u00e0 un bon r\u00e9sultat compte tenu de l&#8217;environnement tr\u00e8s instable du 1er semestre. Le chiffre d&#8217;affaires net consolid\u00e9 s&#8217;\u00e9l\u00e8ve \u00e0 70,65 millions de francs, ce qui repr\u00e9sente un recul de 1,1 %. \u00ab&nbsp;Gr\u00e2ce aux projets mis en \u0153uvre \u00e0 la fin de l\u2019ann\u00e9e pass\u00e9e ainsi qu\u2019\u00e0 la bonne ma\u00eetrise des co\u00fbts, le b\u00e9n\u00e9fice d&#8217;exploitation a pu \u00eatre stabilis\u00e9&nbsp;\u00bb, pr\u00e9cise GMSA.<\/strong><\/p>\n\n\n\n<p>Outre le covid, le groupe cite d&#8217;autres d\u00e9fis qui compliquent le travail de l&#8217;entreprise. L&#8217;un d&#8217;entre eux est la mauvaise qualit\u00e9 de la r\u00e9colte 2021, qui se trouve encore dans les stocks, ainsi que la situation g\u00e9opolitique instable, qui fait augmenter consid\u00e9rablement les co\u00fbts des mati\u00e8res premi\u00e8res et de l&#8217;\u00e9nergie.<\/p>\n\n\n\n<p>Les d\u00e9fis sont \u00e9galement programm\u00e9s pour le deuxi\u00e8me semestre, selon un communiqu\u00e9. Le plus important serait que l&#8217;entreprise doive r\u00e9percuter l&#8217;augmentation des co\u00fbts des c\u00e9r\u00e9ales et de l&#8217;\u00e9nergie sur le prix du kilo de farine. Gr\u00e2ce \u00e0 un engagement sans faille des collaborateurs, \u00e0 la confiance renouvel\u00e9e des clients, des fournisseurs et des actionnaires ainsi qu&#8217;\u00e0 des projets strat\u00e9giques mis en place avec succ\u00e8s, GMSA envisage malgr\u00e9 tout l&#8217;avenir de mani\u00e8re positive. En l&#8217;absence d&#8217;autres \u00e9v\u00e9nements majeurs, il s&#8217;attend \u00e0 un chiffre d&#8217;affaires net l\u00e9g\u00e8rement sup\u00e9rieur et \u00e0 un r\u00e9sultat net stable par rapport \u00e0 l&#8217;exercice 2021.<\/p>\n\n\n\n<h3 class=\"wp-block-heading\" id=\"h-gmsa-vient-de-publier-en-ligne-le-document-qualite-boulangere-de-la-recolte-2022\">GMSA vient de publier en ligne le document <a href=\"https:\/\/www.gmsa.ch\/fileadmin\/user_upload\/Nebenlinks\/Kundennews\/GMSA_Newsletter\/2022_August\/GMSA_Info_Ernte_2022_3_f.pdf\" target=\"_blank\" rel=\"noreferrer noopener\">\u00ab&nbsp;Qualit\u00e9 boulang\u00e8re de la r\u00e9colte 2022&nbsp;\u00bb <\/a>:<\/h3>\n\n\n\n<p><em>com\/Pan<\/em><\/p>\n","protected":false},"excerpt":{"rendered":"<p>Groupe Minoteries SA (GMSA) a r\u00e9alis\u00e9 un r\u00e9sultat net de 2,55 millions de francs (2,54 millions l&#8217;ann\u00e9e pr\u00e9c\u00e9dente) au 1er semestre, malgr\u00e9 une baisse des volumes, selon un communiqu\u00e9 de presse. Cela correspond \u00e0 un bon r\u00e9sultat compte tenu de l&#8217;environnement tr\u00e8s instable du 1er semestre. Le chiffre d&#8217;affaires net consolid\u00e9 s&#8217;\u00e9l\u00e8ve \u00e0 70,65 millions de francs, ce qui repr\u00e9sente un recul de 1,1 %. \u00ab\u00a0Gr\u00e2ce aux projets mis en \u0153uvre \u00e0 la fin de l\u2019ann\u00e9e pass\u00e9e ainsi qu\u2019\u00e0 la bonne ma\u00eetrise des co\u00fbts, le b\u00e9n\u00e9fice d&#8217;exploitation a pu \u00eatre stabilis\u00e9\u00a0\u00bb, pr\u00e9cise GMSA.<\/p>\n","protected":false},"author":5,"featured_media":11289,"comment_status":"open","ping_status":"closed","sticky":false,"template":"","format":"standard","meta":{"_acf_changed":false,"footnotes":""},"categories":[45],"tags":[],"class_list":["post-45409","post","type-post","status-publish","format-standard","has-post-thumbnail","hentry","category-environnement-professionnel"],"acf":[],"yoast_head":"<!-- This site is optimized with the Yoast SEO Premium plugin v26.8 (Yoast SEO v26.8) - https:\/\/yoast.com\/product\/yoast-seo-premium-wordpress\/ -->\n<title>Groupe Minoteries SA satisfait de son r\u00e9sultat semestriel | SBC<\/title>\n<meta name=\"description\" content=\"Groupe Minoteries SA satisfait de son r\u00e9sultat semestriel\" \/>\n<meta name=\"robots\" content=\"index, follow, max-snippet:-1, max-image-preview:large, max-video-preview:-1\" \/>\n<link rel=\"canonical\" href=\"https:\/\/swissbaker.ch\/fr\/panissimo-news\/groupe-minoteries-sa-satisfait-de-son-resultat-semestriel\/\" \/>\n<meta property=\"og:locale\" content=\"fr_FR\" \/>\n<meta property=\"og:type\" content=\"article\" \/>\n<meta property=\"og:title\" content=\"Groupe Minoteries SA satisfait de son r\u00e9sultat semestriel\" \/>\n<meta property=\"og:description\" content=\"Groupe Minoteries SA satisfait de son r\u00e9sultat semestriel\" \/>\n<meta property=\"og:url\" content=\"https:\/\/swissbaker.ch\/fr\/panissimo-news\/groupe-minoteries-sa-satisfait-de-son-resultat-semestriel\/\" \/>\n<meta property=\"og:site_name\" content=\"SBC\" \/>\n<meta property=\"article:publisher\" content=\"https:\/\/www.facebook.com\/swissbaker.ch\" \/>\n<meta property=\"article:published_time\" content=\"2022-08-25T09:31:23+00:00\" \/>\n<meta property=\"article:modified_time\" content=\"2022-08-25T09:52:03+00:00\" \/>\n<meta property=\"og:image\" content=\"https:\/\/swissbaker.ch\/wp-content\/uploads\/2022\/05\/6_1_getreide_gmsa_logo.jpeg\" \/>\n\t<meta property=\"og:image:width\" content=\"800\" \/>\n\t<meta property=\"og:image:height\" content=\"474\" \/>\n\t<meta property=\"og:image:type\" content=\"image\/jpeg\" \/>\n<meta name=\"author\" content=\"Simon Nussbaum\" \/>\n<meta name=\"twitter:card\" content=\"summary_large_image\" \/>\n<meta name=\"twitter:creator\" content=\"@ch_swissbaker\" \/>\n<meta name=\"twitter:site\" content=\"@ch_swissbaker\" \/>\n<meta name=\"twitter:label1\" content=\"Written by\" \/>\n\t<meta name=\"twitter:data1\" content=\"Simon Nussbaum\" \/>\n\t<meta name=\"twitter:label2\" content=\"Est. reading time\" \/>\n\t<meta name=\"twitter:data2\" content=\"2 minutes\" \/>\n<script type=\"application\/ld+json\" class=\"yoast-schema-graph\">{\"@context\":\"https:\/\/schema.org\",\"@graph\":[{\"@type\":\"Article\",\"@id\":\"https:\/\/swissbaker.ch\/fr\/panissimo-news\/groupe-minoteries-sa-satisfait-de-son-resultat-semestriel\/#article\",\"isPartOf\":{\"@id\":\"https:\/\/swissbaker.ch\/fr\/panissimo-news\/groupe-minoteries-sa-satisfait-de-son-resultat-semestriel\/\"},\"author\":{\"name\":\"Simon Nussbaum\",\"@id\":\"https:\/\/swissbaker.ch\/fr\/#\/schema\/person\/74bd327b08c18ca6042c02ff6f0ed5e2\"},\"headline\":\"Groupe Minoteries SA satisfait de son r\u00e9sultat semestriel\",\"datePublished\":\"2022-08-25T09:31:23+00:00\",\"dateModified\":\"2022-08-25T09:52:03+00:00\",\"mainEntityOfPage\":{\"@id\":\"https:\/\/swissbaker.ch\/fr\/panissimo-news\/groupe-minoteries-sa-satisfait-de-son-resultat-semestriel\/\"},\"wordCount\":316,\"commentCount\":0,\"publisher\":{\"@id\":\"https:\/\/swissbaker.ch\/fr\/#organization\"},\"image\":{\"@id\":\"https:\/\/swissbaker.ch\/fr\/panissimo-news\/groupe-minoteries-sa-satisfait-de-son-resultat-semestriel\/#primaryimage\"},\"thumbnailUrl\":\"https:\/\/swissbaker.ch\/wp-content\/uploads\/2022\/05\/6_1_getreide_gmsa_logo.jpeg\",\"articleSection\":[\"Environnement professionnel\"],\"inLanguage\":\"fr-FR\",\"potentialAction\":[{\"@type\":\"CommentAction\",\"name\":\"Comment\",\"target\":[\"https:\/\/swissbaker.ch\/fr\/panissimo-news\/groupe-minoteries-sa-satisfait-de-son-resultat-semestriel\/#respond\"]}]},{\"@type\":\"WebPage\",\"@id\":\"https:\/\/swissbaker.ch\/fr\/panissimo-news\/groupe-minoteries-sa-satisfait-de-son-resultat-semestriel\/\",\"url\":\"https:\/\/swissbaker.ch\/fr\/panissimo-news\/groupe-minoteries-sa-satisfait-de-son-resultat-semestriel\/\",\"name\":\"Groupe Minoteries SA satisfait de son r\u00e9sultat semestriel | SBC\",\"isPartOf\":{\"@id\":\"https:\/\/swissbaker.ch\/fr\/#website\"},\"primaryImageOfPage\":{\"@id\":\"https:\/\/swissbaker.ch\/fr\/panissimo-news\/groupe-minoteries-sa-satisfait-de-son-resultat-semestriel\/#primaryimage\"},\"image\":{\"@id\":\"https:\/\/swissbaker.ch\/fr\/panissimo-news\/groupe-minoteries-sa-satisfait-de-son-resultat-semestriel\/#primaryimage\"},\"thumbnailUrl\":\"https:\/\/swissbaker.ch\/wp-content\/uploads\/2022\/05\/6_1_getreide_gmsa_logo.jpeg\",\"datePublished\":\"2022-08-25T09:31:23+00:00\",\"dateModified\":\"2022-08-25T09:52:03+00:00\",\"description\":\"Groupe Minoteries SA satisfait de son r\u00e9sultat semestriel\",\"breadcrumb\":{\"@id\":\"https:\/\/swissbaker.ch\/fr\/panissimo-news\/groupe-minoteries-sa-satisfait-de-son-resultat-semestriel\/#breadcrumb\"},\"inLanguage\":\"fr-FR\",\"potentialAction\":[{\"@type\":\"ReadAction\",\"target\":[\"https:\/\/swissbaker.ch\/fr\/panissimo-news\/groupe-minoteries-sa-satisfait-de-son-resultat-semestriel\/\"]}]},{\"@type\":\"ImageObject\",\"inLanguage\":\"fr-FR\",\"@id\":\"https:\/\/swissbaker.ch\/fr\/panissimo-news\/groupe-minoteries-sa-satisfait-de-son-resultat-semestriel\/#primaryimage\",\"url\":\"https:\/\/swissbaker.ch\/wp-content\/uploads\/2022\/05\/6_1_getreide_gmsa_logo.jpeg\",\"contentUrl\":\"https:\/\/swissbaker.ch\/wp-content\/uploads\/2022\/05\/6_1_getreide_gmsa_logo.jpeg\",\"width\":800,\"height\":474,\"caption\":\"Groupe Minoteries SA\"},{\"@type\":\"BreadcrumbList\",\"@id\":\"https:\/\/swissbaker.ch\/fr\/panissimo-news\/groupe-minoteries-sa-satisfait-de-son-resultat-semestriel\/#breadcrumb\",\"itemListElement\":[{\"@type\":\"ListItem\",\"position\":1,\"name\":\"\",\"item\":\"https:\/\/swissbaker.ch\/fr\/\"},{\"@type\":\"ListItem\",\"position\":2,\"name\":\"Environnement professionnel\",\"item\":\"https:\/\/swissbaker.ch\/fr\/panissimo-news\/category\/environnement-professionnel\/\"},{\"@type\":\"ListItem\",\"position\":3,\"name\":\"Groupe Minoteries SA satisfait de son r\u00e9sultat semestriel\"}]},{\"@type\":\"WebSite\",\"@id\":\"https:\/\/swissbaker.ch\/fr\/#website\",\"url\":\"https:\/\/swissbaker.ch\/fr\/\",\"name\":\"SBC\",\"description\":\"\",\"publisher\":{\"@id\":\"https:\/\/swissbaker.ch\/fr\/#organization\"},\"potentialAction\":[{\"@type\":\"SearchAction\",\"target\":{\"@type\":\"EntryPoint\",\"urlTemplate\":\"https:\/\/swissbaker.ch\/fr\/?s={search_term_string}\"},\"query-input\":{\"@type\":\"PropertyValueSpecification\",\"valueRequired\":true,\"valueName\":\"search_term_string\"}}],\"inLanguage\":\"fr-FR\"},{\"@type\":\"Organization\",\"@id\":\"https:\/\/swissbaker.ch\/fr\/#organization\",\"name\":\"Schweizerischer B\u00e4cker-Confiseurmeister-Verband\",\"url\":\"https:\/\/swissbaker.ch\/fr\/\",\"logo\":{\"@type\":\"ImageObject\",\"inLanguage\":\"fr-FR\",\"@id\":\"https:\/\/swissbaker.ch\/fr\/#\/schema\/logo\/image\/\",\"url\":\"https:\/\/swissbaker.ch\/wp-content\/uploads\/2022\/04\/sbc-logo-yoast.jpg\",\"contentUrl\":\"https:\/\/swissbaker.ch\/wp-content\/uploads\/2022\/04\/sbc-logo-yoast.jpg\",\"width\":512,\"height\":512,\"caption\":\"Schweizerischer B\u00e4cker-Confiseurmeister-Verband\"},\"image\":{\"@id\":\"https:\/\/swissbaker.ch\/fr\/#\/schema\/logo\/image\/\"},\"sameAs\":[\"https:\/\/www.facebook.com\/swissbaker.ch\",\"https:\/\/x.com\/ch_swissbaker\"]},{\"@type\":\"Person\",\"@id\":\"https:\/\/swissbaker.ch\/fr\/#\/schema\/person\/74bd327b08c18ca6042c02ff6f0ed5e2\",\"name\":\"Simon Nussbaum\",\"image\":{\"@type\":\"ImageObject\",\"inLanguage\":\"fr-FR\",\"@id\":\"https:\/\/swissbaker.ch\/fr\/#\/schema\/person\/image\/\",\"url\":\"https:\/\/secure.gravatar.com\/avatar\/df0eced3bb556c806cb760cf503ade1ed1df25b4104d80d6fd28d93a9509aa12?s=96&d=mm&r=g\",\"contentUrl\":\"https:\/\/secure.gravatar.com\/avatar\/df0eced3bb556c806cb760cf503ade1ed1df25b4104d80d6fd28d93a9509aa12?s=96&d=mm&r=g\",\"caption\":\"Simon Nussbaum\"},\"url\":\"https:\/\/swissbaker.ch\/fr\/panissimo-news\/author\/simon-nussbaum\/\"}]}<\/script>\n<!-- \/ Yoast SEO Premium plugin. -->","yoast_head_json":{"title":"Groupe Minoteries SA satisfait de son r\u00e9sultat semestriel | SBC","description":"Groupe Minoteries SA satisfait de son r\u00e9sultat semestriel","robots":{"index":"index","follow":"follow","max-snippet":"max-snippet:-1","max-image-preview":"max-image-preview:large","max-video-preview":"max-video-preview:-1"},"canonical":"https:\/\/swissbaker.ch\/fr\/panissimo-news\/groupe-minoteries-sa-satisfait-de-son-resultat-semestriel\/","og_locale":"fr_FR","og_type":"article","og_title":"Groupe Minoteries SA satisfait de son r\u00e9sultat semestriel","og_description":"Groupe Minoteries SA satisfait de son r\u00e9sultat semestriel","og_url":"https:\/\/swissbaker.ch\/fr\/panissimo-news\/groupe-minoteries-sa-satisfait-de-son-resultat-semestriel\/","og_site_name":"SBC","article_publisher":"https:\/\/www.facebook.com\/swissbaker.ch","article_published_time":"2022-08-25T09:31:23+00:00","article_modified_time":"2022-08-25T09:52:03+00:00","og_image":[{"width":800,"height":474,"url":"https:\/\/swissbaker.ch\/wp-content\/uploads\/2022\/05\/6_1_getreide_gmsa_logo.jpeg","type":"image\/jpeg"}],"author":"Simon Nussbaum","twitter_card":"summary_large_image","twitter_creator":"@ch_swissbaker","twitter_site":"@ch_swissbaker","twitter_misc":{"Written by":"Simon Nussbaum","Est. reading time":"2 minutes"},"schema":{"@context":"https:\/\/schema.org","@graph":[{"@type":"Article","@id":"https:\/\/swissbaker.ch\/fr\/panissimo-news\/groupe-minoteries-sa-satisfait-de-son-resultat-semestriel\/#article","isPartOf":{"@id":"https:\/\/swissbaker.ch\/fr\/panissimo-news\/groupe-minoteries-sa-satisfait-de-son-resultat-semestriel\/"},"author":{"name":"Simon Nussbaum","@id":"https:\/\/swissbaker.ch\/fr\/#\/schema\/person\/74bd327b08c18ca6042c02ff6f0ed5e2"},"headline":"Groupe Minoteries SA satisfait de son r\u00e9sultat semestriel","datePublished":"2022-08-25T09:31:23+00:00","dateModified":"2022-08-25T09:52:03+00:00","mainEntityOfPage":{"@id":"https:\/\/swissbaker.ch\/fr\/panissimo-news\/groupe-minoteries-sa-satisfait-de-son-resultat-semestriel\/"},"wordCount":316,"commentCount":0,"publisher":{"@id":"https:\/\/swissbaker.ch\/fr\/#organization"},"image":{"@id":"https:\/\/swissbaker.ch\/fr\/panissimo-news\/groupe-minoteries-sa-satisfait-de-son-resultat-semestriel\/#primaryimage"},"thumbnailUrl":"https:\/\/swissbaker.ch\/wp-content\/uploads\/2022\/05\/6_1_getreide_gmsa_logo.jpeg","articleSection":["Environnement professionnel"],"inLanguage":"fr-FR","potentialAction":[{"@type":"CommentAction","name":"Comment","target":["https:\/\/swissbaker.ch\/fr\/panissimo-news\/groupe-minoteries-sa-satisfait-de-son-resultat-semestriel\/#respond"]}]},{"@type":"WebPage","@id":"https:\/\/swissbaker.ch\/fr\/panissimo-news\/groupe-minoteries-sa-satisfait-de-son-resultat-semestriel\/","url":"https:\/\/swissbaker.ch\/fr\/panissimo-news\/groupe-minoteries-sa-satisfait-de-son-resultat-semestriel\/","name":"Groupe Minoteries SA satisfait de son r\u00e9sultat semestriel | SBC","isPartOf":{"@id":"https:\/\/swissbaker.ch\/fr\/#website"},"primaryImageOfPage":{"@id":"https:\/\/swissbaker.ch\/fr\/panissimo-news\/groupe-minoteries-sa-satisfait-de-son-resultat-semestriel\/#primaryimage"},"image":{"@id":"https:\/\/swissbaker.ch\/fr\/panissimo-news\/groupe-minoteries-sa-satisfait-de-son-resultat-semestriel\/#primaryimage"},"thumbnailUrl":"https:\/\/swissbaker.ch\/wp-content\/uploads\/2022\/05\/6_1_getreide_gmsa_logo.jpeg","datePublished":"2022-08-25T09:31:23+00:00","dateModified":"2022-08-25T09:52:03+00:00","description":"Groupe Minoteries SA satisfait de son r\u00e9sultat semestriel","breadcrumb":{"@id":"https:\/\/swissbaker.ch\/fr\/panissimo-news\/groupe-minoteries-sa-satisfait-de-son-resultat-semestriel\/#breadcrumb"},"inLanguage":"fr-FR","potentialAction":[{"@type":"ReadAction","target":["https:\/\/swissbaker.ch\/fr\/panissimo-news\/groupe-minoteries-sa-satisfait-de-son-resultat-semestriel\/"]}]},{"@type":"ImageObject","inLanguage":"fr-FR","@id":"https:\/\/swissbaker.ch\/fr\/panissimo-news\/groupe-minoteries-sa-satisfait-de-son-resultat-semestriel\/#primaryimage","url":"https:\/\/swissbaker.ch\/wp-content\/uploads\/2022\/05\/6_1_getreide_gmsa_logo.jpeg","contentUrl":"https:\/\/swissbaker.ch\/wp-content\/uploads\/2022\/05\/6_1_getreide_gmsa_logo.jpeg","width":800,"height":474,"caption":"Groupe Minoteries SA"},{"@type":"BreadcrumbList","@id":"https:\/\/swissbaker.ch\/fr\/panissimo-news\/groupe-minoteries-sa-satisfait-de-son-resultat-semestriel\/#breadcrumb","itemListElement":[{"@type":"ListItem","position":1,"name":"","item":"https:\/\/swissbaker.ch\/fr\/"},{"@type":"ListItem","position":2,"name":"Environnement professionnel","item":"https:\/\/swissbaker.ch\/fr\/panissimo-news\/category\/environnement-professionnel\/"},{"@type":"ListItem","position":3,"name":"Groupe Minoteries SA satisfait de son r\u00e9sultat semestriel"}]},{"@type":"WebSite","@id":"https:\/\/swissbaker.ch\/fr\/#website","url":"https:\/\/swissbaker.ch\/fr\/","name":"SBC","description":"","publisher":{"@id":"https:\/\/swissbaker.ch\/fr\/#organization"},"potentialAction":[{"@type":"SearchAction","target":{"@type":"EntryPoint","urlTemplate":"https:\/\/swissbaker.ch\/fr\/?s={search_term_string}"},"query-input":{"@type":"PropertyValueSpecification","valueRequired":true,"valueName":"search_term_string"}}],"inLanguage":"fr-FR"},{"@type":"Organization","@id":"https:\/\/swissbaker.ch\/fr\/#organization","name":"Schweizerischer B\u00e4cker-Confiseurmeister-Verband","url":"https:\/\/swissbaker.ch\/fr\/","logo":{"@type":"ImageObject","inLanguage":"fr-FR","@id":"https:\/\/swissbaker.ch\/fr\/#\/schema\/logo\/image\/","url":"https:\/\/swissbaker.ch\/wp-content\/uploads\/2022\/04\/sbc-logo-yoast.jpg","contentUrl":"https:\/\/swissbaker.ch\/wp-content\/uploads\/2022\/04\/sbc-logo-yoast.jpg","width":512,"height":512,"caption":"Schweizerischer B\u00e4cker-Confiseurmeister-Verband"},"image":{"@id":"https:\/\/swissbaker.ch\/fr\/#\/schema\/logo\/image\/"},"sameAs":["https:\/\/www.facebook.com\/swissbaker.ch","https:\/\/x.com\/ch_swissbaker"]},{"@type":"Person","@id":"https:\/\/swissbaker.ch\/fr\/#\/schema\/person\/74bd327b08c18ca6042c02ff6f0ed5e2","name":"Simon Nussbaum","image":{"@type":"ImageObject","inLanguage":"fr-FR","@id":"https:\/\/swissbaker.ch\/fr\/#\/schema\/person\/image\/","url":"https:\/\/secure.gravatar.com\/avatar\/df0eced3bb556c806cb760cf503ade1ed1df25b4104d80d6fd28d93a9509aa12?s=96&d=mm&r=g","contentUrl":"https:\/\/secure.gravatar.com\/avatar\/df0eced3bb556c806cb760cf503ade1ed1df25b4104d80d6fd28d93a9509aa12?s=96&d=mm&r=g","caption":"Simon Nussbaum"},"url":"https:\/\/swissbaker.ch\/fr\/panissimo-news\/author\/simon-nussbaum\/"}]}},"_links":{"self":[{"href":"https:\/\/swissbaker.ch\/fr\/wp-json\/wp\/v2\/posts\/45409","targetHints":{"allow":["GET"]}}],"collection":[{"href":"https:\/\/swissbaker.ch\/fr\/wp-json\/wp\/v2\/posts"}],"about":[{"href":"https:\/\/swissbaker.ch\/fr\/wp-json\/wp\/v2\/types\/post"}],"author":[{"embeddable":true,"href":"https:\/\/swissbaker.ch\/fr\/wp-json\/wp\/v2\/users\/5"}],"replies":[{"embeddable":true,"href":"https:\/\/swissbaker.ch\/fr\/wp-json\/wp\/v2\/comments?post=45409"}],"version-history":[{"count":0,"href":"https:\/\/swissbaker.ch\/fr\/wp-json\/wp\/v2\/posts\/45409\/revisions"}],"wp:featuredmedia":[{"embeddable":true,"href":"https:\/\/swissbaker.ch\/fr\/wp-json\/wp\/v2\/media\/11289"}],"wp:attachment":[{"href":"https:\/\/swissbaker.ch\/fr\/wp-json\/wp\/v2\/media?parent=45409"}],"wp:term":[{"taxonomy":"category","embeddable":true,"href":"https:\/\/swissbaker.ch\/fr\/wp-json\/wp\/v2\/categories?post=45409"},{"taxonomy":"post_tag","embeddable":true,"href":"https:\/\/swissbaker.ch\/fr\/wp-json\/wp\/v2\/tags?post=45409"}],"curies":[{"name":"wp","href":"https:\/\/api.w.org\/{rel}","templated":true}]}}