{"id":45385,"date":"2022-08-25T11:12:37","date_gmt":"2022-08-25T09:12:37","guid":{"rendered":"https:\/\/swissbaker.ch\/?p=45385"},"modified":"2022-08-25T16:17:39","modified_gmt":"2022-08-25T14:17:39","slug":"ce-sera-un-evenement-formidable","status":"publish","type":"post","link":"https:\/\/swissbaker.ch\/fr\/panissimo-news\/ce-sera-un-evenement-formidable\/","title":{"rendered":"\u00ab\u2009Ce sera un \u00e9v\u00e9nement formidable\u2009\u00bb"},"content":{"rendered":"\n<p><strong>Le 7\u202fseptembre, les championnats suisses des m\u00e9tiers, les SwissSkills 2022, d\u00e9buteront \u00e0 Berne. 36 participants, hommes et femmes (12 boulangers-p\u00e2tissiers, 12 p\u00e2tissiers-confiseurs et 12 gestionnaires du commerce de d\u00e9tail) de la branche de la boulangerie-confiserie seront \u00e9galement de la partie. Les pr\u00e9paratifs battent leur plein. Entretien avec Daniel Nyfeler, pr\u00e9sident du concours de la BCS\u2026<\/strong><\/p>\n\n\n\n<p><\/p>\n\n\n\n<p><strong>Daniel Nyfeler, les SwissSkills d\u00e9butentdans moins de deux semaines \u00e0 Berne. Que reste-t-il \u00e0 faire\u2009?<br><\/strong>Les stands de Bernexpo sont mis en place. Dix tentes seront install\u00e9es en plus des halles. Notre constructeur de stand doit lui aussi \u00eatre en train de poser les c\u00e2bles. Nous ne disposerons que de deux jours pour monter et am\u00e9nager le stand avant le d\u00e9but des comp\u00e9titions. Pendant ce temps, il s\u2019agit avant tout d\u2019am\u00e9nager les places de concours. Nous devons prendre toutes les dispositions n\u00e9cessaires pour que tout se d\u00e9roule le mieux possible \u00e0 ce moment-l\u00e0.<\/p>\n\n\n\n<p><strong>Quelle est l\u2019influence du coronavirus dans les travaux pr\u00e9paratoires\u2009?<br><\/strong>Nous devons bien entendu garder un \u0153il sur la situation du coronavirus. Si un durcissement des mesures est d\u00e9cid\u00e9, ce que nous n\u2019esp\u00e9rons pas, nous devrons mettre en \u0153uvre nos mesures.<\/p>\n\n\n\n<p><strong>Y a-t-il un contr\u00f4le des stands\u2009?<br><\/strong>Le mardi apr\u00e8s-midi 6\u202fseptembre, Benjamin Horand, responsable de l\u2019antenne MSST et de la gestion de la qualit\u00e9 \u00e0 la BCS, contr\u00f4lera la s\u00e9curit\u00e9 au travail sur le stand en compagnie d\u2019un repr\u00e9sentant de la Suva.<\/p>\n\n\n\n<p><strong>Combien de personnes de notre branche seront pr\u00e9sentes\u2009?<\/strong><br>Outre les 36 participants, douze par m\u00e9tier, neuf membres du jury seront pr\u00e9sents chaque jour. Cinq personnes de l\u2019\u00e9cole professionnelle Richemont sont engag\u00e9es comme aides. Le champion suisse 2017 Dominique Buchmann et le boulanger bernois Walter Bruderer me soutiendront aussi dans mon travail. De plus, du mercredi au samedi, quatre apprentis aideront et informeront sur nos superbes m\u00e9tiers<\/p>\n\n\n\n<p><strong>De quoi les visiteurs peuvent-ils se r\u00e9jouir en particulier\u2009?<\/strong><br>Des comp\u00e9titions tr\u00e8s int\u00e9ressantes\u2009! Cette ann\u00e9e, nous avons d\u2019excellents jeunes professionnels qui se sont port\u00e9s candidats. Nous avons soigneusement examin\u00e9 les candidatures. Nous avons discut\u00e9 au sein de notre commission, car nous avons eu l\u2019embarras du choix lors de la s\u00e9lection. Gr\u00e2ce \u00e0 notre processus de s\u00e9lection, nous sommes convaincus d\u2019avoir pris les bonnes d\u00e9cisions. Ce sera un \u00e9v\u00e9nement formidable\u2009!<\/p>\n\n\n\n<p><strong>La qualit\u00e9 \u00e9lev\u00e9e des candidats plaide en faveur des entreprises formatrices et des enseignants\u2026<\/strong><br>Oui, c\u2019est vrai\u2009! Cela prouve que nous pouvons compter sur de jeunes professionnels hautement qualifi\u00e9s dans notre branche. C\u2019est le signe que les entreprises formatrices ont fait un excellent travail, tout comme les \u00e9coles. La t\u00e2che du jury ne sera pas facile\u2009!<br>Dans le commerce de d\u00e9tail, nous n\u2019avons d\u2019ailleurs jamais enregistr\u00e9 autant de candidatures que cette ann\u00e9e. C\u2019est un autre signe que les SwissSkills se sont \u00e9tablis dans notre branche. <\/p>\n\n\n\n<figure class=\"wp-block-pullquote\"><blockquote><p>\u00ab Il me tient \u00e0 c\u0153ur de remercier toutes les exploitations formatrices et les \u00e9coles pour leur engagement\u2009! \u00bb<\/p><cite>Daniel Nyfeler, pr\u00e9sident du concours de la BCS<\/cite><\/blockquote><\/figure>\n\n\n\n<p><strong>Vous \u00eates un professionnel de la branche avec une grande exp\u00e9rience des comp\u00e9titions. Quels conseils donnez-vous aux candidats\u2009?<\/strong><br>Ne vous laissez pas distraire par le bruit et les nombreux visiteurs\u2009! Concentrez-vous, restez calmes et travaillez proprement\u2009! Et, pendant une comp\u00e9tition, il y a toujours quelque chose qui ne se passe pas comme pr\u00e9vu. Vous devez vous y pr\u00e9parer. Ne soyez pas nerveux\u2009!<\/p>\n\n\n\n<p><em>Propos recueillis par Claudia Vernocchi<\/em><\/p>\n\n\n\n<h3 class=\"wp-block-heading\" id=\"h-swissskills-ch\"><a href=\"https:\/\/www.swiss-skills2022.ch\/fr\" target=\"_blank\" rel=\"noreferrer noopener\">swissskills.ch<\/a><\/h3>\n","protected":false},"excerpt":{"rendered":"<p>Le 7\u202fseptembre, les championnats suisses des m\u00e9tiers, les SwissSkills 2022, d\u00e9buteront \u00e0 Berne. 36 participants, hommes et femmes (12 boulangers-p\u00e2tissiers, 12 p\u00e2tissiers-confiseurs et 12 gestionnaires du commerce de d\u00e9tail) de la branche de la boulangerie-confiserie (lien) seront \u00e9galement de la partie. Les pr\u00e9paratifs battent leur plein. Entretien avec Daniel Nyfeler, pr\u00e9sident du concours de la BCS\u2026<\/p>\n","protected":false},"author":5,"featured_media":45374,"comment_status":"open","ping_status":"closed","sticky":true,"template":"","format":"standard","meta":{"_acf_changed":false,"footnotes":""},"categories":[41,43],"tags":[],"class_list":["post-45385","post","type-post","status-publish","format-standard","has-post-thumbnail","hentry","category-association","category-concours"],"acf":[],"yoast_head":"<!-- This site is optimized with the Yoast SEO Premium plugin v26.8 (Yoast SEO v26.8) - https:\/\/yoast.com\/product\/yoast-seo-premium-wordpress\/ -->\n<title>\u00ab\u2009Ce sera un \u00e9v\u00e9nement formidable\u2009\u00bb | SBC<\/title>\n<meta name=\"description\" content=\"\u00ab\u2009Ce sera un \u00e9v\u00e9nement formidable\u2009\u00bb\" \/>\n<meta name=\"robots\" content=\"index, follow, max-snippet:-1, max-image-preview:large, max-video-preview:-1\" \/>\n<link rel=\"canonical\" href=\"https:\/\/swissbaker.ch\/fr\/panissimo-news\/ce-sera-un-evenement-formidable\/\" \/>\n<meta property=\"og:locale\" content=\"fr_FR\" \/>\n<meta property=\"og:type\" content=\"article\" \/>\n<meta property=\"og:title\" content=\"\u00ab\u2009Ce sera un \u00e9v\u00e9nement formidable\u2009\u00bb\" \/>\n<meta property=\"og:description\" content=\"\u00ab\u2009Ce sera un \u00e9v\u00e9nement formidable\u2009\u00bb\" \/>\n<meta property=\"og:url\" content=\"https:\/\/swissbaker.ch\/fr\/panissimo-news\/ce-sera-un-evenement-formidable\/\" \/>\n<meta property=\"og:site_name\" content=\"SBC\" \/>\n<meta property=\"article:publisher\" content=\"https:\/\/www.facebook.com\/swissbaker.ch\" \/>\n<meta property=\"article:published_time\" content=\"2022-08-25T09:12:37+00:00\" \/>\n<meta property=\"article:modified_time\" content=\"2022-08-25T14:17:39+00:00\" \/>\n<meta property=\"og:image\" content=\"https:\/\/swissbaker.ch\/wp-content\/uploads\/2022\/08\/16_1_daniel_nyffeler.jpg\" \/>\n\t<meta property=\"og:image:width\" content=\"1200\" \/>\n\t<meta property=\"og:image:height\" content=\"712\" \/>\n\t<meta property=\"og:image:type\" content=\"image\/jpeg\" \/>\n<meta name=\"author\" content=\"Simon Nussbaum\" \/>\n<meta name=\"twitter:card\" content=\"summary_large_image\" \/>\n<meta name=\"twitter:creator\" content=\"@ch_swissbaker\" \/>\n<meta name=\"twitter:site\" content=\"@ch_swissbaker\" \/>\n<meta name=\"twitter:label1\" content=\"Written by\" \/>\n\t<meta name=\"twitter:data1\" content=\"Simon Nussbaum\" \/>\n\t<meta name=\"twitter:label2\" content=\"Est. reading time\" \/>\n\t<meta name=\"twitter:data2\" content=\"4 minutes\" \/>\n<script type=\"application\/ld+json\" class=\"yoast-schema-graph\">{\"@context\":\"https:\/\/schema.org\",\"@graph\":[{\"@type\":\"Article\",\"@id\":\"https:\/\/swissbaker.ch\/fr\/panissimo-news\/ce-sera-un-evenement-formidable\/#article\",\"isPartOf\":{\"@id\":\"https:\/\/swissbaker.ch\/fr\/panissimo-news\/ce-sera-un-evenement-formidable\/\"},\"author\":{\"name\":\"Simon Nussbaum\",\"@id\":\"https:\/\/swissbaker.ch\/fr\/#\/schema\/person\/74bd327b08c18ca6042c02ff6f0ed5e2\"},\"headline\":\"\u00ab\u2009Ce sera un \u00e9v\u00e9nement formidable\u2009\u00bb\",\"datePublished\":\"2022-08-25T09:12:37+00:00\",\"dateModified\":\"2022-08-25T14:17:39+00:00\",\"mainEntityOfPage\":{\"@id\":\"https:\/\/swissbaker.ch\/fr\/panissimo-news\/ce-sera-un-evenement-formidable\/\"},\"wordCount\":602,\"commentCount\":0,\"publisher\":{\"@id\":\"https:\/\/swissbaker.ch\/fr\/#organization\"},\"image\":{\"@id\":\"https:\/\/swissbaker.ch\/fr\/panissimo-news\/ce-sera-un-evenement-formidable\/#primaryimage\"},\"thumbnailUrl\":\"https:\/\/swissbaker.ch\/wp-content\/uploads\/2022\/08\/16_1_daniel_nyffeler.jpg\",\"articleSection\":[\"Association\",\"Concours\"],\"inLanguage\":\"fr-FR\",\"potentialAction\":[{\"@type\":\"CommentAction\",\"name\":\"Comment\",\"target\":[\"https:\/\/swissbaker.ch\/fr\/panissimo-news\/ce-sera-un-evenement-formidable\/#respond\"]}]},{\"@type\":\"WebPage\",\"@id\":\"https:\/\/swissbaker.ch\/fr\/panissimo-news\/ce-sera-un-evenement-formidable\/\",\"url\":\"https:\/\/swissbaker.ch\/fr\/panissimo-news\/ce-sera-un-evenement-formidable\/\",\"name\":\"\u00ab\u2009Ce sera un \u00e9v\u00e9nement formidable\u2009\u00bb | SBC\",\"isPartOf\":{\"@id\":\"https:\/\/swissbaker.ch\/fr\/#website\"},\"primaryImageOfPage\":{\"@id\":\"https:\/\/swissbaker.ch\/fr\/panissimo-news\/ce-sera-un-evenement-formidable\/#primaryimage\"},\"image\":{\"@id\":\"https:\/\/swissbaker.ch\/fr\/panissimo-news\/ce-sera-un-evenement-formidable\/#primaryimage\"},\"thumbnailUrl\":\"https:\/\/swissbaker.ch\/wp-content\/uploads\/2022\/08\/16_1_daniel_nyffeler.jpg\",\"datePublished\":\"2022-08-25T09:12:37+00:00\",\"dateModified\":\"2022-08-25T14:17:39+00:00\",\"description\":\"\u00ab\u2009Ce sera un \u00e9v\u00e9nement formidable\u2009\u00bb\",\"breadcrumb\":{\"@id\":\"https:\/\/swissbaker.ch\/fr\/panissimo-news\/ce-sera-un-evenement-formidable\/#breadcrumb\"},\"inLanguage\":\"fr-FR\",\"potentialAction\":[{\"@type\":\"ReadAction\",\"target\":[\"https:\/\/swissbaker.ch\/fr\/panissimo-news\/ce-sera-un-evenement-formidable\/\"]}]},{\"@type\":\"ImageObject\",\"inLanguage\":\"fr-FR\",\"@id\":\"https:\/\/swissbaker.ch\/fr\/panissimo-news\/ce-sera-un-evenement-formidable\/#primaryimage\",\"url\":\"https:\/\/swissbaker.ch\/wp-content\/uploads\/2022\/08\/16_1_daniel_nyffeler.jpg\",\"contentUrl\":\"https:\/\/swissbaker.ch\/wp-content\/uploads\/2022\/08\/16_1_daniel_nyffeler.jpg\",\"width\":1200,\"height\":712},{\"@type\":\"BreadcrumbList\",\"@id\":\"https:\/\/swissbaker.ch\/fr\/panissimo-news\/ce-sera-un-evenement-formidable\/#breadcrumb\",\"itemListElement\":[{\"@type\":\"ListItem\",\"position\":1,\"name\":\"\",\"item\":\"https:\/\/swissbaker.ch\/fr\/\"},{\"@type\":\"ListItem\",\"position\":2,\"name\":\"Concours\",\"item\":\"https:\/\/swissbaker.ch\/fr\/panissimo-news\/category\/concours\/\"},{\"@type\":\"ListItem\",\"position\":3,\"name\":\"\u00ab\u2009Ce sera un \u00e9v\u00e9nement formidable\u2009\u00bb\"}]},{\"@type\":\"WebSite\",\"@id\":\"https:\/\/swissbaker.ch\/fr\/#website\",\"url\":\"https:\/\/swissbaker.ch\/fr\/\",\"name\":\"SBC\",\"description\":\"\",\"publisher\":{\"@id\":\"https:\/\/swissbaker.ch\/fr\/#organization\"},\"potentialAction\":[{\"@type\":\"SearchAction\",\"target\":{\"@type\":\"EntryPoint\",\"urlTemplate\":\"https:\/\/swissbaker.ch\/fr\/?s={search_term_string}\"},\"query-input\":{\"@type\":\"PropertyValueSpecification\",\"valueRequired\":true,\"valueName\":\"search_term_string\"}}],\"inLanguage\":\"fr-FR\"},{\"@type\":\"Organization\",\"@id\":\"https:\/\/swissbaker.ch\/fr\/#organization\",\"name\":\"Schweizerischer B\u00e4cker-Confiseurmeister-Verband\",\"url\":\"https:\/\/swissbaker.ch\/fr\/\",\"logo\":{\"@type\":\"ImageObject\",\"inLanguage\":\"fr-FR\",\"@id\":\"https:\/\/swissbaker.ch\/fr\/#\/schema\/logo\/image\/\",\"url\":\"https:\/\/swissbaker.ch\/wp-content\/uploads\/2022\/04\/sbc-logo-yoast.jpg\",\"contentUrl\":\"https:\/\/swissbaker.ch\/wp-content\/uploads\/2022\/04\/sbc-logo-yoast.jpg\",\"width\":512,\"height\":512,\"caption\":\"Schweizerischer B\u00e4cker-Confiseurmeister-Verband\"},\"image\":{\"@id\":\"https:\/\/swissbaker.ch\/fr\/#\/schema\/logo\/image\/\"},\"sameAs\":[\"https:\/\/www.facebook.com\/swissbaker.ch\",\"https:\/\/x.com\/ch_swissbaker\"]},{\"@type\":\"Person\",\"@id\":\"https:\/\/swissbaker.ch\/fr\/#\/schema\/person\/74bd327b08c18ca6042c02ff6f0ed5e2\",\"name\":\"Simon Nussbaum\",\"image\":{\"@type\":\"ImageObject\",\"inLanguage\":\"fr-FR\",\"@id\":\"https:\/\/swissbaker.ch\/fr\/#\/schema\/person\/image\/\",\"url\":\"https:\/\/secure.gravatar.com\/avatar\/df0eced3bb556c806cb760cf503ade1ed1df25b4104d80d6fd28d93a9509aa12?s=96&d=mm&r=g\",\"contentUrl\":\"https:\/\/secure.gravatar.com\/avatar\/df0eced3bb556c806cb760cf503ade1ed1df25b4104d80d6fd28d93a9509aa12?s=96&d=mm&r=g\",\"caption\":\"Simon Nussbaum\"},\"url\":\"https:\/\/swissbaker.ch\/fr\/panissimo-news\/author\/simon-nussbaum\/\"}]}<\/script>\n<!-- \/ Yoast SEO Premium plugin. -->","yoast_head_json":{"title":"\u00ab\u2009Ce sera un \u00e9v\u00e9nement formidable\u2009\u00bb | SBC","description":"\u00ab\u2009Ce sera un \u00e9v\u00e9nement formidable\u2009\u00bb","robots":{"index":"index","follow":"follow","max-snippet":"max-snippet:-1","max-image-preview":"max-image-preview:large","max-video-preview":"max-video-preview:-1"},"canonical":"https:\/\/swissbaker.ch\/fr\/panissimo-news\/ce-sera-un-evenement-formidable\/","og_locale":"fr_FR","og_type":"article","og_title":"\u00ab\u2009Ce sera un \u00e9v\u00e9nement formidable\u2009\u00bb","og_description":"\u00ab\u2009Ce sera un \u00e9v\u00e9nement formidable\u2009\u00bb","og_url":"https:\/\/swissbaker.ch\/fr\/panissimo-news\/ce-sera-un-evenement-formidable\/","og_site_name":"SBC","article_publisher":"https:\/\/www.facebook.com\/swissbaker.ch","article_published_time":"2022-08-25T09:12:37+00:00","article_modified_time":"2022-08-25T14:17:39+00:00","og_image":[{"width":1200,"height":712,"url":"https:\/\/swissbaker.ch\/wp-content\/uploads\/2022\/08\/16_1_daniel_nyffeler.jpg","type":"image\/jpeg"}],"author":"Simon Nussbaum","twitter_card":"summary_large_image","twitter_creator":"@ch_swissbaker","twitter_site":"@ch_swissbaker","twitter_misc":{"Written by":"Simon Nussbaum","Est. reading time":"4 minutes"},"schema":{"@context":"https:\/\/schema.org","@graph":[{"@type":"Article","@id":"https:\/\/swissbaker.ch\/fr\/panissimo-news\/ce-sera-un-evenement-formidable\/#article","isPartOf":{"@id":"https:\/\/swissbaker.ch\/fr\/panissimo-news\/ce-sera-un-evenement-formidable\/"},"author":{"name":"Simon Nussbaum","@id":"https:\/\/swissbaker.ch\/fr\/#\/schema\/person\/74bd327b08c18ca6042c02ff6f0ed5e2"},"headline":"\u00ab\u2009Ce sera un \u00e9v\u00e9nement formidable\u2009\u00bb","datePublished":"2022-08-25T09:12:37+00:00","dateModified":"2022-08-25T14:17:39+00:00","mainEntityOfPage":{"@id":"https:\/\/swissbaker.ch\/fr\/panissimo-news\/ce-sera-un-evenement-formidable\/"},"wordCount":602,"commentCount":0,"publisher":{"@id":"https:\/\/swissbaker.ch\/fr\/#organization"},"image":{"@id":"https:\/\/swissbaker.ch\/fr\/panissimo-news\/ce-sera-un-evenement-formidable\/#primaryimage"},"thumbnailUrl":"https:\/\/swissbaker.ch\/wp-content\/uploads\/2022\/08\/16_1_daniel_nyffeler.jpg","articleSection":["Association","Concours"],"inLanguage":"fr-FR","potentialAction":[{"@type":"CommentAction","name":"Comment","target":["https:\/\/swissbaker.ch\/fr\/panissimo-news\/ce-sera-un-evenement-formidable\/#respond"]}]},{"@type":"WebPage","@id":"https:\/\/swissbaker.ch\/fr\/panissimo-news\/ce-sera-un-evenement-formidable\/","url":"https:\/\/swissbaker.ch\/fr\/panissimo-news\/ce-sera-un-evenement-formidable\/","name":"\u00ab\u2009Ce sera un \u00e9v\u00e9nement formidable\u2009\u00bb | SBC","isPartOf":{"@id":"https:\/\/swissbaker.ch\/fr\/#website"},"primaryImageOfPage":{"@id":"https:\/\/swissbaker.ch\/fr\/panissimo-news\/ce-sera-un-evenement-formidable\/#primaryimage"},"image":{"@id":"https:\/\/swissbaker.ch\/fr\/panissimo-news\/ce-sera-un-evenement-formidable\/#primaryimage"},"thumbnailUrl":"https:\/\/swissbaker.ch\/wp-content\/uploads\/2022\/08\/16_1_daniel_nyffeler.jpg","datePublished":"2022-08-25T09:12:37+00:00","dateModified":"2022-08-25T14:17:39+00:00","description":"\u00ab\u2009Ce sera un \u00e9v\u00e9nement formidable\u2009\u00bb","breadcrumb":{"@id":"https:\/\/swissbaker.ch\/fr\/panissimo-news\/ce-sera-un-evenement-formidable\/#breadcrumb"},"inLanguage":"fr-FR","potentialAction":[{"@type":"ReadAction","target":["https:\/\/swissbaker.ch\/fr\/panissimo-news\/ce-sera-un-evenement-formidable\/"]}]},{"@type":"ImageObject","inLanguage":"fr-FR","@id":"https:\/\/swissbaker.ch\/fr\/panissimo-news\/ce-sera-un-evenement-formidable\/#primaryimage","url":"https:\/\/swissbaker.ch\/wp-content\/uploads\/2022\/08\/16_1_daniel_nyffeler.jpg","contentUrl":"https:\/\/swissbaker.ch\/wp-content\/uploads\/2022\/08\/16_1_daniel_nyffeler.jpg","width":1200,"height":712},{"@type":"BreadcrumbList","@id":"https:\/\/swissbaker.ch\/fr\/panissimo-news\/ce-sera-un-evenement-formidable\/#breadcrumb","itemListElement":[{"@type":"ListItem","position":1,"name":"","item":"https:\/\/swissbaker.ch\/fr\/"},{"@type":"ListItem","position":2,"name":"Concours","item":"https:\/\/swissbaker.ch\/fr\/panissimo-news\/category\/concours\/"},{"@type":"ListItem","position":3,"name":"\u00ab\u2009Ce sera un \u00e9v\u00e9nement formidable\u2009\u00bb"}]},{"@type":"WebSite","@id":"https:\/\/swissbaker.ch\/fr\/#website","url":"https:\/\/swissbaker.ch\/fr\/","name":"SBC","description":"","publisher":{"@id":"https:\/\/swissbaker.ch\/fr\/#organization"},"potentialAction":[{"@type":"SearchAction","target":{"@type":"EntryPoint","urlTemplate":"https:\/\/swissbaker.ch\/fr\/?s={search_term_string}"},"query-input":{"@type":"PropertyValueSpecification","valueRequired":true,"valueName":"search_term_string"}}],"inLanguage":"fr-FR"},{"@type":"Organization","@id":"https:\/\/swissbaker.ch\/fr\/#organization","name":"Schweizerischer B\u00e4cker-Confiseurmeister-Verband","url":"https:\/\/swissbaker.ch\/fr\/","logo":{"@type":"ImageObject","inLanguage":"fr-FR","@id":"https:\/\/swissbaker.ch\/fr\/#\/schema\/logo\/image\/","url":"https:\/\/swissbaker.ch\/wp-content\/uploads\/2022\/04\/sbc-logo-yoast.jpg","contentUrl":"https:\/\/swissbaker.ch\/wp-content\/uploads\/2022\/04\/sbc-logo-yoast.jpg","width":512,"height":512,"caption":"Schweizerischer B\u00e4cker-Confiseurmeister-Verband"},"image":{"@id":"https:\/\/swissbaker.ch\/fr\/#\/schema\/logo\/image\/"},"sameAs":["https:\/\/www.facebook.com\/swissbaker.ch","https:\/\/x.com\/ch_swissbaker"]},{"@type":"Person","@id":"https:\/\/swissbaker.ch\/fr\/#\/schema\/person\/74bd327b08c18ca6042c02ff6f0ed5e2","name":"Simon Nussbaum","image":{"@type":"ImageObject","inLanguage":"fr-FR","@id":"https:\/\/swissbaker.ch\/fr\/#\/schema\/person\/image\/","url":"https:\/\/secure.gravatar.com\/avatar\/df0eced3bb556c806cb760cf503ade1ed1df25b4104d80d6fd28d93a9509aa12?s=96&d=mm&r=g","contentUrl":"https:\/\/secure.gravatar.com\/avatar\/df0eced3bb556c806cb760cf503ade1ed1df25b4104d80d6fd28d93a9509aa12?s=96&d=mm&r=g","caption":"Simon Nussbaum"},"url":"https:\/\/swissbaker.ch\/fr\/panissimo-news\/author\/simon-nussbaum\/"}]}},"_links":{"self":[{"href":"https:\/\/swissbaker.ch\/fr\/wp-json\/wp\/v2\/posts\/45385","targetHints":{"allow":["GET"]}}],"collection":[{"href":"https:\/\/swissbaker.ch\/fr\/wp-json\/wp\/v2\/posts"}],"about":[{"href":"https:\/\/swissbaker.ch\/fr\/wp-json\/wp\/v2\/types\/post"}],"author":[{"embeddable":true,"href":"https:\/\/swissbaker.ch\/fr\/wp-json\/wp\/v2\/users\/5"}],"replies":[{"embeddable":true,"href":"https:\/\/swissbaker.ch\/fr\/wp-json\/wp\/v2\/comments?post=45385"}],"version-history":[{"count":0,"href":"https:\/\/swissbaker.ch\/fr\/wp-json\/wp\/v2\/posts\/45385\/revisions"}],"wp:featuredmedia":[{"embeddable":true,"href":"https:\/\/swissbaker.ch\/fr\/wp-json\/wp\/v2\/media\/45374"}],"wp:attachment":[{"href":"https:\/\/swissbaker.ch\/fr\/wp-json\/wp\/v2\/media?parent=45385"}],"wp:term":[{"taxonomy":"category","embeddable":true,"href":"https:\/\/swissbaker.ch\/fr\/wp-json\/wp\/v2\/categories?post=45385"},{"taxonomy":"post_tag","embeddable":true,"href":"https:\/\/swissbaker.ch\/fr\/wp-json\/wp\/v2\/tags?post=45385"}],"curies":[{"name":"wp","href":"https:\/\/api.w.org\/{rel}","templated":true}]}}