{"id":45350,"date":"2022-08-25T10:44:16","date_gmt":"2022-08-25T08:44:16","guid":{"rendered":"https:\/\/swissbaker.ch\/?p=45350"},"modified":"2022-08-25T16:18:19","modified_gmt":"2022-08-25T14:18:19","slug":"campagne-de-lepiphanie-commandes-des-la-fin-septembre","status":"publish","type":"post","link":"https:\/\/swissbaker.ch\/fr\/panissimo-news\/campagne-de-lepiphanie-commandes-des-la-fin-septembre\/","title":{"rendered":"Campagne de L\u2019\u00c9piphanie\u2009: commandes d\u00e8s la fin septembre"},"content":{"rendered":"\n<p>La nouvelle campagne des Rois de la BCS a f\u00eat\u00e9 sa premi\u00e8re en 2022. Les consommateurs ont beaucoup appr\u00e9ci\u00e9 la nouvelle pr\u00e9sentation rafra\u00eechissante. Exclusive, elle sera reconduite en 2023.<br>A la demande g\u00e9n\u00e9rale, les packs publicitaires seront supprim\u00e9s. Tous les produits seront d\u00e9sormais disponibles individuellement en tr\u00e8s petites unit\u00e9s. Comme auparavant, cette offre reste r\u00e9serv\u00e9e aux membres de la BCS. La livraison sera toujours effectu\u00e9e par Pistor. Il sera possible de commander la marchandise \u00e0 partir de fin septembre. Des informations plus pr\u00e9cises suivront alors.<\/p>\n\n\n\n<p>BCS<\/p>\n","protected":false},"excerpt":{"rendered":"<p>La nouvelle campagne des Rois de la BCS a f\u00eat\u00e9 sa premi\u00e8re en 2022. Les consommateurs ont beaucoup appr\u00e9ci\u00e9 la nouvelle pr\u00e9sentation rafra\u00eechissante. Exclusive, elle sera reconduite en 2023.A la demande g\u00e9n\u00e9rale, les packs publicitaires seront supprim\u00e9s. Tous les produits seront d\u00e9sormais disponibles individuellement en tr\u00e8s petites unit\u00e9s. Comme auparavant, cette offre reste r\u00e9serv\u00e9e aux membres de la BCS. La [&hellip;]<\/p>\n","protected":false},"author":5,"featured_media":45352,"comment_status":"open","ping_status":"closed","sticky":false,"template":"","format":"standard","meta":{"_acf_changed":false,"footnotes":""},"categories":[41,50],"tags":[],"class_list":["post-45350","post","type-post","status-publish","format-standard","has-post-thumbnail","hentry","category-association","category-vente-marketing"],"acf":[],"yoast_head":"<!-- This site is optimized with the Yoast SEO Premium plugin v26.8 (Yoast SEO v26.8) - https:\/\/yoast.com\/product\/yoast-seo-premium-wordpress\/ -->\n<title>Campagne de L\u2019\u00c9piphanie\u2009: commandes d\u00e8s la fin septembre | SBC<\/title>\n<meta name=\"description\" content=\"Campagne de L\u2019\u00c9piphanie\u2009: commandes d\u00e8s la fin septembre\" \/>\n<meta name=\"robots\" content=\"index, follow, max-snippet:-1, max-image-preview:large, max-video-preview:-1\" \/>\n<link rel=\"canonical\" href=\"https:\/\/swissbaker.ch\/fr\/panissimo-news\/campagne-de-lepiphanie-commandes-des-la-fin-septembre\/\" \/>\n<meta property=\"og:locale\" content=\"fr_FR\" \/>\n<meta property=\"og:type\" content=\"article\" \/>\n<meta property=\"og:title\" content=\"Campagne de L\u2019\u00c9piphanie\u2009: commandes d\u00e8s la fin septembre\" \/>\n<meta property=\"og:description\" content=\"Campagne de L\u2019\u00c9piphanie\u2009: commandes d\u00e8s la fin septembre\" \/>\n<meta property=\"og:url\" content=\"https:\/\/swissbaker.ch\/fr\/panissimo-news\/campagne-de-lepiphanie-commandes-des-la-fin-septembre\/\" \/>\n<meta property=\"og:site_name\" content=\"SBC\" \/>\n<meta property=\"article:publisher\" content=\"https:\/\/www.facebook.com\/swissbaker.ch\" \/>\n<meta property=\"article:published_time\" content=\"2022-08-25T08:44:16+00:00\" \/>\n<meta property=\"article:modified_time\" content=\"2022-08-25T14:18:19+00:00\" \/>\n<meta property=\"og:image\" content=\"https:\/\/swissbaker.ch\/wp-content\/uploads\/2022\/08\/16_2_dreikoenig_anriss_fr.jpg\" \/>\n\t<meta property=\"og:image:width\" content=\"1200\" \/>\n\t<meta property=\"og:image:height\" content=\"712\" \/>\n\t<meta property=\"og:image:type\" content=\"image\/jpeg\" \/>\n<meta name=\"author\" content=\"Simon Nussbaum\" \/>\n<meta name=\"twitter:card\" content=\"summary_large_image\" \/>\n<meta name=\"twitter:creator\" content=\"@ch_swissbaker\" \/>\n<meta name=\"twitter:site\" content=\"@ch_swissbaker\" \/>\n<meta name=\"twitter:label1\" content=\"Written by\" \/>\n\t<meta name=\"twitter:data1\" content=\"Simon Nussbaum\" \/>\n\t<meta name=\"twitter:label2\" content=\"Est. reading time\" \/>\n\t<meta name=\"twitter:data2\" content=\"1 minute\" \/>\n<script type=\"application\/ld+json\" class=\"yoast-schema-graph\">{\"@context\":\"https:\/\/schema.org\",\"@graph\":[{\"@type\":\"Article\",\"@id\":\"https:\/\/swissbaker.ch\/fr\/panissimo-news\/campagne-de-lepiphanie-commandes-des-la-fin-septembre\/#article\",\"isPartOf\":{\"@id\":\"https:\/\/swissbaker.ch\/fr\/panissimo-news\/campagne-de-lepiphanie-commandes-des-la-fin-septembre\/\"},\"author\":{\"name\":\"Simon Nussbaum\",\"@id\":\"https:\/\/swissbaker.ch\/fr\/#\/schema\/person\/74bd327b08c18ca6042c02ff6f0ed5e2\"},\"headline\":\"Campagne de L\u2019\u00c9piphanie\u2009: commandes d\u00e8s la fin septembre\",\"datePublished\":\"2022-08-25T08:44:16+00:00\",\"dateModified\":\"2022-08-25T14:18:19+00:00\",\"mainEntityOfPage\":{\"@id\":\"https:\/\/swissbaker.ch\/fr\/panissimo-news\/campagne-de-lepiphanie-commandes-des-la-fin-septembre\/\"},\"wordCount\":108,\"commentCount\":0,\"publisher\":{\"@id\":\"https:\/\/swissbaker.ch\/fr\/#organization\"},\"image\":{\"@id\":\"https:\/\/swissbaker.ch\/fr\/panissimo-news\/campagne-de-lepiphanie-commandes-des-la-fin-septembre\/#primaryimage\"},\"thumbnailUrl\":\"https:\/\/swissbaker.ch\/wp-content\/uploads\/2022\/08\/16_2_dreikoenig_anriss_fr.jpg\",\"articleSection\":[\"Association\",\"Vente\/Marketing\"],\"inLanguage\":\"fr-FR\",\"potentialAction\":[{\"@type\":\"CommentAction\",\"name\":\"Comment\",\"target\":[\"https:\/\/swissbaker.ch\/fr\/panissimo-news\/campagne-de-lepiphanie-commandes-des-la-fin-septembre\/#respond\"]}]},{\"@type\":\"WebPage\",\"@id\":\"https:\/\/swissbaker.ch\/fr\/panissimo-news\/campagne-de-lepiphanie-commandes-des-la-fin-septembre\/\",\"url\":\"https:\/\/swissbaker.ch\/fr\/panissimo-news\/campagne-de-lepiphanie-commandes-des-la-fin-septembre\/\",\"name\":\"Campagne de L\u2019\u00c9piphanie\u2009: commandes d\u00e8s la fin septembre | SBC\",\"isPartOf\":{\"@id\":\"https:\/\/swissbaker.ch\/fr\/#website\"},\"primaryImageOfPage\":{\"@id\":\"https:\/\/swissbaker.ch\/fr\/panissimo-news\/campagne-de-lepiphanie-commandes-des-la-fin-septembre\/#primaryimage\"},\"image\":{\"@id\":\"https:\/\/swissbaker.ch\/fr\/panissimo-news\/campagne-de-lepiphanie-commandes-des-la-fin-septembre\/#primaryimage\"},\"thumbnailUrl\":\"https:\/\/swissbaker.ch\/wp-content\/uploads\/2022\/08\/16_2_dreikoenig_anriss_fr.jpg\",\"datePublished\":\"2022-08-25T08:44:16+00:00\",\"dateModified\":\"2022-08-25T14:18:19+00:00\",\"description\":\"Campagne de L\u2019\u00c9piphanie\u2009: commandes d\u00e8s la fin septembre\",\"breadcrumb\":{\"@id\":\"https:\/\/swissbaker.ch\/fr\/panissimo-news\/campagne-de-lepiphanie-commandes-des-la-fin-septembre\/#breadcrumb\"},\"inLanguage\":\"fr-FR\",\"potentialAction\":[{\"@type\":\"ReadAction\",\"target\":[\"https:\/\/swissbaker.ch\/fr\/panissimo-news\/campagne-de-lepiphanie-commandes-des-la-fin-septembre\/\"]}]},{\"@type\":\"ImageObject\",\"inLanguage\":\"fr-FR\",\"@id\":\"https:\/\/swissbaker.ch\/fr\/panissimo-news\/campagne-de-lepiphanie-commandes-des-la-fin-septembre\/#primaryimage\",\"url\":\"https:\/\/swissbaker.ch\/wp-content\/uploads\/2022\/08\/16_2_dreikoenig_anriss_fr.jpg\",\"contentUrl\":\"https:\/\/swissbaker.ch\/wp-content\/uploads\/2022\/08\/16_2_dreikoenig_anriss_fr.jpg\",\"width\":1200,\"height\":712},{\"@type\":\"BreadcrumbList\",\"@id\":\"https:\/\/swissbaker.ch\/fr\/panissimo-news\/campagne-de-lepiphanie-commandes-des-la-fin-septembre\/#breadcrumb\",\"itemListElement\":[{\"@type\":\"ListItem\",\"position\":1,\"name\":\"\",\"item\":\"https:\/\/swissbaker.ch\/fr\/\"},{\"@type\":\"ListItem\",\"position\":2,\"name\":\"Association\",\"item\":\"https:\/\/swissbaker.ch\/fr\/panissimo-news\/category\/association\/\"},{\"@type\":\"ListItem\",\"position\":3,\"name\":\"Campagne de L\u2019\u00c9piphanie\u2009: commandes d\u00e8s la fin septembre\"}]},{\"@type\":\"WebSite\",\"@id\":\"https:\/\/swissbaker.ch\/fr\/#website\",\"url\":\"https:\/\/swissbaker.ch\/fr\/\",\"name\":\"SBC\",\"description\":\"\",\"publisher\":{\"@id\":\"https:\/\/swissbaker.ch\/fr\/#organization\"},\"potentialAction\":[{\"@type\":\"SearchAction\",\"target\":{\"@type\":\"EntryPoint\",\"urlTemplate\":\"https:\/\/swissbaker.ch\/fr\/?s={search_term_string}\"},\"query-input\":{\"@type\":\"PropertyValueSpecification\",\"valueRequired\":true,\"valueName\":\"search_term_string\"}}],\"inLanguage\":\"fr-FR\"},{\"@type\":\"Organization\",\"@id\":\"https:\/\/swissbaker.ch\/fr\/#organization\",\"name\":\"Schweizerischer B\u00e4cker-Confiseurmeister-Verband\",\"url\":\"https:\/\/swissbaker.ch\/fr\/\",\"logo\":{\"@type\":\"ImageObject\",\"inLanguage\":\"fr-FR\",\"@id\":\"https:\/\/swissbaker.ch\/fr\/#\/schema\/logo\/image\/\",\"url\":\"https:\/\/swissbaker.ch\/wp-content\/uploads\/2022\/04\/sbc-logo-yoast.jpg\",\"contentUrl\":\"https:\/\/swissbaker.ch\/wp-content\/uploads\/2022\/04\/sbc-logo-yoast.jpg\",\"width\":512,\"height\":512,\"caption\":\"Schweizerischer B\u00e4cker-Confiseurmeister-Verband\"},\"image\":{\"@id\":\"https:\/\/swissbaker.ch\/fr\/#\/schema\/logo\/image\/\"},\"sameAs\":[\"https:\/\/www.facebook.com\/swissbaker.ch\",\"https:\/\/x.com\/ch_swissbaker\"]},{\"@type\":\"Person\",\"@id\":\"https:\/\/swissbaker.ch\/fr\/#\/schema\/person\/74bd327b08c18ca6042c02ff6f0ed5e2\",\"name\":\"Simon Nussbaum\",\"image\":{\"@type\":\"ImageObject\",\"inLanguage\":\"fr-FR\",\"@id\":\"https:\/\/swissbaker.ch\/fr\/#\/schema\/person\/image\/\",\"url\":\"https:\/\/secure.gravatar.com\/avatar\/df0eced3bb556c806cb760cf503ade1ed1df25b4104d80d6fd28d93a9509aa12?s=96&d=mm&r=g\",\"contentUrl\":\"https:\/\/secure.gravatar.com\/avatar\/df0eced3bb556c806cb760cf503ade1ed1df25b4104d80d6fd28d93a9509aa12?s=96&d=mm&r=g\",\"caption\":\"Simon Nussbaum\"},\"url\":\"https:\/\/swissbaker.ch\/fr\/panissimo-news\/author\/simon-nussbaum\/\"}]}<\/script>\n<!-- \/ Yoast SEO Premium plugin. -->","yoast_head_json":{"title":"Campagne de L\u2019\u00c9piphanie\u2009: commandes d\u00e8s la fin septembre | SBC","description":"Campagne de L\u2019\u00c9piphanie\u2009: commandes d\u00e8s la fin septembre","robots":{"index":"index","follow":"follow","max-snippet":"max-snippet:-1","max-image-preview":"max-image-preview:large","max-video-preview":"max-video-preview:-1"},"canonical":"https:\/\/swissbaker.ch\/fr\/panissimo-news\/campagne-de-lepiphanie-commandes-des-la-fin-septembre\/","og_locale":"fr_FR","og_type":"article","og_title":"Campagne de L\u2019\u00c9piphanie\u2009: commandes d\u00e8s la fin septembre","og_description":"Campagne de L\u2019\u00c9piphanie\u2009: commandes d\u00e8s la fin septembre","og_url":"https:\/\/swissbaker.ch\/fr\/panissimo-news\/campagne-de-lepiphanie-commandes-des-la-fin-septembre\/","og_site_name":"SBC","article_publisher":"https:\/\/www.facebook.com\/swissbaker.ch","article_published_time":"2022-08-25T08:44:16+00:00","article_modified_time":"2022-08-25T14:18:19+00:00","og_image":[{"width":1200,"height":712,"url":"https:\/\/swissbaker.ch\/wp-content\/uploads\/2022\/08\/16_2_dreikoenig_anriss_fr.jpg","type":"image\/jpeg"}],"author":"Simon Nussbaum","twitter_card":"summary_large_image","twitter_creator":"@ch_swissbaker","twitter_site":"@ch_swissbaker","twitter_misc":{"Written by":"Simon Nussbaum","Est. reading time":"1 minute"},"schema":{"@context":"https:\/\/schema.org","@graph":[{"@type":"Article","@id":"https:\/\/swissbaker.ch\/fr\/panissimo-news\/campagne-de-lepiphanie-commandes-des-la-fin-septembre\/#article","isPartOf":{"@id":"https:\/\/swissbaker.ch\/fr\/panissimo-news\/campagne-de-lepiphanie-commandes-des-la-fin-septembre\/"},"author":{"name":"Simon Nussbaum","@id":"https:\/\/swissbaker.ch\/fr\/#\/schema\/person\/74bd327b08c18ca6042c02ff6f0ed5e2"},"headline":"Campagne de L\u2019\u00c9piphanie\u2009: commandes d\u00e8s la fin septembre","datePublished":"2022-08-25T08:44:16+00:00","dateModified":"2022-08-25T14:18:19+00:00","mainEntityOfPage":{"@id":"https:\/\/swissbaker.ch\/fr\/panissimo-news\/campagne-de-lepiphanie-commandes-des-la-fin-septembre\/"},"wordCount":108,"commentCount":0,"publisher":{"@id":"https:\/\/swissbaker.ch\/fr\/#organization"},"image":{"@id":"https:\/\/swissbaker.ch\/fr\/panissimo-news\/campagne-de-lepiphanie-commandes-des-la-fin-septembre\/#primaryimage"},"thumbnailUrl":"https:\/\/swissbaker.ch\/wp-content\/uploads\/2022\/08\/16_2_dreikoenig_anriss_fr.jpg","articleSection":["Association","Vente\/Marketing"],"inLanguage":"fr-FR","potentialAction":[{"@type":"CommentAction","name":"Comment","target":["https:\/\/swissbaker.ch\/fr\/panissimo-news\/campagne-de-lepiphanie-commandes-des-la-fin-septembre\/#respond"]}]},{"@type":"WebPage","@id":"https:\/\/swissbaker.ch\/fr\/panissimo-news\/campagne-de-lepiphanie-commandes-des-la-fin-septembre\/","url":"https:\/\/swissbaker.ch\/fr\/panissimo-news\/campagne-de-lepiphanie-commandes-des-la-fin-septembre\/","name":"Campagne de L\u2019\u00c9piphanie\u2009: commandes d\u00e8s la fin septembre | SBC","isPartOf":{"@id":"https:\/\/swissbaker.ch\/fr\/#website"},"primaryImageOfPage":{"@id":"https:\/\/swissbaker.ch\/fr\/panissimo-news\/campagne-de-lepiphanie-commandes-des-la-fin-septembre\/#primaryimage"},"image":{"@id":"https:\/\/swissbaker.ch\/fr\/panissimo-news\/campagne-de-lepiphanie-commandes-des-la-fin-septembre\/#primaryimage"},"thumbnailUrl":"https:\/\/swissbaker.ch\/wp-content\/uploads\/2022\/08\/16_2_dreikoenig_anriss_fr.jpg","datePublished":"2022-08-25T08:44:16+00:00","dateModified":"2022-08-25T14:18:19+00:00","description":"Campagne de L\u2019\u00c9piphanie\u2009: commandes d\u00e8s la fin septembre","breadcrumb":{"@id":"https:\/\/swissbaker.ch\/fr\/panissimo-news\/campagne-de-lepiphanie-commandes-des-la-fin-septembre\/#breadcrumb"},"inLanguage":"fr-FR","potentialAction":[{"@type":"ReadAction","target":["https:\/\/swissbaker.ch\/fr\/panissimo-news\/campagne-de-lepiphanie-commandes-des-la-fin-septembre\/"]}]},{"@type":"ImageObject","inLanguage":"fr-FR","@id":"https:\/\/swissbaker.ch\/fr\/panissimo-news\/campagne-de-lepiphanie-commandes-des-la-fin-septembre\/#primaryimage","url":"https:\/\/swissbaker.ch\/wp-content\/uploads\/2022\/08\/16_2_dreikoenig_anriss_fr.jpg","contentUrl":"https:\/\/swissbaker.ch\/wp-content\/uploads\/2022\/08\/16_2_dreikoenig_anriss_fr.jpg","width":1200,"height":712},{"@type":"BreadcrumbList","@id":"https:\/\/swissbaker.ch\/fr\/panissimo-news\/campagne-de-lepiphanie-commandes-des-la-fin-septembre\/#breadcrumb","itemListElement":[{"@type":"ListItem","position":1,"name":"","item":"https:\/\/swissbaker.ch\/fr\/"},{"@type":"ListItem","position":2,"name":"Association","item":"https:\/\/swissbaker.ch\/fr\/panissimo-news\/category\/association\/"},{"@type":"ListItem","position":3,"name":"Campagne de L\u2019\u00c9piphanie\u2009: commandes d\u00e8s la fin septembre"}]},{"@type":"WebSite","@id":"https:\/\/swissbaker.ch\/fr\/#website","url":"https:\/\/swissbaker.ch\/fr\/","name":"SBC","description":"","publisher":{"@id":"https:\/\/swissbaker.ch\/fr\/#organization"},"potentialAction":[{"@type":"SearchAction","target":{"@type":"EntryPoint","urlTemplate":"https:\/\/swissbaker.ch\/fr\/?s={search_term_string}"},"query-input":{"@type":"PropertyValueSpecification","valueRequired":true,"valueName":"search_term_string"}}],"inLanguage":"fr-FR"},{"@type":"Organization","@id":"https:\/\/swissbaker.ch\/fr\/#organization","name":"Schweizerischer B\u00e4cker-Confiseurmeister-Verband","url":"https:\/\/swissbaker.ch\/fr\/","logo":{"@type":"ImageObject","inLanguage":"fr-FR","@id":"https:\/\/swissbaker.ch\/fr\/#\/schema\/logo\/image\/","url":"https:\/\/swissbaker.ch\/wp-content\/uploads\/2022\/04\/sbc-logo-yoast.jpg","contentUrl":"https:\/\/swissbaker.ch\/wp-content\/uploads\/2022\/04\/sbc-logo-yoast.jpg","width":512,"height":512,"caption":"Schweizerischer B\u00e4cker-Confiseurmeister-Verband"},"image":{"@id":"https:\/\/swissbaker.ch\/fr\/#\/schema\/logo\/image\/"},"sameAs":["https:\/\/www.facebook.com\/swissbaker.ch","https:\/\/x.com\/ch_swissbaker"]},{"@type":"Person","@id":"https:\/\/swissbaker.ch\/fr\/#\/schema\/person\/74bd327b08c18ca6042c02ff6f0ed5e2","name":"Simon Nussbaum","image":{"@type":"ImageObject","inLanguage":"fr-FR","@id":"https:\/\/swissbaker.ch\/fr\/#\/schema\/person\/image\/","url":"https:\/\/secure.gravatar.com\/avatar\/df0eced3bb556c806cb760cf503ade1ed1df25b4104d80d6fd28d93a9509aa12?s=96&d=mm&r=g","contentUrl":"https:\/\/secure.gravatar.com\/avatar\/df0eced3bb556c806cb760cf503ade1ed1df25b4104d80d6fd28d93a9509aa12?s=96&d=mm&r=g","caption":"Simon Nussbaum"},"url":"https:\/\/swissbaker.ch\/fr\/panissimo-news\/author\/simon-nussbaum\/"}]}},"_links":{"self":[{"href":"https:\/\/swissbaker.ch\/fr\/wp-json\/wp\/v2\/posts\/45350","targetHints":{"allow":["GET"]}}],"collection":[{"href":"https:\/\/swissbaker.ch\/fr\/wp-json\/wp\/v2\/posts"}],"about":[{"href":"https:\/\/swissbaker.ch\/fr\/wp-json\/wp\/v2\/types\/post"}],"author":[{"embeddable":true,"href":"https:\/\/swissbaker.ch\/fr\/wp-json\/wp\/v2\/users\/5"}],"replies":[{"embeddable":true,"href":"https:\/\/swissbaker.ch\/fr\/wp-json\/wp\/v2\/comments?post=45350"}],"version-history":[{"count":0,"href":"https:\/\/swissbaker.ch\/fr\/wp-json\/wp\/v2\/posts\/45350\/revisions"}],"wp:featuredmedia":[{"embeddable":true,"href":"https:\/\/swissbaker.ch\/fr\/wp-json\/wp\/v2\/media\/45352"}],"wp:attachment":[{"href":"https:\/\/swissbaker.ch\/fr\/wp-json\/wp\/v2\/media?parent=45350"}],"wp:term":[{"taxonomy":"category","embeddable":true,"href":"https:\/\/swissbaker.ch\/fr\/wp-json\/wp\/v2\/categories?post=45350"},{"taxonomy":"post_tag","embeddable":true,"href":"https:\/\/swissbaker.ch\/fr\/wp-json\/wp\/v2\/tags?post=45350"}],"curies":[{"name":"wp","href":"https:\/\/api.w.org\/{rel}","templated":true}]}}