{"id":45338,"date":"2022-08-25T10:29:09","date_gmt":"2022-08-25T08:29:09","guid":{"rendered":"https:\/\/swissbaker.ch\/?p=45338"},"modified":"2022-08-25T10:39:08","modified_gmt":"2022-08-25T08:39:08","slug":"campagne-de-releve-ne-pas-relacher-la-pression","status":"publish","type":"post","link":"https:\/\/swissbaker.ch\/fr\/panissimo-news\/campagne-de-releve-ne-pas-relacher-la-pression\/","title":{"rendered":"Campagne de rel\u00e8ve\u2009: ne pas rel\u00e2cher la pression"},"content":{"rendered":"\n<p><strong>Apr\u00e8s le lancement r\u00e9ussi de la campagne de la rel\u00e8ve en ao\u00fbt\u202f2021, la deuxi\u00e8me vague, de mi-mai \u00e0 juin, compl\u00e9t\u00e9e par du mat\u00e9riel de foires et de PLV a obtenu des r\u00e9sultats encore meilleurs. Il s\u2019agit de continuer \u00e0 attirer l\u2019attention des jeunes (et de leurs parents) sur les formations de boulanger-p\u00e2tissier-confiseur ou de gestionnaire du commerce de d\u00e9tail, de leur donner envie et de souligner l\u2019attractivit\u00e9 des m\u00e9tiers.<\/strong><\/p>\n\n\n\n<p><strong>Moyens publicitaires et digitaux<\/strong><br>Pour ce faire, les associations cantonales et r\u00e9gionales ainsi que les membres individuels de la BCS disposent de divers moyens publicitaires\u2009: vid\u00e9os, pr\u00e9sentoirs de caisse, sachets \u00e0 petits pains, roll-ups, affiches et cartes postales. Le secr\u00e9tariat de la BCS est \u00e0 disposition pour toute information.<br>(Marketing Services, <a href=\"mailto:sarah.rosch@swissbaker.ch\">sarah.rosch@swissbaker.ch<\/a>, t\u00e9l. 031 388 14 19). <\/p>\n\n\n\n<p><a href=\"https:\/\/swissbaker.ch\/fr\/association\/prestations-de-service\/marketing-communication\/campagne-de-releve\/\" target=\"_blank\" rel=\"noreferrer noopener\">Mat\u00e9riel publicitaire<\/a><br>(Ligne directrice (nouvelle version d\u00e8s le 29\u202fao\u00fbt) <\/p>\n\n\n\n<p>SR<\/p>\n","protected":false},"excerpt":{"rendered":"<p>Apr\u00e8s le lancement r\u00e9ussi de la campagne de la rel\u00e8ve en ao\u00fbt\u202f2021, la deuxi\u00e8me vague, de mi-mai \u00e0 juin, compl\u00e9t\u00e9e par du mat\u00e9riel de foires et de PLV a obtenu des r\u00e9sultats encore meilleurs. Il s\u2019agit de continuer \u00e0 attirer l\u2019attention des jeunes (et de leurs parents) sur les formations de boulanger-p\u00e2tissier-confiseur ou de gestionnaire du commerce de d\u00e9tail, de leur donner envie et de souligner l\u2019attractivit\u00e9 des m\u00e9tiers.<\/p>\n","protected":false},"author":5,"featured_media":45340,"comment_status":"open","ping_status":"closed","sticky":false,"template":"","format":"standard","meta":{"_acf_changed":false,"footnotes":""},"categories":[41,47],"tags":[],"class_list":["post-45338","post","type-post","status-publish","format-standard","has-post-thumbnail","hentry","category-association","category-formation-releve"],"acf":[],"yoast_head":"<!-- This site is optimized with the Yoast SEO Premium plugin v26.8 (Yoast SEO v26.8) - https:\/\/yoast.com\/product\/yoast-seo-premium-wordpress\/ -->\n<title>Campagne de rel\u00e8ve\u2009: ne pas rel\u00e2cher la pression | SBC<\/title>\n<meta name=\"description\" content=\"Campagne de rel\u00e8ve\u2009: ne pas rel\u00e2cher la pression\" \/>\n<meta name=\"robots\" content=\"index, follow, max-snippet:-1, max-image-preview:large, max-video-preview:-1\" \/>\n<link rel=\"canonical\" href=\"https:\/\/swissbaker.ch\/fr\/panissimo-news\/campagne-de-releve-ne-pas-relacher-la-pression\/\" \/>\n<meta property=\"og:locale\" content=\"fr_FR\" \/>\n<meta property=\"og:type\" content=\"article\" \/>\n<meta property=\"og:title\" content=\"Campagne de rel\u00e8ve\u2009: ne pas rel\u00e2cher la pression\" \/>\n<meta property=\"og:description\" content=\"Campagne de rel\u00e8ve\u2009: ne pas rel\u00e2cher la pression\" \/>\n<meta property=\"og:url\" content=\"https:\/\/swissbaker.ch\/fr\/panissimo-news\/campagne-de-releve-ne-pas-relacher-la-pression\/\" \/>\n<meta property=\"og:site_name\" content=\"SBC\" \/>\n<meta property=\"article:publisher\" content=\"https:\/\/www.facebook.com\/swissbaker.ch\" \/>\n<meta property=\"article:published_time\" content=\"2022-08-25T08:29:09+00:00\" \/>\n<meta property=\"article:modified_time\" content=\"2022-08-25T08:39:08+00:00\" \/>\n<meta property=\"og:image\" content=\"https:\/\/swissbaker.ch\/wp-content\/uploads\/2022\/08\/16_1_fdz_franz.jpg\" \/>\n\t<meta property=\"og:image:width\" content=\"1200\" \/>\n\t<meta property=\"og:image:height\" content=\"712\" \/>\n\t<meta property=\"og:image:type\" content=\"image\/jpeg\" \/>\n<meta name=\"author\" content=\"Simon Nussbaum\" \/>\n<meta name=\"twitter:card\" content=\"summary_large_image\" \/>\n<meta name=\"twitter:creator\" content=\"@ch_swissbaker\" \/>\n<meta name=\"twitter:site\" content=\"@ch_swissbaker\" \/>\n<meta name=\"twitter:label1\" content=\"Written by\" \/>\n\t<meta name=\"twitter:data1\" content=\"Simon Nussbaum\" \/>\n\t<meta name=\"twitter:label2\" content=\"Est. reading time\" \/>\n\t<meta name=\"twitter:data2\" content=\"1 minute\" \/>\n<script type=\"application\/ld+json\" class=\"yoast-schema-graph\">{\"@context\":\"https:\/\/schema.org\",\"@graph\":[{\"@type\":\"Article\",\"@id\":\"https:\/\/swissbaker.ch\/fr\/panissimo-news\/campagne-de-releve-ne-pas-relacher-la-pression\/#article\",\"isPartOf\":{\"@id\":\"https:\/\/swissbaker.ch\/fr\/panissimo-news\/campagne-de-releve-ne-pas-relacher-la-pression\/\"},\"author\":{\"name\":\"Simon Nussbaum\",\"@id\":\"https:\/\/swissbaker.ch\/fr\/#\/schema\/person\/74bd327b08c18ca6042c02ff6f0ed5e2\"},\"headline\":\"Campagne de rel\u00e8ve\u2009: ne pas rel\u00e2cher la pression\",\"datePublished\":\"2022-08-25T08:29:09+00:00\",\"dateModified\":\"2022-08-25T08:39:08+00:00\",\"mainEntityOfPage\":{\"@id\":\"https:\/\/swissbaker.ch\/fr\/panissimo-news\/campagne-de-releve-ne-pas-relacher-la-pression\/\"},\"wordCount\":164,\"commentCount\":0,\"publisher\":{\"@id\":\"https:\/\/swissbaker.ch\/fr\/#organization\"},\"image\":{\"@id\":\"https:\/\/swissbaker.ch\/fr\/panissimo-news\/campagne-de-releve-ne-pas-relacher-la-pression\/#primaryimage\"},\"thumbnailUrl\":\"https:\/\/swissbaker.ch\/wp-content\/uploads\/2022\/08\/16_1_fdz_franz.jpg\",\"articleSection\":[\"Association\",\"Formation\/Rel\u00e8ve\"],\"inLanguage\":\"fr-FR\",\"potentialAction\":[{\"@type\":\"CommentAction\",\"name\":\"Comment\",\"target\":[\"https:\/\/swissbaker.ch\/fr\/panissimo-news\/campagne-de-releve-ne-pas-relacher-la-pression\/#respond\"]}]},{\"@type\":\"WebPage\",\"@id\":\"https:\/\/swissbaker.ch\/fr\/panissimo-news\/campagne-de-releve-ne-pas-relacher-la-pression\/\",\"url\":\"https:\/\/swissbaker.ch\/fr\/panissimo-news\/campagne-de-releve-ne-pas-relacher-la-pression\/\",\"name\":\"Campagne de rel\u00e8ve\u2009: ne pas rel\u00e2cher la pression | SBC\",\"isPartOf\":{\"@id\":\"https:\/\/swissbaker.ch\/fr\/#website\"},\"primaryImageOfPage\":{\"@id\":\"https:\/\/swissbaker.ch\/fr\/panissimo-news\/campagne-de-releve-ne-pas-relacher-la-pression\/#primaryimage\"},\"image\":{\"@id\":\"https:\/\/swissbaker.ch\/fr\/panissimo-news\/campagne-de-releve-ne-pas-relacher-la-pression\/#primaryimage\"},\"thumbnailUrl\":\"https:\/\/swissbaker.ch\/wp-content\/uploads\/2022\/08\/16_1_fdz_franz.jpg\",\"datePublished\":\"2022-08-25T08:29:09+00:00\",\"dateModified\":\"2022-08-25T08:39:08+00:00\",\"description\":\"Campagne de rel\u00e8ve\u2009: ne pas rel\u00e2cher la pression\",\"breadcrumb\":{\"@id\":\"https:\/\/swissbaker.ch\/fr\/panissimo-news\/campagne-de-releve-ne-pas-relacher-la-pression\/#breadcrumb\"},\"inLanguage\":\"fr-FR\",\"potentialAction\":[{\"@type\":\"ReadAction\",\"target\":[\"https:\/\/swissbaker.ch\/fr\/panissimo-news\/campagne-de-releve-ne-pas-relacher-la-pression\/\"]}]},{\"@type\":\"ImageObject\",\"inLanguage\":\"fr-FR\",\"@id\":\"https:\/\/swissbaker.ch\/fr\/panissimo-news\/campagne-de-releve-ne-pas-relacher-la-pression\/#primaryimage\",\"url\":\"https:\/\/swissbaker.ch\/wp-content\/uploads\/2022\/08\/16_1_fdz_franz.jpg\",\"contentUrl\":\"https:\/\/swissbaker.ch\/wp-content\/uploads\/2022\/08\/16_1_fdz_franz.jpg\",\"width\":1200,\"height\":712},{\"@type\":\"BreadcrumbList\",\"@id\":\"https:\/\/swissbaker.ch\/fr\/panissimo-news\/campagne-de-releve-ne-pas-relacher-la-pression\/#breadcrumb\",\"itemListElement\":[{\"@type\":\"ListItem\",\"position\":1,\"name\":\"\",\"item\":\"https:\/\/swissbaker.ch\/fr\/\"},{\"@type\":\"ListItem\",\"position\":2,\"name\":\"Association\",\"item\":\"https:\/\/swissbaker.ch\/fr\/panissimo-news\/category\/association\/\"},{\"@type\":\"ListItem\",\"position\":3,\"name\":\"Campagne de rel\u00e8ve\u2009: ne pas rel\u00e2cher la pression\"}]},{\"@type\":\"WebSite\",\"@id\":\"https:\/\/swissbaker.ch\/fr\/#website\",\"url\":\"https:\/\/swissbaker.ch\/fr\/\",\"name\":\"SBC\",\"description\":\"\",\"publisher\":{\"@id\":\"https:\/\/swissbaker.ch\/fr\/#organization\"},\"potentialAction\":[{\"@type\":\"SearchAction\",\"target\":{\"@type\":\"EntryPoint\",\"urlTemplate\":\"https:\/\/swissbaker.ch\/fr\/?s={search_term_string}\"},\"query-input\":{\"@type\":\"PropertyValueSpecification\",\"valueRequired\":true,\"valueName\":\"search_term_string\"}}],\"inLanguage\":\"fr-FR\"},{\"@type\":\"Organization\",\"@id\":\"https:\/\/swissbaker.ch\/fr\/#organization\",\"name\":\"Schweizerischer B\u00e4cker-Confiseurmeister-Verband\",\"url\":\"https:\/\/swissbaker.ch\/fr\/\",\"logo\":{\"@type\":\"ImageObject\",\"inLanguage\":\"fr-FR\",\"@id\":\"https:\/\/swissbaker.ch\/fr\/#\/schema\/logo\/image\/\",\"url\":\"https:\/\/swissbaker.ch\/wp-content\/uploads\/2022\/04\/sbc-logo-yoast.jpg\",\"contentUrl\":\"https:\/\/swissbaker.ch\/wp-content\/uploads\/2022\/04\/sbc-logo-yoast.jpg\",\"width\":512,\"height\":512,\"caption\":\"Schweizerischer B\u00e4cker-Confiseurmeister-Verband\"},\"image\":{\"@id\":\"https:\/\/swissbaker.ch\/fr\/#\/schema\/logo\/image\/\"},\"sameAs\":[\"https:\/\/www.facebook.com\/swissbaker.ch\",\"https:\/\/x.com\/ch_swissbaker\"]},{\"@type\":\"Person\",\"@id\":\"https:\/\/swissbaker.ch\/fr\/#\/schema\/person\/74bd327b08c18ca6042c02ff6f0ed5e2\",\"name\":\"Simon Nussbaum\",\"image\":{\"@type\":\"ImageObject\",\"inLanguage\":\"fr-FR\",\"@id\":\"https:\/\/swissbaker.ch\/fr\/#\/schema\/person\/image\/\",\"url\":\"https:\/\/secure.gravatar.com\/avatar\/df0eced3bb556c806cb760cf503ade1ed1df25b4104d80d6fd28d93a9509aa12?s=96&d=mm&r=g\",\"contentUrl\":\"https:\/\/secure.gravatar.com\/avatar\/df0eced3bb556c806cb760cf503ade1ed1df25b4104d80d6fd28d93a9509aa12?s=96&d=mm&r=g\",\"caption\":\"Simon Nussbaum\"},\"url\":\"https:\/\/swissbaker.ch\/fr\/panissimo-news\/author\/simon-nussbaum\/\"}]}<\/script>\n<!-- \/ Yoast SEO Premium plugin. -->","yoast_head_json":{"title":"Campagne de rel\u00e8ve\u2009: ne pas rel\u00e2cher la pression | SBC","description":"Campagne de rel\u00e8ve\u2009: ne pas rel\u00e2cher la pression","robots":{"index":"index","follow":"follow","max-snippet":"max-snippet:-1","max-image-preview":"max-image-preview:large","max-video-preview":"max-video-preview:-1"},"canonical":"https:\/\/swissbaker.ch\/fr\/panissimo-news\/campagne-de-releve-ne-pas-relacher-la-pression\/","og_locale":"fr_FR","og_type":"article","og_title":"Campagne de rel\u00e8ve\u2009: ne pas rel\u00e2cher la pression","og_description":"Campagne de rel\u00e8ve\u2009: ne pas rel\u00e2cher la pression","og_url":"https:\/\/swissbaker.ch\/fr\/panissimo-news\/campagne-de-releve-ne-pas-relacher-la-pression\/","og_site_name":"SBC","article_publisher":"https:\/\/www.facebook.com\/swissbaker.ch","article_published_time":"2022-08-25T08:29:09+00:00","article_modified_time":"2022-08-25T08:39:08+00:00","og_image":[{"width":1200,"height":712,"url":"https:\/\/swissbaker.ch\/wp-content\/uploads\/2022\/08\/16_1_fdz_franz.jpg","type":"image\/jpeg"}],"author":"Simon Nussbaum","twitter_card":"summary_large_image","twitter_creator":"@ch_swissbaker","twitter_site":"@ch_swissbaker","twitter_misc":{"Written by":"Simon Nussbaum","Est. reading time":"1 minute"},"schema":{"@context":"https:\/\/schema.org","@graph":[{"@type":"Article","@id":"https:\/\/swissbaker.ch\/fr\/panissimo-news\/campagne-de-releve-ne-pas-relacher-la-pression\/#article","isPartOf":{"@id":"https:\/\/swissbaker.ch\/fr\/panissimo-news\/campagne-de-releve-ne-pas-relacher-la-pression\/"},"author":{"name":"Simon Nussbaum","@id":"https:\/\/swissbaker.ch\/fr\/#\/schema\/person\/74bd327b08c18ca6042c02ff6f0ed5e2"},"headline":"Campagne de rel\u00e8ve\u2009: ne pas rel\u00e2cher la pression","datePublished":"2022-08-25T08:29:09+00:00","dateModified":"2022-08-25T08:39:08+00:00","mainEntityOfPage":{"@id":"https:\/\/swissbaker.ch\/fr\/panissimo-news\/campagne-de-releve-ne-pas-relacher-la-pression\/"},"wordCount":164,"commentCount":0,"publisher":{"@id":"https:\/\/swissbaker.ch\/fr\/#organization"},"image":{"@id":"https:\/\/swissbaker.ch\/fr\/panissimo-news\/campagne-de-releve-ne-pas-relacher-la-pression\/#primaryimage"},"thumbnailUrl":"https:\/\/swissbaker.ch\/wp-content\/uploads\/2022\/08\/16_1_fdz_franz.jpg","articleSection":["Association","Formation\/Rel\u00e8ve"],"inLanguage":"fr-FR","potentialAction":[{"@type":"CommentAction","name":"Comment","target":["https:\/\/swissbaker.ch\/fr\/panissimo-news\/campagne-de-releve-ne-pas-relacher-la-pression\/#respond"]}]},{"@type":"WebPage","@id":"https:\/\/swissbaker.ch\/fr\/panissimo-news\/campagne-de-releve-ne-pas-relacher-la-pression\/","url":"https:\/\/swissbaker.ch\/fr\/panissimo-news\/campagne-de-releve-ne-pas-relacher-la-pression\/","name":"Campagne de rel\u00e8ve\u2009: ne pas rel\u00e2cher la pression | SBC","isPartOf":{"@id":"https:\/\/swissbaker.ch\/fr\/#website"},"primaryImageOfPage":{"@id":"https:\/\/swissbaker.ch\/fr\/panissimo-news\/campagne-de-releve-ne-pas-relacher-la-pression\/#primaryimage"},"image":{"@id":"https:\/\/swissbaker.ch\/fr\/panissimo-news\/campagne-de-releve-ne-pas-relacher-la-pression\/#primaryimage"},"thumbnailUrl":"https:\/\/swissbaker.ch\/wp-content\/uploads\/2022\/08\/16_1_fdz_franz.jpg","datePublished":"2022-08-25T08:29:09+00:00","dateModified":"2022-08-25T08:39:08+00:00","description":"Campagne de rel\u00e8ve\u2009: ne pas rel\u00e2cher la pression","breadcrumb":{"@id":"https:\/\/swissbaker.ch\/fr\/panissimo-news\/campagne-de-releve-ne-pas-relacher-la-pression\/#breadcrumb"},"inLanguage":"fr-FR","potentialAction":[{"@type":"ReadAction","target":["https:\/\/swissbaker.ch\/fr\/panissimo-news\/campagne-de-releve-ne-pas-relacher-la-pression\/"]}]},{"@type":"ImageObject","inLanguage":"fr-FR","@id":"https:\/\/swissbaker.ch\/fr\/panissimo-news\/campagne-de-releve-ne-pas-relacher-la-pression\/#primaryimage","url":"https:\/\/swissbaker.ch\/wp-content\/uploads\/2022\/08\/16_1_fdz_franz.jpg","contentUrl":"https:\/\/swissbaker.ch\/wp-content\/uploads\/2022\/08\/16_1_fdz_franz.jpg","width":1200,"height":712},{"@type":"BreadcrumbList","@id":"https:\/\/swissbaker.ch\/fr\/panissimo-news\/campagne-de-releve-ne-pas-relacher-la-pression\/#breadcrumb","itemListElement":[{"@type":"ListItem","position":1,"name":"","item":"https:\/\/swissbaker.ch\/fr\/"},{"@type":"ListItem","position":2,"name":"Association","item":"https:\/\/swissbaker.ch\/fr\/panissimo-news\/category\/association\/"},{"@type":"ListItem","position":3,"name":"Campagne de rel\u00e8ve\u2009: ne pas rel\u00e2cher la pression"}]},{"@type":"WebSite","@id":"https:\/\/swissbaker.ch\/fr\/#website","url":"https:\/\/swissbaker.ch\/fr\/","name":"SBC","description":"","publisher":{"@id":"https:\/\/swissbaker.ch\/fr\/#organization"},"potentialAction":[{"@type":"SearchAction","target":{"@type":"EntryPoint","urlTemplate":"https:\/\/swissbaker.ch\/fr\/?s={search_term_string}"},"query-input":{"@type":"PropertyValueSpecification","valueRequired":true,"valueName":"search_term_string"}}],"inLanguage":"fr-FR"},{"@type":"Organization","@id":"https:\/\/swissbaker.ch\/fr\/#organization","name":"Schweizerischer B\u00e4cker-Confiseurmeister-Verband","url":"https:\/\/swissbaker.ch\/fr\/","logo":{"@type":"ImageObject","inLanguage":"fr-FR","@id":"https:\/\/swissbaker.ch\/fr\/#\/schema\/logo\/image\/","url":"https:\/\/swissbaker.ch\/wp-content\/uploads\/2022\/04\/sbc-logo-yoast.jpg","contentUrl":"https:\/\/swissbaker.ch\/wp-content\/uploads\/2022\/04\/sbc-logo-yoast.jpg","width":512,"height":512,"caption":"Schweizerischer B\u00e4cker-Confiseurmeister-Verband"},"image":{"@id":"https:\/\/swissbaker.ch\/fr\/#\/schema\/logo\/image\/"},"sameAs":["https:\/\/www.facebook.com\/swissbaker.ch","https:\/\/x.com\/ch_swissbaker"]},{"@type":"Person","@id":"https:\/\/swissbaker.ch\/fr\/#\/schema\/person\/74bd327b08c18ca6042c02ff6f0ed5e2","name":"Simon Nussbaum","image":{"@type":"ImageObject","inLanguage":"fr-FR","@id":"https:\/\/swissbaker.ch\/fr\/#\/schema\/person\/image\/","url":"https:\/\/secure.gravatar.com\/avatar\/df0eced3bb556c806cb760cf503ade1ed1df25b4104d80d6fd28d93a9509aa12?s=96&d=mm&r=g","contentUrl":"https:\/\/secure.gravatar.com\/avatar\/df0eced3bb556c806cb760cf503ade1ed1df25b4104d80d6fd28d93a9509aa12?s=96&d=mm&r=g","caption":"Simon Nussbaum"},"url":"https:\/\/swissbaker.ch\/fr\/panissimo-news\/author\/simon-nussbaum\/"}]}},"_links":{"self":[{"href":"https:\/\/swissbaker.ch\/fr\/wp-json\/wp\/v2\/posts\/45338","targetHints":{"allow":["GET"]}}],"collection":[{"href":"https:\/\/swissbaker.ch\/fr\/wp-json\/wp\/v2\/posts"}],"about":[{"href":"https:\/\/swissbaker.ch\/fr\/wp-json\/wp\/v2\/types\/post"}],"author":[{"embeddable":true,"href":"https:\/\/swissbaker.ch\/fr\/wp-json\/wp\/v2\/users\/5"}],"replies":[{"embeddable":true,"href":"https:\/\/swissbaker.ch\/fr\/wp-json\/wp\/v2\/comments?post=45338"}],"version-history":[{"count":0,"href":"https:\/\/swissbaker.ch\/fr\/wp-json\/wp\/v2\/posts\/45338\/revisions"}],"wp:featuredmedia":[{"embeddable":true,"href":"https:\/\/swissbaker.ch\/fr\/wp-json\/wp\/v2\/media\/45340"}],"wp:attachment":[{"href":"https:\/\/swissbaker.ch\/fr\/wp-json\/wp\/v2\/media?parent=45338"}],"wp:term":[{"taxonomy":"category","embeddable":true,"href":"https:\/\/swissbaker.ch\/fr\/wp-json\/wp\/v2\/categories?post=45338"},{"taxonomy":"post_tag","embeddable":true,"href":"https:\/\/swissbaker.ch\/fr\/wp-json\/wp\/v2\/tags?post=45338"}],"curies":[{"name":"wp","href":"https:\/\/api.w.org\/{rel}","templated":true}]}}