{"id":44725,"date":"2022-08-16T08:56:00","date_gmt":"2022-08-16T06:56:00","guid":{"rendered":"https:\/\/swissbaker.ch\/?p=44725"},"modified":"2022-08-18T14:49:31","modified_gmt":"2022-08-18T12:49:31","slug":"vente-2022-le-debut-de-la-nouvelle-formation","status":"publish","type":"post","link":"https:\/\/swissbaker.ch\/fr\/panissimo-news\/vente-2022-le-debut-de-la-nouvelle-formation\/","title":{"rendered":"vente 2022+\u2009: le d\u00e9but de la nouvelle formation"},"content":{"rendered":"\n<p><strong>Pour que le lancement de la nouvelle formation initiale soit un succ\u00e8s, il faut que les formatrices et formateurs commandent pour les apprentis le mat\u00e9riel p\u00e9dagogique (m\u00e9dias d\u2019apprentissage num\u00e9riques avec dossier de formation int\u00e9gr\u00e9) pour l\u2019\u00e9cole professionnelle.<\/strong><\/p>\n\n\n\n<p>Un cloud cr\u00e9\u00e9 par l\u2019Ecole professionnelle Richemont contient tous les documents importants pour l\u2019ensemble de la formation.<\/p>\n\n\n\n<h2 class=\"wp-block-heading\">Les m\u00e9dias d\u2019apprentissage num\u00e9riques avec le dossier de formation int\u00e9gr\u00e9 sont disponibles<\/h2>\n\n\n\n<p>De la branche pour la branche \u2013 tout d\u2019une seule source\u2009: les apprenants, les entreprises et les \u00e9coles professionnelles disposent, gr\u00e2ce \u00e0 la documentation d\u2019apprentissage \u00e9lectronique FCS et aux supports de cours FCS, de toutes les bases n\u00e9cessaires \u00e0 la formation en entreprise et \u00e0 l\u2019\u00e9cole de mani\u00e8re centralis\u00e9e sur une seule plateforme. Depuis le 30\u202fjuin, les m\u00e9dias d\u2019apprentissage num\u00e9riques peuvent \u00eatre command\u00e9s dans la boutique FCS (<a href=\"http:\/\/bds.konvink.store\/fr\" target=\"_blank\" rel=\"noreferrer noopener\">bds.konvink.store\/fr<\/a>).<\/p>\n\n\n\n<figure class=\"wp-block-image size-large\"><a href=\"https:\/\/bds.konvink.store\/fr\" target=\"_blank\" rel=\"Konvink noopener\"><img decoding=\"async\" width=\"1024\" height=\"459\" src=\"https:\/\/swissbaker.ch\/wp-content\/uploads\/2022\/08\/15_2_bildung_detail_2_fr-1024x459.jpg\" alt=\"\" class=\"wp-image-44730\" srcset=\"https:\/\/swissbaker.ch\/wp-content\/uploads\/2022\/08\/15_2_bildung_detail_2_fr-1024x459.jpg 1024w, https:\/\/swissbaker.ch\/wp-content\/uploads\/2022\/08\/15_2_bildung_detail_2_fr-768x344.jpg 768w, https:\/\/swissbaker.ch\/wp-content\/uploads\/2022\/08\/15_2_bildung_detail_2_fr.jpg 1347w\" sizes=\"(max-width: 1024px) 100vw, 1024px\" \/><\/a><\/figure>\n\n\n\n<p>     <\/p>\n\n\n\n<hr class=\"wp-block-separator has-alpha-channel-opacity\"\/>\n\n\n\n<h2 class=\"wp-block-heading\" id=\"h-les-formateurs-trices-commandent-les-medias-d-apprentissage-payants-pour-leurs-apprenants\">Les formateurs\/trices commandent les m\u00e9dias d\u2019apprentissage payants pour leurs apprenants<\/h2>\n\n\n\n<p>La facture pour les m\u00e9dias d\u2019apprentissage FCS est automatiquement \u00e9tablie au nom de l\u2019entreprise avec la confirmation de commande et envoy\u00e9e par e-mail. Les frais de licence pour les dossiers de formation \u00e9lectronique FCS de CHF 65.00 (CFC) ou CHF 45.00 (AFP) doivent imp\u00e9rativement \u00eatre pay\u00e9s par l\u2019entreprise formatrice. Le montant restant (m\u00e9dias d\u2019apprentissage pour l\u2019enseignement professionnel) de CHF 265.00 (CFC) ou CHF 175.00 (AFP) est pay\u00e9 par la personne qui prend en charge les frais de mat\u00e9riel scolaire conform\u00e9ment au chiffre 6 du contrat d\u2019apprentissage. Sur <a href=\"https:\/\/bds.konvink.store\/fr\/\" target=\"_blank\" rel=\"noreferrer noopener\">bds.konvink.store\/fr<\/a> vous trouverez des instructions d\u00e9taill\u00e9es \u00e9tape par \u00e9tape<br><\/p>\n\n\n\n<h2 class=\"wp-block-heading\">Cloud Richemont \u00ab\u2009Vente 2022+\u00bb pour les formateurs et formatrices<\/h2>\n\n\n\n<p>L\u2019Ecole professionnelle Richemont a cr\u00e9\u00e9 un cloud contenant tous les documents importants pour l\u2019ensemble de la formation. On y trouve \u00e9galement des instructions d\u00e9taill\u00e9es pour commander des m\u00e9dias d\u2018apprentissage (4 Devoirs formateurs, 4.01 Konvink).<\/p>\n\n\n\n<figure class=\"wp-block-image size-large\"><a href=\"http:\/\/e-study.ch\/cy\" target=\"_blank\" rel=\"noreferrer noopener\"><img decoding=\"async\" width=\"1024\" height=\"473\" src=\"https:\/\/swissbaker.ch\/wp-content\/uploads\/2022\/08\/15_2_bildung_detail_3_fr-1024x473.jpg\" alt=\"\" class=\"wp-image-44732\" srcset=\"https:\/\/swissbaker.ch\/wp-content\/uploads\/2022\/08\/15_2_bildung_detail_3_fr-1024x473.jpg 1024w, https:\/\/swissbaker.ch\/wp-content\/uploads\/2022\/08\/15_2_bildung_detail_3_fr-768x355.jpg 768w, https:\/\/swissbaker.ch\/wp-content\/uploads\/2022\/08\/15_2_bildung_detail_3_fr-1536x710.jpg 1536w, https:\/\/swissbaker.ch\/wp-content\/uploads\/2022\/08\/15_2_bildung_detail_3_fr.jpg 1792w\" sizes=\"(max-width: 1024px) 100vw, 1024px\" \/><\/a><\/figure>\n\n\n\n<p>Nous vous souhaitons \u00e0 tous un bon d\u00e9part, et restons \u00e0 votre disposition pour toute question.<br><\/p>\n\n\n\n<p><em>Markus Zimmerli,<br>vice-directeur et responsable de la formation,<br>\u00c9cole professionnelle Richemont<\/em><\/p>\n","protected":false},"excerpt":{"rendered":"<p>Pour que le lancement de la nouvelle formation initiale soit un succ\u00e8s, il faut que les formatrices et formateurs commandent pour les apprentis le mat\u00e9riel p\u00e9dagogique (m\u00e9dias d\u2019apprentissage num\u00e9riques avec dossier de formation int\u00e9gr\u00e9) pour l\u2019\u00e9cole professionnelle.<\/p>\n","protected":false},"author":5,"featured_media":44707,"comment_status":"open","ping_status":"closed","sticky":true,"template":"","format":"standard","meta":{"_acf_changed":false,"footnotes":""},"categories":[47,50],"tags":[],"class_list":["post-44725","post","type-post","status-publish","format-standard","has-post-thumbnail","hentry","category-formation-releve","category-vente-marketing"],"acf":[],"yoast_head":"<!-- This site is optimized with the Yoast SEO Premium plugin v26.8 (Yoast SEO v26.8) - https:\/\/yoast.com\/product\/yoast-seo-premium-wordpress\/ -->\n<title>vente 2022+\u2009: le d\u00e9but de la nouvelle formation | SBC<\/title>\n<meta name=\"description\" content=\"vente 2022+\u2009: le d\u00e9but de la nouvelle formation\" \/>\n<meta name=\"robots\" content=\"index, follow, max-snippet:-1, max-image-preview:large, max-video-preview:-1\" \/>\n<link rel=\"canonical\" href=\"https:\/\/swissbaker.ch\/fr\/panissimo-news\/vente-2022-le-debut-de-la-nouvelle-formation\/\" \/>\n<meta property=\"og:locale\" content=\"fr_FR\" \/>\n<meta property=\"og:type\" content=\"article\" \/>\n<meta property=\"og:title\" content=\"vente 2022+\u2009: le d\u00e9but de la nouvelle formation\" \/>\n<meta property=\"og:description\" content=\"vente 2022+\u2009: le d\u00e9but de la nouvelle formation\" \/>\n<meta property=\"og:url\" content=\"https:\/\/swissbaker.ch\/fr\/panissimo-news\/vente-2022-le-debut-de-la-nouvelle-formation\/\" \/>\n<meta property=\"og:site_name\" content=\"SBC\" \/>\n<meta property=\"article:publisher\" content=\"https:\/\/www.facebook.com\/swissbaker.ch\" \/>\n<meta property=\"article:published_time\" content=\"2022-08-16T06:56:00+00:00\" \/>\n<meta property=\"article:modified_time\" content=\"2022-08-18T12:49:31+00:00\" \/>\n<meta property=\"og:image\" content=\"https:\/\/swissbaker.ch\/wp-content\/uploads\/2022\/08\/15_2_bildung_detailhandel_fr.jpg\" \/>\n\t<meta property=\"og:image:width\" content=\"1200\" \/>\n\t<meta property=\"og:image:height\" content=\"712\" \/>\n\t<meta property=\"og:image:type\" content=\"image\/jpeg\" \/>\n<meta name=\"author\" content=\"Simon Nussbaum\" \/>\n<meta name=\"twitter:card\" content=\"summary_large_image\" \/>\n<meta name=\"twitter:creator\" content=\"@ch_swissbaker\" \/>\n<meta name=\"twitter:site\" content=\"@ch_swissbaker\" \/>\n<meta name=\"twitter:label1\" content=\"Written by\" \/>\n\t<meta name=\"twitter:data1\" content=\"Simon Nussbaum\" \/>\n\t<meta name=\"twitter:label2\" content=\"Est. reading time\" \/>\n\t<meta name=\"twitter:data2\" content=\"3 minutes\" \/>\n<script type=\"application\/ld+json\" class=\"yoast-schema-graph\">{\"@context\":\"https:\/\/schema.org\",\"@graph\":[{\"@type\":\"Article\",\"@id\":\"https:\/\/swissbaker.ch\/fr\/panissimo-news\/vente-2022-le-debut-de-la-nouvelle-formation\/#article\",\"isPartOf\":{\"@id\":\"https:\/\/swissbaker.ch\/fr\/panissimo-news\/vente-2022-le-debut-de-la-nouvelle-formation\/\"},\"author\":{\"name\":\"Simon Nussbaum\",\"@id\":\"https:\/\/swissbaker.ch\/fr\/#\/schema\/person\/74bd327b08c18ca6042c02ff6f0ed5e2\"},\"headline\":\"vente 2022+\u2009: le d\u00e9but de la nouvelle formation\",\"datePublished\":\"2022-08-16T06:56:00+00:00\",\"dateModified\":\"2022-08-18T12:49:31+00:00\",\"mainEntityOfPage\":{\"@id\":\"https:\/\/swissbaker.ch\/fr\/panissimo-news\/vente-2022-le-debut-de-la-nouvelle-formation\/\"},\"wordCount\":360,\"commentCount\":0,\"publisher\":{\"@id\":\"https:\/\/swissbaker.ch\/fr\/#organization\"},\"image\":{\"@id\":\"https:\/\/swissbaker.ch\/fr\/panissimo-news\/vente-2022-le-debut-de-la-nouvelle-formation\/#primaryimage\"},\"thumbnailUrl\":\"https:\/\/swissbaker.ch\/wp-content\/uploads\/2022\/08\/15_2_bildung_detailhandel_fr.jpg\",\"articleSection\":[\"Formation\/Rel\u00e8ve\",\"Vente\/Marketing\"],\"inLanguage\":\"fr-FR\",\"potentialAction\":[{\"@type\":\"CommentAction\",\"name\":\"Comment\",\"target\":[\"https:\/\/swissbaker.ch\/fr\/panissimo-news\/vente-2022-le-debut-de-la-nouvelle-formation\/#respond\"]}]},{\"@type\":\"WebPage\",\"@id\":\"https:\/\/swissbaker.ch\/fr\/panissimo-news\/vente-2022-le-debut-de-la-nouvelle-formation\/\",\"url\":\"https:\/\/swissbaker.ch\/fr\/panissimo-news\/vente-2022-le-debut-de-la-nouvelle-formation\/\",\"name\":\"vente 2022+\u2009: le d\u00e9but de la nouvelle formation | SBC\",\"isPartOf\":{\"@id\":\"https:\/\/swissbaker.ch\/fr\/#website\"},\"primaryImageOfPage\":{\"@id\":\"https:\/\/swissbaker.ch\/fr\/panissimo-news\/vente-2022-le-debut-de-la-nouvelle-formation\/#primaryimage\"},\"image\":{\"@id\":\"https:\/\/swissbaker.ch\/fr\/panissimo-news\/vente-2022-le-debut-de-la-nouvelle-formation\/#primaryimage\"},\"thumbnailUrl\":\"https:\/\/swissbaker.ch\/wp-content\/uploads\/2022\/08\/15_2_bildung_detailhandel_fr.jpg\",\"datePublished\":\"2022-08-16T06:56:00+00:00\",\"dateModified\":\"2022-08-18T12:49:31+00:00\",\"description\":\"vente 2022+\u2009: le d\u00e9but de la nouvelle formation\",\"breadcrumb\":{\"@id\":\"https:\/\/swissbaker.ch\/fr\/panissimo-news\/vente-2022-le-debut-de-la-nouvelle-formation\/#breadcrumb\"},\"inLanguage\":\"fr-FR\",\"potentialAction\":[{\"@type\":\"ReadAction\",\"target\":[\"https:\/\/swissbaker.ch\/fr\/panissimo-news\/vente-2022-le-debut-de-la-nouvelle-formation\/\"]}]},{\"@type\":\"ImageObject\",\"inLanguage\":\"fr-FR\",\"@id\":\"https:\/\/swissbaker.ch\/fr\/panissimo-news\/vente-2022-le-debut-de-la-nouvelle-formation\/#primaryimage\",\"url\":\"https:\/\/swissbaker.ch\/wp-content\/uploads\/2022\/08\/15_2_bildung_detailhandel_fr.jpg\",\"contentUrl\":\"https:\/\/swissbaker.ch\/wp-content\/uploads\/2022\/08\/15_2_bildung_detailhandel_fr.jpg\",\"width\":1200,\"height\":712},{\"@type\":\"BreadcrumbList\",\"@id\":\"https:\/\/swissbaker.ch\/fr\/panissimo-news\/vente-2022-le-debut-de-la-nouvelle-formation\/#breadcrumb\",\"itemListElement\":[{\"@type\":\"ListItem\",\"position\":1,\"name\":\"\",\"item\":\"https:\/\/swissbaker.ch\/fr\/\"},{\"@type\":\"ListItem\",\"position\":2,\"name\":\"Formation\/Rel\u00e8ve\",\"item\":\"https:\/\/swissbaker.ch\/fr\/panissimo-news\/category\/formation-releve\/\"},{\"@type\":\"ListItem\",\"position\":3,\"name\":\"vente 2022+\u2009: le d\u00e9but de la nouvelle formation\"}]},{\"@type\":\"WebSite\",\"@id\":\"https:\/\/swissbaker.ch\/fr\/#website\",\"url\":\"https:\/\/swissbaker.ch\/fr\/\",\"name\":\"SBC\",\"description\":\"\",\"publisher\":{\"@id\":\"https:\/\/swissbaker.ch\/fr\/#organization\"},\"potentialAction\":[{\"@type\":\"SearchAction\",\"target\":{\"@type\":\"EntryPoint\",\"urlTemplate\":\"https:\/\/swissbaker.ch\/fr\/?s={search_term_string}\"},\"query-input\":{\"@type\":\"PropertyValueSpecification\",\"valueRequired\":true,\"valueName\":\"search_term_string\"}}],\"inLanguage\":\"fr-FR\"},{\"@type\":\"Organization\",\"@id\":\"https:\/\/swissbaker.ch\/fr\/#organization\",\"name\":\"Schweizerischer B\u00e4cker-Confiseurmeister-Verband\",\"url\":\"https:\/\/swissbaker.ch\/fr\/\",\"logo\":{\"@type\":\"ImageObject\",\"inLanguage\":\"fr-FR\",\"@id\":\"https:\/\/swissbaker.ch\/fr\/#\/schema\/logo\/image\/\",\"url\":\"https:\/\/swissbaker.ch\/wp-content\/uploads\/2022\/04\/sbc-logo-yoast.jpg\",\"contentUrl\":\"https:\/\/swissbaker.ch\/wp-content\/uploads\/2022\/04\/sbc-logo-yoast.jpg\",\"width\":512,\"height\":512,\"caption\":\"Schweizerischer B\u00e4cker-Confiseurmeister-Verband\"},\"image\":{\"@id\":\"https:\/\/swissbaker.ch\/fr\/#\/schema\/logo\/image\/\"},\"sameAs\":[\"https:\/\/www.facebook.com\/swissbaker.ch\",\"https:\/\/x.com\/ch_swissbaker\"]},{\"@type\":\"Person\",\"@id\":\"https:\/\/swissbaker.ch\/fr\/#\/schema\/person\/74bd327b08c18ca6042c02ff6f0ed5e2\",\"name\":\"Simon Nussbaum\",\"image\":{\"@type\":\"ImageObject\",\"inLanguage\":\"fr-FR\",\"@id\":\"https:\/\/swissbaker.ch\/fr\/#\/schema\/person\/image\/\",\"url\":\"https:\/\/secure.gravatar.com\/avatar\/df0eced3bb556c806cb760cf503ade1ed1df25b4104d80d6fd28d93a9509aa12?s=96&d=mm&r=g\",\"contentUrl\":\"https:\/\/secure.gravatar.com\/avatar\/df0eced3bb556c806cb760cf503ade1ed1df25b4104d80d6fd28d93a9509aa12?s=96&d=mm&r=g\",\"caption\":\"Simon Nussbaum\"},\"url\":\"https:\/\/swissbaker.ch\/fr\/panissimo-news\/author\/simon-nussbaum\/\"}]}<\/script>\n<!-- \/ Yoast SEO Premium plugin. -->","yoast_head_json":{"title":"vente 2022+\u2009: le d\u00e9but de la nouvelle formation | SBC","description":"vente 2022+\u2009: le d\u00e9but de la nouvelle formation","robots":{"index":"index","follow":"follow","max-snippet":"max-snippet:-1","max-image-preview":"max-image-preview:large","max-video-preview":"max-video-preview:-1"},"canonical":"https:\/\/swissbaker.ch\/fr\/panissimo-news\/vente-2022-le-debut-de-la-nouvelle-formation\/","og_locale":"fr_FR","og_type":"article","og_title":"vente 2022+\u2009: le d\u00e9but de la nouvelle formation","og_description":"vente 2022+\u2009: le d\u00e9but de la nouvelle formation","og_url":"https:\/\/swissbaker.ch\/fr\/panissimo-news\/vente-2022-le-debut-de-la-nouvelle-formation\/","og_site_name":"SBC","article_publisher":"https:\/\/www.facebook.com\/swissbaker.ch","article_published_time":"2022-08-16T06:56:00+00:00","article_modified_time":"2022-08-18T12:49:31+00:00","og_image":[{"width":1200,"height":712,"url":"https:\/\/swissbaker.ch\/wp-content\/uploads\/2022\/08\/15_2_bildung_detailhandel_fr.jpg","type":"image\/jpeg"}],"author":"Simon Nussbaum","twitter_card":"summary_large_image","twitter_creator":"@ch_swissbaker","twitter_site":"@ch_swissbaker","twitter_misc":{"Written by":"Simon Nussbaum","Est. reading time":"3 minutes"},"schema":{"@context":"https:\/\/schema.org","@graph":[{"@type":"Article","@id":"https:\/\/swissbaker.ch\/fr\/panissimo-news\/vente-2022-le-debut-de-la-nouvelle-formation\/#article","isPartOf":{"@id":"https:\/\/swissbaker.ch\/fr\/panissimo-news\/vente-2022-le-debut-de-la-nouvelle-formation\/"},"author":{"name":"Simon Nussbaum","@id":"https:\/\/swissbaker.ch\/fr\/#\/schema\/person\/74bd327b08c18ca6042c02ff6f0ed5e2"},"headline":"vente 2022+\u2009: le d\u00e9but de la nouvelle formation","datePublished":"2022-08-16T06:56:00+00:00","dateModified":"2022-08-18T12:49:31+00:00","mainEntityOfPage":{"@id":"https:\/\/swissbaker.ch\/fr\/panissimo-news\/vente-2022-le-debut-de-la-nouvelle-formation\/"},"wordCount":360,"commentCount":0,"publisher":{"@id":"https:\/\/swissbaker.ch\/fr\/#organization"},"image":{"@id":"https:\/\/swissbaker.ch\/fr\/panissimo-news\/vente-2022-le-debut-de-la-nouvelle-formation\/#primaryimage"},"thumbnailUrl":"https:\/\/swissbaker.ch\/wp-content\/uploads\/2022\/08\/15_2_bildung_detailhandel_fr.jpg","articleSection":["Formation\/Rel\u00e8ve","Vente\/Marketing"],"inLanguage":"fr-FR","potentialAction":[{"@type":"CommentAction","name":"Comment","target":["https:\/\/swissbaker.ch\/fr\/panissimo-news\/vente-2022-le-debut-de-la-nouvelle-formation\/#respond"]}]},{"@type":"WebPage","@id":"https:\/\/swissbaker.ch\/fr\/panissimo-news\/vente-2022-le-debut-de-la-nouvelle-formation\/","url":"https:\/\/swissbaker.ch\/fr\/panissimo-news\/vente-2022-le-debut-de-la-nouvelle-formation\/","name":"vente 2022+\u2009: le d\u00e9but de la nouvelle formation | SBC","isPartOf":{"@id":"https:\/\/swissbaker.ch\/fr\/#website"},"primaryImageOfPage":{"@id":"https:\/\/swissbaker.ch\/fr\/panissimo-news\/vente-2022-le-debut-de-la-nouvelle-formation\/#primaryimage"},"image":{"@id":"https:\/\/swissbaker.ch\/fr\/panissimo-news\/vente-2022-le-debut-de-la-nouvelle-formation\/#primaryimage"},"thumbnailUrl":"https:\/\/swissbaker.ch\/wp-content\/uploads\/2022\/08\/15_2_bildung_detailhandel_fr.jpg","datePublished":"2022-08-16T06:56:00+00:00","dateModified":"2022-08-18T12:49:31+00:00","description":"vente 2022+\u2009: le d\u00e9but de la nouvelle formation","breadcrumb":{"@id":"https:\/\/swissbaker.ch\/fr\/panissimo-news\/vente-2022-le-debut-de-la-nouvelle-formation\/#breadcrumb"},"inLanguage":"fr-FR","potentialAction":[{"@type":"ReadAction","target":["https:\/\/swissbaker.ch\/fr\/panissimo-news\/vente-2022-le-debut-de-la-nouvelle-formation\/"]}]},{"@type":"ImageObject","inLanguage":"fr-FR","@id":"https:\/\/swissbaker.ch\/fr\/panissimo-news\/vente-2022-le-debut-de-la-nouvelle-formation\/#primaryimage","url":"https:\/\/swissbaker.ch\/wp-content\/uploads\/2022\/08\/15_2_bildung_detailhandel_fr.jpg","contentUrl":"https:\/\/swissbaker.ch\/wp-content\/uploads\/2022\/08\/15_2_bildung_detailhandel_fr.jpg","width":1200,"height":712},{"@type":"BreadcrumbList","@id":"https:\/\/swissbaker.ch\/fr\/panissimo-news\/vente-2022-le-debut-de-la-nouvelle-formation\/#breadcrumb","itemListElement":[{"@type":"ListItem","position":1,"name":"","item":"https:\/\/swissbaker.ch\/fr\/"},{"@type":"ListItem","position":2,"name":"Formation\/Rel\u00e8ve","item":"https:\/\/swissbaker.ch\/fr\/panissimo-news\/category\/formation-releve\/"},{"@type":"ListItem","position":3,"name":"vente 2022+\u2009: le d\u00e9but de la nouvelle formation"}]},{"@type":"WebSite","@id":"https:\/\/swissbaker.ch\/fr\/#website","url":"https:\/\/swissbaker.ch\/fr\/","name":"SBC","description":"","publisher":{"@id":"https:\/\/swissbaker.ch\/fr\/#organization"},"potentialAction":[{"@type":"SearchAction","target":{"@type":"EntryPoint","urlTemplate":"https:\/\/swissbaker.ch\/fr\/?s={search_term_string}"},"query-input":{"@type":"PropertyValueSpecification","valueRequired":true,"valueName":"search_term_string"}}],"inLanguage":"fr-FR"},{"@type":"Organization","@id":"https:\/\/swissbaker.ch\/fr\/#organization","name":"Schweizerischer B\u00e4cker-Confiseurmeister-Verband","url":"https:\/\/swissbaker.ch\/fr\/","logo":{"@type":"ImageObject","inLanguage":"fr-FR","@id":"https:\/\/swissbaker.ch\/fr\/#\/schema\/logo\/image\/","url":"https:\/\/swissbaker.ch\/wp-content\/uploads\/2022\/04\/sbc-logo-yoast.jpg","contentUrl":"https:\/\/swissbaker.ch\/wp-content\/uploads\/2022\/04\/sbc-logo-yoast.jpg","width":512,"height":512,"caption":"Schweizerischer B\u00e4cker-Confiseurmeister-Verband"},"image":{"@id":"https:\/\/swissbaker.ch\/fr\/#\/schema\/logo\/image\/"},"sameAs":["https:\/\/www.facebook.com\/swissbaker.ch","https:\/\/x.com\/ch_swissbaker"]},{"@type":"Person","@id":"https:\/\/swissbaker.ch\/fr\/#\/schema\/person\/74bd327b08c18ca6042c02ff6f0ed5e2","name":"Simon Nussbaum","image":{"@type":"ImageObject","inLanguage":"fr-FR","@id":"https:\/\/swissbaker.ch\/fr\/#\/schema\/person\/image\/","url":"https:\/\/secure.gravatar.com\/avatar\/df0eced3bb556c806cb760cf503ade1ed1df25b4104d80d6fd28d93a9509aa12?s=96&d=mm&r=g","contentUrl":"https:\/\/secure.gravatar.com\/avatar\/df0eced3bb556c806cb760cf503ade1ed1df25b4104d80d6fd28d93a9509aa12?s=96&d=mm&r=g","caption":"Simon Nussbaum"},"url":"https:\/\/swissbaker.ch\/fr\/panissimo-news\/author\/simon-nussbaum\/"}]}},"_links":{"self":[{"href":"https:\/\/swissbaker.ch\/fr\/wp-json\/wp\/v2\/posts\/44725","targetHints":{"allow":["GET"]}}],"collection":[{"href":"https:\/\/swissbaker.ch\/fr\/wp-json\/wp\/v2\/posts"}],"about":[{"href":"https:\/\/swissbaker.ch\/fr\/wp-json\/wp\/v2\/types\/post"}],"author":[{"embeddable":true,"href":"https:\/\/swissbaker.ch\/fr\/wp-json\/wp\/v2\/users\/5"}],"replies":[{"embeddable":true,"href":"https:\/\/swissbaker.ch\/fr\/wp-json\/wp\/v2\/comments?post=44725"}],"version-history":[{"count":0,"href":"https:\/\/swissbaker.ch\/fr\/wp-json\/wp\/v2\/posts\/44725\/revisions"}],"wp:featuredmedia":[{"embeddable":true,"href":"https:\/\/swissbaker.ch\/fr\/wp-json\/wp\/v2\/media\/44707"}],"wp:attachment":[{"href":"https:\/\/swissbaker.ch\/fr\/wp-json\/wp\/v2\/media?parent=44725"}],"wp:term":[{"taxonomy":"category","embeddable":true,"href":"https:\/\/swissbaker.ch\/fr\/wp-json\/wp\/v2\/categories?post=44725"},{"taxonomy":"post_tag","embeddable":true,"href":"https:\/\/swissbaker.ch\/fr\/wp-json\/wp\/v2\/tags?post=44725"}],"curies":[{"name":"wp","href":"https:\/\/api.w.org\/{rel}","templated":true}]}}