{"id":44379,"date":"2022-08-11T10:53:27","date_gmt":"2022-08-11T08:53:27","guid":{"rendered":"https:\/\/swissbaker.ch\/?p=44379"},"modified":"2022-08-11T11:04:03","modified_gmt":"2022-08-11T09:04:03","slug":"passage-a-la-qr-facture-ou-a-ebill","status":"publish","type":"post","link":"https:\/\/swissbaker.ch\/fr\/panissimo-news\/passage-a-la-qr-facture-ou-a-ebill\/","title":{"rendered":"Passage \u00e0 la QR-facture ou \u00e0 eBill"},"content":{"rendered":"\n<p><strong>Les bulletins de versement appartiendront au pass\u00e9 d\u00e8s le 1er octobre. A partir de cette date, les paiements avec les bulletins de versement rouges et orange ne seront plus possibles. <\/strong><\/p>\n\n\n\n<p>Il est donc important pour les \u00e9metteurs de factures de passer d\u00e8s maintenant \u00e0 la QR-facture ou \u00e0 eBill. Les paiements ne pourront \u00eatre trait\u00e9s par les \u00e9tablissements financiers que si la conversion est effectu\u00e9e dans les d\u00e9lais<\/p>\n\n\n\n<p><strong>Ordres permanents concern\u00e9s<\/strong><br>Les ordres permanents bas\u00e9s sur les bulletins de versement orange (BVR) sont aussi concern\u00e9s par ce changement. Les \u00e9metteurs de factures sont pri\u00e9s d\u2019en informer les destinataires de factures.<br>Ces derniers doivent adapter les coordonn\u00e9es bancaires \u00e0 la QR-facture avec QR-IBAN et r\u00e9f\u00e9rence QR dans les ordres permanents en cours.<\/p>\n\n\n\n<p><strong>Ne pas oublier la perforation<\/strong><br>Dans le cas d\u2019une QR-facture sous forme papier, une perforation est obligatoire entre les indications concernant la facture et les indications de la section paiement, et entre la section paiement et le r\u00e9c\u00e9piss\u00e9. Il ne faut pas l\u2019oublier lors de l\u2019\u00e9tablissement de la facture. La perforation est n\u00e9cessaire pour un traitement automatis\u00e9 de la QR-facture. Elle constitue un point de rep\u00e8re important pour les personnes souffrant de d\u00e9ficiences visuelles.<\/p>\n\n\n\n<p><strong>Informations compl\u00e9mentaires sur la facturation:<\/strong><br><a href=\"http:\/\/www.einfach-zahlen.ch\/fr\/home\/issuer\/qr-bill.html\" target=\"_blank\" rel=\"noreferrer noopener\">Exemple de QR-facture<\/a><br><a href=\"http:\/\/www.einfach-zahlen.ch\/fr\/home\/issuer.html\" target=\"_blank\" rel=\"noreferrer noopener\">einfach-zahlen.ch<\/a><br>Sur <a href=\"https:\/\/www.paymentstandards.ch\/fr\/home.html\">paymentstandards.ch<\/a> pour les entreprises qui utilisent des solutions mat\u00e9rielles et logicielles pour leur trafic des paiements<\/p>\n\n\n\n<p><\/p>\n","protected":false},"excerpt":{"rendered":"<p>Les bulletins de versement appartiendront au pass\u00e9 d\u00e8s le 1er octobre. A partir de cette date, les paiements avec les bulletins de versement rouges et orange ne seront plus possibles. <\/p>\n","protected":false},"author":5,"featured_media":44376,"comment_status":"open","ping_status":"closed","sticky":false,"template":"","format":"standard","meta":{"_acf_changed":false,"footnotes":""},"categories":[54],"tags":[],"class_list":["post-44379","post","type-post","status-publish","format-standard","has-post-thumbnail","hentry","category-conseils"],"acf":[],"yoast_head":"<!-- This site is optimized with the Yoast SEO Premium plugin v26.8 (Yoast SEO v26.8) - https:\/\/yoast.com\/product\/yoast-seo-premium-wordpress\/ -->\n<title>Passage \u00e0 la QR-facture ou \u00e0 eBill | SBC<\/title>\n<meta name=\"description\" content=\"Passage \u00e0 la QR-facture ou \u00e0 eBill\" \/>\n<meta name=\"robots\" content=\"index, follow, max-snippet:-1, max-image-preview:large, max-video-preview:-1\" \/>\n<link rel=\"canonical\" href=\"https:\/\/swissbaker.ch\/fr\/panissimo-news\/passage-a-la-qr-facture-ou-a-ebill\/\" \/>\n<meta property=\"og:locale\" content=\"fr_FR\" \/>\n<meta property=\"og:type\" content=\"article\" \/>\n<meta property=\"og:title\" content=\"Passage \u00e0 la QR-facture ou \u00e0 eBill\" \/>\n<meta property=\"og:description\" content=\"Passage \u00e0 la QR-facture ou \u00e0 eBill\" \/>\n<meta property=\"og:url\" content=\"https:\/\/swissbaker.ch\/fr\/panissimo-news\/passage-a-la-qr-facture-ou-a-ebill\/\" \/>\n<meta property=\"og:site_name\" content=\"SBC\" \/>\n<meta property=\"article:publisher\" content=\"https:\/\/www.facebook.com\/swissbaker.ch\" \/>\n<meta property=\"article:published_time\" content=\"2022-08-11T08:53:27+00:00\" \/>\n<meta property=\"article:modified_time\" content=\"2022-08-11T09:04:03+00:00\" \/>\n<meta property=\"og:image\" content=\"https:\/\/swissbaker.ch\/wp-content\/uploads\/2022\/08\/15_1_qr-rechnung.jpg\" \/>\n\t<meta property=\"og:image:width\" content=\"1200\" \/>\n\t<meta property=\"og:image:height\" content=\"712\" \/>\n\t<meta property=\"og:image:type\" content=\"image\/jpeg\" \/>\n<meta name=\"author\" content=\"Simon Nussbaum\" \/>\n<meta name=\"twitter:card\" content=\"summary_large_image\" \/>\n<meta name=\"twitter:creator\" content=\"@ch_swissbaker\" \/>\n<meta name=\"twitter:site\" content=\"@ch_swissbaker\" \/>\n<meta name=\"twitter:label1\" content=\"Written by\" \/>\n\t<meta name=\"twitter:data1\" content=\"Simon Nussbaum\" \/>\n\t<meta name=\"twitter:label2\" content=\"Est. reading time\" \/>\n\t<meta name=\"twitter:data2\" content=\"2 minutes\" \/>\n<script type=\"application\/ld+json\" class=\"yoast-schema-graph\">{\"@context\":\"https:\/\/schema.org\",\"@graph\":[{\"@type\":\"Article\",\"@id\":\"https:\/\/swissbaker.ch\/fr\/panissimo-news\/passage-a-la-qr-facture-ou-a-ebill\/#article\",\"isPartOf\":{\"@id\":\"https:\/\/swissbaker.ch\/fr\/panissimo-news\/passage-a-la-qr-facture-ou-a-ebill\/\"},\"author\":{\"name\":\"Simon Nussbaum\",\"@id\":\"https:\/\/swissbaker.ch\/fr\/#\/schema\/person\/74bd327b08c18ca6042c02ff6f0ed5e2\"},\"headline\":\"Passage \u00e0 la QR-facture ou \u00e0 eBill\",\"datePublished\":\"2022-08-11T08:53:27+00:00\",\"dateModified\":\"2022-08-11T09:04:03+00:00\",\"mainEntityOfPage\":{\"@id\":\"https:\/\/swissbaker.ch\/fr\/panissimo-news\/passage-a-la-qr-facture-ou-a-ebill\/\"},\"wordCount\":248,\"commentCount\":0,\"publisher\":{\"@id\":\"https:\/\/swissbaker.ch\/fr\/#organization\"},\"image\":{\"@id\":\"https:\/\/swissbaker.ch\/fr\/panissimo-news\/passage-a-la-qr-facture-ou-a-ebill\/#primaryimage\"},\"thumbnailUrl\":\"https:\/\/swissbaker.ch\/wp-content\/uploads\/2022\/08\/15_1_qr-rechnung.jpg\",\"articleSection\":[\"Conseils\"],\"inLanguage\":\"fr-FR\",\"potentialAction\":[{\"@type\":\"CommentAction\",\"name\":\"Comment\",\"target\":[\"https:\/\/swissbaker.ch\/fr\/panissimo-news\/passage-a-la-qr-facture-ou-a-ebill\/#respond\"]}]},{\"@type\":\"WebPage\",\"@id\":\"https:\/\/swissbaker.ch\/fr\/panissimo-news\/passage-a-la-qr-facture-ou-a-ebill\/\",\"url\":\"https:\/\/swissbaker.ch\/fr\/panissimo-news\/passage-a-la-qr-facture-ou-a-ebill\/\",\"name\":\"Passage \u00e0 la QR-facture ou \u00e0 eBill | SBC\",\"isPartOf\":{\"@id\":\"https:\/\/swissbaker.ch\/fr\/#website\"},\"primaryImageOfPage\":{\"@id\":\"https:\/\/swissbaker.ch\/fr\/panissimo-news\/passage-a-la-qr-facture-ou-a-ebill\/#primaryimage\"},\"image\":{\"@id\":\"https:\/\/swissbaker.ch\/fr\/panissimo-news\/passage-a-la-qr-facture-ou-a-ebill\/#primaryimage\"},\"thumbnailUrl\":\"https:\/\/swissbaker.ch\/wp-content\/uploads\/2022\/08\/15_1_qr-rechnung.jpg\",\"datePublished\":\"2022-08-11T08:53:27+00:00\",\"dateModified\":\"2022-08-11T09:04:03+00:00\",\"description\":\"Passage \u00e0 la QR-facture ou \u00e0 eBill\",\"breadcrumb\":{\"@id\":\"https:\/\/swissbaker.ch\/fr\/panissimo-news\/passage-a-la-qr-facture-ou-a-ebill\/#breadcrumb\"},\"inLanguage\":\"fr-FR\",\"potentialAction\":[{\"@type\":\"ReadAction\",\"target\":[\"https:\/\/swissbaker.ch\/fr\/panissimo-news\/passage-a-la-qr-facture-ou-a-ebill\/\"]}]},{\"@type\":\"ImageObject\",\"inLanguage\":\"fr-FR\",\"@id\":\"https:\/\/swissbaker.ch\/fr\/panissimo-news\/passage-a-la-qr-facture-ou-a-ebill\/#primaryimage\",\"url\":\"https:\/\/swissbaker.ch\/wp-content\/uploads\/2022\/08\/15_1_qr-rechnung.jpg\",\"contentUrl\":\"https:\/\/swissbaker.ch\/wp-content\/uploads\/2022\/08\/15_1_qr-rechnung.jpg\",\"width\":1200,\"height\":712},{\"@type\":\"BreadcrumbList\",\"@id\":\"https:\/\/swissbaker.ch\/fr\/panissimo-news\/passage-a-la-qr-facture-ou-a-ebill\/#breadcrumb\",\"itemListElement\":[{\"@type\":\"ListItem\",\"position\":1,\"name\":\"\",\"item\":\"https:\/\/swissbaker.ch\/fr\/\"},{\"@type\":\"ListItem\",\"position\":2,\"name\":\"Conseils\",\"item\":\"https:\/\/swissbaker.ch\/fr\/panissimo-news\/category\/conseils\/\"},{\"@type\":\"ListItem\",\"position\":3,\"name\":\"Passage \u00e0 la QR-facture ou \u00e0 eBill\"}]},{\"@type\":\"WebSite\",\"@id\":\"https:\/\/swissbaker.ch\/fr\/#website\",\"url\":\"https:\/\/swissbaker.ch\/fr\/\",\"name\":\"SBC\",\"description\":\"\",\"publisher\":{\"@id\":\"https:\/\/swissbaker.ch\/fr\/#organization\"},\"potentialAction\":[{\"@type\":\"SearchAction\",\"target\":{\"@type\":\"EntryPoint\",\"urlTemplate\":\"https:\/\/swissbaker.ch\/fr\/?s={search_term_string}\"},\"query-input\":{\"@type\":\"PropertyValueSpecification\",\"valueRequired\":true,\"valueName\":\"search_term_string\"}}],\"inLanguage\":\"fr-FR\"},{\"@type\":\"Organization\",\"@id\":\"https:\/\/swissbaker.ch\/fr\/#organization\",\"name\":\"Schweizerischer B\u00e4cker-Confiseurmeister-Verband\",\"url\":\"https:\/\/swissbaker.ch\/fr\/\",\"logo\":{\"@type\":\"ImageObject\",\"inLanguage\":\"fr-FR\",\"@id\":\"https:\/\/swissbaker.ch\/fr\/#\/schema\/logo\/image\/\",\"url\":\"https:\/\/swissbaker.ch\/wp-content\/uploads\/2022\/04\/sbc-logo-yoast.jpg\",\"contentUrl\":\"https:\/\/swissbaker.ch\/wp-content\/uploads\/2022\/04\/sbc-logo-yoast.jpg\",\"width\":512,\"height\":512,\"caption\":\"Schweizerischer B\u00e4cker-Confiseurmeister-Verband\"},\"image\":{\"@id\":\"https:\/\/swissbaker.ch\/fr\/#\/schema\/logo\/image\/\"},\"sameAs\":[\"https:\/\/www.facebook.com\/swissbaker.ch\",\"https:\/\/x.com\/ch_swissbaker\"]},{\"@type\":\"Person\",\"@id\":\"https:\/\/swissbaker.ch\/fr\/#\/schema\/person\/74bd327b08c18ca6042c02ff6f0ed5e2\",\"name\":\"Simon Nussbaum\",\"image\":{\"@type\":\"ImageObject\",\"inLanguage\":\"fr-FR\",\"@id\":\"https:\/\/swissbaker.ch\/fr\/#\/schema\/person\/image\/\",\"url\":\"https:\/\/secure.gravatar.com\/avatar\/df0eced3bb556c806cb760cf503ade1ed1df25b4104d80d6fd28d93a9509aa12?s=96&d=mm&r=g\",\"contentUrl\":\"https:\/\/secure.gravatar.com\/avatar\/df0eced3bb556c806cb760cf503ade1ed1df25b4104d80d6fd28d93a9509aa12?s=96&d=mm&r=g\",\"caption\":\"Simon Nussbaum\"},\"url\":\"https:\/\/swissbaker.ch\/fr\/panissimo-news\/author\/simon-nussbaum\/\"}]}<\/script>\n<!-- \/ Yoast SEO Premium plugin. -->","yoast_head_json":{"title":"Passage \u00e0 la QR-facture ou \u00e0 eBill | SBC","description":"Passage \u00e0 la QR-facture ou \u00e0 eBill","robots":{"index":"index","follow":"follow","max-snippet":"max-snippet:-1","max-image-preview":"max-image-preview:large","max-video-preview":"max-video-preview:-1"},"canonical":"https:\/\/swissbaker.ch\/fr\/panissimo-news\/passage-a-la-qr-facture-ou-a-ebill\/","og_locale":"fr_FR","og_type":"article","og_title":"Passage \u00e0 la QR-facture ou \u00e0 eBill","og_description":"Passage \u00e0 la QR-facture ou \u00e0 eBill","og_url":"https:\/\/swissbaker.ch\/fr\/panissimo-news\/passage-a-la-qr-facture-ou-a-ebill\/","og_site_name":"SBC","article_publisher":"https:\/\/www.facebook.com\/swissbaker.ch","article_published_time":"2022-08-11T08:53:27+00:00","article_modified_time":"2022-08-11T09:04:03+00:00","og_image":[{"width":1200,"height":712,"url":"https:\/\/swissbaker.ch\/wp-content\/uploads\/2022\/08\/15_1_qr-rechnung.jpg","type":"image\/jpeg"}],"author":"Simon Nussbaum","twitter_card":"summary_large_image","twitter_creator":"@ch_swissbaker","twitter_site":"@ch_swissbaker","twitter_misc":{"Written by":"Simon Nussbaum","Est. reading time":"2 minutes"},"schema":{"@context":"https:\/\/schema.org","@graph":[{"@type":"Article","@id":"https:\/\/swissbaker.ch\/fr\/panissimo-news\/passage-a-la-qr-facture-ou-a-ebill\/#article","isPartOf":{"@id":"https:\/\/swissbaker.ch\/fr\/panissimo-news\/passage-a-la-qr-facture-ou-a-ebill\/"},"author":{"name":"Simon Nussbaum","@id":"https:\/\/swissbaker.ch\/fr\/#\/schema\/person\/74bd327b08c18ca6042c02ff6f0ed5e2"},"headline":"Passage \u00e0 la QR-facture ou \u00e0 eBill","datePublished":"2022-08-11T08:53:27+00:00","dateModified":"2022-08-11T09:04:03+00:00","mainEntityOfPage":{"@id":"https:\/\/swissbaker.ch\/fr\/panissimo-news\/passage-a-la-qr-facture-ou-a-ebill\/"},"wordCount":248,"commentCount":0,"publisher":{"@id":"https:\/\/swissbaker.ch\/fr\/#organization"},"image":{"@id":"https:\/\/swissbaker.ch\/fr\/panissimo-news\/passage-a-la-qr-facture-ou-a-ebill\/#primaryimage"},"thumbnailUrl":"https:\/\/swissbaker.ch\/wp-content\/uploads\/2022\/08\/15_1_qr-rechnung.jpg","articleSection":["Conseils"],"inLanguage":"fr-FR","potentialAction":[{"@type":"CommentAction","name":"Comment","target":["https:\/\/swissbaker.ch\/fr\/panissimo-news\/passage-a-la-qr-facture-ou-a-ebill\/#respond"]}]},{"@type":"WebPage","@id":"https:\/\/swissbaker.ch\/fr\/panissimo-news\/passage-a-la-qr-facture-ou-a-ebill\/","url":"https:\/\/swissbaker.ch\/fr\/panissimo-news\/passage-a-la-qr-facture-ou-a-ebill\/","name":"Passage \u00e0 la QR-facture ou \u00e0 eBill | SBC","isPartOf":{"@id":"https:\/\/swissbaker.ch\/fr\/#website"},"primaryImageOfPage":{"@id":"https:\/\/swissbaker.ch\/fr\/panissimo-news\/passage-a-la-qr-facture-ou-a-ebill\/#primaryimage"},"image":{"@id":"https:\/\/swissbaker.ch\/fr\/panissimo-news\/passage-a-la-qr-facture-ou-a-ebill\/#primaryimage"},"thumbnailUrl":"https:\/\/swissbaker.ch\/wp-content\/uploads\/2022\/08\/15_1_qr-rechnung.jpg","datePublished":"2022-08-11T08:53:27+00:00","dateModified":"2022-08-11T09:04:03+00:00","description":"Passage \u00e0 la QR-facture ou \u00e0 eBill","breadcrumb":{"@id":"https:\/\/swissbaker.ch\/fr\/panissimo-news\/passage-a-la-qr-facture-ou-a-ebill\/#breadcrumb"},"inLanguage":"fr-FR","potentialAction":[{"@type":"ReadAction","target":["https:\/\/swissbaker.ch\/fr\/panissimo-news\/passage-a-la-qr-facture-ou-a-ebill\/"]}]},{"@type":"ImageObject","inLanguage":"fr-FR","@id":"https:\/\/swissbaker.ch\/fr\/panissimo-news\/passage-a-la-qr-facture-ou-a-ebill\/#primaryimage","url":"https:\/\/swissbaker.ch\/wp-content\/uploads\/2022\/08\/15_1_qr-rechnung.jpg","contentUrl":"https:\/\/swissbaker.ch\/wp-content\/uploads\/2022\/08\/15_1_qr-rechnung.jpg","width":1200,"height":712},{"@type":"BreadcrumbList","@id":"https:\/\/swissbaker.ch\/fr\/panissimo-news\/passage-a-la-qr-facture-ou-a-ebill\/#breadcrumb","itemListElement":[{"@type":"ListItem","position":1,"name":"","item":"https:\/\/swissbaker.ch\/fr\/"},{"@type":"ListItem","position":2,"name":"Conseils","item":"https:\/\/swissbaker.ch\/fr\/panissimo-news\/category\/conseils\/"},{"@type":"ListItem","position":3,"name":"Passage \u00e0 la QR-facture ou \u00e0 eBill"}]},{"@type":"WebSite","@id":"https:\/\/swissbaker.ch\/fr\/#website","url":"https:\/\/swissbaker.ch\/fr\/","name":"SBC","description":"","publisher":{"@id":"https:\/\/swissbaker.ch\/fr\/#organization"},"potentialAction":[{"@type":"SearchAction","target":{"@type":"EntryPoint","urlTemplate":"https:\/\/swissbaker.ch\/fr\/?s={search_term_string}"},"query-input":{"@type":"PropertyValueSpecification","valueRequired":true,"valueName":"search_term_string"}}],"inLanguage":"fr-FR"},{"@type":"Organization","@id":"https:\/\/swissbaker.ch\/fr\/#organization","name":"Schweizerischer B\u00e4cker-Confiseurmeister-Verband","url":"https:\/\/swissbaker.ch\/fr\/","logo":{"@type":"ImageObject","inLanguage":"fr-FR","@id":"https:\/\/swissbaker.ch\/fr\/#\/schema\/logo\/image\/","url":"https:\/\/swissbaker.ch\/wp-content\/uploads\/2022\/04\/sbc-logo-yoast.jpg","contentUrl":"https:\/\/swissbaker.ch\/wp-content\/uploads\/2022\/04\/sbc-logo-yoast.jpg","width":512,"height":512,"caption":"Schweizerischer B\u00e4cker-Confiseurmeister-Verband"},"image":{"@id":"https:\/\/swissbaker.ch\/fr\/#\/schema\/logo\/image\/"},"sameAs":["https:\/\/www.facebook.com\/swissbaker.ch","https:\/\/x.com\/ch_swissbaker"]},{"@type":"Person","@id":"https:\/\/swissbaker.ch\/fr\/#\/schema\/person\/74bd327b08c18ca6042c02ff6f0ed5e2","name":"Simon Nussbaum","image":{"@type":"ImageObject","inLanguage":"fr-FR","@id":"https:\/\/swissbaker.ch\/fr\/#\/schema\/person\/image\/","url":"https:\/\/secure.gravatar.com\/avatar\/df0eced3bb556c806cb760cf503ade1ed1df25b4104d80d6fd28d93a9509aa12?s=96&d=mm&r=g","contentUrl":"https:\/\/secure.gravatar.com\/avatar\/df0eced3bb556c806cb760cf503ade1ed1df25b4104d80d6fd28d93a9509aa12?s=96&d=mm&r=g","caption":"Simon Nussbaum"},"url":"https:\/\/swissbaker.ch\/fr\/panissimo-news\/author\/simon-nussbaum\/"}]}},"_links":{"self":[{"href":"https:\/\/swissbaker.ch\/fr\/wp-json\/wp\/v2\/posts\/44379","targetHints":{"allow":["GET"]}}],"collection":[{"href":"https:\/\/swissbaker.ch\/fr\/wp-json\/wp\/v2\/posts"}],"about":[{"href":"https:\/\/swissbaker.ch\/fr\/wp-json\/wp\/v2\/types\/post"}],"author":[{"embeddable":true,"href":"https:\/\/swissbaker.ch\/fr\/wp-json\/wp\/v2\/users\/5"}],"replies":[{"embeddable":true,"href":"https:\/\/swissbaker.ch\/fr\/wp-json\/wp\/v2\/comments?post=44379"}],"version-history":[{"count":0,"href":"https:\/\/swissbaker.ch\/fr\/wp-json\/wp\/v2\/posts\/44379\/revisions"}],"wp:featuredmedia":[{"embeddable":true,"href":"https:\/\/swissbaker.ch\/fr\/wp-json\/wp\/v2\/media\/44376"}],"wp:attachment":[{"href":"https:\/\/swissbaker.ch\/fr\/wp-json\/wp\/v2\/media?parent=44379"}],"wp:term":[{"taxonomy":"category","embeddable":true,"href":"https:\/\/swissbaker.ch\/fr\/wp-json\/wp\/v2\/categories?post=44379"},{"taxonomy":"post_tag","embeddable":true,"href":"https:\/\/swissbaker.ch\/fr\/wp-json\/wp\/v2\/tags?post=44379"}],"curies":[{"name":"wp","href":"https:\/\/api.w.org\/{rel}","templated":true}]}}