{"id":44372,"date":"2022-08-11T09:21:46","date_gmt":"2022-08-11T07:21:46","guid":{"rendered":"https:\/\/swissbaker.ch\/?p=44372"},"modified":"2022-08-11T14:00:32","modified_gmt":"2022-08-11T12:00:32","slug":"interview-avec-les-championnes-suisse-2018","status":"publish","type":"post","link":"https:\/\/swissbaker.ch\/fr\/panissimo-news\/interview-avec-les-championnes-suisse-2018\/","title":{"rendered":"Interview avec les championnes suisses 2018"},"content":{"rendered":"\n<p><strong>En 2018, les derniers SwissSkills se sont d\u00e9roul\u00e9s dans le cadre habituel des halles de la BEA Expo \u00e0 Berne. \u00ab Panissimo \u00bb a interrog\u00e9 les trois championnes suisses 2018 sur leurs souvenirs et leurs exp\u00e9riences des journ\u00e9es de comp\u00e9tition dans ces m\u00eames halles.<\/strong><\/p>\n\n\n\n<figure class=\"wp-block-image size-large\"><img decoding=\"async\" width=\"1024\" height=\"683\" src=\"https:\/\/swissbaker.ch\/wp-content\/uploads\/2022\/08\/swissskills2018_058bict_korr-1024x683.jpg\" alt=\"Schweizermeisterinnen\" class=\"wp-image-44367\" srcset=\"https:\/\/swissbaker.ch\/wp-content\/uploads\/2022\/08\/swissskills2018_058bict_korr-1024x683.jpg 1024w, https:\/\/swissbaker.ch\/wp-content\/uploads\/2022\/08\/swissskills2018_058bict_korr-768x512.jpg 768w, https:\/\/swissbaker.ch\/wp-content\/uploads\/2022\/08\/swissskills2018_058bict_korr-1536x1024.jpg 1536w, https:\/\/swissbaker.ch\/wp-content\/uploads\/2022\/08\/swissskills2018_058bict_korr-scaled.jpg 2048w\" sizes=\"(max-width: 1024px) 100vw, 1024px\" \/><figcaption><em>Les championnes suisses 2018 : Nadja W\u00fcthrich (commerce de d\u00e9tail), Sonja Durrer (boulangerie-p\u00e2tisserie) et Rahel Weber (p\u00e2tisserie-confiserie).<\/em><\/figcaption><\/figure>\n\n\n\n<h3 class=\"wp-block-heading\" id=\"h-ou-travaillez-vous-actuellement-bref-curriculum-vitae-professionnel\">O\u00f9 travaillez-vous actuellement + bref curriculum vitae professionnel ?<\/h3>\n\n\n\n<p><strong>Nadja W\u00fcthrich :<\/strong> Apr\u00e8s les SwissSkills, j\u2019ai encore travaill\u00e9 deux ans comme gestionnaire du commerce de d\u00e9tail dans une boulangerie et entam\u00e9 une formation continue de sp\u00e9cialiste en communication. Je travaille actuellement chez EMME \u2013 Die Schweizer K\u00fcche, comme responsable marketing et communication.<\/p>\n\n\n\n<p><strong>Rahel Weber :<\/strong> Participation et victoire aux SwissSkills 2018 dans la cat\u00e9gorie p\u00e2tisserie-confiserie, pr\u00e9paration aux WorldSkills Kazan 2019 \u00e0 l\u2019\u00e9cole professionnelle Richemont, participation aux WorldSkills 2019. Je travaille toujours \u00e0 l\u2019\u00e9cole professionnelle Richemont (dans divers cours ainsi que dans la production).<\/p>\n\n\n\n<p><strong>Sonja Durrer :<\/strong> Depuis un mois, je travaille dans la petite boulangerie Aebersold \u00e0 Schwarzenegg (BE).<\/p>\n\n\n\n<p>J\u2019ai termin\u00e9 mon apprentissage de boulang\u00e8re-p\u00e2tissi\u00e8re chez Berwert \u00e0 Sarnen (OW). Lors de ma courte parenth\u00e8se dans la restauration, je me suis pr\u00e9par\u00e9e pour les SwissSkills 2018. Apr\u00e8s ma victoire, tout est all\u00e9 tr\u00e8s vite : les WorldSkills \u00e9taient ma prochaine \u00e9tape. Pour m\u2019entra\u00eener, j\u2019ai pu \u00e9largir mes connaissances \u00e0 l\u2019\u00e9cole professionnelle Richemont. Apr\u00e8s quelque temps, j\u2019ai \u00e0 nouveau eu envie de relever de nouveaux d\u00e9fis et d\u00e9cid\u00e9 de suivre la formation compl\u00e9mentaire de confiseuse, que j\u2019ai termin\u00e9e avec succ\u00e8s cet \u00e9t\u00e9.<\/p>\n\n\n\n<h3 class=\"wp-block-heading\"><strong>Quels souvenirs gardez-vous des SwissSkills ?<\/strong><\/h3>\n\n\n\n<p><strong>N. W. :<\/strong> Je garde un excellent souvenir des SwissSkills. C\u2019\u00e9tait une exp\u00e9rience formidable qui m\u2019a ouvert de nombreuses portes. Les SwissSkills m\u2019ont permis de grandir, d\u2019\u00e9voluer et d\u2019apprendre beaucoup de choses sur moi-m\u00eame en tant que personne.<\/p>\n\n\n\n<p><strong>R. W. :<\/strong> Participer a \u00e9t\u00e9 la meilleure d\u00e9cision que j\u2019ai prise. C\u2019\u00e9tait incroyable ! Bien s\u00fbr, cela implique beaucoup de travail, mais c\u2019\u00e9tait le plus passionnant. J\u2019ai appris beaucoup de choses en peu de temps et l\u2019ambiance \u00e0 Berne \u00e9tait fantastique. J\u2019ai certes atteint mes limites, mais la motivation et le plaisir \u00e9taient toujours au rendez-vous.<\/p>\n\n\n\n<p><strong>S. D. :<\/strong> J\u2019en ai gard\u00e9 de nombreux bons souvenirs. J\u2019ai pu combiner les moments de stress et d\u2019agitation pendant la comp\u00e9tition avec beaucoup de plaisir. Mon objectif pour les SwissSkills \u00e9tait de r\u00e9aliser ma meilleure performance personnelle et de transmettre ma passion du m\u00e9tier aux spectateurs. Ce genre d\u2019\u00e9v\u00e9nement permet \u00e9galement de nouer des amiti\u00e9s. Je n\u2019ai repris contact avec une concurrente qu\u2019au bout d\u2019un an, nous ne nous voyons malheureusement pas beaucoup, mais c\u2019est toujours comme si le temps s\u2019\u00e9tait arr\u00eat\u00e9.<\/p>\n\n\n\n<h3 class=\"wp-block-heading\"><strong>Quels conseils donneriez-vous aux candidates et candidats pour les SwissSkills 2022 ?<\/strong><\/h3>\n\n\n\n<p><strong>N. W. : <\/strong>Le plus important, c\u2019est que les candidates et les candidats aient du plaisir de faire ce qu\u2019ils font et ne perdent pas de vue leur objectif, m\u00eame pendant la p\u00e9riode de pr\u00e9paration qui est tr\u00e8s \u00e9prouvante. Ce n\u2019est qu\u2019avec beaucoup de plaisir et de passion que l\u2019on peut r\u00e9aliser les meilleures performances.<\/p>\n\n\n\n<p><strong>R. W. :<\/strong> Profitez de cette p\u00e9riode et montrez \u00e0 Berne tout ce que vous avez appris. Tout le monde n\u2019a pas cette chance. Si vous participez, cela veut dire que vous avez \u00e9t\u00e9 s\u00e9lectionn\u00e9s parce que vous avez d\u00e9j\u00e0 fait preuve d\u2019ambition et de volont\u00e9 jusqu\u2019ici &#8211; continuez sur cette voie ! Il y aura des hauts et des bas, mais cela vous rendra plus forts et vous apprendra beaucoup.<\/p>\n\n\n\n<p><strong>S. D. : <\/strong>Bien se pr\u00e9parer est le plus important pour r\u00e9ussir. Lisez exactement l\u2019\u00e9nonc\u00e9 de la t\u00e2che, respectez scrupuleusement le poids et les quantit\u00e9s et pr\u00e9voyez les dates de remise des produits dans le calendrier \u00e0 temps. Si ces points sont respect\u00e9s, vous avez d\u00e9j\u00e0 \u00e0 moiti\u00e9 gagn\u00e9. Prenez du plaisir, participer \u00e0 la comp\u00e9tition est une chance unique. Le couronnement est certes de gagner, mais l\u2019exp\u00e9rience personnelle compte bien plus.<\/p>\n\n\n\n<h3 class=\"wp-block-heading\">Comment se pr\u00e9sente votre avenir professionnel ?<\/h3>\n\n\n\n<p><strong>N. W. :<\/strong> La voie professionnelle que j&#8217;emprunterai \u00e0 l&#8217;avenir est encore ouverte pour le moment. Pour l&#8217;instant, j\u2019aimerais continuer \u00e0 me d\u00e9velopper dans ma profession actuelle. Et qui sait, peut-\u00eatre qu&#8217;un jour je reviendrai \u00e0 la boulangerie&#8230; &#8211; la branche de la boulangerie me manque d\u00e9j\u00e0 un peu.<\/p>\n\n\n\n<p><strong>R. W. :<\/strong> Comme je vais bient\u00f4t entamer un nouveau chapitre de ma vie, mon avenir professionnel va quelque peu changer \u00e0 partir de cet hiver&#8230; En plus de mon r\u00f4le de maman, je vais exercer mon m\u00e9tier dans le magasin de ferme de mon partenaire et me mettre \u00e0 mon compte. Pour la suite, nous verrons bien.<\/p>\n\n\n\n<p><strong>S.D. :<\/strong> L&#8217;ann\u00e9e prochaine, je vais faire un s\u00e9jour de six mois au Canada pour am\u00e9liorer mon anglais et me d\u00e9velopper professionnellement et personnellement.<\/p>\n\n\n\n<h3 class=\"wp-block-heading\"><strong>Trois souhaits pour la branche artisanale &#8230;<\/strong><\/h3>\n\n\n\n<p><strong>Nadja W\u00fcthrich :<\/strong><\/p>\n\n\n\n<ul class=\"wp-block-list\"><li>Que le commerce de d\u00e9tail de la boulangerie soit mieux connu&#8230; &#8211; beaucoup ne savent pas qu&#8217;il existe une formation de commerce de d\u00e9tail sp\u00e9cifique \u00e0 cette branche.<\/li><li>Que la branche de la boulangerie \u00e9volue avec le temps et ne reste pas fig\u00e9e.<\/li><li>Que de nombreux jeunes motiv\u00e9s soient s\u00e9duits par la branche de la boulangerie et souhaitent entamer une formation.<\/li><\/ul>\n\n\n\n<p><strong>Rahel Weber :<\/strong><\/p>\n\n\n\n<ul class=\"wp-block-list\"><li>Transmettez votre savoir, tout le monde peut encore apprendre.<\/li><li>Montrez \u00e0 tous combien notre m\u00e9tier est fantastique.<\/li><li>Amusez-vous et appr\u00e9ciez le plaisir que nos clientes et clients ont avec nos produits.<\/li><\/ul>\n\n\n\n<p><strong>Sonja Durrer :<\/strong><\/p>\n\n\n\n<ul class=\"wp-block-list\"><li><strong>L&#8217;estime.<\/strong> Je pense que beaucoup ont d\u00e9j\u00e0 entendu ce mot en rapport avec notre branche. Pour motiver la rel\u00e8ve, nous devons changer quelque chose.<\/li><li><strong>Rester ouvert aux nouvelles id\u00e9es.<\/strong> Ce que nous connaissons est certes bon ou m\u00eame confortable, mais nous pouvons aussi oser la nouveaut\u00e9.<\/li><li><strong>La formation.<\/strong> Encourager les apprentis et, en contrepartie, gagner de nouveaux fid\u00e8les collaborateurs.<\/li><\/ul>\n\n\n\n<p>Plus d&#8217;informations sur les <a href=\"https:\/\/www.swiss-skills2022.ch\/fr\" target=\"_blank\" rel=\"noreferrer noopener\">SwissSkills 2022<\/a>.<\/p>\n","protected":false},"excerpt":{"rendered":"<p>En 2018, les derniers SwissSkills se sont d\u00e9roul\u00e9s dans le cadre habituel des halles de la BEA Expo \u00e0 Berne. \u00ab Panissimo \u00bb a interrog\u00e9 les trois championnes suisses 2018 sur leurs souvenirs et leurs exp\u00e9riences des journ\u00e9es de comp\u00e9tition dans ces m\u00eames halles. O\u00f9 travaillez-vous actuellement + bref curriculum vitae professionnel ? Nadja W\u00fcthrich : Apr\u00e8s les SwissSkills, j\u2019ai [&hellip;]<\/p>\n","protected":false},"author":4,"featured_media":44367,"comment_status":"open","ping_status":"closed","sticky":true,"template":"","format":"standard","meta":{"_acf_changed":false,"footnotes":""},"categories":[43,47],"tags":[],"class_list":["post-44372","post","type-post","status-publish","format-standard","has-post-thumbnail","hentry","category-concours","category-formation-releve"],"acf":[],"yoast_head":"<!-- This site is optimized with the Yoast SEO Premium plugin v26.8 (Yoast SEO v26.8) - https:\/\/yoast.com\/product\/yoast-seo-premium-wordpress\/ -->\n<title>Interview avec les championnes suisses 2018 | BCS<\/title>\n<meta name=\"description\" content=\"\u00ab Panissimo \u00bb a interrog\u00e9 les trois championnes suisses 2018 sur leurs souvenirs et leurs exp\u00e9riences des journ\u00e9es de comp\u00e9tition.\" \/>\n<meta name=\"robots\" content=\"index, follow, max-snippet:-1, max-image-preview:large, max-video-preview:-1\" \/>\n<link rel=\"canonical\" href=\"https:\/\/swissbaker.ch\/fr\/panissimo-news\/interview-avec-les-championnes-suisse-2018\/\" \/>\n<meta property=\"og:locale\" content=\"fr_FR\" \/>\n<meta property=\"og:type\" content=\"article\" \/>\n<meta property=\"og:title\" content=\"Interview avec les championnes suisses 2018\" \/>\n<meta property=\"og:description\" content=\"\u00ab Panissimo \u00bb a interrog\u00e9 les trois championnes suisses 2018 sur leurs souvenirs et leurs exp\u00e9riences des journ\u00e9es de comp\u00e9tition.\" \/>\n<meta property=\"og:url\" content=\"https:\/\/swissbaker.ch\/fr\/panissimo-news\/interview-avec-les-championnes-suisse-2018\/\" \/>\n<meta property=\"og:site_name\" content=\"SBC\" \/>\n<meta property=\"article:publisher\" content=\"https:\/\/www.facebook.com\/swissbaker.ch\" \/>\n<meta property=\"article:published_time\" content=\"2022-08-11T07:21:46+00:00\" \/>\n<meta property=\"article:modified_time\" content=\"2022-08-11T12:00:32+00:00\" \/>\n<meta property=\"og:image\" content=\"https:\/\/swissbaker.ch\/wp-content\/uploads\/2022\/08\/swissskills2018_058bict_korr-scaled.jpg\" \/>\n\t<meta property=\"og:image:width\" content=\"2048\" \/>\n\t<meta property=\"og:image:height\" content=\"1366\" \/>\n\t<meta property=\"og:image:type\" content=\"image\/jpeg\" \/>\n<meta name=\"author\" content=\"Elina Laich\" \/>\n<meta name=\"twitter:card\" content=\"summary_large_image\" \/>\n<meta name=\"twitter:creator\" content=\"@ch_swissbaker\" \/>\n<meta name=\"twitter:site\" content=\"@ch_swissbaker\" \/>\n<meta name=\"twitter:label1\" content=\"Written by\" \/>\n\t<meta name=\"twitter:data1\" content=\"Elina Laich\" \/>\n\t<meta name=\"twitter:label2\" content=\"Est. reading time\" \/>\n\t<meta name=\"twitter:data2\" content=\"6 minutes\" \/>\n<script type=\"application\/ld+json\" class=\"yoast-schema-graph\">{\"@context\":\"https:\/\/schema.org\",\"@graph\":[{\"@type\":\"Article\",\"@id\":\"https:\/\/swissbaker.ch\/fr\/panissimo-news\/interview-avec-les-championnes-suisse-2018\/#article\",\"isPartOf\":{\"@id\":\"https:\/\/swissbaker.ch\/fr\/panissimo-news\/interview-avec-les-championnes-suisse-2018\/\"},\"author\":{\"name\":\"Elina Laich\",\"@id\":\"https:\/\/swissbaker.ch\/fr\/#\/schema\/person\/0c7464407782a0917d6e91a74206a176\"},\"headline\":\"Interview avec les championnes suisses 2018\",\"datePublished\":\"2022-08-11T07:21:46+00:00\",\"dateModified\":\"2022-08-11T12:00:32+00:00\",\"mainEntityOfPage\":{\"@id\":\"https:\/\/swissbaker.ch\/fr\/panissimo-news\/interview-avec-les-championnes-suisse-2018\/\"},\"wordCount\":1041,\"commentCount\":0,\"publisher\":{\"@id\":\"https:\/\/swissbaker.ch\/fr\/#organization\"},\"image\":{\"@id\":\"https:\/\/swissbaker.ch\/fr\/panissimo-news\/interview-avec-les-championnes-suisse-2018\/#primaryimage\"},\"thumbnailUrl\":\"https:\/\/swissbaker.ch\/wp-content\/uploads\/2022\/08\/swissskills2018_058bict_korr-scaled.jpg\",\"articleSection\":[\"Concours\",\"Formation\/Rel\u00e8ve\"],\"inLanguage\":\"fr-FR\",\"potentialAction\":[{\"@type\":\"CommentAction\",\"name\":\"Comment\",\"target\":[\"https:\/\/swissbaker.ch\/fr\/panissimo-news\/interview-avec-les-championnes-suisse-2018\/#respond\"]}]},{\"@type\":\"WebPage\",\"@id\":\"https:\/\/swissbaker.ch\/fr\/panissimo-news\/interview-avec-les-championnes-suisse-2018\/\",\"url\":\"https:\/\/swissbaker.ch\/fr\/panissimo-news\/interview-avec-les-championnes-suisse-2018\/\",\"name\":\"Interview avec les championnes suisses 2018 | BCS\",\"isPartOf\":{\"@id\":\"https:\/\/swissbaker.ch\/fr\/#website\"},\"primaryImageOfPage\":{\"@id\":\"https:\/\/swissbaker.ch\/fr\/panissimo-news\/interview-avec-les-championnes-suisse-2018\/#primaryimage\"},\"image\":{\"@id\":\"https:\/\/swissbaker.ch\/fr\/panissimo-news\/interview-avec-les-championnes-suisse-2018\/#primaryimage\"},\"thumbnailUrl\":\"https:\/\/swissbaker.ch\/wp-content\/uploads\/2022\/08\/swissskills2018_058bict_korr-scaled.jpg\",\"datePublished\":\"2022-08-11T07:21:46+00:00\",\"dateModified\":\"2022-08-11T12:00:32+00:00\",\"description\":\"\u00ab Panissimo \u00bb a interrog\u00e9 les trois championnes suisses 2018 sur leurs souvenirs et leurs exp\u00e9riences des journ\u00e9es de comp\u00e9tition.\",\"breadcrumb\":{\"@id\":\"https:\/\/swissbaker.ch\/fr\/panissimo-news\/interview-avec-les-championnes-suisse-2018\/#breadcrumb\"},\"inLanguage\":\"fr-FR\",\"potentialAction\":[{\"@type\":\"ReadAction\",\"target\":[\"https:\/\/swissbaker.ch\/fr\/panissimo-news\/interview-avec-les-championnes-suisse-2018\/\"]}]},{\"@type\":\"ImageObject\",\"inLanguage\":\"fr-FR\",\"@id\":\"https:\/\/swissbaker.ch\/fr\/panissimo-news\/interview-avec-les-championnes-suisse-2018\/#primaryimage\",\"url\":\"https:\/\/swissbaker.ch\/wp-content\/uploads\/2022\/08\/swissskills2018_058bict_korr-scaled.jpg\",\"contentUrl\":\"https:\/\/swissbaker.ch\/wp-content\/uploads\/2022\/08\/swissskills2018_058bict_korr-scaled.jpg\",\"width\":2048,\"height\":1366,\"caption\":\"Nadja W\u00fcthrich Sonja Durrer Rahel Weber Swiss Skills 2018\"},{\"@type\":\"BreadcrumbList\",\"@id\":\"https:\/\/swissbaker.ch\/fr\/panissimo-news\/interview-avec-les-championnes-suisse-2018\/#breadcrumb\",\"itemListElement\":[{\"@type\":\"ListItem\",\"position\":1,\"name\":\"\",\"item\":\"https:\/\/swissbaker.ch\/fr\/\"},{\"@type\":\"ListItem\",\"position\":2,\"name\":\"Concours\",\"item\":\"https:\/\/swissbaker.ch\/fr\/panissimo-news\/category\/concours\/\"},{\"@type\":\"ListItem\",\"position\":3,\"name\":\"Interview avec les championnes suisses 2018\"}]},{\"@type\":\"WebSite\",\"@id\":\"https:\/\/swissbaker.ch\/fr\/#website\",\"url\":\"https:\/\/swissbaker.ch\/fr\/\",\"name\":\"SBC\",\"description\":\"\",\"publisher\":{\"@id\":\"https:\/\/swissbaker.ch\/fr\/#organization\"},\"potentialAction\":[{\"@type\":\"SearchAction\",\"target\":{\"@type\":\"EntryPoint\",\"urlTemplate\":\"https:\/\/swissbaker.ch\/fr\/?s={search_term_string}\"},\"query-input\":{\"@type\":\"PropertyValueSpecification\",\"valueRequired\":true,\"valueName\":\"search_term_string\"}}],\"inLanguage\":\"fr-FR\"},{\"@type\":\"Organization\",\"@id\":\"https:\/\/swissbaker.ch\/fr\/#organization\",\"name\":\"Schweizerischer B\u00e4cker-Confiseurmeister-Verband\",\"url\":\"https:\/\/swissbaker.ch\/fr\/\",\"logo\":{\"@type\":\"ImageObject\",\"inLanguage\":\"fr-FR\",\"@id\":\"https:\/\/swissbaker.ch\/fr\/#\/schema\/logo\/image\/\",\"url\":\"https:\/\/swissbaker.ch\/wp-content\/uploads\/2022\/04\/sbc-logo-yoast.jpg\",\"contentUrl\":\"https:\/\/swissbaker.ch\/wp-content\/uploads\/2022\/04\/sbc-logo-yoast.jpg\",\"width\":512,\"height\":512,\"caption\":\"Schweizerischer B\u00e4cker-Confiseurmeister-Verband\"},\"image\":{\"@id\":\"https:\/\/swissbaker.ch\/fr\/#\/schema\/logo\/image\/\"},\"sameAs\":[\"https:\/\/www.facebook.com\/swissbaker.ch\",\"https:\/\/x.com\/ch_swissbaker\"]},{\"@type\":\"Person\",\"@id\":\"https:\/\/swissbaker.ch\/fr\/#\/schema\/person\/0c7464407782a0917d6e91a74206a176\",\"name\":\"Elina Laich\",\"image\":{\"@type\":\"ImageObject\",\"inLanguage\":\"fr-FR\",\"@id\":\"https:\/\/swissbaker.ch\/fr\/#\/schema\/person\/image\/\",\"url\":\"https:\/\/secure.gravatar.com\/avatar\/f942ca5f8668781d3ded9592a21de46001e053aff264ff1c6deb97b59d3604b2?s=96&d=mm&r=g\",\"contentUrl\":\"https:\/\/secure.gravatar.com\/avatar\/f942ca5f8668781d3ded9592a21de46001e053aff264ff1c6deb97b59d3604b2?s=96&d=mm&r=g\",\"caption\":\"Elina Laich\"},\"url\":\"https:\/\/swissbaker.ch\/fr\/panissimo-news\/author\/elina-laich\/\"}]}<\/script>\n<!-- \/ Yoast SEO Premium plugin. -->","yoast_head_json":{"title":"Interview avec les championnes suisses 2018 | BCS","description":"\u00ab Panissimo \u00bb a interrog\u00e9 les trois championnes suisses 2018 sur leurs souvenirs et leurs exp\u00e9riences des journ\u00e9es de comp\u00e9tition.","robots":{"index":"index","follow":"follow","max-snippet":"max-snippet:-1","max-image-preview":"max-image-preview:large","max-video-preview":"max-video-preview:-1"},"canonical":"https:\/\/swissbaker.ch\/fr\/panissimo-news\/interview-avec-les-championnes-suisse-2018\/","og_locale":"fr_FR","og_type":"article","og_title":"Interview avec les championnes suisses 2018","og_description":"\u00ab Panissimo \u00bb a interrog\u00e9 les trois championnes suisses 2018 sur leurs souvenirs et leurs exp\u00e9riences des journ\u00e9es de comp\u00e9tition.","og_url":"https:\/\/swissbaker.ch\/fr\/panissimo-news\/interview-avec-les-championnes-suisse-2018\/","og_site_name":"SBC","article_publisher":"https:\/\/www.facebook.com\/swissbaker.ch","article_published_time":"2022-08-11T07:21:46+00:00","article_modified_time":"2022-08-11T12:00:32+00:00","og_image":[{"width":2048,"height":1366,"url":"https:\/\/swissbaker.ch\/wp-content\/uploads\/2022\/08\/swissskills2018_058bict_korr-scaled.jpg","type":"image\/jpeg"}],"author":"Elina Laich","twitter_card":"summary_large_image","twitter_creator":"@ch_swissbaker","twitter_site":"@ch_swissbaker","twitter_misc":{"Written by":"Elina Laich","Est. reading time":"6 minutes"},"schema":{"@context":"https:\/\/schema.org","@graph":[{"@type":"Article","@id":"https:\/\/swissbaker.ch\/fr\/panissimo-news\/interview-avec-les-championnes-suisse-2018\/#article","isPartOf":{"@id":"https:\/\/swissbaker.ch\/fr\/panissimo-news\/interview-avec-les-championnes-suisse-2018\/"},"author":{"name":"Elina Laich","@id":"https:\/\/swissbaker.ch\/fr\/#\/schema\/person\/0c7464407782a0917d6e91a74206a176"},"headline":"Interview avec les championnes suisses 2018","datePublished":"2022-08-11T07:21:46+00:00","dateModified":"2022-08-11T12:00:32+00:00","mainEntityOfPage":{"@id":"https:\/\/swissbaker.ch\/fr\/panissimo-news\/interview-avec-les-championnes-suisse-2018\/"},"wordCount":1041,"commentCount":0,"publisher":{"@id":"https:\/\/swissbaker.ch\/fr\/#organization"},"image":{"@id":"https:\/\/swissbaker.ch\/fr\/panissimo-news\/interview-avec-les-championnes-suisse-2018\/#primaryimage"},"thumbnailUrl":"https:\/\/swissbaker.ch\/wp-content\/uploads\/2022\/08\/swissskills2018_058bict_korr-scaled.jpg","articleSection":["Concours","Formation\/Rel\u00e8ve"],"inLanguage":"fr-FR","potentialAction":[{"@type":"CommentAction","name":"Comment","target":["https:\/\/swissbaker.ch\/fr\/panissimo-news\/interview-avec-les-championnes-suisse-2018\/#respond"]}]},{"@type":"WebPage","@id":"https:\/\/swissbaker.ch\/fr\/panissimo-news\/interview-avec-les-championnes-suisse-2018\/","url":"https:\/\/swissbaker.ch\/fr\/panissimo-news\/interview-avec-les-championnes-suisse-2018\/","name":"Interview avec les championnes suisses 2018 | BCS","isPartOf":{"@id":"https:\/\/swissbaker.ch\/fr\/#website"},"primaryImageOfPage":{"@id":"https:\/\/swissbaker.ch\/fr\/panissimo-news\/interview-avec-les-championnes-suisse-2018\/#primaryimage"},"image":{"@id":"https:\/\/swissbaker.ch\/fr\/panissimo-news\/interview-avec-les-championnes-suisse-2018\/#primaryimage"},"thumbnailUrl":"https:\/\/swissbaker.ch\/wp-content\/uploads\/2022\/08\/swissskills2018_058bict_korr-scaled.jpg","datePublished":"2022-08-11T07:21:46+00:00","dateModified":"2022-08-11T12:00:32+00:00","description":"\u00ab Panissimo \u00bb a interrog\u00e9 les trois championnes suisses 2018 sur leurs souvenirs et leurs exp\u00e9riences des journ\u00e9es de comp\u00e9tition.","breadcrumb":{"@id":"https:\/\/swissbaker.ch\/fr\/panissimo-news\/interview-avec-les-championnes-suisse-2018\/#breadcrumb"},"inLanguage":"fr-FR","potentialAction":[{"@type":"ReadAction","target":["https:\/\/swissbaker.ch\/fr\/panissimo-news\/interview-avec-les-championnes-suisse-2018\/"]}]},{"@type":"ImageObject","inLanguage":"fr-FR","@id":"https:\/\/swissbaker.ch\/fr\/panissimo-news\/interview-avec-les-championnes-suisse-2018\/#primaryimage","url":"https:\/\/swissbaker.ch\/wp-content\/uploads\/2022\/08\/swissskills2018_058bict_korr-scaled.jpg","contentUrl":"https:\/\/swissbaker.ch\/wp-content\/uploads\/2022\/08\/swissskills2018_058bict_korr-scaled.jpg","width":2048,"height":1366,"caption":"Nadja W\u00fcthrich Sonja Durrer Rahel Weber Swiss Skills 2018"},{"@type":"BreadcrumbList","@id":"https:\/\/swissbaker.ch\/fr\/panissimo-news\/interview-avec-les-championnes-suisse-2018\/#breadcrumb","itemListElement":[{"@type":"ListItem","position":1,"name":"","item":"https:\/\/swissbaker.ch\/fr\/"},{"@type":"ListItem","position":2,"name":"Concours","item":"https:\/\/swissbaker.ch\/fr\/panissimo-news\/category\/concours\/"},{"@type":"ListItem","position":3,"name":"Interview avec les championnes suisses 2018"}]},{"@type":"WebSite","@id":"https:\/\/swissbaker.ch\/fr\/#website","url":"https:\/\/swissbaker.ch\/fr\/","name":"SBC","description":"","publisher":{"@id":"https:\/\/swissbaker.ch\/fr\/#organization"},"potentialAction":[{"@type":"SearchAction","target":{"@type":"EntryPoint","urlTemplate":"https:\/\/swissbaker.ch\/fr\/?s={search_term_string}"},"query-input":{"@type":"PropertyValueSpecification","valueRequired":true,"valueName":"search_term_string"}}],"inLanguage":"fr-FR"},{"@type":"Organization","@id":"https:\/\/swissbaker.ch\/fr\/#organization","name":"Schweizerischer B\u00e4cker-Confiseurmeister-Verband","url":"https:\/\/swissbaker.ch\/fr\/","logo":{"@type":"ImageObject","inLanguage":"fr-FR","@id":"https:\/\/swissbaker.ch\/fr\/#\/schema\/logo\/image\/","url":"https:\/\/swissbaker.ch\/wp-content\/uploads\/2022\/04\/sbc-logo-yoast.jpg","contentUrl":"https:\/\/swissbaker.ch\/wp-content\/uploads\/2022\/04\/sbc-logo-yoast.jpg","width":512,"height":512,"caption":"Schweizerischer B\u00e4cker-Confiseurmeister-Verband"},"image":{"@id":"https:\/\/swissbaker.ch\/fr\/#\/schema\/logo\/image\/"},"sameAs":["https:\/\/www.facebook.com\/swissbaker.ch","https:\/\/x.com\/ch_swissbaker"]},{"@type":"Person","@id":"https:\/\/swissbaker.ch\/fr\/#\/schema\/person\/0c7464407782a0917d6e91a74206a176","name":"Elina Laich","image":{"@type":"ImageObject","inLanguage":"fr-FR","@id":"https:\/\/swissbaker.ch\/fr\/#\/schema\/person\/image\/","url":"https:\/\/secure.gravatar.com\/avatar\/f942ca5f8668781d3ded9592a21de46001e053aff264ff1c6deb97b59d3604b2?s=96&d=mm&r=g","contentUrl":"https:\/\/secure.gravatar.com\/avatar\/f942ca5f8668781d3ded9592a21de46001e053aff264ff1c6deb97b59d3604b2?s=96&d=mm&r=g","caption":"Elina Laich"},"url":"https:\/\/swissbaker.ch\/fr\/panissimo-news\/author\/elina-laich\/"}]}},"_links":{"self":[{"href":"https:\/\/swissbaker.ch\/fr\/wp-json\/wp\/v2\/posts\/44372","targetHints":{"allow":["GET"]}}],"collection":[{"href":"https:\/\/swissbaker.ch\/fr\/wp-json\/wp\/v2\/posts"}],"about":[{"href":"https:\/\/swissbaker.ch\/fr\/wp-json\/wp\/v2\/types\/post"}],"author":[{"embeddable":true,"href":"https:\/\/swissbaker.ch\/fr\/wp-json\/wp\/v2\/users\/4"}],"replies":[{"embeddable":true,"href":"https:\/\/swissbaker.ch\/fr\/wp-json\/wp\/v2\/comments?post=44372"}],"version-history":[{"count":0,"href":"https:\/\/swissbaker.ch\/fr\/wp-json\/wp\/v2\/posts\/44372\/revisions"}],"wp:featuredmedia":[{"embeddable":true,"href":"https:\/\/swissbaker.ch\/fr\/wp-json\/wp\/v2\/media\/44367"}],"wp:attachment":[{"href":"https:\/\/swissbaker.ch\/fr\/wp-json\/wp\/v2\/media?parent=44372"}],"wp:term":[{"taxonomy":"category","embeddable":true,"href":"https:\/\/swissbaker.ch\/fr\/wp-json\/wp\/v2\/categories?post=44372"},{"taxonomy":"post_tag","embeddable":true,"href":"https:\/\/swissbaker.ch\/fr\/wp-json\/wp\/v2\/tags?post=44372"}],"curies":[{"name":"wp","href":"https:\/\/api.w.org\/{rel}","templated":true}]}}