{"id":43825,"date":"2022-07-13T14:55:41","date_gmt":"2022-07-13T12:55:41","guid":{"rendered":"https:\/\/swissbaker.ch\/?p=43825"},"modified":"2022-07-14T11:54:43","modified_gmt":"2022-07-14T09:54:43","slug":"penurie-delectricite-recommandation-aux-membres-de-la-bcs","status":"publish","type":"post","link":"https:\/\/swissbaker.ch\/fr\/panissimo-news\/penurie-delectricite-recommandation-aux-membres-de-la-bcs\/","title":{"rendered":"P\u00e9nurie d\u2019\u00e9lectricit\u00e9\u2009: recommandation aux membres de la BCS"},"content":{"rendered":"\n<p>De l\u2019avis de nombreux milieux, les p\u00e9nuries d\u2019\u00e9lectricit\u00e9 repr\u00e9sentent l\u2019un des plus grands dangers pour la s\u00e9curit\u00e9 d\u2019approvisionnement de la Suisse. En ce qui concerne le gaz destin\u00e9 \u00e0 la production d\u2019\u00e9lectricit\u00e9, une situation de p\u00e9nurie avec des prix nettement plus \u00e9lev\u00e9s pourrait devenir r\u00e9alit\u00e9 d\u00e8s l\u2019hiver 2022\u2009\/\u20092023. De mani\u00e8re g\u00e9n\u00e9rale, la situation sur les march\u00e9s de l\u2019\u00e9lectricit\u00e9 est actuellement tendue. La BCS a analys\u00e9 la situation et r\u00e9dig\u00e9 des recommandations d\u2019action exclusivement pour ses membres. <\/p>\n\n\n\n<p><a href=\"https:\/\/swissbaker.ch\/fr\/intranet\/association\/\"><strong>Le document est disponible sur l\u2019Intranet. <\/strong><\/a><\/p>\n\n\n\n<p>BCS<\/p>\n","protected":false},"excerpt":{"rendered":"<p>De l\u2019avis de nombreux milieux, les p\u00e9nuries d\u2019\u00e9lectricit\u00e9 repr\u00e9sentent l\u2019un des plus grands dangers pour la s\u00e9curit\u00e9 d\u2019approvisionnement de la Suisse. En ce qui concerne le gaz destin\u00e9 \u00e0 la production d\u2019\u00e9lectricit\u00e9, une situation de p\u00e9nurie avec des prix nettement plus \u00e9lev\u00e9s pourrait devenir r\u00e9alit\u00e9 d\u00e8s l\u2019hiver 2022\u2009\/\u20092023. De mani\u00e8re g\u00e9n\u00e9rale, la situation sur les march\u00e9s de l\u2019\u00e9lectricit\u00e9 est actuellement [&hellip;]<\/p>\n","protected":false},"author":5,"featured_media":11301,"comment_status":"open","ping_status":"closed","sticky":true,"template":"","format":"standard","meta":{"_acf_changed":false,"footnotes":""},"categories":[41,54],"tags":[],"class_list":["post-43825","post","type-post","status-publish","format-standard","has-post-thumbnail","hentry","category-association","category-conseils"],"acf":[],"yoast_head":"<!-- This site is optimized with the Yoast SEO Premium plugin v26.8 (Yoast SEO v26.8) - https:\/\/yoast.com\/product\/yoast-seo-premium-wordpress\/ -->\n<title>P\u00e9nurie d\u2019\u00e9lectricit\u00e9\u2009: recommandation aux membres de la BCS | SBC<\/title>\n<meta name=\"description\" content=\"P\u00e9nurie d\u2019\u00e9lectricit\u00e9\u2009: recommandation aux membres de la BCS\" \/>\n<meta name=\"robots\" content=\"index, follow, max-snippet:-1, max-image-preview:large, max-video-preview:-1\" \/>\n<link rel=\"canonical\" href=\"https:\/\/swissbaker.ch\/fr\/panissimo-news\/penurie-delectricite-recommandation-aux-membres-de-la-bcs\/\" \/>\n<meta property=\"og:locale\" content=\"fr_FR\" \/>\n<meta property=\"og:type\" content=\"article\" \/>\n<meta property=\"og:title\" content=\"P\u00e9nurie d\u2019\u00e9lectricit\u00e9\u2009: recommandation aux membres de la BCS\" \/>\n<meta property=\"og:description\" content=\"P\u00e9nurie d\u2019\u00e9lectricit\u00e9\u2009: recommandation aux membres de la BCS\" \/>\n<meta property=\"og:url\" content=\"https:\/\/swissbaker.ch\/fr\/panissimo-news\/penurie-delectricite-recommandation-aux-membres-de-la-bcs\/\" \/>\n<meta property=\"og:site_name\" content=\"SBC\" \/>\n<meta property=\"article:publisher\" content=\"https:\/\/www.facebook.com\/swissbaker.ch\" \/>\n<meta property=\"article:published_time\" content=\"2022-07-13T12:55:41+00:00\" \/>\n<meta property=\"article:modified_time\" content=\"2022-07-14T09:54:43+00:00\" \/>\n<meta property=\"og:image\" content=\"https:\/\/swissbaker.ch\/wp-content\/uploads\/2022\/05\/6_1_strohm.jpeg\" \/>\n\t<meta property=\"og:image:width\" content=\"800\" \/>\n\t<meta property=\"og:image:height\" content=\"474\" \/>\n\t<meta property=\"og:image:type\" content=\"image\/jpeg\" \/>\n<meta name=\"author\" content=\"Simon Nussbaum\" \/>\n<meta name=\"twitter:card\" content=\"summary_large_image\" \/>\n<meta name=\"twitter:creator\" content=\"@ch_swissbaker\" \/>\n<meta name=\"twitter:site\" content=\"@ch_swissbaker\" \/>\n<meta name=\"twitter:label1\" content=\"Written by\" \/>\n\t<meta name=\"twitter:data1\" content=\"Simon Nussbaum\" \/>\n\t<meta name=\"twitter:label2\" content=\"Est. reading time\" \/>\n\t<meta name=\"twitter:data2\" content=\"1 minute\" \/>\n<script type=\"application\/ld+json\" class=\"yoast-schema-graph\">{\"@context\":\"https:\/\/schema.org\",\"@graph\":[{\"@type\":\"Article\",\"@id\":\"https:\/\/swissbaker.ch\/fr\/panissimo-news\/penurie-delectricite-recommandation-aux-membres-de-la-bcs\/#article\",\"isPartOf\":{\"@id\":\"https:\/\/swissbaker.ch\/fr\/panissimo-news\/penurie-delectricite-recommandation-aux-membres-de-la-bcs\/\"},\"author\":{\"name\":\"Simon Nussbaum\",\"@id\":\"https:\/\/swissbaker.ch\/fr\/#\/schema\/person\/74bd327b08c18ca6042c02ff6f0ed5e2\"},\"headline\":\"P\u00e9nurie d\u2019\u00e9lectricit\u00e9\u2009: recommandation aux membres de la BCS\",\"datePublished\":\"2022-07-13T12:55:41+00:00\",\"dateModified\":\"2022-07-14T09:54:43+00:00\",\"mainEntityOfPage\":{\"@id\":\"https:\/\/swissbaker.ch\/fr\/panissimo-news\/penurie-delectricite-recommandation-aux-membres-de-la-bcs\/\"},\"wordCount\":112,\"commentCount\":0,\"publisher\":{\"@id\":\"https:\/\/swissbaker.ch\/fr\/#organization\"},\"image\":{\"@id\":\"https:\/\/swissbaker.ch\/fr\/panissimo-news\/penurie-delectricite-recommandation-aux-membres-de-la-bcs\/#primaryimage\"},\"thumbnailUrl\":\"https:\/\/swissbaker.ch\/wp-content\/uploads\/2022\/05\/6_1_strohm.jpeg\",\"articleSection\":[\"Association\",\"Conseils\"],\"inLanguage\":\"fr-FR\",\"potentialAction\":[{\"@type\":\"CommentAction\",\"name\":\"Comment\",\"target\":[\"https:\/\/swissbaker.ch\/fr\/panissimo-news\/penurie-delectricite-recommandation-aux-membres-de-la-bcs\/#respond\"]}]},{\"@type\":\"WebPage\",\"@id\":\"https:\/\/swissbaker.ch\/fr\/panissimo-news\/penurie-delectricite-recommandation-aux-membres-de-la-bcs\/\",\"url\":\"https:\/\/swissbaker.ch\/fr\/panissimo-news\/penurie-delectricite-recommandation-aux-membres-de-la-bcs\/\",\"name\":\"P\u00e9nurie d\u2019\u00e9lectricit\u00e9\u2009: recommandation aux membres de la BCS | SBC\",\"isPartOf\":{\"@id\":\"https:\/\/swissbaker.ch\/fr\/#website\"},\"primaryImageOfPage\":{\"@id\":\"https:\/\/swissbaker.ch\/fr\/panissimo-news\/penurie-delectricite-recommandation-aux-membres-de-la-bcs\/#primaryimage\"},\"image\":{\"@id\":\"https:\/\/swissbaker.ch\/fr\/panissimo-news\/penurie-delectricite-recommandation-aux-membres-de-la-bcs\/#primaryimage\"},\"thumbnailUrl\":\"https:\/\/swissbaker.ch\/wp-content\/uploads\/2022\/05\/6_1_strohm.jpeg\",\"datePublished\":\"2022-07-13T12:55:41+00:00\",\"dateModified\":\"2022-07-14T09:54:43+00:00\",\"description\":\"P\u00e9nurie d\u2019\u00e9lectricit\u00e9\u2009: recommandation aux membres de la BCS\",\"breadcrumb\":{\"@id\":\"https:\/\/swissbaker.ch\/fr\/panissimo-news\/penurie-delectricite-recommandation-aux-membres-de-la-bcs\/#breadcrumb\"},\"inLanguage\":\"fr-FR\",\"potentialAction\":[{\"@type\":\"ReadAction\",\"target\":[\"https:\/\/swissbaker.ch\/fr\/panissimo-news\/penurie-delectricite-recommandation-aux-membres-de-la-bcs\/\"]}]},{\"@type\":\"ImageObject\",\"inLanguage\":\"fr-FR\",\"@id\":\"https:\/\/swissbaker.ch\/fr\/panissimo-news\/penurie-delectricite-recommandation-aux-membres-de-la-bcs\/#primaryimage\",\"url\":\"https:\/\/swissbaker.ch\/wp-content\/uploads\/2022\/05\/6_1_strohm.jpeg\",\"contentUrl\":\"https:\/\/swissbaker.ch\/wp-content\/uploads\/2022\/05\/6_1_strohm.jpeg\",\"width\":800,\"height\":474,\"caption\":\"Carenza di energia\"},{\"@type\":\"BreadcrumbList\",\"@id\":\"https:\/\/swissbaker.ch\/fr\/panissimo-news\/penurie-delectricite-recommandation-aux-membres-de-la-bcs\/#breadcrumb\",\"itemListElement\":[{\"@type\":\"ListItem\",\"position\":1,\"name\":\"\",\"item\":\"https:\/\/swissbaker.ch\/fr\/\"},{\"@type\":\"ListItem\",\"position\":2,\"name\":\"Association\",\"item\":\"https:\/\/swissbaker.ch\/fr\/panissimo-news\/category\/association\/\"},{\"@type\":\"ListItem\",\"position\":3,\"name\":\"P\u00e9nurie d\u2019\u00e9lectricit\u00e9\u2009: recommandation aux membres de la BCS\"}]},{\"@type\":\"WebSite\",\"@id\":\"https:\/\/swissbaker.ch\/fr\/#website\",\"url\":\"https:\/\/swissbaker.ch\/fr\/\",\"name\":\"SBC\",\"description\":\"\",\"publisher\":{\"@id\":\"https:\/\/swissbaker.ch\/fr\/#organization\"},\"potentialAction\":[{\"@type\":\"SearchAction\",\"target\":{\"@type\":\"EntryPoint\",\"urlTemplate\":\"https:\/\/swissbaker.ch\/fr\/?s={search_term_string}\"},\"query-input\":{\"@type\":\"PropertyValueSpecification\",\"valueRequired\":true,\"valueName\":\"search_term_string\"}}],\"inLanguage\":\"fr-FR\"},{\"@type\":\"Organization\",\"@id\":\"https:\/\/swissbaker.ch\/fr\/#organization\",\"name\":\"Schweizerischer B\u00e4cker-Confiseurmeister-Verband\",\"url\":\"https:\/\/swissbaker.ch\/fr\/\",\"logo\":{\"@type\":\"ImageObject\",\"inLanguage\":\"fr-FR\",\"@id\":\"https:\/\/swissbaker.ch\/fr\/#\/schema\/logo\/image\/\",\"url\":\"https:\/\/swissbaker.ch\/wp-content\/uploads\/2022\/04\/sbc-logo-yoast.jpg\",\"contentUrl\":\"https:\/\/swissbaker.ch\/wp-content\/uploads\/2022\/04\/sbc-logo-yoast.jpg\",\"width\":512,\"height\":512,\"caption\":\"Schweizerischer B\u00e4cker-Confiseurmeister-Verband\"},\"image\":{\"@id\":\"https:\/\/swissbaker.ch\/fr\/#\/schema\/logo\/image\/\"},\"sameAs\":[\"https:\/\/www.facebook.com\/swissbaker.ch\",\"https:\/\/x.com\/ch_swissbaker\"]},{\"@type\":\"Person\",\"@id\":\"https:\/\/swissbaker.ch\/fr\/#\/schema\/person\/74bd327b08c18ca6042c02ff6f0ed5e2\",\"name\":\"Simon Nussbaum\",\"image\":{\"@type\":\"ImageObject\",\"inLanguage\":\"fr-FR\",\"@id\":\"https:\/\/swissbaker.ch\/fr\/#\/schema\/person\/image\/\",\"url\":\"https:\/\/secure.gravatar.com\/avatar\/df0eced3bb556c806cb760cf503ade1ed1df25b4104d80d6fd28d93a9509aa12?s=96&d=mm&r=g\",\"contentUrl\":\"https:\/\/secure.gravatar.com\/avatar\/df0eced3bb556c806cb760cf503ade1ed1df25b4104d80d6fd28d93a9509aa12?s=96&d=mm&r=g\",\"caption\":\"Simon Nussbaum\"},\"url\":\"https:\/\/swissbaker.ch\/fr\/panissimo-news\/author\/simon-nussbaum\/\"}]}<\/script>\n<!-- \/ Yoast SEO Premium plugin. -->","yoast_head_json":{"title":"P\u00e9nurie d\u2019\u00e9lectricit\u00e9\u2009: recommandation aux membres de la BCS | SBC","description":"P\u00e9nurie d\u2019\u00e9lectricit\u00e9\u2009: recommandation aux membres de la BCS","robots":{"index":"index","follow":"follow","max-snippet":"max-snippet:-1","max-image-preview":"max-image-preview:large","max-video-preview":"max-video-preview:-1"},"canonical":"https:\/\/swissbaker.ch\/fr\/panissimo-news\/penurie-delectricite-recommandation-aux-membres-de-la-bcs\/","og_locale":"fr_FR","og_type":"article","og_title":"P\u00e9nurie d\u2019\u00e9lectricit\u00e9\u2009: recommandation aux membres de la BCS","og_description":"P\u00e9nurie d\u2019\u00e9lectricit\u00e9\u2009: recommandation aux membres de la BCS","og_url":"https:\/\/swissbaker.ch\/fr\/panissimo-news\/penurie-delectricite-recommandation-aux-membres-de-la-bcs\/","og_site_name":"SBC","article_publisher":"https:\/\/www.facebook.com\/swissbaker.ch","article_published_time":"2022-07-13T12:55:41+00:00","article_modified_time":"2022-07-14T09:54:43+00:00","og_image":[{"width":800,"height":474,"url":"https:\/\/swissbaker.ch\/wp-content\/uploads\/2022\/05\/6_1_strohm.jpeg","type":"image\/jpeg"}],"author":"Simon Nussbaum","twitter_card":"summary_large_image","twitter_creator":"@ch_swissbaker","twitter_site":"@ch_swissbaker","twitter_misc":{"Written by":"Simon Nussbaum","Est. reading time":"1 minute"},"schema":{"@context":"https:\/\/schema.org","@graph":[{"@type":"Article","@id":"https:\/\/swissbaker.ch\/fr\/panissimo-news\/penurie-delectricite-recommandation-aux-membres-de-la-bcs\/#article","isPartOf":{"@id":"https:\/\/swissbaker.ch\/fr\/panissimo-news\/penurie-delectricite-recommandation-aux-membres-de-la-bcs\/"},"author":{"name":"Simon Nussbaum","@id":"https:\/\/swissbaker.ch\/fr\/#\/schema\/person\/74bd327b08c18ca6042c02ff6f0ed5e2"},"headline":"P\u00e9nurie d\u2019\u00e9lectricit\u00e9\u2009: recommandation aux membres de la BCS","datePublished":"2022-07-13T12:55:41+00:00","dateModified":"2022-07-14T09:54:43+00:00","mainEntityOfPage":{"@id":"https:\/\/swissbaker.ch\/fr\/panissimo-news\/penurie-delectricite-recommandation-aux-membres-de-la-bcs\/"},"wordCount":112,"commentCount":0,"publisher":{"@id":"https:\/\/swissbaker.ch\/fr\/#organization"},"image":{"@id":"https:\/\/swissbaker.ch\/fr\/panissimo-news\/penurie-delectricite-recommandation-aux-membres-de-la-bcs\/#primaryimage"},"thumbnailUrl":"https:\/\/swissbaker.ch\/wp-content\/uploads\/2022\/05\/6_1_strohm.jpeg","articleSection":["Association","Conseils"],"inLanguage":"fr-FR","potentialAction":[{"@type":"CommentAction","name":"Comment","target":["https:\/\/swissbaker.ch\/fr\/panissimo-news\/penurie-delectricite-recommandation-aux-membres-de-la-bcs\/#respond"]}]},{"@type":"WebPage","@id":"https:\/\/swissbaker.ch\/fr\/panissimo-news\/penurie-delectricite-recommandation-aux-membres-de-la-bcs\/","url":"https:\/\/swissbaker.ch\/fr\/panissimo-news\/penurie-delectricite-recommandation-aux-membres-de-la-bcs\/","name":"P\u00e9nurie d\u2019\u00e9lectricit\u00e9\u2009: recommandation aux membres de la BCS | SBC","isPartOf":{"@id":"https:\/\/swissbaker.ch\/fr\/#website"},"primaryImageOfPage":{"@id":"https:\/\/swissbaker.ch\/fr\/panissimo-news\/penurie-delectricite-recommandation-aux-membres-de-la-bcs\/#primaryimage"},"image":{"@id":"https:\/\/swissbaker.ch\/fr\/panissimo-news\/penurie-delectricite-recommandation-aux-membres-de-la-bcs\/#primaryimage"},"thumbnailUrl":"https:\/\/swissbaker.ch\/wp-content\/uploads\/2022\/05\/6_1_strohm.jpeg","datePublished":"2022-07-13T12:55:41+00:00","dateModified":"2022-07-14T09:54:43+00:00","description":"P\u00e9nurie d\u2019\u00e9lectricit\u00e9\u2009: recommandation aux membres de la BCS","breadcrumb":{"@id":"https:\/\/swissbaker.ch\/fr\/panissimo-news\/penurie-delectricite-recommandation-aux-membres-de-la-bcs\/#breadcrumb"},"inLanguage":"fr-FR","potentialAction":[{"@type":"ReadAction","target":["https:\/\/swissbaker.ch\/fr\/panissimo-news\/penurie-delectricite-recommandation-aux-membres-de-la-bcs\/"]}]},{"@type":"ImageObject","inLanguage":"fr-FR","@id":"https:\/\/swissbaker.ch\/fr\/panissimo-news\/penurie-delectricite-recommandation-aux-membres-de-la-bcs\/#primaryimage","url":"https:\/\/swissbaker.ch\/wp-content\/uploads\/2022\/05\/6_1_strohm.jpeg","contentUrl":"https:\/\/swissbaker.ch\/wp-content\/uploads\/2022\/05\/6_1_strohm.jpeg","width":800,"height":474,"caption":"Carenza di energia"},{"@type":"BreadcrumbList","@id":"https:\/\/swissbaker.ch\/fr\/panissimo-news\/penurie-delectricite-recommandation-aux-membres-de-la-bcs\/#breadcrumb","itemListElement":[{"@type":"ListItem","position":1,"name":"","item":"https:\/\/swissbaker.ch\/fr\/"},{"@type":"ListItem","position":2,"name":"Association","item":"https:\/\/swissbaker.ch\/fr\/panissimo-news\/category\/association\/"},{"@type":"ListItem","position":3,"name":"P\u00e9nurie d\u2019\u00e9lectricit\u00e9\u2009: recommandation aux membres de la BCS"}]},{"@type":"WebSite","@id":"https:\/\/swissbaker.ch\/fr\/#website","url":"https:\/\/swissbaker.ch\/fr\/","name":"SBC","description":"","publisher":{"@id":"https:\/\/swissbaker.ch\/fr\/#organization"},"potentialAction":[{"@type":"SearchAction","target":{"@type":"EntryPoint","urlTemplate":"https:\/\/swissbaker.ch\/fr\/?s={search_term_string}"},"query-input":{"@type":"PropertyValueSpecification","valueRequired":true,"valueName":"search_term_string"}}],"inLanguage":"fr-FR"},{"@type":"Organization","@id":"https:\/\/swissbaker.ch\/fr\/#organization","name":"Schweizerischer B\u00e4cker-Confiseurmeister-Verband","url":"https:\/\/swissbaker.ch\/fr\/","logo":{"@type":"ImageObject","inLanguage":"fr-FR","@id":"https:\/\/swissbaker.ch\/fr\/#\/schema\/logo\/image\/","url":"https:\/\/swissbaker.ch\/wp-content\/uploads\/2022\/04\/sbc-logo-yoast.jpg","contentUrl":"https:\/\/swissbaker.ch\/wp-content\/uploads\/2022\/04\/sbc-logo-yoast.jpg","width":512,"height":512,"caption":"Schweizerischer B\u00e4cker-Confiseurmeister-Verband"},"image":{"@id":"https:\/\/swissbaker.ch\/fr\/#\/schema\/logo\/image\/"},"sameAs":["https:\/\/www.facebook.com\/swissbaker.ch","https:\/\/x.com\/ch_swissbaker"]},{"@type":"Person","@id":"https:\/\/swissbaker.ch\/fr\/#\/schema\/person\/74bd327b08c18ca6042c02ff6f0ed5e2","name":"Simon Nussbaum","image":{"@type":"ImageObject","inLanguage":"fr-FR","@id":"https:\/\/swissbaker.ch\/fr\/#\/schema\/person\/image\/","url":"https:\/\/secure.gravatar.com\/avatar\/df0eced3bb556c806cb760cf503ade1ed1df25b4104d80d6fd28d93a9509aa12?s=96&d=mm&r=g","contentUrl":"https:\/\/secure.gravatar.com\/avatar\/df0eced3bb556c806cb760cf503ade1ed1df25b4104d80d6fd28d93a9509aa12?s=96&d=mm&r=g","caption":"Simon Nussbaum"},"url":"https:\/\/swissbaker.ch\/fr\/panissimo-news\/author\/simon-nussbaum\/"}]}},"_links":{"self":[{"href":"https:\/\/swissbaker.ch\/fr\/wp-json\/wp\/v2\/posts\/43825","targetHints":{"allow":["GET"]}}],"collection":[{"href":"https:\/\/swissbaker.ch\/fr\/wp-json\/wp\/v2\/posts"}],"about":[{"href":"https:\/\/swissbaker.ch\/fr\/wp-json\/wp\/v2\/types\/post"}],"author":[{"embeddable":true,"href":"https:\/\/swissbaker.ch\/fr\/wp-json\/wp\/v2\/users\/5"}],"replies":[{"embeddable":true,"href":"https:\/\/swissbaker.ch\/fr\/wp-json\/wp\/v2\/comments?post=43825"}],"version-history":[{"count":0,"href":"https:\/\/swissbaker.ch\/fr\/wp-json\/wp\/v2\/posts\/43825\/revisions"}],"wp:featuredmedia":[{"embeddable":true,"href":"https:\/\/swissbaker.ch\/fr\/wp-json\/wp\/v2\/media\/11301"}],"wp:attachment":[{"href":"https:\/\/swissbaker.ch\/fr\/wp-json\/wp\/v2\/media?parent=43825"}],"wp:term":[{"taxonomy":"category","embeddable":true,"href":"https:\/\/swissbaker.ch\/fr\/wp-json\/wp\/v2\/categories?post=43825"},{"taxonomy":"post_tag","embeddable":true,"href":"https:\/\/swissbaker.ch\/fr\/wp-json\/wp\/v2\/tags?post=43825"}],"curies":[{"name":"wp","href":"https:\/\/api.w.org\/{rel}","templated":true}]}}