{"id":43734,"date":"2022-07-14T08:16:49","date_gmt":"2022-07-14T06:16:49","guid":{"rendered":"https:\/\/swissbaker.ch\/?p=43734"},"modified":"2022-07-14T15:03:53","modified_gmt":"2022-07-14T13:03:53","slug":"fete-des-fetes-au-ballenberg-avec-les-boulangers-confiseurs-vaudois","status":"publish","type":"post","link":"https:\/\/swissbaker.ch\/fr\/panissimo-news\/fete-des-fetes-au-ballenberg-avec-les-boulangers-confiseurs-vaudois\/","title":{"rendered":"F\u00eate des f\u00eates au Ballenberg avec les boulangers-confiseurs vaudois"},"content":{"rendered":"\n<p><strong>Les week-ends des 24 et 25 septembre et des 1er et 2 octobre, le Mus\u00e9e suisse en plein air Ballenberg \u00e0 Brienz (BE) convie la population \u00e0 une exp\u00e9rience interg\u00e9n\u00e9rationnelle sous le titre \u00ab F\u00eate des f\u00eates \u00bb.<\/strong><br><\/p>\n\n\n\n<figure class=\"wp-block-embed is-type-video is-provider-vimeo wp-block-embed-vimeo wp-embed-aspect-16-9 wp-has-aspect-ratio\"><div class=\"wp-block-embed__wrapper\">\n<iframe title=\"F&amp;ecirc;te des moissons VD (1080p)\" src=\"https:\/\/player.vimeo.com\/video\/726969063?h=796a879f8c&amp;dnt=1&amp;app_id=122963\" width=\"800\" height=\"450\" frameborder=\"0\" allow=\"autoplay; fullscreen; picture-in-picture\" allowfullscreen><\/iframe>\n<\/div><\/figure>\n\n\n\n<p>Quinze f\u00eates et traditions r\u00e9gionales automnales des quatre coins de la Suisse se donnent rendez-vous au Ballenberg: les villages et les villes, les communaut\u00e9s de vall\u00e9e, les coop\u00e9ratives d\u2019alpage et les associations sont au centre de cette manifestation. Pour une fois, ils font vivre et savourer ensemble des morceaux de leurs coutumes festives automnales et de leur patrimoine culinaire et culturel. L&#8217;une des f\u00eates, la F\u00eate des Moissons, est organis\u00e9e par l&#8217;association cantonale vaudoise et son secr\u00e9taire Yves Girard.<br><a href=\"https:\/\/www.ballenberg.ch\/de\/agenda\/875\" target=\"_blank\" rel=\"noreferrer noopener\">Billets et <\/a><a href=\"https:\/\/www.ballenberg.ch\/fr\/agenda\/875\" target=\"_blank\" rel=\"noreferrer noopener\">informations <\/a><\/p>\n","protected":false},"excerpt":{"rendered":"<p>Les week-ends des 24 et 25 septembre et des 1er et 2 octobre, le Mus\u00e9e suisse en plein air Ballenberg \u00e0 Brienz (BE) convie la population \u00e0 une exp\u00e9rience interg\u00e9n\u00e9rationnelle sous le titre \u00ab F\u00eate des f\u00eates \u00bb.<\/p>\n","protected":false},"author":5,"featured_media":43731,"comment_status":"open","ping_status":"closed","sticky":true,"template":"","format":"standard","meta":{"_acf_changed":false,"footnotes":""},"categories":[40,46],"tags":[],"class_list":["post-43734","post","type-post","status-publish","format-standard","has-post-thumbnail","hentry","category-des-cantons","category-evenement"],"acf":[],"yoast_head":"<!-- This site is optimized with the Yoast SEO Premium plugin v26.8 (Yoast SEO v26.8) - https:\/\/yoast.com\/product\/yoast-seo-premium-wordpress\/ -->\n<title>F\u00eate des f\u00eates au Ballenberg avec les boulangers-confiseurs vaudois | SBC<\/title>\n<meta name=\"description\" content=\"F\u00eate des f\u00eates au Ballenberg avec les boulangers-confiseurs vaudois\" \/>\n<meta name=\"robots\" content=\"index, follow, max-snippet:-1, max-image-preview:large, max-video-preview:-1\" \/>\n<link rel=\"canonical\" href=\"https:\/\/swissbaker.ch\/fr\/panissimo-news\/fete-des-fetes-au-ballenberg-avec-les-boulangers-confiseurs-vaudois\/\" \/>\n<meta property=\"og:locale\" content=\"fr_FR\" \/>\n<meta property=\"og:type\" content=\"article\" \/>\n<meta property=\"og:title\" content=\"F\u00eate des f\u00eates au Ballenberg avec les boulangers-confiseurs vaudois\" \/>\n<meta property=\"og:description\" content=\"F\u00eate des f\u00eates au Ballenberg avec les boulangers-confiseurs vaudois\" \/>\n<meta property=\"og:url\" content=\"https:\/\/swissbaker.ch\/fr\/panissimo-news\/fete-des-fetes-au-ballenberg-avec-les-boulangers-confiseurs-vaudois\/\" \/>\n<meta property=\"og:site_name\" content=\"SBC\" \/>\n<meta property=\"article:publisher\" content=\"https:\/\/www.facebook.com\/swissbaker.ch\" \/>\n<meta property=\"article:published_time\" content=\"2022-07-14T06:16:49+00:00\" \/>\n<meta property=\"article:modified_time\" content=\"2022-07-14T13:03:53+00:00\" \/>\n<meta property=\"og:image\" content=\"https:\/\/swissbaker.ch\/wp-content\/uploads\/2022\/07\/14_1_fdf_yves_girard.jpg\" \/>\n\t<meta property=\"og:image:width\" content=\"1200\" \/>\n\t<meta property=\"og:image:height\" content=\"712\" \/>\n\t<meta property=\"og:image:type\" content=\"image\/jpeg\" \/>\n<meta name=\"author\" content=\"Simon Nussbaum\" \/>\n<meta name=\"twitter:card\" content=\"summary_large_image\" \/>\n<meta name=\"twitter:creator\" content=\"@ch_swissbaker\" \/>\n<meta name=\"twitter:site\" content=\"@ch_swissbaker\" \/>\n<meta name=\"twitter:label1\" content=\"Written by\" \/>\n\t<meta name=\"twitter:data1\" content=\"Simon Nussbaum\" \/>\n\t<meta name=\"twitter:label2\" content=\"Est. reading time\" \/>\n\t<meta name=\"twitter:data2\" content=\"1 minute\" \/>\n<script type=\"application\/ld+json\" class=\"yoast-schema-graph\">{\"@context\":\"https:\/\/schema.org\",\"@graph\":[{\"@type\":\"Article\",\"@id\":\"https:\/\/swissbaker.ch\/fr\/panissimo-news\/fete-des-fetes-au-ballenberg-avec-les-boulangers-confiseurs-vaudois\/#article\",\"isPartOf\":{\"@id\":\"https:\/\/swissbaker.ch\/fr\/panissimo-news\/fete-des-fetes-au-ballenberg-avec-les-boulangers-confiseurs-vaudois\/\"},\"author\":{\"name\":\"Simon Nussbaum\",\"@id\":\"https:\/\/swissbaker.ch\/fr\/#\/schema\/person\/74bd327b08c18ca6042c02ff6f0ed5e2\"},\"headline\":\"F\u00eate des f\u00eates au Ballenberg avec les boulangers-confiseurs vaudois\",\"datePublished\":\"2022-07-14T06:16:49+00:00\",\"dateModified\":\"2022-07-14T13:03:53+00:00\",\"mainEntityOfPage\":{\"@id\":\"https:\/\/swissbaker.ch\/fr\/panissimo-news\/fete-des-fetes-au-ballenberg-avec-les-boulangers-confiseurs-vaudois\/\"},\"wordCount\":153,\"commentCount\":0,\"publisher\":{\"@id\":\"https:\/\/swissbaker.ch\/fr\/#organization\"},\"image\":{\"@id\":\"https:\/\/swissbaker.ch\/fr\/panissimo-news\/fete-des-fetes-au-ballenberg-avec-les-boulangers-confiseurs-vaudois\/#primaryimage\"},\"thumbnailUrl\":\"https:\/\/swissbaker.ch\/wp-content\/uploads\/2022\/07\/14_1_fdf_yves_girard.jpg\",\"articleSection\":[\"Des cantons\",\"Ev\u00e9nement\"],\"inLanguage\":\"fr-FR\",\"potentialAction\":[{\"@type\":\"CommentAction\",\"name\":\"Comment\",\"target\":[\"https:\/\/swissbaker.ch\/fr\/panissimo-news\/fete-des-fetes-au-ballenberg-avec-les-boulangers-confiseurs-vaudois\/#respond\"]}]},{\"@type\":\"WebPage\",\"@id\":\"https:\/\/swissbaker.ch\/fr\/panissimo-news\/fete-des-fetes-au-ballenberg-avec-les-boulangers-confiseurs-vaudois\/\",\"url\":\"https:\/\/swissbaker.ch\/fr\/panissimo-news\/fete-des-fetes-au-ballenberg-avec-les-boulangers-confiseurs-vaudois\/\",\"name\":\"F\u00eate des f\u00eates au Ballenberg avec les boulangers-confiseurs vaudois | SBC\",\"isPartOf\":{\"@id\":\"https:\/\/swissbaker.ch\/fr\/#website\"},\"primaryImageOfPage\":{\"@id\":\"https:\/\/swissbaker.ch\/fr\/panissimo-news\/fete-des-fetes-au-ballenberg-avec-les-boulangers-confiseurs-vaudois\/#primaryimage\"},\"image\":{\"@id\":\"https:\/\/swissbaker.ch\/fr\/panissimo-news\/fete-des-fetes-au-ballenberg-avec-les-boulangers-confiseurs-vaudois\/#primaryimage\"},\"thumbnailUrl\":\"https:\/\/swissbaker.ch\/wp-content\/uploads\/2022\/07\/14_1_fdf_yves_girard.jpg\",\"datePublished\":\"2022-07-14T06:16:49+00:00\",\"dateModified\":\"2022-07-14T13:03:53+00:00\",\"description\":\"F\u00eate des f\u00eates au Ballenberg avec les boulangers-confiseurs vaudois\",\"breadcrumb\":{\"@id\":\"https:\/\/swissbaker.ch\/fr\/panissimo-news\/fete-des-fetes-au-ballenberg-avec-les-boulangers-confiseurs-vaudois\/#breadcrumb\"},\"inLanguage\":\"fr-FR\",\"potentialAction\":[{\"@type\":\"ReadAction\",\"target\":[\"https:\/\/swissbaker.ch\/fr\/panissimo-news\/fete-des-fetes-au-ballenberg-avec-les-boulangers-confiseurs-vaudois\/\"]}]},{\"@type\":\"ImageObject\",\"inLanguage\":\"fr-FR\",\"@id\":\"https:\/\/swissbaker.ch\/fr\/panissimo-news\/fete-des-fetes-au-ballenberg-avec-les-boulangers-confiseurs-vaudois\/#primaryimage\",\"url\":\"https:\/\/swissbaker.ch\/wp-content\/uploads\/2022\/07\/14_1_fdf_yves_girard.jpg\",\"contentUrl\":\"https:\/\/swissbaker.ch\/wp-content\/uploads\/2022\/07\/14_1_fdf_yves_girard.jpg\",\"width\":1200,\"height\":712},{\"@type\":\"BreadcrumbList\",\"@id\":\"https:\/\/swissbaker.ch\/fr\/panissimo-news\/fete-des-fetes-au-ballenberg-avec-les-boulangers-confiseurs-vaudois\/#breadcrumb\",\"itemListElement\":[{\"@type\":\"ListItem\",\"position\":1,\"name\":\"\",\"item\":\"https:\/\/swissbaker.ch\/fr\/\"},{\"@type\":\"ListItem\",\"position\":2,\"name\":\"Ev\u00e9nement\",\"item\":\"https:\/\/swissbaker.ch\/fr\/panissimo-news\/category\/evenement\/\"},{\"@type\":\"ListItem\",\"position\":3,\"name\":\"F\u00eate des f\u00eates au Ballenberg avec les boulangers-confiseurs vaudois\"}]},{\"@type\":\"WebSite\",\"@id\":\"https:\/\/swissbaker.ch\/fr\/#website\",\"url\":\"https:\/\/swissbaker.ch\/fr\/\",\"name\":\"SBC\",\"description\":\"\",\"publisher\":{\"@id\":\"https:\/\/swissbaker.ch\/fr\/#organization\"},\"potentialAction\":[{\"@type\":\"SearchAction\",\"target\":{\"@type\":\"EntryPoint\",\"urlTemplate\":\"https:\/\/swissbaker.ch\/fr\/?s={search_term_string}\"},\"query-input\":{\"@type\":\"PropertyValueSpecification\",\"valueRequired\":true,\"valueName\":\"search_term_string\"}}],\"inLanguage\":\"fr-FR\"},{\"@type\":\"Organization\",\"@id\":\"https:\/\/swissbaker.ch\/fr\/#organization\",\"name\":\"Schweizerischer B\u00e4cker-Confiseurmeister-Verband\",\"url\":\"https:\/\/swissbaker.ch\/fr\/\",\"logo\":{\"@type\":\"ImageObject\",\"inLanguage\":\"fr-FR\",\"@id\":\"https:\/\/swissbaker.ch\/fr\/#\/schema\/logo\/image\/\",\"url\":\"https:\/\/swissbaker.ch\/wp-content\/uploads\/2022\/04\/sbc-logo-yoast.jpg\",\"contentUrl\":\"https:\/\/swissbaker.ch\/wp-content\/uploads\/2022\/04\/sbc-logo-yoast.jpg\",\"width\":512,\"height\":512,\"caption\":\"Schweizerischer B\u00e4cker-Confiseurmeister-Verband\"},\"image\":{\"@id\":\"https:\/\/swissbaker.ch\/fr\/#\/schema\/logo\/image\/\"},\"sameAs\":[\"https:\/\/www.facebook.com\/swissbaker.ch\",\"https:\/\/x.com\/ch_swissbaker\"]},{\"@type\":\"Person\",\"@id\":\"https:\/\/swissbaker.ch\/fr\/#\/schema\/person\/74bd327b08c18ca6042c02ff6f0ed5e2\",\"name\":\"Simon Nussbaum\",\"image\":{\"@type\":\"ImageObject\",\"inLanguage\":\"fr-FR\",\"@id\":\"https:\/\/swissbaker.ch\/fr\/#\/schema\/person\/image\/\",\"url\":\"https:\/\/secure.gravatar.com\/avatar\/df0eced3bb556c806cb760cf503ade1ed1df25b4104d80d6fd28d93a9509aa12?s=96&d=mm&r=g\",\"contentUrl\":\"https:\/\/secure.gravatar.com\/avatar\/df0eced3bb556c806cb760cf503ade1ed1df25b4104d80d6fd28d93a9509aa12?s=96&d=mm&r=g\",\"caption\":\"Simon Nussbaum\"},\"url\":\"https:\/\/swissbaker.ch\/fr\/panissimo-news\/author\/simon-nussbaum\/\"}]}<\/script>\n<!-- \/ Yoast SEO Premium plugin. -->","yoast_head_json":{"title":"F\u00eate des f\u00eates au Ballenberg avec les boulangers-confiseurs vaudois | SBC","description":"F\u00eate des f\u00eates au Ballenberg avec les boulangers-confiseurs vaudois","robots":{"index":"index","follow":"follow","max-snippet":"max-snippet:-1","max-image-preview":"max-image-preview:large","max-video-preview":"max-video-preview:-1"},"canonical":"https:\/\/swissbaker.ch\/fr\/panissimo-news\/fete-des-fetes-au-ballenberg-avec-les-boulangers-confiseurs-vaudois\/","og_locale":"fr_FR","og_type":"article","og_title":"F\u00eate des f\u00eates au Ballenberg avec les boulangers-confiseurs vaudois","og_description":"F\u00eate des f\u00eates au Ballenberg avec les boulangers-confiseurs vaudois","og_url":"https:\/\/swissbaker.ch\/fr\/panissimo-news\/fete-des-fetes-au-ballenberg-avec-les-boulangers-confiseurs-vaudois\/","og_site_name":"SBC","article_publisher":"https:\/\/www.facebook.com\/swissbaker.ch","article_published_time":"2022-07-14T06:16:49+00:00","article_modified_time":"2022-07-14T13:03:53+00:00","og_image":[{"width":1200,"height":712,"url":"https:\/\/swissbaker.ch\/wp-content\/uploads\/2022\/07\/14_1_fdf_yves_girard.jpg","type":"image\/jpeg"}],"author":"Simon Nussbaum","twitter_card":"summary_large_image","twitter_creator":"@ch_swissbaker","twitter_site":"@ch_swissbaker","twitter_misc":{"Written by":"Simon Nussbaum","Est. reading time":"1 minute"},"schema":{"@context":"https:\/\/schema.org","@graph":[{"@type":"Article","@id":"https:\/\/swissbaker.ch\/fr\/panissimo-news\/fete-des-fetes-au-ballenberg-avec-les-boulangers-confiseurs-vaudois\/#article","isPartOf":{"@id":"https:\/\/swissbaker.ch\/fr\/panissimo-news\/fete-des-fetes-au-ballenberg-avec-les-boulangers-confiseurs-vaudois\/"},"author":{"name":"Simon Nussbaum","@id":"https:\/\/swissbaker.ch\/fr\/#\/schema\/person\/74bd327b08c18ca6042c02ff6f0ed5e2"},"headline":"F\u00eate des f\u00eates au Ballenberg avec les boulangers-confiseurs vaudois","datePublished":"2022-07-14T06:16:49+00:00","dateModified":"2022-07-14T13:03:53+00:00","mainEntityOfPage":{"@id":"https:\/\/swissbaker.ch\/fr\/panissimo-news\/fete-des-fetes-au-ballenberg-avec-les-boulangers-confiseurs-vaudois\/"},"wordCount":153,"commentCount":0,"publisher":{"@id":"https:\/\/swissbaker.ch\/fr\/#organization"},"image":{"@id":"https:\/\/swissbaker.ch\/fr\/panissimo-news\/fete-des-fetes-au-ballenberg-avec-les-boulangers-confiseurs-vaudois\/#primaryimage"},"thumbnailUrl":"https:\/\/swissbaker.ch\/wp-content\/uploads\/2022\/07\/14_1_fdf_yves_girard.jpg","articleSection":["Des cantons","Ev\u00e9nement"],"inLanguage":"fr-FR","potentialAction":[{"@type":"CommentAction","name":"Comment","target":["https:\/\/swissbaker.ch\/fr\/panissimo-news\/fete-des-fetes-au-ballenberg-avec-les-boulangers-confiseurs-vaudois\/#respond"]}]},{"@type":"WebPage","@id":"https:\/\/swissbaker.ch\/fr\/panissimo-news\/fete-des-fetes-au-ballenberg-avec-les-boulangers-confiseurs-vaudois\/","url":"https:\/\/swissbaker.ch\/fr\/panissimo-news\/fete-des-fetes-au-ballenberg-avec-les-boulangers-confiseurs-vaudois\/","name":"F\u00eate des f\u00eates au Ballenberg avec les boulangers-confiseurs vaudois | SBC","isPartOf":{"@id":"https:\/\/swissbaker.ch\/fr\/#website"},"primaryImageOfPage":{"@id":"https:\/\/swissbaker.ch\/fr\/panissimo-news\/fete-des-fetes-au-ballenberg-avec-les-boulangers-confiseurs-vaudois\/#primaryimage"},"image":{"@id":"https:\/\/swissbaker.ch\/fr\/panissimo-news\/fete-des-fetes-au-ballenberg-avec-les-boulangers-confiseurs-vaudois\/#primaryimage"},"thumbnailUrl":"https:\/\/swissbaker.ch\/wp-content\/uploads\/2022\/07\/14_1_fdf_yves_girard.jpg","datePublished":"2022-07-14T06:16:49+00:00","dateModified":"2022-07-14T13:03:53+00:00","description":"F\u00eate des f\u00eates au Ballenberg avec les boulangers-confiseurs vaudois","breadcrumb":{"@id":"https:\/\/swissbaker.ch\/fr\/panissimo-news\/fete-des-fetes-au-ballenberg-avec-les-boulangers-confiseurs-vaudois\/#breadcrumb"},"inLanguage":"fr-FR","potentialAction":[{"@type":"ReadAction","target":["https:\/\/swissbaker.ch\/fr\/panissimo-news\/fete-des-fetes-au-ballenberg-avec-les-boulangers-confiseurs-vaudois\/"]}]},{"@type":"ImageObject","inLanguage":"fr-FR","@id":"https:\/\/swissbaker.ch\/fr\/panissimo-news\/fete-des-fetes-au-ballenberg-avec-les-boulangers-confiseurs-vaudois\/#primaryimage","url":"https:\/\/swissbaker.ch\/wp-content\/uploads\/2022\/07\/14_1_fdf_yves_girard.jpg","contentUrl":"https:\/\/swissbaker.ch\/wp-content\/uploads\/2022\/07\/14_1_fdf_yves_girard.jpg","width":1200,"height":712},{"@type":"BreadcrumbList","@id":"https:\/\/swissbaker.ch\/fr\/panissimo-news\/fete-des-fetes-au-ballenberg-avec-les-boulangers-confiseurs-vaudois\/#breadcrumb","itemListElement":[{"@type":"ListItem","position":1,"name":"","item":"https:\/\/swissbaker.ch\/fr\/"},{"@type":"ListItem","position":2,"name":"Ev\u00e9nement","item":"https:\/\/swissbaker.ch\/fr\/panissimo-news\/category\/evenement\/"},{"@type":"ListItem","position":3,"name":"F\u00eate des f\u00eates au Ballenberg avec les boulangers-confiseurs vaudois"}]},{"@type":"WebSite","@id":"https:\/\/swissbaker.ch\/fr\/#website","url":"https:\/\/swissbaker.ch\/fr\/","name":"SBC","description":"","publisher":{"@id":"https:\/\/swissbaker.ch\/fr\/#organization"},"potentialAction":[{"@type":"SearchAction","target":{"@type":"EntryPoint","urlTemplate":"https:\/\/swissbaker.ch\/fr\/?s={search_term_string}"},"query-input":{"@type":"PropertyValueSpecification","valueRequired":true,"valueName":"search_term_string"}}],"inLanguage":"fr-FR"},{"@type":"Organization","@id":"https:\/\/swissbaker.ch\/fr\/#organization","name":"Schweizerischer B\u00e4cker-Confiseurmeister-Verband","url":"https:\/\/swissbaker.ch\/fr\/","logo":{"@type":"ImageObject","inLanguage":"fr-FR","@id":"https:\/\/swissbaker.ch\/fr\/#\/schema\/logo\/image\/","url":"https:\/\/swissbaker.ch\/wp-content\/uploads\/2022\/04\/sbc-logo-yoast.jpg","contentUrl":"https:\/\/swissbaker.ch\/wp-content\/uploads\/2022\/04\/sbc-logo-yoast.jpg","width":512,"height":512,"caption":"Schweizerischer B\u00e4cker-Confiseurmeister-Verband"},"image":{"@id":"https:\/\/swissbaker.ch\/fr\/#\/schema\/logo\/image\/"},"sameAs":["https:\/\/www.facebook.com\/swissbaker.ch","https:\/\/x.com\/ch_swissbaker"]},{"@type":"Person","@id":"https:\/\/swissbaker.ch\/fr\/#\/schema\/person\/74bd327b08c18ca6042c02ff6f0ed5e2","name":"Simon Nussbaum","image":{"@type":"ImageObject","inLanguage":"fr-FR","@id":"https:\/\/swissbaker.ch\/fr\/#\/schema\/person\/image\/","url":"https:\/\/secure.gravatar.com\/avatar\/df0eced3bb556c806cb760cf503ade1ed1df25b4104d80d6fd28d93a9509aa12?s=96&d=mm&r=g","contentUrl":"https:\/\/secure.gravatar.com\/avatar\/df0eced3bb556c806cb760cf503ade1ed1df25b4104d80d6fd28d93a9509aa12?s=96&d=mm&r=g","caption":"Simon Nussbaum"},"url":"https:\/\/swissbaker.ch\/fr\/panissimo-news\/author\/simon-nussbaum\/"}]}},"_links":{"self":[{"href":"https:\/\/swissbaker.ch\/fr\/wp-json\/wp\/v2\/posts\/43734","targetHints":{"allow":["GET"]}}],"collection":[{"href":"https:\/\/swissbaker.ch\/fr\/wp-json\/wp\/v2\/posts"}],"about":[{"href":"https:\/\/swissbaker.ch\/fr\/wp-json\/wp\/v2\/types\/post"}],"author":[{"embeddable":true,"href":"https:\/\/swissbaker.ch\/fr\/wp-json\/wp\/v2\/users\/5"}],"replies":[{"embeddable":true,"href":"https:\/\/swissbaker.ch\/fr\/wp-json\/wp\/v2\/comments?post=43734"}],"version-history":[{"count":0,"href":"https:\/\/swissbaker.ch\/fr\/wp-json\/wp\/v2\/posts\/43734\/revisions"}],"wp:featuredmedia":[{"embeddable":true,"href":"https:\/\/swissbaker.ch\/fr\/wp-json\/wp\/v2\/media\/43731"}],"wp:attachment":[{"href":"https:\/\/swissbaker.ch\/fr\/wp-json\/wp\/v2\/media?parent=43734"}],"wp:term":[{"taxonomy":"category","embeddable":true,"href":"https:\/\/swissbaker.ch\/fr\/wp-json\/wp\/v2\/categories?post=43734"},{"taxonomy":"post_tag","embeddable":true,"href":"https:\/\/swissbaker.ch\/fr\/wp-json\/wp\/v2\/tags?post=43734"}],"curies":[{"name":"wp","href":"https:\/\/api.w.org\/{rel}","templated":true}]}}