{"id":42657,"date":"2022-06-30T11:23:27","date_gmt":"2022-06-30T09:23:27","guid":{"rendered":"https:\/\/swissbaker.ch\/?p=42657"},"modified":"2022-06-30T15:50:57","modified_gmt":"2022-06-30T13:50:57","slug":"les-fuger-investissent-dans-lavenir","status":"publish","type":"post","link":"https:\/\/swissbaker.ch\/fr\/panissimo-news\/les-fuger-investissent-dans-lavenir\/","title":{"rendered":"Les F\u00fcger investissent dans l\u2019avenir"},"content":{"rendered":"\n<p><strong>L\u2019entreprise familiale, sise dans la r\u00e9gion de Saint-Gall, a investi dans son avenir ces derni\u00e8res ann\u00e9es. Un nouveau four dans la maison m\u00e8re de M\u00f6rschwil, une nouvelle filiale \u00e0 Saint-Gall et un nouveau syst\u00e8me de caisse sont quelques-unes des mesures par lesquelles la fratrie F\u00fcger, qui s\u2019est vu d\u00e9cerner la couronne boulang\u00e8re en 2017, veut rendre encore plus prosp\u00e8re l\u2019entreprise riche en traditions.<\/strong><\/p>\n\n\n<div class=\"wp-block-image\">\n<figure class=\"aligncenter size-large is-resized\"><img decoding=\"async\" src=\"https:\/\/swissbaker.ch\/wp-content\/uploads\/2022\/06\/13_1_baeckerei_fueger_3-1024x682.jpg\" alt=\"\" class=\"wp-image-42646\" width=\"608\" height=\"405\" srcset=\"https:\/\/swissbaker.ch\/wp-content\/uploads\/2022\/06\/13_1_baeckerei_fueger_3-1024x682.jpg 1024w, https:\/\/swissbaker.ch\/wp-content\/uploads\/2022\/06\/13_1_baeckerei_fueger_3-768x512.jpg 768w, https:\/\/swissbaker.ch\/wp-content\/uploads\/2022\/06\/13_1_baeckerei_fueger_3.jpg 1400w\" sizes=\"(max-width: 608px) 100vw, 608px\" \/><figcaption>Fabian F\u00fcger  sur la terrasse du restaurant \u00e0 Saint-Gall.<\/figcaption><\/figure>\n<\/div>\n\n\n<p>Des ouvriers et des retrait\u00e9s se pr\u00e9lassent autour d\u2019un caf\u00e9 ou d\u2019une boisson rafra\u00eechissante sur l\u2019agr\u00e9able terrasse de la boulangerie F\u00fcger \u00e0 M\u00f6rschwil. Parmi eux se trouve Fabian F\u00fcger, l\u2019un des artisans de l\u2019entreprise familiale F\u00fcger. Il travaille principalement dans le fournil de la maison m\u00e8re de l\u2019entreprise, \u00e0 M\u00f6rschwil, et est responsable de tous les sites de production de la famille F\u00fcger. Son fr\u00e8re Raphael, cuisinier et confiseur de m\u00e9tier, g\u00e8re le restaurant situ\u00e9 au m\u00eame endroit, les deux autres restaurants \u00e0 Saint Gall et Steinach (SG), ainsi que le secteur \u00e9v\u00e8nementiel. Simone, l\u2019\u00e9pouse de Fabian F\u00fcger, s\u2019occupe de l\u2019administration et du personnel.<\/p>\n\n\n\n<blockquote class=\"wp-block-quote\"><p>\u00ab\u2009Nous pouvons maintenant produire de la qualit\u00e9 sans compromis. \u00bb<\/p><cite>Fabian F\u00fcger<\/cite><\/blockquote>\n\n\n\n<p><strong>Un nouveau four pour M\u00f6rschwil<\/strong><br>Un nouveau four est install\u00e9 dans le fournil de M\u00f6rschwil depuis mars\u202f2022. L\u2019ancien avait 30 ans et \u00e9tait devenu trop petit. Le nouveau \u00ab\u2009bolide\u2009\u00bb a quatre niveaux au lieu de trois, et permet \u00e0 la fratrie F\u00fcger de travailler plus rapidement.<\/p>\n\n\n<div class=\"wp-block-image\">\n<figure class=\"aligncenter size-large is-resized\"><img decoding=\"async\" src=\"https:\/\/swissbaker.ch\/wp-content\/uploads\/2022\/06\/13_1_baeckerei_fueger_2-1024x570.jpg\" alt=\"\" class=\"wp-image-42651\" width=\"621\" height=\"345\" srcset=\"https:\/\/swissbaker.ch\/wp-content\/uploads\/2022\/06\/13_1_baeckerei_fueger_2-1024x570.jpg 1024w, https:\/\/swissbaker.ch\/wp-content\/uploads\/2022\/06\/13_1_baeckerei_fueger_2-768x427.jpg 768w, https:\/\/swissbaker.ch\/wp-content\/uploads\/2022\/06\/13_1_baeckerei_fueger_2.jpg 1300w\" sizes=\"(max-width: 621px) 100vw, 621px\" \/><figcaption>Fabian, Simone et Raphael F\u00fcger <\/figcaption><\/figure>\n<\/div>\n\n\n<p>\u00ab\u2009Nous pouvons maintenant produire de la qualit\u00e9 sans compromis\u2009; avec l\u2019ancien four, les produits de boulangerie devaient parfois attendre, ou nous devions les enfourner \u00e0 des temp\u00e9ratures un peu trop basses\u2009\u00bb, explique Fabian F\u00fcger. &#8230;.<\/p>\n\n\n\n<p><a href=\"https:\/\/fueger-handmade.ch\/moerschwil\/\" target=\"_blank\" rel=\"noreferrer noopener\">fueger-handmade.ch<\/a><\/p>\n\n\n\n<p>&#8230; <em>Lisez l&#8217;article complet dans \u00ab Panissimo \u00bb du 1<sup>er<\/sup> juillet 2022.<\/em><\/p>\n\n\n\n<p>Christian B\u00e4rtschi<\/p>\n","protected":false},"excerpt":{"rendered":"<p>L\u2019entreprise familiale, sise dans la r\u00e9gion de Saint-Gall, a investi dans son avenir ces derni\u00e8res ann\u00e9es. Un nouveau four dans la maison m\u00e8re de M\u00f6rschwil, une nouvelle filiale \u00e0 Saint-Gall et un nouveau syst\u00e8me de caisse sont quelques-unes des mesures par lesquelles la fratrie F\u00fcger, qui s\u2019est vu d\u00e9cerner la couronne boulang\u00e8re en 2017, veut rendre encore plus prosp\u00e8re l\u2019entreprise [&hellip;]<\/p>\n","protected":false},"author":5,"featured_media":42649,"comment_status":"open","ping_status":"closed","sticky":true,"template":"","format":"standard","meta":{"_acf_changed":false,"footnotes":""},"categories":[42],"tags":[],"class_list":["post-42657","post","type-post","status-publish","format-standard","has-post-thumbnail","hentry","category-boulangeries-confiseries"],"acf":[],"yoast_head":"<!-- This site is optimized with the Yoast SEO Premium plugin v26.8 (Yoast SEO v26.8) - https:\/\/yoast.com\/product\/yoast-seo-premium-wordpress\/ -->\n<title>Les F\u00fcger investissent dans l\u2019avenir | SBC<\/title>\n<meta name=\"description\" content=\"B\u00e4ckerei F\u00fcger M\u00f6rschwil, Boulangerie\" \/>\n<meta name=\"robots\" content=\"index, follow, max-snippet:-1, max-image-preview:large, max-video-preview:-1\" \/>\n<link rel=\"canonical\" href=\"https:\/\/swissbaker.ch\/fr\/panissimo-news\/les-fuger-investissent-dans-lavenir\/\" \/>\n<meta property=\"og:locale\" content=\"fr_FR\" \/>\n<meta property=\"og:type\" content=\"article\" \/>\n<meta property=\"og:title\" content=\"Les F\u00fcger investissent dans l\u2019avenir\" \/>\n<meta property=\"og:description\" content=\"B\u00e4ckerei F\u00fcger M\u00f6rschwil, Boulangerie\" \/>\n<meta property=\"og:url\" content=\"https:\/\/swissbaker.ch\/fr\/panissimo-news\/les-fuger-investissent-dans-lavenir\/\" \/>\n<meta property=\"og:site_name\" content=\"SBC\" \/>\n<meta property=\"article:publisher\" content=\"https:\/\/www.facebook.com\/swissbaker.ch\" \/>\n<meta property=\"article:published_time\" content=\"2022-06-30T09:23:27+00:00\" \/>\n<meta property=\"article:modified_time\" content=\"2022-06-30T13:50:57+00:00\" \/>\n<meta property=\"og:image\" content=\"https:\/\/swissbaker.ch\/wp-content\/uploads\/2022\/06\/13_1_baeckerei_fueger_1.jpg\" \/>\n\t<meta property=\"og:image:width\" content=\"1400\" \/>\n\t<meta property=\"og:image:height\" content=\"933\" \/>\n\t<meta property=\"og:image:type\" content=\"image\/jpeg\" \/>\n<meta name=\"author\" content=\"Simon Nussbaum\" \/>\n<meta name=\"twitter:card\" content=\"summary_large_image\" \/>\n<meta name=\"twitter:creator\" content=\"@ch_swissbaker\" \/>\n<meta name=\"twitter:site\" content=\"@ch_swissbaker\" \/>\n<meta name=\"twitter:label1\" content=\"Written by\" \/>\n\t<meta name=\"twitter:data1\" content=\"Simon Nussbaum\" \/>\n\t<meta name=\"twitter:label2\" content=\"Est. reading time\" \/>\n\t<meta name=\"twitter:data2\" content=\"2 minutes\" \/>\n<script type=\"application\/ld+json\" class=\"yoast-schema-graph\">{\"@context\":\"https:\/\/schema.org\",\"@graph\":[{\"@type\":\"Article\",\"@id\":\"https:\/\/swissbaker.ch\/fr\/panissimo-news\/les-fuger-investissent-dans-lavenir\/#article\",\"isPartOf\":{\"@id\":\"https:\/\/swissbaker.ch\/fr\/panissimo-news\/les-fuger-investissent-dans-lavenir\/\"},\"author\":{\"name\":\"Simon Nussbaum\",\"@id\":\"https:\/\/swissbaker.ch\/fr\/#\/schema\/person\/74bd327b08c18ca6042c02ff6f0ed5e2\"},\"headline\":\"Les F\u00fcger investissent dans l\u2019avenir\",\"datePublished\":\"2022-06-30T09:23:27+00:00\",\"dateModified\":\"2022-06-30T13:50:57+00:00\",\"mainEntityOfPage\":{\"@id\":\"https:\/\/swissbaker.ch\/fr\/panissimo-news\/les-fuger-investissent-dans-lavenir\/\"},\"wordCount\":333,\"commentCount\":0,\"publisher\":{\"@id\":\"https:\/\/swissbaker.ch\/fr\/#organization\"},\"image\":{\"@id\":\"https:\/\/swissbaker.ch\/fr\/panissimo-news\/les-fuger-investissent-dans-lavenir\/#primaryimage\"},\"thumbnailUrl\":\"https:\/\/swissbaker.ch\/wp-content\/uploads\/2022\/06\/13_1_baeckerei_fueger_1.jpg\",\"articleSection\":[\"Boulangeries\/Confiseries\"],\"inLanguage\":\"fr-FR\",\"potentialAction\":[{\"@type\":\"CommentAction\",\"name\":\"Comment\",\"target\":[\"https:\/\/swissbaker.ch\/fr\/panissimo-news\/les-fuger-investissent-dans-lavenir\/#respond\"]}]},{\"@type\":\"WebPage\",\"@id\":\"https:\/\/swissbaker.ch\/fr\/panissimo-news\/les-fuger-investissent-dans-lavenir\/\",\"url\":\"https:\/\/swissbaker.ch\/fr\/panissimo-news\/les-fuger-investissent-dans-lavenir\/\",\"name\":\"Les F\u00fcger investissent dans l\u2019avenir | SBC\",\"isPartOf\":{\"@id\":\"https:\/\/swissbaker.ch\/fr\/#website\"},\"primaryImageOfPage\":{\"@id\":\"https:\/\/swissbaker.ch\/fr\/panissimo-news\/les-fuger-investissent-dans-lavenir\/#primaryimage\"},\"image\":{\"@id\":\"https:\/\/swissbaker.ch\/fr\/panissimo-news\/les-fuger-investissent-dans-lavenir\/#primaryimage\"},\"thumbnailUrl\":\"https:\/\/swissbaker.ch\/wp-content\/uploads\/2022\/06\/13_1_baeckerei_fueger_1.jpg\",\"datePublished\":\"2022-06-30T09:23:27+00:00\",\"dateModified\":\"2022-06-30T13:50:57+00:00\",\"description\":\"B\u00e4ckerei F\u00fcger M\u00f6rschwil, Boulangerie\",\"breadcrumb\":{\"@id\":\"https:\/\/swissbaker.ch\/fr\/panissimo-news\/les-fuger-investissent-dans-lavenir\/#breadcrumb\"},\"inLanguage\":\"fr-FR\",\"potentialAction\":[{\"@type\":\"ReadAction\",\"target\":[\"https:\/\/swissbaker.ch\/fr\/panissimo-news\/les-fuger-investissent-dans-lavenir\/\"]}]},{\"@type\":\"ImageObject\",\"inLanguage\":\"fr-FR\",\"@id\":\"https:\/\/swissbaker.ch\/fr\/panissimo-news\/les-fuger-investissent-dans-lavenir\/#primaryimage\",\"url\":\"https:\/\/swissbaker.ch\/wp-content\/uploads\/2022\/06\/13_1_baeckerei_fueger_1.jpg\",\"contentUrl\":\"https:\/\/swissbaker.ch\/wp-content\/uploads\/2022\/06\/13_1_baeckerei_fueger_1.jpg\",\"width\":1400,\"height\":933},{\"@type\":\"BreadcrumbList\",\"@id\":\"https:\/\/swissbaker.ch\/fr\/panissimo-news\/les-fuger-investissent-dans-lavenir\/#breadcrumb\",\"itemListElement\":[{\"@type\":\"ListItem\",\"position\":1,\"name\":\"\",\"item\":\"https:\/\/swissbaker.ch\/fr\/\"},{\"@type\":\"ListItem\",\"position\":2,\"name\":\"Boulangeries\/Confiseries\",\"item\":\"https:\/\/swissbaker.ch\/fr\/panissimo-news\/category\/boulangeries-confiseries\/\"},{\"@type\":\"ListItem\",\"position\":3,\"name\":\"Les F\u00fcger investissent dans l\u2019avenir\"}]},{\"@type\":\"WebSite\",\"@id\":\"https:\/\/swissbaker.ch\/fr\/#website\",\"url\":\"https:\/\/swissbaker.ch\/fr\/\",\"name\":\"SBC\",\"description\":\"\",\"publisher\":{\"@id\":\"https:\/\/swissbaker.ch\/fr\/#organization\"},\"potentialAction\":[{\"@type\":\"SearchAction\",\"target\":{\"@type\":\"EntryPoint\",\"urlTemplate\":\"https:\/\/swissbaker.ch\/fr\/?s={search_term_string}\"},\"query-input\":{\"@type\":\"PropertyValueSpecification\",\"valueRequired\":true,\"valueName\":\"search_term_string\"}}],\"inLanguage\":\"fr-FR\"},{\"@type\":\"Organization\",\"@id\":\"https:\/\/swissbaker.ch\/fr\/#organization\",\"name\":\"Schweizerischer B\u00e4cker-Confiseurmeister-Verband\",\"url\":\"https:\/\/swissbaker.ch\/fr\/\",\"logo\":{\"@type\":\"ImageObject\",\"inLanguage\":\"fr-FR\",\"@id\":\"https:\/\/swissbaker.ch\/fr\/#\/schema\/logo\/image\/\",\"url\":\"https:\/\/swissbaker.ch\/wp-content\/uploads\/2022\/04\/sbc-logo-yoast.jpg\",\"contentUrl\":\"https:\/\/swissbaker.ch\/wp-content\/uploads\/2022\/04\/sbc-logo-yoast.jpg\",\"width\":512,\"height\":512,\"caption\":\"Schweizerischer B\u00e4cker-Confiseurmeister-Verband\"},\"image\":{\"@id\":\"https:\/\/swissbaker.ch\/fr\/#\/schema\/logo\/image\/\"},\"sameAs\":[\"https:\/\/www.facebook.com\/swissbaker.ch\",\"https:\/\/x.com\/ch_swissbaker\"]},{\"@type\":\"Person\",\"@id\":\"https:\/\/swissbaker.ch\/fr\/#\/schema\/person\/74bd327b08c18ca6042c02ff6f0ed5e2\",\"name\":\"Simon Nussbaum\",\"image\":{\"@type\":\"ImageObject\",\"inLanguage\":\"fr-FR\",\"@id\":\"https:\/\/swissbaker.ch\/fr\/#\/schema\/person\/image\/\",\"url\":\"https:\/\/secure.gravatar.com\/avatar\/df0eced3bb556c806cb760cf503ade1ed1df25b4104d80d6fd28d93a9509aa12?s=96&d=mm&r=g\",\"contentUrl\":\"https:\/\/secure.gravatar.com\/avatar\/df0eced3bb556c806cb760cf503ade1ed1df25b4104d80d6fd28d93a9509aa12?s=96&d=mm&r=g\",\"caption\":\"Simon Nussbaum\"},\"url\":\"https:\/\/swissbaker.ch\/fr\/panissimo-news\/author\/simon-nussbaum\/\"}]}<\/script>\n<!-- \/ Yoast SEO Premium plugin. -->","yoast_head_json":{"title":"Les F\u00fcger investissent dans l\u2019avenir | SBC","description":"B\u00e4ckerei F\u00fcger M\u00f6rschwil, Boulangerie","robots":{"index":"index","follow":"follow","max-snippet":"max-snippet:-1","max-image-preview":"max-image-preview:large","max-video-preview":"max-video-preview:-1"},"canonical":"https:\/\/swissbaker.ch\/fr\/panissimo-news\/les-fuger-investissent-dans-lavenir\/","og_locale":"fr_FR","og_type":"article","og_title":"Les F\u00fcger investissent dans l\u2019avenir","og_description":"B\u00e4ckerei F\u00fcger M\u00f6rschwil, Boulangerie","og_url":"https:\/\/swissbaker.ch\/fr\/panissimo-news\/les-fuger-investissent-dans-lavenir\/","og_site_name":"SBC","article_publisher":"https:\/\/www.facebook.com\/swissbaker.ch","article_published_time":"2022-06-30T09:23:27+00:00","article_modified_time":"2022-06-30T13:50:57+00:00","og_image":[{"width":1400,"height":933,"url":"https:\/\/swissbaker.ch\/wp-content\/uploads\/2022\/06\/13_1_baeckerei_fueger_1.jpg","type":"image\/jpeg"}],"author":"Simon Nussbaum","twitter_card":"summary_large_image","twitter_creator":"@ch_swissbaker","twitter_site":"@ch_swissbaker","twitter_misc":{"Written by":"Simon Nussbaum","Est. reading time":"2 minutes"},"schema":{"@context":"https:\/\/schema.org","@graph":[{"@type":"Article","@id":"https:\/\/swissbaker.ch\/fr\/panissimo-news\/les-fuger-investissent-dans-lavenir\/#article","isPartOf":{"@id":"https:\/\/swissbaker.ch\/fr\/panissimo-news\/les-fuger-investissent-dans-lavenir\/"},"author":{"name":"Simon Nussbaum","@id":"https:\/\/swissbaker.ch\/fr\/#\/schema\/person\/74bd327b08c18ca6042c02ff6f0ed5e2"},"headline":"Les F\u00fcger investissent dans l\u2019avenir","datePublished":"2022-06-30T09:23:27+00:00","dateModified":"2022-06-30T13:50:57+00:00","mainEntityOfPage":{"@id":"https:\/\/swissbaker.ch\/fr\/panissimo-news\/les-fuger-investissent-dans-lavenir\/"},"wordCount":333,"commentCount":0,"publisher":{"@id":"https:\/\/swissbaker.ch\/fr\/#organization"},"image":{"@id":"https:\/\/swissbaker.ch\/fr\/panissimo-news\/les-fuger-investissent-dans-lavenir\/#primaryimage"},"thumbnailUrl":"https:\/\/swissbaker.ch\/wp-content\/uploads\/2022\/06\/13_1_baeckerei_fueger_1.jpg","articleSection":["Boulangeries\/Confiseries"],"inLanguage":"fr-FR","potentialAction":[{"@type":"CommentAction","name":"Comment","target":["https:\/\/swissbaker.ch\/fr\/panissimo-news\/les-fuger-investissent-dans-lavenir\/#respond"]}]},{"@type":"WebPage","@id":"https:\/\/swissbaker.ch\/fr\/panissimo-news\/les-fuger-investissent-dans-lavenir\/","url":"https:\/\/swissbaker.ch\/fr\/panissimo-news\/les-fuger-investissent-dans-lavenir\/","name":"Les F\u00fcger investissent dans l\u2019avenir | SBC","isPartOf":{"@id":"https:\/\/swissbaker.ch\/fr\/#website"},"primaryImageOfPage":{"@id":"https:\/\/swissbaker.ch\/fr\/panissimo-news\/les-fuger-investissent-dans-lavenir\/#primaryimage"},"image":{"@id":"https:\/\/swissbaker.ch\/fr\/panissimo-news\/les-fuger-investissent-dans-lavenir\/#primaryimage"},"thumbnailUrl":"https:\/\/swissbaker.ch\/wp-content\/uploads\/2022\/06\/13_1_baeckerei_fueger_1.jpg","datePublished":"2022-06-30T09:23:27+00:00","dateModified":"2022-06-30T13:50:57+00:00","description":"B\u00e4ckerei F\u00fcger M\u00f6rschwil, Boulangerie","breadcrumb":{"@id":"https:\/\/swissbaker.ch\/fr\/panissimo-news\/les-fuger-investissent-dans-lavenir\/#breadcrumb"},"inLanguage":"fr-FR","potentialAction":[{"@type":"ReadAction","target":["https:\/\/swissbaker.ch\/fr\/panissimo-news\/les-fuger-investissent-dans-lavenir\/"]}]},{"@type":"ImageObject","inLanguage":"fr-FR","@id":"https:\/\/swissbaker.ch\/fr\/panissimo-news\/les-fuger-investissent-dans-lavenir\/#primaryimage","url":"https:\/\/swissbaker.ch\/wp-content\/uploads\/2022\/06\/13_1_baeckerei_fueger_1.jpg","contentUrl":"https:\/\/swissbaker.ch\/wp-content\/uploads\/2022\/06\/13_1_baeckerei_fueger_1.jpg","width":1400,"height":933},{"@type":"BreadcrumbList","@id":"https:\/\/swissbaker.ch\/fr\/panissimo-news\/les-fuger-investissent-dans-lavenir\/#breadcrumb","itemListElement":[{"@type":"ListItem","position":1,"name":"","item":"https:\/\/swissbaker.ch\/fr\/"},{"@type":"ListItem","position":2,"name":"Boulangeries\/Confiseries","item":"https:\/\/swissbaker.ch\/fr\/panissimo-news\/category\/boulangeries-confiseries\/"},{"@type":"ListItem","position":3,"name":"Les F\u00fcger investissent dans l\u2019avenir"}]},{"@type":"WebSite","@id":"https:\/\/swissbaker.ch\/fr\/#website","url":"https:\/\/swissbaker.ch\/fr\/","name":"SBC","description":"","publisher":{"@id":"https:\/\/swissbaker.ch\/fr\/#organization"},"potentialAction":[{"@type":"SearchAction","target":{"@type":"EntryPoint","urlTemplate":"https:\/\/swissbaker.ch\/fr\/?s={search_term_string}"},"query-input":{"@type":"PropertyValueSpecification","valueRequired":true,"valueName":"search_term_string"}}],"inLanguage":"fr-FR"},{"@type":"Organization","@id":"https:\/\/swissbaker.ch\/fr\/#organization","name":"Schweizerischer B\u00e4cker-Confiseurmeister-Verband","url":"https:\/\/swissbaker.ch\/fr\/","logo":{"@type":"ImageObject","inLanguage":"fr-FR","@id":"https:\/\/swissbaker.ch\/fr\/#\/schema\/logo\/image\/","url":"https:\/\/swissbaker.ch\/wp-content\/uploads\/2022\/04\/sbc-logo-yoast.jpg","contentUrl":"https:\/\/swissbaker.ch\/wp-content\/uploads\/2022\/04\/sbc-logo-yoast.jpg","width":512,"height":512,"caption":"Schweizerischer B\u00e4cker-Confiseurmeister-Verband"},"image":{"@id":"https:\/\/swissbaker.ch\/fr\/#\/schema\/logo\/image\/"},"sameAs":["https:\/\/www.facebook.com\/swissbaker.ch","https:\/\/x.com\/ch_swissbaker"]},{"@type":"Person","@id":"https:\/\/swissbaker.ch\/fr\/#\/schema\/person\/74bd327b08c18ca6042c02ff6f0ed5e2","name":"Simon Nussbaum","image":{"@type":"ImageObject","inLanguage":"fr-FR","@id":"https:\/\/swissbaker.ch\/fr\/#\/schema\/person\/image\/","url":"https:\/\/secure.gravatar.com\/avatar\/df0eced3bb556c806cb760cf503ade1ed1df25b4104d80d6fd28d93a9509aa12?s=96&d=mm&r=g","contentUrl":"https:\/\/secure.gravatar.com\/avatar\/df0eced3bb556c806cb760cf503ade1ed1df25b4104d80d6fd28d93a9509aa12?s=96&d=mm&r=g","caption":"Simon Nussbaum"},"url":"https:\/\/swissbaker.ch\/fr\/panissimo-news\/author\/simon-nussbaum\/"}]}},"_links":{"self":[{"href":"https:\/\/swissbaker.ch\/fr\/wp-json\/wp\/v2\/posts\/42657","targetHints":{"allow":["GET"]}}],"collection":[{"href":"https:\/\/swissbaker.ch\/fr\/wp-json\/wp\/v2\/posts"}],"about":[{"href":"https:\/\/swissbaker.ch\/fr\/wp-json\/wp\/v2\/types\/post"}],"author":[{"embeddable":true,"href":"https:\/\/swissbaker.ch\/fr\/wp-json\/wp\/v2\/users\/5"}],"replies":[{"embeddable":true,"href":"https:\/\/swissbaker.ch\/fr\/wp-json\/wp\/v2\/comments?post=42657"}],"version-history":[{"count":0,"href":"https:\/\/swissbaker.ch\/fr\/wp-json\/wp\/v2\/posts\/42657\/revisions"}],"wp:featuredmedia":[{"embeddable":true,"href":"https:\/\/swissbaker.ch\/fr\/wp-json\/wp\/v2\/media\/42649"}],"wp:attachment":[{"href":"https:\/\/swissbaker.ch\/fr\/wp-json\/wp\/v2\/media?parent=42657"}],"wp:term":[{"taxonomy":"category","embeddable":true,"href":"https:\/\/swissbaker.ch\/fr\/wp-json\/wp\/v2\/categories?post=42657"},{"taxonomy":"post_tag","embeddable":true,"href":"https:\/\/swissbaker.ch\/fr\/wp-json\/wp\/v2\/tags?post=42657"}],"curies":[{"name":"wp","href":"https:\/\/api.w.org\/{rel}","templated":true}]}}